{"id":204827,"date":"2019-05-19T05:58:56","date_gmt":"2019-05-19T08:58:56","guid":{"rendered":"https:\/\/franciscanos.org.br\/noticias\/?p=204827"},"modified":"2019-05-19T05:58:56","modified_gmt":"2019-05-19T08:58:56","slug":"frades-menores-divulgam-mensagem-por-ocasiao-do-vesak","status":"publish","type":"post","link":"https:\/\/franciscanos.org.br\/noticias\/frades-menores-divulgam-mensagem-por-ocasiao-do-vesak.html","title":{"rendered":"Frades Menores divulgam mensagem por ocasi\u00e3o do Vesak"},"content":{"rendered":"<p><img loading=\"lazy\" class=\"alignnone wp-image-204828 size-full\" src=\"https:\/\/franciscanos.org.br\/noticias\/wp-content\/uploads\/2019\/05\/vesak-2019_170519.jpg\" alt=\"\" width=\"890\" height=\"500\" srcset=\"https:\/\/franciscanos.org.br\/noticias\/wp-content\/uploads\/2019\/05\/vesak-2019_170519.jpg 890w, https:\/\/franciscanos.org.br\/noticias\/wp-content\/uploads\/2019\/05\/vesak-2019_170519-450x253.jpg 450w, https:\/\/franciscanos.org.br\/noticias\/wp-content\/uploads\/2019\/05\/vesak-2019_170519-768x431.jpg 768w, https:\/\/franciscanos.org.br\/noticias\/wp-content\/uploads\/2019\/05\/vesak-2019_170519-150x84.jpg 150w\" sizes=\"(max-width: 890px) 100vw, 890px\" \/><\/p>\n<p style=\"padding-left: 40px;\"><em>Neste domingo, 19 de maio, os budistas celebram o Vesak \u2013 data que recorda os tr\u00eas momentos fundamentais na vida do Buda \u2013 nascimento, ilumina\u00e7\u00e3o e morte. A celebra\u00e7\u00e3o acontece anualmente, na primeira lua cheia do m\u00eas de maio.<\/em><\/p>\n<p style=\"padding-left: 40px;\"><em>A Comiss\u00e3o para o Di\u00e1logo Ecum\u00eanico e Inter-religioso da Ordem dos Frades Menores divulgou uma mensagem saudando a comunidade budista pela data. Na mensagem, os frades afirmam: \u201cunimo-nos a voc\u00eas em uma aspira\u00e7\u00e3o comum, de que todos podem aprender a viver sob a luz da compaix\u00e3o, da sabedoria e do amor\u201d.<\/em><\/p>\n<p>Queridos irm\u00e3os e irm\u00e3s budistas de todo o mundo,<\/p>\n<p>A paz esteja com voc\u00eas!<\/p>\n<p>Nesta luminosa celebra\u00e7\u00e3o do Vesak, n\u00f3s, Frades Menores, compartilhamos com voc\u00eas a comemora\u00e7\u00e3o do nascimento, a ilumina\u00e7\u00e3o e o falecimento de Siddhartha Gautama, o Buda Shakyamuni.<\/p>\n<p>Gautama Buda ensinou o caminho do conhecimento, da compaix\u00e3o e da liberta\u00e7\u00e3o do sofrimento. Com respeito e gratid\u00e3o, recordamos tudo o que os Bodhisattvas, l\u00edderes e praticantes budistas fizeram ao longo dos s\u00e9culos para elevar a humanidade e buscar o bem-estar de todos os seres.<\/p>\n<p>Regozijamo-nos com voc\u00eas na celebra\u00e7\u00e3o do 16\u00ba anivers\u00e1rio do Dia de Vesak nas Na\u00e7\u00f5es Unidas e da Confer\u00eancia Budista Internacional sobre o tema: \u201cO enfoque budista \u00e0s lideran\u00e7as mundiais e as responsabilidades compartilhadas para sociedades sustent\u00e1veis\u201d, que aconteceu em Ha Nam, no Vietn\u00e3, de 12 a 14 de maio.<\/p>\n<p>Em nosso tempo, existe uma viol\u00eancia incomensur\u00e1vel em nosso entorno, nos lugares p\u00fablicos, espa\u00e7os sagrados, nos lugares e no cora\u00e7\u00e3o das pessoas. Reconhecemos e afirmamos o caminho budista da n\u00e3o-viol\u00eancia, que enfrenta numerosos desafios para conquistar a harmonia e a coexist\u00eancia pac\u00edfica atrav\u00e9s da defesa dos princ\u00edpios da compaix\u00e3o consciente e da dignidade humana.<\/p>\n<p>Como seguidores de Jesus Cristo, exemplo de amor, e como irm\u00e3os de S\u00e3o Francisco de Assis, arauto da paz, tamb\u00e9m compartilhamos estes valores da humanidade. O Papa Francisco nos anima a promover a miseric\u00f3rdia, a defender a dignidade de cada pessoa e que nos responsabilizemos pelo cuidado de nossa Casa Comum.<\/p>\n<p>Em nosso mundo, muitas pessoas permanecem sob a sombra do sofrimento, da ignor\u00e2ncia e o medo. Assim como a flor de l\u00f3tus se eleva sobre as \u00e1guas enlameadas, n\u00f3s, seus Irm\u00e3os Franciscanos, unimo-nos a voc\u00eas em uma aspira\u00e7\u00e3o comum, de que todos podem aprender a viver sob a luz da compaix\u00e3o, da sabedoria e do amor.<\/p>\n<p>Com profunda rever\u00eancia de afeto fraterno, desejamos-lhes a Paz e o Bem.<\/p>\n<p><strong>Comiss\u00e3o para o Di\u00e1logo Ecum\u00eanico e Inter-religioso<\/strong><br \/>\n<strong>Em nome da Ordem dos Frades<\/strong><\/p>\n","protected":false},"excerpt":{"rendered":"<p>Neste domingo, 19 de maio, os budistas celebram o Vesak \u2013 data que recorda os tr\u00eas momentos fundamentais na vida do Buda \u2013 nascimento, ilumina\u00e7\u00e3o e morte. A celebra\u00e7\u00e3o acontece anualmente, na primeira lua cheia do m\u00eas de maio. A Comiss\u00e3o para o Di\u00e1logo Ecum\u00eanico e Inter-religioso da Ordem dos Frades Menores divulgou uma mensagem [&hellip;]<\/p>\n","protected":false},"author":1,"featured_media":204829,"comment_status":"open","ping_status":"open","sticky":false,"template":"","format":"standard","meta":[],"categories":[1],"tags":[397],"acf":[],"yoast_head":"<!-- This site is optimized with the Yoast SEO plugin v19.2 - https:\/\/yoast.com\/wordpress\/plugins\/seo\/ -->\n<title>Frades Menores divulgam mensagem por ocasi\u00e3o do Vesak - Not\u00edcias - Franciscanos<\/title>\n<meta name=\"robots\" content=\"index, follow, max-snippet:-1, max-image-preview:large, max-video-preview:-1\" \/>\n<link rel=\"canonical\" href=\"https:\/\/franciscanos.org.br\/noticias\/frades-menores-divulgam-mensagem-por-ocasiao-do-vesak.html\" \/>\n<meta property=\"og:locale\" content=\"pt_BR\" \/>\n<meta property=\"og:type\" content=\"article\" \/>\n<meta property=\"og:title\" content=\"Frades Menores divulgam mensagem por ocasi\u00e3o do Vesak - Not\u00edcias - Franciscanos\" \/>\n<meta property=\"og:description\" content=\"Neste domingo, 19 de maio, os budistas celebram o Vesak \u2013 data que recorda os tr\u00eas momentos fundamentais na vida do Buda \u2013 nascimento, ilumina\u00e7\u00e3o e morte. A celebra\u00e7\u00e3o acontece anualmente, na primeira lua cheia do m\u00eas de maio. A Comiss\u00e3o para o Di\u00e1logo Ecum\u00eanico e Inter-religioso da Ordem dos Frades Menores divulgou uma mensagem [&hellip;]\" \/>\n<meta property=\"og:url\" content=\"https:\/\/franciscanos.org.br\/noticias\/frades-menores-divulgam-mensagem-por-ocasiao-do-vesak.html\" \/>\n<meta property=\"og:site_name\" content=\"Not\u00edcias - Franciscanos\" \/>\n<meta property=\"article:published_time\" content=\"2019-05-19T08:58:56+00:00\" \/>\n<meta property=\"og:image\" content=\"https:\/\/franciscanos.org.br\/noticias\/wp-content\/uploads\/2019\/05\/vesak-2019_170519_P.jpg\" \/>\n\t<meta property=\"og:image:width\" content=\"273\" \/>\n\t<meta property=\"og:image:height\" content=\"181\" \/>\n\t<meta property=\"og:image:type\" content=\"image\/jpeg\" \/>\n<meta name=\"author\" content=\"admin\" \/>\n<meta name=\"twitter:card\" content=\"summary_large_image\" \/>\n<meta name=\"twitter:label1\" content=\"Escrito por\" \/>\n\t<meta name=\"twitter:data1\" content=\"admin\" \/>\n\t<meta name=\"twitter:label2\" content=\"Est. tempo de leitura\" \/>\n\t<meta name=\"twitter:data2\" content=\"2 minutos\" \/>\n<script type=\"application\/ld+json\" class=\"yoast-schema-graph\">{\"@context\":\"https:\/\/schema.org\",\"@graph\":[{\"@type\":\"WebSite\",\"@id\":\"https:\/\/franciscanos.org.br\/noticias\/#website\",\"url\":\"https:\/\/franciscanos.org.br\/noticias\/\",\"name\":\"Not\u00edcias - Franciscanos\",\"description\":\"Prov\u00edncia Franciscana da Imaculada Concei\u00e7\u00e3o do Brasil - Ordem dos Frades Menores - OFM\",\"potentialAction\":[{\"@type\":\"SearchAction\",\"target\":{\"@type\":\"EntryPoint\",\"urlTemplate\":\"https:\/\/franciscanos.org.br\/noticias\/?s={search_term_string}\"},\"query-input\":\"required name=search_term_string\"}],\"inLanguage\":\"pt-BR\"},{\"@type\":\"ImageObject\",\"inLanguage\":\"pt-BR\",\"@id\":\"https:\/\/franciscanos.org.br\/noticias\/frades-menores-divulgam-mensagem-por-ocasiao-do-vesak.html#primaryimage\",\"url\":\"https:\/\/franciscanos.org.br\/noticias\/wp-content\/uploads\/2019\/05\/vesak-2019_170519_P.jpg\",\"contentUrl\":\"https:\/\/franciscanos.org.br\/noticias\/wp-content\/uploads\/2019\/05\/vesak-2019_170519_P.jpg\",\"width\":273,\"height\":181},{\"@type\":\"WebPage\",\"@id\":\"https:\/\/franciscanos.org.br\/noticias\/frades-menores-divulgam-mensagem-por-ocasiao-do-vesak.html#webpage\",\"url\":\"https:\/\/franciscanos.org.br\/noticias\/frades-menores-divulgam-mensagem-por-ocasiao-do-vesak.html\",\"name\":\"Frades Menores divulgam mensagem por ocasi\u00e3o do Vesak - Not\u00edcias - Franciscanos\",\"isPartOf\":{\"@id\":\"https:\/\/franciscanos.org.br\/noticias\/#website\"},\"primaryImageOfPage\":{\"@id\":\"https:\/\/franciscanos.org.br\/noticias\/frades-menores-divulgam-mensagem-por-ocasiao-do-vesak.html#primaryimage\"},\"datePublished\":\"2019-05-19T08:58:56+00:00\",\"dateModified\":\"2019-05-19T08:58:56+00:00\",\"author\":{\"@id\":\"https:\/\/franciscanos.org.br\/noticias\/#\/schema\/person\/b38fbf43118f02820bd932f2e4b14ad3\"},\"breadcrumb\":{\"@id\":\"https:\/\/franciscanos.org.br\/noticias\/frades-menores-divulgam-mensagem-por-ocasiao-do-vesak.html#breadcrumb\"},\"inLanguage\":\"pt-BR\",\"potentialAction\":[{\"@type\":\"ReadAction\",\"target\":[\"https:\/\/franciscanos.org.br\/noticias\/frades-menores-divulgam-mensagem-por-ocasiao-do-vesak.html\"]}]},{\"@type\":\"BreadcrumbList\",\"@id\":\"https:\/\/franciscanos.org.br\/noticias\/frades-menores-divulgam-mensagem-por-ocasiao-do-vesak.html#breadcrumb\",\"itemListElement\":[{\"@type\":\"ListItem\",\"position\":1,\"name\":\"Home\",\"item\":\"https:\/\/franciscanos.org.br\/noticias\"},{\"@type\":\"ListItem\",\"position\":2,\"name\":\"Frades Menores divulgam mensagem por ocasi\u00e3o do Vesak\"}]},{\"@type\":\"Person\",\"@id\":\"https:\/\/franciscanos.org.br\/noticias\/#\/schema\/person\/b38fbf43118f02820bd932f2e4b14ad3\",\"name\":\"admin\",\"image\":{\"@type\":\"ImageObject\",\"inLanguage\":\"pt-BR\",\"@id\":\"https:\/\/franciscanos.org.br\/noticias\/#\/schema\/person\/image\/\",\"url\":\"https:\/\/secure.gravatar.com\/avatar\/e8495742d34d0ba6448ea1c628263b3e?s=96&d=mm&r=g\",\"contentUrl\":\"https:\/\/secure.gravatar.com\/avatar\/e8495742d34d0ba6448ea1c628263b3e?s=96&d=mm&r=g\",\"caption\":\"admin\"},\"url\":\"https:\/\/franciscanos.org.br\/noticias\/author\/admin\"}]}<\/script>\n<!-- \/ Yoast SEO plugin. -->","yoast_head_json":{"title":"Frades Menores divulgam mensagem por ocasi\u00e3o do Vesak - Not\u00edcias - Franciscanos","robots":{"index":"index","follow":"follow","max-snippet":"max-snippet:-1","max-image-preview":"max-image-preview:large","max-video-preview":"max-video-preview:-1"},"canonical":"https:\/\/franciscanos.org.br\/noticias\/frades-menores-divulgam-mensagem-por-ocasiao-do-vesak.html","og_locale":"pt_BR","og_type":"article","og_title":"Frades Menores divulgam mensagem por ocasi\u00e3o do Vesak - Not\u00edcias - Franciscanos","og_description":"Neste domingo, 19 de maio, os budistas celebram o Vesak \u2013 data que recorda os tr\u00eas momentos fundamentais na vida do Buda \u2013 nascimento, ilumina\u00e7\u00e3o e morte. A celebra\u00e7\u00e3o acontece anualmente, na primeira lua cheia do m\u00eas de maio. A Comiss\u00e3o para o Di\u00e1logo Ecum\u00eanico e Inter-religioso da Ordem dos Frades Menores divulgou uma mensagem [&hellip;]","og_url":"https:\/\/franciscanos.org.br\/noticias\/frades-menores-divulgam-mensagem-por-ocasiao-do-vesak.html","og_site_name":"Not\u00edcias - Franciscanos","article_published_time":"2019-05-19T08:58:56+00:00","og_image":[{"width":273,"height":181,"url":"https:\/\/franciscanos.org.br\/noticias\/wp-content\/uploads\/2019\/05\/vesak-2019_170519_P.jpg","type":"image\/jpeg"}],"author":"admin","twitter_card":"summary_large_image","twitter_misc":{"Escrito por":"admin","Est. tempo de leitura":"2 minutos"},"schema":{"@context":"https:\/\/schema.org","@graph":[{"@type":"WebSite","@id":"https:\/\/franciscanos.org.br\/noticias\/#website","url":"https:\/\/franciscanos.org.br\/noticias\/","name":"Not\u00edcias - Franciscanos","description":"Prov\u00edncia Franciscana da Imaculada Concei\u00e7\u00e3o do Brasil - Ordem dos Frades Menores - OFM","potentialAction":[{"@type":"SearchAction","target":{"@type":"EntryPoint","urlTemplate":"https:\/\/franciscanos.org.br\/noticias\/?s={search_term_string}"},"query-input":"required name=search_term_string"}],"inLanguage":"pt-BR"},{"@type":"ImageObject","inLanguage":"pt-BR","@id":"https:\/\/franciscanos.org.br\/noticias\/frades-menores-divulgam-mensagem-por-ocasiao-do-vesak.html#primaryimage","url":"https:\/\/franciscanos.org.br\/noticias\/wp-content\/uploads\/2019\/05\/vesak-2019_170519_P.jpg","contentUrl":"https:\/\/franciscanos.org.br\/noticias\/wp-content\/uploads\/2019\/05\/vesak-2019_170519_P.jpg","width":273,"height":181},{"@type":"WebPage","@id":"https:\/\/franciscanos.org.br\/noticias\/frades-menores-divulgam-mensagem-por-ocasiao-do-vesak.html#webpage","url":"https:\/\/franciscanos.org.br\/noticias\/frades-menores-divulgam-mensagem-por-ocasiao-do-vesak.html","name":"Frades Menores divulgam mensagem por ocasi\u00e3o do Vesak - Not\u00edcias - Franciscanos","isPartOf":{"@id":"https:\/\/franciscanos.org.br\/noticias\/#website"},"primaryImageOfPage":{"@id":"https:\/\/franciscanos.org.br\/noticias\/frades-menores-divulgam-mensagem-por-ocasiao-do-vesak.html#primaryimage"},"datePublished":"2019-05-19T08:58:56+00:00","dateModified":"2019-05-19T08:58:56+00:00","author":{"@id":"https:\/\/franciscanos.org.br\/noticias\/#\/schema\/person\/b38fbf43118f02820bd932f2e4b14ad3"},"breadcrumb":{"@id":"https:\/\/franciscanos.org.br\/noticias\/frades-menores-divulgam-mensagem-por-ocasiao-do-vesak.html#breadcrumb"},"inLanguage":"pt-BR","potentialAction":[{"@type":"ReadAction","target":["https:\/\/franciscanos.org.br\/noticias\/frades-menores-divulgam-mensagem-por-ocasiao-do-vesak.html"]}]},{"@type":"BreadcrumbList","@id":"https:\/\/franciscanos.org.br\/noticias\/frades-menores-divulgam-mensagem-por-ocasiao-do-vesak.html#breadcrumb","itemListElement":[{"@type":"ListItem","position":1,"name":"Home","item":"https:\/\/franciscanos.org.br\/noticias"},{"@type":"ListItem","position":2,"name":"Frades Menores divulgam mensagem por ocasi\u00e3o do Vesak"}]},{"@type":"Person","@id":"https:\/\/franciscanos.org.br\/noticias\/#\/schema\/person\/b38fbf43118f02820bd932f2e4b14ad3","name":"admin","image":{"@type":"ImageObject","inLanguage":"pt-BR","@id":"https:\/\/franciscanos.org.br\/noticias\/#\/schema\/person\/image\/","url":"https:\/\/secure.gravatar.com\/avatar\/e8495742d34d0ba6448ea1c628263b3e?s=96&d=mm&r=g","contentUrl":"https:\/\/secure.gravatar.com\/avatar\/e8495742d34d0ba6448ea1c628263b3e?s=96&d=mm&r=g","caption":"admin"},"url":"https:\/\/franciscanos.org.br\/noticias\/author\/admin"}]}},"_links":{"self":[{"href":"https:\/\/franciscanos.org.br\/noticias\/wp-json\/wp\/v2\/posts\/204827"}],"collection":[{"href":"https:\/\/franciscanos.org.br\/noticias\/wp-json\/wp\/v2\/posts"}],"about":[{"href":"https:\/\/franciscanos.org.br\/noticias\/wp-json\/wp\/v2\/types\/post"}],"author":[{"embeddable":true,"href":"https:\/\/franciscanos.org.br\/noticias\/wp-json\/wp\/v2\/users\/1"}],"replies":[{"embeddable":true,"href":"https:\/\/franciscanos.org.br\/noticias\/wp-json\/wp\/v2\/comments?post=204827"}],"version-history":[{"count":0,"href":"https:\/\/franciscanos.org.br\/noticias\/wp-json\/wp\/v2\/posts\/204827\/revisions"}],"wp:featuredmedia":[{"embeddable":true,"href":"https:\/\/franciscanos.org.br\/noticias\/wp-json\/wp\/v2\/media\/204829"}],"wp:attachment":[{"href":"https:\/\/franciscanos.org.br\/noticias\/wp-json\/wp\/v2\/media?parent=204827"}],"wp:term":[{"taxonomy":"category","embeddable":true,"href":"https:\/\/franciscanos.org.br\/noticias\/wp-json\/wp\/v2\/categories?post=204827"},{"taxonomy":"post_tag","embeddable":true,"href":"https:\/\/franciscanos.org.br\/noticias\/wp-json\/wp\/v2\/tags?post=204827"}],"curies":[{"name":"wp","href":"https:\/\/api.w.org\/{rel}","templated":true}]}}