{"id":204768,"date":"2019-05-16T16:04:41","date_gmt":"2019-05-16T19:04:41","guid":{"rendered":"https:\/\/franciscanos.org.br\/noticias\/?p=204768"},"modified":"2019-05-17T07:14:02","modified_gmt":"2019-05-17T10:14:02","slug":"e-preciso-transformar-as-redes-em-verdadeiras-comunidades","status":"publish","type":"post","link":"https:\/\/franciscanos.org.br\/noticias\/e-preciso-transformar-as-redes-em-verdadeiras-comunidades.html","title":{"rendered":"\u00c9 preciso transformar as redes em verdadeiras comunidades"},"content":{"rendered":"<p><img loading=\"lazy\" class=\"alignnone size-full wp-image-204769\" src=\"https:\/\/franciscanos.org.br\/noticias\/wp-content\/uploads\/2019\/05\/formacao_160519.jpg\" alt=\"\" width=\"980\" height=\"550\" srcset=\"https:\/\/franciscanos.org.br\/noticias\/wp-content\/uploads\/2019\/05\/formacao_160519.jpg 980w, https:\/\/franciscanos.org.br\/noticias\/wp-content\/uploads\/2019\/05\/formacao_160519-450x253.jpg 450w, https:\/\/franciscanos.org.br\/noticias\/wp-content\/uploads\/2019\/05\/formacao_160519-768x431.jpg 768w, https:\/\/franciscanos.org.br\/noticias\/wp-content\/uploads\/2019\/05\/formacao_160519-150x84.jpg 150w\" sizes=\"(max-width: 980px) 100vw, 980px\" \/><\/p>\n<p><strong>\u00c9rika Augusto\u00a0<\/strong><\/p>\n<p><strong>S\u00e3o Paulo (SP)<\/strong> \u2013 O 3\u00ba Encontro de Forma\u00e7\u00e3o Permanente da Frente de Evangeliza\u00e7\u00e3o da Comunica\u00e7\u00e3o deste ano aconteceu nesta quarta-feira, 15 de maio, em S\u00e3o Paulo. O tema escolhido para o m\u00eas foi a mensagem do Papa Francisco para o<a href=\"https:\/\/franciscanos.org.br\/vidacrista\/mensagem-do-papa-para-o-dia-mundial-das-comunicacoes-sociais\/\" target=\"_blank\" rel=\"noopener noreferrer\"> 53\u00ba Dia Mundial das Comunica\u00e7\u00f5es Sociais<\/a> e contou com a assessoria da jornalista e doutora em Ci\u00eancias da Comunica\u00e7\u00e3o,\u00a0 Irm\u00e3 Joana Puntel, da Congrega\u00e7\u00e3o das Irm\u00e3s Paulinas.<\/p>\n<p>A reuni\u00e3o foi realizada por videoconfer\u00eancia e reuniu os colaboradores da Rede Celinauta, de Pato Branco (PR); Funda\u00e7\u00e3o Frei Rog\u00e9rio, de Curitibanos (SC); Grupo Educacional Bom Jesus, de Curitiba (PR); Servi\u00e7o Franciscano de Solidariedade (Sefras), de S\u00e3o Paulo (SP); Semin\u00e1rio Frei Galv\u00e3o, de Guaratinguet\u00e1 (SP); Editora Vozes, de Petr\u00f3polis (RJ); Convento da Penha, de Vila Velha (ES). Da Sede Provincial, em S\u00e3o Paulo, participaram tamb\u00e9m os comunicadores ligados ao Servi\u00e7o de Anima\u00e7\u00e3o Vocacional (SAV), dos Frades Menores Capuchinhos e Frades Menores Conventuais.<\/p>\n<p>\u201cSomos membros uns dos outros: das comunidades de redes sociais \u00e0 comunidade humana\u201d \u00e9 o tema da mensagem deste ano. Nela, o Papa Francisco insiste que \u00e9 necess\u00e1rio n\u00e3o reduzir a comunica\u00e7\u00e3o ao aprendizado e dom\u00ednio dos dispositivos tecnol\u00f3gicos, mas usar a comunica\u00e7\u00e3o para aprimorar a rela\u00e7\u00e3o humana, aproximando as pessoas e formando verdadeiras comunidades. A assessora afirmou que estar na rede hoje \u00e9 fundamental, mas que \u00e9 preciso ter consci\u00eancia de como queremos estar e qual mensagem queremos transmitir.<\/p>\n<p>Para a especialista, um dos aspectos que deve ser considerado \u00e9 o de que a internet mudou o paradigma da rela\u00e7\u00e3o. Ao mesmo tempo em que a rede conecta v\u00e1rias pessoas, ela isola e aumenta o sentimento de solid\u00e3o. Al\u00e9m disso, ao mesmo tempo em que existe a facilidade de conex\u00e3o, h\u00e1 tamb\u00e9m a facilidade de desconex\u00e3o, fato que fragiliza as rela\u00e7\u00f5es. \u201cNuma rede social n\u00e3o h\u00e1 conex\u00e3o plena, rela\u00e7\u00e3o completa, comunh\u00e3o entre as pessoas\u201d, afirmou Ir. Joana, acentuando que estas caracter\u00edsticas n\u00e3o devem desanimar aquele que comunica.<\/p>\n<p><img loading=\"lazy\" class=\"alignnone size-full wp-image-204770\" src=\"https:\/\/franciscanos.org.br\/noticias\/wp-content\/uploads\/2019\/05\/formacao_160519_2.jpg\" alt=\"\" width=\"980\" height=\"550\" srcset=\"https:\/\/franciscanos.org.br\/noticias\/wp-content\/uploads\/2019\/05\/formacao_160519_2.jpg 980w, https:\/\/franciscanos.org.br\/noticias\/wp-content\/uploads\/2019\/05\/formacao_160519_2-450x253.jpg 450w, https:\/\/franciscanos.org.br\/noticias\/wp-content\/uploads\/2019\/05\/formacao_160519_2-768x431.jpg 768w, https:\/\/franciscanos.org.br\/noticias\/wp-content\/uploads\/2019\/05\/formacao_160519_2-150x84.jpg 150w\" sizes=\"(max-width: 980px) 100vw, 980px\" \/><\/p>\n<p>Na mensagem, o Papa afirma que no cen\u00e1rio atual \u00e9 percept\u00edvel que a comunidade de redes sociais n\u00e3o \u00e9 sin\u00f4nimo de comunidade, mas que existe potencial para vir a ser. \u201cNaturalmente, n\u00e3o basta multiplicar as conex\u00f5es para ver crescer a compreens\u00e3o rec\u00edproca\u201d, aponta o Pont\u00edfice, que questiona como reencontrar a verdadeira identidade atrav\u00e9s da responsabilidade nas rela\u00e7\u00f5es \u2013 pessoais e virtuais.<\/p>\n<p>Para a assessora, n\u00e3o h\u00e1 outro caminho a percorrer que n\u00e3o seja o an\u00fancio do Evangelho. &#8220;\u00c9 preciso seguir o projeto de Jesus, que est\u00e1 no Evangelho, sen\u00e3o tra\u00edmos n\u00e3o s\u00f3 as institui\u00e7\u00f5es, mas n\u00f3s mesmos. Somos chamados a &#8216;cristianizar&#8217; as redes\u201d, aconselhou.<\/p>\n<p>Em seguida, os participantes partilharam suas experi\u00eancias. O jornalista Ari Ign\u00e1cio de Lima, coordenador de Jornalismo da TV Sudoeste, apontou que uma das grandes preocupa\u00e7\u00f5es na atualidade s\u00e3o as <em>fake news<\/em>, as not\u00edcias falsas que se propagam na internet e nas redes sociais.<\/p>\n<p>Em Curitiba (PR), o jornalista Juliano Zemuner exemplificou como o Grupo Educacional Bom Jesus busca conscientizar os alunos para as quest\u00f5es relacionadas ao <em>cyberbullying<\/em> e a resolu\u00e7\u00e3o de conflitos \u2013 n\u00e3o somente na internet, mas nas rela\u00e7\u00f5es sociais.<\/p>\n<p><img loading=\"lazy\" class=\"alignnone size-full wp-image-204782\" src=\"https:\/\/franciscanos.org.br\/noticias\/wp-content\/uploads\/2019\/05\/frente.jpg\" alt=\"\" width=\"890\" height=\"475\" srcset=\"https:\/\/franciscanos.org.br\/noticias\/wp-content\/uploads\/2019\/05\/frente.jpg 890w, https:\/\/franciscanos.org.br\/noticias\/wp-content\/uploads\/2019\/05\/frente-450x240.jpg 450w, https:\/\/franciscanos.org.br\/noticias\/wp-content\/uploads\/2019\/05\/frente-768x410.jpg 768w, https:\/\/franciscanos.org.br\/noticias\/wp-content\/uploads\/2019\/05\/frente-150x80.jpg 150w\" sizes=\"(max-width: 890px) 100vw, 890px\" \/><\/p>\n<p><strong>Lan\u00e7amento do livro \u201cOs Papas da Comunica\u00e7\u00e3o\u201d<\/strong><\/p>\n<p>A assessora do encontro, Ir. Joana Puntel, aproveitou a ocasi\u00e3o para divulgar o livro \u201c<a href=\"https:\/\/www.paulinas.org.br\/loja\/papas-da-comunicacao-os\" target=\"_blank\" rel=\"noopener noreferrer\">Os Papas da Comunica\u00e7\u00e3o: estudo sobre as mensagens do Dia Mundial das Comunica\u00e7\u00f5es<\/a>\u201d, lan\u00e7ado neste m\u00eas pela Editora Paulinas e pelo Servi\u00e7o \u00e0 Pastoral da Comunica\u00e7\u00e3o (Sepac). A obra, escrita pela assessora e por Irm\u00e3 Helena Corazza, tem como base todas as mensagens lan\u00e7adas desde 1967 &#8211; do Papa Paulo VI ao Papa Francisco &#8211; e\u00a0 e suas abordagens, acompanhando as mudan\u00e7as significativas no campo da comunica\u00e7\u00e3o.<\/p>\n","protected":false},"excerpt":{"rendered":"<p>Frente da Comunica\u00e7\u00e3o<\/p>\n","protected":false},"author":1,"featured_media":204771,"comment_status":"open","ping_status":"open","sticky":false,"template":"","format":"standard","meta":[],"categories":[1],"tags":[550],"acf":[],"yoast_head":"<!-- This site is optimized with the Yoast SEO plugin v19.2 - https:\/\/yoast.com\/wordpress\/plugins\/seo\/ -->\n<title>\u00c9 preciso transformar as redes em verdadeiras comunidades - Not\u00edcias - Franciscanos<\/title>\n<meta name=\"robots\" content=\"index, follow, max-snippet:-1, max-image-preview:large, max-video-preview:-1\" \/>\n<link rel=\"canonical\" href=\"https:\/\/franciscanos.org.br\/noticias\/e-preciso-transformar-as-redes-em-verdadeiras-comunidades.html\" \/>\n<meta property=\"og:locale\" content=\"pt_BR\" \/>\n<meta property=\"og:type\" content=\"article\" \/>\n<meta property=\"og:title\" content=\"\u00c9 preciso transformar as redes em verdadeiras comunidades - Not\u00edcias - Franciscanos\" \/>\n<meta property=\"og:description\" content=\"Frente da Comunica\u00e7\u00e3o\" \/>\n<meta property=\"og:url\" content=\"https:\/\/franciscanos.org.br\/noticias\/e-preciso-transformar-as-redes-em-verdadeiras-comunidades.html\" \/>\n<meta property=\"og:site_name\" content=\"Not\u00edcias - Franciscanos\" \/>\n<meta property=\"article:published_time\" content=\"2019-05-16T19:04:41+00:00\" \/>\n<meta property=\"article:modified_time\" content=\"2019-05-17T10:14:02+00:00\" \/>\n<meta property=\"og:image\" content=\"https:\/\/franciscanos.org.br\/noticias\/wp-content\/uploads\/2019\/05\/formacao_160519p.jpg\" \/>\n\t<meta property=\"og:image:width\" content=\"273\" \/>\n\t<meta property=\"og:image:height\" content=\"181\" \/>\n\t<meta property=\"og:image:type\" content=\"image\/jpeg\" \/>\n<meta name=\"author\" content=\"admin\" \/>\n<meta name=\"twitter:card\" content=\"summary_large_image\" \/>\n<meta name=\"twitter:label1\" content=\"Escrito por\" \/>\n\t<meta name=\"twitter:data1\" content=\"admin\" \/>\n\t<meta name=\"twitter:label2\" content=\"Est. tempo de leitura\" \/>\n\t<meta name=\"twitter:data2\" content=\"3 minutos\" \/>\n<script type=\"application\/ld+json\" class=\"yoast-schema-graph\">{\"@context\":\"https:\/\/schema.org\",\"@graph\":[{\"@type\":\"WebSite\",\"@id\":\"https:\/\/franciscanos.org.br\/noticias\/#website\",\"url\":\"https:\/\/franciscanos.org.br\/noticias\/\",\"name\":\"Not\u00edcias - Franciscanos\",\"description\":\"Prov\u00edncia Franciscana da Imaculada Concei\u00e7\u00e3o do Brasil - Ordem dos Frades Menores - OFM\",\"potentialAction\":[{\"@type\":\"SearchAction\",\"target\":{\"@type\":\"EntryPoint\",\"urlTemplate\":\"https:\/\/franciscanos.org.br\/noticias\/?s={search_term_string}\"},\"query-input\":\"required name=search_term_string\"}],\"inLanguage\":\"pt-BR\"},{\"@type\":\"ImageObject\",\"inLanguage\":\"pt-BR\",\"@id\":\"https:\/\/franciscanos.org.br\/noticias\/e-preciso-transformar-as-redes-em-verdadeiras-comunidades.html#primaryimage\",\"url\":\"https:\/\/franciscanos.org.br\/noticias\/wp-content\/uploads\/2019\/05\/formacao_160519p.jpg\",\"contentUrl\":\"https:\/\/franciscanos.org.br\/noticias\/wp-content\/uploads\/2019\/05\/formacao_160519p.jpg\",\"width\":273,\"height\":181},{\"@type\":\"WebPage\",\"@id\":\"https:\/\/franciscanos.org.br\/noticias\/e-preciso-transformar-as-redes-em-verdadeiras-comunidades.html#webpage\",\"url\":\"https:\/\/franciscanos.org.br\/noticias\/e-preciso-transformar-as-redes-em-verdadeiras-comunidades.html\",\"name\":\"\u00c9 preciso transformar as redes em verdadeiras comunidades - Not\u00edcias - Franciscanos\",\"isPartOf\":{\"@id\":\"https:\/\/franciscanos.org.br\/noticias\/#website\"},\"primaryImageOfPage\":{\"@id\":\"https:\/\/franciscanos.org.br\/noticias\/e-preciso-transformar-as-redes-em-verdadeiras-comunidades.html#primaryimage\"},\"datePublished\":\"2019-05-16T19:04:41+00:00\",\"dateModified\":\"2019-05-17T10:14:02+00:00\",\"author\":{\"@id\":\"https:\/\/franciscanos.org.br\/noticias\/#\/schema\/person\/b38fbf43118f02820bd932f2e4b14ad3\"},\"breadcrumb\":{\"@id\":\"https:\/\/franciscanos.org.br\/noticias\/e-preciso-transformar-as-redes-em-verdadeiras-comunidades.html#breadcrumb\"},\"inLanguage\":\"pt-BR\",\"potentialAction\":[{\"@type\":\"ReadAction\",\"target\":[\"https:\/\/franciscanos.org.br\/noticias\/e-preciso-transformar-as-redes-em-verdadeiras-comunidades.html\"]}]},{\"@type\":\"BreadcrumbList\",\"@id\":\"https:\/\/franciscanos.org.br\/noticias\/e-preciso-transformar-as-redes-em-verdadeiras-comunidades.html#breadcrumb\",\"itemListElement\":[{\"@type\":\"ListItem\",\"position\":1,\"name\":\"Home\",\"item\":\"https:\/\/franciscanos.org.br\/noticias\"},{\"@type\":\"ListItem\",\"position\":2,\"name\":\"\u00c9 preciso transformar as redes em verdadeiras comunidades\"}]},{\"@type\":\"Person\",\"@id\":\"https:\/\/franciscanos.org.br\/noticias\/#\/schema\/person\/b38fbf43118f02820bd932f2e4b14ad3\",\"name\":\"admin\",\"image\":{\"@type\":\"ImageObject\",\"inLanguage\":\"pt-BR\",\"@id\":\"https:\/\/franciscanos.org.br\/noticias\/#\/schema\/person\/image\/\",\"url\":\"https:\/\/secure.gravatar.com\/avatar\/e8495742d34d0ba6448ea1c628263b3e?s=96&d=mm&r=g\",\"contentUrl\":\"https:\/\/secure.gravatar.com\/avatar\/e8495742d34d0ba6448ea1c628263b3e?s=96&d=mm&r=g\",\"caption\":\"admin\"},\"url\":\"https:\/\/franciscanos.org.br\/noticias\/author\/admin\"}]}<\/script>\n<!-- \/ Yoast SEO plugin. -->","yoast_head_json":{"title":"\u00c9 preciso transformar as redes em verdadeiras comunidades - Not\u00edcias - Franciscanos","robots":{"index":"index","follow":"follow","max-snippet":"max-snippet:-1","max-image-preview":"max-image-preview:large","max-video-preview":"max-video-preview:-1"},"canonical":"https:\/\/franciscanos.org.br\/noticias\/e-preciso-transformar-as-redes-em-verdadeiras-comunidades.html","og_locale":"pt_BR","og_type":"article","og_title":"\u00c9 preciso transformar as redes em verdadeiras comunidades - Not\u00edcias - Franciscanos","og_description":"Frente da Comunica\u00e7\u00e3o","og_url":"https:\/\/franciscanos.org.br\/noticias\/e-preciso-transformar-as-redes-em-verdadeiras-comunidades.html","og_site_name":"Not\u00edcias - Franciscanos","article_published_time":"2019-05-16T19:04:41+00:00","article_modified_time":"2019-05-17T10:14:02+00:00","og_image":[{"width":273,"height":181,"url":"https:\/\/franciscanos.org.br\/noticias\/wp-content\/uploads\/2019\/05\/formacao_160519p.jpg","type":"image\/jpeg"}],"author":"admin","twitter_card":"summary_large_image","twitter_misc":{"Escrito por":"admin","Est. tempo de leitura":"3 minutos"},"schema":{"@context":"https:\/\/schema.org","@graph":[{"@type":"WebSite","@id":"https:\/\/franciscanos.org.br\/noticias\/#website","url":"https:\/\/franciscanos.org.br\/noticias\/","name":"Not\u00edcias - Franciscanos","description":"Prov\u00edncia Franciscana da Imaculada Concei\u00e7\u00e3o do Brasil - Ordem dos Frades Menores - OFM","potentialAction":[{"@type":"SearchAction","target":{"@type":"EntryPoint","urlTemplate":"https:\/\/franciscanos.org.br\/noticias\/?s={search_term_string}"},"query-input":"required name=search_term_string"}],"inLanguage":"pt-BR"},{"@type":"ImageObject","inLanguage":"pt-BR","@id":"https:\/\/franciscanos.org.br\/noticias\/e-preciso-transformar-as-redes-em-verdadeiras-comunidades.html#primaryimage","url":"https:\/\/franciscanos.org.br\/noticias\/wp-content\/uploads\/2019\/05\/formacao_160519p.jpg","contentUrl":"https:\/\/franciscanos.org.br\/noticias\/wp-content\/uploads\/2019\/05\/formacao_160519p.jpg","width":273,"height":181},{"@type":"WebPage","@id":"https:\/\/franciscanos.org.br\/noticias\/e-preciso-transformar-as-redes-em-verdadeiras-comunidades.html#webpage","url":"https:\/\/franciscanos.org.br\/noticias\/e-preciso-transformar-as-redes-em-verdadeiras-comunidades.html","name":"\u00c9 preciso transformar as redes em verdadeiras comunidades - Not\u00edcias - Franciscanos","isPartOf":{"@id":"https:\/\/franciscanos.org.br\/noticias\/#website"},"primaryImageOfPage":{"@id":"https:\/\/franciscanos.org.br\/noticias\/e-preciso-transformar-as-redes-em-verdadeiras-comunidades.html#primaryimage"},"datePublished":"2019-05-16T19:04:41+00:00","dateModified":"2019-05-17T10:14:02+00:00","author":{"@id":"https:\/\/franciscanos.org.br\/noticias\/#\/schema\/person\/b38fbf43118f02820bd932f2e4b14ad3"},"breadcrumb":{"@id":"https:\/\/franciscanos.org.br\/noticias\/e-preciso-transformar-as-redes-em-verdadeiras-comunidades.html#breadcrumb"},"inLanguage":"pt-BR","potentialAction":[{"@type":"ReadAction","target":["https:\/\/franciscanos.org.br\/noticias\/e-preciso-transformar-as-redes-em-verdadeiras-comunidades.html"]}]},{"@type":"BreadcrumbList","@id":"https:\/\/franciscanos.org.br\/noticias\/e-preciso-transformar-as-redes-em-verdadeiras-comunidades.html#breadcrumb","itemListElement":[{"@type":"ListItem","position":1,"name":"Home","item":"https:\/\/franciscanos.org.br\/noticias"},{"@type":"ListItem","position":2,"name":"\u00c9 preciso transformar as redes em verdadeiras comunidades"}]},{"@type":"Person","@id":"https:\/\/franciscanos.org.br\/noticias\/#\/schema\/person\/b38fbf43118f02820bd932f2e4b14ad3","name":"admin","image":{"@type":"ImageObject","inLanguage":"pt-BR","@id":"https:\/\/franciscanos.org.br\/noticias\/#\/schema\/person\/image\/","url":"https:\/\/secure.gravatar.com\/avatar\/e8495742d34d0ba6448ea1c628263b3e?s=96&d=mm&r=g","contentUrl":"https:\/\/secure.gravatar.com\/avatar\/e8495742d34d0ba6448ea1c628263b3e?s=96&d=mm&r=g","caption":"admin"},"url":"https:\/\/franciscanos.org.br\/noticias\/author\/admin"}]}},"_links":{"self":[{"href":"https:\/\/franciscanos.org.br\/noticias\/wp-json\/wp\/v2\/posts\/204768"}],"collection":[{"href":"https:\/\/franciscanos.org.br\/noticias\/wp-json\/wp\/v2\/posts"}],"about":[{"href":"https:\/\/franciscanos.org.br\/noticias\/wp-json\/wp\/v2\/types\/post"}],"author":[{"embeddable":true,"href":"https:\/\/franciscanos.org.br\/noticias\/wp-json\/wp\/v2\/users\/1"}],"replies":[{"embeddable":true,"href":"https:\/\/franciscanos.org.br\/noticias\/wp-json\/wp\/v2\/comments?post=204768"}],"version-history":[{"count":0,"href":"https:\/\/franciscanos.org.br\/noticias\/wp-json\/wp\/v2\/posts\/204768\/revisions"}],"wp:featuredmedia":[{"embeddable":true,"href":"https:\/\/franciscanos.org.br\/noticias\/wp-json\/wp\/v2\/media\/204771"}],"wp:attachment":[{"href":"https:\/\/franciscanos.org.br\/noticias\/wp-json\/wp\/v2\/media?parent=204768"}],"wp:term":[{"taxonomy":"category","embeddable":true,"href":"https:\/\/franciscanos.org.br\/noticias\/wp-json\/wp\/v2\/categories?post=204768"},{"taxonomy":"post_tag","embeddable":true,"href":"https:\/\/franciscanos.org.br\/noticias\/wp-json\/wp\/v2\/tags?post=204768"}],"curies":[{"name":"wp","href":"https:\/\/api.w.org\/{rel}","templated":true}]}}