{"id":204764,"date":"2019-05-16T09:59:04","date_gmt":"2019-05-16T12:59:04","guid":{"rendered":"https:\/\/franciscanos.org.br\/noticias\/?p=204764"},"modified":"2020-09-01T10:37:55","modified_gmt":"2020-09-01T13:37:55","slug":"papa-a-educacao-nao-pode-ser-apenas-um-trabalho-mas-uma-missao","status":"publish","type":"post","link":"https:\/\/franciscanos.org.br\/noticias\/papa-a-educacao-nao-pode-ser-apenas-um-trabalho-mas-uma-missao.html","title":{"rendered":"Papa: a educa\u00e7\u00e3o n\u00e3o pode ser apenas um trabalho, mas uma miss\u00e3o"},"content":{"rendered":"<p><img loading=\"lazy\" class=\"alignnone size-full wp-image-204765\" src=\"https:\/\/franciscanos.org.br\/noticias\/wp-content\/uploads\/2019\/05\/PAPA_160519.jpg\" alt=\"\" width=\"890\" height=\"501\" srcset=\"https:\/\/franciscanos.org.br\/noticias\/wp-content\/uploads\/2019\/05\/PAPA_160519.jpg 890w, https:\/\/franciscanos.org.br\/noticias\/wp-content\/uploads\/2019\/05\/PAPA_160519-450x253.jpg 450w, https:\/\/franciscanos.org.br\/noticias\/wp-content\/uploads\/2019\/05\/PAPA_160519-768x432.jpg 768w, https:\/\/franciscanos.org.br\/noticias\/wp-content\/uploads\/2019\/05\/PAPA_160519-150x84.jpg 150w\" sizes=\"(max-width: 890px) 100vw, 890px\" \/><\/p>\n<p><strong>Cidade do Vaticano<\/strong> &#8211; O Papa Francisco recebeu em audi\u00eancia, nesta quinta-feira (16\/05), na Sala Clementina, no Vaticano, os Irm\u00e3os das Escolas Crist\u00e3s, conhecidos tamb\u00e9m como Lassalistas, por ocasi\u00e3o dos trezentos anos da morte de seu fundador, S\u00e3o Jo\u00e3o Batista de La Salle, um pioneiro no campo da educa\u00e7\u00e3o que na sua \u00e9poca criou um sistema educacional inovador.<\/p>\n<p>\u201cO seu exemplo e o seu testemunho confirmam a atualidade original de sua mensagem para a comunidade crist\u00e3 de hoje, iluminando o caminho a seguir. Ele foi um inovador brilhante e criativo na vis\u00e3o da escola, na concep\u00e7\u00e3o do professor e nos m\u00e9todos de ensino&#8221;, disse.<\/p>\n<p>\u201cA sua vis\u00e3o da escola o levou a reconhecer cada vez mais que a educa\u00e7\u00e3o \u00e9 um direito de todos, tamb\u00e9m dos pobres\u201d.<\/p>\n<p>N\u00e3o obstante a sua rica heran\u00e7a de fam\u00edlia, S\u00e3o Jo\u00e3o Batista de La Salle deixou tudo \u201cpara dedicar-se inteiramente \u00e0 educa\u00e7\u00e3o da classe social mais baixa. Criou uma comunidade de leigos para levar adiante o seu ideal, convencido de que a Igreja n\u00e3o pode ficar alheia \u00e0s contradi\u00e7\u00f5es sociais dos tempos com as quais \u00e9 chamada a confrontar-se\u201d.<\/p>\n<p><strong>A escola \u00e9 uma realidade s\u00e9ria<\/strong><br \/>\nSegundo o Papa, \u201cesta convic\u00e7\u00e3o o levou a instituir uma experi\u00eancia original de vida consagrada: a presen\u00e7a de religiosos educadores que, sem ser sacerdotes, interpretassem de maneira nova o rosto dos \u2018monges leigos\u2019, imergindo-se totalmente na realidade de seu tempo e contribuindo para o progresso da sociedade civil\u201d.<\/p>\n<p>\u201cO contato cotidiano com o mundo escolar amadureceu nele a consci\u00eancia de identificar uma nova concep\u00e7\u00e3o do professor. Ele estava convencido de que a escola \u00e9 uma realidade s\u00e9ria, que precisa de pessoas adequadamente preparadas\u201d, mas ele tinha diante de si \u201ctodas as car\u00eancias estruturais e funcionais de uma institui\u00e7\u00e3o prec\u00e1ria que precisava de ordem e forma\u201d.<\/p>\n<p>S\u00e3o Jo\u00e3o Batista de La Salle \u201cpercebeu que a educa\u00e7\u00e3o n\u00e3o pode ser apenas um trabalho, mas uma miss\u00e3o. Por isso, circundou-se de pessoas adequadas para a escola popular, inspiradas pelo cristianismo, com aptid\u00e3o para a educa\u00e7\u00e3o. Dedicou todas as suas energias na forma\u00e7\u00e3o dessas pessoas, tornando-se um exemplo e modelo para elas, que tiveram que exercer um servi\u00e7o ao mesmo tempo eclesial e social&#8221;.<\/p>\n<p><strong>Uma escola aberta a todos<\/strong><br \/>\n\u201cA fim de dar respostas concretas \u00e0s demandas de seu tempo no campo da educa\u00e7\u00e3o, S\u00e3o Jo\u00e3o Batista de La Salle empreendeu reformas audaciosas dos m\u00e9todos de ensino. Nisso, ele foi movido por um extraordin\u00e1rio realismo pedag\u00f3gico\u201d, sublinhou Francisco.<\/p>\n<p>\u201cSubstituiu a l\u00edngua francesa pela latina, que era normalmente usada no ensino, dividiu os alunos em grupos homog\u00eaneos de aprendizagem em vista de um trabalho mais eficaz, instituiu os semin\u00e1rios para os professores rurais, ou seja, para os jovens que queriam se tornar professores sem fazerem parte de nenhuma institui\u00e7\u00e3o religiosa, fundou as Escolas dominicais para adultos e duas casas, um para jovens delinquentes e a outra para a recupera\u00e7\u00e3o de encarcerados.&#8221;<\/p>\n<p>\u201cEle sonhava uma escola aberta a todos. Por isso, enfrentou tamb\u00e9m as necessidades educacionais extremas, introduzindo um m\u00e9todo de reabilita\u00e7\u00e3o atrav\u00e9s da escola e do trabalho\u201d.<\/p>\n<p>&#8220;Nessas realidades de forma\u00e7\u00e3o, iniciou uma pedagogia corretiva que, em contraste com o uso dos tempos, levava aos jovens punidos o estudo e o trabalho, com atividades artesanais, em vez de meras celas ou chibatadas.\u201d<\/p>\n<p><strong>Protagonistas de uma cultura da ressurrei\u00e7\u00e3o<\/strong><br \/>\nO Papa exortou os filhos espirituais de S\u00e3o Jo\u00e3o Batista de La Salle a \u201caprofundar e imitar a sua paix\u00e3o pelos \u00faltimos e descartados\u201d. \u201cSeguindo o seu testemunho apost\u00f3lico, sejam protagonistas de uma \u2018cultura da ressurrei\u00e7\u00e3o\u2019, especialmente nos contextos existenciais em que prevalece a cultura da morte. N\u00e3o se cansem de procurar aqueles que se encontram nos \u2018sepulcros\u2019 modernos da confus\u00e3o, degrada\u00e7\u00e3o, desconforto e pobreza, para oferecer uma nova esperan\u00e7a de vida. \u201d<\/p>\n<p>&#8220;O impulso pela miss\u00e3o educacional, que fez de seu fundador um mestre e testemunha para muitos de seu tempo, e o seu ensinamento, possam ainda hoje alimentar seus projetos e sua a\u00e7\u00e3o\u201d, disse.<\/p>\n<p>\u201cA sua figura, sempre muito atual, \u00e9 um dom para a Igreja e um precioso est\u00edmulo para a sua Congrega\u00e7\u00e3o, chamada a uma ades\u00e3o a Cristo renovada e animada. Que voc\u00eas possam cumprir a sua miss\u00e3o entre as gera\u00e7\u00f5es jovens com vigor renovado e com a aud\u00e1cia reformadora que caracterizou S\u00e3o Jo\u00e3o Batista de La Salle: anunciem a todos o Evangelho da esperan\u00e7a e da caridade\u201d, concluiu Francisco.<\/p>\n<hr \/>\n<p><strong>Pontif\u00edcia Universidade Gregoriana realiza semin\u00e1rio sobre a Amaz\u00f4nia<\/strong><\/p>\n<p>Realiza-se nesta quinta-feira (16\/05) na Pontif\u00edcia Universidade Gregoriana, um Semin\u00e1rio de prepara\u00e7\u00e3o para o S\u00ednodo da Amaz\u00f4nia com o tema \u201cAmaz\u00f4nia: desafios e perspectivas para a Casa Comum\u201d. O Simp\u00f3sio foi promovido pela Faculdade de Teologia da Gregoriana e pela REPAM (Rede Eclesial Pan-Amaz\u00f4nica), em colabora\u00e7\u00e3o com o Dicast\u00e9rio para o Servi\u00e7o do Desenvolvimento Humano Integral, o Joint Diploma em Ecologia Integral das Universidades Pontif\u00edcias Romana e o Movimento Cat\u00f3lico Mundial para o Clima.<\/p>\n<p>O semin\u00e1rio ter\u00e1 a participa\u00e7\u00e3o do Cardeal Peter K.A. Turkson Presidente do Dicast\u00e9rio promotor, o Cardeal Claudio Hummes, Presidente da REPAM e Relator geral do S\u00ednodo e o Cardeal Pedro Ricardo Barreto SJ, Vice Presidente da REPAM e arcebispo de Huancayo (Peru).<\/p>\n<p>Durante a jornada de trabalho ser\u00e3o analisados alguns caminhos vi\u00e1veis em vista do S\u00ednodo para a regi\u00e3o Pan-amaz\u00f4nica que ser\u00e1 realizado de 6 a 27 de outubro de 2019 no Vaticano. Tamb\u00e9m, ser\u00e3o apresentadas as experi\u00eancias pastorais de alguns religiosos da regi\u00e3o, entre eles o padre brasileiro Adelson Araujo Dos Santos SJ, especialista em espiritualidade ind\u00edgena e um dos organizadores do Semin\u00e1rio.\u00a0\u201cA Igreja est\u00e1 presente na Amaz\u00f4nia\u201d, disse Pe. Adelson, \u201cde uma forma mission\u00e1ria e participar\u00e1 do S\u00ednodo como colaboradora na preserva\u00e7\u00e3o de toda a biodiversidade, no respeito aos povos origin\u00e1rios que ali se encontram h\u00e1 mil\u00eanios. Tamb\u00e9m ser\u00e1 refletida a quest\u00e3o de como ampliar a presen\u00e7a evangelizadora em uma regi\u00e3o que carece muito da presen\u00e7a de mais sacerdotes, mais forma\u00e7\u00e3o\u201d.<\/p>\n<hr \/>\n<p><em>Fonte: Vatican News<\/em><\/p>\n","protected":false},"excerpt":{"rendered":"<p>Papa Francisco recebe os Lassalistas.<\/p>\n","protected":false},"author":3,"featured_media":204766,"comment_status":"open","ping_status":"open","sticky":false,"template":"","format":"standard","meta":[],"categories":[1428],"tags":[55],"acf":[],"yoast_head":"<!-- This site is optimized with the Yoast SEO plugin v19.2 - https:\/\/yoast.com\/wordpress\/plugins\/seo\/ -->\n<title>Papa: a educa\u00e7\u00e3o n\u00e3o pode ser apenas um trabalho, mas uma miss\u00e3o - Not\u00edcias - Franciscanos<\/title>\n<meta name=\"robots\" content=\"index, follow, max-snippet:-1, max-image-preview:large, max-video-preview:-1\" \/>\n<link rel=\"canonical\" href=\"https:\/\/franciscanos.org.br\/noticias\/papa-a-educacao-nao-pode-ser-apenas-um-trabalho-mas-uma-missao.html\" \/>\n<meta property=\"og:locale\" content=\"pt_BR\" \/>\n<meta property=\"og:type\" content=\"article\" \/>\n<meta property=\"og:title\" content=\"Papa: a educa\u00e7\u00e3o n\u00e3o pode ser apenas um trabalho, mas uma miss\u00e3o - Not\u00edcias - Franciscanos\" \/>\n<meta property=\"og:description\" content=\"Papa Francisco recebe os Lassalistas.\" \/>\n<meta property=\"og:url\" content=\"https:\/\/franciscanos.org.br\/noticias\/papa-a-educacao-nao-pode-ser-apenas-um-trabalho-mas-uma-missao.html\" \/>\n<meta property=\"og:site_name\" content=\"Not\u00edcias - Franciscanos\" \/>\n<meta property=\"article:published_time\" content=\"2019-05-16T12:59:04+00:00\" \/>\n<meta property=\"article:modified_time\" content=\"2020-09-01T13:37:55+00:00\" \/>\n<meta property=\"og:image\" content=\"https:\/\/franciscanos.org.br\/noticias\/wp-content\/uploads\/2019\/05\/PAPA_160519d.jpg\" \/>\n\t<meta property=\"og:image:width\" content=\"273\" \/>\n\t<meta property=\"og:image:height\" content=\"181\" \/>\n\t<meta property=\"og:image:type\" content=\"image\/jpeg\" \/>\n<meta name=\"author\" content=\"moacir\" \/>\n<meta name=\"twitter:card\" content=\"summary_large_image\" \/>\n<meta name=\"twitter:label1\" content=\"Escrito por\" \/>\n\t<meta name=\"twitter:data1\" content=\"moacir\" \/>\n\t<meta name=\"twitter:label2\" content=\"Est. tempo de leitura\" \/>\n\t<meta name=\"twitter:data2\" content=\"5 minutos\" \/>\n<script type=\"application\/ld+json\" class=\"yoast-schema-graph\">{\"@context\":\"https:\/\/schema.org\",\"@graph\":[{\"@type\":\"WebSite\",\"@id\":\"https:\/\/franciscanos.org.br\/noticias\/#website\",\"url\":\"https:\/\/franciscanos.org.br\/noticias\/\",\"name\":\"Not\u00edcias - Franciscanos\",\"description\":\"Prov\u00edncia Franciscana da Imaculada Concei\u00e7\u00e3o do Brasil - Ordem dos Frades Menores - OFM\",\"potentialAction\":[{\"@type\":\"SearchAction\",\"target\":{\"@type\":\"EntryPoint\",\"urlTemplate\":\"https:\/\/franciscanos.org.br\/noticias\/?s={search_term_string}\"},\"query-input\":\"required name=search_term_string\"}],\"inLanguage\":\"pt-BR\"},{\"@type\":\"ImageObject\",\"inLanguage\":\"pt-BR\",\"@id\":\"https:\/\/franciscanos.org.br\/noticias\/papa-a-educacao-nao-pode-ser-apenas-um-trabalho-mas-uma-missao.html#primaryimage\",\"url\":\"https:\/\/franciscanos.org.br\/noticias\/wp-content\/uploads\/2019\/05\/PAPA_160519d.jpg\",\"contentUrl\":\"https:\/\/franciscanos.org.br\/noticias\/wp-content\/uploads\/2019\/05\/PAPA_160519d.jpg\",\"width\":273,\"height\":181},{\"@type\":\"WebPage\",\"@id\":\"https:\/\/franciscanos.org.br\/noticias\/papa-a-educacao-nao-pode-ser-apenas-um-trabalho-mas-uma-missao.html#webpage\",\"url\":\"https:\/\/franciscanos.org.br\/noticias\/papa-a-educacao-nao-pode-ser-apenas-um-trabalho-mas-uma-missao.html\",\"name\":\"Papa: a educa\u00e7\u00e3o n\u00e3o pode ser apenas um trabalho, mas uma miss\u00e3o - Not\u00edcias - Franciscanos\",\"isPartOf\":{\"@id\":\"https:\/\/franciscanos.org.br\/noticias\/#website\"},\"primaryImageOfPage\":{\"@id\":\"https:\/\/franciscanos.org.br\/noticias\/papa-a-educacao-nao-pode-ser-apenas-um-trabalho-mas-uma-missao.html#primaryimage\"},\"datePublished\":\"2019-05-16T12:59:04+00:00\",\"dateModified\":\"2020-09-01T13:37:55+00:00\",\"author\":{\"@id\":\"https:\/\/franciscanos.org.br\/noticias\/#\/schema\/person\/b5c8cba458c330ccff548b056e95a5d4\"},\"breadcrumb\":{\"@id\":\"https:\/\/franciscanos.org.br\/noticias\/papa-a-educacao-nao-pode-ser-apenas-um-trabalho-mas-uma-missao.html#breadcrumb\"},\"inLanguage\":\"pt-BR\",\"potentialAction\":[{\"@type\":\"ReadAction\",\"target\":[\"https:\/\/franciscanos.org.br\/noticias\/papa-a-educacao-nao-pode-ser-apenas-um-trabalho-mas-uma-missao.html\"]}]},{\"@type\":\"BreadcrumbList\",\"@id\":\"https:\/\/franciscanos.org.br\/noticias\/papa-a-educacao-nao-pode-ser-apenas-um-trabalho-mas-uma-missao.html#breadcrumb\",\"itemListElement\":[{\"@type\":\"ListItem\",\"position\":1,\"name\":\"Home\",\"item\":\"https:\/\/franciscanos.org.br\/noticias\"},{\"@type\":\"ListItem\",\"position\":2,\"name\":\"Papa: a educa\u00e7\u00e3o n\u00e3o pode ser apenas um trabalho, mas uma miss\u00e3o\"}]},{\"@type\":\"Person\",\"@id\":\"https:\/\/franciscanos.org.br\/noticias\/#\/schema\/person\/b5c8cba458c330ccff548b056e95a5d4\",\"name\":\"moacir\",\"image\":{\"@type\":\"ImageObject\",\"inLanguage\":\"pt-BR\",\"@id\":\"https:\/\/franciscanos.org.br\/noticias\/#\/schema\/person\/image\/\",\"url\":\"https:\/\/secure.gravatar.com\/avatar\/d08aa2ce4c8dd416d4479aa8536fcf64?s=96&d=mm&r=g\",\"contentUrl\":\"https:\/\/secure.gravatar.com\/avatar\/d08aa2ce4c8dd416d4479aa8536fcf64?s=96&d=mm&r=g\",\"caption\":\"moacir\"},\"url\":\"https:\/\/franciscanos.org.br\/noticias\/author\/moacir\"}]}<\/script>\n<!-- \/ Yoast SEO plugin. -->","yoast_head_json":{"title":"Papa: a educa\u00e7\u00e3o n\u00e3o pode ser apenas um trabalho, mas uma miss\u00e3o - Not\u00edcias - Franciscanos","robots":{"index":"index","follow":"follow","max-snippet":"max-snippet:-1","max-image-preview":"max-image-preview:large","max-video-preview":"max-video-preview:-1"},"canonical":"https:\/\/franciscanos.org.br\/noticias\/papa-a-educacao-nao-pode-ser-apenas-um-trabalho-mas-uma-missao.html","og_locale":"pt_BR","og_type":"article","og_title":"Papa: a educa\u00e7\u00e3o n\u00e3o pode ser apenas um trabalho, mas uma miss\u00e3o - Not\u00edcias - Franciscanos","og_description":"Papa Francisco recebe os Lassalistas.","og_url":"https:\/\/franciscanos.org.br\/noticias\/papa-a-educacao-nao-pode-ser-apenas-um-trabalho-mas-uma-missao.html","og_site_name":"Not\u00edcias - Franciscanos","article_published_time":"2019-05-16T12:59:04+00:00","article_modified_time":"2020-09-01T13:37:55+00:00","og_image":[{"width":273,"height":181,"url":"https:\/\/franciscanos.org.br\/noticias\/wp-content\/uploads\/2019\/05\/PAPA_160519d.jpg","type":"image\/jpeg"}],"author":"moacir","twitter_card":"summary_large_image","twitter_misc":{"Escrito por":"moacir","Est. tempo de leitura":"5 minutos"},"schema":{"@context":"https:\/\/schema.org","@graph":[{"@type":"WebSite","@id":"https:\/\/franciscanos.org.br\/noticias\/#website","url":"https:\/\/franciscanos.org.br\/noticias\/","name":"Not\u00edcias - Franciscanos","description":"Prov\u00edncia Franciscana da Imaculada Concei\u00e7\u00e3o do Brasil - Ordem dos Frades Menores - OFM","potentialAction":[{"@type":"SearchAction","target":{"@type":"EntryPoint","urlTemplate":"https:\/\/franciscanos.org.br\/noticias\/?s={search_term_string}"},"query-input":"required name=search_term_string"}],"inLanguage":"pt-BR"},{"@type":"ImageObject","inLanguage":"pt-BR","@id":"https:\/\/franciscanos.org.br\/noticias\/papa-a-educacao-nao-pode-ser-apenas-um-trabalho-mas-uma-missao.html#primaryimage","url":"https:\/\/franciscanos.org.br\/noticias\/wp-content\/uploads\/2019\/05\/PAPA_160519d.jpg","contentUrl":"https:\/\/franciscanos.org.br\/noticias\/wp-content\/uploads\/2019\/05\/PAPA_160519d.jpg","width":273,"height":181},{"@type":"WebPage","@id":"https:\/\/franciscanos.org.br\/noticias\/papa-a-educacao-nao-pode-ser-apenas-um-trabalho-mas-uma-missao.html#webpage","url":"https:\/\/franciscanos.org.br\/noticias\/papa-a-educacao-nao-pode-ser-apenas-um-trabalho-mas-uma-missao.html","name":"Papa: a educa\u00e7\u00e3o n\u00e3o pode ser apenas um trabalho, mas uma miss\u00e3o - Not\u00edcias - Franciscanos","isPartOf":{"@id":"https:\/\/franciscanos.org.br\/noticias\/#website"},"primaryImageOfPage":{"@id":"https:\/\/franciscanos.org.br\/noticias\/papa-a-educacao-nao-pode-ser-apenas-um-trabalho-mas-uma-missao.html#primaryimage"},"datePublished":"2019-05-16T12:59:04+00:00","dateModified":"2020-09-01T13:37:55+00:00","author":{"@id":"https:\/\/franciscanos.org.br\/noticias\/#\/schema\/person\/b5c8cba458c330ccff548b056e95a5d4"},"breadcrumb":{"@id":"https:\/\/franciscanos.org.br\/noticias\/papa-a-educacao-nao-pode-ser-apenas-um-trabalho-mas-uma-missao.html#breadcrumb"},"inLanguage":"pt-BR","potentialAction":[{"@type":"ReadAction","target":["https:\/\/franciscanos.org.br\/noticias\/papa-a-educacao-nao-pode-ser-apenas-um-trabalho-mas-uma-missao.html"]}]},{"@type":"BreadcrumbList","@id":"https:\/\/franciscanos.org.br\/noticias\/papa-a-educacao-nao-pode-ser-apenas-um-trabalho-mas-uma-missao.html#breadcrumb","itemListElement":[{"@type":"ListItem","position":1,"name":"Home","item":"https:\/\/franciscanos.org.br\/noticias"},{"@type":"ListItem","position":2,"name":"Papa: a educa\u00e7\u00e3o n\u00e3o pode ser apenas um trabalho, mas uma miss\u00e3o"}]},{"@type":"Person","@id":"https:\/\/franciscanos.org.br\/noticias\/#\/schema\/person\/b5c8cba458c330ccff548b056e95a5d4","name":"moacir","image":{"@type":"ImageObject","inLanguage":"pt-BR","@id":"https:\/\/franciscanos.org.br\/noticias\/#\/schema\/person\/image\/","url":"https:\/\/secure.gravatar.com\/avatar\/d08aa2ce4c8dd416d4479aa8536fcf64?s=96&d=mm&r=g","contentUrl":"https:\/\/secure.gravatar.com\/avatar\/d08aa2ce4c8dd416d4479aa8536fcf64?s=96&d=mm&r=g","caption":"moacir"},"url":"https:\/\/franciscanos.org.br\/noticias\/author\/moacir"}]}},"_links":{"self":[{"href":"https:\/\/franciscanos.org.br\/noticias\/wp-json\/wp\/v2\/posts\/204764"}],"collection":[{"href":"https:\/\/franciscanos.org.br\/noticias\/wp-json\/wp\/v2\/posts"}],"about":[{"href":"https:\/\/franciscanos.org.br\/noticias\/wp-json\/wp\/v2\/types\/post"}],"author":[{"embeddable":true,"href":"https:\/\/franciscanos.org.br\/noticias\/wp-json\/wp\/v2\/users\/3"}],"replies":[{"embeddable":true,"href":"https:\/\/franciscanos.org.br\/noticias\/wp-json\/wp\/v2\/comments?post=204764"}],"version-history":[{"count":2,"href":"https:\/\/franciscanos.org.br\/noticias\/wp-json\/wp\/v2\/posts\/204764\/revisions"}],"predecessor-version":[{"id":228092,"href":"https:\/\/franciscanos.org.br\/noticias\/wp-json\/wp\/v2\/posts\/204764\/revisions\/228092"}],"wp:featuredmedia":[{"embeddable":true,"href":"https:\/\/franciscanos.org.br\/noticias\/wp-json\/wp\/v2\/media\/204766"}],"wp:attachment":[{"href":"https:\/\/franciscanos.org.br\/noticias\/wp-json\/wp\/v2\/media?parent=204764"}],"wp:term":[{"taxonomy":"category","embeddable":true,"href":"https:\/\/franciscanos.org.br\/noticias\/wp-json\/wp\/v2\/categories?post=204764"},{"taxonomy":"post_tag","embeddable":true,"href":"https:\/\/franciscanos.org.br\/noticias\/wp-json\/wp\/v2\/tags?post=204764"}],"curies":[{"name":"wp","href":"https:\/\/api.w.org\/{rel}","templated":true}]}}