{"id":204718,"date":"2019-05-14T07:52:41","date_gmt":"2019-05-14T10:52:41","guid":{"rendered":"https:\/\/franciscanos.org.br\/noticias\/?p=204718"},"modified":"2019-05-14T07:52:41","modified_gmt":"2019-05-14T10:52:41","slug":"beata-irma-dulce-o-anjo-bom-da-bahia-sera-proclamada-santa","status":"publish","type":"post","link":"https:\/\/franciscanos.org.br\/noticias\/beata-irma-dulce-o-anjo-bom-da-bahia-sera-proclamada-santa.html","title":{"rendered":"Beata Irm\u00e3 Dulce, o &#8220;Anjo bom da Bahia&#8221;, ser\u00e1 proclamada Santa"},"content":{"rendered":"<p><img loading=\"lazy\" class=\"alignnone size-full wp-image-204719\" src=\"https:\/\/franciscanos.org.br\/noticias\/wp-content\/uploads\/2019\/05\/dulce_140519.jpg\" alt=\"\" width=\"890\" height=\"577\" srcset=\"https:\/\/franciscanos.org.br\/noticias\/wp-content\/uploads\/2019\/05\/dulce_140519.jpg 890w, https:\/\/franciscanos.org.br\/noticias\/wp-content\/uploads\/2019\/05\/dulce_140519-450x292.jpg 450w, https:\/\/franciscanos.org.br\/noticias\/wp-content\/uploads\/2019\/05\/dulce_140519-768x498.jpg 768w, https:\/\/franciscanos.org.br\/noticias\/wp-content\/uploads\/2019\/05\/dulce_140519-150x97.jpg 150w\" sizes=\"(max-width: 890px) 100vw, 890px\" \/><br \/>\n<strong>Cidade do Vaticano &#8211;<\/strong> O Papa Francisco recebeu em audi\u00eancia esta segunda-feira, 13 de maio, o prefeito do Congrega\u00e7\u00e3o das Causas dos Santos, cardeal Angelo Becciu, na qual autorizou o Dicast\u00e9rio vaticano a promulgar os Decretos relacionados:<\/p>\n<p>&#8211; ao milagre, atribu\u00eddo \u00e0 intercess\u00e3o da Beata Dulce Lopes Pontes (nome de batismo: Maria Rita Lopes de Sousa Brito), conhecida como Irm\u00e3 Dulce \u2013 \u201cO Anjo bom da Bahia\u201d, recordada por sua obras de caridade e de assist\u00eancia aos pobres e necessitados. Religiosa da Congrega\u00e7\u00e3o das Irm\u00e3s Mission\u00e1rias da Imaculada Concei\u00e7\u00e3o da M\u00e3e de Deus, a Beata Irm\u00e3 Dulce nasceu em Salvador em 26 de maio de 1914 e ali faleceu em 22 de maio de 1992. Irm\u00e3 Dulce foi beatificada em 22 de maio de 2011 e com este decreto ser\u00e1 proclamada Santa proximamente em solene celebra\u00e7\u00e3o de canoniza\u00e7\u00f5es.<\/p>\n<p>&#8211; outro Decreto diz respeito ao milagre, atribu\u00eddo \u00e0 intercess\u00e3o da Beata Giuseppina Vannini (nome de batismo: Giulia Adelaide Agata), fundadora das Filhas de S\u00e3o Camilo, nascida em Roma em 7 de julho de 1859 e falecida na capital italiana em 23 de fevereiro de 1911;<\/p>\n<p>&#8211; \u00e0s virtudes heroicas do Servo de Deus Salvador Pinzetta (nome de batismo: Erm\u00ednio Pinzetta), religioso da Ordem dos Frades Menores Capuchinhos; nascido em Casca, no Rio Grande do Sul (Brasil) em 27 de julho de 1911 e falecido em Flores da Cunha (RS) em 31 de maio de 1972;<\/p>\n<p>&#8211; ao milagre, atribu\u00eddo \u00e0 intercess\u00e3o da Vener\u00e1vel Serva de Deus Lucia dell\u2019Immacolada (nome de batismo: Maria Ripamonti), Irm\u00e3 professa do Instituto das Servas da Caridade; nascida em Acquate (It\u00e1lia) em 26 de maio de 1909 e falecida em Brescia (It\u00e1lia) em 4 de julho de 1954;<\/p>\n<p>&#8211; \u00e0s virtudes heroicas do Servo de Deus Giovanni Battista Pinardi, Bispo auxiliar de Turim, nascido em Castagnole Piemonte (It\u00e1lia) em 15 de agosto de 1880 e falecido em Turim em 2 de agosto de 1962;<\/p>\n<p>&#8211; \u00e0s virtudes heroicas do Servo de Deus Carlo Salerio, Sacerdote do Instituto das Miss\u00f5es Exteriores de Paris, Fundador do Instituto das Irm\u00e3s da Repara\u00e7\u00e3o; nascido em Mil\u00e3o (It\u00e1lia) em 22 de mar\u00e7o de 1827 e falecido em 29 de setembro de 1870;<\/p>\n<p>\u00c0s virtudes heroicas do Servo de Deus Domenico L\u00e1zaro Castro, Sacerdote professo da Sociedade Maria; nascido em San Adrian de Juarros (Espanha) em 10 de maio de 1877 e falecido em Madri em 22 de fevereiro de 1935;<\/p>\n<p>&#8211; \u00e0s virtudes heroicas da Serva de Deus Maria Eufrasia Iaconis (nome de batismo: Maria Giuseppina Amalia Sofia), Fundadora da Congrega\u00e7\u00e3o das Filhas da Imaculada Concei\u00e7\u00e3o; nascida em Casino de Calabria, hoje Castelsilano (It\u00e1lia) em 18 de novembro de 1867 e falecida em Buenos Aires (Argentina) em 2 de agosto de 1916.<\/p>\n","protected":false},"excerpt":{"rendered":"<p>Papa Francisco autoriza canoniza\u00e7\u00e3o de Irm\u00e3 Dulce.<\/p>\n","protected":false},"author":3,"featured_media":204720,"comment_status":"open","ping_status":"open","sticky":false,"template":"","format":"standard","meta":[],"categories":[1],"tags":[1452],"acf":[],"yoast_head":"<!-- This site is optimized with the Yoast SEO plugin v19.2 - https:\/\/yoast.com\/wordpress\/plugins\/seo\/ -->\n<title>Beata Irm\u00e3 Dulce, o &quot;Anjo bom da Bahia&quot;, ser\u00e1 proclamada Santa - Not\u00edcias - Franciscanos<\/title>\n<meta name=\"robots\" content=\"index, follow, max-snippet:-1, max-image-preview:large, max-video-preview:-1\" \/>\n<link rel=\"canonical\" href=\"https:\/\/franciscanos.org.br\/noticias\/beata-irma-dulce-o-anjo-bom-da-bahia-sera-proclamada-santa.html\" \/>\n<meta property=\"og:locale\" content=\"pt_BR\" \/>\n<meta property=\"og:type\" content=\"article\" \/>\n<meta property=\"og:title\" content=\"Beata Irm\u00e3 Dulce, o &quot;Anjo bom da Bahia&quot;, ser\u00e1 proclamada Santa - Not\u00edcias - Franciscanos\" \/>\n<meta property=\"og:description\" content=\"Papa Francisco autoriza canoniza\u00e7\u00e3o de Irm\u00e3 Dulce.\" \/>\n<meta property=\"og:url\" content=\"https:\/\/franciscanos.org.br\/noticias\/beata-irma-dulce-o-anjo-bom-da-bahia-sera-proclamada-santa.html\" \/>\n<meta property=\"og:site_name\" content=\"Not\u00edcias - Franciscanos\" \/>\n<meta property=\"article:published_time\" content=\"2019-05-14T10:52:41+00:00\" \/>\n<meta property=\"og:image\" content=\"https:\/\/franciscanos.org.br\/noticias\/wp-content\/uploads\/2019\/05\/dulce_140519d.jpg\" \/>\n\t<meta property=\"og:image:width\" content=\"273\" \/>\n\t<meta property=\"og:image:height\" content=\"181\" \/>\n\t<meta property=\"og:image:type\" content=\"image\/jpeg\" \/>\n<meta name=\"author\" content=\"moacir\" \/>\n<meta name=\"twitter:card\" content=\"summary_large_image\" \/>\n<meta name=\"twitter:label1\" content=\"Escrito por\" \/>\n\t<meta name=\"twitter:data1\" content=\"moacir\" \/>\n\t<meta name=\"twitter:label2\" content=\"Est. tempo de leitura\" \/>\n\t<meta name=\"twitter:data2\" content=\"2 minutos\" \/>\n<script type=\"application\/ld+json\" class=\"yoast-schema-graph\">{\"@context\":\"https:\/\/schema.org\",\"@graph\":[{\"@type\":\"WebSite\",\"@id\":\"https:\/\/franciscanos.org.br\/noticias\/#website\",\"url\":\"https:\/\/franciscanos.org.br\/noticias\/\",\"name\":\"Not\u00edcias - Franciscanos\",\"description\":\"Prov\u00edncia Franciscana da Imaculada Concei\u00e7\u00e3o do Brasil - Ordem dos Frades Menores - OFM\",\"potentialAction\":[{\"@type\":\"SearchAction\",\"target\":{\"@type\":\"EntryPoint\",\"urlTemplate\":\"https:\/\/franciscanos.org.br\/noticias\/?s={search_term_string}\"},\"query-input\":\"required name=search_term_string\"}],\"inLanguage\":\"pt-BR\"},{\"@type\":\"ImageObject\",\"inLanguage\":\"pt-BR\",\"@id\":\"https:\/\/franciscanos.org.br\/noticias\/beata-irma-dulce-o-anjo-bom-da-bahia-sera-proclamada-santa.html#primaryimage\",\"url\":\"https:\/\/franciscanos.org.br\/noticias\/wp-content\/uploads\/2019\/05\/dulce_140519d.jpg\",\"contentUrl\":\"https:\/\/franciscanos.org.br\/noticias\/wp-content\/uploads\/2019\/05\/dulce_140519d.jpg\",\"width\":273,\"height\":181},{\"@type\":\"WebPage\",\"@id\":\"https:\/\/franciscanos.org.br\/noticias\/beata-irma-dulce-o-anjo-bom-da-bahia-sera-proclamada-santa.html#webpage\",\"url\":\"https:\/\/franciscanos.org.br\/noticias\/beata-irma-dulce-o-anjo-bom-da-bahia-sera-proclamada-santa.html\",\"name\":\"Beata Irm\u00e3 Dulce, o \\\"Anjo bom da Bahia\\\", ser\u00e1 proclamada Santa - Not\u00edcias - Franciscanos\",\"isPartOf\":{\"@id\":\"https:\/\/franciscanos.org.br\/noticias\/#website\"},\"primaryImageOfPage\":{\"@id\":\"https:\/\/franciscanos.org.br\/noticias\/beata-irma-dulce-o-anjo-bom-da-bahia-sera-proclamada-santa.html#primaryimage\"},\"datePublished\":\"2019-05-14T10:52:41+00:00\",\"dateModified\":\"2019-05-14T10:52:41+00:00\",\"author\":{\"@id\":\"https:\/\/franciscanos.org.br\/noticias\/#\/schema\/person\/b5c8cba458c330ccff548b056e95a5d4\"},\"breadcrumb\":{\"@id\":\"https:\/\/franciscanos.org.br\/noticias\/beata-irma-dulce-o-anjo-bom-da-bahia-sera-proclamada-santa.html#breadcrumb\"},\"inLanguage\":\"pt-BR\",\"potentialAction\":[{\"@type\":\"ReadAction\",\"target\":[\"https:\/\/franciscanos.org.br\/noticias\/beata-irma-dulce-o-anjo-bom-da-bahia-sera-proclamada-santa.html\"]}]},{\"@type\":\"BreadcrumbList\",\"@id\":\"https:\/\/franciscanos.org.br\/noticias\/beata-irma-dulce-o-anjo-bom-da-bahia-sera-proclamada-santa.html#breadcrumb\",\"itemListElement\":[{\"@type\":\"ListItem\",\"position\":1,\"name\":\"Home\",\"item\":\"https:\/\/franciscanos.org.br\/noticias\"},{\"@type\":\"ListItem\",\"position\":2,\"name\":\"Beata Irm\u00e3 Dulce, o &#8220;Anjo bom da Bahia&#8221;, ser\u00e1 proclamada Santa\"}]},{\"@type\":\"Person\",\"@id\":\"https:\/\/franciscanos.org.br\/noticias\/#\/schema\/person\/b5c8cba458c330ccff548b056e95a5d4\",\"name\":\"moacir\",\"image\":{\"@type\":\"ImageObject\",\"inLanguage\":\"pt-BR\",\"@id\":\"https:\/\/franciscanos.org.br\/noticias\/#\/schema\/person\/image\/\",\"url\":\"https:\/\/secure.gravatar.com\/avatar\/d08aa2ce4c8dd416d4479aa8536fcf64?s=96&d=mm&r=g\",\"contentUrl\":\"https:\/\/secure.gravatar.com\/avatar\/d08aa2ce4c8dd416d4479aa8536fcf64?s=96&d=mm&r=g\",\"caption\":\"moacir\"},\"url\":\"https:\/\/franciscanos.org.br\/noticias\/author\/moacir\"}]}<\/script>\n<!-- \/ Yoast SEO plugin. -->","yoast_head_json":{"title":"Beata Irm\u00e3 Dulce, o \"Anjo bom da Bahia\", ser\u00e1 proclamada Santa - Not\u00edcias - Franciscanos","robots":{"index":"index","follow":"follow","max-snippet":"max-snippet:-1","max-image-preview":"max-image-preview:large","max-video-preview":"max-video-preview:-1"},"canonical":"https:\/\/franciscanos.org.br\/noticias\/beata-irma-dulce-o-anjo-bom-da-bahia-sera-proclamada-santa.html","og_locale":"pt_BR","og_type":"article","og_title":"Beata Irm\u00e3 Dulce, o \"Anjo bom da Bahia\", ser\u00e1 proclamada Santa - Not\u00edcias - Franciscanos","og_description":"Papa Francisco autoriza canoniza\u00e7\u00e3o de Irm\u00e3 Dulce.","og_url":"https:\/\/franciscanos.org.br\/noticias\/beata-irma-dulce-o-anjo-bom-da-bahia-sera-proclamada-santa.html","og_site_name":"Not\u00edcias - Franciscanos","article_published_time":"2019-05-14T10:52:41+00:00","og_image":[{"width":273,"height":181,"url":"https:\/\/franciscanos.org.br\/noticias\/wp-content\/uploads\/2019\/05\/dulce_140519d.jpg","type":"image\/jpeg"}],"author":"moacir","twitter_card":"summary_large_image","twitter_misc":{"Escrito por":"moacir","Est. tempo de leitura":"2 minutos"},"schema":{"@context":"https:\/\/schema.org","@graph":[{"@type":"WebSite","@id":"https:\/\/franciscanos.org.br\/noticias\/#website","url":"https:\/\/franciscanos.org.br\/noticias\/","name":"Not\u00edcias - Franciscanos","description":"Prov\u00edncia Franciscana da Imaculada Concei\u00e7\u00e3o do Brasil - Ordem dos Frades Menores - OFM","potentialAction":[{"@type":"SearchAction","target":{"@type":"EntryPoint","urlTemplate":"https:\/\/franciscanos.org.br\/noticias\/?s={search_term_string}"},"query-input":"required name=search_term_string"}],"inLanguage":"pt-BR"},{"@type":"ImageObject","inLanguage":"pt-BR","@id":"https:\/\/franciscanos.org.br\/noticias\/beata-irma-dulce-o-anjo-bom-da-bahia-sera-proclamada-santa.html#primaryimage","url":"https:\/\/franciscanos.org.br\/noticias\/wp-content\/uploads\/2019\/05\/dulce_140519d.jpg","contentUrl":"https:\/\/franciscanos.org.br\/noticias\/wp-content\/uploads\/2019\/05\/dulce_140519d.jpg","width":273,"height":181},{"@type":"WebPage","@id":"https:\/\/franciscanos.org.br\/noticias\/beata-irma-dulce-o-anjo-bom-da-bahia-sera-proclamada-santa.html#webpage","url":"https:\/\/franciscanos.org.br\/noticias\/beata-irma-dulce-o-anjo-bom-da-bahia-sera-proclamada-santa.html","name":"Beata Irm\u00e3 Dulce, o \"Anjo bom da Bahia\", ser\u00e1 proclamada Santa - Not\u00edcias - Franciscanos","isPartOf":{"@id":"https:\/\/franciscanos.org.br\/noticias\/#website"},"primaryImageOfPage":{"@id":"https:\/\/franciscanos.org.br\/noticias\/beata-irma-dulce-o-anjo-bom-da-bahia-sera-proclamada-santa.html#primaryimage"},"datePublished":"2019-05-14T10:52:41+00:00","dateModified":"2019-05-14T10:52:41+00:00","author":{"@id":"https:\/\/franciscanos.org.br\/noticias\/#\/schema\/person\/b5c8cba458c330ccff548b056e95a5d4"},"breadcrumb":{"@id":"https:\/\/franciscanos.org.br\/noticias\/beata-irma-dulce-o-anjo-bom-da-bahia-sera-proclamada-santa.html#breadcrumb"},"inLanguage":"pt-BR","potentialAction":[{"@type":"ReadAction","target":["https:\/\/franciscanos.org.br\/noticias\/beata-irma-dulce-o-anjo-bom-da-bahia-sera-proclamada-santa.html"]}]},{"@type":"BreadcrumbList","@id":"https:\/\/franciscanos.org.br\/noticias\/beata-irma-dulce-o-anjo-bom-da-bahia-sera-proclamada-santa.html#breadcrumb","itemListElement":[{"@type":"ListItem","position":1,"name":"Home","item":"https:\/\/franciscanos.org.br\/noticias"},{"@type":"ListItem","position":2,"name":"Beata Irm\u00e3 Dulce, o &#8220;Anjo bom da Bahia&#8221;, ser\u00e1 proclamada Santa"}]},{"@type":"Person","@id":"https:\/\/franciscanos.org.br\/noticias\/#\/schema\/person\/b5c8cba458c330ccff548b056e95a5d4","name":"moacir","image":{"@type":"ImageObject","inLanguage":"pt-BR","@id":"https:\/\/franciscanos.org.br\/noticias\/#\/schema\/person\/image\/","url":"https:\/\/secure.gravatar.com\/avatar\/d08aa2ce4c8dd416d4479aa8536fcf64?s=96&d=mm&r=g","contentUrl":"https:\/\/secure.gravatar.com\/avatar\/d08aa2ce4c8dd416d4479aa8536fcf64?s=96&d=mm&r=g","caption":"moacir"},"url":"https:\/\/franciscanos.org.br\/noticias\/author\/moacir"}]}},"_links":{"self":[{"href":"https:\/\/franciscanos.org.br\/noticias\/wp-json\/wp\/v2\/posts\/204718"}],"collection":[{"href":"https:\/\/franciscanos.org.br\/noticias\/wp-json\/wp\/v2\/posts"}],"about":[{"href":"https:\/\/franciscanos.org.br\/noticias\/wp-json\/wp\/v2\/types\/post"}],"author":[{"embeddable":true,"href":"https:\/\/franciscanos.org.br\/noticias\/wp-json\/wp\/v2\/users\/3"}],"replies":[{"embeddable":true,"href":"https:\/\/franciscanos.org.br\/noticias\/wp-json\/wp\/v2\/comments?post=204718"}],"version-history":[{"count":0,"href":"https:\/\/franciscanos.org.br\/noticias\/wp-json\/wp\/v2\/posts\/204718\/revisions"}],"wp:featuredmedia":[{"embeddable":true,"href":"https:\/\/franciscanos.org.br\/noticias\/wp-json\/wp\/v2\/media\/204720"}],"wp:attachment":[{"href":"https:\/\/franciscanos.org.br\/noticias\/wp-json\/wp\/v2\/media?parent=204718"}],"wp:term":[{"taxonomy":"category","embeddable":true,"href":"https:\/\/franciscanos.org.br\/noticias\/wp-json\/wp\/v2\/categories?post=204718"},{"taxonomy":"post_tag","embeddable":true,"href":"https:\/\/franciscanos.org.br\/noticias\/wp-json\/wp\/v2\/tags?post=204718"}],"curies":[{"name":"wp","href":"https:\/\/api.w.org\/{rel}","templated":true}]}}