{"id":204711,"date":"2019-05-12T23:51:53","date_gmt":"2019-05-13T02:51:53","guid":{"rendered":"https:\/\/franciscanos.org.br\/noticias\/?p=204711"},"modified":"2019-05-13T07:52:10","modified_gmt":"2019-05-13T10:52:10","slug":"papa-ordena-19-sacerdotes-sejam-proximos-ao-povo-de-deus","status":"publish","type":"post","link":"https:\/\/franciscanos.org.br\/noticias\/papa-ordena-19-sacerdotes-sejam-proximos-ao-povo-de-deus.html","title":{"rendered":"Papa ordena 19 sacerdotes: &#8220;Sejam pr\u00f3ximos ao povo de Deus&#8221;"},"content":{"rendered":"<p><img loading=\"lazy\" class=\"alignnone size-full wp-image-204712\" src=\"https:\/\/franciscanos.org.br\/noticias\/wp-content\/uploads\/2019\/05\/vocare_130519.jpg\" alt=\"\" width=\"890\" height=\"501\" srcset=\"https:\/\/franciscanos.org.br\/noticias\/wp-content\/uploads\/2019\/05\/vocare_130519.jpg 890w, https:\/\/franciscanos.org.br\/noticias\/wp-content\/uploads\/2019\/05\/vocare_130519-450x253.jpg 450w, https:\/\/franciscanos.org.br\/noticias\/wp-content\/uploads\/2019\/05\/vocare_130519-768x432.jpg 768w, https:\/\/franciscanos.org.br\/noticias\/wp-content\/uploads\/2019\/05\/vocare_130519-150x84.jpg 150w\" sizes=\"(max-width: 890px) 100vw, 890px\" \/><\/p>\n<p><strong>Cidade do Vaticano<\/strong> &#8211; Neste domingo do Bom Pastor, 56\u00ba Dia Mundial de ora\u00e7\u00e3o pelas voca\u00e7\u00f5es, a Diocese de Roma ganhou 19 sacerdotes, ordenados pelo seu bispo, o Papa Francisco, na Bas\u00edlica de S\u00e3o Pedro. Concelebraram com o Papa os Cardeais Angelo De Donatis, Vig\u00e1rio de Roma, Santos Abril y Castell\u00f2, arcipreste em\u00e9rito da Bas\u00edlica de Santa Maria Maior.<\/p>\n<p>H\u00e1 15 italianos entre os 19 ordinandos, enquanto os outros quatro s\u00e3o origin\u00e1rios da Cro\u00e1cia, Peru, Haiti, e Jap\u00e3o. Oito pertencem \u00e0 Fraternidade Sacerdotal do Filhos da Cruz; um \u00e9 membro da Fam\u00edlia dos Disc\u00edpulos; dois prov\u00eam do Pontif\u00edcio Semin\u00e1rio Maior Romano e oito do Col\u00e9gio Diocesano Redemptoris Mater.\u00a0Na ordena\u00e7\u00e3o presbiteral, o Papa pronunciou a \u2018Homilia ritual\u2019, prevista pelo Pontifical Romano, com alguns acr\u00e9scimos.<\/p>\n<p>\u201cConsiderem que exercendo o minist\u00e9rio da doutrina sagrada, voc\u00eas ser\u00e3o part\u00edcipes da miss\u00e3o de Cristo, o \u00fanico mestre. Isto n\u00e3o \u00e9 uma associa\u00e7\u00e3o cultural, n\u00e3o \u00e9 um sindicato: voc\u00eas ser\u00e3o envolvidos no mist\u00e9rio de Cristo\u201d.\u00a0E ainda improvisando, recomendou: \u201cNunca se pode fazer uma homilia, uma prega\u00e7\u00e3o sem muita ora\u00e7\u00e3o, com a B\u00edblia na m\u00e3o. N\u00e3o se esque\u00e7am disto!\u201d, disse, convidando os novos sacerdotes a serem \u201chomens de ora\u00e7\u00e3o, homens de sacrif\u00edcio\u201d.<\/p>\n<p>O Pont\u00edfice pediu aos novos sacerdotes principalmente \u2018proximidade\u2019, explicando: \u201cSejam pr\u00f3ximos de Deus na ora\u00e7\u00e3o, pr\u00f3ximos ao bispo, que \u00e9 o seu pai, pr\u00f3ximos no sacerd\u00f3cio como irm\u00e3os, sem \u2018acotovelar-se\u2019 um contra o outro; pr\u00f3ximos ao povo de Deus, tendo sempre diante dos olhos o exemplo de Cristo, o bom pastor que n\u00e3o veio para ser servido, mas para servir\u201d.<\/p>\n<p>\u201cEstejam atentos na celebra\u00e7\u00e3o da Eucaristia; reconhe\u00e7am e reflitam sobre o que celebrarem, porque participando ao mist\u00e9rio da morte e da ressurrei\u00e7\u00e3o do Senhor voc\u00eas levam a morte de Cristo em seus membros e caminham com ele em unidade de vida\u201d.<\/p>\n<p>\u201cO Senhor quis salvar-nos gratuitamente; Ele mesmo nos disse: \u2018Deem gratuitamente aquilo que receberam gratuitamente\u2019. A celebra\u00e7\u00e3o da Eucaristia \u00e9 o \u00e1pice da gratuidade do Senhor. N\u00e3o a sujem com interesses mesquinhos\u201d, disse.<\/p>\n<p>O Papa alertou ainda: \u201cN\u00e3o se cansem de ser misericordiosos, tal como o Pai, tal como Jesus foi misericordioso com voc\u00eas\u201d; \u201cGastem tempo visitando os doentes, tentem agradar a Deus e n\u00e3o a si mesmos; a alegria sacerdotal se encontra exclusivamente seguindo este caminho: tentando agradar a Deus\u201d.<\/p>\n<hr \/>\n<h3>REGINA COELI<\/h3>\n<p>Poucos minutos ap\u00f3s celebrar a Eucaristia e ordenar 19 novos sacerdotes para a sua diocese, o Bispo de Roma foi ao balc\u00e3o da janela de seu escrit\u00f3rio para o tradicional momento da ora\u00e7\u00e3o mariana dominical que, nesta \u00e9poca do Ano Lit\u00fargico, \u00e9 o Regina Coeli.\u00a0 Neste domingo (12\/05), milhares de pessoas o aguardavam para ouvir suas palavras e em seguida, rezar com ele. Francisco iniciou refletindo sobre o Evangelho do dia, conhecido como o do Bom Pastor.<\/p>\n<p>\u201cO Bom Pastor &#8211; Jesus &#8211; est\u00e1 atento a cada um de n\u00f3s, nos procura e nos ama, dirigindo-nos a sua palavra, conhecendo em profundidade o nosso cora\u00e7\u00e3o, os nossos desejos e as nossas esperan\u00e7as, bem como os nossos fracassos e as nossas decep\u00e7\u00f5es. Acolhe-nos e ama-nos como somos, com os nossos pontos fortes e fracos. Para cada um de n\u00f3s \u2018d\u00e1 a vida eterna\u2019: isto \u00e9, oferece-nos a possibilidade de viver uma vida plena, sem fim. Al\u00e9m disso, nos guarda e nos guia com amor, ajudando-nos a percorrer as trilhas mais arriscadas que surgem no caminho da vida\u201d.<\/p>\n<p>Assim sendo, completou o Papa, devemos corresponder \u00e0s atitudes ternas e carinhosas do Senhor, manter intimidade com Ele, segui-lo, saindo do labirinto dos caminhos errados, abandonando o comportamento ego\u00edsta para nos colocarmos nos novos caminhos da fraternidade e do dom de n\u00f3s mesmos, imitando-o.<\/p>\n<p>Neste sentido, concluiu o Papa, \u201cque Maria, M\u00e3e de Cristo Bom Pastor, ajude os chamados ao sacerd\u00f3cio e \u00e0 vida consagrada a acolher com alegria e disponibilidade o convite de Cristo para serem seus colaboradores mais diretos no an\u00fancio do Evangelho e no servi\u00e7o do Reino de Deus no nosso tempo\u201d.<\/p>\n<p><strong>M\u00e3es, obrigado por tutelar o valor da fam\u00edlia<\/strong><br \/>\nFrancisco rezou a ora\u00e7\u00e3o do Regina Coeli e concedeu a todos a sua b\u00ean\u00e7\u00e3o apost\u00f3lica e se despediu dos fi\u00e9is, romanos, e peregrinos com uma sauda\u00e7\u00e3o a todas as M\u00e3es do mundo, pedindo um aplauso a elas e recordando aquelas que continuam, \u2018do c\u00e9u\u2019, a velar por n\u00f3s com suas ora\u00e7\u00f5es.<\/p>\n<p>Em seguida o Papa chamou ao balc\u00e3o de sua janela dois sacerdotes rec\u00e9m-ordenados e com eles, aben\u00e7oou novamente todos os presentes.<\/p>\n<hr \/>\n<h3><strong>NOVO ATENTADO EM BURKINA FASSO\u00a0<\/strong><\/h3>\n<p>\u201cPapa Francisco recebeu com dor a not\u00edcia do ataque \u00e0 igreja de Dablo, em Burkina Fasso. Ele reza pelas v\u00edtimas, seus familiares e por toda a comunidade crist\u00e3 do pa\u00eds\u201d, assim referiu o diretor interino da Sala de Imprensa da Santa S\u00e9, Alessandro Gisotti, a respeito do atentado ocorrido em Dablo, na manh\u00e3 do domingo, 12 de maio.<\/p>\n<p><strong>A dor das testemunhas<\/strong><br \/>\nA Missa tinha come\u00e7ado h\u00e1 pouco na par\u00f3quia do Beato Isidoro Bakania em Dablo, no norte do pa\u00eds, quando um comando de 20 jihadistas, chegaram a bordo de motos, e circundaram a igreja. \u00c9 o terr\u00edvel testemunho, segundo a ag\u00eancia de not\u00edcias Ansa, do ataque \u00e0 igreja, obtido de fontes locais. O objetivo, explicam as fontes, era o sacerdote burkinab\u00e9, Abb\u00e9 Sim\u00e9on Yampa, 34 anos, encarregado do di\u00e1logo inter-religioso na sua diocese: quando alguns tentaram escapar, os terroristas foram atr\u00e1s e atiraram. Depois, dentro da igreja, fizeram todos deitarem no ch\u00e3o e escolheram cinco deles e os mataram. A sangue frio, sem piedade.<\/p>\n<p><strong>Os terroristas incendiaram a igreja<\/strong><br \/>\nOs terroristas, declarou o prefeito de Dablo, Ousmane Zongo, \u201cincendiaram a igreja para depois assaltar um ambulat\u00f3rio e incendiar tamb\u00e9m este\u201d. A cidade entrou em p\u00e2nico, as pessoas ficaram dentro de suas casas e todas as atividades comerciais ficaram fechadas. Em seguida, foram enviados militares de Barsalogho, cidade vizinha a 45 quil\u00f4metros, que rastrearam a localidade durante todo o dia.<\/p>\n<p><strong>Em 29 de abril tinha sido atacada uma igreja protestante<\/strong><br \/>\nEm 29 de abril passado, o terrorismo isl\u00e2mico tinha atacado outra igreja, tamb\u00e9m no domingo e durante uma celebra\u00e7\u00e3o. Na ocasi\u00e3o mataram um pastor protestante e cinco fi\u00e9is na localidade de Silgadji, a 60 quil\u00f4metros de Djibo, capital da prov\u00edncia de Soum.<\/p>\n<p><strong>Os atentados dos jihadistas na regi\u00e3o de Sahel causaram 350 mortes<\/strong><br \/>\nDesde 2014, a Fran\u00e7a convocou 4.500 militares na zona do Sahel, dentro do programa de opera\u00e7\u00f5es anti-jihadistas Narkhane \u2013 em colabora\u00e7\u00e3o com os pa\u00edses do G5 Sahel (Burkina Fasso, Chade, Mali, Maurit\u00e2nia e N\u00edger) \u2013 mas sem chegar aos l\u00edderes de organiza\u00e7\u00f5es como Ansaroul Isl\u00e3, o Estado isl\u00e2mico do grande Sahara, o grupo de apoio ao isl\u00e3 e aos mu\u00e7ulmanos, que desde 2015, apenas em Burkina Fasso, causaram pelo menos 350 mortes.<\/p>\n","protected":false},"excerpt":{"rendered":"<p>Papa Francisco no Dia Mundial de Ora\u00e7\u00e3o pelas Voca\u00e7\u00f5es<\/p>\n","protected":false},"author":3,"featured_media":204713,"comment_status":"open","ping_status":"open","sticky":false,"template":"","format":"standard","meta":[],"categories":[1428],"tags":[55],"acf":[],"yoast_head":"<!-- This site is optimized with the Yoast SEO plugin v19.2 - https:\/\/yoast.com\/wordpress\/plugins\/seo\/ -->\n<title>Papa ordena 19 sacerdotes: &quot;Sejam pr\u00f3ximos ao povo de Deus&quot; - Not\u00edcias - Franciscanos<\/title>\n<meta name=\"robots\" content=\"index, follow, max-snippet:-1, max-image-preview:large, max-video-preview:-1\" \/>\n<link rel=\"canonical\" href=\"https:\/\/franciscanos.org.br\/noticias\/papa-ordena-19-sacerdotes-sejam-proximos-ao-povo-de-deus.html\" \/>\n<meta property=\"og:locale\" content=\"pt_BR\" \/>\n<meta property=\"og:type\" content=\"article\" \/>\n<meta property=\"og:title\" content=\"Papa ordena 19 sacerdotes: &quot;Sejam pr\u00f3ximos ao povo de Deus&quot; - Not\u00edcias - Franciscanos\" \/>\n<meta property=\"og:description\" content=\"Papa Francisco no Dia Mundial de Ora\u00e7\u00e3o pelas Voca\u00e7\u00f5es\" \/>\n<meta property=\"og:url\" content=\"https:\/\/franciscanos.org.br\/noticias\/papa-ordena-19-sacerdotes-sejam-proximos-ao-povo-de-deus.html\" \/>\n<meta property=\"og:site_name\" content=\"Not\u00edcias - Franciscanos\" \/>\n<meta property=\"article:published_time\" content=\"2019-05-13T02:51:53+00:00\" \/>\n<meta property=\"article:modified_time\" content=\"2019-05-13T10:52:10+00:00\" \/>\n<meta property=\"og:image\" content=\"https:\/\/franciscanos.org.br\/noticias\/wp-content\/uploads\/2019\/05\/vocare_130519d.jpg\" \/>\n\t<meta property=\"og:image:width\" content=\"273\" \/>\n\t<meta property=\"og:image:height\" content=\"181\" \/>\n\t<meta property=\"og:image:type\" content=\"image\/jpeg\" \/>\n<meta name=\"author\" content=\"moacir\" \/>\n<meta name=\"twitter:card\" content=\"summary_large_image\" \/>\n<meta name=\"twitter:label1\" content=\"Escrito por\" \/>\n\t<meta name=\"twitter:data1\" content=\"moacir\" \/>\n\t<meta name=\"twitter:label2\" content=\"Est. tempo de leitura\" \/>\n\t<meta name=\"twitter:data2\" content=\"6 minutos\" \/>\n<script type=\"application\/ld+json\" class=\"yoast-schema-graph\">{\"@context\":\"https:\/\/schema.org\",\"@graph\":[{\"@type\":\"WebSite\",\"@id\":\"https:\/\/franciscanos.org.br\/noticias\/#website\",\"url\":\"https:\/\/franciscanos.org.br\/noticias\/\",\"name\":\"Not\u00edcias - Franciscanos\",\"description\":\"Prov\u00edncia Franciscana da Imaculada Concei\u00e7\u00e3o do Brasil - Ordem dos Frades Menores - OFM\",\"potentialAction\":[{\"@type\":\"SearchAction\",\"target\":{\"@type\":\"EntryPoint\",\"urlTemplate\":\"https:\/\/franciscanos.org.br\/noticias\/?s={search_term_string}\"},\"query-input\":\"required name=search_term_string\"}],\"inLanguage\":\"pt-BR\"},{\"@type\":\"ImageObject\",\"inLanguage\":\"pt-BR\",\"@id\":\"https:\/\/franciscanos.org.br\/noticias\/papa-ordena-19-sacerdotes-sejam-proximos-ao-povo-de-deus.html#primaryimage\",\"url\":\"https:\/\/franciscanos.org.br\/noticias\/wp-content\/uploads\/2019\/05\/vocare_130519d.jpg\",\"contentUrl\":\"https:\/\/franciscanos.org.br\/noticias\/wp-content\/uploads\/2019\/05\/vocare_130519d.jpg\",\"width\":273,\"height\":181},{\"@type\":\"WebPage\",\"@id\":\"https:\/\/franciscanos.org.br\/noticias\/papa-ordena-19-sacerdotes-sejam-proximos-ao-povo-de-deus.html#webpage\",\"url\":\"https:\/\/franciscanos.org.br\/noticias\/papa-ordena-19-sacerdotes-sejam-proximos-ao-povo-de-deus.html\",\"name\":\"Papa ordena 19 sacerdotes: \\\"Sejam pr\u00f3ximos ao povo de Deus\\\" - Not\u00edcias - Franciscanos\",\"isPartOf\":{\"@id\":\"https:\/\/franciscanos.org.br\/noticias\/#website\"},\"primaryImageOfPage\":{\"@id\":\"https:\/\/franciscanos.org.br\/noticias\/papa-ordena-19-sacerdotes-sejam-proximos-ao-povo-de-deus.html#primaryimage\"},\"datePublished\":\"2019-05-13T02:51:53+00:00\",\"dateModified\":\"2019-05-13T10:52:10+00:00\",\"author\":{\"@id\":\"https:\/\/franciscanos.org.br\/noticias\/#\/schema\/person\/b5c8cba458c330ccff548b056e95a5d4\"},\"breadcrumb\":{\"@id\":\"https:\/\/franciscanos.org.br\/noticias\/papa-ordena-19-sacerdotes-sejam-proximos-ao-povo-de-deus.html#breadcrumb\"},\"inLanguage\":\"pt-BR\",\"potentialAction\":[{\"@type\":\"ReadAction\",\"target\":[\"https:\/\/franciscanos.org.br\/noticias\/papa-ordena-19-sacerdotes-sejam-proximos-ao-povo-de-deus.html\"]}]},{\"@type\":\"BreadcrumbList\",\"@id\":\"https:\/\/franciscanos.org.br\/noticias\/papa-ordena-19-sacerdotes-sejam-proximos-ao-povo-de-deus.html#breadcrumb\",\"itemListElement\":[{\"@type\":\"ListItem\",\"position\":1,\"name\":\"Home\",\"item\":\"https:\/\/franciscanos.org.br\/noticias\"},{\"@type\":\"ListItem\",\"position\":2,\"name\":\"Papa ordena 19 sacerdotes: &#8220;Sejam pr\u00f3ximos ao povo de Deus&#8221;\"}]},{\"@type\":\"Person\",\"@id\":\"https:\/\/franciscanos.org.br\/noticias\/#\/schema\/person\/b5c8cba458c330ccff548b056e95a5d4\",\"name\":\"moacir\",\"image\":{\"@type\":\"ImageObject\",\"inLanguage\":\"pt-BR\",\"@id\":\"https:\/\/franciscanos.org.br\/noticias\/#\/schema\/person\/image\/\",\"url\":\"https:\/\/secure.gravatar.com\/avatar\/d08aa2ce4c8dd416d4479aa8536fcf64?s=96&d=mm&r=g\",\"contentUrl\":\"https:\/\/secure.gravatar.com\/avatar\/d08aa2ce4c8dd416d4479aa8536fcf64?s=96&d=mm&r=g\",\"caption\":\"moacir\"},\"url\":\"https:\/\/franciscanos.org.br\/noticias\/author\/moacir\"}]}<\/script>\n<!-- \/ Yoast SEO plugin. -->","yoast_head_json":{"title":"Papa ordena 19 sacerdotes: \"Sejam pr\u00f3ximos ao povo de Deus\" - Not\u00edcias - Franciscanos","robots":{"index":"index","follow":"follow","max-snippet":"max-snippet:-1","max-image-preview":"max-image-preview:large","max-video-preview":"max-video-preview:-1"},"canonical":"https:\/\/franciscanos.org.br\/noticias\/papa-ordena-19-sacerdotes-sejam-proximos-ao-povo-de-deus.html","og_locale":"pt_BR","og_type":"article","og_title":"Papa ordena 19 sacerdotes: \"Sejam pr\u00f3ximos ao povo de Deus\" - Not\u00edcias - Franciscanos","og_description":"Papa Francisco no Dia Mundial de Ora\u00e7\u00e3o pelas Voca\u00e7\u00f5es","og_url":"https:\/\/franciscanos.org.br\/noticias\/papa-ordena-19-sacerdotes-sejam-proximos-ao-povo-de-deus.html","og_site_name":"Not\u00edcias - Franciscanos","article_published_time":"2019-05-13T02:51:53+00:00","article_modified_time":"2019-05-13T10:52:10+00:00","og_image":[{"width":273,"height":181,"url":"https:\/\/franciscanos.org.br\/noticias\/wp-content\/uploads\/2019\/05\/vocare_130519d.jpg","type":"image\/jpeg"}],"author":"moacir","twitter_card":"summary_large_image","twitter_misc":{"Escrito por":"moacir","Est. tempo de leitura":"6 minutos"},"schema":{"@context":"https:\/\/schema.org","@graph":[{"@type":"WebSite","@id":"https:\/\/franciscanos.org.br\/noticias\/#website","url":"https:\/\/franciscanos.org.br\/noticias\/","name":"Not\u00edcias - Franciscanos","description":"Prov\u00edncia Franciscana da Imaculada Concei\u00e7\u00e3o do Brasil - Ordem dos Frades Menores - OFM","potentialAction":[{"@type":"SearchAction","target":{"@type":"EntryPoint","urlTemplate":"https:\/\/franciscanos.org.br\/noticias\/?s={search_term_string}"},"query-input":"required name=search_term_string"}],"inLanguage":"pt-BR"},{"@type":"ImageObject","inLanguage":"pt-BR","@id":"https:\/\/franciscanos.org.br\/noticias\/papa-ordena-19-sacerdotes-sejam-proximos-ao-povo-de-deus.html#primaryimage","url":"https:\/\/franciscanos.org.br\/noticias\/wp-content\/uploads\/2019\/05\/vocare_130519d.jpg","contentUrl":"https:\/\/franciscanos.org.br\/noticias\/wp-content\/uploads\/2019\/05\/vocare_130519d.jpg","width":273,"height":181},{"@type":"WebPage","@id":"https:\/\/franciscanos.org.br\/noticias\/papa-ordena-19-sacerdotes-sejam-proximos-ao-povo-de-deus.html#webpage","url":"https:\/\/franciscanos.org.br\/noticias\/papa-ordena-19-sacerdotes-sejam-proximos-ao-povo-de-deus.html","name":"Papa ordena 19 sacerdotes: \"Sejam pr\u00f3ximos ao povo de Deus\" - Not\u00edcias - Franciscanos","isPartOf":{"@id":"https:\/\/franciscanos.org.br\/noticias\/#website"},"primaryImageOfPage":{"@id":"https:\/\/franciscanos.org.br\/noticias\/papa-ordena-19-sacerdotes-sejam-proximos-ao-povo-de-deus.html#primaryimage"},"datePublished":"2019-05-13T02:51:53+00:00","dateModified":"2019-05-13T10:52:10+00:00","author":{"@id":"https:\/\/franciscanos.org.br\/noticias\/#\/schema\/person\/b5c8cba458c330ccff548b056e95a5d4"},"breadcrumb":{"@id":"https:\/\/franciscanos.org.br\/noticias\/papa-ordena-19-sacerdotes-sejam-proximos-ao-povo-de-deus.html#breadcrumb"},"inLanguage":"pt-BR","potentialAction":[{"@type":"ReadAction","target":["https:\/\/franciscanos.org.br\/noticias\/papa-ordena-19-sacerdotes-sejam-proximos-ao-povo-de-deus.html"]}]},{"@type":"BreadcrumbList","@id":"https:\/\/franciscanos.org.br\/noticias\/papa-ordena-19-sacerdotes-sejam-proximos-ao-povo-de-deus.html#breadcrumb","itemListElement":[{"@type":"ListItem","position":1,"name":"Home","item":"https:\/\/franciscanos.org.br\/noticias"},{"@type":"ListItem","position":2,"name":"Papa ordena 19 sacerdotes: &#8220;Sejam pr\u00f3ximos ao povo de Deus&#8221;"}]},{"@type":"Person","@id":"https:\/\/franciscanos.org.br\/noticias\/#\/schema\/person\/b5c8cba458c330ccff548b056e95a5d4","name":"moacir","image":{"@type":"ImageObject","inLanguage":"pt-BR","@id":"https:\/\/franciscanos.org.br\/noticias\/#\/schema\/person\/image\/","url":"https:\/\/secure.gravatar.com\/avatar\/d08aa2ce4c8dd416d4479aa8536fcf64?s=96&d=mm&r=g","contentUrl":"https:\/\/secure.gravatar.com\/avatar\/d08aa2ce4c8dd416d4479aa8536fcf64?s=96&d=mm&r=g","caption":"moacir"},"url":"https:\/\/franciscanos.org.br\/noticias\/author\/moacir"}]}},"_links":{"self":[{"href":"https:\/\/franciscanos.org.br\/noticias\/wp-json\/wp\/v2\/posts\/204711"}],"collection":[{"href":"https:\/\/franciscanos.org.br\/noticias\/wp-json\/wp\/v2\/posts"}],"about":[{"href":"https:\/\/franciscanos.org.br\/noticias\/wp-json\/wp\/v2\/types\/post"}],"author":[{"embeddable":true,"href":"https:\/\/franciscanos.org.br\/noticias\/wp-json\/wp\/v2\/users\/3"}],"replies":[{"embeddable":true,"href":"https:\/\/franciscanos.org.br\/noticias\/wp-json\/wp\/v2\/comments?post=204711"}],"version-history":[{"count":0,"href":"https:\/\/franciscanos.org.br\/noticias\/wp-json\/wp\/v2\/posts\/204711\/revisions"}],"wp:featuredmedia":[{"embeddable":true,"href":"https:\/\/franciscanos.org.br\/noticias\/wp-json\/wp\/v2\/media\/204713"}],"wp:attachment":[{"href":"https:\/\/franciscanos.org.br\/noticias\/wp-json\/wp\/v2\/media?parent=204711"}],"wp:term":[{"taxonomy":"category","embeddable":true,"href":"https:\/\/franciscanos.org.br\/noticias\/wp-json\/wp\/v2\/categories?post=204711"},{"taxonomy":"post_tag","embeddable":true,"href":"https:\/\/franciscanos.org.br\/noticias\/wp-json\/wp\/v2\/tags?post=204711"}],"curies":[{"name":"wp","href":"https:\/\/api.w.org\/{rel}","templated":true}]}}