{"id":204549,"date":"2019-05-11T10:16:12","date_gmt":"2019-05-11T13:16:12","guid":{"rendered":"https:\/\/franciscanos.org.br\/noticias\/?p=204549"},"modified":"2020-09-01T10:45:21","modified_gmt":"2020-09-01T13:45:21","slug":"papa-marca-encontro-em-assis-com-jovens-empresarios-para-discutir-nova-economia","status":"publish","type":"post","link":"https:\/\/franciscanos.org.br\/noticias\/papa-marca-encontro-em-assis-com-jovens-empresarios-para-discutir-nova-economia.html","title":{"rendered":"Papa marca evento com jovens economistas e empres\u00e1rios em Assis"},"content":{"rendered":"<p><img loading=\"lazy\" class=\"alignnone size-full wp-image-204550\" src=\"https:\/\/franciscanos.org.br\/noticias\/wp-content\/uploads\/2019\/05\/assis_1105.jpg\" alt=\"\" width=\"890\" height=\"501\" srcset=\"https:\/\/franciscanos.org.br\/noticias\/wp-content\/uploads\/2019\/05\/assis_1105.jpg 890w, https:\/\/franciscanos.org.br\/noticias\/wp-content\/uploads\/2019\/05\/assis_1105-450x253.jpg 450w, https:\/\/franciscanos.org.br\/noticias\/wp-content\/uploads\/2019\/05\/assis_1105-768x432.jpg 768w, https:\/\/franciscanos.org.br\/noticias\/wp-content\/uploads\/2019\/05\/assis_1105-150x84.jpg 150w\" sizes=\"(max-width: 890px) 100vw, 890px\" \/><\/p>\n<p>Foi divulgada na manh\u00e3 de s\u00e1bado (11\/05) uma carta escrita pelo Papa Francisco em que convida jovens economistas e empres\u00e1rios de todo o mundo a participarem com ele de um evento e de uma \u2018alian\u00e7a\u2019 a ser consolidada em Assis, de 26 a 28 de mar\u00e7o de 2020.<\/p>\n<p><strong>Assis, s\u00edmbolo de humanismo e fraternidade<\/strong><br \/>\nAssis, segundo o Pont\u00edfice, \u00e9 o lugar apropriado para inspirar uma nova economia, pois foi ali que Francisco se despojou de toda a mundanidade para escolher Deus como b\u00fassola da sua vida, tornando-se pobre com os pobres e irm\u00e3o de todos. Sua decis\u00e3o de abra\u00e7ar a pobreza tamb\u00e9m deu origem a uma vis\u00e3o econ\u00f4mica que permanece atual. Uma vis\u00e3o que pode dar esperan\u00e7a ao nosso futuro e beneficiar toda a nossa fam\u00edlia humana. \u00c9 uma vis\u00e3o necess\u00e1ria tamb\u00e9m para o destino de todo o planeta, nossa Casa Comum, &#8220;nossa irm\u00e3 M\u00e3e Terra&#8221;, nas palavras de S\u00e3o Francisco em seu C\u00e2ntico do Irm\u00e3o Sol.<\/p>\n<p><em>Laudato S\u00ed: tudo est\u00e1 interligado<\/em><br \/>\nRenovando seu apelo a p\u00f4r em pr\u00e1tica um modelo econ\u00f4mico fruto de uma cultura de comunh\u00e3o, baseada na fraternidade e na igualdade, o Papa destaca que a salvaguarda do meio ambiente n\u00e3o pode ser dissociada da garantia da justi\u00e7a para os pobres e que o exemplo not\u00e1vel do cuidado com os vulner\u00e1veis e uma ecologia integral \u00e9 Francisco de Assis.<\/p>\n<p><strong>Responder, n\u00e3o dar as costas<\/strong><br \/>\nO Papa acredita nos jovens como capazes de ouvir seus cora\u00e7\u00f5es, sentindo-se parte de uma cultura nova e corajosa, sem medo de enfrentar riscos e trabalhar para construir uma nova sociedade. \u201cUniversidades, empresas e organiza\u00e7\u00f5es s\u00e3o laborat\u00f3rios de esperan\u00e7a para criar novas formas de compreender a economia e o progresso, combater a cultura do desperd\u00edcio, dar voz a quem n\u00e3o tem nenhuma e propor novos estilos de vida\u201d, reitera.<\/p>\n<p><strong>Participar de um \u2018pacto comum\u2019<\/strong><br \/>\nO convite dirigido por Francisco \u00e9 a todos os rapazes e mo\u00e7as de boa vontade, al\u00e9m das diferen\u00e7as de cren\u00e7a e de nacionalidade, para que participem do evento inspirados por um ideal de fraternidade atenta sobretudo aos pobres e exclu\u00eddos e comprometam-se individualmente e em grupos a cultivar juntos o sonho de um novo humanismo, que responda \u00e0s expectativas dos homens e mulheres e ao projeto de Deus.<\/p>\n<p><strong>O ideal de Francisco<\/strong><br \/>\nLembrando o nome do encontro \u2013 \u201cEconomia de Francisco\u201d \u2013 que evoca claramente o Santo Homem de Assis e o Evangelho que ele viveu em completa coer\u00eancia, o Papa revela que tendo assumido seu nome, \u00e9 uma fonte constante de inspira\u00e7\u00e3o. \u201cS\u00e3o Francisco nos oferece um ideal e, em certo sentido, um programa\u201d.<\/p>\n","protected":false},"excerpt":{"rendered":"<p>Papa Francisco convida jovens economistas e empres\u00e1rios de todo o mundo a participarem, com ele, de evento em Assis.<\/p>\n","protected":false},"author":3,"featured_media":204551,"comment_status":"open","ping_status":"open","sticky":false,"template":"","format":"standard","meta":[],"categories":[1428],"tags":[55],"acf":[],"yoast_head":"<!-- This site is optimized with the Yoast SEO plugin v19.2 - https:\/\/yoast.com\/wordpress\/plugins\/seo\/ -->\n<title>Papa marca evento com jovens economistas e empres\u00e1rios em Assis - Not\u00edcias - Franciscanos<\/title>\n<meta name=\"robots\" content=\"index, follow, max-snippet:-1, max-image-preview:large, max-video-preview:-1\" \/>\n<link rel=\"canonical\" href=\"https:\/\/franciscanos.org.br\/noticias\/papa-marca-encontro-em-assis-com-jovens-empresarios-para-discutir-nova-economia.html\" \/>\n<meta property=\"og:locale\" content=\"pt_BR\" \/>\n<meta property=\"og:type\" content=\"article\" \/>\n<meta property=\"og:title\" content=\"Papa marca evento com jovens economistas e empres\u00e1rios em Assis - Not\u00edcias - Franciscanos\" \/>\n<meta property=\"og:description\" content=\"Papa Francisco convida jovens economistas e empres\u00e1rios de todo o mundo a participarem, com ele, de evento em Assis.\" \/>\n<meta property=\"og:url\" content=\"https:\/\/franciscanos.org.br\/noticias\/papa-marca-encontro-em-assis-com-jovens-empresarios-para-discutir-nova-economia.html\" \/>\n<meta property=\"og:site_name\" content=\"Not\u00edcias - Franciscanos\" \/>\n<meta property=\"article:published_time\" content=\"2019-05-11T13:16:12+00:00\" \/>\n<meta property=\"article:modified_time\" content=\"2020-09-01T13:45:21+00:00\" \/>\n<meta property=\"og:image\" content=\"https:\/\/franciscanos.org.br\/noticias\/wp-content\/uploads\/2019\/05\/assis_1105d.jpg\" \/>\n\t<meta property=\"og:image:width\" content=\"273\" \/>\n\t<meta property=\"og:image:height\" content=\"181\" \/>\n\t<meta property=\"og:image:type\" content=\"image\/jpeg\" \/>\n<meta name=\"author\" content=\"moacir\" \/>\n<meta name=\"twitter:card\" content=\"summary_large_image\" \/>\n<meta name=\"twitter:label1\" content=\"Escrito por\" \/>\n\t<meta name=\"twitter:data1\" content=\"moacir\" \/>\n\t<meta name=\"twitter:label2\" content=\"Est. tempo de leitura\" \/>\n\t<meta name=\"twitter:data2\" content=\"2 minutos\" \/>\n<script type=\"application\/ld+json\" class=\"yoast-schema-graph\">{\"@context\":\"https:\/\/schema.org\",\"@graph\":[{\"@type\":\"WebSite\",\"@id\":\"https:\/\/franciscanos.org.br\/noticias\/#website\",\"url\":\"https:\/\/franciscanos.org.br\/noticias\/\",\"name\":\"Not\u00edcias - Franciscanos\",\"description\":\"Prov\u00edncia Franciscana da Imaculada Concei\u00e7\u00e3o do Brasil - Ordem dos Frades Menores - OFM\",\"potentialAction\":[{\"@type\":\"SearchAction\",\"target\":{\"@type\":\"EntryPoint\",\"urlTemplate\":\"https:\/\/franciscanos.org.br\/noticias\/?s={search_term_string}\"},\"query-input\":\"required name=search_term_string\"}],\"inLanguage\":\"pt-BR\"},{\"@type\":\"ImageObject\",\"inLanguage\":\"pt-BR\",\"@id\":\"https:\/\/franciscanos.org.br\/noticias\/papa-marca-encontro-em-assis-com-jovens-empresarios-para-discutir-nova-economia.html#primaryimage\",\"url\":\"https:\/\/franciscanos.org.br\/noticias\/wp-content\/uploads\/2019\/05\/assis_1105d.jpg\",\"contentUrl\":\"https:\/\/franciscanos.org.br\/noticias\/wp-content\/uploads\/2019\/05\/assis_1105d.jpg\",\"width\":273,\"height\":181},{\"@type\":\"WebPage\",\"@id\":\"https:\/\/franciscanos.org.br\/noticias\/papa-marca-encontro-em-assis-com-jovens-empresarios-para-discutir-nova-economia.html#webpage\",\"url\":\"https:\/\/franciscanos.org.br\/noticias\/papa-marca-encontro-em-assis-com-jovens-empresarios-para-discutir-nova-economia.html\",\"name\":\"Papa marca evento com jovens economistas e empres\u00e1rios em Assis - Not\u00edcias - Franciscanos\",\"isPartOf\":{\"@id\":\"https:\/\/franciscanos.org.br\/noticias\/#website\"},\"primaryImageOfPage\":{\"@id\":\"https:\/\/franciscanos.org.br\/noticias\/papa-marca-encontro-em-assis-com-jovens-empresarios-para-discutir-nova-economia.html#primaryimage\"},\"datePublished\":\"2019-05-11T13:16:12+00:00\",\"dateModified\":\"2020-09-01T13:45:21+00:00\",\"author\":{\"@id\":\"https:\/\/franciscanos.org.br\/noticias\/#\/schema\/person\/b5c8cba458c330ccff548b056e95a5d4\"},\"breadcrumb\":{\"@id\":\"https:\/\/franciscanos.org.br\/noticias\/papa-marca-encontro-em-assis-com-jovens-empresarios-para-discutir-nova-economia.html#breadcrumb\"},\"inLanguage\":\"pt-BR\",\"potentialAction\":[{\"@type\":\"ReadAction\",\"target\":[\"https:\/\/franciscanos.org.br\/noticias\/papa-marca-encontro-em-assis-com-jovens-empresarios-para-discutir-nova-economia.html\"]}]},{\"@type\":\"BreadcrumbList\",\"@id\":\"https:\/\/franciscanos.org.br\/noticias\/papa-marca-encontro-em-assis-com-jovens-empresarios-para-discutir-nova-economia.html#breadcrumb\",\"itemListElement\":[{\"@type\":\"ListItem\",\"position\":1,\"name\":\"Home\",\"item\":\"https:\/\/franciscanos.org.br\/noticias\"},{\"@type\":\"ListItem\",\"position\":2,\"name\":\"Papa marca evento com jovens economistas e empres\u00e1rios em Assis\"}]},{\"@type\":\"Person\",\"@id\":\"https:\/\/franciscanos.org.br\/noticias\/#\/schema\/person\/b5c8cba458c330ccff548b056e95a5d4\",\"name\":\"moacir\",\"image\":{\"@type\":\"ImageObject\",\"inLanguage\":\"pt-BR\",\"@id\":\"https:\/\/franciscanos.org.br\/noticias\/#\/schema\/person\/image\/\",\"url\":\"https:\/\/secure.gravatar.com\/avatar\/d08aa2ce4c8dd416d4479aa8536fcf64?s=96&d=mm&r=g\",\"contentUrl\":\"https:\/\/secure.gravatar.com\/avatar\/d08aa2ce4c8dd416d4479aa8536fcf64?s=96&d=mm&r=g\",\"caption\":\"moacir\"},\"url\":\"https:\/\/franciscanos.org.br\/noticias\/author\/moacir\"}]}<\/script>\n<!-- \/ Yoast SEO plugin. -->","yoast_head_json":{"title":"Papa marca evento com jovens economistas e empres\u00e1rios em Assis - Not\u00edcias - Franciscanos","robots":{"index":"index","follow":"follow","max-snippet":"max-snippet:-1","max-image-preview":"max-image-preview:large","max-video-preview":"max-video-preview:-1"},"canonical":"https:\/\/franciscanos.org.br\/noticias\/papa-marca-encontro-em-assis-com-jovens-empresarios-para-discutir-nova-economia.html","og_locale":"pt_BR","og_type":"article","og_title":"Papa marca evento com jovens economistas e empres\u00e1rios em Assis - Not\u00edcias - Franciscanos","og_description":"Papa Francisco convida jovens economistas e empres\u00e1rios de todo o mundo a participarem, com ele, de evento em Assis.","og_url":"https:\/\/franciscanos.org.br\/noticias\/papa-marca-encontro-em-assis-com-jovens-empresarios-para-discutir-nova-economia.html","og_site_name":"Not\u00edcias - Franciscanos","article_published_time":"2019-05-11T13:16:12+00:00","article_modified_time":"2020-09-01T13:45:21+00:00","og_image":[{"width":273,"height":181,"url":"https:\/\/franciscanos.org.br\/noticias\/wp-content\/uploads\/2019\/05\/assis_1105d.jpg","type":"image\/jpeg"}],"author":"moacir","twitter_card":"summary_large_image","twitter_misc":{"Escrito por":"moacir","Est. tempo de leitura":"2 minutos"},"schema":{"@context":"https:\/\/schema.org","@graph":[{"@type":"WebSite","@id":"https:\/\/franciscanos.org.br\/noticias\/#website","url":"https:\/\/franciscanos.org.br\/noticias\/","name":"Not\u00edcias - Franciscanos","description":"Prov\u00edncia Franciscana da Imaculada Concei\u00e7\u00e3o do Brasil - Ordem dos Frades Menores - OFM","potentialAction":[{"@type":"SearchAction","target":{"@type":"EntryPoint","urlTemplate":"https:\/\/franciscanos.org.br\/noticias\/?s={search_term_string}"},"query-input":"required name=search_term_string"}],"inLanguage":"pt-BR"},{"@type":"ImageObject","inLanguage":"pt-BR","@id":"https:\/\/franciscanos.org.br\/noticias\/papa-marca-encontro-em-assis-com-jovens-empresarios-para-discutir-nova-economia.html#primaryimage","url":"https:\/\/franciscanos.org.br\/noticias\/wp-content\/uploads\/2019\/05\/assis_1105d.jpg","contentUrl":"https:\/\/franciscanos.org.br\/noticias\/wp-content\/uploads\/2019\/05\/assis_1105d.jpg","width":273,"height":181},{"@type":"WebPage","@id":"https:\/\/franciscanos.org.br\/noticias\/papa-marca-encontro-em-assis-com-jovens-empresarios-para-discutir-nova-economia.html#webpage","url":"https:\/\/franciscanos.org.br\/noticias\/papa-marca-encontro-em-assis-com-jovens-empresarios-para-discutir-nova-economia.html","name":"Papa marca evento com jovens economistas e empres\u00e1rios em Assis - Not\u00edcias - Franciscanos","isPartOf":{"@id":"https:\/\/franciscanos.org.br\/noticias\/#website"},"primaryImageOfPage":{"@id":"https:\/\/franciscanos.org.br\/noticias\/papa-marca-encontro-em-assis-com-jovens-empresarios-para-discutir-nova-economia.html#primaryimage"},"datePublished":"2019-05-11T13:16:12+00:00","dateModified":"2020-09-01T13:45:21+00:00","author":{"@id":"https:\/\/franciscanos.org.br\/noticias\/#\/schema\/person\/b5c8cba458c330ccff548b056e95a5d4"},"breadcrumb":{"@id":"https:\/\/franciscanos.org.br\/noticias\/papa-marca-encontro-em-assis-com-jovens-empresarios-para-discutir-nova-economia.html#breadcrumb"},"inLanguage":"pt-BR","potentialAction":[{"@type":"ReadAction","target":["https:\/\/franciscanos.org.br\/noticias\/papa-marca-encontro-em-assis-com-jovens-empresarios-para-discutir-nova-economia.html"]}]},{"@type":"BreadcrumbList","@id":"https:\/\/franciscanos.org.br\/noticias\/papa-marca-encontro-em-assis-com-jovens-empresarios-para-discutir-nova-economia.html#breadcrumb","itemListElement":[{"@type":"ListItem","position":1,"name":"Home","item":"https:\/\/franciscanos.org.br\/noticias"},{"@type":"ListItem","position":2,"name":"Papa marca evento com jovens economistas e empres\u00e1rios em Assis"}]},{"@type":"Person","@id":"https:\/\/franciscanos.org.br\/noticias\/#\/schema\/person\/b5c8cba458c330ccff548b056e95a5d4","name":"moacir","image":{"@type":"ImageObject","inLanguage":"pt-BR","@id":"https:\/\/franciscanos.org.br\/noticias\/#\/schema\/person\/image\/","url":"https:\/\/secure.gravatar.com\/avatar\/d08aa2ce4c8dd416d4479aa8536fcf64?s=96&d=mm&r=g","contentUrl":"https:\/\/secure.gravatar.com\/avatar\/d08aa2ce4c8dd416d4479aa8536fcf64?s=96&d=mm&r=g","caption":"moacir"},"url":"https:\/\/franciscanos.org.br\/noticias\/author\/moacir"}]}},"_links":{"self":[{"href":"https:\/\/franciscanos.org.br\/noticias\/wp-json\/wp\/v2\/posts\/204549"}],"collection":[{"href":"https:\/\/franciscanos.org.br\/noticias\/wp-json\/wp\/v2\/posts"}],"about":[{"href":"https:\/\/franciscanos.org.br\/noticias\/wp-json\/wp\/v2\/types\/post"}],"author":[{"embeddable":true,"href":"https:\/\/franciscanos.org.br\/noticias\/wp-json\/wp\/v2\/users\/3"}],"replies":[{"embeddable":true,"href":"https:\/\/franciscanos.org.br\/noticias\/wp-json\/wp\/v2\/comments?post=204549"}],"version-history":[{"count":1,"href":"https:\/\/franciscanos.org.br\/noticias\/wp-json\/wp\/v2\/posts\/204549\/revisions"}],"predecessor-version":[{"id":228093,"href":"https:\/\/franciscanos.org.br\/noticias\/wp-json\/wp\/v2\/posts\/204549\/revisions\/228093"}],"wp:featuredmedia":[{"embeddable":true,"href":"https:\/\/franciscanos.org.br\/noticias\/wp-json\/wp\/v2\/media\/204551"}],"wp:attachment":[{"href":"https:\/\/franciscanos.org.br\/noticias\/wp-json\/wp\/v2\/media?parent=204549"}],"wp:term":[{"taxonomy":"category","embeddable":true,"href":"https:\/\/franciscanos.org.br\/noticias\/wp-json\/wp\/v2\/categories?post=204549"},{"taxonomy":"post_tag","embeddable":true,"href":"https:\/\/franciscanos.org.br\/noticias\/wp-json\/wp\/v2\/tags?post=204549"}],"curies":[{"name":"wp","href":"https:\/\/api.w.org\/{rel}","templated":true}]}}