{"id":204528,"date":"2019-05-07T18:52:35","date_gmt":"2019-05-07T21:52:35","guid":{"rendered":"https:\/\/franciscanos.org.br\/noticias\/?p=204528"},"modified":"2019-05-07T18:52:35","modified_gmt":"2019-05-07T21:52:35","slug":"dom-joel-portella-e-o-novo-secretario-geral-da-cnbb","status":"publish","type":"post","link":"https:\/\/franciscanos.org.br\/noticias\/dom-joel-portella-e-o-novo-secretario-geral-da-cnbb.html","title":{"rendered":"Dom Joel Portella \u00e9 o novo secret\u00e1rio geral da CNBB"},"content":{"rendered":"<p><img loading=\"lazy\" class=\"alignnone size-full wp-image-204529\" src=\"https:\/\/franciscanos.org.br\/noticias\/wp-content\/uploads\/2019\/05\/domjose_070519.jpg\" alt=\"\" width=\"890\" height=\"565\" srcset=\"https:\/\/franciscanos.org.br\/noticias\/wp-content\/uploads\/2019\/05\/domjose_070519.jpg 890w, https:\/\/franciscanos.org.br\/noticias\/wp-content\/uploads\/2019\/05\/domjose_070519-450x286.jpg 450w, https:\/\/franciscanos.org.br\/noticias\/wp-content\/uploads\/2019\/05\/domjose_070519-768x488.jpg 768w, https:\/\/franciscanos.org.br\/noticias\/wp-content\/uploads\/2019\/05\/domjose_070519-150x95.jpg 150w\" sizes=\"(max-width: 890px) 100vw, 890px\" \/><\/p>\n<p>Foi eleito nesta ter\u00e7a-feira, 7 de maio, como o novo secret\u00e1rio-geral da Confer\u00eancia Nacional dos dos Bispos do Brasil (CNBB), dom Joel Portella Amado, bispo auxiliar do Rio de Janeiro. Eleito no segundo escrut\u00ednio, o sucessor de dom Leonardo Steiner que ocupou o cargo por dois quadri\u00eanios, \u00e9 natural do Rio de Janeiro.<\/p>\n<p>Ele aceitou a elei\u00e7\u00e3o e disse: \u201cna comunh\u00e3o com dom Walmor, dom Jaime e dom M\u00e1rio, a minha resposta \u00e9 sim!\u201d.<\/p>\n<p>Nomeado bispo auxiliar da arquidiocese de S\u00e3o Sebasti\u00e3o do Rio de Janeiro pelo papa Francisco em 7 de dezembro 2016, o monsenhor Joel Portella Amado, at\u00e9 ent\u00e3o professor do departamento de Teologia da PUC-Rio, foi ordenado no dia 28 de janeiro 2017, na catedral metropolitana do Rio.<\/p>\n<p>Dom Joel Portella, de 65 anos, nasceu em 2 de outubro de 1954. O religioso possui gradua\u00e7\u00e3o em Direito pela Universidade do Estado do Rio de Janeiro (1977). Atualmente \u00e9 professor da Pontif\u00edcia Universidade Cat\u00f3lica do Rio de Janeiro. Tem experi\u00eancia na \u00e1rea de Teologia, com \u00eanfase em Antropologia Teol\u00f3gica e Teologia Pastoral, atuando principalmente nos seguintes temas: evangeliza\u00e7\u00e3o, incultura\u00e7\u00e3o, pastoral urbana, teologia e urbaniza\u00e7\u00e3o.<\/p>\n<p><strong>Forma\u00e7\u00e3o sacerdotal e atua\u00e7\u00e3o como bispo<\/strong><\/p>\n<p>Ele estudou Filosofia no Instituto Aloisiano da Companhia de Jesus e Teologia na Pontif\u00edcia Universidade Cat\u00f3lica do Rio de Janeiro (PUC-RJ), onde tamb\u00e9m fez mestrado e doutorado em Teologia Pastoral. Tamb\u00e9m estudou Direito na Universidade Estadual do Rio de Janeiro (Uerj).<\/p>\n<p>Foi ordenado sacerdote em 12 de outubro de 1982 e desempenhou diversas fun\u00e7\u00f5es na Arquidiocese do Rio, como p\u00e1roco, professor e acad\u00eamico. Atualmente, \u00e9 Vig\u00e1rio-geral; Coordenador Arquidiocesano de Pastoral; p\u00e1roco da Catedral Metropolitana; Membro do Conselho Presbiteral e do Col\u00e9gio dos Consultores; Professor da PUC; Diretor administrativo do Museu de Arte Sacra; Diretor do Arquivo Arquidiocesano; Respons\u00e1vel pelos textos lit\u00fargicos da Comiss\u00e3o de Pastoral lit\u00fargica e Arquivista do Cabido Metropolitano.<\/p>\n<p>Em 2007, participou da V Confer\u00eancia Geral do Episcopado Latino-americano em Aparecida como Assessor-delegado; em 2008 se tornou Capel\u00e3o de Sua Santidade e em 2013 foi Secret\u00e1rio-Executivo da Jornada Mundial da Juventude (JMJ) do Rio de Janeiro.<\/p>\n<p>Foi membro do Instituto Nacional de Pastoral (2008 \u2013 2012); Membro da equipe de reflex\u00e3o teol\u00f3gico-pastoral do CELAM (2014 \u2013 2016); Membro do Cabido Metropolitano e nomeado Capel\u00e3o de Sua Santidade, pelo Santo Padre Bento XVI. Foi membro da Academia Luso-Brasileira de Letras. (2014 \u2013 2016); Atualmente \u00e9 professor no Instituto Superior de Teologia da Arquidiocese do Rio de Janeiro e da Pontif\u00edcia Universidade Cat\u00f3lica do Rio de Janeiro e tamb\u00e9m integrou a comiss\u00e3o de elabora\u00e7\u00e3o das Diretrizes da A\u00e7\u00e3o Evangelizadora da Igreja no Brasil da CNBB.<\/p>\n<p>Dom Joel foi nomeado, em 6 de outubro de 2018, como consultor para o dicast\u00e9rio para os Leigos, a Fam\u00edlia e a Vida, do Vaticano.<\/p>\n<hr \/>\n<p><strong>PRESIDENTE DA COMISS\u00c3O EPISCOPAL PASTORAL PARA OS MINIST\u00c9RIOS ORDENADOS<\/strong><\/p>\n<p>O bispo de Tubar\u00e3o (SC), dom Jo\u00e3o Francisco Salm, foi eleito na manh\u00e3 desta ter\u00e7a-feira, 07 de maio, como novo presidente da Comiss\u00e3o Episcopal Pastoral para os Minist\u00e9rios Ordenados e a Vida Consagrada da CNBB. O bispo j\u00e1 era membro da Comiss\u00e3o como referencial para o diaconado brasileiro.<\/p>\n<hr \/>\n<p><strong>COMISS\u00c3O EPISCOPAL PASTORAL PARA O LAICATO<\/strong><\/p>\n<p>O bispo de Tocantin\u00f3polis (TO), dom Giovane Pereira de Melo, foi eleito novo presidente da Comiss\u00e3o Episcopal Pastoral para o Laicato da Confer\u00eancia Nacional dos Bispos do Brasil (CNBB) para os pr\u00f3ximos quatro anos. Na tarde desta ter\u00e7a-feira, 7\/5, durante a 57\u00aa Assembleia Geral da CNBB, o bispo recebeu a maioria absoluta dos votos.<\/p>\n<hr \/>\n<p><strong>PRESIDENTE DA COMISS\u00c3O EPISCOPAL PARA A A\u00c7\u00c3O MISSION\u00c1RIA E COOPERA\u00c7\u00c3O INTERECLESIAL<\/strong><\/p>\n<p>Dom Odelir Jos\u00e9 Magri, bispo de Chapec\u00f3 (SC) foi eleito para presidir a Comiss\u00e3o Episcopal Pastoral para a A\u00e7\u00e3o Mission\u00e1ria e Coopera\u00e7\u00e3o Intereclesial no pr\u00f3ximo quadri\u00eanio (2019-2023) na tarde desta ter\u00e7a-feira, 7\/5. Ele \u00e9 o coordenador do grupo de trabalho sobre o M\u00eas Mission\u00e1rio Extraordin\u00e1rio deste ano.<\/p>\n<hr \/>\n<h2>NOVAS DIRETRIZES DA IGREJA NO BRASIL 2019-2023 S\u00c3O APROVADAS PELO EPISCOPADO<\/h2>\n<p>Novas diretrizes da Igreja no Brasil 2019-2023 s\u00e3o aprovadas pelo episcopado<\/p>\n<p>As Novas Diretrizes Gerais da A\u00e7\u00e3o Evagelizadora da Igreja no Brasil para o pr\u00f3ximo quadri\u00eanio (2019 a 2023), ap\u00f3s intenso processo de debate e acr\u00e9scimos dos bispos, foram aprovadas na manh\u00e3 deste dia 6 de maio pelos participantes da 57\u00aa Assembleia Geral, em Aparecida (SP).<\/p>\n<p>O padre Manoel de Oliveira Filho, membro da Comiss\u00e3o do Texto Central sobre as Diretrizes Gerais da A\u00e7\u00e3o Evangelizadora da Igreja no Brasil (2019-2023) falou ao portal da CNBB sobre o caminho que as novas diretrizes prop\u00f5em \u00e0 Igreja no Brasil.<\/p>\n<p>Segundo ele, o central nas Novas Diretrizes \u00e9 mais uma vez um novo chamado de retorno \u00e0s fontes para olhar a experi\u00eancia das comunidades primitivas e inspirados por elas formar, no hoje da hist\u00f3ria e na realidade urbana, comunidades eclesiais mission\u00e1rias.<\/p>\n<p>\u201cQue essas comunidades eclesiais mission\u00e1rias tenham jeito de casa, de acolhida, n\u00e3o uma coisa est\u00e1tica de paredes simplesmente, ou da estrutura f\u00edsica. Mas, acima de tudo as diretrizes falam de um jeito de ser, de uma postura que lembre, evoque a ideia da casa que acolhe, que \u00e9 espa\u00e7o de ternura e miseric\u00f3rdia\u201d, disse.<\/p>\n<p>Os quatro pilares \u2013 Padre Manoel refor\u00e7a que a casa \u00e9 onde as pessoas s\u00e3o identificadas pelo nome, pelo jeito, onde t\u00eam hist\u00f3ria. Na proposta das diretrizes, lembrou o religioso, a casa \u00e9 sustentada por quatro pilares essenciais: a) Palavra de Deus e a inicia\u00e7\u00e3o \u00e0 vida crist\u00e3; O pilar do P\u00e3o que \u00e9 a casa sustentada pela liturgia e sobre a espiritualidade; o pilar da Caridade que \u00e9 a casa sustentada sobre o acolhimento fraterno e sobre o cuidado com as pessoas, especialmente os mais fr\u00e1geis e exclu\u00eddos e invis\u00edveis; o pilar da Miss\u00e3o porque \u00e9 imposs\u00edvel fazer uma experi\u00eancia profunda com Deus na comunidade eclesial que n\u00e3o leve, inevitavelmente, \u00e0 vida mission\u00e1ria.<\/p>\n<p>A realidade urbana, fragmentada, carregada de luz e de sombras, mas tamb\u00e9m cheia de potencialidades, \u00e9 definida pelo padre muito mais do que um lugar social geogr\u00e1fico mas como uma mentalidade e cultura. \u201cNesta realidade a Igreja \u00e9 convidada a ser presen\u00e7a. Como casa. Como comunidade eclesial mission\u00e1ria\u201d, reafirmou.<\/p>\n<p>A diretrizes, segundo ele, apontam para um rumo muito bonito, porque partem de uma perspectiva de encontro com Deus e com os irm\u00e3os, numa din\u00e2mica de acolhida, de portas abertas, de ir ao encontro, de espera e acolhida ativa para formar as comunidades.<\/p>\n<p>As Igrejas e comunidades s\u00e3o convidadas, segundo o que prop\u00f5e as novas diretrizes, a serem luzeiros no meio do mundo. O religioso afirmou que as comunidades podem estar em qualquer lugar: no condom\u00ednio, numa pra\u00e7a, no trabalho. \u201cMas tamb\u00e9m nas par\u00f3quias, comunidades, nos col\u00e9gios cat\u00f3licos, nas obras sociais\u201d, disse.<\/p>\n<p>\u201cAs novas diretrizes apontam para rumos e horizontes muito bonitos de avan\u00e7o, de comprometimento apost\u00f3lico e de comprometimento prof\u00e9tico-transformador\u201d, destacou.<\/p>\n<p>Segundo ele, a profecia n\u00e3o se d\u00e1 apenas pela den\u00fancia, embora seja fundamental hoje mais do que nunca, mas tamb\u00e9m pelo an\u00fancio de um jeito novo de ser e de viver. \u201cOs rumos s\u00e3o os mais bonitos, basta a gente entrar nesta hist\u00f3ria e caminho\u201d, disse.<\/p>\n<p>Ap\u00f3s a assembleia, o religioso aponta que todas as inst\u00e2ncias, as pastorais e organismos, e as Igrejas particulares, toda vida eclesial precisam entrar mesmo neste rumo, na dire\u00e7\u00e3o apontadas pelas Diretrizes. \u201cSeguir este caminho, acreditar no projeto e proposta. Vamos todos precisar, como todo a vida de Igreja, fazer um caminho de convers\u00e3o, ler estudar, colocar na mente e descer para o cora\u00e7\u00e3o para transformar em realidade\u201d, disse.<\/p>\n<p>A CNBB apresenta diretrizes mais gerais, n\u00e3o apresenta um plano; Ap\u00f3s a assembleia, segundo padre Manoel, o plano deve ser feito por cada inst\u00e2ncia da Igreja nas diferentes realidades. \u201cSe a gente acredita no projeto vamos encontrar um caminho para que ele se torne real\u201d, concluiu.<\/p>\n","protected":false},"excerpt":{"rendered":"<p>Assembleia Geral da CNBB<\/p>\n","protected":false},"author":3,"featured_media":204530,"comment_status":"open","ping_status":"open","sticky":false,"template":"","format":"standard","meta":[],"categories":[1],"tags":[29],"acf":[],"yoast_head":"<!-- This site is optimized with the Yoast SEO plugin v19.2 - https:\/\/yoast.com\/wordpress\/plugins\/seo\/ -->\n<title>Dom Joel Portella \u00e9 o novo secret\u00e1rio geral da CNBB - Not\u00edcias - Franciscanos<\/title>\n<meta name=\"robots\" content=\"index, follow, max-snippet:-1, max-image-preview:large, max-video-preview:-1\" \/>\n<link rel=\"canonical\" href=\"https:\/\/franciscanos.org.br\/noticias\/dom-joel-portella-e-o-novo-secretario-geral-da-cnbb.html\" \/>\n<meta property=\"og:locale\" content=\"pt_BR\" \/>\n<meta property=\"og:type\" content=\"article\" \/>\n<meta property=\"og:title\" content=\"Dom Joel Portella \u00e9 o novo secret\u00e1rio geral da CNBB - Not\u00edcias - Franciscanos\" \/>\n<meta property=\"og:description\" content=\"Assembleia Geral da CNBB\" \/>\n<meta property=\"og:url\" content=\"https:\/\/franciscanos.org.br\/noticias\/dom-joel-portella-e-o-novo-secretario-geral-da-cnbb.html\" \/>\n<meta property=\"og:site_name\" content=\"Not\u00edcias - Franciscanos\" \/>\n<meta property=\"article:published_time\" content=\"2019-05-07T21:52:35+00:00\" \/>\n<meta property=\"og:image\" content=\"https:\/\/franciscanos.org.br\/noticias\/wp-content\/uploads\/2019\/05\/domjose_070519d.jpg\" \/>\n\t<meta property=\"og:image:width\" content=\"273\" \/>\n\t<meta property=\"og:image:height\" content=\"181\" \/>\n\t<meta property=\"og:image:type\" content=\"image\/jpeg\" \/>\n<meta name=\"author\" content=\"moacir\" \/>\n<meta name=\"twitter:card\" content=\"summary_large_image\" \/>\n<meta name=\"twitter:label1\" content=\"Escrito por\" \/>\n\t<meta name=\"twitter:data1\" content=\"moacir\" \/>\n\t<meta name=\"twitter:label2\" content=\"Est. tempo de leitura\" \/>\n\t<meta name=\"twitter:data2\" content=\"7 minutos\" \/>\n<script type=\"application\/ld+json\" class=\"yoast-schema-graph\">{\"@context\":\"https:\/\/schema.org\",\"@graph\":[{\"@type\":\"WebSite\",\"@id\":\"https:\/\/franciscanos.org.br\/noticias\/#website\",\"url\":\"https:\/\/franciscanos.org.br\/noticias\/\",\"name\":\"Not\u00edcias - Franciscanos\",\"description\":\"Prov\u00edncia Franciscana da Imaculada Concei\u00e7\u00e3o do Brasil - Ordem dos Frades Menores - OFM\",\"potentialAction\":[{\"@type\":\"SearchAction\",\"target\":{\"@type\":\"EntryPoint\",\"urlTemplate\":\"https:\/\/franciscanos.org.br\/noticias\/?s={search_term_string}\"},\"query-input\":\"required name=search_term_string\"}],\"inLanguage\":\"pt-BR\"},{\"@type\":\"ImageObject\",\"inLanguage\":\"pt-BR\",\"@id\":\"https:\/\/franciscanos.org.br\/noticias\/dom-joel-portella-e-o-novo-secretario-geral-da-cnbb.html#primaryimage\",\"url\":\"https:\/\/franciscanos.org.br\/noticias\/wp-content\/uploads\/2019\/05\/domjose_070519d.jpg\",\"contentUrl\":\"https:\/\/franciscanos.org.br\/noticias\/wp-content\/uploads\/2019\/05\/domjose_070519d.jpg\",\"width\":273,\"height\":181},{\"@type\":\"WebPage\",\"@id\":\"https:\/\/franciscanos.org.br\/noticias\/dom-joel-portella-e-o-novo-secretario-geral-da-cnbb.html#webpage\",\"url\":\"https:\/\/franciscanos.org.br\/noticias\/dom-joel-portella-e-o-novo-secretario-geral-da-cnbb.html\",\"name\":\"Dom Joel Portella \u00e9 o novo secret\u00e1rio geral da CNBB - Not\u00edcias - Franciscanos\",\"isPartOf\":{\"@id\":\"https:\/\/franciscanos.org.br\/noticias\/#website\"},\"primaryImageOfPage\":{\"@id\":\"https:\/\/franciscanos.org.br\/noticias\/dom-joel-portella-e-o-novo-secretario-geral-da-cnbb.html#primaryimage\"},\"datePublished\":\"2019-05-07T21:52:35+00:00\",\"dateModified\":\"2019-05-07T21:52:35+00:00\",\"author\":{\"@id\":\"https:\/\/franciscanos.org.br\/noticias\/#\/schema\/person\/b5c8cba458c330ccff548b056e95a5d4\"},\"breadcrumb\":{\"@id\":\"https:\/\/franciscanos.org.br\/noticias\/dom-joel-portella-e-o-novo-secretario-geral-da-cnbb.html#breadcrumb\"},\"inLanguage\":\"pt-BR\",\"potentialAction\":[{\"@type\":\"ReadAction\",\"target\":[\"https:\/\/franciscanos.org.br\/noticias\/dom-joel-portella-e-o-novo-secretario-geral-da-cnbb.html\"]}]},{\"@type\":\"BreadcrumbList\",\"@id\":\"https:\/\/franciscanos.org.br\/noticias\/dom-joel-portella-e-o-novo-secretario-geral-da-cnbb.html#breadcrumb\",\"itemListElement\":[{\"@type\":\"ListItem\",\"position\":1,\"name\":\"Home\",\"item\":\"https:\/\/franciscanos.org.br\/noticias\"},{\"@type\":\"ListItem\",\"position\":2,\"name\":\"Dom Joel Portella \u00e9 o novo secret\u00e1rio geral da CNBB\"}]},{\"@type\":\"Person\",\"@id\":\"https:\/\/franciscanos.org.br\/noticias\/#\/schema\/person\/b5c8cba458c330ccff548b056e95a5d4\",\"name\":\"moacir\",\"image\":{\"@type\":\"ImageObject\",\"inLanguage\":\"pt-BR\",\"@id\":\"https:\/\/franciscanos.org.br\/noticias\/#\/schema\/person\/image\/\",\"url\":\"https:\/\/secure.gravatar.com\/avatar\/d08aa2ce4c8dd416d4479aa8536fcf64?s=96&d=mm&r=g\",\"contentUrl\":\"https:\/\/secure.gravatar.com\/avatar\/d08aa2ce4c8dd416d4479aa8536fcf64?s=96&d=mm&r=g\",\"caption\":\"moacir\"},\"url\":\"https:\/\/franciscanos.org.br\/noticias\/author\/moacir\"}]}<\/script>\n<!-- \/ Yoast SEO plugin. -->","yoast_head_json":{"title":"Dom Joel Portella \u00e9 o novo secret\u00e1rio geral da CNBB - Not\u00edcias - Franciscanos","robots":{"index":"index","follow":"follow","max-snippet":"max-snippet:-1","max-image-preview":"max-image-preview:large","max-video-preview":"max-video-preview:-1"},"canonical":"https:\/\/franciscanos.org.br\/noticias\/dom-joel-portella-e-o-novo-secretario-geral-da-cnbb.html","og_locale":"pt_BR","og_type":"article","og_title":"Dom Joel Portella \u00e9 o novo secret\u00e1rio geral da CNBB - Not\u00edcias - Franciscanos","og_description":"Assembleia Geral da CNBB","og_url":"https:\/\/franciscanos.org.br\/noticias\/dom-joel-portella-e-o-novo-secretario-geral-da-cnbb.html","og_site_name":"Not\u00edcias - Franciscanos","article_published_time":"2019-05-07T21:52:35+00:00","og_image":[{"width":273,"height":181,"url":"https:\/\/franciscanos.org.br\/noticias\/wp-content\/uploads\/2019\/05\/domjose_070519d.jpg","type":"image\/jpeg"}],"author":"moacir","twitter_card":"summary_large_image","twitter_misc":{"Escrito por":"moacir","Est. tempo de leitura":"7 minutos"},"schema":{"@context":"https:\/\/schema.org","@graph":[{"@type":"WebSite","@id":"https:\/\/franciscanos.org.br\/noticias\/#website","url":"https:\/\/franciscanos.org.br\/noticias\/","name":"Not\u00edcias - Franciscanos","description":"Prov\u00edncia Franciscana da Imaculada Concei\u00e7\u00e3o do Brasil - Ordem dos Frades Menores - OFM","potentialAction":[{"@type":"SearchAction","target":{"@type":"EntryPoint","urlTemplate":"https:\/\/franciscanos.org.br\/noticias\/?s={search_term_string}"},"query-input":"required name=search_term_string"}],"inLanguage":"pt-BR"},{"@type":"ImageObject","inLanguage":"pt-BR","@id":"https:\/\/franciscanos.org.br\/noticias\/dom-joel-portella-e-o-novo-secretario-geral-da-cnbb.html#primaryimage","url":"https:\/\/franciscanos.org.br\/noticias\/wp-content\/uploads\/2019\/05\/domjose_070519d.jpg","contentUrl":"https:\/\/franciscanos.org.br\/noticias\/wp-content\/uploads\/2019\/05\/domjose_070519d.jpg","width":273,"height":181},{"@type":"WebPage","@id":"https:\/\/franciscanos.org.br\/noticias\/dom-joel-portella-e-o-novo-secretario-geral-da-cnbb.html#webpage","url":"https:\/\/franciscanos.org.br\/noticias\/dom-joel-portella-e-o-novo-secretario-geral-da-cnbb.html","name":"Dom Joel Portella \u00e9 o novo secret\u00e1rio geral da CNBB - Not\u00edcias - Franciscanos","isPartOf":{"@id":"https:\/\/franciscanos.org.br\/noticias\/#website"},"primaryImageOfPage":{"@id":"https:\/\/franciscanos.org.br\/noticias\/dom-joel-portella-e-o-novo-secretario-geral-da-cnbb.html#primaryimage"},"datePublished":"2019-05-07T21:52:35+00:00","dateModified":"2019-05-07T21:52:35+00:00","author":{"@id":"https:\/\/franciscanos.org.br\/noticias\/#\/schema\/person\/b5c8cba458c330ccff548b056e95a5d4"},"breadcrumb":{"@id":"https:\/\/franciscanos.org.br\/noticias\/dom-joel-portella-e-o-novo-secretario-geral-da-cnbb.html#breadcrumb"},"inLanguage":"pt-BR","potentialAction":[{"@type":"ReadAction","target":["https:\/\/franciscanos.org.br\/noticias\/dom-joel-portella-e-o-novo-secretario-geral-da-cnbb.html"]}]},{"@type":"BreadcrumbList","@id":"https:\/\/franciscanos.org.br\/noticias\/dom-joel-portella-e-o-novo-secretario-geral-da-cnbb.html#breadcrumb","itemListElement":[{"@type":"ListItem","position":1,"name":"Home","item":"https:\/\/franciscanos.org.br\/noticias"},{"@type":"ListItem","position":2,"name":"Dom Joel Portella \u00e9 o novo secret\u00e1rio geral da CNBB"}]},{"@type":"Person","@id":"https:\/\/franciscanos.org.br\/noticias\/#\/schema\/person\/b5c8cba458c330ccff548b056e95a5d4","name":"moacir","image":{"@type":"ImageObject","inLanguage":"pt-BR","@id":"https:\/\/franciscanos.org.br\/noticias\/#\/schema\/person\/image\/","url":"https:\/\/secure.gravatar.com\/avatar\/d08aa2ce4c8dd416d4479aa8536fcf64?s=96&d=mm&r=g","contentUrl":"https:\/\/secure.gravatar.com\/avatar\/d08aa2ce4c8dd416d4479aa8536fcf64?s=96&d=mm&r=g","caption":"moacir"},"url":"https:\/\/franciscanos.org.br\/noticias\/author\/moacir"}]}},"_links":{"self":[{"href":"https:\/\/franciscanos.org.br\/noticias\/wp-json\/wp\/v2\/posts\/204528"}],"collection":[{"href":"https:\/\/franciscanos.org.br\/noticias\/wp-json\/wp\/v2\/posts"}],"about":[{"href":"https:\/\/franciscanos.org.br\/noticias\/wp-json\/wp\/v2\/types\/post"}],"author":[{"embeddable":true,"href":"https:\/\/franciscanos.org.br\/noticias\/wp-json\/wp\/v2\/users\/3"}],"replies":[{"embeddable":true,"href":"https:\/\/franciscanos.org.br\/noticias\/wp-json\/wp\/v2\/comments?post=204528"}],"version-history":[{"count":0,"href":"https:\/\/franciscanos.org.br\/noticias\/wp-json\/wp\/v2\/posts\/204528\/revisions"}],"wp:featuredmedia":[{"embeddable":true,"href":"https:\/\/franciscanos.org.br\/noticias\/wp-json\/wp\/v2\/media\/204530"}],"wp:attachment":[{"href":"https:\/\/franciscanos.org.br\/noticias\/wp-json\/wp\/v2\/media?parent=204528"}],"wp:term":[{"taxonomy":"category","embeddable":true,"href":"https:\/\/franciscanos.org.br\/noticias\/wp-json\/wp\/v2\/categories?post=204528"},{"taxonomy":"post_tag","embeddable":true,"href":"https:\/\/franciscanos.org.br\/noticias\/wp-json\/wp\/v2\/tags?post=204528"}],"curies":[{"name":"wp","href":"https:\/\/api.w.org\/{rel}","templated":true}]}}