{"id":204520,"date":"2019-05-07T18:35:02","date_gmt":"2019-05-07T21:35:02","guid":{"rendered":"https:\/\/franciscanos.org.br\/noticias\/?p=204520"},"modified":"2020-09-01T10:45:49","modified_gmt":"2020-09-01T13:45:49","slug":"papa-aos-sacerdotes-nao-tenham-medo-de-gastar-a-vida-por-amor","status":"publish","type":"post","link":"https:\/\/franciscanos.org.br\/noticias\/papa-aos-sacerdotes-nao-tenham-medo-de-gastar-a-vida-por-amor.html","title":{"rendered":"Papa aos sacerdotes: N\u00e3o tenham medo de gastar a vida por amor"},"content":{"rendered":"<p><img loading=\"lazy\" class=\"alignnone wp-image-204521 size-full\" src=\"https:\/\/franciscanos.org.br\/noticias\/wp-content\/uploads\/2019\/05\/papa_070519-1.jpg\" alt=\"\" width=\"890\" height=\"501\" srcset=\"https:\/\/franciscanos.org.br\/noticias\/wp-content\/uploads\/2019\/05\/papa_070519-1.jpg 890w, https:\/\/franciscanos.org.br\/noticias\/wp-content\/uploads\/2019\/05\/papa_070519-1-450x253.jpg 450w, https:\/\/franciscanos.org.br\/noticias\/wp-content\/uploads\/2019\/05\/papa_070519-1-768x432.jpg 768w, https:\/\/franciscanos.org.br\/noticias\/wp-content\/uploads\/2019\/05\/papa_070519-1-150x84.jpg 150w\" sizes=\"(max-width: 890px) 100vw, 890px\" \/><\/p>\n<p><em>\u201cVivo com uma gratid\u00e3o especial este momento em que posso ver a Igreja respirar plenamente com os seus dois pulm\u00f5es \u2013 rito latino e rito bizantino \u2013 para se encher do ar sempre novo e renovador do Esp\u00edrito Santo. Dois pulm\u00f5es necess\u00e1rios, complementares, que nos ajudam a saborear melhor a beleza do Senhor (cf. Francisco, Exort. ap. Evangelii gaudium, 116)\u201d<\/em>. Foi dessa forma que o Papa Francisco come\u00e7ou se dirigindo os sacerdotes de rito latino e bizantino e religiosos de Skopje, na Catedral do Sagrado Cora\u00e7\u00e3o de Jesus.<\/p>\n<p>No discurso, o \u00faltimo da viagem apost\u00f3lica de tr\u00eas dias que o levou \u00e0 Bulg\u00e1ria e terminou nesta ter\u00e7a-feira (7) na Maced\u00f4nia do Norte, o agradecimento do Pont\u00edfice a Deus \u201cpela possibilidade de respirar juntos, a plenos pulm\u00f5es\u201d. O Papa tamb\u00e9m fez quest\u00e3o de abordar os testemunhos que ouviu no in\u00edcio do encontro para que n\u00e3o corram o risco de, por serem poucos, \u201ccederem a algum complexo de inferioridade\u201d.<\/p>\n<p>Francisco, ent\u00e3o, aprofundou a necessidade de se \u201cfazer as contas na vida\u201d, principalmente quando as m\u00e3os e os meios s\u00e3o poucos para tantas obras a sustentar. \u201cQuando isso acontece, parece que o saldo do balan\u00e7o fica \u2018no vermelho\u2019\u201d, descreveu o Papa, \u201cmas, o \u2018fazer as contas\u2019 pode nos levar \u00e0 tenta\u00e7\u00e3o de olhar muito para n\u00f3s pr\u00f3prios e, curvados sobre as nossas realidades e mis\u00e9rias\u201d, impedir \u201cde escutar Aquele que caminha ao nosso lado e \u00e9 fonte de j\u00fabilo e alegria\u201d, como, por exemplo: \u201c[&#8230;] fam\u00edlias que n\u00e3o conseguem continuar, pessoas idosas e sozinhas, doentes for\u00e7ados a estar na cama, jovens tristes e sem futuro, pobres que nos lembram o que somos, isto \u00e9, uma Igreja de mendigos necessitados da Miseric\u00f3rdia do Senhor. S\u00f3 \u00e9 l\u00edcito \u2018fazer as contas\u2019, se isso nos leva a nos tornarmos solid\u00e1rios, atentos, compreensivos e sol\u00edcitos em nos aproximarmos das fadigas e precariedade em que vivem submersos muitos dos nossos irm\u00e3os necessitados de uma Un\u00e7\u00e3o que os levante e cure na sua esperan\u00e7a.\u201d<\/p>\n<p><img loading=\"lazy\" class=\"alignnone size-full wp-image-204525\" src=\"https:\/\/franciscanos.org.br\/noticias\/wp-content\/uploads\/2019\/05\/papa_070519_1.jpg\" alt=\"\" width=\"890\" height=\"501\" srcset=\"https:\/\/franciscanos.org.br\/noticias\/wp-content\/uploads\/2019\/05\/papa_070519_1.jpg 890w, https:\/\/franciscanos.org.br\/noticias\/wp-content\/uploads\/2019\/05\/papa_070519_1-450x253.jpg 450w, https:\/\/franciscanos.org.br\/noticias\/wp-content\/uploads\/2019\/05\/papa_070519_1-768x432.jpg 768w, https:\/\/franciscanos.org.br\/noticias\/wp-content\/uploads\/2019\/05\/papa_070519_1-150x84.jpg 150w\" sizes=\"(max-width: 890px) 100vw, 890px\" \/><\/p>\n<p><strong>A hist\u00f3ria se escreve com exemplos de amor<\/strong><\/p>\n<p>Normalmente, disse o Pont\u00edfice, \u201ccultivamos fantasia sem limites pensando que as coisas seriam diferentes se f\u00f4ssemos fortes, poderosos e influentes\u201d. Mas o segredo pode estar em outro lugar, como apresentado por um dos testemunhos que se \u201cabaixou at\u00e9 \u00e0 vida di\u00e1ria dos irm\u00e3os para compartilhar e ungir com o perfume do Esp\u00edrito\u201d.<\/p>\n<p>O Papa ent\u00e3o buscou novamente a figura e o exemplo de Madre Teresa, filha da Maced\u00f4nia do Norte, para motivar a \u201cfazer as contas\u201d em nome da solidariedade:<br \/>\n\u201cQuantos foram tranquilizados pela ternura do seu olhar, confortados pelas suas car\u00edcias, levantados pela sua esperan\u00e7a e alimentados pela coragem da sua f\u00e9, capaz de fazer sentir aos mais abandonados que n\u00e3o estavam abandonados por Deus! A hist\u00f3ria \u00e9 escrita por essas pessoas que n\u00e3o t\u00eam medo de gastar a sua vida por amor.\u201d<\/p>\n<p>Muitas vezes gastamos as nossas energias e recursos, reuni\u00f5es e programa\u00e7\u00f5es \u201cque n\u00e3o s\u00f3 n\u00e3o entusiasmam ningu\u00e9m, mas n\u00e3o conseguem sequer levar um pouco daquela fragr\u00e2ncia evang\u00e9lica capaz de confortar e abrir caminhos de esperan\u00e7a\u201d, acrescentou o Papa ao refor\u00e7ar as palavras de Madre Teresa que disse: \u201caquilo de que n\u00e3o preciso, me pesa\u201d. Ent\u00e3o, \u201cdeixemos de lado todos os pesos que nos separam da miss\u00e3o e impedem que o perfume da miseric\u00f3rdia alcance o rosto dos nossos irm\u00e3os\u201d.<\/p>\n<p><img loading=\"lazy\" class=\"alignnone size-full wp-image-204526\" src=\"https:\/\/franciscanos.org.br\/noticias\/wp-content\/uploads\/2019\/05\/papa_070519_2.jpg\" alt=\"\" width=\"890\" height=\"501\" srcset=\"https:\/\/franciscanos.org.br\/noticias\/wp-content\/uploads\/2019\/05\/papa_070519_2.jpg 890w, https:\/\/franciscanos.org.br\/noticias\/wp-content\/uploads\/2019\/05\/papa_070519_2-450x253.jpg 450w, https:\/\/franciscanos.org.br\/noticias\/wp-content\/uploads\/2019\/05\/papa_070519_2-768x432.jpg 768w, https:\/\/franciscanos.org.br\/noticias\/wp-content\/uploads\/2019\/05\/papa_070519_2-150x84.jpg 150w\" sizes=\"(max-width: 890px) 100vw, 890px\" \/><\/p>\n<p><strong>As casas com \u00edcones da fam\u00edlia de Nazar\u00e9<\/strong><\/p>\n<p>A partir de outro testemunho, \u201cde alegrias e preocupa\u00e7\u00f5es do minist\u00e9rio e da vida familiar\u201d, o Papa descreveu como \u00e9 \u201cuma casa que abriga no seu interior a presen\u00e7a de Deus, a ora\u00e7\u00e3o comum e, por conseguinte, a b\u00ean\u00e7\u00e3o do Senhor\u201d. N\u00e3o a partir de uma fam\u00edlia \u2018perfeita\u2019 ou imaculada, mas como o \u201c\u00edcone da fam\u00edlia de Nazar\u00e9, com o seu dia-a-dia feito de fadigas e at\u00e9 de pesadelos\u201d, capaz de desenvolver \u201cdimens\u00f5es importantes, mas t\u00e3o esquecidas na sociedade desgastada por rela\u00e7\u00f5es fren\u00e9ticas e superficiais: as dimens\u00f5es da ternura, da paci\u00eancia e da compaix\u00e3o para com os outros\u201d, disse. \u201cQueridos irm\u00e3os, obrigado mais uma vez por esta oportunidade eclesial de respirar a plenos pulm\u00f5es\u201d, agradeceu.<\/p>\n<hr \/>\n<p><img loading=\"lazy\" class=\"alignnone wp-image-204523 size-full\" src=\"https:\/\/franciscanos.org.br\/noticias\/wp-content\/uploads\/2019\/05\/papa_070519_3.jpg\" alt=\"\" width=\"890\" height=\"501\" srcset=\"https:\/\/franciscanos.org.br\/noticias\/wp-content\/uploads\/2019\/05\/papa_070519_3.jpg 890w, https:\/\/franciscanos.org.br\/noticias\/wp-content\/uploads\/2019\/05\/papa_070519_3-450x253.jpg 450w, https:\/\/franciscanos.org.br\/noticias\/wp-content\/uploads\/2019\/05\/papa_070519_3-768x432.jpg 768w, https:\/\/franciscanos.org.br\/noticias\/wp-content\/uploads\/2019\/05\/papa_070519_3-150x84.jpg 150w\" sizes=\"(max-width: 890px) 100vw, 890px\" \/><\/p>\n<h3>Papa aos jovens de Skopje: \u201cNunca se sonha demais\u201d<\/h3>\n<p>Na tarde desta ter\u00e7a-feira (07\/05), o Santo Padre teve um encontro ecum\u00eanico e inter-religioso com os jovens, no Centro Pastoral de Skopje. O encontro foi iniciado com cantos e testemunhos de jovens cat\u00f3licos, ortodoxos e mu\u00e7ulmanos e a apresenta\u00e7\u00e3o de dan\u00e7as.<\/p>\n<p><strong>Sonho demais?<\/strong><br \/>\nAo se dirigir aos jovens o Papa falou sobre as perguntas que tinha recebido de alguns deles. Come\u00e7ou com a pergunta de uma jovem: \u201cSonho demais?\u201d, \u00e0 qual Francisco logo respondeu: \u201cQuero dizer para voc\u00eas que sonhar nunca \u00e9 demais. Um dos principais problemas de hoje e de muitos jovens \u00e9 terem perdido a capacidade de sonhar. Nem muito nem pouco; simplesmente n\u00e3o sonham! E, quando uma pessoa n\u00e3o sonha, quando um jovem n\u00e3o sonha, o respectivo espa\u00e7o \u00e9 ocupado pela lamenta\u00e7\u00e3o e pela resigna\u00e7\u00e3o\u201d.<\/p>\n<p>Depois de falar sobre a necessidade e import\u00e2ncia fundamental dos sonhos recordou tamb\u00e9m que \u201cN\u00e3o h\u00e1 idade para sonhar\u2026Sonhem e sonhem em grande!\u201d.<\/p>\n<p><img loading=\"lazy\" class=\"alignnone size-full wp-image-204524\" src=\"https:\/\/franciscanos.org.br\/noticias\/wp-content\/uploads\/2019\/05\/papa_070519_4.jpg\" alt=\"\" width=\"890\" height=\"501\" srcset=\"https:\/\/franciscanos.org.br\/noticias\/wp-content\/uploads\/2019\/05\/papa_070519_4.jpg 890w, https:\/\/franciscanos.org.br\/noticias\/wp-content\/uploads\/2019\/05\/papa_070519_4-450x253.jpg 450w, https:\/\/franciscanos.org.br\/noticias\/wp-content\/uploads\/2019\/05\/papa_070519_4-768x432.jpg 768w, https:\/\/franciscanos.org.br\/noticias\/wp-content\/uploads\/2019\/05\/papa_070519_4-150x84.jpg 150w\" sizes=\"(max-width: 890px) 100vw, 890px\" \/><\/p>\n<p><strong>Errar e recome\u00e7ar<\/strong><br \/>\nFrancisco recordou a exorta\u00e7\u00e3o apost\u00f3lica Christus vivit ao concluir seu pensamento: \u201cOs sonhos mais belos conquistam-se com esperan\u00e7a, paci\u00eancia e determina\u00e7\u00e3o, renunciando \u00e0s pressas\u201d (\u2026) \u201cAinda que erres \u2013 continuou &#8211; poder\u00e1s sempre levantar a cabe\u00e7a e voltar a come\u00e7ar, porque ningu\u00e9m tem o direito de te roubar a esperan\u00e7a\u201d.<\/p>\n<p><strong>Madre Teresa: l\u00e1pis nas m\u00e3os de Deus<\/strong><br \/>\nAo falar sobre Madre Teresa, Francisco exortou os jovens: \u201cPensem em Madre Teresa! Quando morava aqui, n\u00e3o podia imaginar como haveria de ser a sua vida, mas n\u00e3o cessou de sonhar\u201d (\u2026) \u201cQueria ser \u2018um l\u00e1pis nas m\u00e3os de Deus\u2019. Tal era o seu sonho artesanal. Ofereceu-o a Deus, acreditou nele, sofreu por ele, nunca desistiu dele. E, com aquele l\u00e1pis, Deus come\u00e7ou a escrever p\u00e1ginas in\u00e9ditas e estupendas\u201d.<\/p>\n<p>O Papa completou seu pensamento recordando aos jovens que para conquistar os sonhos ningu\u00e9m pode combater sozinho: \u201cAqui est\u00e1 um \u00f3timo segredo para sonhar e tornar a nossa vida uma bela aventura. Ningu\u00e9m pode enfrentar a vida isoladamente, n\u00e3o se pode viver a f\u00e9, os sonhos sem comunidade, apenas no pr\u00f3prio cora\u00e7\u00e3o ou em casa\u201d.<\/p>\n<p>E fez um apelo: \u201cPor favor, sonhem juntos, n\u00e3o sozinhos; com os outros, nunca contra os outros. Sozinho, corres o risco de ter miragens, vendo aquilo que n\u00e3o existe; \u00e9 juntos que se constroem os sonhos\u201d.<\/p>\n<p><strong>&#8220;Face a face&#8221;<\/strong><br \/>\nFrancisco aborda o tema das comunica\u00e7\u00f5es atrav\u00e9s de conex\u00f5es sugerindo o \u201cface a face\u201d aos jovens presentes, pois vivem \u201cmuito conectados e pouco envolvidos uns com os outros. Porque envolver-se reclama a vida, exige estar presente e compartilhar momentos belos&#8230; e outros menos belos\u201d. O Papa recordou aos jovens que o \u201cface a face\u201d deve ser feito com todos, mas \u201csobretudo com os av\u00f3s, com os idosos da comunidade\u201d, porque \u00e9 um ant\u00eddoto contra a pressa e a necessidade de fazer tudo imediatamente que leva \u00e0 \u201cansiedade, insatisfa\u00e7\u00e3o e resigna\u00e7\u00e3o\u201d. \u201cPara um cora\u00e7\u00e3o doente com a resigna\u00e7\u00e3o, n\u00e3o h\u00e1 rem\u00e9dio melhor do que escutar as experi\u00eancias dos idosos\u201d, conclui o Papa.<\/p>\n<p>O Papa agradece aos jovens pelo encontro dizendo que constatou \u201cinquieta\u00e7\u00f5es, sonhos, busca\u2026 um terreno todo fecundo para fazer grandes coisas na vida de voc\u00eas\u201d. \u201cVoc\u00eas s\u00e3o artes\u00e3os de esperan\u00e7a\u201d<\/p>\n<p>Por fim Francisco convidou os jovens a rezarem juntos uma ora\u00e7\u00e3o de Madre Teresa:<\/p>\n<h3>Precisais das minhas m\u00e3os, Senhor?<br \/>\n(Ora\u00e7\u00e3o de Madre Teresa)<\/h3>\n<p><em>Precisais das minhas m\u00e3os, Senhor,<\/em><br \/>\n<em>para ajudar hoje os doentes e os pobres<\/em><br \/>\n<em>que delas necessitam?<\/em><br \/>\n<em>Senhor, hoje ofere\u00e7o-Vos as minhas m\u00e3os.<\/em><br \/>\n<em>Precisais dos meus p\u00e9s, Senhor,<\/em><br \/>\n<em>para que me levem hoje<\/em><br \/>\n<em>\u00e0queles que necessitam dum amigo?<\/em><br \/>\n<em>Senhor, hoje ofere\u00e7o-Vos os meus p\u00e9s.<\/em><br \/>\n<em>Precisais da minha voz, Senhor,<\/em><br \/>\n<em>para que eu hoje fale a todos aqueles<\/em><br \/>\n<em>que necessitam da vossa palavra de amor?<\/em><br \/>\n<em>Senhor, hoje ofere\u00e7o-Vos a minha voz.<\/em><br \/>\n<em>Precisais do meu cora\u00e7\u00e3o, Senhor,<\/em><br \/>\n<em>para que eu ame a quem quer que seja<\/em><br \/>\n<em>sem exce\u00e7\u00e3o alguma?<\/em><br \/>\n<em>Senhor, hoje ofere\u00e7o-Vos o meu cora\u00e7\u00e3o.<\/em><\/p>\n","protected":false},"excerpt":{"rendered":"<p>29\u00aa Viagem Apost\u00f3lica do Papa Francisco<\/p>\n","protected":false},"author":3,"featured_media":204522,"comment_status":"open","ping_status":"open","sticky":false,"template":"","format":"standard","meta":[],"categories":[1428],"tags":[1140],"acf":[],"yoast_head":"<!-- This site is optimized with the Yoast SEO plugin v19.2 - https:\/\/yoast.com\/wordpress\/plugins\/seo\/ -->\n<title>Papa aos sacerdotes: N\u00e3o tenham medo de gastar a vida por amor - Not\u00edcias - Franciscanos<\/title>\n<meta name=\"robots\" content=\"index, follow, max-snippet:-1, max-image-preview:large, max-video-preview:-1\" \/>\n<link rel=\"canonical\" href=\"https:\/\/franciscanos.org.br\/noticias\/papa-aos-sacerdotes-nao-tenham-medo-de-gastar-a-vida-por-amor.html\" \/>\n<meta property=\"og:locale\" content=\"pt_BR\" \/>\n<meta property=\"og:type\" content=\"article\" \/>\n<meta property=\"og:title\" content=\"Papa aos sacerdotes: N\u00e3o tenham medo de gastar a vida por amor - Not\u00edcias - Franciscanos\" \/>\n<meta property=\"og:description\" content=\"29\u00aa Viagem Apost\u00f3lica do Papa Francisco\" \/>\n<meta property=\"og:url\" content=\"https:\/\/franciscanos.org.br\/noticias\/papa-aos-sacerdotes-nao-tenham-medo-de-gastar-a-vida-por-amor.html\" \/>\n<meta property=\"og:site_name\" content=\"Not\u00edcias - Franciscanos\" \/>\n<meta property=\"article:published_time\" content=\"2019-05-07T21:35:02+00:00\" \/>\n<meta property=\"article:modified_time\" content=\"2020-09-01T13:45:49+00:00\" \/>\n<meta property=\"og:image\" content=\"https:\/\/franciscanos.org.br\/noticias\/wp-content\/uploads\/2019\/05\/papa_070519d.jpg\" \/>\n\t<meta property=\"og:image:width\" content=\"273\" \/>\n\t<meta property=\"og:image:height\" content=\"181\" \/>\n\t<meta property=\"og:image:type\" content=\"image\/jpeg\" \/>\n<meta name=\"author\" content=\"moacir\" \/>\n<meta name=\"twitter:card\" content=\"summary_large_image\" \/>\n<meta name=\"twitter:label1\" content=\"Escrito por\" \/>\n\t<meta name=\"twitter:data1\" content=\"moacir\" \/>\n\t<meta name=\"twitter:label2\" content=\"Est. tempo de leitura\" \/>\n\t<meta name=\"twitter:data2\" content=\"7 minutos\" \/>\n<script type=\"application\/ld+json\" class=\"yoast-schema-graph\">{\"@context\":\"https:\/\/schema.org\",\"@graph\":[{\"@type\":\"WebSite\",\"@id\":\"https:\/\/franciscanos.org.br\/noticias\/#website\",\"url\":\"https:\/\/franciscanos.org.br\/noticias\/\",\"name\":\"Not\u00edcias - Franciscanos\",\"description\":\"Prov\u00edncia Franciscana da Imaculada Concei\u00e7\u00e3o do Brasil - Ordem dos Frades Menores - OFM\",\"potentialAction\":[{\"@type\":\"SearchAction\",\"target\":{\"@type\":\"EntryPoint\",\"urlTemplate\":\"https:\/\/franciscanos.org.br\/noticias\/?s={search_term_string}\"},\"query-input\":\"required name=search_term_string\"}],\"inLanguage\":\"pt-BR\"},{\"@type\":\"ImageObject\",\"inLanguage\":\"pt-BR\",\"@id\":\"https:\/\/franciscanos.org.br\/noticias\/papa-aos-sacerdotes-nao-tenham-medo-de-gastar-a-vida-por-amor.html#primaryimage\",\"url\":\"https:\/\/franciscanos.org.br\/noticias\/wp-content\/uploads\/2019\/05\/papa_070519d.jpg\",\"contentUrl\":\"https:\/\/franciscanos.org.br\/noticias\/wp-content\/uploads\/2019\/05\/papa_070519d.jpg\",\"width\":273,\"height\":181},{\"@type\":\"WebPage\",\"@id\":\"https:\/\/franciscanos.org.br\/noticias\/papa-aos-sacerdotes-nao-tenham-medo-de-gastar-a-vida-por-amor.html#webpage\",\"url\":\"https:\/\/franciscanos.org.br\/noticias\/papa-aos-sacerdotes-nao-tenham-medo-de-gastar-a-vida-por-amor.html\",\"name\":\"Papa aos sacerdotes: N\u00e3o tenham medo de gastar a vida por amor - Not\u00edcias - Franciscanos\",\"isPartOf\":{\"@id\":\"https:\/\/franciscanos.org.br\/noticias\/#website\"},\"primaryImageOfPage\":{\"@id\":\"https:\/\/franciscanos.org.br\/noticias\/papa-aos-sacerdotes-nao-tenham-medo-de-gastar-a-vida-por-amor.html#primaryimage\"},\"datePublished\":\"2019-05-07T21:35:02+00:00\",\"dateModified\":\"2020-09-01T13:45:49+00:00\",\"author\":{\"@id\":\"https:\/\/franciscanos.org.br\/noticias\/#\/schema\/person\/b5c8cba458c330ccff548b056e95a5d4\"},\"breadcrumb\":{\"@id\":\"https:\/\/franciscanos.org.br\/noticias\/papa-aos-sacerdotes-nao-tenham-medo-de-gastar-a-vida-por-amor.html#breadcrumb\"},\"inLanguage\":\"pt-BR\",\"potentialAction\":[{\"@type\":\"ReadAction\",\"target\":[\"https:\/\/franciscanos.org.br\/noticias\/papa-aos-sacerdotes-nao-tenham-medo-de-gastar-a-vida-por-amor.html\"]}]},{\"@type\":\"BreadcrumbList\",\"@id\":\"https:\/\/franciscanos.org.br\/noticias\/papa-aos-sacerdotes-nao-tenham-medo-de-gastar-a-vida-por-amor.html#breadcrumb\",\"itemListElement\":[{\"@type\":\"ListItem\",\"position\":1,\"name\":\"Home\",\"item\":\"https:\/\/franciscanos.org.br\/noticias\"},{\"@type\":\"ListItem\",\"position\":2,\"name\":\"Papa aos sacerdotes: N\u00e3o tenham medo de gastar a vida por amor\"}]},{\"@type\":\"Person\",\"@id\":\"https:\/\/franciscanos.org.br\/noticias\/#\/schema\/person\/b5c8cba458c330ccff548b056e95a5d4\",\"name\":\"moacir\",\"image\":{\"@type\":\"ImageObject\",\"inLanguage\":\"pt-BR\",\"@id\":\"https:\/\/franciscanos.org.br\/noticias\/#\/schema\/person\/image\/\",\"url\":\"https:\/\/secure.gravatar.com\/avatar\/d08aa2ce4c8dd416d4479aa8536fcf64?s=96&d=mm&r=g\",\"contentUrl\":\"https:\/\/secure.gravatar.com\/avatar\/d08aa2ce4c8dd416d4479aa8536fcf64?s=96&d=mm&r=g\",\"caption\":\"moacir\"},\"url\":\"https:\/\/franciscanos.org.br\/noticias\/author\/moacir\"}]}<\/script>\n<!-- \/ Yoast SEO plugin. -->","yoast_head_json":{"title":"Papa aos sacerdotes: N\u00e3o tenham medo de gastar a vida por amor - Not\u00edcias - Franciscanos","robots":{"index":"index","follow":"follow","max-snippet":"max-snippet:-1","max-image-preview":"max-image-preview:large","max-video-preview":"max-video-preview:-1"},"canonical":"https:\/\/franciscanos.org.br\/noticias\/papa-aos-sacerdotes-nao-tenham-medo-de-gastar-a-vida-por-amor.html","og_locale":"pt_BR","og_type":"article","og_title":"Papa aos sacerdotes: N\u00e3o tenham medo de gastar a vida por amor - Not\u00edcias - Franciscanos","og_description":"29\u00aa Viagem Apost\u00f3lica do Papa Francisco","og_url":"https:\/\/franciscanos.org.br\/noticias\/papa-aos-sacerdotes-nao-tenham-medo-de-gastar-a-vida-por-amor.html","og_site_name":"Not\u00edcias - Franciscanos","article_published_time":"2019-05-07T21:35:02+00:00","article_modified_time":"2020-09-01T13:45:49+00:00","og_image":[{"width":273,"height":181,"url":"https:\/\/franciscanos.org.br\/noticias\/wp-content\/uploads\/2019\/05\/papa_070519d.jpg","type":"image\/jpeg"}],"author":"moacir","twitter_card":"summary_large_image","twitter_misc":{"Escrito por":"moacir","Est. tempo de leitura":"7 minutos"},"schema":{"@context":"https:\/\/schema.org","@graph":[{"@type":"WebSite","@id":"https:\/\/franciscanos.org.br\/noticias\/#website","url":"https:\/\/franciscanos.org.br\/noticias\/","name":"Not\u00edcias - Franciscanos","description":"Prov\u00edncia Franciscana da Imaculada Concei\u00e7\u00e3o do Brasil - Ordem dos Frades Menores - OFM","potentialAction":[{"@type":"SearchAction","target":{"@type":"EntryPoint","urlTemplate":"https:\/\/franciscanos.org.br\/noticias\/?s={search_term_string}"},"query-input":"required name=search_term_string"}],"inLanguage":"pt-BR"},{"@type":"ImageObject","inLanguage":"pt-BR","@id":"https:\/\/franciscanos.org.br\/noticias\/papa-aos-sacerdotes-nao-tenham-medo-de-gastar-a-vida-por-amor.html#primaryimage","url":"https:\/\/franciscanos.org.br\/noticias\/wp-content\/uploads\/2019\/05\/papa_070519d.jpg","contentUrl":"https:\/\/franciscanos.org.br\/noticias\/wp-content\/uploads\/2019\/05\/papa_070519d.jpg","width":273,"height":181},{"@type":"WebPage","@id":"https:\/\/franciscanos.org.br\/noticias\/papa-aos-sacerdotes-nao-tenham-medo-de-gastar-a-vida-por-amor.html#webpage","url":"https:\/\/franciscanos.org.br\/noticias\/papa-aos-sacerdotes-nao-tenham-medo-de-gastar-a-vida-por-amor.html","name":"Papa aos sacerdotes: N\u00e3o tenham medo de gastar a vida por amor - Not\u00edcias - Franciscanos","isPartOf":{"@id":"https:\/\/franciscanos.org.br\/noticias\/#website"},"primaryImageOfPage":{"@id":"https:\/\/franciscanos.org.br\/noticias\/papa-aos-sacerdotes-nao-tenham-medo-de-gastar-a-vida-por-amor.html#primaryimage"},"datePublished":"2019-05-07T21:35:02+00:00","dateModified":"2020-09-01T13:45:49+00:00","author":{"@id":"https:\/\/franciscanos.org.br\/noticias\/#\/schema\/person\/b5c8cba458c330ccff548b056e95a5d4"},"breadcrumb":{"@id":"https:\/\/franciscanos.org.br\/noticias\/papa-aos-sacerdotes-nao-tenham-medo-de-gastar-a-vida-por-amor.html#breadcrumb"},"inLanguage":"pt-BR","potentialAction":[{"@type":"ReadAction","target":["https:\/\/franciscanos.org.br\/noticias\/papa-aos-sacerdotes-nao-tenham-medo-de-gastar-a-vida-por-amor.html"]}]},{"@type":"BreadcrumbList","@id":"https:\/\/franciscanos.org.br\/noticias\/papa-aos-sacerdotes-nao-tenham-medo-de-gastar-a-vida-por-amor.html#breadcrumb","itemListElement":[{"@type":"ListItem","position":1,"name":"Home","item":"https:\/\/franciscanos.org.br\/noticias"},{"@type":"ListItem","position":2,"name":"Papa aos sacerdotes: N\u00e3o tenham medo de gastar a vida por amor"}]},{"@type":"Person","@id":"https:\/\/franciscanos.org.br\/noticias\/#\/schema\/person\/b5c8cba458c330ccff548b056e95a5d4","name":"moacir","image":{"@type":"ImageObject","inLanguage":"pt-BR","@id":"https:\/\/franciscanos.org.br\/noticias\/#\/schema\/person\/image\/","url":"https:\/\/secure.gravatar.com\/avatar\/d08aa2ce4c8dd416d4479aa8536fcf64?s=96&d=mm&r=g","contentUrl":"https:\/\/secure.gravatar.com\/avatar\/d08aa2ce4c8dd416d4479aa8536fcf64?s=96&d=mm&r=g","caption":"moacir"},"url":"https:\/\/franciscanos.org.br\/noticias\/author\/moacir"}]}},"_links":{"self":[{"href":"https:\/\/franciscanos.org.br\/noticias\/wp-json\/wp\/v2\/posts\/204520"}],"collection":[{"href":"https:\/\/franciscanos.org.br\/noticias\/wp-json\/wp\/v2\/posts"}],"about":[{"href":"https:\/\/franciscanos.org.br\/noticias\/wp-json\/wp\/v2\/types\/post"}],"author":[{"embeddable":true,"href":"https:\/\/franciscanos.org.br\/noticias\/wp-json\/wp\/v2\/users\/3"}],"replies":[{"embeddable":true,"href":"https:\/\/franciscanos.org.br\/noticias\/wp-json\/wp\/v2\/comments?post=204520"}],"version-history":[{"count":1,"href":"https:\/\/franciscanos.org.br\/noticias\/wp-json\/wp\/v2\/posts\/204520\/revisions"}],"predecessor-version":[{"id":228094,"href":"https:\/\/franciscanos.org.br\/noticias\/wp-json\/wp\/v2\/posts\/204520\/revisions\/228094"}],"wp:featuredmedia":[{"embeddable":true,"href":"https:\/\/franciscanos.org.br\/noticias\/wp-json\/wp\/v2\/media\/204522"}],"wp:attachment":[{"href":"https:\/\/franciscanos.org.br\/noticias\/wp-json\/wp\/v2\/media?parent=204520"}],"wp:term":[{"taxonomy":"category","embeddable":true,"href":"https:\/\/franciscanos.org.br\/noticias\/wp-json\/wp\/v2\/categories?post=204520"},{"taxonomy":"post_tag","embeddable":true,"href":"https:\/\/franciscanos.org.br\/noticias\/wp-json\/wp\/v2\/tags?post=204520"}],"curies":[{"name":"wp","href":"https:\/\/api.w.org\/{rel}","templated":true}]}}