{"id":204452,"date":"2019-05-06T18:30:25","date_gmt":"2019-05-06T21:30:25","guid":{"rendered":"https:\/\/franciscanos.org.br\/noticias\/?p=204452"},"modified":"2021-07-05T20:13:50","modified_gmt":"2021-07-05T23:13:50","slug":"cerimonia-marca-investidura-do-coral-das-meninas-dos-canarinhos-de-petropolis","status":"publish","type":"post","link":"https:\/\/franciscanos.org.br\/noticias\/cerimonia-marca-investidura-do-coral-das-meninas-dos-canarinhos-de-petropolis.html","title":{"rendered":"Cerim\u00f4nia marca Investidura do Coral das Meninas dos Canarinhos de Petr\u00f3polis"},"content":{"rendered":"<p><img loading=\"lazy\" class=\"alignnone size-full wp-image-204453\" src=\"https:\/\/franciscanos.org.br\/noticias\/wp-content\/uploads\/2019\/05\/canarinhos_0605.jpg\" alt=\"\" width=\"890\" height=\"469\" srcset=\"https:\/\/franciscanos.org.br\/noticias\/wp-content\/uploads\/2019\/05\/canarinhos_0605.jpg 890w, https:\/\/franciscanos.org.br\/noticias\/wp-content\/uploads\/2019\/05\/canarinhos_0605-450x237.jpg 450w, https:\/\/franciscanos.org.br\/noticias\/wp-content\/uploads\/2019\/05\/canarinhos_0605-768x405.jpg 768w, https:\/\/franciscanos.org.br\/noticias\/wp-content\/uploads\/2019\/05\/canarinhos_0605-150x79.jpg 150w\" sizes=\"(max-width: 890px) 100vw, 890px\" \/><\/p>\n<p>Uma manh\u00e3 ensolarada e de muita emo\u00e7\u00e3o marcaram a entrada de nove novas cantoras no Coral das Meninas dos Canarinhos de Petr\u00f3polis. A cerim\u00f4nia, que acontece h\u00e1 31 anos, \u00e9 um momento muito especial para as meninas que durante um ano participam do Curso de Aprendizes at\u00e9 estarem prontas para ingressar no coro principal. Pela primeira vez, a investidura foi feita tamb\u00e9m em libras para que fosse acompanhada por integrantes da Pastoral do Surdo, da Par\u00f3quia de Niter\u00f3i.<\/p>\n<p>Acompanhadas por seus padrinhos e madrinhas, elas foram recebidas pelos fi\u00e9is que lotaram a Igreja do Sagrado Cora\u00e7\u00e3o de Jesus. \u201cEssas meninas est\u00e3o atendendo a um chamado de Deus. Elas possuem a miss\u00e3o de dirigir a Deus nossos pedidos atrav\u00e9s de suas vozes e, da mesma forma, levar o Evangelho aos fi\u00e9is por meio do canto\u201d, disse Frei Marcos Andrade, aben\u00e7oando as meninas.<\/p>\n<p><img loading=\"lazy\" class=\"alignnone wp-image-204457 size-full\" src=\"https:\/\/franciscanos.org.br\/noticias\/wp-content\/uploads\/2019\/05\/canarinhos_050519.jpg\" alt=\"\" width=\"890\" height=\"400\" srcset=\"https:\/\/franciscanos.org.br\/noticias\/wp-content\/uploads\/2019\/05\/canarinhos_050519.jpg 890w, https:\/\/franciscanos.org.br\/noticias\/wp-content\/uploads\/2019\/05\/canarinhos_050519-450x202.jpg 450w, https:\/\/franciscanos.org.br\/noticias\/wp-content\/uploads\/2019\/05\/canarinhos_050519-768x345.jpg 768w, https:\/\/franciscanos.org.br\/noticias\/wp-content\/uploads\/2019\/05\/canarinhos_050519-150x67.jpg 150w\" sizes=\"(max-width: 890px) 100vw, 890px\" \/><\/p>\n<p>Para o regente do Coral das Meninas dos Canarinhos de Petr\u00f3polis, o maestro Marcelo Vizani, a cerim\u00f4nia de investidura \u00e9 um momento de colher os frutos plantados durante um ano de trabalho: \u201cAgradecemos aos pais porque est\u00e3o dando os seus maiores bens aos Canarinhos\u201d, declarou Vizani, convidando as novas cantoras a receberem as pastas com as m\u00fasicas que as acompanhar\u00e3o durante toda a trajet\u00f3ria dentro do coro. \u201cEsta pasta marcou a vida de muitos homens e mulheres que por esta institui\u00e7\u00e3o passaram\u201d, disse, emocionado.<\/p>\n<p>O diretor art\u00edstico do Instituto dos Meninos Cantores de Petr\u00f3polis, o maestro Marco Aur\u00e9lio Lischt, lembrou a import\u00e2ncia do trabalho realizado pelas coralistas: \u201c\u00c9 um servi\u00e7o \u00e1rduo que requer sacrif\u00edcios. Espero que tenham muitas alegrias e que levem mensagens de paz atrav\u00e9s da m\u00fasica\u201d.<\/p>\n<p><img loading=\"lazy\" class=\"alignnone wp-image-204458 size-full\" src=\"https:\/\/franciscanos.org.br\/noticias\/wp-content\/uploads\/2019\/05\/canarinhos_050519_1.jpg\" alt=\"\" width=\"890\" height=\"400\" srcset=\"https:\/\/franciscanos.org.br\/noticias\/wp-content\/uploads\/2019\/05\/canarinhos_050519_1.jpg 890w, https:\/\/franciscanos.org.br\/noticias\/wp-content\/uploads\/2019\/05\/canarinhos_050519_1-450x202.jpg 450w, https:\/\/franciscanos.org.br\/noticias\/wp-content\/uploads\/2019\/05\/canarinhos_050519_1-768x345.jpg 768w, https:\/\/franciscanos.org.br\/noticias\/wp-content\/uploads\/2019\/05\/canarinhos_050519_1-150x67.jpg 150w\" sizes=\"(max-width: 890px) 100vw, 890px\" \/><\/p>\n<p>O Coral das Meninas dos Canarinhos passa a contar com Ana Beatriz Karl de Menezes, Beatriz Medeiros Soares, Clara Zancanelli Mendes, Gabriela de Freitas Lima Gastaldelo, Isadora Machado Fran\u00e7a, Maiara Elena Petres Voerkel, Rayssa Lima Pereira, Sophia Kappaun Carneiro Henaut, Sophia Schwartz dos Santos Lage da Silva.<\/p>\n<p>Mais informa\u00e7\u00f5es sobre as atividades do Instituto dos Meninos Cantores de Petr\u00f3polis podem ser consultadas pelo telefone (24) 2104-4141, pelo Facebook http:\/\/fb.com\/canarinhosdepetropolis ou pelo site www.canarinhos.com.br.<\/p>\n<hr \/>\n<p><strong>Daniela Moreira, assessora de imprensa do Instituto dos Meninos Cantores de Petr\u00f3polis<\/strong><br \/>\n<strong>Fotos: Frei Augusto Luiz Gabriel<\/strong><\/p>\n<h3 style=\"text-align: center;\"><strong>VEJA MAIS IMAGENS<\/strong><\/h3>\n\n\t\t<style type=\"text\/css\">\n\t\t\t#gallery-1 {\n\t\t\t\tmargin: auto;\n\t\t\t}\n\t\t\t#gallery-1 .gallery-item {\n\t\t\t\tfloat: left;\n\t\t\t\tmargin-top: 10px;\n\t\t\t\ttext-align: center;\n\t\t\t\twidth: 25%;\n\t\t\t}\n\t\t\t#gallery-1 img {\n\t\t\t\tborder: 2px solid #cfcfcf;\n\t\t\t}\n\t\t\t#gallery-1 .gallery-caption {\n\t\t\t\tmargin-left: 0;\n\t\t\t}\n\t\t\t\/* see gallery_shortcode() in wp-includes\/media.php *\/\n\t\t<\/style>\n\t\t<div id='gallery-1' class='gallery galleryid-204452 gallery-columns-4 gallery-size-thumbnail'><dl class='gallery-item'>\n\t\t\t<dt class='gallery-icon landscape'>\n\t\t\t\t<a href='https:\/\/franciscanos.org.br\/noticias\/wp-content\/uploads\/2019\/05\/canarinhos_050519-2.jpg'><img width=\"300\" height=\"300\" src=\"https:\/\/franciscanos.org.br\/noticias\/wp-content\/uploads\/2019\/05\/canarinhos_050519-2-300x300.jpg\" class=\"attachment-thumbnail size-thumbnail\" alt=\"\" loading=\"lazy\" srcset=\"https:\/\/franciscanos.org.br\/noticias\/wp-content\/uploads\/2019\/05\/canarinhos_050519-2-300x300.jpg 300w, https:\/\/franciscanos.org.br\/noticias\/wp-content\/uploads\/2019\/05\/canarinhos_050519-2-400x400.jpg 400w\" sizes=\"(max-width: 300px) 100vw, 300px\" \/><\/a>\n\t\t\t<\/dt><\/dl><dl class='gallery-item'>\n\t\t\t<dt class='gallery-icon landscape'>\n\t\t\t\t<a href='https:\/\/franciscanos.org.br\/noticias\/wp-content\/uploads\/2019\/05\/canarinhos_050519-3.jpg'><img width=\"300\" height=\"300\" src=\"https:\/\/franciscanos.org.br\/noticias\/wp-content\/uploads\/2019\/05\/canarinhos_050519-3-300x300.jpg\" class=\"attachment-thumbnail size-thumbnail\" alt=\"\" loading=\"lazy\" srcset=\"https:\/\/franciscanos.org.br\/noticias\/wp-content\/uploads\/2019\/05\/canarinhos_050519-3-300x300.jpg 300w, https:\/\/franciscanos.org.br\/noticias\/wp-content\/uploads\/2019\/05\/canarinhos_050519-3-400x400.jpg 400w\" sizes=\"(max-width: 300px) 100vw, 300px\" \/><\/a>\n\t\t\t<\/dt><\/dl><dl class='gallery-item'>\n\t\t\t<dt class='gallery-icon landscape'>\n\t\t\t\t<a href='https:\/\/franciscanos.org.br\/noticias\/wp-content\/uploads\/2019\/05\/canarinhos_050519-13.jpg'><img width=\"300\" height=\"300\" src=\"https:\/\/franciscanos.org.br\/noticias\/wp-content\/uploads\/2019\/05\/canarinhos_050519-13-300x300.jpg\" class=\"attachment-thumbnail size-thumbnail\" alt=\"\" loading=\"lazy\" srcset=\"https:\/\/franciscanos.org.br\/noticias\/wp-content\/uploads\/2019\/05\/canarinhos_050519-13-300x300.jpg 300w, https:\/\/franciscanos.org.br\/noticias\/wp-content\/uploads\/2019\/05\/canarinhos_050519-13-400x400.jpg 400w\" sizes=\"(max-width: 300px) 100vw, 300px\" \/><\/a>\n\t\t\t<\/dt><\/dl><dl class='gallery-item'>\n\t\t\t<dt class='gallery-icon landscape'>\n\t\t\t\t<a href='https:\/\/franciscanos.org.br\/noticias\/wp-content\/uploads\/2019\/05\/canarinhos_050519-14.jpg'><img width=\"300\" height=\"300\" src=\"https:\/\/franciscanos.org.br\/noticias\/wp-content\/uploads\/2019\/05\/canarinhos_050519-14-300x300.jpg\" class=\"attachment-thumbnail size-thumbnail\" alt=\"\" loading=\"lazy\" srcset=\"https:\/\/franciscanos.org.br\/noticias\/wp-content\/uploads\/2019\/05\/canarinhos_050519-14-300x300.jpg 300w, https:\/\/franciscanos.org.br\/noticias\/wp-content\/uploads\/2019\/05\/canarinhos_050519-14-400x400.jpg 400w\" sizes=\"(max-width: 300px) 100vw, 300px\" \/><\/a>\n\t\t\t<\/dt><\/dl><br style=\"clear: both\" \/><dl class='gallery-item'>\n\t\t\t<dt class='gallery-icon landscape'>\n\t\t\t\t<a href='https:\/\/franciscanos.org.br\/noticias\/wp-content\/uploads\/2019\/05\/canarinhos_050519-15.jpg'><img width=\"300\" height=\"300\" src=\"https:\/\/franciscanos.org.br\/noticias\/wp-content\/uploads\/2019\/05\/canarinhos_050519-15-300x300.jpg\" class=\"attachment-thumbnail size-thumbnail\" alt=\"\" loading=\"lazy\" srcset=\"https:\/\/franciscanos.org.br\/noticias\/wp-content\/uploads\/2019\/05\/canarinhos_050519-15-300x300.jpg 300w, https:\/\/franciscanos.org.br\/noticias\/wp-content\/uploads\/2019\/05\/canarinhos_050519-15-400x400.jpg 400w\" sizes=\"(max-width: 300px) 100vw, 300px\" \/><\/a>\n\t\t\t<\/dt><\/dl><dl class='gallery-item'>\n\t\t\t<dt class='gallery-icon landscape'>\n\t\t\t\t<a href='https:\/\/franciscanos.org.br\/noticias\/wp-content\/uploads\/2019\/05\/canarinhos_050519-16.jpg'><img width=\"300\" height=\"300\" src=\"https:\/\/franciscanos.org.br\/noticias\/wp-content\/uploads\/2019\/05\/canarinhos_050519-16-300x300.jpg\" class=\"attachment-thumbnail size-thumbnail\" alt=\"\" loading=\"lazy\" srcset=\"https:\/\/franciscanos.org.br\/noticias\/wp-content\/uploads\/2019\/05\/canarinhos_050519-16-300x300.jpg 300w, https:\/\/franciscanos.org.br\/noticias\/wp-content\/uploads\/2019\/05\/canarinhos_050519-16-400x400.jpg 400w\" sizes=\"(max-width: 300px) 100vw, 300px\" \/><\/a>\n\t\t\t<\/dt><\/dl><dl class='gallery-item'>\n\t\t\t<dt class='gallery-icon landscape'>\n\t\t\t\t<a href='https:\/\/franciscanos.org.br\/noticias\/wp-content\/uploads\/2019\/05\/canarinhos_050519-20.jpg'><img width=\"300\" height=\"300\" src=\"https:\/\/franciscanos.org.br\/noticias\/wp-content\/uploads\/2019\/05\/canarinhos_050519-20-300x300.jpg\" class=\"attachment-thumbnail size-thumbnail\" alt=\"\" loading=\"lazy\" srcset=\"https:\/\/franciscanos.org.br\/noticias\/wp-content\/uploads\/2019\/05\/canarinhos_050519-20-300x300.jpg 300w, https:\/\/franciscanos.org.br\/noticias\/wp-content\/uploads\/2019\/05\/canarinhos_050519-20-400x400.jpg 400w\" sizes=\"(max-width: 300px) 100vw, 300px\" \/><\/a>\n\t\t\t<\/dt><\/dl><dl class='gallery-item'>\n\t\t\t<dt class='gallery-icon portrait'>\n\t\t\t\t<a href='https:\/\/franciscanos.org.br\/noticias\/wp-content\/uploads\/2019\/05\/canarinhos_050519-25-e1557185416971.jpg'><img width=\"300\" height=\"300\" src=\"https:\/\/franciscanos.org.br\/noticias\/wp-content\/uploads\/2019\/05\/canarinhos_050519-25-e1557185416971-300x300.jpg\" class=\"attachment-thumbnail size-thumbnail\" alt=\"\" loading=\"lazy\" srcset=\"https:\/\/franciscanos.org.br\/noticias\/wp-content\/uploads\/2019\/05\/canarinhos_050519-25-e1557185416971-300x300.jpg 300w, https:\/\/franciscanos.org.br\/noticias\/wp-content\/uploads\/2019\/05\/canarinhos_050519-25-e1557185416971-400x400.jpg 400w\" sizes=\"(max-width: 300px) 100vw, 300px\" \/><\/a>\n\t\t\t<\/dt><\/dl><br style=\"clear: both\" \/><dl class='gallery-item'>\n\t\t\t<dt class='gallery-icon landscape'>\n\t\t\t\t<a href='https:\/\/franciscanos.org.br\/noticias\/wp-content\/uploads\/2019\/05\/canarinhos_050519-28.jpg'><img width=\"300\" height=\"300\" src=\"https:\/\/franciscanos.org.br\/noticias\/wp-content\/uploads\/2019\/05\/canarinhos_050519-28-300x300.jpg\" class=\"attachment-thumbnail size-thumbnail\" alt=\"\" loading=\"lazy\" srcset=\"https:\/\/franciscanos.org.br\/noticias\/wp-content\/uploads\/2019\/05\/canarinhos_050519-28-300x300.jpg 300w, https:\/\/franciscanos.org.br\/noticias\/wp-content\/uploads\/2019\/05\/canarinhos_050519-28-400x400.jpg 400w\" sizes=\"(max-width: 300px) 100vw, 300px\" \/><\/a>\n\t\t\t<\/dt><\/dl><dl class='gallery-item'>\n\t\t\t<dt class='gallery-icon landscape'>\n\t\t\t\t<a href='https:\/\/franciscanos.org.br\/noticias\/wp-content\/uploads\/2019\/05\/canarinhos_050519-29.jpg'><img width=\"300\" height=\"300\" src=\"https:\/\/franciscanos.org.br\/noticias\/wp-content\/uploads\/2019\/05\/canarinhos_050519-29-300x300.jpg\" class=\"attachment-thumbnail size-thumbnail\" alt=\"\" loading=\"lazy\" srcset=\"https:\/\/franciscanos.org.br\/noticias\/wp-content\/uploads\/2019\/05\/canarinhos_050519-29-300x300.jpg 300w, https:\/\/franciscanos.org.br\/noticias\/wp-content\/uploads\/2019\/05\/canarinhos_050519-29-400x400.jpg 400w\" sizes=\"(max-width: 300px) 100vw, 300px\" \/><\/a>\n\t\t\t<\/dt><\/dl><dl class='gallery-item'>\n\t\t\t<dt class='gallery-icon landscape'>\n\t\t\t\t<a href='https:\/\/franciscanos.org.br\/noticias\/wp-content\/uploads\/2019\/05\/canarinhos_050519-32.jpg'><img width=\"300\" height=\"300\" src=\"https:\/\/franciscanos.org.br\/noticias\/wp-content\/uploads\/2019\/05\/canarinhos_050519-32-300x300.jpg\" class=\"attachment-thumbnail size-thumbnail\" alt=\"\" loading=\"lazy\" srcset=\"https:\/\/franciscanos.org.br\/noticias\/wp-content\/uploads\/2019\/05\/canarinhos_050519-32-300x300.jpg 300w, https:\/\/franciscanos.org.br\/noticias\/wp-content\/uploads\/2019\/05\/canarinhos_050519-32-400x400.jpg 400w\" sizes=\"(max-width: 300px) 100vw, 300px\" \/><\/a>\n\t\t\t<\/dt><\/dl><dl class='gallery-item'>\n\t\t\t<dt class='gallery-icon landscape'>\n\t\t\t\t<a href='https:\/\/franciscanos.org.br\/noticias\/wp-content\/uploads\/2019\/05\/canarinhos_050519-35.jpg'><img width=\"300\" height=\"300\" src=\"https:\/\/franciscanos.org.br\/noticias\/wp-content\/uploads\/2019\/05\/canarinhos_050519-35-300x300.jpg\" class=\"attachment-thumbnail size-thumbnail\" alt=\"\" loading=\"lazy\" srcset=\"https:\/\/franciscanos.org.br\/noticias\/wp-content\/uploads\/2019\/05\/canarinhos_050519-35-300x300.jpg 300w, https:\/\/franciscanos.org.br\/noticias\/wp-content\/uploads\/2019\/05\/canarinhos_050519-35-400x400.jpg 400w\" sizes=\"(max-width: 300px) 100vw, 300px\" \/><\/a>\n\t\t\t<\/dt><\/dl><br style=\"clear: both\" \/><dl class='gallery-item'>\n\t\t\t<dt class='gallery-icon landscape'>\n\t\t\t\t<a href='https:\/\/franciscanos.org.br\/noticias\/wp-content\/uploads\/2019\/05\/canarinhos_050519-36.jpg'><img width=\"300\" height=\"300\" src=\"https:\/\/franciscanos.org.br\/noticias\/wp-content\/uploads\/2019\/05\/canarinhos_050519-36-300x300.jpg\" class=\"attachment-thumbnail size-thumbnail\" alt=\"\" loading=\"lazy\" srcset=\"https:\/\/franciscanos.org.br\/noticias\/wp-content\/uploads\/2019\/05\/canarinhos_050519-36-300x300.jpg 300w, https:\/\/franciscanos.org.br\/noticias\/wp-content\/uploads\/2019\/05\/canarinhos_050519-36-400x400.jpg 400w\" sizes=\"(max-width: 300px) 100vw, 300px\" \/><\/a>\n\t\t\t<\/dt><\/dl><dl class='gallery-item'>\n\t\t\t<dt class='gallery-icon landscape'>\n\t\t\t\t<a href='https:\/\/franciscanos.org.br\/noticias\/wp-content\/uploads\/2019\/05\/canarinhos_050519-39.jpg'><img width=\"300\" height=\"300\" src=\"https:\/\/franciscanos.org.br\/noticias\/wp-content\/uploads\/2019\/05\/canarinhos_050519-39-300x300.jpg\" class=\"attachment-thumbnail size-thumbnail\" alt=\"\" loading=\"lazy\" srcset=\"https:\/\/franciscanos.org.br\/noticias\/wp-content\/uploads\/2019\/05\/canarinhos_050519-39-300x300.jpg 300w, https:\/\/franciscanos.org.br\/noticias\/wp-content\/uploads\/2019\/05\/canarinhos_050519-39-400x400.jpg 400w\" sizes=\"(max-width: 300px) 100vw, 300px\" \/><\/a>\n\t\t\t<\/dt><\/dl><dl class='gallery-item'>\n\t\t\t<dt class='gallery-icon landscape'>\n\t\t\t\t<a href='https:\/\/franciscanos.org.br\/noticias\/wp-content\/uploads\/2019\/05\/canarinhos_050519-45.jpg'><img width=\"300\" height=\"300\" src=\"https:\/\/franciscanos.org.br\/noticias\/wp-content\/uploads\/2019\/05\/canarinhos_050519-45-300x300.jpg\" class=\"attachment-thumbnail size-thumbnail\" alt=\"\" loading=\"lazy\" srcset=\"https:\/\/franciscanos.org.br\/noticias\/wp-content\/uploads\/2019\/05\/canarinhos_050519-45-300x300.jpg 300w, https:\/\/franciscanos.org.br\/noticias\/wp-content\/uploads\/2019\/05\/canarinhos_050519-45-400x400.jpg 400w\" sizes=\"(max-width: 300px) 100vw, 300px\" \/><\/a>\n\t\t\t<\/dt><\/dl><dl class='gallery-item'>\n\t\t\t<dt class='gallery-icon landscape'>\n\t\t\t\t<a href='https:\/\/franciscanos.org.br\/noticias\/wp-content\/uploads\/2019\/05\/canarinhos_050519-46.jpg'><img width=\"300\" height=\"300\" src=\"https:\/\/franciscanos.org.br\/noticias\/wp-content\/uploads\/2019\/05\/canarinhos_050519-46-300x300.jpg\" class=\"attachment-thumbnail size-thumbnail\" alt=\"\" loading=\"lazy\" srcset=\"https:\/\/franciscanos.org.br\/noticias\/wp-content\/uploads\/2019\/05\/canarinhos_050519-46-300x300.jpg 300w, https:\/\/franciscanos.org.br\/noticias\/wp-content\/uploads\/2019\/05\/canarinhos_050519-46-400x400.jpg 400w\" sizes=\"(max-width: 300px) 100vw, 300px\" \/><\/a>\n\t\t\t<\/dt><\/dl><br style=\"clear: both\" \/>\n\t\t<\/div>\n\n","protected":false},"excerpt":{"rendered":"<p>Coral das Meninas dos Canarinhos de Petr\u00f3polis<\/p>\n","protected":false},"author":5,"featured_media":204454,"comment_status":"open","ping_status":"open","sticky":false,"template":"","format":"standard","meta":[],"categories":[1],"tags":[1378,1531,190],"acf":[],"yoast_head":"<!-- This site is optimized with the Yoast SEO plugin v19.2 - https:\/\/yoast.com\/wordpress\/plugins\/seo\/ -->\n<title>Cerim\u00f4nia marca Investidura do Coral das Meninas dos Canarinhos de Petr\u00f3polis - Not\u00edcias - Franciscanos<\/title>\n<meta name=\"robots\" content=\"index, follow, max-snippet:-1, max-image-preview:large, max-video-preview:-1\" \/>\n<link rel=\"canonical\" href=\"https:\/\/franciscanos.org.br\/noticias\/cerimonia-marca-investidura-do-coral-das-meninas-dos-canarinhos-de-petropolis.html\" \/>\n<meta property=\"og:locale\" content=\"pt_BR\" \/>\n<meta property=\"og:type\" content=\"article\" \/>\n<meta property=\"og:title\" content=\"Cerim\u00f4nia marca Investidura do Coral das Meninas dos Canarinhos de Petr\u00f3polis - Not\u00edcias - Franciscanos\" \/>\n<meta property=\"og:description\" content=\"Coral das Meninas dos Canarinhos de Petr\u00f3polis\" \/>\n<meta property=\"og:url\" content=\"https:\/\/franciscanos.org.br\/noticias\/cerimonia-marca-investidura-do-coral-das-meninas-dos-canarinhos-de-petropolis.html\" \/>\n<meta property=\"og:site_name\" content=\"Not\u00edcias - Franciscanos\" \/>\n<meta property=\"article:published_time\" content=\"2019-05-06T21:30:25+00:00\" \/>\n<meta property=\"article:modified_time\" content=\"2021-07-05T23:13:50+00:00\" \/>\n<meta property=\"og:image\" content=\"https:\/\/franciscanos.org.br\/noticias\/wp-content\/uploads\/2019\/05\/canarinhos_0605d.jpg\" \/>\n\t<meta property=\"og:image:width\" content=\"273\" \/>\n\t<meta property=\"og:image:height\" content=\"181\" \/>\n\t<meta property=\"og:image:type\" content=\"image\/jpeg\" \/>\n<meta name=\"author\" content=\"freiaugusto\" \/>\n<meta name=\"twitter:card\" content=\"summary_large_image\" \/>\n<meta name=\"twitter:label1\" content=\"Escrito por\" \/>\n\t<meta name=\"twitter:data1\" content=\"freiaugusto\" \/>\n\t<meta name=\"twitter:label2\" content=\"Est. tempo de leitura\" \/>\n\t<meta name=\"twitter:data2\" content=\"2 minutos\" \/>\n<script type=\"application\/ld+json\" class=\"yoast-schema-graph\">{\"@context\":\"https:\/\/schema.org\",\"@graph\":[{\"@type\":\"WebSite\",\"@id\":\"https:\/\/franciscanos.org.br\/noticias\/#website\",\"url\":\"https:\/\/franciscanos.org.br\/noticias\/\",\"name\":\"Not\u00edcias - Franciscanos\",\"description\":\"Prov\u00edncia Franciscana da Imaculada Concei\u00e7\u00e3o do Brasil - Ordem dos Frades Menores - OFM\",\"potentialAction\":[{\"@type\":\"SearchAction\",\"target\":{\"@type\":\"EntryPoint\",\"urlTemplate\":\"https:\/\/franciscanos.org.br\/noticias\/?s={search_term_string}\"},\"query-input\":\"required name=search_term_string\"}],\"inLanguage\":\"pt-BR\"},{\"@type\":\"ImageObject\",\"inLanguage\":\"pt-BR\",\"@id\":\"https:\/\/franciscanos.org.br\/noticias\/cerimonia-marca-investidura-do-coral-das-meninas-dos-canarinhos-de-petropolis.html#primaryimage\",\"url\":\"https:\/\/franciscanos.org.br\/noticias\/wp-content\/uploads\/2019\/05\/canarinhos_0605d.jpg\",\"contentUrl\":\"https:\/\/franciscanos.org.br\/noticias\/wp-content\/uploads\/2019\/05\/canarinhos_0605d.jpg\",\"width\":273,\"height\":181},{\"@type\":\"WebPage\",\"@id\":\"https:\/\/franciscanos.org.br\/noticias\/cerimonia-marca-investidura-do-coral-das-meninas-dos-canarinhos-de-petropolis.html#webpage\",\"url\":\"https:\/\/franciscanos.org.br\/noticias\/cerimonia-marca-investidura-do-coral-das-meninas-dos-canarinhos-de-petropolis.html\",\"name\":\"Cerim\u00f4nia marca Investidura do Coral das Meninas dos Canarinhos de Petr\u00f3polis - Not\u00edcias - Franciscanos\",\"isPartOf\":{\"@id\":\"https:\/\/franciscanos.org.br\/noticias\/#website\"},\"primaryImageOfPage\":{\"@id\":\"https:\/\/franciscanos.org.br\/noticias\/cerimonia-marca-investidura-do-coral-das-meninas-dos-canarinhos-de-petropolis.html#primaryimage\"},\"datePublished\":\"2019-05-06T21:30:25+00:00\",\"dateModified\":\"2021-07-05T23:13:50+00:00\",\"author\":{\"@id\":\"https:\/\/franciscanos.org.br\/noticias\/#\/schema\/person\/37f88f0d111cd5358b12a6556a99eb91\"},\"breadcrumb\":{\"@id\":\"https:\/\/franciscanos.org.br\/noticias\/cerimonia-marca-investidura-do-coral-das-meninas-dos-canarinhos-de-petropolis.html#breadcrumb\"},\"inLanguage\":\"pt-BR\",\"potentialAction\":[{\"@type\":\"ReadAction\",\"target\":[\"https:\/\/franciscanos.org.br\/noticias\/cerimonia-marca-investidura-do-coral-das-meninas-dos-canarinhos-de-petropolis.html\"]}]},{\"@type\":\"BreadcrumbList\",\"@id\":\"https:\/\/franciscanos.org.br\/noticias\/cerimonia-marca-investidura-do-coral-das-meninas-dos-canarinhos-de-petropolis.html#breadcrumb\",\"itemListElement\":[{\"@type\":\"ListItem\",\"position\":1,\"name\":\"Home\",\"item\":\"https:\/\/franciscanos.org.br\/noticias\"},{\"@type\":\"ListItem\",\"position\":2,\"name\":\"Cerim\u00f4nia marca Investidura do Coral das Meninas dos Canarinhos de Petr\u00f3polis\"}]},{\"@type\":\"Person\",\"@id\":\"https:\/\/franciscanos.org.br\/noticias\/#\/schema\/person\/37f88f0d111cd5358b12a6556a99eb91\",\"name\":\"freiaugusto\",\"image\":{\"@type\":\"ImageObject\",\"inLanguage\":\"pt-BR\",\"@id\":\"https:\/\/franciscanos.org.br\/noticias\/#\/schema\/person\/image\/\",\"url\":\"https:\/\/secure.gravatar.com\/avatar\/9840b940e621801b24f3e6b059efb4b7?s=96&d=mm&r=g\",\"contentUrl\":\"https:\/\/secure.gravatar.com\/avatar\/9840b940e621801b24f3e6b059efb4b7?s=96&d=mm&r=g\",\"caption\":\"freiaugusto\"},\"url\":\"https:\/\/franciscanos.org.br\/noticias\/author\/freiaugusto\"}]}<\/script>\n<!-- \/ Yoast SEO plugin. -->","yoast_head_json":{"title":"Cerim\u00f4nia marca Investidura do Coral das Meninas dos Canarinhos de Petr\u00f3polis - Not\u00edcias - Franciscanos","robots":{"index":"index","follow":"follow","max-snippet":"max-snippet:-1","max-image-preview":"max-image-preview:large","max-video-preview":"max-video-preview:-1"},"canonical":"https:\/\/franciscanos.org.br\/noticias\/cerimonia-marca-investidura-do-coral-das-meninas-dos-canarinhos-de-petropolis.html","og_locale":"pt_BR","og_type":"article","og_title":"Cerim\u00f4nia marca Investidura do Coral das Meninas dos Canarinhos de Petr\u00f3polis - Not\u00edcias - Franciscanos","og_description":"Coral das Meninas dos Canarinhos de Petr\u00f3polis","og_url":"https:\/\/franciscanos.org.br\/noticias\/cerimonia-marca-investidura-do-coral-das-meninas-dos-canarinhos-de-petropolis.html","og_site_name":"Not\u00edcias - Franciscanos","article_published_time":"2019-05-06T21:30:25+00:00","article_modified_time":"2021-07-05T23:13:50+00:00","og_image":[{"width":273,"height":181,"url":"https:\/\/franciscanos.org.br\/noticias\/wp-content\/uploads\/2019\/05\/canarinhos_0605d.jpg","type":"image\/jpeg"}],"author":"freiaugusto","twitter_card":"summary_large_image","twitter_misc":{"Escrito por":"freiaugusto","Est. tempo de leitura":"2 minutos"},"schema":{"@context":"https:\/\/schema.org","@graph":[{"@type":"WebSite","@id":"https:\/\/franciscanos.org.br\/noticias\/#website","url":"https:\/\/franciscanos.org.br\/noticias\/","name":"Not\u00edcias - Franciscanos","description":"Prov\u00edncia Franciscana da Imaculada Concei\u00e7\u00e3o do Brasil - Ordem dos Frades Menores - OFM","potentialAction":[{"@type":"SearchAction","target":{"@type":"EntryPoint","urlTemplate":"https:\/\/franciscanos.org.br\/noticias\/?s={search_term_string}"},"query-input":"required name=search_term_string"}],"inLanguage":"pt-BR"},{"@type":"ImageObject","inLanguage":"pt-BR","@id":"https:\/\/franciscanos.org.br\/noticias\/cerimonia-marca-investidura-do-coral-das-meninas-dos-canarinhos-de-petropolis.html#primaryimage","url":"https:\/\/franciscanos.org.br\/noticias\/wp-content\/uploads\/2019\/05\/canarinhos_0605d.jpg","contentUrl":"https:\/\/franciscanos.org.br\/noticias\/wp-content\/uploads\/2019\/05\/canarinhos_0605d.jpg","width":273,"height":181},{"@type":"WebPage","@id":"https:\/\/franciscanos.org.br\/noticias\/cerimonia-marca-investidura-do-coral-das-meninas-dos-canarinhos-de-petropolis.html#webpage","url":"https:\/\/franciscanos.org.br\/noticias\/cerimonia-marca-investidura-do-coral-das-meninas-dos-canarinhos-de-petropolis.html","name":"Cerim\u00f4nia marca Investidura do Coral das Meninas dos Canarinhos de Petr\u00f3polis - Not\u00edcias - Franciscanos","isPartOf":{"@id":"https:\/\/franciscanos.org.br\/noticias\/#website"},"primaryImageOfPage":{"@id":"https:\/\/franciscanos.org.br\/noticias\/cerimonia-marca-investidura-do-coral-das-meninas-dos-canarinhos-de-petropolis.html#primaryimage"},"datePublished":"2019-05-06T21:30:25+00:00","dateModified":"2021-07-05T23:13:50+00:00","author":{"@id":"https:\/\/franciscanos.org.br\/noticias\/#\/schema\/person\/37f88f0d111cd5358b12a6556a99eb91"},"breadcrumb":{"@id":"https:\/\/franciscanos.org.br\/noticias\/cerimonia-marca-investidura-do-coral-das-meninas-dos-canarinhos-de-petropolis.html#breadcrumb"},"inLanguage":"pt-BR","potentialAction":[{"@type":"ReadAction","target":["https:\/\/franciscanos.org.br\/noticias\/cerimonia-marca-investidura-do-coral-das-meninas-dos-canarinhos-de-petropolis.html"]}]},{"@type":"BreadcrumbList","@id":"https:\/\/franciscanos.org.br\/noticias\/cerimonia-marca-investidura-do-coral-das-meninas-dos-canarinhos-de-petropolis.html#breadcrumb","itemListElement":[{"@type":"ListItem","position":1,"name":"Home","item":"https:\/\/franciscanos.org.br\/noticias"},{"@type":"ListItem","position":2,"name":"Cerim\u00f4nia marca Investidura do Coral das Meninas dos Canarinhos de Petr\u00f3polis"}]},{"@type":"Person","@id":"https:\/\/franciscanos.org.br\/noticias\/#\/schema\/person\/37f88f0d111cd5358b12a6556a99eb91","name":"freiaugusto","image":{"@type":"ImageObject","inLanguage":"pt-BR","@id":"https:\/\/franciscanos.org.br\/noticias\/#\/schema\/person\/image\/","url":"https:\/\/secure.gravatar.com\/avatar\/9840b940e621801b24f3e6b059efb4b7?s=96&d=mm&r=g","contentUrl":"https:\/\/secure.gravatar.com\/avatar\/9840b940e621801b24f3e6b059efb4b7?s=96&d=mm&r=g","caption":"freiaugusto"},"url":"https:\/\/franciscanos.org.br\/noticias\/author\/freiaugusto"}]}},"_links":{"self":[{"href":"https:\/\/franciscanos.org.br\/noticias\/wp-json\/wp\/v2\/posts\/204452"}],"collection":[{"href":"https:\/\/franciscanos.org.br\/noticias\/wp-json\/wp\/v2\/posts"}],"about":[{"href":"https:\/\/franciscanos.org.br\/noticias\/wp-json\/wp\/v2\/types\/post"}],"author":[{"embeddable":true,"href":"https:\/\/franciscanos.org.br\/noticias\/wp-json\/wp\/v2\/users\/5"}],"replies":[{"embeddable":true,"href":"https:\/\/franciscanos.org.br\/noticias\/wp-json\/wp\/v2\/comments?post=204452"}],"version-history":[{"count":1,"href":"https:\/\/franciscanos.org.br\/noticias\/wp-json\/wp\/v2\/posts\/204452\/revisions"}],"predecessor-version":[{"id":232902,"href":"https:\/\/franciscanos.org.br\/noticias\/wp-json\/wp\/v2\/posts\/204452\/revisions\/232902"}],"wp:featuredmedia":[{"embeddable":true,"href":"https:\/\/franciscanos.org.br\/noticias\/wp-json\/wp\/v2\/media\/204454"}],"wp:attachment":[{"href":"https:\/\/franciscanos.org.br\/noticias\/wp-json\/wp\/v2\/media?parent=204452"}],"wp:term":[{"taxonomy":"category","embeddable":true,"href":"https:\/\/franciscanos.org.br\/noticias\/wp-json\/wp\/v2\/categories?post=204452"},{"taxonomy":"post_tag","embeddable":true,"href":"https:\/\/franciscanos.org.br\/noticias\/wp-json\/wp\/v2\/tags?post=204452"}],"curies":[{"name":"wp","href":"https:\/\/api.w.org\/{rel}","templated":true}]}}