{"id":204436,"date":"2019-05-06T17:51:34","date_gmt":"2019-05-06T20:51:34","guid":{"rendered":"https:\/\/franciscanos.org.br\/noticias\/?p=204436"},"modified":"2019-05-07T08:10:20","modified_gmt":"2019-05-07T11:10:20","slug":"franciscano-recebe-premio-de-direitos-humanos-na-lituania","status":"publish","type":"post","link":"https:\/\/franciscanos.org.br\/noticias\/franciscano-recebe-premio-de-direitos-humanos-na-lituania.html","title":{"rendered":"Franciscano recebe pr\u00eamio de Direitos Humanos na Litu\u00e2nia"},"content":{"rendered":"<p><strong><img loading=\"lazy\" class=\"alignnone size-full wp-image-204439\" src=\"https:\/\/franciscanos.org.br\/noticias\/wp-content\/uploads\/2019\/05\/fr-evaldas-060519G-1.jpg\" alt=\"\" width=\"980\" height=\"550\" srcset=\"https:\/\/franciscanos.org.br\/noticias\/wp-content\/uploads\/2019\/05\/fr-evaldas-060519G-1.jpg 980w, https:\/\/franciscanos.org.br\/noticias\/wp-content\/uploads\/2019\/05\/fr-evaldas-060519G-1-450x253.jpg 450w, https:\/\/franciscanos.org.br\/noticias\/wp-content\/uploads\/2019\/05\/fr-evaldas-060519G-1-768x431.jpg 768w, https:\/\/franciscanos.org.br\/noticias\/wp-content\/uploads\/2019\/05\/fr-evaldas-060519G-1-150x84.jpg 150w\" sizes=\"(max-width: 980px) 100vw, 980px\" \/><\/strong><\/p>\n<p><strong>S\u00e3o Paulo (SP) &#8211;<\/strong> Na capital da Litu\u00e2nia, na cidade de Vilnius, o trabalho de um franciscano foi reconhecido nacionalmente. No dia 28 de mar\u00e7o de 2019, Frei Evaldas Darulis, da Ordem dos Frades Menores, recebeu o Pr\u00eamio Nacional para a Igualdade e Diversidade, organizado pelo F\u00f3rum de Igualdade e Diversidade do pa\u00eds. O pr\u00eamio \u00e9 reconhecido como o \u201cOscar\u201d dos Direitos Humanos.<\/p>\n<p>Frei Evaldas Darulis, da Prov\u00edncia de S\u00e3o Casimiro, \u00e9 respons\u00e1vel pela cria\u00e7\u00e3o do primeiro grupo de apoio a pessoas LGBT e familiares da Litu\u00e2nia. Em entrevista ao site DELFI, o frade afirma que a ideia inicial era reunir os pais de pessoas LGBT para partilha de vida, troca de experi\u00eancias e momentos de ora\u00e7\u00e3o comum. Como n\u00e3o houve muita ades\u00e3o, ele conta que ent\u00e3o os paroquianos decidiram tornar o grupo aberto a todos que desejassem participar.<\/p>\n<p>A Litu\u00e2nia, pa\u00eds da Europa Oriental, que possui mais de 2 milh\u00f5es e 800 mil habitantes, apresenta uma das taxas mais altas de suic\u00eddio no mundo, s\u00e3o 30 v\u00edtimas a cada 100 mil habitantes. Na entrevista, Frei Evaldas aponta que um dos fatores que levam os jovens a cometer suic\u00eddio \u00e9 o fato de sentirem-se diferentes dos outros. \u201cO que nos impede de entend\u00ea-los como seres humanos? Eles s\u00e3o obra de Deus, filhos amados de Deus. Em nossa espiritualidade franciscana, buscamos a paz. A guerra n\u00e3o \u00e9 necessariamente armada, ela pode ser moral\u201d, afirmou Frei Darulis.<\/p>\n<p>Para o religioso, o \u00fanico impedimento para uma pessoa n\u00e3o ser aceita na Igreja \u00e9 a n\u00e3o-aceita\u00e7\u00e3o de Jesus Cristo. \u201cO sacerdote, como espelho de Deus misericordioso, e a Igreja, devem estar abertos a todo homem, seja quem for\u201d, apontou o frade ao site DELFI.<\/p>\n<p><em>Com informa\u00e7\u00e3o da Fraternitas n\u00ba 266 e DELFI.<\/em><\/p>\n<p>&nbsp;<\/p>\n","protected":false},"excerpt":{"rendered":"<p>Ordem dos Frades Menores<\/p>\n","protected":false},"author":1,"featured_media":204440,"comment_status":"open","ping_status":"open","sticky":false,"template":"","format":"standard","meta":[],"categories":[1],"tags":[128],"acf":[],"yoast_head":"<!-- This site is optimized with the Yoast SEO plugin v19.2 - https:\/\/yoast.com\/wordpress\/plugins\/seo\/ -->\n<title>Franciscano recebe pr\u00eamio de Direitos Humanos na Litu\u00e2nia - Not\u00edcias - Franciscanos<\/title>\n<meta name=\"robots\" content=\"index, follow, max-snippet:-1, max-image-preview:large, max-video-preview:-1\" \/>\n<link rel=\"canonical\" href=\"https:\/\/franciscanos.org.br\/noticias\/franciscano-recebe-premio-de-direitos-humanos-na-lituania.html\" \/>\n<meta property=\"og:locale\" content=\"pt_BR\" \/>\n<meta property=\"og:type\" content=\"article\" \/>\n<meta property=\"og:title\" content=\"Franciscano recebe pr\u00eamio de Direitos Humanos na Litu\u00e2nia - Not\u00edcias - Franciscanos\" \/>\n<meta property=\"og:description\" content=\"Ordem dos Frades Menores\" \/>\n<meta property=\"og:url\" content=\"https:\/\/franciscanos.org.br\/noticias\/franciscano-recebe-premio-de-direitos-humanos-na-lituania.html\" \/>\n<meta property=\"og:site_name\" content=\"Not\u00edcias - Franciscanos\" \/>\n<meta property=\"article:published_time\" content=\"2019-05-06T20:51:34+00:00\" \/>\n<meta property=\"article:modified_time\" content=\"2019-05-07T11:10:20+00:00\" \/>\n<meta property=\"og:image\" content=\"https:\/\/franciscanos.org.br\/noticias\/wp-content\/uploads\/2019\/05\/fr-evaldas-060519P-1.jpg\" \/>\n\t<meta property=\"og:image:width\" content=\"273\" \/>\n\t<meta property=\"og:image:height\" content=\"181\" \/>\n\t<meta property=\"og:image:type\" content=\"image\/jpeg\" \/>\n<meta name=\"author\" content=\"admin\" \/>\n<meta name=\"twitter:card\" content=\"summary_large_image\" \/>\n<meta name=\"twitter:label1\" content=\"Escrito por\" \/>\n\t<meta name=\"twitter:data1\" content=\"admin\" \/>\n\t<meta name=\"twitter:label2\" content=\"Est. tempo de leitura\" \/>\n\t<meta name=\"twitter:data2\" content=\"2 minutos\" \/>\n<script type=\"application\/ld+json\" class=\"yoast-schema-graph\">{\"@context\":\"https:\/\/schema.org\",\"@graph\":[{\"@type\":\"WebSite\",\"@id\":\"https:\/\/franciscanos.org.br\/noticias\/#website\",\"url\":\"https:\/\/franciscanos.org.br\/noticias\/\",\"name\":\"Not\u00edcias - Franciscanos\",\"description\":\"Prov\u00edncia Franciscana da Imaculada Concei\u00e7\u00e3o do Brasil - Ordem dos Frades Menores - OFM\",\"potentialAction\":[{\"@type\":\"SearchAction\",\"target\":{\"@type\":\"EntryPoint\",\"urlTemplate\":\"https:\/\/franciscanos.org.br\/noticias\/?s={search_term_string}\"},\"query-input\":\"required name=search_term_string\"}],\"inLanguage\":\"pt-BR\"},{\"@type\":\"ImageObject\",\"inLanguage\":\"pt-BR\",\"@id\":\"https:\/\/franciscanos.org.br\/noticias\/franciscano-recebe-premio-de-direitos-humanos-na-lituania.html#primaryimage\",\"url\":\"https:\/\/franciscanos.org.br\/noticias\/wp-content\/uploads\/2019\/05\/fr-evaldas-060519P-1.jpg\",\"contentUrl\":\"https:\/\/franciscanos.org.br\/noticias\/wp-content\/uploads\/2019\/05\/fr-evaldas-060519P-1.jpg\",\"width\":273,\"height\":181},{\"@type\":\"WebPage\",\"@id\":\"https:\/\/franciscanos.org.br\/noticias\/franciscano-recebe-premio-de-direitos-humanos-na-lituania.html#webpage\",\"url\":\"https:\/\/franciscanos.org.br\/noticias\/franciscano-recebe-premio-de-direitos-humanos-na-lituania.html\",\"name\":\"Franciscano recebe pr\u00eamio de Direitos Humanos na Litu\u00e2nia - Not\u00edcias - Franciscanos\",\"isPartOf\":{\"@id\":\"https:\/\/franciscanos.org.br\/noticias\/#website\"},\"primaryImageOfPage\":{\"@id\":\"https:\/\/franciscanos.org.br\/noticias\/franciscano-recebe-premio-de-direitos-humanos-na-lituania.html#primaryimage\"},\"datePublished\":\"2019-05-06T20:51:34+00:00\",\"dateModified\":\"2019-05-07T11:10:20+00:00\",\"author\":{\"@id\":\"https:\/\/franciscanos.org.br\/noticias\/#\/schema\/person\/b38fbf43118f02820bd932f2e4b14ad3\"},\"breadcrumb\":{\"@id\":\"https:\/\/franciscanos.org.br\/noticias\/franciscano-recebe-premio-de-direitos-humanos-na-lituania.html#breadcrumb\"},\"inLanguage\":\"pt-BR\",\"potentialAction\":[{\"@type\":\"ReadAction\",\"target\":[\"https:\/\/franciscanos.org.br\/noticias\/franciscano-recebe-premio-de-direitos-humanos-na-lituania.html\"]}]},{\"@type\":\"BreadcrumbList\",\"@id\":\"https:\/\/franciscanos.org.br\/noticias\/franciscano-recebe-premio-de-direitos-humanos-na-lituania.html#breadcrumb\",\"itemListElement\":[{\"@type\":\"ListItem\",\"position\":1,\"name\":\"Home\",\"item\":\"https:\/\/franciscanos.org.br\/noticias\"},{\"@type\":\"ListItem\",\"position\":2,\"name\":\"Franciscano recebe pr\u00eamio de Direitos Humanos na Litu\u00e2nia\"}]},{\"@type\":\"Person\",\"@id\":\"https:\/\/franciscanos.org.br\/noticias\/#\/schema\/person\/b38fbf43118f02820bd932f2e4b14ad3\",\"name\":\"admin\",\"image\":{\"@type\":\"ImageObject\",\"inLanguage\":\"pt-BR\",\"@id\":\"https:\/\/franciscanos.org.br\/noticias\/#\/schema\/person\/image\/\",\"url\":\"https:\/\/secure.gravatar.com\/avatar\/e8495742d34d0ba6448ea1c628263b3e?s=96&d=mm&r=g\",\"contentUrl\":\"https:\/\/secure.gravatar.com\/avatar\/e8495742d34d0ba6448ea1c628263b3e?s=96&d=mm&r=g\",\"caption\":\"admin\"},\"url\":\"https:\/\/franciscanos.org.br\/noticias\/author\/admin\"}]}<\/script>\n<!-- \/ Yoast SEO plugin. -->","yoast_head_json":{"title":"Franciscano recebe pr\u00eamio de Direitos Humanos na Litu\u00e2nia - Not\u00edcias - Franciscanos","robots":{"index":"index","follow":"follow","max-snippet":"max-snippet:-1","max-image-preview":"max-image-preview:large","max-video-preview":"max-video-preview:-1"},"canonical":"https:\/\/franciscanos.org.br\/noticias\/franciscano-recebe-premio-de-direitos-humanos-na-lituania.html","og_locale":"pt_BR","og_type":"article","og_title":"Franciscano recebe pr\u00eamio de Direitos Humanos na Litu\u00e2nia - Not\u00edcias - Franciscanos","og_description":"Ordem dos Frades Menores","og_url":"https:\/\/franciscanos.org.br\/noticias\/franciscano-recebe-premio-de-direitos-humanos-na-lituania.html","og_site_name":"Not\u00edcias - Franciscanos","article_published_time":"2019-05-06T20:51:34+00:00","article_modified_time":"2019-05-07T11:10:20+00:00","og_image":[{"width":273,"height":181,"url":"https:\/\/franciscanos.org.br\/noticias\/wp-content\/uploads\/2019\/05\/fr-evaldas-060519P-1.jpg","type":"image\/jpeg"}],"author":"admin","twitter_card":"summary_large_image","twitter_misc":{"Escrito por":"admin","Est. tempo de leitura":"2 minutos"},"schema":{"@context":"https:\/\/schema.org","@graph":[{"@type":"WebSite","@id":"https:\/\/franciscanos.org.br\/noticias\/#website","url":"https:\/\/franciscanos.org.br\/noticias\/","name":"Not\u00edcias - Franciscanos","description":"Prov\u00edncia Franciscana da Imaculada Concei\u00e7\u00e3o do Brasil - Ordem dos Frades Menores - OFM","potentialAction":[{"@type":"SearchAction","target":{"@type":"EntryPoint","urlTemplate":"https:\/\/franciscanos.org.br\/noticias\/?s={search_term_string}"},"query-input":"required name=search_term_string"}],"inLanguage":"pt-BR"},{"@type":"ImageObject","inLanguage":"pt-BR","@id":"https:\/\/franciscanos.org.br\/noticias\/franciscano-recebe-premio-de-direitos-humanos-na-lituania.html#primaryimage","url":"https:\/\/franciscanos.org.br\/noticias\/wp-content\/uploads\/2019\/05\/fr-evaldas-060519P-1.jpg","contentUrl":"https:\/\/franciscanos.org.br\/noticias\/wp-content\/uploads\/2019\/05\/fr-evaldas-060519P-1.jpg","width":273,"height":181},{"@type":"WebPage","@id":"https:\/\/franciscanos.org.br\/noticias\/franciscano-recebe-premio-de-direitos-humanos-na-lituania.html#webpage","url":"https:\/\/franciscanos.org.br\/noticias\/franciscano-recebe-premio-de-direitos-humanos-na-lituania.html","name":"Franciscano recebe pr\u00eamio de Direitos Humanos na Litu\u00e2nia - Not\u00edcias - Franciscanos","isPartOf":{"@id":"https:\/\/franciscanos.org.br\/noticias\/#website"},"primaryImageOfPage":{"@id":"https:\/\/franciscanos.org.br\/noticias\/franciscano-recebe-premio-de-direitos-humanos-na-lituania.html#primaryimage"},"datePublished":"2019-05-06T20:51:34+00:00","dateModified":"2019-05-07T11:10:20+00:00","author":{"@id":"https:\/\/franciscanos.org.br\/noticias\/#\/schema\/person\/b38fbf43118f02820bd932f2e4b14ad3"},"breadcrumb":{"@id":"https:\/\/franciscanos.org.br\/noticias\/franciscano-recebe-premio-de-direitos-humanos-na-lituania.html#breadcrumb"},"inLanguage":"pt-BR","potentialAction":[{"@type":"ReadAction","target":["https:\/\/franciscanos.org.br\/noticias\/franciscano-recebe-premio-de-direitos-humanos-na-lituania.html"]}]},{"@type":"BreadcrumbList","@id":"https:\/\/franciscanos.org.br\/noticias\/franciscano-recebe-premio-de-direitos-humanos-na-lituania.html#breadcrumb","itemListElement":[{"@type":"ListItem","position":1,"name":"Home","item":"https:\/\/franciscanos.org.br\/noticias"},{"@type":"ListItem","position":2,"name":"Franciscano recebe pr\u00eamio de Direitos Humanos na Litu\u00e2nia"}]},{"@type":"Person","@id":"https:\/\/franciscanos.org.br\/noticias\/#\/schema\/person\/b38fbf43118f02820bd932f2e4b14ad3","name":"admin","image":{"@type":"ImageObject","inLanguage":"pt-BR","@id":"https:\/\/franciscanos.org.br\/noticias\/#\/schema\/person\/image\/","url":"https:\/\/secure.gravatar.com\/avatar\/e8495742d34d0ba6448ea1c628263b3e?s=96&d=mm&r=g","contentUrl":"https:\/\/secure.gravatar.com\/avatar\/e8495742d34d0ba6448ea1c628263b3e?s=96&d=mm&r=g","caption":"admin"},"url":"https:\/\/franciscanos.org.br\/noticias\/author\/admin"}]}},"_links":{"self":[{"href":"https:\/\/franciscanos.org.br\/noticias\/wp-json\/wp\/v2\/posts\/204436"}],"collection":[{"href":"https:\/\/franciscanos.org.br\/noticias\/wp-json\/wp\/v2\/posts"}],"about":[{"href":"https:\/\/franciscanos.org.br\/noticias\/wp-json\/wp\/v2\/types\/post"}],"author":[{"embeddable":true,"href":"https:\/\/franciscanos.org.br\/noticias\/wp-json\/wp\/v2\/users\/1"}],"replies":[{"embeddable":true,"href":"https:\/\/franciscanos.org.br\/noticias\/wp-json\/wp\/v2\/comments?post=204436"}],"version-history":[{"count":0,"href":"https:\/\/franciscanos.org.br\/noticias\/wp-json\/wp\/v2\/posts\/204436\/revisions"}],"wp:featuredmedia":[{"embeddable":true,"href":"https:\/\/franciscanos.org.br\/noticias\/wp-json\/wp\/v2\/media\/204440"}],"wp:attachment":[{"href":"https:\/\/franciscanos.org.br\/noticias\/wp-json\/wp\/v2\/media?parent=204436"}],"wp:term":[{"taxonomy":"category","embeddable":true,"href":"https:\/\/franciscanos.org.br\/noticias\/wp-json\/wp\/v2\/categories?post=204436"},{"taxonomy":"post_tag","embeddable":true,"href":"https:\/\/franciscanos.org.br\/noticias\/wp-json\/wp\/v2\/tags?post=204436"}],"curies":[{"name":"wp","href":"https:\/\/api.w.org\/{rel}","templated":true}]}}