{"id":204407,"date":"2019-05-05T13:17:06","date_gmt":"2019-05-05T16:17:06","guid":{"rendered":"https:\/\/franciscanos.org.br\/noticias\/?p=204407"},"modified":"2020-06-05T13:14:17","modified_gmt":"2020-06-05T16:14:17","slug":"papa-na-missa-em-sofia-o-amor-de-deus-e-maior-que-qualquer-pecado","status":"publish","type":"post","link":"https:\/\/franciscanos.org.br\/noticias\/papa-na-missa-em-sofia-o-amor-de-deus-e-maior-que-qualquer-pecado.html","title":{"rendered":"Papa na missa em S\u00f3fia: o amor de Deus \u00e9 maior que qualquer pecado"},"content":{"rendered":"<p><img loading=\"lazy\" class=\"alignnone size-full wp-image-204408\" src=\"https:\/\/franciscanos.org.br\/noticias\/wp-content\/uploads\/2019\/05\/missa_050519.jpg\" alt=\"\" width=\"890\" height=\"501\" srcset=\"https:\/\/franciscanos.org.br\/noticias\/wp-content\/uploads\/2019\/05\/missa_050519.jpg 890w, https:\/\/franciscanos.org.br\/noticias\/wp-content\/uploads\/2019\/05\/missa_050519-450x253.jpg 450w, https:\/\/franciscanos.org.br\/noticias\/wp-content\/uploads\/2019\/05\/missa_050519-768x432.jpg 768w, https:\/\/franciscanos.org.br\/noticias\/wp-content\/uploads\/2019\/05\/missa_050519-150x84.jpg 150w\" sizes=\"(max-width: 890px) 100vw, 890px\" \/><\/p>\n<p><strong>Cidade do Vaticano<\/strong> &#8211; \u201cHoje somos convidados a contemplar e descobrir aquilo que o Senhor fez no passado, para nos lan\u00e7armos com Ele rumo ao futuro, sabendo sempre, tanto nos \u00eaxitos como nos fracassos, voltar\u00e1 a chamar-nos convidando-nos a lan\u00e7ar as redes\u201d. Foi a exorta\u00e7\u00e3o do Papa Francisco na missa celebrada na tarde deste III Domingo da P\u00e1scoa, na Pra\u00e7a Knyaz Alexandar I, em S\u00f3fia, capital b\u00falgara, em seu \u00faltimo compromisso deste primeiro dia de sua visita \u00e0 Bulg\u00e1ria, aonde chegou pela manh\u00e3 nesta primeira etapa desta 29\u00aa viagem apost\u00f3lica internacional, que se concluir\u00e1 na ter\u00e7a-feira visitando a Maced\u00f4nia do Norte.<\/p>\n<p>Partindo a liturgia dominical, o Santo Padre articulou a homilia da celebra\u00e7\u00e3o lembrando tr\u00eas realidades estupendas que marcam a nossa vida de disc\u00edpulos: Deus chama, Deus surpreende, Deus ama.<\/p>\n<p><img loading=\"lazy\" class=\"alignnone size-full wp-image-204409\" src=\"https:\/\/franciscanos.org.br\/noticias\/wp-content\/uploads\/2019\/05\/missa_050519_2.jpg\" alt=\"\" width=\"890\" height=\"501\" srcset=\"https:\/\/franciscanos.org.br\/noticias\/wp-content\/uploads\/2019\/05\/missa_050519_2.jpg 890w, https:\/\/franciscanos.org.br\/noticias\/wp-content\/uploads\/2019\/05\/missa_050519_2-450x253.jpg 450w, https:\/\/franciscanos.org.br\/noticias\/wp-content\/uploads\/2019\/05\/missa_050519_2-768x432.jpg 768w, https:\/\/franciscanos.org.br\/noticias\/wp-content\/uploads\/2019\/05\/missa_050519_2-150x84.jpg 150w\" sizes=\"(max-width: 890px) 100vw, 890px\" \/><\/p>\n<p><strong>Deus chama<\/strong><br \/>\nAtendo-se \u00e0 primeira delas, Francisco destacou o chamado que o Senhor fez a Pedro \u00e0s margens do lago da Galileia, chamando-o a tornar-se pescador de homens. No segundo chamado, quando, ap\u00f3s a Paix\u00e3o do Senhor, Pedro tem a tenta\u00e7\u00e3o de retomar as redes para voltar a pescar no lago, o Senhor recome\u00e7a do princ\u00edpio, com paci\u00eancia sai ao seu encontro e diz-lhe \u201cSim\u00e3o\u201d. Era o nome do primeiro chamado, disse o Pont\u00edfice.<\/p>\n<p>\u201cO Senhor n\u00e3o espera situa\u00e7\u00f5es ou estados de \u00e2nimo ideais, cria-os. N\u00e3o espera encontrar-Se com pessoas sem problemas, sem decep\u00e7\u00f5es, pecados ou limita\u00e7\u00f5es. Ele mesmo enfrentou o pecado e a decep\u00e7\u00e3o, para ir ao encontro de cada vivente e convid\u00e1-lo a caminhar.\u201d<\/p>\n<p>\u201cIrm\u00e3os, o Senhor n\u00e3o Se cansa de chamar. \u00c9 a for\u00e7a do Amor que subverte todas as previs\u00f5es e sabe recome\u00e7ar. Em Jesus, Deus sempre procura dar uma possibilidade. E assim procede tamb\u00e9m conosco: chama-nos cada dia para reviver a nossa hist\u00f3ria de amor com Ele, para voltar a fundar-nos na novidade que \u00e9 Ele.\u201d<\/p>\n<p><img loading=\"lazy\" class=\"alignnone size-full wp-image-204410\" src=\"https:\/\/franciscanos.org.br\/noticias\/wp-content\/uploads\/2019\/05\/missa_050519_3.jpg\" alt=\"\" width=\"890\" height=\"501\" srcset=\"https:\/\/franciscanos.org.br\/noticias\/wp-content\/uploads\/2019\/05\/missa_050519_3.jpg 890w, https:\/\/franciscanos.org.br\/noticias\/wp-content\/uploads\/2019\/05\/missa_050519_3-450x253.jpg 450w, https:\/\/franciscanos.org.br\/noticias\/wp-content\/uploads\/2019\/05\/missa_050519_3-768x432.jpg 768w, https:\/\/franciscanos.org.br\/noticias\/wp-content\/uploads\/2019\/05\/missa_050519_3-150x84.jpg 150w\" sizes=\"(max-width: 890px) 100vw, 890px\" \/><\/p>\n<p><strong>Deus surpreende<\/strong><br \/>\nQuando \u00e9 o chamado de Jesus que orienta a vida, o cora\u00e7\u00e3o rejuvenesce, acrescentou o Papa. Francisco lembrou que Deus surpreende \u2013 segunda realidade. \u201c\u00c9 o Senhor das surpresas que convida n\u00e3o s\u00f3 a surpreender-se, mas tamb\u00e9m a realizar coisas surpreendentes.\u201d<\/p>\n<p>\u201cO Senhor chama e, encontrando os disc\u00edpulos com as redes vazias, prop\u00f5e-lhes algo de ins\u00f3lito: pescar de dia, o que \u00e9 bastante estranho naquele lago. Devolve-lhes confian\u00e7a, colocando-os em movimento e impelindo-os de novo a arriscar, a n\u00e3o dar nada e, especialmente, ningu\u00e9m por perdido. \u00c9 o Senhor da surpresa que rompe os fechamentos paralisadores, restituindo a aud\u00e1cia capaz de superar a suspeita, a desconfian\u00e7a e o medo que se esconde por tr\u00e1s do \u00absempre se fez assim\u00bb.\u201d<\/p>\n<p>\u201cDeus surpreende, quando chama e convida a lan\u00e7armos, j\u00e1 n\u00e3o as redes, mas a n\u00f3s mesmos ao largo na hist\u00f3ria e a olhar a vida, a olhar os outros e tamb\u00e9m a n\u00f3s mesmos com os seus pr\u00f3prios olhos que, \u00abno pecado, v\u00ea filhos carecidos de ser levantados; na morte, irm\u00e3os carecidos de ressuscitar; na desola\u00e7\u00e3o, cora\u00e7\u00f5es carecidos de consola\u00e7\u00e3o. Por isso, n\u00e3o temas! O Senhor ama esta tua vida, mesmo quando tens medo de a olhar de frente e tomar a s\u00e9rio\u00bb.\u201d<\/p>\n<p><img loading=\"lazy\" class=\"alignnone size-full wp-image-204411\" src=\"https:\/\/franciscanos.org.br\/noticias\/wp-content\/uploads\/2019\/05\/missa_050519_1.jpg\" alt=\"\" width=\"890\" height=\"501\" srcset=\"https:\/\/franciscanos.org.br\/noticias\/wp-content\/uploads\/2019\/05\/missa_050519_1.jpg 890w, https:\/\/franciscanos.org.br\/noticias\/wp-content\/uploads\/2019\/05\/missa_050519_1-450x253.jpg 450w, https:\/\/franciscanos.org.br\/noticias\/wp-content\/uploads\/2019\/05\/missa_050519_1-768x432.jpg 768w, https:\/\/franciscanos.org.br\/noticias\/wp-content\/uploads\/2019\/05\/missa_050519_1-150x84.jpg 150w\" sizes=\"(max-width: 890px) 100vw, 890px\" \/><\/p>\n<p><strong>Deus ama<\/strong><br \/>\nChegamos, assim, \u00e0 terceira certeza de hoje, disse o Santo Padre: Deus ama. \u201cDeus chama, Deus surpreende, porque Deus ama. O amor \u00e9 a sua linguagem. Por isso, pede a Pedro \u2013 e a n\u00f3s \u2013 para sintonizar-se com a mesma linguagem: \u00ab\u2026 amas-Me?\u00bb Pedro acolhe o convite e, depois de tanto tempo passado com Jesus, compreende que amar significa deixar de estar no centro.\u201d<\/p>\n<p>Pedro reconhece-se fr\u00e1gil, \u201ccompreende que, s\u00f3 com as suas for\u00e7as, n\u00e3o pode prosseguir. E baseia-se no Senhor, na for\u00e7a do seu amor, at\u00e9 ao fim. Esta \u00e9 a nossa for\u00e7a, que somos convidados a renovar todos os dias: o Senhor ama-nos\u201d, prosseguiu.<\/p>\n<p>\u201cSer crist\u00e3o \u00e9 uma chamada a ter confian\u00e7a que o Amor de Deus \u00e9 maior do que qualquer limite ou pecado. Um dos grandes desgostos e obst\u00e1culos, que hoje sentimos, situa-se n\u00e3o tanto ao n\u00edvel da compreens\u00e3o de que Deus \u00e9 amor, mas no facto de termos chegado a anunci\u00e1-Lo e testemunh\u00e1-Lo duma maneira tal, que, para muitos, este n\u00e3o \u00e9 o seu nome. Mas Deus \u00e9 amor, que ama, d\u00e1-Se, chama e surpreende.\u201d<\/p>\n<p><strong>Protagonistas da revolu\u00e7\u00e3o da caridade e do servi\u00e7o<\/strong><br \/>\nFrancisco concluiu dirigindo a todos uma veemente exorta\u00e7\u00e3o: &#8220;Aquilo que disse aos jovens na Exorta\u00e7\u00e3o que escrevi recentemente, quero repeti-lo a v\u00f3s tamb\u00e9m. Uma Igreja jovem, uma pessoa jovem, n\u00e3o pela idade, mas pela for\u00e7a do Esp\u00edrito, convida-nos a testemunhar o amor de Cristo, um amor que impele e nos leva a estar prontos para lutar pelo bem comum, a ser servidores dos pobres, protagonistas da revolu\u00e7\u00e3o da caridade e do servi\u00e7o, capazes de resistir \u00e0s patologias do individualismo consumista e superficial. Enamorados por Cristo, sede testemunhas vivas do Evangelho em todos os cantos desta cidade.\u201d<\/p>\n<hr \/>\n<p><em>Fonte: Vatican News<\/em><\/p>\n","protected":false},"excerpt":{"rendered":"<p>29\u00aa Viagem Apost\u00f3lica do Papa Francisco<\/p>\n","protected":false},"author":3,"featured_media":204412,"comment_status":"open","ping_status":"open","sticky":false,"template":"","format":"standard","meta":[],"categories":[1428],"tags":[1140],"acf":[],"yoast_head":"<!-- This site is optimized with the Yoast SEO plugin v19.2 - https:\/\/yoast.com\/wordpress\/plugins\/seo\/ -->\n<title>Papa na missa em S\u00f3fia: o amor de Deus \u00e9 maior que qualquer pecado - Not\u00edcias - Franciscanos<\/title>\n<meta name=\"robots\" content=\"index, follow, max-snippet:-1, max-image-preview:large, max-video-preview:-1\" \/>\n<link rel=\"canonical\" href=\"https:\/\/franciscanos.org.br\/noticias\/papa-na-missa-em-sofia-o-amor-de-deus-e-maior-que-qualquer-pecado.html\" \/>\n<meta property=\"og:locale\" content=\"pt_BR\" \/>\n<meta property=\"og:type\" content=\"article\" \/>\n<meta property=\"og:title\" content=\"Papa na missa em S\u00f3fia: o amor de Deus \u00e9 maior que qualquer pecado - Not\u00edcias - Franciscanos\" \/>\n<meta property=\"og:description\" content=\"29\u00aa Viagem Apost\u00f3lica do Papa Francisco\" \/>\n<meta property=\"og:url\" content=\"https:\/\/franciscanos.org.br\/noticias\/papa-na-missa-em-sofia-o-amor-de-deus-e-maior-que-qualquer-pecado.html\" \/>\n<meta property=\"og:site_name\" content=\"Not\u00edcias - Franciscanos\" \/>\n<meta property=\"article:published_time\" content=\"2019-05-05T16:17:06+00:00\" \/>\n<meta property=\"article:modified_time\" content=\"2020-06-05T16:14:17+00:00\" \/>\n<meta property=\"og:image\" content=\"https:\/\/franciscanos.org.br\/noticias\/wp-content\/uploads\/2019\/05\/missa_050519d.jpg\" \/>\n\t<meta property=\"og:image:width\" content=\"273\" \/>\n\t<meta property=\"og:image:height\" content=\"181\" \/>\n\t<meta property=\"og:image:type\" content=\"image\/jpeg\" \/>\n<meta name=\"author\" content=\"moacir\" \/>\n<meta name=\"twitter:card\" content=\"summary_large_image\" \/>\n<meta name=\"twitter:label1\" content=\"Escrito por\" \/>\n\t<meta name=\"twitter:data1\" content=\"moacir\" \/>\n\t<meta name=\"twitter:label2\" content=\"Est. tempo de leitura\" \/>\n\t<meta name=\"twitter:data2\" content=\"4 minutos\" \/>\n<script type=\"application\/ld+json\" class=\"yoast-schema-graph\">{\"@context\":\"https:\/\/schema.org\",\"@graph\":[{\"@type\":\"WebSite\",\"@id\":\"https:\/\/franciscanos.org.br\/noticias\/#website\",\"url\":\"https:\/\/franciscanos.org.br\/noticias\/\",\"name\":\"Not\u00edcias - Franciscanos\",\"description\":\"Prov\u00edncia Franciscana da Imaculada Concei\u00e7\u00e3o do Brasil - Ordem dos Frades Menores - OFM\",\"potentialAction\":[{\"@type\":\"SearchAction\",\"target\":{\"@type\":\"EntryPoint\",\"urlTemplate\":\"https:\/\/franciscanos.org.br\/noticias\/?s={search_term_string}\"},\"query-input\":\"required name=search_term_string\"}],\"inLanguage\":\"pt-BR\"},{\"@type\":\"ImageObject\",\"inLanguage\":\"pt-BR\",\"@id\":\"https:\/\/franciscanos.org.br\/noticias\/papa-na-missa-em-sofia-o-amor-de-deus-e-maior-que-qualquer-pecado.html#primaryimage\",\"url\":\"https:\/\/franciscanos.org.br\/noticias\/wp-content\/uploads\/2019\/05\/missa_050519d.jpg\",\"contentUrl\":\"https:\/\/franciscanos.org.br\/noticias\/wp-content\/uploads\/2019\/05\/missa_050519d.jpg\",\"width\":273,\"height\":181},{\"@type\":\"WebPage\",\"@id\":\"https:\/\/franciscanos.org.br\/noticias\/papa-na-missa-em-sofia-o-amor-de-deus-e-maior-que-qualquer-pecado.html#webpage\",\"url\":\"https:\/\/franciscanos.org.br\/noticias\/papa-na-missa-em-sofia-o-amor-de-deus-e-maior-que-qualquer-pecado.html\",\"name\":\"Papa na missa em S\u00f3fia: o amor de Deus \u00e9 maior que qualquer pecado - Not\u00edcias - Franciscanos\",\"isPartOf\":{\"@id\":\"https:\/\/franciscanos.org.br\/noticias\/#website\"},\"primaryImageOfPage\":{\"@id\":\"https:\/\/franciscanos.org.br\/noticias\/papa-na-missa-em-sofia-o-amor-de-deus-e-maior-que-qualquer-pecado.html#primaryimage\"},\"datePublished\":\"2019-05-05T16:17:06+00:00\",\"dateModified\":\"2020-06-05T16:14:17+00:00\",\"author\":{\"@id\":\"https:\/\/franciscanos.org.br\/noticias\/#\/schema\/person\/b5c8cba458c330ccff548b056e95a5d4\"},\"breadcrumb\":{\"@id\":\"https:\/\/franciscanos.org.br\/noticias\/papa-na-missa-em-sofia-o-amor-de-deus-e-maior-que-qualquer-pecado.html#breadcrumb\"},\"inLanguage\":\"pt-BR\",\"potentialAction\":[{\"@type\":\"ReadAction\",\"target\":[\"https:\/\/franciscanos.org.br\/noticias\/papa-na-missa-em-sofia-o-amor-de-deus-e-maior-que-qualquer-pecado.html\"]}]},{\"@type\":\"BreadcrumbList\",\"@id\":\"https:\/\/franciscanos.org.br\/noticias\/papa-na-missa-em-sofia-o-amor-de-deus-e-maior-que-qualquer-pecado.html#breadcrumb\",\"itemListElement\":[{\"@type\":\"ListItem\",\"position\":1,\"name\":\"Home\",\"item\":\"https:\/\/franciscanos.org.br\/noticias\"},{\"@type\":\"ListItem\",\"position\":2,\"name\":\"Papa na missa em S\u00f3fia: o amor de Deus \u00e9 maior que qualquer pecado\"}]},{\"@type\":\"Person\",\"@id\":\"https:\/\/franciscanos.org.br\/noticias\/#\/schema\/person\/b5c8cba458c330ccff548b056e95a5d4\",\"name\":\"moacir\",\"image\":{\"@type\":\"ImageObject\",\"inLanguage\":\"pt-BR\",\"@id\":\"https:\/\/franciscanos.org.br\/noticias\/#\/schema\/person\/image\/\",\"url\":\"https:\/\/secure.gravatar.com\/avatar\/d08aa2ce4c8dd416d4479aa8536fcf64?s=96&d=mm&r=g\",\"contentUrl\":\"https:\/\/secure.gravatar.com\/avatar\/d08aa2ce4c8dd416d4479aa8536fcf64?s=96&d=mm&r=g\",\"caption\":\"moacir\"},\"url\":\"https:\/\/franciscanos.org.br\/noticias\/author\/moacir\"}]}<\/script>\n<!-- \/ Yoast SEO plugin. -->","yoast_head_json":{"title":"Papa na missa em S\u00f3fia: o amor de Deus \u00e9 maior que qualquer pecado - Not\u00edcias - Franciscanos","robots":{"index":"index","follow":"follow","max-snippet":"max-snippet:-1","max-image-preview":"max-image-preview:large","max-video-preview":"max-video-preview:-1"},"canonical":"https:\/\/franciscanos.org.br\/noticias\/papa-na-missa-em-sofia-o-amor-de-deus-e-maior-que-qualquer-pecado.html","og_locale":"pt_BR","og_type":"article","og_title":"Papa na missa em S\u00f3fia: o amor de Deus \u00e9 maior que qualquer pecado - Not\u00edcias - Franciscanos","og_description":"29\u00aa Viagem Apost\u00f3lica do Papa Francisco","og_url":"https:\/\/franciscanos.org.br\/noticias\/papa-na-missa-em-sofia-o-amor-de-deus-e-maior-que-qualquer-pecado.html","og_site_name":"Not\u00edcias - Franciscanos","article_published_time":"2019-05-05T16:17:06+00:00","article_modified_time":"2020-06-05T16:14:17+00:00","og_image":[{"width":273,"height":181,"url":"https:\/\/franciscanos.org.br\/noticias\/wp-content\/uploads\/2019\/05\/missa_050519d.jpg","type":"image\/jpeg"}],"author":"moacir","twitter_card":"summary_large_image","twitter_misc":{"Escrito por":"moacir","Est. tempo de leitura":"4 minutos"},"schema":{"@context":"https:\/\/schema.org","@graph":[{"@type":"WebSite","@id":"https:\/\/franciscanos.org.br\/noticias\/#website","url":"https:\/\/franciscanos.org.br\/noticias\/","name":"Not\u00edcias - Franciscanos","description":"Prov\u00edncia Franciscana da Imaculada Concei\u00e7\u00e3o do Brasil - Ordem dos Frades Menores - OFM","potentialAction":[{"@type":"SearchAction","target":{"@type":"EntryPoint","urlTemplate":"https:\/\/franciscanos.org.br\/noticias\/?s={search_term_string}"},"query-input":"required name=search_term_string"}],"inLanguage":"pt-BR"},{"@type":"ImageObject","inLanguage":"pt-BR","@id":"https:\/\/franciscanos.org.br\/noticias\/papa-na-missa-em-sofia-o-amor-de-deus-e-maior-que-qualquer-pecado.html#primaryimage","url":"https:\/\/franciscanos.org.br\/noticias\/wp-content\/uploads\/2019\/05\/missa_050519d.jpg","contentUrl":"https:\/\/franciscanos.org.br\/noticias\/wp-content\/uploads\/2019\/05\/missa_050519d.jpg","width":273,"height":181},{"@type":"WebPage","@id":"https:\/\/franciscanos.org.br\/noticias\/papa-na-missa-em-sofia-o-amor-de-deus-e-maior-que-qualquer-pecado.html#webpage","url":"https:\/\/franciscanos.org.br\/noticias\/papa-na-missa-em-sofia-o-amor-de-deus-e-maior-que-qualquer-pecado.html","name":"Papa na missa em S\u00f3fia: o amor de Deus \u00e9 maior que qualquer pecado - Not\u00edcias - Franciscanos","isPartOf":{"@id":"https:\/\/franciscanos.org.br\/noticias\/#website"},"primaryImageOfPage":{"@id":"https:\/\/franciscanos.org.br\/noticias\/papa-na-missa-em-sofia-o-amor-de-deus-e-maior-que-qualquer-pecado.html#primaryimage"},"datePublished":"2019-05-05T16:17:06+00:00","dateModified":"2020-06-05T16:14:17+00:00","author":{"@id":"https:\/\/franciscanos.org.br\/noticias\/#\/schema\/person\/b5c8cba458c330ccff548b056e95a5d4"},"breadcrumb":{"@id":"https:\/\/franciscanos.org.br\/noticias\/papa-na-missa-em-sofia-o-amor-de-deus-e-maior-que-qualquer-pecado.html#breadcrumb"},"inLanguage":"pt-BR","potentialAction":[{"@type":"ReadAction","target":["https:\/\/franciscanos.org.br\/noticias\/papa-na-missa-em-sofia-o-amor-de-deus-e-maior-que-qualquer-pecado.html"]}]},{"@type":"BreadcrumbList","@id":"https:\/\/franciscanos.org.br\/noticias\/papa-na-missa-em-sofia-o-amor-de-deus-e-maior-que-qualquer-pecado.html#breadcrumb","itemListElement":[{"@type":"ListItem","position":1,"name":"Home","item":"https:\/\/franciscanos.org.br\/noticias"},{"@type":"ListItem","position":2,"name":"Papa na missa em S\u00f3fia: o amor de Deus \u00e9 maior que qualquer pecado"}]},{"@type":"Person","@id":"https:\/\/franciscanos.org.br\/noticias\/#\/schema\/person\/b5c8cba458c330ccff548b056e95a5d4","name":"moacir","image":{"@type":"ImageObject","inLanguage":"pt-BR","@id":"https:\/\/franciscanos.org.br\/noticias\/#\/schema\/person\/image\/","url":"https:\/\/secure.gravatar.com\/avatar\/d08aa2ce4c8dd416d4479aa8536fcf64?s=96&d=mm&r=g","contentUrl":"https:\/\/secure.gravatar.com\/avatar\/d08aa2ce4c8dd416d4479aa8536fcf64?s=96&d=mm&r=g","caption":"moacir"},"url":"https:\/\/franciscanos.org.br\/noticias\/author\/moacir"}]}},"_links":{"self":[{"href":"https:\/\/franciscanos.org.br\/noticias\/wp-json\/wp\/v2\/posts\/204407"}],"collection":[{"href":"https:\/\/franciscanos.org.br\/noticias\/wp-json\/wp\/v2\/posts"}],"about":[{"href":"https:\/\/franciscanos.org.br\/noticias\/wp-json\/wp\/v2\/types\/post"}],"author":[{"embeddable":true,"href":"https:\/\/franciscanos.org.br\/noticias\/wp-json\/wp\/v2\/users\/3"}],"replies":[{"embeddable":true,"href":"https:\/\/franciscanos.org.br\/noticias\/wp-json\/wp\/v2\/comments?post=204407"}],"version-history":[{"count":2,"href":"https:\/\/franciscanos.org.br\/noticias\/wp-json\/wp\/v2\/posts\/204407\/revisions"}],"predecessor-version":[{"id":224240,"href":"https:\/\/franciscanos.org.br\/noticias\/wp-json\/wp\/v2\/posts\/204407\/revisions\/224240"}],"wp:featuredmedia":[{"embeddable":true,"href":"https:\/\/franciscanos.org.br\/noticias\/wp-json\/wp\/v2\/media\/204412"}],"wp:attachment":[{"href":"https:\/\/franciscanos.org.br\/noticias\/wp-json\/wp\/v2\/media?parent=204407"}],"wp:term":[{"taxonomy":"category","embeddable":true,"href":"https:\/\/franciscanos.org.br\/noticias\/wp-json\/wp\/v2\/categories?post=204407"},{"taxonomy":"post_tag","embeddable":true,"href":"https:\/\/franciscanos.org.br\/noticias\/wp-json\/wp\/v2\/tags?post=204407"}],"curies":[{"name":"wp","href":"https:\/\/api.w.org\/{rel}","templated":true}]}}