{"id":204269,"date":"2019-05-03T09:28:20","date_gmt":"2019-05-03T12:28:20","guid":{"rendered":"https:\/\/franciscanos.org.br\/noticias\/?p=204269"},"modified":"2019-05-03T10:11:47","modified_gmt":"2019-05-03T13:11:47","slug":"lancamento-do-livro-o-mundo-religioso-no-instituto-teologico-franciscano","status":"publish","type":"post","link":"https:\/\/franciscanos.org.br\/noticias\/lancamento-do-livro-o-mundo-religioso-no-instituto-teologico-franciscano.html","title":{"rendered":"Lan\u00e7amento do livro \u201cO mundo religioso\u201d, no Instituto Teol\u00f3gico Franciscano"},"content":{"rendered":"<p><img loading=\"lazy\" class=\"size-medium wp-image-204275 alignleft\" src=\"https:\/\/franciscanos.org.br\/noticias\/wp-content\/uploads\/2019\/05\/lancamento_020519-322x450.jpg\" alt=\"\" width=\"322\" height=\"450\" srcset=\"https:\/\/franciscanos.org.br\/noticias\/wp-content\/uploads\/2019\/05\/lancamento_020519-322x450.jpg 322w, https:\/\/franciscanos.org.br\/noticias\/wp-content\/uploads\/2019\/05\/lancamento_020519-150x209.jpg 150w, https:\/\/franciscanos.org.br\/noticias\/wp-content\/uploads\/2019\/05\/lancamento_020519.jpg 650w\" sizes=\"(max-width: 322px) 100vw, 322px\" \/>No dia 08 de maio,\u00a0 \u00e0s 19 horas, o Instituto Teol\u00f3gico Franciscano de Petr\u00f3polis (RJ), recebe o lan\u00e7amento do livro \u201cO mundo religioso\u201d, do professor Frei Volney J. Berkenbrock. Na ocasi\u00e3o, o autor conversar\u00e1 com o p\u00fablico sobre o conte\u00fado da obra, em um bate-papo mediado pelo psic\u00f3logo Sandro Rodrigues.<\/p>\n<p>Pesquisador das religi\u00f5es afro-brasileiras, Frei Volney Berkenbrock acaba de lan\u00e7ar, pela Editora Vozes, o seu mais novo trabalho: \u201cO Mundo Religioso\u201d.\u00a0 O prop\u00f3sito desta obra \u00e9 proporcionar aos leitores e leitoras conhecimentos amplos sobre o rico universo das religi\u00f5es. Sem preconceitos, sem a pretens\u00e3o de defender esta ou aquela tradi\u00e7\u00e3o, sem qualquer pretens\u00e3o de destacar alguma religi\u00e3o em detrimento da outra, com a consci\u00eancia de que nenhum tema ser\u00e1 tratado exaustivamente.<\/p>\n<p>Para Frei Volney, a forma de olhar as religi\u00f5es \u00e9 com o maior conjunto existente de ideias a respeito de compreens\u00f5es sobre o ser humano, sobre a exist\u00eancia, sobre a vida individual e comunit\u00e1ria, sobre a origem e o destino, sobre a vida feliz e a infelicidade, sobre ideais e virtudes, sobre limites e mis\u00e9rias humanas. Enfim, em nenhum outro campo do conhecimento humano h\u00e1 tantas compreens\u00f5es quanto as acumuladas pelas tradi\u00e7\u00f5es religiosas.<\/p>\n<p>A estrutura desta obra foi constru\u00edda n\u00e3o a partir dos grupos religiosos, mas a partir do fen\u00f4meno religioso e de como o mundo das religi\u00f5es pode ser visto sob pontos de vista diversificados.<\/p>\n<p>Em entrevista concedida\u00a0 \u00e0 IHU On-line, em novembro de 2015, Berkenbrock falou como come\u00e7ou esse seu olhar de pesquisador a respeito da tem\u00e1tica das religi\u00f5es. Al\u00e9m das principais caracter\u00edsticas da experi\u00eancia religiosa do Candombl\u00e9, o te\u00f3logo abordou a situa\u00e7\u00e3o da identidade do cat\u00f3lico a partir do di\u00e1logo com as religi\u00f5es de matriz africana, n\u00e3o s\u00f3 diante das diferen\u00e7as teol\u00f3gicas, mas tamb\u00e9m perante o contexto social e hist\u00f3rico que cercam as tradi\u00e7\u00f5es religiosas. Ainda, abordou o tema do sincretismo religioso, um modo peculiar do brasileiro de se relacionar com o sagrado e transitar pelo cen\u00e1rio multicultural do pa\u00eds, onde as diferentes tradi\u00e7\u00f5es religiosas, como o catolicismo e o Candombl\u00e9, se afetam e constroem-se reciprocamente.<\/p>\n<p><img loading=\"lazy\" class=\"size-medium wp-image-204277 alignright\" src=\"https:\/\/franciscanos.org.br\/noticias\/wp-content\/uploads\/2019\/05\/lancamento_020519_1-284x450.png\" alt=\"\" width=\"284\" height=\"450\" srcset=\"https:\/\/franciscanos.org.br\/noticias\/wp-content\/uploads\/2019\/05\/lancamento_020519_1-284x450.png 284w, https:\/\/franciscanos.org.br\/noticias\/wp-content\/uploads\/2019\/05\/lancamento_020519_1-150x238.png 150w, https:\/\/franciscanos.org.br\/noticias\/wp-content\/uploads\/2019\/05\/lancamento_020519_1.png 643w\" sizes=\"(max-width: 284px) 100vw, 284px\" \/>\u201cEntendo que o sincretismo \u00e9 um processo permanente de di\u00e1logo, parte da din\u00e2mica cultural. Assim, dentro dele, h\u00e1 elementos que s\u00e3o interessantes numa an\u00e1lise. Um deles \u00e9 justamente esta m\u00fatua influ\u00eancia. Ao falarmos de sincretismo no Brasil, muitas vezes se pensa logo nas religi\u00f5es afro-brasileiras, como se fossem somente elas pass\u00edveis de serem sincretizadas; fazendo uma an\u00e1lise mais apurada se pode perceber que \u2014 mesmo estando em condi\u00e7\u00e3o social muito adversa \u2014 as compreens\u00f5es religiosas de matriz africana tamb\u00e9m deixaram marcas em tradi\u00e7\u00f5es crist\u00e3s\u201d, aponta o frade (veja o link da entrevista abaixo).<\/p>\n<p>Frei Volney \u00e9 doutor em Teologia pela Rheinische Friedrich-Wilhelms-Universit\u00e4t, Bonn, Alemanha. \u00c9 pesquisador das religi\u00f5es afro-brasileiras, com enfoque especial na experi\u00eancia religiosa do Candombl\u00e9. Professor do Departamento de Ci\u00eancia da Religi\u00e3o da Universidade Federal de Juiz de Fora (MG), pesquisador do Programa de P\u00f3s-Gradua\u00e7\u00e3o do mesmo departamento e membro do Instituto Teol\u00f3gico Franciscano de Petr\u00f3polis (RJ). Linhas de pesquisa de destaque: Religi\u00f5es afro-brasileiras (com \u00eanfase para o Candombl\u00e9); Religi\u00f5es e Di\u00e1logo; Hist\u00f3ria das Religi\u00f5es. Autor de diversos livros, cap\u00edtulos de livros e artigos na \u00e1rea de Teologia e Ci\u00eancia da Religi\u00e3o.<\/p>\n<p><strong>Servi\u00e7o:<\/strong><\/p>\n<p><strong>Data:<\/strong> 08 de maio<br \/>\n<strong>Hor\u00e1rio:<\/strong> 19 horas<br \/>\n<strong>Local:<\/strong> Instituto Teol\u00f3gico Franciscano \u2013 Rua Coronel Veiga, 550 \u2013 Petr\u00f3polis \u2013 RJ<\/p>\n","protected":false},"excerpt":{"rendered":"<p>Lan\u00e7amento do livro \u201cO mundo religioso\u201d<\/p>\n","protected":false},"author":3,"featured_media":204279,"comment_status":"open","ping_status":"open","sticky":false,"template":"","format":"standard","meta":[],"categories":[1],"tags":[189,190],"acf":[],"yoast_head":"<!-- This site is optimized with the Yoast SEO plugin v19.2 - https:\/\/yoast.com\/wordpress\/plugins\/seo\/ -->\n<title>Lan\u00e7amento do livro \u201cO mundo religioso\u201d, no Instituto Teol\u00f3gico Franciscano - Not\u00edcias - Franciscanos<\/title>\n<meta name=\"robots\" content=\"index, follow, max-snippet:-1, max-image-preview:large, max-video-preview:-1\" \/>\n<link rel=\"canonical\" href=\"https:\/\/franciscanos.org.br\/noticias\/lancamento-do-livro-o-mundo-religioso-no-instituto-teologico-franciscano.html\" \/>\n<meta property=\"og:locale\" content=\"pt_BR\" \/>\n<meta property=\"og:type\" content=\"article\" \/>\n<meta property=\"og:title\" content=\"Lan\u00e7amento do livro \u201cO mundo religioso\u201d, no Instituto Teol\u00f3gico Franciscano - Not\u00edcias - Franciscanos\" \/>\n<meta property=\"og:description\" content=\"Lan\u00e7amento do livro \u201cO mundo religioso\u201d\" \/>\n<meta property=\"og:url\" content=\"https:\/\/franciscanos.org.br\/noticias\/lancamento-do-livro-o-mundo-religioso-no-instituto-teologico-franciscano.html\" \/>\n<meta property=\"og:site_name\" content=\"Not\u00edcias - Franciscanos\" \/>\n<meta property=\"article:published_time\" content=\"2019-05-03T12:28:20+00:00\" \/>\n<meta property=\"article:modified_time\" content=\"2019-05-03T13:11:47+00:00\" \/>\n<meta property=\"og:image\" content=\"https:\/\/franciscanos.org.br\/noticias\/wp-content\/uploads\/2019\/05\/lancamento_020519_2.jpg\" \/>\n\t<meta property=\"og:image:width\" content=\"273\" \/>\n\t<meta property=\"og:image:height\" content=\"181\" \/>\n\t<meta property=\"og:image:type\" content=\"image\/jpeg\" \/>\n<meta name=\"author\" content=\"moacir\" \/>\n<meta name=\"twitter:card\" content=\"summary_large_image\" \/>\n<meta name=\"twitter:label1\" content=\"Escrito por\" \/>\n\t<meta name=\"twitter:data1\" content=\"moacir\" \/>\n\t<meta name=\"twitter:label2\" content=\"Est. tempo de leitura\" \/>\n\t<meta name=\"twitter:data2\" content=\"3 minutos\" \/>\n<script type=\"application\/ld+json\" class=\"yoast-schema-graph\">{\"@context\":\"https:\/\/schema.org\",\"@graph\":[{\"@type\":\"WebSite\",\"@id\":\"https:\/\/franciscanos.org.br\/noticias\/#website\",\"url\":\"https:\/\/franciscanos.org.br\/noticias\/\",\"name\":\"Not\u00edcias - Franciscanos\",\"description\":\"Prov\u00edncia Franciscana da Imaculada Concei\u00e7\u00e3o do Brasil - Ordem dos Frades Menores - OFM\",\"potentialAction\":[{\"@type\":\"SearchAction\",\"target\":{\"@type\":\"EntryPoint\",\"urlTemplate\":\"https:\/\/franciscanos.org.br\/noticias\/?s={search_term_string}\"},\"query-input\":\"required name=search_term_string\"}],\"inLanguage\":\"pt-BR\"},{\"@type\":\"ImageObject\",\"inLanguage\":\"pt-BR\",\"@id\":\"https:\/\/franciscanos.org.br\/noticias\/lancamento-do-livro-o-mundo-religioso-no-instituto-teologico-franciscano.html#primaryimage\",\"url\":\"https:\/\/franciscanos.org.br\/noticias\/wp-content\/uploads\/2019\/05\/lancamento_020519_2.jpg\",\"contentUrl\":\"https:\/\/franciscanos.org.br\/noticias\/wp-content\/uploads\/2019\/05\/lancamento_020519_2.jpg\",\"width\":273,\"height\":181},{\"@type\":\"WebPage\",\"@id\":\"https:\/\/franciscanos.org.br\/noticias\/lancamento-do-livro-o-mundo-religioso-no-instituto-teologico-franciscano.html#webpage\",\"url\":\"https:\/\/franciscanos.org.br\/noticias\/lancamento-do-livro-o-mundo-religioso-no-instituto-teologico-franciscano.html\",\"name\":\"Lan\u00e7amento do livro \u201cO mundo religioso\u201d, no Instituto Teol\u00f3gico Franciscano - Not\u00edcias - Franciscanos\",\"isPartOf\":{\"@id\":\"https:\/\/franciscanos.org.br\/noticias\/#website\"},\"primaryImageOfPage\":{\"@id\":\"https:\/\/franciscanos.org.br\/noticias\/lancamento-do-livro-o-mundo-religioso-no-instituto-teologico-franciscano.html#primaryimage\"},\"datePublished\":\"2019-05-03T12:28:20+00:00\",\"dateModified\":\"2019-05-03T13:11:47+00:00\",\"author\":{\"@id\":\"https:\/\/franciscanos.org.br\/noticias\/#\/schema\/person\/b5c8cba458c330ccff548b056e95a5d4\"},\"breadcrumb\":{\"@id\":\"https:\/\/franciscanos.org.br\/noticias\/lancamento-do-livro-o-mundo-religioso-no-instituto-teologico-franciscano.html#breadcrumb\"},\"inLanguage\":\"pt-BR\",\"potentialAction\":[{\"@type\":\"ReadAction\",\"target\":[\"https:\/\/franciscanos.org.br\/noticias\/lancamento-do-livro-o-mundo-religioso-no-instituto-teologico-franciscano.html\"]}]},{\"@type\":\"BreadcrumbList\",\"@id\":\"https:\/\/franciscanos.org.br\/noticias\/lancamento-do-livro-o-mundo-religioso-no-instituto-teologico-franciscano.html#breadcrumb\",\"itemListElement\":[{\"@type\":\"ListItem\",\"position\":1,\"name\":\"Home\",\"item\":\"https:\/\/franciscanos.org.br\/noticias\"},{\"@type\":\"ListItem\",\"position\":2,\"name\":\"Lan\u00e7amento do livro \u201cO mundo religioso\u201d, no Instituto Teol\u00f3gico Franciscano\"}]},{\"@type\":\"Person\",\"@id\":\"https:\/\/franciscanos.org.br\/noticias\/#\/schema\/person\/b5c8cba458c330ccff548b056e95a5d4\",\"name\":\"moacir\",\"image\":{\"@type\":\"ImageObject\",\"inLanguage\":\"pt-BR\",\"@id\":\"https:\/\/franciscanos.org.br\/noticias\/#\/schema\/person\/image\/\",\"url\":\"https:\/\/secure.gravatar.com\/avatar\/d08aa2ce4c8dd416d4479aa8536fcf64?s=96&d=mm&r=g\",\"contentUrl\":\"https:\/\/secure.gravatar.com\/avatar\/d08aa2ce4c8dd416d4479aa8536fcf64?s=96&d=mm&r=g\",\"caption\":\"moacir\"},\"url\":\"https:\/\/franciscanos.org.br\/noticias\/author\/moacir\"}]}<\/script>\n<!-- \/ Yoast SEO plugin. -->","yoast_head_json":{"title":"Lan\u00e7amento do livro \u201cO mundo religioso\u201d, no Instituto Teol\u00f3gico Franciscano - Not\u00edcias - Franciscanos","robots":{"index":"index","follow":"follow","max-snippet":"max-snippet:-1","max-image-preview":"max-image-preview:large","max-video-preview":"max-video-preview:-1"},"canonical":"https:\/\/franciscanos.org.br\/noticias\/lancamento-do-livro-o-mundo-religioso-no-instituto-teologico-franciscano.html","og_locale":"pt_BR","og_type":"article","og_title":"Lan\u00e7amento do livro \u201cO mundo religioso\u201d, no Instituto Teol\u00f3gico Franciscano - Not\u00edcias - Franciscanos","og_description":"Lan\u00e7amento do livro \u201cO mundo religioso\u201d","og_url":"https:\/\/franciscanos.org.br\/noticias\/lancamento-do-livro-o-mundo-religioso-no-instituto-teologico-franciscano.html","og_site_name":"Not\u00edcias - Franciscanos","article_published_time":"2019-05-03T12:28:20+00:00","article_modified_time":"2019-05-03T13:11:47+00:00","og_image":[{"width":273,"height":181,"url":"https:\/\/franciscanos.org.br\/noticias\/wp-content\/uploads\/2019\/05\/lancamento_020519_2.jpg","type":"image\/jpeg"}],"author":"moacir","twitter_card":"summary_large_image","twitter_misc":{"Escrito por":"moacir","Est. tempo de leitura":"3 minutos"},"schema":{"@context":"https:\/\/schema.org","@graph":[{"@type":"WebSite","@id":"https:\/\/franciscanos.org.br\/noticias\/#website","url":"https:\/\/franciscanos.org.br\/noticias\/","name":"Not\u00edcias - Franciscanos","description":"Prov\u00edncia Franciscana da Imaculada Concei\u00e7\u00e3o do Brasil - Ordem dos Frades Menores - OFM","potentialAction":[{"@type":"SearchAction","target":{"@type":"EntryPoint","urlTemplate":"https:\/\/franciscanos.org.br\/noticias\/?s={search_term_string}"},"query-input":"required name=search_term_string"}],"inLanguage":"pt-BR"},{"@type":"ImageObject","inLanguage":"pt-BR","@id":"https:\/\/franciscanos.org.br\/noticias\/lancamento-do-livro-o-mundo-religioso-no-instituto-teologico-franciscano.html#primaryimage","url":"https:\/\/franciscanos.org.br\/noticias\/wp-content\/uploads\/2019\/05\/lancamento_020519_2.jpg","contentUrl":"https:\/\/franciscanos.org.br\/noticias\/wp-content\/uploads\/2019\/05\/lancamento_020519_2.jpg","width":273,"height":181},{"@type":"WebPage","@id":"https:\/\/franciscanos.org.br\/noticias\/lancamento-do-livro-o-mundo-religioso-no-instituto-teologico-franciscano.html#webpage","url":"https:\/\/franciscanos.org.br\/noticias\/lancamento-do-livro-o-mundo-religioso-no-instituto-teologico-franciscano.html","name":"Lan\u00e7amento do livro \u201cO mundo religioso\u201d, no Instituto Teol\u00f3gico Franciscano - Not\u00edcias - Franciscanos","isPartOf":{"@id":"https:\/\/franciscanos.org.br\/noticias\/#website"},"primaryImageOfPage":{"@id":"https:\/\/franciscanos.org.br\/noticias\/lancamento-do-livro-o-mundo-religioso-no-instituto-teologico-franciscano.html#primaryimage"},"datePublished":"2019-05-03T12:28:20+00:00","dateModified":"2019-05-03T13:11:47+00:00","author":{"@id":"https:\/\/franciscanos.org.br\/noticias\/#\/schema\/person\/b5c8cba458c330ccff548b056e95a5d4"},"breadcrumb":{"@id":"https:\/\/franciscanos.org.br\/noticias\/lancamento-do-livro-o-mundo-religioso-no-instituto-teologico-franciscano.html#breadcrumb"},"inLanguage":"pt-BR","potentialAction":[{"@type":"ReadAction","target":["https:\/\/franciscanos.org.br\/noticias\/lancamento-do-livro-o-mundo-religioso-no-instituto-teologico-franciscano.html"]}]},{"@type":"BreadcrumbList","@id":"https:\/\/franciscanos.org.br\/noticias\/lancamento-do-livro-o-mundo-religioso-no-instituto-teologico-franciscano.html#breadcrumb","itemListElement":[{"@type":"ListItem","position":1,"name":"Home","item":"https:\/\/franciscanos.org.br\/noticias"},{"@type":"ListItem","position":2,"name":"Lan\u00e7amento do livro \u201cO mundo religioso\u201d, no Instituto Teol\u00f3gico Franciscano"}]},{"@type":"Person","@id":"https:\/\/franciscanos.org.br\/noticias\/#\/schema\/person\/b5c8cba458c330ccff548b056e95a5d4","name":"moacir","image":{"@type":"ImageObject","inLanguage":"pt-BR","@id":"https:\/\/franciscanos.org.br\/noticias\/#\/schema\/person\/image\/","url":"https:\/\/secure.gravatar.com\/avatar\/d08aa2ce4c8dd416d4479aa8536fcf64?s=96&d=mm&r=g","contentUrl":"https:\/\/secure.gravatar.com\/avatar\/d08aa2ce4c8dd416d4479aa8536fcf64?s=96&d=mm&r=g","caption":"moacir"},"url":"https:\/\/franciscanos.org.br\/noticias\/author\/moacir"}]}},"_links":{"self":[{"href":"https:\/\/franciscanos.org.br\/noticias\/wp-json\/wp\/v2\/posts\/204269"}],"collection":[{"href":"https:\/\/franciscanos.org.br\/noticias\/wp-json\/wp\/v2\/posts"}],"about":[{"href":"https:\/\/franciscanos.org.br\/noticias\/wp-json\/wp\/v2\/types\/post"}],"author":[{"embeddable":true,"href":"https:\/\/franciscanos.org.br\/noticias\/wp-json\/wp\/v2\/users\/3"}],"replies":[{"embeddable":true,"href":"https:\/\/franciscanos.org.br\/noticias\/wp-json\/wp\/v2\/comments?post=204269"}],"version-history":[{"count":0,"href":"https:\/\/franciscanos.org.br\/noticias\/wp-json\/wp\/v2\/posts\/204269\/revisions"}],"wp:featuredmedia":[{"embeddable":true,"href":"https:\/\/franciscanos.org.br\/noticias\/wp-json\/wp\/v2\/media\/204279"}],"wp:attachment":[{"href":"https:\/\/franciscanos.org.br\/noticias\/wp-json\/wp\/v2\/media?parent=204269"}],"wp:term":[{"taxonomy":"category","embeddable":true,"href":"https:\/\/franciscanos.org.br\/noticias\/wp-json\/wp\/v2\/categories?post=204269"},{"taxonomy":"post_tag","embeddable":true,"href":"https:\/\/franciscanos.org.br\/noticias\/wp-json\/wp\/v2\/tags?post=204269"}],"curies":[{"name":"wp","href":"https:\/\/api.w.org\/{rel}","templated":true}]}}