{"id":204214,"date":"2019-04-30T17:43:13","date_gmt":"2019-04-30T20:43:13","guid":{"rendered":"https:\/\/franciscanos.org.br\/noticias\/?p=204214"},"modified":"2023-01-09T10:59:23","modified_gmt":"2023-01-09T13:59:23","slug":"mais-de-400-pessoas-prestigiam-evento-beneficente-do-seminario-franciscano-frei-galvao","status":"publish","type":"post","link":"https:\/\/franciscanos.org.br\/noticias\/mais-de-400-pessoas-prestigiam-evento-beneficente-do-seminario-franciscano-frei-galvao.html","title":{"rendered":"Evento beneficente re\u00fane mais de 400 pessoas no Semin\u00e1rio Frei Galv\u00e3o"},"content":{"rendered":"<p><img loading=\"lazy\" class=\"alignnone size-full wp-image-204215\" src=\"https:\/\/franciscanos.org.br\/noticias\/wp-content\/uploads\/2019\/04\/bingo_300419_3.jpg\" alt=\"\" width=\"890\" height=\"531\" srcset=\"https:\/\/franciscanos.org.br\/noticias\/wp-content\/uploads\/2019\/04\/bingo_300419_3.jpg 890w, https:\/\/franciscanos.org.br\/noticias\/wp-content\/uploads\/2019\/04\/bingo_300419_3-450x268.jpg 450w, https:\/\/franciscanos.org.br\/noticias\/wp-content\/uploads\/2019\/04\/bingo_300419_3-768x458.jpg 768w, https:\/\/franciscanos.org.br\/noticias\/wp-content\/uploads\/2019\/04\/bingo_300419_3-150x89.jpg 150w\" sizes=\"(max-width: 890px) 100vw, 890px\" \/><\/p>\n<p><strong>Nicolas Nathan<\/strong><\/p>\n<p><strong>Guaratinguet\u00e1 (SP)<\/strong> &#8211; No primeiro domingo ap\u00f3s a P\u00e1scoa (29\/04), data dedicada \u00e0 Festa da Divina Miseric\u00f3rdia, mais de 400 pessoas prestigiaram o bingo beneficente em prol do Semin\u00e1rio Franciscano Frei Galv\u00e3o, em Guaratinguet\u00e1 (SP). Neste dia dedicado ao an\u00fancio do amor misericordioso de Deus, fez-se presente mais uma vez o esp\u00edrito solid\u00e1rio no sorriso dos mais de 40 volunt\u00e1rios que estavam acolhendo e servindo com alegria os participantes.<\/p>\n<p><img loading=\"lazy\" class=\"alignright wp-image-204218\" src=\"https:\/\/franciscanos.org.br\/noticias\/wp-content\/uploads\/2019\/04\/bingo_300419_1.jpg\" alt=\"\" width=\"295\" height=\"295\" srcset=\"https:\/\/franciscanos.org.br\/noticias\/wp-content\/uploads\/2019\/04\/bingo_300419_1.jpg 400w, https:\/\/franciscanos.org.br\/noticias\/wp-content\/uploads\/2019\/04\/bingo_300419_1-300x300.jpg 300w, https:\/\/franciscanos.org.br\/noticias\/wp-content\/uploads\/2019\/04\/bingo_300419_1-150x150.jpg 150w\" sizes=\"(max-width: 295px) 100vw, 295px\" \/>Segundo Frei Jo\u00e3o Francisco, guardi\u00e3o do Semin\u00e1rio, essa a\u00e7\u00e3o \u00e9 importante n\u00e3o apenas para arrecadar recursos para a manuten\u00e7\u00e3o desta casa de forma\u00e7\u00e3o franciscana e de acolhimento aos devotos de Frei Galv\u00e3o, mas \u00e9 tamb\u00e9m um \u201cmeio de evangeliza\u00e7\u00e3o e proximidade com a comunidade, al\u00e9m de divulgar as atividades do Semin\u00e1rio\u201d.<\/p>\n<p>&nbsp;<\/p>\n<p>Nesta edi\u00e7\u00e3o, foram sorteados 27 pr\u00eamios (TV 32\u2019, fog\u00e3o, tanquinho, bicicleta, forno, micro-ondas etc.), al\u00e9m de in\u00fameros brindes que o Semin\u00e1rio recebeu de doa\u00e7\u00e3o. Em um ambiente fraterno, o evento contou ainda com a venda de comes e bebes.<\/p>\n<p>Os frades agradeceram a todos que contribu\u00edram direta ou indiretamente com a realiza\u00e7\u00e3o do evento beneficente \u2013 desde os amigos que ajudaram com as premia\u00e7\u00f5es e com o trabalho volunt\u00e1rio, at\u00e9 as pessoas que compraram seus convites e participaram da constru\u00e7\u00e3o de mais um cap\u00edtulo dessa hist\u00f3ria. Em agosto tem Festa Caipira, mas em outubro tem um novo Bingo novamente.<\/p>\n<p><strong>Sobre o Semin\u00e1rio Franciscano Frei Galv\u00e3o<\/strong><\/p>\n<p>Considerado um dos s\u00edmbolos da religiosidade na regi\u00e3o, o Semin\u00e1rio Franciscano Frei Galv\u00e3o possui duas grandes miss\u00f5es \u2013 a forma\u00e7\u00e3o dos futuros franciscanos e o acolhimento aos devotos de Frei Galv\u00e3o, que v\u00eam de v\u00e1rios lugares do Brasil e do mundo para rezar e agradecer as gra\u00e7as alcan\u00e7adas por intercess\u00e3o de Santo Ant\u00f4nio de Sant\u2019Anna Galv\u00e3o.<\/p>\n<p><img loading=\"lazy\" class=\"alignnone size-full wp-image-204219\" src=\"https:\/\/franciscanos.org.br\/noticias\/wp-content\/uploads\/2019\/04\/bingo_300419_2.jpg\" alt=\"\" width=\"890\" height=\"733\" srcset=\"https:\/\/franciscanos.org.br\/noticias\/wp-content\/uploads\/2019\/04\/bingo_300419_2.jpg 890w, https:\/\/franciscanos.org.br\/noticias\/wp-content\/uploads\/2019\/04\/bingo_300419_2-450x371.jpg 450w, https:\/\/franciscanos.org.br\/noticias\/wp-content\/uploads\/2019\/04\/bingo_300419_2-768x633.jpg 768w, https:\/\/franciscanos.org.br\/noticias\/wp-content\/uploads\/2019\/04\/bingo_300419_2-150x124.jpg 150w\" sizes=\"(max-width: 890px) 100vw, 890px\" \/><\/p>\n<p>Ao chegarem no semin\u00e1rio, os visitantes s\u00e3o recebidos pelos frades, postulantes e colaboradores, em seguida podem receber as P\u00edlulas de Frei Galv\u00e3o, que s\u00e3o preparadas e distribu\u00eddas no pr\u00f3prio convento, e conhecer os atrativos tur\u00edsticos, passando pela: Exposi\u00e7\u00e3o Internacional de Pres\u00e9pios; Exposi\u00e7\u00e3o Franciscana; Gruta de Nossa Senhora de Lourdes; Imagem de Nossa Senhora de F\u00e1tima com mais de 10 metros de altura; Via-Sacra Franciscana; Claustro com canto gregoriano e banners que relatam a hist\u00f3ria de vida, canoniza\u00e7\u00e3o e alguns milagres de Frei Galv\u00e3o; e o Bazar de Artigos Religiosos.<\/p>\n<p>A acolhida feita no Semin\u00e1rio \u00e9 costumeiramente vista como exemplar pelo fato de ser personalizada, al\u00e9m da boa qualifica\u00e7\u00e3o e identifica\u00e7\u00e3o da equipe do Semin\u00e1rio com o ideal franciscano. Aberto diariamente, das 8h \u00e0s 11h30 e das 14h \u00e0s 17h30, o convento est\u00e1 localizado na Avenida Integra\u00e7\u00e3o, 151, bairro S\u00e3o Bento \u2013 Guaratinguet\u00e1\/SP. Visita\u00e7\u00e3o gratuita!<\/p>\n<p><img loading=\"lazy\" class=\"alignnone size-full wp-image-204220\" src=\"https:\/\/franciscanos.org.br\/noticias\/wp-content\/uploads\/2019\/04\/bingo_300419.jpg\" alt=\"\" width=\"890\" height=\"890\" srcset=\"https:\/\/franciscanos.org.br\/noticias\/wp-content\/uploads\/2019\/04\/bingo_300419.jpg 890w, https:\/\/franciscanos.org.br\/noticias\/wp-content\/uploads\/2019\/04\/bingo_300419-300x300.jpg 300w, https:\/\/franciscanos.org.br\/noticias\/wp-content\/uploads\/2019\/04\/bingo_300419-450x450.jpg 450w, https:\/\/franciscanos.org.br\/noticias\/wp-content\/uploads\/2019\/04\/bingo_300419-768x768.jpg 768w, https:\/\/franciscanos.org.br\/noticias\/wp-content\/uploads\/2019\/04\/bingo_300419-150x150.jpg 150w, https:\/\/franciscanos.org.br\/noticias\/wp-content\/uploads\/2019\/04\/bingo_300419-400x400.jpg 400w\" sizes=\"(max-width: 890px) 100vw, 890px\" \/><\/p>\n","protected":false},"excerpt":{"rendered":"<p>Semin\u00e1rio Franciscano Frei Galv\u00e3o<\/p>\n","protected":false},"author":3,"featured_media":204221,"comment_status":"open","ping_status":"open","sticky":false,"template":"","format":"standard","meta":[],"categories":[1],"tags":[421],"acf":[],"yoast_head":"<!-- This site is optimized with the Yoast SEO plugin v19.2 - https:\/\/yoast.com\/wordpress\/plugins\/seo\/ -->\n<title>Evento beneficente re\u00fane mais de 400 pessoas no Semin\u00e1rio Frei Galv\u00e3o - Not\u00edcias - Franciscanos<\/title>\n<meta name=\"robots\" content=\"index, follow, max-snippet:-1, max-image-preview:large, max-video-preview:-1\" \/>\n<link rel=\"canonical\" href=\"https:\/\/franciscanos.org.br\/noticias\/mais-de-400-pessoas-prestigiam-evento-beneficente-do-seminario-franciscano-frei-galvao.html\" \/>\n<meta property=\"og:locale\" content=\"pt_BR\" \/>\n<meta property=\"og:type\" content=\"article\" \/>\n<meta property=\"og:title\" content=\"Evento beneficente re\u00fane mais de 400 pessoas no Semin\u00e1rio Frei Galv\u00e3o - Not\u00edcias - Franciscanos\" \/>\n<meta property=\"og:description\" content=\"Semin\u00e1rio Franciscano Frei Galv\u00e3o\" \/>\n<meta property=\"og:url\" content=\"https:\/\/franciscanos.org.br\/noticias\/mais-de-400-pessoas-prestigiam-evento-beneficente-do-seminario-franciscano-frei-galvao.html\" \/>\n<meta property=\"og:site_name\" content=\"Not\u00edcias - Franciscanos\" \/>\n<meta property=\"article:published_time\" content=\"2019-04-30T20:43:13+00:00\" \/>\n<meta property=\"article:modified_time\" content=\"2023-01-09T13:59:23+00:00\" \/>\n<meta property=\"og:image\" content=\"https:\/\/franciscanos.org.br\/noticias\/wp-content\/uploads\/2019\/04\/bingo_300419d.jpg\" \/>\n\t<meta property=\"og:image:width\" content=\"273\" \/>\n\t<meta property=\"og:image:height\" content=\"181\" \/>\n\t<meta property=\"og:image:type\" content=\"image\/jpeg\" \/>\n<meta name=\"author\" content=\"moacir\" \/>\n<meta name=\"twitter:card\" content=\"summary_large_image\" \/>\n<meta name=\"twitter:label1\" content=\"Escrito por\" \/>\n\t<meta name=\"twitter:data1\" content=\"moacir\" \/>\n\t<meta name=\"twitter:label2\" content=\"Est. tempo de leitura\" \/>\n\t<meta name=\"twitter:data2\" content=\"2 minutos\" \/>\n<script type=\"application\/ld+json\" class=\"yoast-schema-graph\">{\"@context\":\"https:\/\/schema.org\",\"@graph\":[{\"@type\":\"WebSite\",\"@id\":\"https:\/\/franciscanos.org.br\/noticias\/#website\",\"url\":\"https:\/\/franciscanos.org.br\/noticias\/\",\"name\":\"Not\u00edcias - Franciscanos\",\"description\":\"Prov\u00edncia Franciscana da Imaculada Concei\u00e7\u00e3o do Brasil - Ordem dos Frades Menores - OFM\",\"potentialAction\":[{\"@type\":\"SearchAction\",\"target\":{\"@type\":\"EntryPoint\",\"urlTemplate\":\"https:\/\/franciscanos.org.br\/noticias\/?s={search_term_string}\"},\"query-input\":\"required name=search_term_string\"}],\"inLanguage\":\"pt-BR\"},{\"@type\":\"ImageObject\",\"inLanguage\":\"pt-BR\",\"@id\":\"https:\/\/franciscanos.org.br\/noticias\/mais-de-400-pessoas-prestigiam-evento-beneficente-do-seminario-franciscano-frei-galvao.html#primaryimage\",\"url\":\"https:\/\/franciscanos.org.br\/noticias\/wp-content\/uploads\/2019\/04\/bingo_300419d.jpg\",\"contentUrl\":\"https:\/\/franciscanos.org.br\/noticias\/wp-content\/uploads\/2019\/04\/bingo_300419d.jpg\",\"width\":273,\"height\":181},{\"@type\":\"WebPage\",\"@id\":\"https:\/\/franciscanos.org.br\/noticias\/mais-de-400-pessoas-prestigiam-evento-beneficente-do-seminario-franciscano-frei-galvao.html#webpage\",\"url\":\"https:\/\/franciscanos.org.br\/noticias\/mais-de-400-pessoas-prestigiam-evento-beneficente-do-seminario-franciscano-frei-galvao.html\",\"name\":\"Evento beneficente re\u00fane mais de 400 pessoas no Semin\u00e1rio Frei Galv\u00e3o - Not\u00edcias - Franciscanos\",\"isPartOf\":{\"@id\":\"https:\/\/franciscanos.org.br\/noticias\/#website\"},\"primaryImageOfPage\":{\"@id\":\"https:\/\/franciscanos.org.br\/noticias\/mais-de-400-pessoas-prestigiam-evento-beneficente-do-seminario-franciscano-frei-galvao.html#primaryimage\"},\"datePublished\":\"2019-04-30T20:43:13+00:00\",\"dateModified\":\"2023-01-09T13:59:23+00:00\",\"author\":{\"@id\":\"https:\/\/franciscanos.org.br\/noticias\/#\/schema\/person\/b5c8cba458c330ccff548b056e95a5d4\"},\"breadcrumb\":{\"@id\":\"https:\/\/franciscanos.org.br\/noticias\/mais-de-400-pessoas-prestigiam-evento-beneficente-do-seminario-franciscano-frei-galvao.html#breadcrumb\"},\"inLanguage\":\"pt-BR\",\"potentialAction\":[{\"@type\":\"ReadAction\",\"target\":[\"https:\/\/franciscanos.org.br\/noticias\/mais-de-400-pessoas-prestigiam-evento-beneficente-do-seminario-franciscano-frei-galvao.html\"]}]},{\"@type\":\"BreadcrumbList\",\"@id\":\"https:\/\/franciscanos.org.br\/noticias\/mais-de-400-pessoas-prestigiam-evento-beneficente-do-seminario-franciscano-frei-galvao.html#breadcrumb\",\"itemListElement\":[{\"@type\":\"ListItem\",\"position\":1,\"name\":\"Home\",\"item\":\"https:\/\/franciscanos.org.br\/noticias\"},{\"@type\":\"ListItem\",\"position\":2,\"name\":\"Evento beneficente re\u00fane mais de 400 pessoas no Semin\u00e1rio Frei Galv\u00e3o\"}]},{\"@type\":\"Person\",\"@id\":\"https:\/\/franciscanos.org.br\/noticias\/#\/schema\/person\/b5c8cba458c330ccff548b056e95a5d4\",\"name\":\"moacir\",\"image\":{\"@type\":\"ImageObject\",\"inLanguage\":\"pt-BR\",\"@id\":\"https:\/\/franciscanos.org.br\/noticias\/#\/schema\/person\/image\/\",\"url\":\"https:\/\/secure.gravatar.com\/avatar\/d08aa2ce4c8dd416d4479aa8536fcf64?s=96&d=mm&r=g\",\"contentUrl\":\"https:\/\/secure.gravatar.com\/avatar\/d08aa2ce4c8dd416d4479aa8536fcf64?s=96&d=mm&r=g\",\"caption\":\"moacir\"},\"url\":\"https:\/\/franciscanos.org.br\/noticias\/author\/moacir\"}]}<\/script>\n<!-- \/ Yoast SEO plugin. -->","yoast_head_json":{"title":"Evento beneficente re\u00fane mais de 400 pessoas no Semin\u00e1rio Frei Galv\u00e3o - Not\u00edcias - Franciscanos","robots":{"index":"index","follow":"follow","max-snippet":"max-snippet:-1","max-image-preview":"max-image-preview:large","max-video-preview":"max-video-preview:-1"},"canonical":"https:\/\/franciscanos.org.br\/noticias\/mais-de-400-pessoas-prestigiam-evento-beneficente-do-seminario-franciscano-frei-galvao.html","og_locale":"pt_BR","og_type":"article","og_title":"Evento beneficente re\u00fane mais de 400 pessoas no Semin\u00e1rio Frei Galv\u00e3o - Not\u00edcias - Franciscanos","og_description":"Semin\u00e1rio Franciscano Frei Galv\u00e3o","og_url":"https:\/\/franciscanos.org.br\/noticias\/mais-de-400-pessoas-prestigiam-evento-beneficente-do-seminario-franciscano-frei-galvao.html","og_site_name":"Not\u00edcias - Franciscanos","article_published_time":"2019-04-30T20:43:13+00:00","article_modified_time":"2023-01-09T13:59:23+00:00","og_image":[{"width":273,"height":181,"url":"https:\/\/franciscanos.org.br\/noticias\/wp-content\/uploads\/2019\/04\/bingo_300419d.jpg","type":"image\/jpeg"}],"author":"moacir","twitter_card":"summary_large_image","twitter_misc":{"Escrito por":"moacir","Est. tempo de leitura":"2 minutos"},"schema":{"@context":"https:\/\/schema.org","@graph":[{"@type":"WebSite","@id":"https:\/\/franciscanos.org.br\/noticias\/#website","url":"https:\/\/franciscanos.org.br\/noticias\/","name":"Not\u00edcias - Franciscanos","description":"Prov\u00edncia Franciscana da Imaculada Concei\u00e7\u00e3o do Brasil - Ordem dos Frades Menores - OFM","potentialAction":[{"@type":"SearchAction","target":{"@type":"EntryPoint","urlTemplate":"https:\/\/franciscanos.org.br\/noticias\/?s={search_term_string}"},"query-input":"required name=search_term_string"}],"inLanguage":"pt-BR"},{"@type":"ImageObject","inLanguage":"pt-BR","@id":"https:\/\/franciscanos.org.br\/noticias\/mais-de-400-pessoas-prestigiam-evento-beneficente-do-seminario-franciscano-frei-galvao.html#primaryimage","url":"https:\/\/franciscanos.org.br\/noticias\/wp-content\/uploads\/2019\/04\/bingo_300419d.jpg","contentUrl":"https:\/\/franciscanos.org.br\/noticias\/wp-content\/uploads\/2019\/04\/bingo_300419d.jpg","width":273,"height":181},{"@type":"WebPage","@id":"https:\/\/franciscanos.org.br\/noticias\/mais-de-400-pessoas-prestigiam-evento-beneficente-do-seminario-franciscano-frei-galvao.html#webpage","url":"https:\/\/franciscanos.org.br\/noticias\/mais-de-400-pessoas-prestigiam-evento-beneficente-do-seminario-franciscano-frei-galvao.html","name":"Evento beneficente re\u00fane mais de 400 pessoas no Semin\u00e1rio Frei Galv\u00e3o - Not\u00edcias - Franciscanos","isPartOf":{"@id":"https:\/\/franciscanos.org.br\/noticias\/#website"},"primaryImageOfPage":{"@id":"https:\/\/franciscanos.org.br\/noticias\/mais-de-400-pessoas-prestigiam-evento-beneficente-do-seminario-franciscano-frei-galvao.html#primaryimage"},"datePublished":"2019-04-30T20:43:13+00:00","dateModified":"2023-01-09T13:59:23+00:00","author":{"@id":"https:\/\/franciscanos.org.br\/noticias\/#\/schema\/person\/b5c8cba458c330ccff548b056e95a5d4"},"breadcrumb":{"@id":"https:\/\/franciscanos.org.br\/noticias\/mais-de-400-pessoas-prestigiam-evento-beneficente-do-seminario-franciscano-frei-galvao.html#breadcrumb"},"inLanguage":"pt-BR","potentialAction":[{"@type":"ReadAction","target":["https:\/\/franciscanos.org.br\/noticias\/mais-de-400-pessoas-prestigiam-evento-beneficente-do-seminario-franciscano-frei-galvao.html"]}]},{"@type":"BreadcrumbList","@id":"https:\/\/franciscanos.org.br\/noticias\/mais-de-400-pessoas-prestigiam-evento-beneficente-do-seminario-franciscano-frei-galvao.html#breadcrumb","itemListElement":[{"@type":"ListItem","position":1,"name":"Home","item":"https:\/\/franciscanos.org.br\/noticias"},{"@type":"ListItem","position":2,"name":"Evento beneficente re\u00fane mais de 400 pessoas no Semin\u00e1rio Frei Galv\u00e3o"}]},{"@type":"Person","@id":"https:\/\/franciscanos.org.br\/noticias\/#\/schema\/person\/b5c8cba458c330ccff548b056e95a5d4","name":"moacir","image":{"@type":"ImageObject","inLanguage":"pt-BR","@id":"https:\/\/franciscanos.org.br\/noticias\/#\/schema\/person\/image\/","url":"https:\/\/secure.gravatar.com\/avatar\/d08aa2ce4c8dd416d4479aa8536fcf64?s=96&d=mm&r=g","contentUrl":"https:\/\/secure.gravatar.com\/avatar\/d08aa2ce4c8dd416d4479aa8536fcf64?s=96&d=mm&r=g","caption":"moacir"},"url":"https:\/\/franciscanos.org.br\/noticias\/author\/moacir"}]}},"_links":{"self":[{"href":"https:\/\/franciscanos.org.br\/noticias\/wp-json\/wp\/v2\/posts\/204214"}],"collection":[{"href":"https:\/\/franciscanos.org.br\/noticias\/wp-json\/wp\/v2\/posts"}],"about":[{"href":"https:\/\/franciscanos.org.br\/noticias\/wp-json\/wp\/v2\/types\/post"}],"author":[{"embeddable":true,"href":"https:\/\/franciscanos.org.br\/noticias\/wp-json\/wp\/v2\/users\/3"}],"replies":[{"embeddable":true,"href":"https:\/\/franciscanos.org.br\/noticias\/wp-json\/wp\/v2\/comments?post=204214"}],"version-history":[{"count":1,"href":"https:\/\/franciscanos.org.br\/noticias\/wp-json\/wp\/v2\/posts\/204214\/revisions"}],"predecessor-version":[{"id":241602,"href":"https:\/\/franciscanos.org.br\/noticias\/wp-json\/wp\/v2\/posts\/204214\/revisions\/241602"}],"wp:featuredmedia":[{"embeddable":true,"href":"https:\/\/franciscanos.org.br\/noticias\/wp-json\/wp\/v2\/media\/204221"}],"wp:attachment":[{"href":"https:\/\/franciscanos.org.br\/noticias\/wp-json\/wp\/v2\/media?parent=204214"}],"wp:term":[{"taxonomy":"category","embeddable":true,"href":"https:\/\/franciscanos.org.br\/noticias\/wp-json\/wp\/v2\/categories?post=204214"},{"taxonomy":"post_tag","embeddable":true,"href":"https:\/\/franciscanos.org.br\/noticias\/wp-json\/wp\/v2\/tags?post=204214"}],"curies":[{"name":"wp","href":"https:\/\/api.w.org\/{rel}","templated":true}]}}