{"id":204207,"date":"2019-04-30T16:47:04","date_gmt":"2019-04-30T19:47:04","guid":{"rendered":"https:\/\/franciscanos.org.br\/noticias\/?p=204207"},"modified":"2019-04-30T16:47:04","modified_gmt":"2019-04-30T19:47:04","slug":"angola-celebra-a-semana-de-misericordia-pela-terra","status":"publish","type":"post","link":"https:\/\/franciscanos.org.br\/noticias\/angola-celebra-a-semana-de-misericordia-pela-terra.html","title":{"rendered":"Angola celebra a &#8220;Semana de Miseric\u00f3rdia pela Terra&#8221;"},"content":{"rendered":"<h3><img loading=\"lazy\" class=\"alignnone wp-image-204208 size-full\" src=\"https:\/\/franciscanos.org.br\/noticias\/wp-content\/uploads\/2019\/04\/angola_300419.jpg\" alt=\"\" width=\"890\" height=\"668\" srcset=\"https:\/\/franciscanos.org.br\/noticias\/wp-content\/uploads\/2019\/04\/angola_300419.jpg 890w, https:\/\/franciscanos.org.br\/noticias\/wp-content\/uploads\/2019\/04\/angola_300419-450x338.jpg 450w, https:\/\/franciscanos.org.br\/noticias\/wp-content\/uploads\/2019\/04\/angola_300419-768x576.jpg 768w, https:\/\/franciscanos.org.br\/noticias\/wp-content\/uploads\/2019\/04\/angola_300419-150x113.jpg 150w\" sizes=\"(max-width: 890px) 100vw, 890px\" \/><\/h3>\n<h3>Frei Cris\u00f3stomo Pinto \u00d1gala<\/h3>\n<p><strong>Angola &#8211;<\/strong> A Funda\u00e7\u00e3o Imaculada M\u00e3e de Deus de Angola (FIMDA), em parceria com a Comiss\u00e3o Episcopal de Justi\u00e7a, Paz e Migra\u00e7\u00f5es da Confer\u00eancia Episcopal de Angola e S\u00e3o Tom\u00e9 (CEAST), promoveu, entre os dias 22 e 27 de abril, uma jornada do cuidado com o meio ambiente, com o lema \u201cTodos unidos pela nossa Casa Comum\u201d, em comemora\u00e7\u00e3o ao Dia da Terra, celebrado em 22 de abril.<\/p>\n<p>Os frades se uniram a v\u00e1rias organiza\u00e7\u00f5es para promover a\u00e7\u00f5es que mobilizem as pessoas a terem gestos concretos que expressem o cuidado com o Planeta Terra e a prote\u00e7\u00e3o das esp\u00e9cies amea\u00e7adas no terreno angolano. A Jornada aconteceu em parceria com a R\u00e1dio Ecclesia, a R\u00e1dio Maria Angola, a TV Zimbo, as escolas cat\u00f3licas e os escoteiros.<\/p>\n<p><img loading=\"lazy\" class=\"alignnone wp-image-204209 size-full\" src=\"https:\/\/franciscanos.org.br\/noticias\/wp-content\/uploads\/2019\/04\/angola_300419_1.jpg\" alt=\"\" width=\"890\" height=\"432\" srcset=\"https:\/\/franciscanos.org.br\/noticias\/wp-content\/uploads\/2019\/04\/angola_300419_1.jpg 890w, https:\/\/franciscanos.org.br\/noticias\/wp-content\/uploads\/2019\/04\/angola_300419_1-450x218.jpg 450w, https:\/\/franciscanos.org.br\/noticias\/wp-content\/uploads\/2019\/04\/angola_300419_1-768x373.jpg 768w, https:\/\/franciscanos.org.br\/noticias\/wp-content\/uploads\/2019\/04\/angola_300419_1-150x73.jpg 150w\" sizes=\"(max-width: 890px) 100vw, 890px\" \/><\/p>\n<p>A cerim\u00f4nia de encerramento aconteceu no dia 27 de abril, na Universidade Cat\u00f3lica de Angola, com o lan\u00e7amento da estufa e da horta e com a planta\u00e7\u00e3o de \u00e1rvores, como forma de mobilizar a sociedade a se comprometer com a cria\u00e7\u00e3o. Por fim, realizou-se tamb\u00e9m uma mesa redonda, que contou com a ambientalista Dra. Eufrazina Paiva, deputada e jurista; de Pe. Celestino Epalanga, jesu\u00edta e Secret\u00e1rio Nacional da Justi\u00e7a, Paz e Migra\u00e7\u00f5es da CEAST; do representante do Minist\u00e9rio do Ambiente, Dr. Nascimento; e do Frei Andr\u00e9 Gurzynski, respons\u00e1vel da Comiss\u00e3o de Justi\u00e7a, Paz e Integridade da Cria\u00e7\u00e3o da Funda\u00e7\u00e3o Imaculada M\u00e3e de Deus em Angola.<\/p>\n<p>Em sua interven\u00e7\u00e3o, Frei Andr\u00e9 afirmou ser necess\u00e1ria uma ecologia integral, conforme pede a Enc\u00edclica Laudato Si\u2019. Para Frei Andr\u00e9, \u201ch\u00e1 quem cuida bem das plantas e dos animais, e esquece-se das pessoas. E h\u00e1 quem \u00e9 humanista, trata bem das pessoas, mas maltrata as plantas e os animais\u201d. Segundo o frade, para os franciscanos o \u201cC\u00e2ntico do Irm\u00e3o Sol\u201d testemunha um olhar contemplativo das criaturas do c\u00e9u e da terra. E ressaltou que a natureza precisa da nossa aten\u00e7\u00e3o.<\/p>\n<p><img loading=\"lazy\" class=\"alignnone size-full wp-image-204210\" src=\"https:\/\/franciscanos.org.br\/noticias\/wp-content\/uploads\/2019\/04\/angola_300419_2.jpg\" alt=\"\" width=\"890\" height=\"432\" srcset=\"https:\/\/franciscanos.org.br\/noticias\/wp-content\/uploads\/2019\/04\/angola_300419_2.jpg 890w, https:\/\/franciscanos.org.br\/noticias\/wp-content\/uploads\/2019\/04\/angola_300419_2-450x218.jpg 450w, https:\/\/franciscanos.org.br\/noticias\/wp-content\/uploads\/2019\/04\/angola_300419_2-768x373.jpg 768w, https:\/\/franciscanos.org.br\/noticias\/wp-content\/uploads\/2019\/04\/angola_300419_2-150x73.jpg 150w\" sizes=\"(max-width: 890px) 100vw, 890px\" \/><\/p>\n","protected":false},"excerpt":{"rendered":"<p>Frei Cris\u00f3stomo Pinto \u00d1gala Angola &#8211; A Funda\u00e7\u00e3o Imaculada M\u00e3e de Deus de Angola (FIMDA), em parceria com a Comiss\u00e3o Episcopal de Justi\u00e7a, Paz e Migra\u00e7\u00f5es da Confer\u00eancia Episcopal de Angola e S\u00e3o Tom\u00e9 (CEAST), promoveu, entre os dias 22 e 27 de abril, uma jornada do cuidado com o meio ambiente, com o lema [&hellip;]<\/p>\n","protected":false},"author":3,"featured_media":204211,"comment_status":"open","ping_status":"open","sticky":false,"template":"","format":"standard","meta":[],"categories":[1],"tags":[360],"acf":[],"yoast_head":"<!-- This site is optimized with the Yoast SEO plugin v19.2 - https:\/\/yoast.com\/wordpress\/plugins\/seo\/ -->\n<title>Angola celebra a &quot;Semana de Miseric\u00f3rdia pela Terra&quot; - Not\u00edcias - Franciscanos<\/title>\n<meta name=\"robots\" content=\"index, follow, max-snippet:-1, max-image-preview:large, max-video-preview:-1\" \/>\n<link rel=\"canonical\" href=\"https:\/\/franciscanos.org.br\/noticias\/angola-celebra-a-semana-de-misericordia-pela-terra.html\" \/>\n<meta property=\"og:locale\" content=\"pt_BR\" \/>\n<meta property=\"og:type\" content=\"article\" \/>\n<meta property=\"og:title\" content=\"Angola celebra a &quot;Semana de Miseric\u00f3rdia pela Terra&quot; - Not\u00edcias - Franciscanos\" \/>\n<meta property=\"og:description\" content=\"Frei Cris\u00f3stomo Pinto \u00d1gala Angola &#8211; A Funda\u00e7\u00e3o Imaculada M\u00e3e de Deus de Angola (FIMDA), em parceria com a Comiss\u00e3o Episcopal de Justi\u00e7a, Paz e Migra\u00e7\u00f5es da Confer\u00eancia Episcopal de Angola e S\u00e3o Tom\u00e9 (CEAST), promoveu, entre os dias 22 e 27 de abril, uma jornada do cuidado com o meio ambiente, com o lema [&hellip;]\" \/>\n<meta property=\"og:url\" content=\"https:\/\/franciscanos.org.br\/noticias\/angola-celebra-a-semana-de-misericordia-pela-terra.html\" \/>\n<meta property=\"og:site_name\" content=\"Not\u00edcias - Franciscanos\" \/>\n<meta property=\"article:published_time\" content=\"2019-04-30T19:47:04+00:00\" \/>\n<meta property=\"og:image\" content=\"https:\/\/franciscanos.org.br\/noticias\/wp-content\/uploads\/2019\/04\/angola_300419_d.jpg\" \/>\n\t<meta property=\"og:image:width\" content=\"273\" \/>\n\t<meta property=\"og:image:height\" content=\"181\" \/>\n\t<meta property=\"og:image:type\" content=\"image\/jpeg\" \/>\n<meta name=\"author\" content=\"moacir\" \/>\n<meta name=\"twitter:card\" content=\"summary_large_image\" \/>\n<meta name=\"twitter:label1\" content=\"Escrito por\" \/>\n\t<meta name=\"twitter:data1\" content=\"moacir\" \/>\n\t<meta name=\"twitter:label2\" content=\"Est. tempo de leitura\" \/>\n\t<meta name=\"twitter:data2\" content=\"2 minutos\" \/>\n<script type=\"application\/ld+json\" class=\"yoast-schema-graph\">{\"@context\":\"https:\/\/schema.org\",\"@graph\":[{\"@type\":\"WebSite\",\"@id\":\"https:\/\/franciscanos.org.br\/noticias\/#website\",\"url\":\"https:\/\/franciscanos.org.br\/noticias\/\",\"name\":\"Not\u00edcias - Franciscanos\",\"description\":\"Prov\u00edncia Franciscana da Imaculada Concei\u00e7\u00e3o do Brasil - Ordem dos Frades Menores - OFM\",\"potentialAction\":[{\"@type\":\"SearchAction\",\"target\":{\"@type\":\"EntryPoint\",\"urlTemplate\":\"https:\/\/franciscanos.org.br\/noticias\/?s={search_term_string}\"},\"query-input\":\"required name=search_term_string\"}],\"inLanguage\":\"pt-BR\"},{\"@type\":\"ImageObject\",\"inLanguage\":\"pt-BR\",\"@id\":\"https:\/\/franciscanos.org.br\/noticias\/angola-celebra-a-semana-de-misericordia-pela-terra.html#primaryimage\",\"url\":\"https:\/\/franciscanos.org.br\/noticias\/wp-content\/uploads\/2019\/04\/angola_300419_d.jpg\",\"contentUrl\":\"https:\/\/franciscanos.org.br\/noticias\/wp-content\/uploads\/2019\/04\/angola_300419_d.jpg\",\"width\":273,\"height\":181},{\"@type\":\"WebPage\",\"@id\":\"https:\/\/franciscanos.org.br\/noticias\/angola-celebra-a-semana-de-misericordia-pela-terra.html#webpage\",\"url\":\"https:\/\/franciscanos.org.br\/noticias\/angola-celebra-a-semana-de-misericordia-pela-terra.html\",\"name\":\"Angola celebra a \\\"Semana de Miseric\u00f3rdia pela Terra\\\" - Not\u00edcias - Franciscanos\",\"isPartOf\":{\"@id\":\"https:\/\/franciscanos.org.br\/noticias\/#website\"},\"primaryImageOfPage\":{\"@id\":\"https:\/\/franciscanos.org.br\/noticias\/angola-celebra-a-semana-de-misericordia-pela-terra.html#primaryimage\"},\"datePublished\":\"2019-04-30T19:47:04+00:00\",\"dateModified\":\"2019-04-30T19:47:04+00:00\",\"author\":{\"@id\":\"https:\/\/franciscanos.org.br\/noticias\/#\/schema\/person\/b5c8cba458c330ccff548b056e95a5d4\"},\"breadcrumb\":{\"@id\":\"https:\/\/franciscanos.org.br\/noticias\/angola-celebra-a-semana-de-misericordia-pela-terra.html#breadcrumb\"},\"inLanguage\":\"pt-BR\",\"potentialAction\":[{\"@type\":\"ReadAction\",\"target\":[\"https:\/\/franciscanos.org.br\/noticias\/angola-celebra-a-semana-de-misericordia-pela-terra.html\"]}]},{\"@type\":\"BreadcrumbList\",\"@id\":\"https:\/\/franciscanos.org.br\/noticias\/angola-celebra-a-semana-de-misericordia-pela-terra.html#breadcrumb\",\"itemListElement\":[{\"@type\":\"ListItem\",\"position\":1,\"name\":\"Home\",\"item\":\"https:\/\/franciscanos.org.br\/noticias\"},{\"@type\":\"ListItem\",\"position\":2,\"name\":\"Angola celebra a &#8220;Semana de Miseric\u00f3rdia pela Terra&#8221;\"}]},{\"@type\":\"Person\",\"@id\":\"https:\/\/franciscanos.org.br\/noticias\/#\/schema\/person\/b5c8cba458c330ccff548b056e95a5d4\",\"name\":\"moacir\",\"image\":{\"@type\":\"ImageObject\",\"inLanguage\":\"pt-BR\",\"@id\":\"https:\/\/franciscanos.org.br\/noticias\/#\/schema\/person\/image\/\",\"url\":\"https:\/\/secure.gravatar.com\/avatar\/d08aa2ce4c8dd416d4479aa8536fcf64?s=96&d=mm&r=g\",\"contentUrl\":\"https:\/\/secure.gravatar.com\/avatar\/d08aa2ce4c8dd416d4479aa8536fcf64?s=96&d=mm&r=g\",\"caption\":\"moacir\"},\"url\":\"https:\/\/franciscanos.org.br\/noticias\/author\/moacir\"}]}<\/script>\n<!-- \/ Yoast SEO plugin. -->","yoast_head_json":{"title":"Angola celebra a \"Semana de Miseric\u00f3rdia pela Terra\" - Not\u00edcias - Franciscanos","robots":{"index":"index","follow":"follow","max-snippet":"max-snippet:-1","max-image-preview":"max-image-preview:large","max-video-preview":"max-video-preview:-1"},"canonical":"https:\/\/franciscanos.org.br\/noticias\/angola-celebra-a-semana-de-misericordia-pela-terra.html","og_locale":"pt_BR","og_type":"article","og_title":"Angola celebra a \"Semana de Miseric\u00f3rdia pela Terra\" - Not\u00edcias - Franciscanos","og_description":"Frei Cris\u00f3stomo Pinto \u00d1gala Angola &#8211; A Funda\u00e7\u00e3o Imaculada M\u00e3e de Deus de Angola (FIMDA), em parceria com a Comiss\u00e3o Episcopal de Justi\u00e7a, Paz e Migra\u00e7\u00f5es da Confer\u00eancia Episcopal de Angola e S\u00e3o Tom\u00e9 (CEAST), promoveu, entre os dias 22 e 27 de abril, uma jornada do cuidado com o meio ambiente, com o lema [&hellip;]","og_url":"https:\/\/franciscanos.org.br\/noticias\/angola-celebra-a-semana-de-misericordia-pela-terra.html","og_site_name":"Not\u00edcias - Franciscanos","article_published_time":"2019-04-30T19:47:04+00:00","og_image":[{"width":273,"height":181,"url":"https:\/\/franciscanos.org.br\/noticias\/wp-content\/uploads\/2019\/04\/angola_300419_d.jpg","type":"image\/jpeg"}],"author":"moacir","twitter_card":"summary_large_image","twitter_misc":{"Escrito por":"moacir","Est. tempo de leitura":"2 minutos"},"schema":{"@context":"https:\/\/schema.org","@graph":[{"@type":"WebSite","@id":"https:\/\/franciscanos.org.br\/noticias\/#website","url":"https:\/\/franciscanos.org.br\/noticias\/","name":"Not\u00edcias - Franciscanos","description":"Prov\u00edncia Franciscana da Imaculada Concei\u00e7\u00e3o do Brasil - Ordem dos Frades Menores - OFM","potentialAction":[{"@type":"SearchAction","target":{"@type":"EntryPoint","urlTemplate":"https:\/\/franciscanos.org.br\/noticias\/?s={search_term_string}"},"query-input":"required name=search_term_string"}],"inLanguage":"pt-BR"},{"@type":"ImageObject","inLanguage":"pt-BR","@id":"https:\/\/franciscanos.org.br\/noticias\/angola-celebra-a-semana-de-misericordia-pela-terra.html#primaryimage","url":"https:\/\/franciscanos.org.br\/noticias\/wp-content\/uploads\/2019\/04\/angola_300419_d.jpg","contentUrl":"https:\/\/franciscanos.org.br\/noticias\/wp-content\/uploads\/2019\/04\/angola_300419_d.jpg","width":273,"height":181},{"@type":"WebPage","@id":"https:\/\/franciscanos.org.br\/noticias\/angola-celebra-a-semana-de-misericordia-pela-terra.html#webpage","url":"https:\/\/franciscanos.org.br\/noticias\/angola-celebra-a-semana-de-misericordia-pela-terra.html","name":"Angola celebra a \"Semana de Miseric\u00f3rdia pela Terra\" - Not\u00edcias - Franciscanos","isPartOf":{"@id":"https:\/\/franciscanos.org.br\/noticias\/#website"},"primaryImageOfPage":{"@id":"https:\/\/franciscanos.org.br\/noticias\/angola-celebra-a-semana-de-misericordia-pela-terra.html#primaryimage"},"datePublished":"2019-04-30T19:47:04+00:00","dateModified":"2019-04-30T19:47:04+00:00","author":{"@id":"https:\/\/franciscanos.org.br\/noticias\/#\/schema\/person\/b5c8cba458c330ccff548b056e95a5d4"},"breadcrumb":{"@id":"https:\/\/franciscanos.org.br\/noticias\/angola-celebra-a-semana-de-misericordia-pela-terra.html#breadcrumb"},"inLanguage":"pt-BR","potentialAction":[{"@type":"ReadAction","target":["https:\/\/franciscanos.org.br\/noticias\/angola-celebra-a-semana-de-misericordia-pela-terra.html"]}]},{"@type":"BreadcrumbList","@id":"https:\/\/franciscanos.org.br\/noticias\/angola-celebra-a-semana-de-misericordia-pela-terra.html#breadcrumb","itemListElement":[{"@type":"ListItem","position":1,"name":"Home","item":"https:\/\/franciscanos.org.br\/noticias"},{"@type":"ListItem","position":2,"name":"Angola celebra a &#8220;Semana de Miseric\u00f3rdia pela Terra&#8221;"}]},{"@type":"Person","@id":"https:\/\/franciscanos.org.br\/noticias\/#\/schema\/person\/b5c8cba458c330ccff548b056e95a5d4","name":"moacir","image":{"@type":"ImageObject","inLanguage":"pt-BR","@id":"https:\/\/franciscanos.org.br\/noticias\/#\/schema\/person\/image\/","url":"https:\/\/secure.gravatar.com\/avatar\/d08aa2ce4c8dd416d4479aa8536fcf64?s=96&d=mm&r=g","contentUrl":"https:\/\/secure.gravatar.com\/avatar\/d08aa2ce4c8dd416d4479aa8536fcf64?s=96&d=mm&r=g","caption":"moacir"},"url":"https:\/\/franciscanos.org.br\/noticias\/author\/moacir"}]}},"_links":{"self":[{"href":"https:\/\/franciscanos.org.br\/noticias\/wp-json\/wp\/v2\/posts\/204207"}],"collection":[{"href":"https:\/\/franciscanos.org.br\/noticias\/wp-json\/wp\/v2\/posts"}],"about":[{"href":"https:\/\/franciscanos.org.br\/noticias\/wp-json\/wp\/v2\/types\/post"}],"author":[{"embeddable":true,"href":"https:\/\/franciscanos.org.br\/noticias\/wp-json\/wp\/v2\/users\/3"}],"replies":[{"embeddable":true,"href":"https:\/\/franciscanos.org.br\/noticias\/wp-json\/wp\/v2\/comments?post=204207"}],"version-history":[{"count":0,"href":"https:\/\/franciscanos.org.br\/noticias\/wp-json\/wp\/v2\/posts\/204207\/revisions"}],"wp:featuredmedia":[{"embeddable":true,"href":"https:\/\/franciscanos.org.br\/noticias\/wp-json\/wp\/v2\/media\/204211"}],"wp:attachment":[{"href":"https:\/\/franciscanos.org.br\/noticias\/wp-json\/wp\/v2\/media?parent=204207"}],"wp:term":[{"taxonomy":"category","embeddable":true,"href":"https:\/\/franciscanos.org.br\/noticias\/wp-json\/wp\/v2\/categories?post=204207"},{"taxonomy":"post_tag","embeddable":true,"href":"https:\/\/franciscanos.org.br\/noticias\/wp-json\/wp\/v2\/tags?post=204207"}],"curies":[{"name":"wp","href":"https:\/\/api.w.org\/{rel}","templated":true}]}}