{"id":204145,"date":"2019-04-29T14:44:57","date_gmt":"2019-04-29T17:44:57","guid":{"rendered":"https:\/\/franciscanos.org.br\/noticias\/?p=204145"},"modified":"2019-04-30T08:54:30","modified_gmt":"2019-04-30T11:54:30","slug":"pe-kelder-quando-foi-que-cristo-nos-ensinou-a-odiar-e-nao-a-amar","status":"publish","type":"post","link":"https:\/\/franciscanos.org.br\/noticias\/pe-kelder-quando-foi-que-cristo-nos-ensinou-a-odiar-e-nao-a-amar.html","title":{"rendered":"Pe. Kelder: Quando foi que Cristo nos ensinou a odiar e n\u00e3o a amar?"},"content":{"rendered":"<p><img loading=\"lazy\" class=\"alignnone size-full wp-image-204146\" src=\"https:\/\/franciscanos.org.br\/noticias\/wp-content\/uploads\/2019\/04\/pastorais_300419_2.jpg\" alt=\"\" width=\"890\" height=\"915\" srcset=\"https:\/\/franciscanos.org.br\/noticias\/wp-content\/uploads\/2019\/04\/pastorais_300419_2.jpg 890w, https:\/\/franciscanos.org.br\/noticias\/wp-content\/uploads\/2019\/04\/pastorais_300419_2-438x450.jpg 438w, https:\/\/franciscanos.org.br\/noticias\/wp-content\/uploads\/2019\/04\/pastorais_300419_2-768x790.jpg 768w, https:\/\/franciscanos.org.br\/noticias\/wp-content\/uploads\/2019\/04\/pastorais_300419_2-150x154.jpg 150w\" sizes=\"(max-width: 890px) 100vw, 890px\" \/><\/p>\n<p><strong>Moacir Beggo<\/strong><\/p>\n<p><strong>\u00a0<\/strong><strong>Vila Velha (ES)<\/strong> &#8211; Pe. Kelder Brand\u00e3o, p\u00e1roco da Par\u00f3quia Santa Teresa de Calcut\u00e1, presidiu a Celebra\u00e7\u00e3o Eucar\u00edstica que reuniu as Pastorais Sociais da Arquidiocese de Vit\u00f3ria para prestar sua homenagem \u00e0 Virgem da Penha. Ele dedicou sua homilia especialmente a duas mulheres: Dona Eutalina, que trabalhou muitos anos no Convento da Penha e incansavelmente nas festas de Nossa Senhora da Penha, e a Irm\u00e3 Creuza, mission\u00e1ria Agostiniana Recoleta, dedicado religiosa no trabalho pela Igreja e em favor dos povos ind\u00edgenas. &#8220;A hist\u00f3ria da Igreja sempre foi marcada pelo protagonismo das mulheres desde a sua origem, Maria \u00e9 o maior \u00edcone da Igreja primitiva, fiel a Jesus Cristo, desde a sua concep\u00e7\u00e3o at\u00e9 a ign\u00f3bil morte na cruz, sem esmorecer nem mesmo nos momentos mais duros e tenebrosos da vida&#8221;, disse o celebrante.<\/p>\n<p>Segundo Pe. Kelder, igualmente, ao longo do tempo, as Pastorais Sociais t\u00eam enfrentado momentos sombrios, mas continuam firmes na defesa intransigente da vida, acolhendo e cuidando dos filhos amados e prediletos de Deus, os pobres e exclu\u00eddos. O celebrante foi duro nas suas coloca\u00e7\u00f5es: &#8220;O que estamos fazendo com o nosso pa\u00eds? Que crist\u00e3os nos tornamos? Quando foi que Cristo nos ensinou a odiar e n\u00e3o a amar? A matar e n\u00e3o a defender a vida? A valorizar mais o dinheiro e o poder do que a vida dos semelhantes. Que sociedade \u00e9 essa que estamos formando que troca livros por armas? Que troca a paz pela viol\u00eancia? Que troca o respeito pelo esc\u00e1rnio? Que troca a liberdade pela opress\u00e3o?&#8221;, questionou.<\/p>\n<p><img loading=\"lazy\" class=\"alignnone wp-image-204147 size-full\" src=\"https:\/\/franciscanos.org.br\/noticias\/wp-content\/uploads\/2019\/04\/pastorais_300419_6.jpg\" alt=\"\" width=\"890\" height=\"439\" srcset=\"https:\/\/franciscanos.org.br\/noticias\/wp-content\/uploads\/2019\/04\/pastorais_300419_6.jpg 890w, https:\/\/franciscanos.org.br\/noticias\/wp-content\/uploads\/2019\/04\/pastorais_300419_6-450x222.jpg 450w, https:\/\/franciscanos.org.br\/noticias\/wp-content\/uploads\/2019\/04\/pastorais_300419_6-768x379.jpg 768w, https:\/\/franciscanos.org.br\/noticias\/wp-content\/uploads\/2019\/04\/pastorais_300419_6-150x74.jpg 150w\" sizes=\"(max-width: 890px) 100vw, 890px\" \/><\/p>\n<p>&#8220;A viol\u00eancia no Esp\u00edrito Santo continua grande e junto com ela \u00e9 grande o cinismo do Poder P\u00fablico e de parcela da sociedade que, em vez de enfrentar o problema com pol\u00edticas p\u00fablicas adequadas, optam por criminalizar os pobres e as periferias&#8221;, criticou.<\/p>\n<p>&#8220;A anistia concedida aos policiais que respondiam processos disciplinares sobre a greve de 2017 fortalece a pr\u00e1tica da viol\u00eancia e da criminaliza\u00e7\u00e3o dos pobres. Ao anistiar os policiais, o governo atesta que a vida de centenas de pessoas que foram assassinadas durante n\u00e3o tem valor. As fam\u00edlias dessas pessoas t\u00eam o sagrado direito ao luto e merecem mais respeito do Estado, que tem a obriga\u00e7\u00e3o de assumir a responsabilidade por essa carnificina&#8221;, denunciou.<\/p>\n<p>&#8220;Em nosso Estado, a viol\u00eancia anda abra\u00e7ada com a pobreza e ambas s\u00e3o filhas das desigualdades sociais. Um simples olhar pelas ruas e pra\u00e7as mostra que a pobreza extrema caminha a passos largos em nosso meio com a destrui\u00e7\u00e3o das pol\u00edticas de seguridade social no pa\u00eds e crescer\u00e1 ainda mais com a famigerada Reforma da Previd\u00eancia em curso. Quem viver ver\u00e1&#8221;, lamentou.<\/p>\n<div id=\"attachment_204148\" style=\"width: 900px\" class=\"wp-caption alignnone\"><img aria-describedby=\"caption-attachment-204148\" loading=\"lazy\" class=\"wp-image-204148 size-full\" src=\"https:\/\/franciscanos.org.br\/noticias\/wp-content\/uploads\/2019\/04\/pastorais_300419_4.jpg\" alt=\"\" width=\"890\" height=\"668\" srcset=\"https:\/\/franciscanos.org.br\/noticias\/wp-content\/uploads\/2019\/04\/pastorais_300419_4.jpg 890w, https:\/\/franciscanos.org.br\/noticias\/wp-content\/uploads\/2019\/04\/pastorais_300419_4-450x338.jpg 450w, https:\/\/franciscanos.org.br\/noticias\/wp-content\/uploads\/2019\/04\/pastorais_300419_4-768x576.jpg 768w, https:\/\/franciscanos.org.br\/noticias\/wp-content\/uploads\/2019\/04\/pastorais_300419_4-150x113.jpg 150w\" sizes=\"(max-width: 890px) 100vw, 890px\" \/><p id=\"caption-attachment-204148\" class=\"wp-caption-text\"><em>O dia come\u00e7ou com sol e durante a Missa chegou a chover um pouco.<\/em><\/p><\/div>\n<p>Segundo o sacerdote, no \u00faltimo m\u00eas, a Arquidiocese de Vit\u00f3ria entregou aos dirigentes pol\u00edticos, respons\u00e1veis pela execu\u00e7\u00e3o das pol\u00edticas p\u00fablicas, v\u00e1rias sugest\u00f5es de a\u00e7\u00f5es que podem ser executadas para enfrentar os problemas referentes ao meio ambiente, seguran\u00e7a p\u00fablica e seguridade social. &#8220;Com um pouco de boa vontade pol\u00edtica muitos problemas podem ser enfrentados&#8221;, acredita.<\/p>\n<p>Segundo Pe. Kelder, \u00e9 uma sociedade cujo tempo futuro ser\u00e1 de dor e pranto, diferente do tempo messi\u00e2nico de fartura, alegria e paz, anunciado por Maria no canto do Magnificat que ouvimos no Evangelho, quando ela bendiz a Deus pelas maravilhas que ele realiza pelos pobres e pequeninos. &#8220;Deus continua olhando para a humildade dos seus servos, fazendo grandes coisas a seu favor. Sua miseric\u00f3rdia continua se estendendo sobre todos que O temem. Ele h\u00e1 de mostrar, e tem mostrado, a for\u00e7a de seu bra\u00e7o destro\u00e7ando os soberbos e poderosos, elevando os humildes, saciando de p\u00e3o os famintos e despedindo os ricos de m\u00e3os vazias&#8221;, animou.<\/p>\n<p><img loading=\"lazy\" class=\"alignnone wp-image-204149 size-full\" src=\"https:\/\/franciscanos.org.br\/noticias\/wp-content\/uploads\/2019\/04\/pastorais_300419_8.jpg\" alt=\"\" width=\"890\" height=\"591\" srcset=\"https:\/\/franciscanos.org.br\/noticias\/wp-content\/uploads\/2019\/04\/pastorais_300419_8.jpg 890w, https:\/\/franciscanos.org.br\/noticias\/wp-content\/uploads\/2019\/04\/pastorais_300419_8-450x299.jpg 450w, https:\/\/franciscanos.org.br\/noticias\/wp-content\/uploads\/2019\/04\/pastorais_300419_8-768x510.jpg 768w, https:\/\/franciscanos.org.br\/noticias\/wp-content\/uploads\/2019\/04\/pastorais_300419_8-150x100.jpg 150w\" sizes=\"(max-width: 890px) 100vw, 890px\" \/><\/p>\n<p>Ap\u00f3s a leitura do poema aconteceu um momento de testemunho. Meriusa Dur\u00e3o de Almeida, com a filinha Maria Mariana de apenas um ano e um m\u00eas, subiu ao altar para contar a gra\u00e7a que recebeu de Nossa Senhora: tornar-se m\u00e3e. Aos 42 anos, os m\u00e9dicos lhe informaram que o sonho s\u00f3 seria poss\u00edvel se ela recebesse uma doa\u00e7\u00e3o de \u00f3vulos, mas Meriusa se apegou a Maria, fez o Oitav\u00e1rio da Festa de 2017, e algum tempo depois descobriu a gesta\u00e7\u00e3o. \u201cO que era imposs\u00edvel para os homens, tornou-se poss\u00edvel para mim atrav\u00e9s de meu apelo a Nossa M\u00e3e. Est\u00e1 em meus bra\u00e7os \u00e9 Maria Mariana\u201d, contou emocionada.<\/p>\n<div id=\"attachment_204150\" style=\"width: 900px\" class=\"wp-caption alignnone\"><img aria-describedby=\"caption-attachment-204150\" loading=\"lazy\" class=\"wp-image-204150 size-full\" src=\"https:\/\/franciscanos.org.br\/noticias\/wp-content\/uploads\/2019\/04\/pastorais_300419_1.jpg\" alt=\"\" width=\"890\" height=\"668\" srcset=\"https:\/\/franciscanos.org.br\/noticias\/wp-content\/uploads\/2019\/04\/pastorais_300419_1.jpg 890w, https:\/\/franciscanos.org.br\/noticias\/wp-content\/uploads\/2019\/04\/pastorais_300419_1-450x338.jpg 450w, https:\/\/franciscanos.org.br\/noticias\/wp-content\/uploads\/2019\/04\/pastorais_300419_1-768x576.jpg 768w, https:\/\/franciscanos.org.br\/noticias\/wp-content\/uploads\/2019\/04\/pastorais_300419_1-150x113.jpg 150w\" sizes=\"(max-width: 890px) 100vw, 890px\" \/><p id=\"caption-attachment-204150\" class=\"wp-caption-text\"><em>A pequena Maria Mariana com Frei Gustavo Medella<\/em><\/p><\/div>\n<p>Ao final da Missa, aconteceu a apresenta\u00e7\u00e3o da Associa\u00e7\u00e3o Cultural Coletivo do Samba \u2013 Projeto de Mestre Sala e Porta Bandeira Mirins.<\/p>\n","protected":false},"excerpt":{"rendered":"<p>Festa da Penha 2019<\/p>\n","protected":false},"author":3,"featured_media":204151,"comment_status":"open","ping_status":"open","sticky":false,"template":"","format":"standard","meta":[],"categories":[1],"tags":[245],"acf":[],"yoast_head":"<!-- This site is optimized with the Yoast SEO plugin v19.2 - https:\/\/yoast.com\/wordpress\/plugins\/seo\/ -->\n<title>Pe. Kelder: Quando foi que Cristo nos ensinou a odiar e n\u00e3o a amar? - Not\u00edcias - Franciscanos<\/title>\n<meta name=\"robots\" content=\"index, follow, max-snippet:-1, max-image-preview:large, max-video-preview:-1\" \/>\n<link rel=\"canonical\" href=\"https:\/\/franciscanos.org.br\/noticias\/pe-kelder-quando-foi-que-cristo-nos-ensinou-a-odiar-e-nao-a-amar.html\" \/>\n<meta property=\"og:locale\" content=\"pt_BR\" \/>\n<meta property=\"og:type\" content=\"article\" \/>\n<meta property=\"og:title\" content=\"Pe. Kelder: Quando foi que Cristo nos ensinou a odiar e n\u00e3o a amar? - Not\u00edcias - Franciscanos\" \/>\n<meta property=\"og:description\" content=\"Festa da Penha 2019\" \/>\n<meta property=\"og:url\" content=\"https:\/\/franciscanos.org.br\/noticias\/pe-kelder-quando-foi-que-cristo-nos-ensinou-a-odiar-e-nao-a-amar.html\" \/>\n<meta property=\"og:site_name\" content=\"Not\u00edcias - Franciscanos\" \/>\n<meta property=\"article:published_time\" content=\"2019-04-29T17:44:57+00:00\" \/>\n<meta property=\"article:modified_time\" content=\"2019-04-30T11:54:30+00:00\" \/>\n<meta property=\"og:image\" content=\"https:\/\/franciscanos.org.br\/noticias\/wp-content\/uploads\/2019\/04\/pastorais_300419_d.jpg\" \/>\n\t<meta property=\"og:image:width\" content=\"273\" \/>\n\t<meta property=\"og:image:height\" content=\"182\" \/>\n\t<meta property=\"og:image:type\" content=\"image\/jpeg\" \/>\n<meta name=\"author\" content=\"moacir\" \/>\n<meta name=\"twitter:card\" content=\"summary_large_image\" \/>\n<meta name=\"twitter:label1\" content=\"Escrito por\" \/>\n\t<meta name=\"twitter:data1\" content=\"moacir\" \/>\n\t<meta name=\"twitter:label2\" content=\"Est. tempo de leitura\" \/>\n\t<meta name=\"twitter:data2\" content=\"4 minutos\" \/>\n<script type=\"application\/ld+json\" class=\"yoast-schema-graph\">{\"@context\":\"https:\/\/schema.org\",\"@graph\":[{\"@type\":\"WebSite\",\"@id\":\"https:\/\/franciscanos.org.br\/noticias\/#website\",\"url\":\"https:\/\/franciscanos.org.br\/noticias\/\",\"name\":\"Not\u00edcias - Franciscanos\",\"description\":\"Prov\u00edncia Franciscana da Imaculada Concei\u00e7\u00e3o do Brasil - Ordem dos Frades Menores - OFM\",\"potentialAction\":[{\"@type\":\"SearchAction\",\"target\":{\"@type\":\"EntryPoint\",\"urlTemplate\":\"https:\/\/franciscanos.org.br\/noticias\/?s={search_term_string}\"},\"query-input\":\"required name=search_term_string\"}],\"inLanguage\":\"pt-BR\"},{\"@type\":\"ImageObject\",\"inLanguage\":\"pt-BR\",\"@id\":\"https:\/\/franciscanos.org.br\/noticias\/pe-kelder-quando-foi-que-cristo-nos-ensinou-a-odiar-e-nao-a-amar.html#primaryimage\",\"url\":\"https:\/\/franciscanos.org.br\/noticias\/wp-content\/uploads\/2019\/04\/pastorais_300419_d.jpg\",\"contentUrl\":\"https:\/\/franciscanos.org.br\/noticias\/wp-content\/uploads\/2019\/04\/pastorais_300419_d.jpg\",\"width\":273,\"height\":182},{\"@type\":\"WebPage\",\"@id\":\"https:\/\/franciscanos.org.br\/noticias\/pe-kelder-quando-foi-que-cristo-nos-ensinou-a-odiar-e-nao-a-amar.html#webpage\",\"url\":\"https:\/\/franciscanos.org.br\/noticias\/pe-kelder-quando-foi-que-cristo-nos-ensinou-a-odiar-e-nao-a-amar.html\",\"name\":\"Pe. Kelder: Quando foi que Cristo nos ensinou a odiar e n\u00e3o a amar? - Not\u00edcias - Franciscanos\",\"isPartOf\":{\"@id\":\"https:\/\/franciscanos.org.br\/noticias\/#website\"},\"primaryImageOfPage\":{\"@id\":\"https:\/\/franciscanos.org.br\/noticias\/pe-kelder-quando-foi-que-cristo-nos-ensinou-a-odiar-e-nao-a-amar.html#primaryimage\"},\"datePublished\":\"2019-04-29T17:44:57+00:00\",\"dateModified\":\"2019-04-30T11:54:30+00:00\",\"author\":{\"@id\":\"https:\/\/franciscanos.org.br\/noticias\/#\/schema\/person\/b5c8cba458c330ccff548b056e95a5d4\"},\"breadcrumb\":{\"@id\":\"https:\/\/franciscanos.org.br\/noticias\/pe-kelder-quando-foi-que-cristo-nos-ensinou-a-odiar-e-nao-a-amar.html#breadcrumb\"},\"inLanguage\":\"pt-BR\",\"potentialAction\":[{\"@type\":\"ReadAction\",\"target\":[\"https:\/\/franciscanos.org.br\/noticias\/pe-kelder-quando-foi-que-cristo-nos-ensinou-a-odiar-e-nao-a-amar.html\"]}]},{\"@type\":\"BreadcrumbList\",\"@id\":\"https:\/\/franciscanos.org.br\/noticias\/pe-kelder-quando-foi-que-cristo-nos-ensinou-a-odiar-e-nao-a-amar.html#breadcrumb\",\"itemListElement\":[{\"@type\":\"ListItem\",\"position\":1,\"name\":\"Home\",\"item\":\"https:\/\/franciscanos.org.br\/noticias\"},{\"@type\":\"ListItem\",\"position\":2,\"name\":\"Pe. Kelder: Quando foi que Cristo nos ensinou a odiar e n\u00e3o a amar?\"}]},{\"@type\":\"Person\",\"@id\":\"https:\/\/franciscanos.org.br\/noticias\/#\/schema\/person\/b5c8cba458c330ccff548b056e95a5d4\",\"name\":\"moacir\",\"image\":{\"@type\":\"ImageObject\",\"inLanguage\":\"pt-BR\",\"@id\":\"https:\/\/franciscanos.org.br\/noticias\/#\/schema\/person\/image\/\",\"url\":\"https:\/\/secure.gravatar.com\/avatar\/d08aa2ce4c8dd416d4479aa8536fcf64?s=96&d=mm&r=g\",\"contentUrl\":\"https:\/\/secure.gravatar.com\/avatar\/d08aa2ce4c8dd416d4479aa8536fcf64?s=96&d=mm&r=g\",\"caption\":\"moacir\"},\"url\":\"https:\/\/franciscanos.org.br\/noticias\/author\/moacir\"}]}<\/script>\n<!-- \/ Yoast SEO plugin. -->","yoast_head_json":{"title":"Pe. Kelder: Quando foi que Cristo nos ensinou a odiar e n\u00e3o a amar? - Not\u00edcias - Franciscanos","robots":{"index":"index","follow":"follow","max-snippet":"max-snippet:-1","max-image-preview":"max-image-preview:large","max-video-preview":"max-video-preview:-1"},"canonical":"https:\/\/franciscanos.org.br\/noticias\/pe-kelder-quando-foi-que-cristo-nos-ensinou-a-odiar-e-nao-a-amar.html","og_locale":"pt_BR","og_type":"article","og_title":"Pe. Kelder: Quando foi que Cristo nos ensinou a odiar e n\u00e3o a amar? - Not\u00edcias - Franciscanos","og_description":"Festa da Penha 2019","og_url":"https:\/\/franciscanos.org.br\/noticias\/pe-kelder-quando-foi-que-cristo-nos-ensinou-a-odiar-e-nao-a-amar.html","og_site_name":"Not\u00edcias - Franciscanos","article_published_time":"2019-04-29T17:44:57+00:00","article_modified_time":"2019-04-30T11:54:30+00:00","og_image":[{"width":273,"height":182,"url":"https:\/\/franciscanos.org.br\/noticias\/wp-content\/uploads\/2019\/04\/pastorais_300419_d.jpg","type":"image\/jpeg"}],"author":"moacir","twitter_card":"summary_large_image","twitter_misc":{"Escrito por":"moacir","Est. tempo de leitura":"4 minutos"},"schema":{"@context":"https:\/\/schema.org","@graph":[{"@type":"WebSite","@id":"https:\/\/franciscanos.org.br\/noticias\/#website","url":"https:\/\/franciscanos.org.br\/noticias\/","name":"Not\u00edcias - Franciscanos","description":"Prov\u00edncia Franciscana da Imaculada Concei\u00e7\u00e3o do Brasil - Ordem dos Frades Menores - OFM","potentialAction":[{"@type":"SearchAction","target":{"@type":"EntryPoint","urlTemplate":"https:\/\/franciscanos.org.br\/noticias\/?s={search_term_string}"},"query-input":"required name=search_term_string"}],"inLanguage":"pt-BR"},{"@type":"ImageObject","inLanguage":"pt-BR","@id":"https:\/\/franciscanos.org.br\/noticias\/pe-kelder-quando-foi-que-cristo-nos-ensinou-a-odiar-e-nao-a-amar.html#primaryimage","url":"https:\/\/franciscanos.org.br\/noticias\/wp-content\/uploads\/2019\/04\/pastorais_300419_d.jpg","contentUrl":"https:\/\/franciscanos.org.br\/noticias\/wp-content\/uploads\/2019\/04\/pastorais_300419_d.jpg","width":273,"height":182},{"@type":"WebPage","@id":"https:\/\/franciscanos.org.br\/noticias\/pe-kelder-quando-foi-que-cristo-nos-ensinou-a-odiar-e-nao-a-amar.html#webpage","url":"https:\/\/franciscanos.org.br\/noticias\/pe-kelder-quando-foi-que-cristo-nos-ensinou-a-odiar-e-nao-a-amar.html","name":"Pe. Kelder: Quando foi que Cristo nos ensinou a odiar e n\u00e3o a amar? - Not\u00edcias - Franciscanos","isPartOf":{"@id":"https:\/\/franciscanos.org.br\/noticias\/#website"},"primaryImageOfPage":{"@id":"https:\/\/franciscanos.org.br\/noticias\/pe-kelder-quando-foi-que-cristo-nos-ensinou-a-odiar-e-nao-a-amar.html#primaryimage"},"datePublished":"2019-04-29T17:44:57+00:00","dateModified":"2019-04-30T11:54:30+00:00","author":{"@id":"https:\/\/franciscanos.org.br\/noticias\/#\/schema\/person\/b5c8cba458c330ccff548b056e95a5d4"},"breadcrumb":{"@id":"https:\/\/franciscanos.org.br\/noticias\/pe-kelder-quando-foi-que-cristo-nos-ensinou-a-odiar-e-nao-a-amar.html#breadcrumb"},"inLanguage":"pt-BR","potentialAction":[{"@type":"ReadAction","target":["https:\/\/franciscanos.org.br\/noticias\/pe-kelder-quando-foi-que-cristo-nos-ensinou-a-odiar-e-nao-a-amar.html"]}]},{"@type":"BreadcrumbList","@id":"https:\/\/franciscanos.org.br\/noticias\/pe-kelder-quando-foi-que-cristo-nos-ensinou-a-odiar-e-nao-a-amar.html#breadcrumb","itemListElement":[{"@type":"ListItem","position":1,"name":"Home","item":"https:\/\/franciscanos.org.br\/noticias"},{"@type":"ListItem","position":2,"name":"Pe. Kelder: Quando foi que Cristo nos ensinou a odiar e n\u00e3o a amar?"}]},{"@type":"Person","@id":"https:\/\/franciscanos.org.br\/noticias\/#\/schema\/person\/b5c8cba458c330ccff548b056e95a5d4","name":"moacir","image":{"@type":"ImageObject","inLanguage":"pt-BR","@id":"https:\/\/franciscanos.org.br\/noticias\/#\/schema\/person\/image\/","url":"https:\/\/secure.gravatar.com\/avatar\/d08aa2ce4c8dd416d4479aa8536fcf64?s=96&d=mm&r=g","contentUrl":"https:\/\/secure.gravatar.com\/avatar\/d08aa2ce4c8dd416d4479aa8536fcf64?s=96&d=mm&r=g","caption":"moacir"},"url":"https:\/\/franciscanos.org.br\/noticias\/author\/moacir"}]}},"_links":{"self":[{"href":"https:\/\/franciscanos.org.br\/noticias\/wp-json\/wp\/v2\/posts\/204145"}],"collection":[{"href":"https:\/\/franciscanos.org.br\/noticias\/wp-json\/wp\/v2\/posts"}],"about":[{"href":"https:\/\/franciscanos.org.br\/noticias\/wp-json\/wp\/v2\/types\/post"}],"author":[{"embeddable":true,"href":"https:\/\/franciscanos.org.br\/noticias\/wp-json\/wp\/v2\/users\/3"}],"replies":[{"embeddable":true,"href":"https:\/\/franciscanos.org.br\/noticias\/wp-json\/wp\/v2\/comments?post=204145"}],"version-history":[{"count":0,"href":"https:\/\/franciscanos.org.br\/noticias\/wp-json\/wp\/v2\/posts\/204145\/revisions"}],"wp:featuredmedia":[{"embeddable":true,"href":"https:\/\/franciscanos.org.br\/noticias\/wp-json\/wp\/v2\/media\/204151"}],"wp:attachment":[{"href":"https:\/\/franciscanos.org.br\/noticias\/wp-json\/wp\/v2\/media?parent=204145"}],"wp:term":[{"taxonomy":"category","embeddable":true,"href":"https:\/\/franciscanos.org.br\/noticias\/wp-json\/wp\/v2\/categories?post=204145"},{"taxonomy":"post_tag","embeddable":true,"href":"https:\/\/franciscanos.org.br\/noticias\/wp-json\/wp\/v2\/tags?post=204145"}],"curies":[{"name":"wp","href":"https:\/\/api.w.org\/{rel}","templated":true}]}}