{"id":204137,"date":"2019-04-29T13:54:57","date_gmt":"2019-04-29T16:54:57","guid":{"rendered":"https:\/\/franciscanos.org.br\/noticias\/?p=204137"},"modified":"2019-04-30T08:00:20","modified_gmt":"2019-04-30T11:00:20","slug":"manha-com-a-padroeira-nos-degraus-da-fe","status":"publish","type":"post","link":"https:\/\/franciscanos.org.br\/noticias\/manha-com-a-padroeira-nos-degraus-da-fe.html","title":{"rendered":"Manh\u00e3 com a Padroeira nos degraus da f\u00e9"},"content":{"rendered":"<p><img loading=\"lazy\" class=\"alignnone size-full wp-image-204138\" src=\"https:\/\/franciscanos.org.br\/noticias\/wp-content\/uploads\/2019\/04\/manha_300419_2.jpg\" alt=\"\" width=\"890\" height=\"593\" srcset=\"https:\/\/franciscanos.org.br\/noticias\/wp-content\/uploads\/2019\/04\/manha_300419_2.jpg 890w, https:\/\/franciscanos.org.br\/noticias\/wp-content\/uploads\/2019\/04\/manha_300419_2-450x300.jpg 450w, https:\/\/franciscanos.org.br\/noticias\/wp-content\/uploads\/2019\/04\/manha_300419_2-768x512.jpg 768w, https:\/\/franciscanos.org.br\/noticias\/wp-content\/uploads\/2019\/04\/manha_300419_2-150x100.jpg 150w\" sizes=\"(max-width: 890px) 100vw, 890px\" \/><\/p>\n<p><strong>Moacir Beggo<\/strong><\/p>\n<p><strong>\u00a0<\/strong><strong>Vila Velha (ES) <\/strong>&#8211; A Festa da Penha n\u00e3o espera o dia amanhecer para come\u00e7ar as suas atividades. Antes da meia-noite, os jovens j\u00e1 lotavam o Campinho na Vig\u00edlia Pascal e, quando o rel\u00f3gio sinalizou 29 de abril, a capela do Convento dava in\u00edcio \u00e0 primeira Celebra\u00e7\u00e3o Eucar\u00edstica do dia da Padroeira do Esp\u00edrito Santo. Assim tamb\u00e9m foi \u00e0s 2 horas da madrugada, \u00e0s 6, \u00e0s 9 e 12 horas na Capela do Convento, deixando as escadarias congestionadas. Muitos preferem subir de joelhos, como J\u00falio Alves, que veio pagar e agradecer a Nossa Senhora. Para o povo, o importante era subir o Morro da Penha e fazer a sua devo\u00e7\u00e3o a Nossa Senhora.<\/p>\n<p>J\u00e1 as grandes celebra\u00e7\u00f5es no Campinho come\u00e7aram \u00e0s 7 horas, com a Missa Confer\u00eancia dos Religiosos do Brasil (CRB), presidida pelo Pe. reitor do Semin\u00e1rio Nossa Senhora da Penha. O dia de sol foi mais convidativo ainda aos romeiros para deixarem suas casas e suas cidades para subir ao Morro da Penha. Mais tarde, entre 11 e 13 horas, a chuva como uma garoa, para refrescar o povo. Mas o sol voltou, e novamente a chuva tentou, mas por alguns minutos, durante a Missa de encerramento.<\/p>\n<p>Para a Festa, o guardi\u00e3o do Convento da Penha, Frei Paulo Pereira, conta com os frades da Fraternidade \u2013 Frei Pedro Oliveira, Frei Alessandro Nascimento, Frei Pedro Engel, Frei Paulo C\u00e9sar Ferreira &#8211; e os frades no Ano Mission\u00e1rio, Frei Danilo Santos, Frei Felipe Carretta e Frei Mateus Borsoi, al\u00e9m da participa\u00e7\u00e3o da Fraternidade do Divino Esp\u00edrito Santo. O governo provincial marcou presen\u00e7a com Frei C\u00e9sar K\u00fclkamp e Frei Gustavo Medella, Ministro Provincial e Vig\u00e1rio, respectivamente. De S\u00e3o Paulo vieram o Definidor Frei M\u00e1rio Tagliari e Frei V\u00edtor Am\u00e2ncio.<\/p>\n<p><img loading=\"lazy\" class=\"alignnone wp-image-204140 size-full\" src=\"https:\/\/franciscanos.org.br\/noticias\/wp-content\/uploads\/2019\/04\/manha_300419.jpg\" alt=\"\" width=\"890\" height=\"626\" srcset=\"https:\/\/franciscanos.org.br\/noticias\/wp-content\/uploads\/2019\/04\/manha_300419.jpg 890w, https:\/\/franciscanos.org.br\/noticias\/wp-content\/uploads\/2019\/04\/manha_300419-450x317.jpg 450w, https:\/\/franciscanos.org.br\/noticias\/wp-content\/uploads\/2019\/04\/manha_300419-768x540.jpg 768w, https:\/\/franciscanos.org.br\/noticias\/wp-content\/uploads\/2019\/04\/manha_300419-150x106.jpg 150w, https:\/\/franciscanos.org.br\/noticias\/wp-content\/uploads\/2019\/04\/manha_300419-474x332.jpg 474w\" sizes=\"(max-width: 890px) 100vw, 890px\" \/><\/p>\n<p><strong>MISSA DOS RELIGIOSOS<\/strong><\/p>\n<p>Os ministros ordenados, religiosos, as religiosas, seminaristas e di\u00e1conos t\u00eam um momento especial para se reunirem diante da Virgem da Penha. Neste dia da Padroeira, Pe. Pe. Arthur Francisco Juliatti dos Santos, vice-reitor do Semin\u00e1rio Nossa Senhora da Penha, em Vit\u00f3ria, presidiu a Santa Missa. &#8220;Qual um farol, do alto dessa colina a pequena imagem da virgem que traz em seus bra\u00e7os a figura de seu filho, cheia de gra\u00e7a, ilumina a vida de nosso povo, qual aquela coluna luminosa que, no deserto, iluminava o caminho do povo que fora libertado da opress\u00e3o do Egito, rumo \u00e0 Terra Prometida&#8221;, disse.<\/p>\n<p>Segundo o celebrante, Maria \u00e9 a s\u00edntese e a inspiradora de todas as mulheres fortes de ontem e de hoje, do Antigo e do Novo Testamento, Judite, Rute, Madalena, de tantas m\u00e3es de fam\u00edlia, m\u00e1rtires, consagradas de ontem e de hoje, nos mosteiros e em todos os lugares onde refletem o carinho materno aos mais esquecidos e abandonados da sociedade, aos rostos feridos de irm\u00e3os esquecidos onde, como Maria, v\u00ea o rosto ferido de Jesus crucificado nas estradas e nos caminhos da nossa hist\u00f3ria.<\/p>\n<p><img loading=\"lazy\" class=\"alignnone size-full wp-image-204141\" src=\"https:\/\/franciscanos.org.br\/noticias\/wp-content\/uploads\/2019\/04\/manha_300419_1.jpg\" alt=\"\" width=\"890\" height=\"440\" srcset=\"https:\/\/franciscanos.org.br\/noticias\/wp-content\/uploads\/2019\/04\/manha_300419_1.jpg 890w, https:\/\/franciscanos.org.br\/noticias\/wp-content\/uploads\/2019\/04\/manha_300419_1-450x222.jpg 450w, https:\/\/franciscanos.org.br\/noticias\/wp-content\/uploads\/2019\/04\/manha_300419_1-768x380.jpg 768w, https:\/\/franciscanos.org.br\/noticias\/wp-content\/uploads\/2019\/04\/manha_300419_1-150x74.jpg 150w\" sizes=\"(max-width: 890px) 100vw, 890px\" \/><\/p>\n<p>&#8220;Maria \u00e9 a s\u00edntese de toda consagra\u00e7\u00e3o que quer radicalizar a consagra\u00e7\u00e3o batismal, desde aquela dos votos de pobreza, castidade e obedi\u00eancia, at\u00e9 aquela un\u00e7\u00e3o que no minist\u00e9rio ordenado do Bispo, do Presb\u00edtero e do Di\u00e1cono expressam o ponto de chegada de todos os vocacionados que t\u00eam como voca\u00e7\u00e3o primeira a santidade&#8221;, disse Pe. Arthur. Segundo ele, o mundo tem necessidade de homens e mulheres que levem, como Maria, a esperan\u00e7a da ressurrei\u00e7\u00e3o, daquele Deus que derruba os poderosos e eleva os humildes, necessidade da nossa voz de esperan\u00e7a para esses tempos dif\u00edceis que vivemos, &#8220;a fim de que Jesus seja luz de vida e de amor para n\u00f3s e para quantos encontramos em nosso caminho&#8221;.<\/p>\n<p>Que todos n\u00f3s, pastores, consagrados e consagradas, seminaristas e vocacionados, tenhamos, como nos dizeres do Santo Padre Francisco, o cheiro das ovelhas. E que, como o bom samaritano, possamos curar, com o \u00f3leo da consola\u00e7\u00e3o e o vinho da esperan\u00e7a, as chagas dos sofredores de nosso tempo&#8221;, pediu.<\/p>\n<p><img loading=\"lazy\" class=\"alignnone size-full wp-image-204142\" src=\"https:\/\/franciscanos.org.br\/noticias\/wp-content\/uploads\/2019\/04\/ciclistas_3004.jpg\" alt=\"\" width=\"890\" height=\"668\" srcset=\"https:\/\/franciscanos.org.br\/noticias\/wp-content\/uploads\/2019\/04\/ciclistas_3004.jpg 890w, https:\/\/franciscanos.org.br\/noticias\/wp-content\/uploads\/2019\/04\/ciclistas_3004-450x338.jpg 450w, https:\/\/franciscanos.org.br\/noticias\/wp-content\/uploads\/2019\/04\/ciclistas_3004-768x576.jpg 768w, https:\/\/franciscanos.org.br\/noticias\/wp-content\/uploads\/2019\/04\/ciclistas_3004-150x113.jpg 150w\" sizes=\"(max-width: 890px) 100vw, 890px\" \/><\/p>\n<p><strong>ROMARIA DOS CICLISTAS<\/strong><\/p>\n<p>J\u00e1 na Prainha, o primeiro evento na manh\u00e3 da Padroeira foi a \u00faltima romaria. Os ciclistas tamb\u00e9m fizeram a sua homenagem, seguindo o percurso da Pra\u00e7a de Cobil\u00e2ndia at\u00e9 o Parque da Prainha em Vila Velha. Segundo Sebasti\u00e3o Cardoso, coordenador da Romaria, cerca de 8 mil ciclistas participaram da edi\u00e7\u00e3o deste ano.<\/p>\n<p>Frei Felipe e Frei Danilo fizeram a acolhida dos ciclistas na Prainha. Voltados para a imagem de Nossa Senhora da Penha, Frei Felipe conduziu um momento devocional, com preces e b\u00ean\u00e7\u00e3o. Depois receberam \u00e1gua benta aspergida pelos frades.<\/p>\n<p><img loading=\"lazy\" class=\"alignnone size-full wp-image-204143\" src=\"https:\/\/franciscanos.org.br\/noticias\/wp-content\/uploads\/2019\/04\/ciclistas_3004_1.jpg\" alt=\"\" width=\"890\" height=\"668\" srcset=\"https:\/\/franciscanos.org.br\/noticias\/wp-content\/uploads\/2019\/04\/ciclistas_3004_1.jpg 890w, https:\/\/franciscanos.org.br\/noticias\/wp-content\/uploads\/2019\/04\/ciclistas_3004_1-450x338.jpg 450w, https:\/\/franciscanos.org.br\/noticias\/wp-content\/uploads\/2019\/04\/ciclistas_3004_1-768x576.jpg 768w, https:\/\/franciscanos.org.br\/noticias\/wp-content\/uploads\/2019\/04\/ciclistas_3004_1-150x113.jpg 150w\" sizes=\"(max-width: 890px) 100vw, 890px\" \/><\/p>\n<p>&nbsp;<\/p>\n","protected":false},"excerpt":{"rendered":"<p>Festa da Penha 2019<\/p>\n","protected":false},"author":3,"featured_media":204139,"comment_status":"open","ping_status":"open","sticky":false,"template":"","format":"standard","meta":[],"categories":[1],"tags":[245],"acf":[],"yoast_head":"<!-- This site is optimized with the Yoast SEO plugin v19.2 - https:\/\/yoast.com\/wordpress\/plugins\/seo\/ -->\n<title>Manh\u00e3 com a Padroeira nos degraus da f\u00e9 - Not\u00edcias - Franciscanos<\/title>\n<meta name=\"robots\" content=\"index, follow, max-snippet:-1, max-image-preview:large, max-video-preview:-1\" \/>\n<link rel=\"canonical\" href=\"https:\/\/franciscanos.org.br\/noticias\/manha-com-a-padroeira-nos-degraus-da-fe.html\" \/>\n<meta property=\"og:locale\" content=\"pt_BR\" \/>\n<meta property=\"og:type\" content=\"article\" \/>\n<meta property=\"og:title\" content=\"Manh\u00e3 com a Padroeira nos degraus da f\u00e9 - Not\u00edcias - Franciscanos\" \/>\n<meta property=\"og:description\" content=\"Festa da Penha 2019\" \/>\n<meta property=\"og:url\" content=\"https:\/\/franciscanos.org.br\/noticias\/manha-com-a-padroeira-nos-degraus-da-fe.html\" \/>\n<meta property=\"og:site_name\" content=\"Not\u00edcias - Franciscanos\" \/>\n<meta property=\"article:published_time\" content=\"2019-04-29T16:54:57+00:00\" \/>\n<meta property=\"article:modified_time\" content=\"2019-04-30T11:00:20+00:00\" \/>\n<meta property=\"og:image\" content=\"https:\/\/franciscanos.org.br\/noticias\/wp-content\/uploads\/2019\/04\/manha_300419_d.jpg\" \/>\n\t<meta property=\"og:image:width\" content=\"273\" \/>\n\t<meta property=\"og:image:height\" content=\"181\" \/>\n\t<meta property=\"og:image:type\" content=\"image\/jpeg\" \/>\n<meta name=\"author\" content=\"moacir\" \/>\n<meta name=\"twitter:card\" content=\"summary_large_image\" \/>\n<meta name=\"twitter:label1\" content=\"Escrito por\" \/>\n\t<meta name=\"twitter:data1\" content=\"moacir\" \/>\n\t<meta name=\"twitter:label2\" content=\"Est. tempo de leitura\" \/>\n\t<meta name=\"twitter:data2\" content=\"4 minutos\" \/>\n<script type=\"application\/ld+json\" class=\"yoast-schema-graph\">{\"@context\":\"https:\/\/schema.org\",\"@graph\":[{\"@type\":\"WebSite\",\"@id\":\"https:\/\/franciscanos.org.br\/noticias\/#website\",\"url\":\"https:\/\/franciscanos.org.br\/noticias\/\",\"name\":\"Not\u00edcias - Franciscanos\",\"description\":\"Prov\u00edncia Franciscana da Imaculada Concei\u00e7\u00e3o do Brasil - Ordem dos Frades Menores - OFM\",\"potentialAction\":[{\"@type\":\"SearchAction\",\"target\":{\"@type\":\"EntryPoint\",\"urlTemplate\":\"https:\/\/franciscanos.org.br\/noticias\/?s={search_term_string}\"},\"query-input\":\"required name=search_term_string\"}],\"inLanguage\":\"pt-BR\"},{\"@type\":\"ImageObject\",\"inLanguage\":\"pt-BR\",\"@id\":\"https:\/\/franciscanos.org.br\/noticias\/manha-com-a-padroeira-nos-degraus-da-fe.html#primaryimage\",\"url\":\"https:\/\/franciscanos.org.br\/noticias\/wp-content\/uploads\/2019\/04\/manha_300419_d.jpg\",\"contentUrl\":\"https:\/\/franciscanos.org.br\/noticias\/wp-content\/uploads\/2019\/04\/manha_300419_d.jpg\",\"width\":273,\"height\":181},{\"@type\":\"WebPage\",\"@id\":\"https:\/\/franciscanos.org.br\/noticias\/manha-com-a-padroeira-nos-degraus-da-fe.html#webpage\",\"url\":\"https:\/\/franciscanos.org.br\/noticias\/manha-com-a-padroeira-nos-degraus-da-fe.html\",\"name\":\"Manh\u00e3 com a Padroeira nos degraus da f\u00e9 - Not\u00edcias - Franciscanos\",\"isPartOf\":{\"@id\":\"https:\/\/franciscanos.org.br\/noticias\/#website\"},\"primaryImageOfPage\":{\"@id\":\"https:\/\/franciscanos.org.br\/noticias\/manha-com-a-padroeira-nos-degraus-da-fe.html#primaryimage\"},\"datePublished\":\"2019-04-29T16:54:57+00:00\",\"dateModified\":\"2019-04-30T11:00:20+00:00\",\"author\":{\"@id\":\"https:\/\/franciscanos.org.br\/noticias\/#\/schema\/person\/b5c8cba458c330ccff548b056e95a5d4\"},\"breadcrumb\":{\"@id\":\"https:\/\/franciscanos.org.br\/noticias\/manha-com-a-padroeira-nos-degraus-da-fe.html#breadcrumb\"},\"inLanguage\":\"pt-BR\",\"potentialAction\":[{\"@type\":\"ReadAction\",\"target\":[\"https:\/\/franciscanos.org.br\/noticias\/manha-com-a-padroeira-nos-degraus-da-fe.html\"]}]},{\"@type\":\"BreadcrumbList\",\"@id\":\"https:\/\/franciscanos.org.br\/noticias\/manha-com-a-padroeira-nos-degraus-da-fe.html#breadcrumb\",\"itemListElement\":[{\"@type\":\"ListItem\",\"position\":1,\"name\":\"Home\",\"item\":\"https:\/\/franciscanos.org.br\/noticias\"},{\"@type\":\"ListItem\",\"position\":2,\"name\":\"Manh\u00e3 com a Padroeira nos degraus da f\u00e9\"}]},{\"@type\":\"Person\",\"@id\":\"https:\/\/franciscanos.org.br\/noticias\/#\/schema\/person\/b5c8cba458c330ccff548b056e95a5d4\",\"name\":\"moacir\",\"image\":{\"@type\":\"ImageObject\",\"inLanguage\":\"pt-BR\",\"@id\":\"https:\/\/franciscanos.org.br\/noticias\/#\/schema\/person\/image\/\",\"url\":\"https:\/\/secure.gravatar.com\/avatar\/d08aa2ce4c8dd416d4479aa8536fcf64?s=96&d=mm&r=g\",\"contentUrl\":\"https:\/\/secure.gravatar.com\/avatar\/d08aa2ce4c8dd416d4479aa8536fcf64?s=96&d=mm&r=g\",\"caption\":\"moacir\"},\"url\":\"https:\/\/franciscanos.org.br\/noticias\/author\/moacir\"}]}<\/script>\n<!-- \/ Yoast SEO plugin. -->","yoast_head_json":{"title":"Manh\u00e3 com a Padroeira nos degraus da f\u00e9 - Not\u00edcias - Franciscanos","robots":{"index":"index","follow":"follow","max-snippet":"max-snippet:-1","max-image-preview":"max-image-preview:large","max-video-preview":"max-video-preview:-1"},"canonical":"https:\/\/franciscanos.org.br\/noticias\/manha-com-a-padroeira-nos-degraus-da-fe.html","og_locale":"pt_BR","og_type":"article","og_title":"Manh\u00e3 com a Padroeira nos degraus da f\u00e9 - Not\u00edcias - Franciscanos","og_description":"Festa da Penha 2019","og_url":"https:\/\/franciscanos.org.br\/noticias\/manha-com-a-padroeira-nos-degraus-da-fe.html","og_site_name":"Not\u00edcias - Franciscanos","article_published_time":"2019-04-29T16:54:57+00:00","article_modified_time":"2019-04-30T11:00:20+00:00","og_image":[{"width":273,"height":181,"url":"https:\/\/franciscanos.org.br\/noticias\/wp-content\/uploads\/2019\/04\/manha_300419_d.jpg","type":"image\/jpeg"}],"author":"moacir","twitter_card":"summary_large_image","twitter_misc":{"Escrito por":"moacir","Est. tempo de leitura":"4 minutos"},"schema":{"@context":"https:\/\/schema.org","@graph":[{"@type":"WebSite","@id":"https:\/\/franciscanos.org.br\/noticias\/#website","url":"https:\/\/franciscanos.org.br\/noticias\/","name":"Not\u00edcias - Franciscanos","description":"Prov\u00edncia Franciscana da Imaculada Concei\u00e7\u00e3o do Brasil - Ordem dos Frades Menores - OFM","potentialAction":[{"@type":"SearchAction","target":{"@type":"EntryPoint","urlTemplate":"https:\/\/franciscanos.org.br\/noticias\/?s={search_term_string}"},"query-input":"required name=search_term_string"}],"inLanguage":"pt-BR"},{"@type":"ImageObject","inLanguage":"pt-BR","@id":"https:\/\/franciscanos.org.br\/noticias\/manha-com-a-padroeira-nos-degraus-da-fe.html#primaryimage","url":"https:\/\/franciscanos.org.br\/noticias\/wp-content\/uploads\/2019\/04\/manha_300419_d.jpg","contentUrl":"https:\/\/franciscanos.org.br\/noticias\/wp-content\/uploads\/2019\/04\/manha_300419_d.jpg","width":273,"height":181},{"@type":"WebPage","@id":"https:\/\/franciscanos.org.br\/noticias\/manha-com-a-padroeira-nos-degraus-da-fe.html#webpage","url":"https:\/\/franciscanos.org.br\/noticias\/manha-com-a-padroeira-nos-degraus-da-fe.html","name":"Manh\u00e3 com a Padroeira nos degraus da f\u00e9 - Not\u00edcias - Franciscanos","isPartOf":{"@id":"https:\/\/franciscanos.org.br\/noticias\/#website"},"primaryImageOfPage":{"@id":"https:\/\/franciscanos.org.br\/noticias\/manha-com-a-padroeira-nos-degraus-da-fe.html#primaryimage"},"datePublished":"2019-04-29T16:54:57+00:00","dateModified":"2019-04-30T11:00:20+00:00","author":{"@id":"https:\/\/franciscanos.org.br\/noticias\/#\/schema\/person\/b5c8cba458c330ccff548b056e95a5d4"},"breadcrumb":{"@id":"https:\/\/franciscanos.org.br\/noticias\/manha-com-a-padroeira-nos-degraus-da-fe.html#breadcrumb"},"inLanguage":"pt-BR","potentialAction":[{"@type":"ReadAction","target":["https:\/\/franciscanos.org.br\/noticias\/manha-com-a-padroeira-nos-degraus-da-fe.html"]}]},{"@type":"BreadcrumbList","@id":"https:\/\/franciscanos.org.br\/noticias\/manha-com-a-padroeira-nos-degraus-da-fe.html#breadcrumb","itemListElement":[{"@type":"ListItem","position":1,"name":"Home","item":"https:\/\/franciscanos.org.br\/noticias"},{"@type":"ListItem","position":2,"name":"Manh\u00e3 com a Padroeira nos degraus da f\u00e9"}]},{"@type":"Person","@id":"https:\/\/franciscanos.org.br\/noticias\/#\/schema\/person\/b5c8cba458c330ccff548b056e95a5d4","name":"moacir","image":{"@type":"ImageObject","inLanguage":"pt-BR","@id":"https:\/\/franciscanos.org.br\/noticias\/#\/schema\/person\/image\/","url":"https:\/\/secure.gravatar.com\/avatar\/d08aa2ce4c8dd416d4479aa8536fcf64?s=96&d=mm&r=g","contentUrl":"https:\/\/secure.gravatar.com\/avatar\/d08aa2ce4c8dd416d4479aa8536fcf64?s=96&d=mm&r=g","caption":"moacir"},"url":"https:\/\/franciscanos.org.br\/noticias\/author\/moacir"}]}},"_links":{"self":[{"href":"https:\/\/franciscanos.org.br\/noticias\/wp-json\/wp\/v2\/posts\/204137"}],"collection":[{"href":"https:\/\/franciscanos.org.br\/noticias\/wp-json\/wp\/v2\/posts"}],"about":[{"href":"https:\/\/franciscanos.org.br\/noticias\/wp-json\/wp\/v2\/types\/post"}],"author":[{"embeddable":true,"href":"https:\/\/franciscanos.org.br\/noticias\/wp-json\/wp\/v2\/users\/3"}],"replies":[{"embeddable":true,"href":"https:\/\/franciscanos.org.br\/noticias\/wp-json\/wp\/v2\/comments?post=204137"}],"version-history":[{"count":0,"href":"https:\/\/franciscanos.org.br\/noticias\/wp-json\/wp\/v2\/posts\/204137\/revisions"}],"wp:featuredmedia":[{"embeddable":true,"href":"https:\/\/franciscanos.org.br\/noticias\/wp-json\/wp\/v2\/media\/204139"}],"wp:attachment":[{"href":"https:\/\/franciscanos.org.br\/noticias\/wp-json\/wp\/v2\/media?parent=204137"}],"wp:term":[{"taxonomy":"category","embeddable":true,"href":"https:\/\/franciscanos.org.br\/noticias\/wp-json\/wp\/v2\/categories?post=204137"},{"taxonomy":"post_tag","embeddable":true,"href":"https:\/\/franciscanos.org.br\/noticias\/wp-json\/wp\/v2\/tags?post=204137"}],"curies":[{"name":"wp","href":"https:\/\/api.w.org\/{rel}","templated":true}]}}