{"id":203790,"date":"2019-04-28T10:34:41","date_gmt":"2019-04-28T13:34:41","guid":{"rendered":"https:\/\/franciscanos.org.br\/noticias\/?p=203790"},"modified":"2019-05-05T13:32:07","modified_gmt":"2019-05-05T16:32:07","slug":"papa-francisco-as-chagas-de-jesus-sao-um-tesouro-delas-vem-a-misericordia","status":"publish","type":"post","link":"https:\/\/franciscanos.org.br\/noticias\/papa-francisco-as-chagas-de-jesus-sao-um-tesouro-delas-vem-a-misericordia.html","title":{"rendered":"Papa Francisco: \u201cAs chagas de Jesus s\u00e3o um tesouro, delas v\u00eam a miseric\u00f3rdia&#8221;"},"content":{"rendered":"<p><img loading=\"lazy\" class=\"alignnone wp-image-203791 size-full\" src=\"https:\/\/franciscanos.org.br\/noticias\/wp-content\/uploads\/2019\/04\/reginacoeli_280419.jpg\" alt=\"\" width=\"890\" height=\"500\" srcset=\"https:\/\/franciscanos.org.br\/noticias\/wp-content\/uploads\/2019\/04\/reginacoeli_280419.jpg 890w, https:\/\/franciscanos.org.br\/noticias\/wp-content\/uploads\/2019\/04\/reginacoeli_280419-450x253.jpg 450w, https:\/\/franciscanos.org.br\/noticias\/wp-content\/uploads\/2019\/04\/reginacoeli_280419-768x431.jpg 768w, https:\/\/franciscanos.org.br\/noticias\/wp-content\/uploads\/2019\/04\/reginacoeli_280419-150x84.jpg 150w\" sizes=\"(max-width: 890px) 100vw, 890px\" \/><\/p>\n<p><strong>Cidade do Vaticano &#8211;\u00a0<\/strong>Aproximar-se de Jesus e tocar suas chagas, em nossos irm\u00e3os sofredores. Este foi o convite do Papa aos milhares de fi\u00e9is reunidos na Pra\u00e7a S\u00e3o Pedro para a Ora\u00e7\u00e3o do Regina Coeli &#8211; e tamb\u00e9m a n\u00f3s &#8211; neste II Domingo da P\u00e1scoa, o Domingo da Divina Miseric\u00f3rdia. Francisco recordou que \u00e9 das chagas de Jesus que brota a miseric\u00f3rdia, que todos temos necessidade, e \u00e9 \u201cdali que brota a paz, a alegria e a for\u00e7a para a miss\u00e3o\u201d.<\/p>\n<p><strong>A paz<\/strong><br \/>\nSua reflex\u00e3o foi inspirada na passagem do Evangelho de S\u00e3o Jo\u00e3o, que narra a incredulidade de Tom\u00e9 ap\u00f3s a apari\u00e7\u00e3o de Jesus aos disc\u00edpulos. Com sua morte, \u201cestavam desorientados e com medo\u201d, por isso &#8211; disse Francisco &#8211; eram os primeiros a ter necessidade da paz oferecida por Jesus em suas primeiras palavras: &#8220;A paz esteja convosco!&#8221;<\/p>\n<p>Tom\u00e9, ao ser informado deste \u201cevento extraordin\u00e1rio\u201d, mant\u00e9m-se incr\u00e9dulo. Assim, oito dias mais tarde \u2013 exatamente hoje, observa o Papa \u2013 \u201ca apari\u00e7\u00e3o se repete: Jesus vai de encontro \u00e0 incredulidade de Tom\u00e9, convidando-o a tocar suas chagas\u201d.<\/p>\n<p>\u201c Elas constituem a fonte da paz, porque s\u00e3o o sinal do imenso amor de Jesus que derrotou as for\u00e7as hostis ao homem, o pecado e a morte. \u201d<\/p>\n<p><strong>As chagas s\u00e3o um tesouro, delas brota a miseric\u00f3rdia<\/strong><br \/>\n\u00c9 como se Jesus nos dissesse, a todos n\u00f3s: &#8220;Mas se tu n\u00e3o est\u00e1s em paz, toca as minhas chagas&#8221;: \u201cTocar as chagas de Jesus, que s\u00e3o os tantos problemas, dificuldades, persegui\u00e7\u00f5es, doen\u00e7as, de tantas pessoas que sofrem. Tu n\u00e3o est\u00e1s em paz? Vai, vai visitar algu\u00e9m que \u00e9 o s\u00edmbolo da chaga de Jesus. Toca a chaga de Jesus. Mas daquelas chagas brota a miseric\u00f3rdia, por isso hoje \u00e9 o Domingo da Miseric\u00f3rdia. Um santo dizia que o corpo do Jesus crucificado era como um mar de miseric\u00f3rdia, que por meio de suas chagas veio at\u00e9 n\u00f3s\u201d. \u201c Todos n\u00f3s temos necessidade de miseric\u00f3rdia, sabemos disso. \u201d<\/p>\n<p>Assim \u2013 foi a exorta\u00e7\u00e3o do Santo Padre \u2013 \u201caproximemo-nos de Jesus e toquemos suas chagas, em nossos irm\u00e3os que sofrem\u201d: \u201cAs chagas de Jesus s\u00e3o um tesouro, delas vem a miseric\u00f3rdia. Sejamos corajosos e toquemos as chagas de Jesus. Com estas chagas Ele est\u00e1 diante do Pai, as mostra ao Pai, como se dissesse: &#8220;Pai, este \u00e9 o pre\u00e7o, estas chagas s\u00e3o o que paguei pelos meus irm\u00e3os&#8221;. Isto \u00e9, com as chagas, Jesus intercede diante do Pai. Nos d\u00e1 miseric\u00f3rdia se nos aproximamos e intercede por n\u00f3s. N\u00e3o esque\u00e7am as chagas de Jesus.\u201d<\/p>\n<p><strong>A alegria<\/strong><br \/>\nO segundo dom que Jesus ressuscitado traz aos disc\u00edpulos &#8211; acrescentou o Papa &#8211; \u00e9 alegria, como relatado pelo evangelista: &#8220;os disc\u00edpulos encheram-se de alegria em ver o Senhor&#8221;: \u201cTamb\u00e9m conosco quando, quem sabe algo de incr\u00edvel, de belo tenha acontecido, nos vem de dizer: \u201cEu n\u00e3o posso acreditar, isso n\u00e3o \u00e9 verdade!\u201d Assim eram os disc\u00edpulos, eles n\u00e3o podiam acreditar, tamanha alegria. Esta \u00e9 a alegria que Jesus nos traz. Se tu est\u00e1s triste, se tu n\u00e3o est\u00e1s em paz, olha para Jesus crucificado, olhe para o Jesus ressuscitado, olhe para suas chagas e experimente essa alegria\u201d.<\/p>\n<p><strong>A miss\u00e3o<\/strong><br \/>\nDepois da paz e da alegria, Jesus tamb\u00e9m d\u00e1 aos disc\u00edpulos a miss\u00e3o, dizendo: &#8220;Como o Pai me enviou, assim tamb\u00e9m eu vos envio&#8221;: \u201cA ressurrei\u00e7\u00e3o de Jesus \u00e9 o in\u00edcio de um novo dinamismo de amor, capaz de transformar o mundo com a presen\u00e7a do Esp\u00edrito Santo\u201d.<\/p>\n<p>Assim, neste segundo domingo de P\u00e1scoa, somos convidados a nos aproximar de Cristo com f\u00e9, abrindo o nosso cora\u00e7\u00e3o \u00e0 paz, \u00e0 alegria e \u00e0 miss\u00e3o\u201d. \u201c Mas n\u00e3o esque\u00e7am as chagas de Jesus, que dali brota a paz, a alegria e a for\u00e7a para a miss\u00e3o. \u201d<\/p>\n<p>&#8220;Confiemos esta ora\u00e7\u00e3o \u00e0 materna intercess\u00e3o da Virgem Maria, Rainha do c\u00e9u e da terra&#8221;, disse o Santo Padre, antes de rezar a ora\u00e7\u00e3o do Regina Coeli.<\/p>\n<p><strong>L\u00edbia<\/strong><br \/>\nAp\u00f3s a ora\u00e7\u00e3o, o Santo Padre recordou as beatifica\u00e7\u00f5es de quatro m\u00e1rtires na Argentina, felicitou os crist\u00e3os das Igrejas Orientais e Ortodoxas que celebram a P\u00e1scoa neste Domingo, e fez apelos pelas v\u00edtimas do conflito na L\u00edbia:<\/p>\n<p>\u201cConvido-os a unirem-se \u00e0 minha ora\u00e7\u00e3o pelos refugiados que se encontram em centros de deten\u00e7\u00e3o na L\u00edbia, cuja situa\u00e7\u00e3o j\u00e1 \u00e9 muito s\u00e9ria, e se torna ainda mais perigosa pelo conflito em curso. Apelo para que especialmente as mulheres, as crian\u00e7as e os doentes, possam ser o mais rapidamente evacuados, atrav\u00e9s de corredores humanit\u00e1rios\u201d.<\/p>\n<p><strong>Inunda\u00e7\u00f5es na \u00c1frica do Sul<\/strong><br \/>\nE tamb\u00e9m pelas v\u00edtimas de inunda\u00e7\u00f5es na \u00c1frica do Sul: \u201cE rezemos tamb\u00e9m por aqueles que perderam a vida ou sofreram s\u00e9rios danos com as recentes inunda\u00e7\u00f5es na \u00c1frica do Sul. Tamb\u00e9m a esses nossos irm\u00e3os, n\u00e3o falte a solidariedade e o apoio concreto da comunidade internacional\u201d.<\/p>\n<p>Ao saudar os diversos grupos presentes, Francisco recordou em particular \u201cdos devotos da Divina Miseric\u00f3rdia\u201d, que neste domingo est\u00e3o reunidos na Igreja Santo Spirito in Sassia &#8211; proximidades do Vaticano &#8211; para as celebra\u00e7\u00f5es da Festa da Divina Miseric\u00f3rdia. \u00d3h! Sangue e \u00c1gua que jorraste do Cora\u00e7\u00e3o de Jesus como Fonte de Miseric\u00f3rdia para n\u00f3s, eu confio em V\u00f3s!<\/p>\n","protected":false},"excerpt":{"rendered":"<p>Ora\u00e7\u00e3o do Regina Coeli<\/p>\n","protected":false},"author":3,"featured_media":203792,"comment_status":"open","ping_status":"open","sticky":false,"template":"","format":"standard","meta":[],"categories":[1428],"tags":[564],"acf":[],"yoast_head":"<!-- This site is optimized with the Yoast SEO plugin v19.2 - https:\/\/yoast.com\/wordpress\/plugins\/seo\/ -->\n<title>Papa Francisco: \u201cAs chagas de Jesus s\u00e3o um tesouro, delas v\u00eam a miseric\u00f3rdia&quot; - Not\u00edcias - Franciscanos<\/title>\n<meta name=\"robots\" content=\"index, follow, max-snippet:-1, max-image-preview:large, max-video-preview:-1\" \/>\n<link rel=\"canonical\" href=\"https:\/\/franciscanos.org.br\/noticias\/papa-francisco-as-chagas-de-jesus-sao-um-tesouro-delas-vem-a-misericordia.html\" \/>\n<meta property=\"og:locale\" content=\"pt_BR\" \/>\n<meta property=\"og:type\" content=\"article\" \/>\n<meta property=\"og:title\" content=\"Papa Francisco: \u201cAs chagas de Jesus s\u00e3o um tesouro, delas v\u00eam a miseric\u00f3rdia&quot; - Not\u00edcias - Franciscanos\" \/>\n<meta property=\"og:description\" content=\"Ora\u00e7\u00e3o do Regina Coeli\" \/>\n<meta property=\"og:url\" content=\"https:\/\/franciscanos.org.br\/noticias\/papa-francisco-as-chagas-de-jesus-sao-um-tesouro-delas-vem-a-misericordia.html\" \/>\n<meta property=\"og:site_name\" content=\"Not\u00edcias - Franciscanos\" \/>\n<meta property=\"article:published_time\" content=\"2019-04-28T13:34:41+00:00\" \/>\n<meta property=\"article:modified_time\" content=\"2019-05-05T16:32:07+00:00\" \/>\n<meta property=\"og:image\" content=\"https:\/\/franciscanos.org.br\/noticias\/wp-content\/uploads\/2019\/04\/reginacoeli_280419_1.jpg\" \/>\n\t<meta property=\"og:image:width\" content=\"273\" \/>\n\t<meta property=\"og:image:height\" content=\"181\" \/>\n\t<meta property=\"og:image:type\" content=\"image\/jpeg\" \/>\n<meta name=\"author\" content=\"moacir\" \/>\n<meta name=\"twitter:card\" content=\"summary_large_image\" \/>\n<meta name=\"twitter:label1\" content=\"Escrito por\" \/>\n\t<meta name=\"twitter:data1\" content=\"moacir\" \/>\n\t<meta name=\"twitter:label2\" content=\"Est. tempo de leitura\" \/>\n\t<meta name=\"twitter:data2\" content=\"5 minutos\" \/>\n<script type=\"application\/ld+json\" class=\"yoast-schema-graph\">{\"@context\":\"https:\/\/schema.org\",\"@graph\":[{\"@type\":\"WebSite\",\"@id\":\"https:\/\/franciscanos.org.br\/noticias\/#website\",\"url\":\"https:\/\/franciscanos.org.br\/noticias\/\",\"name\":\"Not\u00edcias - Franciscanos\",\"description\":\"Prov\u00edncia Franciscana da Imaculada Concei\u00e7\u00e3o do Brasil - Ordem dos Frades Menores - OFM\",\"potentialAction\":[{\"@type\":\"SearchAction\",\"target\":{\"@type\":\"EntryPoint\",\"urlTemplate\":\"https:\/\/franciscanos.org.br\/noticias\/?s={search_term_string}\"},\"query-input\":\"required name=search_term_string\"}],\"inLanguage\":\"pt-BR\"},{\"@type\":\"ImageObject\",\"inLanguage\":\"pt-BR\",\"@id\":\"https:\/\/franciscanos.org.br\/noticias\/papa-francisco-as-chagas-de-jesus-sao-um-tesouro-delas-vem-a-misericordia.html#primaryimage\",\"url\":\"https:\/\/franciscanos.org.br\/noticias\/wp-content\/uploads\/2019\/04\/reginacoeli_280419_1.jpg\",\"contentUrl\":\"https:\/\/franciscanos.org.br\/noticias\/wp-content\/uploads\/2019\/04\/reginacoeli_280419_1.jpg\",\"width\":273,\"height\":181},{\"@type\":\"WebPage\",\"@id\":\"https:\/\/franciscanos.org.br\/noticias\/papa-francisco-as-chagas-de-jesus-sao-um-tesouro-delas-vem-a-misericordia.html#webpage\",\"url\":\"https:\/\/franciscanos.org.br\/noticias\/papa-francisco-as-chagas-de-jesus-sao-um-tesouro-delas-vem-a-misericordia.html\",\"name\":\"Papa Francisco: \u201cAs chagas de Jesus s\u00e3o um tesouro, delas v\u00eam a miseric\u00f3rdia\\\" - Not\u00edcias - Franciscanos\",\"isPartOf\":{\"@id\":\"https:\/\/franciscanos.org.br\/noticias\/#website\"},\"primaryImageOfPage\":{\"@id\":\"https:\/\/franciscanos.org.br\/noticias\/papa-francisco-as-chagas-de-jesus-sao-um-tesouro-delas-vem-a-misericordia.html#primaryimage\"},\"datePublished\":\"2019-04-28T13:34:41+00:00\",\"dateModified\":\"2019-05-05T16:32:07+00:00\",\"author\":{\"@id\":\"https:\/\/franciscanos.org.br\/noticias\/#\/schema\/person\/b5c8cba458c330ccff548b056e95a5d4\"},\"breadcrumb\":{\"@id\":\"https:\/\/franciscanos.org.br\/noticias\/papa-francisco-as-chagas-de-jesus-sao-um-tesouro-delas-vem-a-misericordia.html#breadcrumb\"},\"inLanguage\":\"pt-BR\",\"potentialAction\":[{\"@type\":\"ReadAction\",\"target\":[\"https:\/\/franciscanos.org.br\/noticias\/papa-francisco-as-chagas-de-jesus-sao-um-tesouro-delas-vem-a-misericordia.html\"]}]},{\"@type\":\"BreadcrumbList\",\"@id\":\"https:\/\/franciscanos.org.br\/noticias\/papa-francisco-as-chagas-de-jesus-sao-um-tesouro-delas-vem-a-misericordia.html#breadcrumb\",\"itemListElement\":[{\"@type\":\"ListItem\",\"position\":1,\"name\":\"Home\",\"item\":\"https:\/\/franciscanos.org.br\/noticias\"},{\"@type\":\"ListItem\",\"position\":2,\"name\":\"Papa Francisco: \u201cAs chagas de Jesus s\u00e3o um tesouro, delas v\u00eam a miseric\u00f3rdia&#8221;\"}]},{\"@type\":\"Person\",\"@id\":\"https:\/\/franciscanos.org.br\/noticias\/#\/schema\/person\/b5c8cba458c330ccff548b056e95a5d4\",\"name\":\"moacir\",\"image\":{\"@type\":\"ImageObject\",\"inLanguage\":\"pt-BR\",\"@id\":\"https:\/\/franciscanos.org.br\/noticias\/#\/schema\/person\/image\/\",\"url\":\"https:\/\/secure.gravatar.com\/avatar\/d08aa2ce4c8dd416d4479aa8536fcf64?s=96&d=mm&r=g\",\"contentUrl\":\"https:\/\/secure.gravatar.com\/avatar\/d08aa2ce4c8dd416d4479aa8536fcf64?s=96&d=mm&r=g\",\"caption\":\"moacir\"},\"url\":\"https:\/\/franciscanos.org.br\/noticias\/author\/moacir\"}]}<\/script>\n<!-- \/ Yoast SEO plugin. -->","yoast_head_json":{"title":"Papa Francisco: \u201cAs chagas de Jesus s\u00e3o um tesouro, delas v\u00eam a miseric\u00f3rdia\" - Not\u00edcias - Franciscanos","robots":{"index":"index","follow":"follow","max-snippet":"max-snippet:-1","max-image-preview":"max-image-preview:large","max-video-preview":"max-video-preview:-1"},"canonical":"https:\/\/franciscanos.org.br\/noticias\/papa-francisco-as-chagas-de-jesus-sao-um-tesouro-delas-vem-a-misericordia.html","og_locale":"pt_BR","og_type":"article","og_title":"Papa Francisco: \u201cAs chagas de Jesus s\u00e3o um tesouro, delas v\u00eam a miseric\u00f3rdia\" - Not\u00edcias - Franciscanos","og_description":"Ora\u00e7\u00e3o do Regina Coeli","og_url":"https:\/\/franciscanos.org.br\/noticias\/papa-francisco-as-chagas-de-jesus-sao-um-tesouro-delas-vem-a-misericordia.html","og_site_name":"Not\u00edcias - Franciscanos","article_published_time":"2019-04-28T13:34:41+00:00","article_modified_time":"2019-05-05T16:32:07+00:00","og_image":[{"width":273,"height":181,"url":"https:\/\/franciscanos.org.br\/noticias\/wp-content\/uploads\/2019\/04\/reginacoeli_280419_1.jpg","type":"image\/jpeg"}],"author":"moacir","twitter_card":"summary_large_image","twitter_misc":{"Escrito por":"moacir","Est. tempo de leitura":"5 minutos"},"schema":{"@context":"https:\/\/schema.org","@graph":[{"@type":"WebSite","@id":"https:\/\/franciscanos.org.br\/noticias\/#website","url":"https:\/\/franciscanos.org.br\/noticias\/","name":"Not\u00edcias - Franciscanos","description":"Prov\u00edncia Franciscana da Imaculada Concei\u00e7\u00e3o do Brasil - Ordem dos Frades Menores - OFM","potentialAction":[{"@type":"SearchAction","target":{"@type":"EntryPoint","urlTemplate":"https:\/\/franciscanos.org.br\/noticias\/?s={search_term_string}"},"query-input":"required name=search_term_string"}],"inLanguage":"pt-BR"},{"@type":"ImageObject","inLanguage":"pt-BR","@id":"https:\/\/franciscanos.org.br\/noticias\/papa-francisco-as-chagas-de-jesus-sao-um-tesouro-delas-vem-a-misericordia.html#primaryimage","url":"https:\/\/franciscanos.org.br\/noticias\/wp-content\/uploads\/2019\/04\/reginacoeli_280419_1.jpg","contentUrl":"https:\/\/franciscanos.org.br\/noticias\/wp-content\/uploads\/2019\/04\/reginacoeli_280419_1.jpg","width":273,"height":181},{"@type":"WebPage","@id":"https:\/\/franciscanos.org.br\/noticias\/papa-francisco-as-chagas-de-jesus-sao-um-tesouro-delas-vem-a-misericordia.html#webpage","url":"https:\/\/franciscanos.org.br\/noticias\/papa-francisco-as-chagas-de-jesus-sao-um-tesouro-delas-vem-a-misericordia.html","name":"Papa Francisco: \u201cAs chagas de Jesus s\u00e3o um tesouro, delas v\u00eam a miseric\u00f3rdia\" - Not\u00edcias - Franciscanos","isPartOf":{"@id":"https:\/\/franciscanos.org.br\/noticias\/#website"},"primaryImageOfPage":{"@id":"https:\/\/franciscanos.org.br\/noticias\/papa-francisco-as-chagas-de-jesus-sao-um-tesouro-delas-vem-a-misericordia.html#primaryimage"},"datePublished":"2019-04-28T13:34:41+00:00","dateModified":"2019-05-05T16:32:07+00:00","author":{"@id":"https:\/\/franciscanos.org.br\/noticias\/#\/schema\/person\/b5c8cba458c330ccff548b056e95a5d4"},"breadcrumb":{"@id":"https:\/\/franciscanos.org.br\/noticias\/papa-francisco-as-chagas-de-jesus-sao-um-tesouro-delas-vem-a-misericordia.html#breadcrumb"},"inLanguage":"pt-BR","potentialAction":[{"@type":"ReadAction","target":["https:\/\/franciscanos.org.br\/noticias\/papa-francisco-as-chagas-de-jesus-sao-um-tesouro-delas-vem-a-misericordia.html"]}]},{"@type":"BreadcrumbList","@id":"https:\/\/franciscanos.org.br\/noticias\/papa-francisco-as-chagas-de-jesus-sao-um-tesouro-delas-vem-a-misericordia.html#breadcrumb","itemListElement":[{"@type":"ListItem","position":1,"name":"Home","item":"https:\/\/franciscanos.org.br\/noticias"},{"@type":"ListItem","position":2,"name":"Papa Francisco: \u201cAs chagas de Jesus s\u00e3o um tesouro, delas v\u00eam a miseric\u00f3rdia&#8221;"}]},{"@type":"Person","@id":"https:\/\/franciscanos.org.br\/noticias\/#\/schema\/person\/b5c8cba458c330ccff548b056e95a5d4","name":"moacir","image":{"@type":"ImageObject","inLanguage":"pt-BR","@id":"https:\/\/franciscanos.org.br\/noticias\/#\/schema\/person\/image\/","url":"https:\/\/secure.gravatar.com\/avatar\/d08aa2ce4c8dd416d4479aa8536fcf64?s=96&d=mm&r=g","contentUrl":"https:\/\/secure.gravatar.com\/avatar\/d08aa2ce4c8dd416d4479aa8536fcf64?s=96&d=mm&r=g","caption":"moacir"},"url":"https:\/\/franciscanos.org.br\/noticias\/author\/moacir"}]}},"_links":{"self":[{"href":"https:\/\/franciscanos.org.br\/noticias\/wp-json\/wp\/v2\/posts\/203790"}],"collection":[{"href":"https:\/\/franciscanos.org.br\/noticias\/wp-json\/wp\/v2\/posts"}],"about":[{"href":"https:\/\/franciscanos.org.br\/noticias\/wp-json\/wp\/v2\/types\/post"}],"author":[{"embeddable":true,"href":"https:\/\/franciscanos.org.br\/noticias\/wp-json\/wp\/v2\/users\/3"}],"replies":[{"embeddable":true,"href":"https:\/\/franciscanos.org.br\/noticias\/wp-json\/wp\/v2\/comments?post=203790"}],"version-history":[{"count":0,"href":"https:\/\/franciscanos.org.br\/noticias\/wp-json\/wp\/v2\/posts\/203790\/revisions"}],"wp:featuredmedia":[{"embeddable":true,"href":"https:\/\/franciscanos.org.br\/noticias\/wp-json\/wp\/v2\/media\/203792"}],"wp:attachment":[{"href":"https:\/\/franciscanos.org.br\/noticias\/wp-json\/wp\/v2\/media?parent=203790"}],"wp:term":[{"taxonomy":"category","embeddable":true,"href":"https:\/\/franciscanos.org.br\/noticias\/wp-json\/wp\/v2\/categories?post=203790"},{"taxonomy":"post_tag","embeddable":true,"href":"https:\/\/franciscanos.org.br\/noticias\/wp-json\/wp\/v2\/tags?post=203790"}],"curies":[{"name":"wp","href":"https:\/\/api.w.org\/{rel}","templated":true}]}}