{"id":203661,"date":"2019-04-27T14:12:46","date_gmt":"2019-04-27T17:12:46","guid":{"rendered":"https:\/\/franciscanos.org.br\/noticias\/?p=203661"},"modified":"2019-04-27T14:13:38","modified_gmt":"2019-04-27T17:13:38","slug":"dom-paulo-estamos-falhando-justamente-no-berco","status":"publish","type":"post","link":"https:\/\/franciscanos.org.br\/noticias\/dom-paulo-estamos-falhando-justamente-no-berco.html","title":{"rendered":"Dom Paulo: &#8220;Estamos falhando justamente no ber\u00e7o&#8221;"},"content":{"rendered":"<p><img loading=\"lazy\" class=\"alignnone wp-image-203663 size-full\" src=\"https:\/\/franciscanos.org.br\/noticias\/wp-content\/uploads\/2019\/04\/mateus_270419.jpg\" alt=\"\" width=\"890\" height=\"668\" srcset=\"https:\/\/franciscanos.org.br\/noticias\/wp-content\/uploads\/2019\/04\/mateus_270419.jpg 890w, https:\/\/franciscanos.org.br\/noticias\/wp-content\/uploads\/2019\/04\/mateus_270419-450x338.jpg 450w, https:\/\/franciscanos.org.br\/noticias\/wp-content\/uploads\/2019\/04\/mateus_270419-768x576.jpg 768w, https:\/\/franciscanos.org.br\/noticias\/wp-content\/uploads\/2019\/04\/mateus_270419-150x113.jpg 150w\" sizes=\"(max-width: 890px) 100vw, 890px\" \/><\/p>\n<p><strong>Moacir Beggo <\/strong><\/p>\n<p><strong>Vila Velha (ES)<\/strong> &#8211; A primeira Diocese a chegar em Romaria at\u00e9 o Campinho para a primeira celebra\u00e7\u00e3o neste s\u00e1bado (27\/4) foi a de S\u00e3o Mateus. Logo cedo, \u00e0s 7 horas, os romeiros come\u00e7avam a subir o morro a p\u00e9 depois de viajarem tr\u00eas horas para chegarem at\u00e9 Vila Velha, j\u00e1 que S\u00e3o Mateus fica no Norte do Estado.<\/p>\n<p>\u00c0s 8 horas, o bispo da diocese, Dom Paulo Bosi Dal\u00b4B\u00f3, presidiu a Missa na Festa da Penha, tendo como concelebrante Dom Edivalter Andrade, bispo de Floriano (PI), que \u00e9 natural do Esp\u00edrito Santo.<\/p>\n<p><img loading=\"lazy\" class=\"alignleft size-medium wp-image-203665\" src=\"https:\/\/franciscanos.org.br\/noticias\/wp-content\/uploads\/2019\/04\/mateus_270419_3-385x450.jpg\" alt=\"\" width=\"385\" height=\"450\" srcset=\"https:\/\/franciscanos.org.br\/noticias\/wp-content\/uploads\/2019\/04\/mateus_270419_3-385x450.jpg 385w, https:\/\/franciscanos.org.br\/noticias\/wp-content\/uploads\/2019\/04\/mateus_270419_3-150x176.jpg 150w, https:\/\/franciscanos.org.br\/noticias\/wp-content\/uploads\/2019\/04\/mateus_270419_3.jpg 500w\" sizes=\"(max-width: 385px) 100vw, 385px\" \/>Na sua homilia, falou de Maria como a maior educadora da hist\u00f3ria. E justamente uma adolescente fr\u00e1gil, que n\u00e3o era rica, n\u00e3o pertencia a uma linhagem de alta classe e, ainda por cima, morava numa regi\u00e3o socialmente desprezada, a Galileia. &#8220;Que segredos possu\u00eda esta jovem? Por que n\u00e3o escolheu uma casta de sacerdotes, especialistas em filosofia grega, para formar o homem que dividiria a hist\u00f3ria?&#8221;, perguntou.<\/p>\n<p>&#8220;Hoje sofremos com a perda dos valores na fam\u00edlia, na escola, na sa\u00fade, nas comunidades, na pol\u00edtica, com tanta corrup\u00e7\u00e3o. Por que ser\u00e1? Ser\u00e1 que n\u00e3o estamos falhando justamente na arte de educar e amar? Quais os lugares que sa\u00edram os que agridem, os que destroem, que matam, os que roubam uma na\u00e7\u00e3o e cometem tantas outras atrocidades? Do mundo. Que mundo? Sa\u00edram todos da casa, e muitos das comunidades. Que tal nos espelharmos em Maria e recome\u00e7armos um novo jeito de educar e viver a nossa f\u00e9!&#8221;, disse o bispo de S\u00e3o Mateus.<\/p>\n<p>&#8220;O que impede de a gente ser um bom educador come\u00e7ando na pr\u00f3pria casa? N\u00e3o diga que \u00e9 incapaz. Lembre-se de Maria, t\u00e3o pequena e fr\u00e1gil. Tornou-se a maior educadora da hist\u00f3ria. Pense nisso e comece a fazer algo diferente&#8221;, sugeriu.<\/p>\n<p><img loading=\"lazy\" class=\"alignnone wp-image-203664 size-full\" src=\"https:\/\/franciscanos.org.br\/noticias\/wp-content\/uploads\/2019\/04\/mateus_270419_1.jpg\" alt=\"\" width=\"890\" height=\"668\" srcset=\"https:\/\/franciscanos.org.br\/noticias\/wp-content\/uploads\/2019\/04\/mateus_270419_1.jpg 890w, https:\/\/franciscanos.org.br\/noticias\/wp-content\/uploads\/2019\/04\/mateus_270419_1-450x338.jpg 450w, https:\/\/franciscanos.org.br\/noticias\/wp-content\/uploads\/2019\/04\/mateus_270419_1-768x576.jpg 768w, https:\/\/franciscanos.org.br\/noticias\/wp-content\/uploads\/2019\/04\/mateus_270419_1-150x113.jpg 150w\" sizes=\"(max-width: 890px) 100vw, 890px\" \/><\/p>\n<p>Segundo o bispo, hoje cresce o \u00edndice de jovens e adolescentes embriagados num universo de entorpecentes, no mundo das drogas, do crime, e tantas outras marginalidades. &#8220;Cresce a cada dia o n\u00famero de casais que se separam por brigas t\u00e3o pequenas, cresce a cada dia o n\u00famero de desemprego no Brasil frente a tanta corrup\u00e7\u00e3o ou \u00e0 morte de valores, morais, \u00e9ticos e crist\u00e3os. E a\u00ed, talvez, chamo a aten\u00e7\u00e3o. Todas essas \u00e1reas e lacunas abertas nesta festa do Ressuscitado deveria trazer para cada crist\u00e3o um novo olhar na arte de educar, e n\u00e3o com uma imposi\u00e7\u00e3o, mas se existe todo esse universo negativo, e se todos sa\u00edram de um lar, de uma casa, eu acredito que o primeiro espa\u00e7o de evangeliza\u00e7\u00e3o \u00e9 o seu cora\u00e7\u00e3o&#8221;, explicou.<\/p>\n<p>O segundo lugar, segundo o bispo, \u00e9 que Jesus deve se fazer presente e trazer com ele todos os valores que norteiam nossa vida, ou os que perdemos no decorrer da hist\u00f3ria. &#8220;O terceiro lugar \u00e9 estar envolvido numa comunidade crist\u00e3 onde se preza os valores. Cessar as briguinhas que acontecem entre pastorais e movimentos. Pensar numa Igreja maior. \u00c9 assim que vamos, talvez, oferecer um novo rosto, um novo cen\u00e1rio ao atual contexto que vivemos. O nosso jeito de educar e de formar come\u00e7a pela casa. Se o mundo est\u00e1 pervertido, como muitos dizem, \u00e9 porque n\u00f3s estamos falhando justamente no ber\u00e7o. O ber\u00e7o de todas as voca\u00e7\u00f5es e todas as nossas iniciativas e manifesta\u00e7\u00f5es de f\u00e9&#8221;, lamentou.<\/p>\n<p><img loading=\"lazy\" class=\"alignleft wp-image-203667 size-full\" src=\"https:\/\/franciscanos.org.br\/noticias\/wp-content\/uploads\/2019\/04\/mateus_270419_4.jpg\" alt=\"\" width=\"890\" height=\"668\" srcset=\"https:\/\/franciscanos.org.br\/noticias\/wp-content\/uploads\/2019\/04\/mateus_270419_4.jpg 890w, https:\/\/franciscanos.org.br\/noticias\/wp-content\/uploads\/2019\/04\/mateus_270419_4-450x338.jpg 450w, https:\/\/franciscanos.org.br\/noticias\/wp-content\/uploads\/2019\/04\/mateus_270419_4-768x576.jpg 768w, https:\/\/franciscanos.org.br\/noticias\/wp-content\/uploads\/2019\/04\/mateus_270419_4-150x113.jpg 150w\" sizes=\"(max-width: 890px) 100vw, 890px\" \/><\/p>\n<p>&#8220;Por que fugimos da realidade? Por que hoje n\u00f3s, enquanto fam\u00edlias, jogamos para a Igreja, para a escola, para o mundo, uma responsabilidade que \u00e9 nossa? Comece a pensar diferente. N\u00e3o se transforma o outro, o mundo, se eu n\u00e3o me transformar primeiro. E quando eu me transformo, eu educo, eu amo, come\u00e7ando na minha pr\u00f3pria casa. Ent\u00e3o, vamos tentar, nesse esp\u00edrito pascal que nos envolve, ressuscitar nas nossas fam\u00edlias um novo jeito de amar, de acolher e de educar. S\u00f3 assim construiremos um mundo melhor, mais justo e fraterno&#8221;, convidou.<\/p>\n<p>A Diocese de S\u00e3o Mateus foi criada em 16 de fevereiro de 1958 pelo Papa Pio XII, com territ\u00f3rio desmembrado da ent\u00e3o Diocese do Esp\u00edrito Santo, hoje Arquidiocese de Vit\u00f3ria. Localizada ao norte do Esp\u00edrito Santo, \u00e9 composta por 19 munic\u00edpios. Desta Romaria, cerca de 30 \u00f4nibus trouxeram os romeiros. Todos foram acolhidos por Frei Valdecir Schwambach.<\/p>\n<p><img loading=\"lazy\" class=\"alignleft wp-image-203666 size-full\" src=\"https:\/\/franciscanos.org.br\/noticias\/wp-content\/uploads\/2019\/04\/remaria.jpg\" alt=\"\" width=\"890\" height=\"501\" srcset=\"https:\/\/franciscanos.org.br\/noticias\/wp-content\/uploads\/2019\/04\/remaria.jpg 890w, https:\/\/franciscanos.org.br\/noticias\/wp-content\/uploads\/2019\/04\/remaria-450x253.jpg 450w, https:\/\/franciscanos.org.br\/noticias\/wp-content\/uploads\/2019\/04\/remaria-768x432.jpg 768w, https:\/\/franciscanos.org.br\/noticias\/wp-content\/uploads\/2019\/04\/remaria-150x84.jpg 150w\" sizes=\"(max-width: 890px) 100vw, 890px\" \/><\/p>\n<p><strong>Fi\u00e9is participam de prociss\u00e3o mar\u00edtima <\/strong><\/p>\n<p>Na terra ou n&#8217;\u00e1gua, os devotos querem homenagear a Virgem da Penha. A &#8220;remaria&#8221; faz parte da programa\u00e7\u00e3o da Festa da Penha 2019 e foi iniciada em abril\/2013, tendo como objetivo a participa\u00e7\u00e3o de remadores de <em>stand up paddle<\/em>, canoa, kaiak, etc.. Os amantes do mar puderam, agora, participar desta festa religiosa.<\/p>\n<p>Eles fizeram o percurso saindo da Praia do Ribeiro, em Vila Velha, at\u00e9 a Prainha, tamb\u00e9m em Vila Velha. Ao todo, os romeiros percorrem 3 km no mar, o que \u00e9 feito em cerca de uma hora. Durante o trajeto, os devotos passaram por baixo da Terceira Ponte, al\u00e9m de verem belezas naturais de Vila velha e Vitoria.<\/p>\n","protected":false},"excerpt":{"rendered":"<p>Festa da Penha 2019<\/p>\n","protected":false},"author":3,"featured_media":203662,"comment_status":"open","ping_status":"open","sticky":false,"template":"","format":"standard","meta":[],"categories":[1],"tags":[245],"acf":[],"yoast_head":"<!-- This site is optimized with the Yoast SEO plugin v19.2 - https:\/\/yoast.com\/wordpress\/plugins\/seo\/ -->\n<title>Dom Paulo: &quot;Estamos falhando justamente no ber\u00e7o&quot; - Not\u00edcias - Franciscanos<\/title>\n<meta name=\"robots\" content=\"index, follow, max-snippet:-1, max-image-preview:large, max-video-preview:-1\" \/>\n<link rel=\"canonical\" href=\"https:\/\/franciscanos.org.br\/noticias\/dom-paulo-estamos-falhando-justamente-no-berco.html\" \/>\n<meta property=\"og:locale\" content=\"pt_BR\" \/>\n<meta property=\"og:type\" content=\"article\" \/>\n<meta property=\"og:title\" content=\"Dom Paulo: &quot;Estamos falhando justamente no ber\u00e7o&quot; - Not\u00edcias - Franciscanos\" \/>\n<meta property=\"og:description\" content=\"Festa da Penha 2019\" \/>\n<meta property=\"og:url\" content=\"https:\/\/franciscanos.org.br\/noticias\/dom-paulo-estamos-falhando-justamente-no-berco.html\" \/>\n<meta property=\"og:site_name\" content=\"Not\u00edcias - Franciscanos\" \/>\n<meta property=\"article:published_time\" content=\"2019-04-27T17:12:46+00:00\" \/>\n<meta property=\"article:modified_time\" content=\"2019-04-27T17:13:38+00:00\" \/>\n<meta property=\"og:image\" content=\"https:\/\/franciscanos.org.br\/noticias\/wp-content\/uploads\/2019\/04\/mateus_270419d.jpg\" \/>\n\t<meta property=\"og:image:width\" content=\"273\" \/>\n\t<meta property=\"og:image:height\" content=\"181\" \/>\n\t<meta property=\"og:image:type\" content=\"image\/jpeg\" \/>\n<meta name=\"author\" content=\"moacir\" \/>\n<meta name=\"twitter:card\" content=\"summary_large_image\" \/>\n<meta name=\"twitter:label1\" content=\"Escrito por\" \/>\n\t<meta name=\"twitter:data1\" content=\"moacir\" \/>\n\t<meta name=\"twitter:label2\" content=\"Est. tempo de leitura\" \/>\n\t<meta name=\"twitter:data2\" content=\"4 minutos\" \/>\n<script type=\"application\/ld+json\" class=\"yoast-schema-graph\">{\"@context\":\"https:\/\/schema.org\",\"@graph\":[{\"@type\":\"WebSite\",\"@id\":\"https:\/\/franciscanos.org.br\/noticias\/#website\",\"url\":\"https:\/\/franciscanos.org.br\/noticias\/\",\"name\":\"Not\u00edcias - Franciscanos\",\"description\":\"Prov\u00edncia Franciscana da Imaculada Concei\u00e7\u00e3o do Brasil - Ordem dos Frades Menores - OFM\",\"potentialAction\":[{\"@type\":\"SearchAction\",\"target\":{\"@type\":\"EntryPoint\",\"urlTemplate\":\"https:\/\/franciscanos.org.br\/noticias\/?s={search_term_string}\"},\"query-input\":\"required name=search_term_string\"}],\"inLanguage\":\"pt-BR\"},{\"@type\":\"ImageObject\",\"inLanguage\":\"pt-BR\",\"@id\":\"https:\/\/franciscanos.org.br\/noticias\/dom-paulo-estamos-falhando-justamente-no-berco.html#primaryimage\",\"url\":\"https:\/\/franciscanos.org.br\/noticias\/wp-content\/uploads\/2019\/04\/mateus_270419d.jpg\",\"contentUrl\":\"https:\/\/franciscanos.org.br\/noticias\/wp-content\/uploads\/2019\/04\/mateus_270419d.jpg\",\"width\":273,\"height\":181},{\"@type\":\"WebPage\",\"@id\":\"https:\/\/franciscanos.org.br\/noticias\/dom-paulo-estamos-falhando-justamente-no-berco.html#webpage\",\"url\":\"https:\/\/franciscanos.org.br\/noticias\/dom-paulo-estamos-falhando-justamente-no-berco.html\",\"name\":\"Dom Paulo: \\\"Estamos falhando justamente no ber\u00e7o\\\" - Not\u00edcias - Franciscanos\",\"isPartOf\":{\"@id\":\"https:\/\/franciscanos.org.br\/noticias\/#website\"},\"primaryImageOfPage\":{\"@id\":\"https:\/\/franciscanos.org.br\/noticias\/dom-paulo-estamos-falhando-justamente-no-berco.html#primaryimage\"},\"datePublished\":\"2019-04-27T17:12:46+00:00\",\"dateModified\":\"2019-04-27T17:13:38+00:00\",\"author\":{\"@id\":\"https:\/\/franciscanos.org.br\/noticias\/#\/schema\/person\/b5c8cba458c330ccff548b056e95a5d4\"},\"breadcrumb\":{\"@id\":\"https:\/\/franciscanos.org.br\/noticias\/dom-paulo-estamos-falhando-justamente-no-berco.html#breadcrumb\"},\"inLanguage\":\"pt-BR\",\"potentialAction\":[{\"@type\":\"ReadAction\",\"target\":[\"https:\/\/franciscanos.org.br\/noticias\/dom-paulo-estamos-falhando-justamente-no-berco.html\"]}]},{\"@type\":\"BreadcrumbList\",\"@id\":\"https:\/\/franciscanos.org.br\/noticias\/dom-paulo-estamos-falhando-justamente-no-berco.html#breadcrumb\",\"itemListElement\":[{\"@type\":\"ListItem\",\"position\":1,\"name\":\"Home\",\"item\":\"https:\/\/franciscanos.org.br\/noticias\"},{\"@type\":\"ListItem\",\"position\":2,\"name\":\"Dom Paulo: &#8220;Estamos falhando justamente no ber\u00e7o&#8221;\"}]},{\"@type\":\"Person\",\"@id\":\"https:\/\/franciscanos.org.br\/noticias\/#\/schema\/person\/b5c8cba458c330ccff548b056e95a5d4\",\"name\":\"moacir\",\"image\":{\"@type\":\"ImageObject\",\"inLanguage\":\"pt-BR\",\"@id\":\"https:\/\/franciscanos.org.br\/noticias\/#\/schema\/person\/image\/\",\"url\":\"https:\/\/secure.gravatar.com\/avatar\/d08aa2ce4c8dd416d4479aa8536fcf64?s=96&d=mm&r=g\",\"contentUrl\":\"https:\/\/secure.gravatar.com\/avatar\/d08aa2ce4c8dd416d4479aa8536fcf64?s=96&d=mm&r=g\",\"caption\":\"moacir\"},\"url\":\"https:\/\/franciscanos.org.br\/noticias\/author\/moacir\"}]}<\/script>\n<!-- \/ Yoast SEO plugin. -->","yoast_head_json":{"title":"Dom Paulo: \"Estamos falhando justamente no ber\u00e7o\" - Not\u00edcias - Franciscanos","robots":{"index":"index","follow":"follow","max-snippet":"max-snippet:-1","max-image-preview":"max-image-preview:large","max-video-preview":"max-video-preview:-1"},"canonical":"https:\/\/franciscanos.org.br\/noticias\/dom-paulo-estamos-falhando-justamente-no-berco.html","og_locale":"pt_BR","og_type":"article","og_title":"Dom Paulo: \"Estamos falhando justamente no ber\u00e7o\" - Not\u00edcias - Franciscanos","og_description":"Festa da Penha 2019","og_url":"https:\/\/franciscanos.org.br\/noticias\/dom-paulo-estamos-falhando-justamente-no-berco.html","og_site_name":"Not\u00edcias - Franciscanos","article_published_time":"2019-04-27T17:12:46+00:00","article_modified_time":"2019-04-27T17:13:38+00:00","og_image":[{"width":273,"height":181,"url":"https:\/\/franciscanos.org.br\/noticias\/wp-content\/uploads\/2019\/04\/mateus_270419d.jpg","type":"image\/jpeg"}],"author":"moacir","twitter_card":"summary_large_image","twitter_misc":{"Escrito por":"moacir","Est. tempo de leitura":"4 minutos"},"schema":{"@context":"https:\/\/schema.org","@graph":[{"@type":"WebSite","@id":"https:\/\/franciscanos.org.br\/noticias\/#website","url":"https:\/\/franciscanos.org.br\/noticias\/","name":"Not\u00edcias - Franciscanos","description":"Prov\u00edncia Franciscana da Imaculada Concei\u00e7\u00e3o do Brasil - Ordem dos Frades Menores - OFM","potentialAction":[{"@type":"SearchAction","target":{"@type":"EntryPoint","urlTemplate":"https:\/\/franciscanos.org.br\/noticias\/?s={search_term_string}"},"query-input":"required name=search_term_string"}],"inLanguage":"pt-BR"},{"@type":"ImageObject","inLanguage":"pt-BR","@id":"https:\/\/franciscanos.org.br\/noticias\/dom-paulo-estamos-falhando-justamente-no-berco.html#primaryimage","url":"https:\/\/franciscanos.org.br\/noticias\/wp-content\/uploads\/2019\/04\/mateus_270419d.jpg","contentUrl":"https:\/\/franciscanos.org.br\/noticias\/wp-content\/uploads\/2019\/04\/mateus_270419d.jpg","width":273,"height":181},{"@type":"WebPage","@id":"https:\/\/franciscanos.org.br\/noticias\/dom-paulo-estamos-falhando-justamente-no-berco.html#webpage","url":"https:\/\/franciscanos.org.br\/noticias\/dom-paulo-estamos-falhando-justamente-no-berco.html","name":"Dom Paulo: \"Estamos falhando justamente no ber\u00e7o\" - Not\u00edcias - Franciscanos","isPartOf":{"@id":"https:\/\/franciscanos.org.br\/noticias\/#website"},"primaryImageOfPage":{"@id":"https:\/\/franciscanos.org.br\/noticias\/dom-paulo-estamos-falhando-justamente-no-berco.html#primaryimage"},"datePublished":"2019-04-27T17:12:46+00:00","dateModified":"2019-04-27T17:13:38+00:00","author":{"@id":"https:\/\/franciscanos.org.br\/noticias\/#\/schema\/person\/b5c8cba458c330ccff548b056e95a5d4"},"breadcrumb":{"@id":"https:\/\/franciscanos.org.br\/noticias\/dom-paulo-estamos-falhando-justamente-no-berco.html#breadcrumb"},"inLanguage":"pt-BR","potentialAction":[{"@type":"ReadAction","target":["https:\/\/franciscanos.org.br\/noticias\/dom-paulo-estamos-falhando-justamente-no-berco.html"]}]},{"@type":"BreadcrumbList","@id":"https:\/\/franciscanos.org.br\/noticias\/dom-paulo-estamos-falhando-justamente-no-berco.html#breadcrumb","itemListElement":[{"@type":"ListItem","position":1,"name":"Home","item":"https:\/\/franciscanos.org.br\/noticias"},{"@type":"ListItem","position":2,"name":"Dom Paulo: &#8220;Estamos falhando justamente no ber\u00e7o&#8221;"}]},{"@type":"Person","@id":"https:\/\/franciscanos.org.br\/noticias\/#\/schema\/person\/b5c8cba458c330ccff548b056e95a5d4","name":"moacir","image":{"@type":"ImageObject","inLanguage":"pt-BR","@id":"https:\/\/franciscanos.org.br\/noticias\/#\/schema\/person\/image\/","url":"https:\/\/secure.gravatar.com\/avatar\/d08aa2ce4c8dd416d4479aa8536fcf64?s=96&d=mm&r=g","contentUrl":"https:\/\/secure.gravatar.com\/avatar\/d08aa2ce4c8dd416d4479aa8536fcf64?s=96&d=mm&r=g","caption":"moacir"},"url":"https:\/\/franciscanos.org.br\/noticias\/author\/moacir"}]}},"_links":{"self":[{"href":"https:\/\/franciscanos.org.br\/noticias\/wp-json\/wp\/v2\/posts\/203661"}],"collection":[{"href":"https:\/\/franciscanos.org.br\/noticias\/wp-json\/wp\/v2\/posts"}],"about":[{"href":"https:\/\/franciscanos.org.br\/noticias\/wp-json\/wp\/v2\/types\/post"}],"author":[{"embeddable":true,"href":"https:\/\/franciscanos.org.br\/noticias\/wp-json\/wp\/v2\/users\/3"}],"replies":[{"embeddable":true,"href":"https:\/\/franciscanos.org.br\/noticias\/wp-json\/wp\/v2\/comments?post=203661"}],"version-history":[{"count":0,"href":"https:\/\/franciscanos.org.br\/noticias\/wp-json\/wp\/v2\/posts\/203661\/revisions"}],"wp:featuredmedia":[{"embeddable":true,"href":"https:\/\/franciscanos.org.br\/noticias\/wp-json\/wp\/v2\/media\/203662"}],"wp:attachment":[{"href":"https:\/\/franciscanos.org.br\/noticias\/wp-json\/wp\/v2\/media?parent=203661"}],"wp:term":[{"taxonomy":"category","embeddable":true,"href":"https:\/\/franciscanos.org.br\/noticias\/wp-json\/wp\/v2\/categories?post=203661"},{"taxonomy":"post_tag","embeddable":true,"href":"https:\/\/franciscanos.org.br\/noticias\/wp-json\/wp\/v2\/tags?post=203661"}],"curies":[{"name":"wp","href":"https:\/\/api.w.org\/{rel}","templated":true}]}}