{"id":203495,"date":"2019-04-26T08:39:35","date_gmt":"2019-04-26T11:39:35","guid":{"rendered":"https:\/\/franciscanos.org.br\/noticias\/?p=203495"},"modified":"2019-04-26T08:39:35","modified_gmt":"2019-04-26T11:39:35","slug":"festa-da-penha-as-licoes-da-devota-d-alzira","status":"publish","type":"post","link":"https:\/\/franciscanos.org.br\/noticias\/festa-da-penha-as-licoes-da-devota-d-alzira.html","title":{"rendered":"Festa da Penha: As li\u00e7\u00f5es da devota D. Alzira"},"content":{"rendered":"<p><img loading=\"lazy\" class=\"alignnone wp-image-203497 size-full\" src=\"https:\/\/franciscanos.org.br\/noticias\/wp-content\/uploads\/2019\/04\/perfil_2604_2.jpg\" alt=\"\" width=\"890\" height=\"593\" srcset=\"https:\/\/franciscanos.org.br\/noticias\/wp-content\/uploads\/2019\/04\/perfil_2604_2.jpg 890w, https:\/\/franciscanos.org.br\/noticias\/wp-content\/uploads\/2019\/04\/perfil_2604_2-450x300.jpg 450w, https:\/\/franciscanos.org.br\/noticias\/wp-content\/uploads\/2019\/04\/perfil_2604_2-768x512.jpg 768w, https:\/\/franciscanos.org.br\/noticias\/wp-content\/uploads\/2019\/04\/perfil_2604_2-150x100.jpg 150w\" sizes=\"(max-width: 890px) 100vw, 890px\" \/><\/p>\n<p><strong>Moacir Beggo<\/strong><\/p>\n<p>Domingo de P\u00e1scoa, 11 horas. Uma senhora est\u00e1 sentada pr\u00f3xima do port\u00e3o de entrada das escadarias do Convento, restrito aos frades. Dos seus 77 anos de vida, pelo menos 53 foram dedicados \u00e0 devo\u00e7\u00e3o de Nossa Senhora da Penha. E n\u00e3o poderia ser diferente nesta 448\u00aa edi\u00e7\u00e3o da Festa, para quem construiu sua vida familiar sob o manto protetor da Virgem da Penha. Para garantir o lugar na sombra de algumas \u00e1rvores do Campinho, D. Alzira Carvalho de Souza chegou \u00e0s 11 horas. N\u00e3o iria almo\u00e7ar, mas fazer um &#8220;lanchinho&#8221;, como disse, mais leve.<\/p>\n<p>&#8220;Frequento o Convento h\u00e1 53 anos. \u00c9 o tempo da idade do meu filho mais velho, Julius Caesar&#8221;, conta D. Alzira, frisando que o nome \u00e9 mesmo em latim. E sua dedica\u00e7\u00e3o \u00e0 f\u00e9 n\u00e3o para nisso. &#8220;S\u00e1bado fazemos a Romaria dos Homens a p\u00e9 (15 quil\u00f4metros), domingo a Romaria das Mulheres (3 km), e depois, em maio, fa\u00e7o a de Anchieta, com 100 quil\u00f4metros&#8221;. A pergunta natural que surge \u00e9 como esta senhora aguenta isso tudo? &#8220;Ou Nossa Senhora tem pena de mim ou ela fala assim: &#8216;Vou te ajudar para ajudar os outros'&#8221;, diz, sorrindo.<\/p>\n<p>O resultado dessa disposi\u00e7\u00e3o se v\u00ea \u00e0 noite, quando n\u00e3o tem ins\u00f4nia. &#8220;Durmo bem. N\u00e3o abuso na comida. Por exemplo, nesses dias que venho aqui, como tudo leve. Cheguei aqui e comi uma barrinha de chocolate para renovar as energias. Na caminhada, a gente leva barrinhas, ma\u00e7a, \u00e1gua e banana&#8221;, indica.<\/p>\n<p>Natural de Marata\u00edzes, onde se casou, Alzira recorda que quando se mudou para Vila Velha, n\u00e3o deixou mais de frequentar o Santu\u00e1rio da Gra\u00e7a e do Perd\u00e3o. &#8220;Naquele tempo n\u00e3o havia a cantina do Campinho. Era um espa\u00e7o aberto. A gente, ent\u00e3o, fazia como os farofeiros. Trazia franguinho e farofa. Meus filhos foram crescendo nesta rotina de frequentar o Convento. Mas n\u00e3o era todo domingo que v\u00ednhamos. Uma vez por m\u00eas porque os meninos eram pequenos&#8221;, ressaltou. Hoje, um dos filhos reside em Alagoas e os tr\u00eas em Vila Velha. Todos s\u00e3o cat\u00f3licos. &#8220;Um casou com uma evang\u00e9lica. Ela aceita a minha religi\u00e3o e n\u00f3s vivemos em paz. N\u00e3o \u00e9 isso que importa?&#8221;, pergunta.<\/p>\n<p><img loading=\"lazy\" class=\"alignnone wp-image-203498 size-full\" src=\"https:\/\/franciscanos.org.br\/noticias\/wp-content\/uploads\/2019\/04\/perfil_2604_1.jpg\" alt=\"\" width=\"890\" height=\"668\" srcset=\"https:\/\/franciscanos.org.br\/noticias\/wp-content\/uploads\/2019\/04\/perfil_2604_1.jpg 890w, https:\/\/franciscanos.org.br\/noticias\/wp-content\/uploads\/2019\/04\/perfil_2604_1-450x338.jpg 450w, https:\/\/franciscanos.org.br\/noticias\/wp-content\/uploads\/2019\/04\/perfil_2604_1-768x576.jpg 768w, https:\/\/franciscanos.org.br\/noticias\/wp-content\/uploads\/2019\/04\/perfil_2604_1-150x113.jpg 150w\" sizes=\"(max-width: 890px) 100vw, 890px\" \/><\/p>\n<p>Sua disposi\u00e7\u00e3o de vida e f\u00e9 n\u00e3o se limitam a visitar a Penha. Tr\u00eas vezes por semana, D. Alzira reserva um tempo para visitar os doentes de tr\u00eas hospitais. Uma rotina que faz h\u00e1 cinco anos. &#8220;Mas nesta semana j\u00e1 avisei meus colegas que, al\u00e9m de rezar para Nossa Senhora, estarei preparando minha musculatura para as romarias&#8221;, brincou. Na sua casa, n\u00e3o fica parada tamb\u00e9m. &#8220;Cuido de tudo. Meu marido faleceu h\u00e1 11 anos. Eu lavo, passo, fa\u00e7o minha comida, cuido da horta, cuido do quintal de 150 metros e das minhas plantas. O trabalho \u00e9 uma lei de Deus. Quando n\u00e3o estou cuidando das plantinhas, da comida e da limpeza, fa\u00e7o croch\u00ea, tric\u00f4. E tamb\u00e9m leio muito&#8221;, explicou, recordando sua av\u00f3: &#8220;Mente vazia \u00e9 esticar na cama e pedir para morrer&#8221;.<\/p>\n<p>Regra b\u00e1sica do seu dia a dia, \u00e9 n\u00e3o reclamar da vida. &#8220;Quando reclamo de alguma coisa, pe\u00e7o perd\u00e3o a Deus&#8221;, ensina. Segundo ela, o segredo de se viver bem \u00e9 fazer de conta que a morte n\u00e3o existe. &#8220;As pessoas ficam escandalizadas quando falo isso. Eles me dizem: &#8216;Como, v\u00e3o te botar debaixo da terra!&#8217;. Eu falo: &#8216;Cada um deixa a sua hist\u00f3ria. Um pouco do que for lembrado da gente, ser\u00e1 a prova de que estamos vivos. Ent\u00e3o, vamos guardar as boas lembran\u00e7as&#8221;, sugere.<\/p>\n<p>Dona Alzira mora sozinha durante a semana, mas no final de semana a fam\u00edlia se re\u00fane. &#8220;Minha maior satisfa\u00e7\u00e3o \u00e9 fazer a comidinha que gostam&#8221;, garante, sorrindo. Hoje, com o celular, tudo fica mais f\u00e1cil. Mas avisa: s\u00f3 vejo mensagens e not\u00edcias boas. Para ela, \u00e9 triste ver que at\u00e9 casais s\u00f3 se conversam por <em>whatsapp.<\/em><\/p>\n<p>Outro segredo de D. Alzira para viver bem \u00e9 sorrir sempre. &#8220;Outro dia, uma senhora perguntou: &#8216;Quantos anos a senhora tem?&#8217; Falei: 77 anos. Ela disse: &#8216;N\u00e3o acredito e perguntou quantas cirurgias eu fiz&#8217; e insistiu: &#8216;Como a sra. \u00e9 t\u00e3o esticadinha?&#8217; (risos). Eu disse porque eu rio muito. Sorrir \u00e9 uma b\u00ean\u00e7\u00e3o e exercita os m\u00fasculos da face&#8221;, disse.<\/p>\n<p>&#8220;A minha av\u00f3 fez apenas o quarto ano prim\u00e1rio, mas tinha muita sabedoria. Ela dizia: &#8216;Minha filha, tenho pena desses doutores com livros debaixo do bra\u00e7os. Eu prefiro os carroceiros, porque s\u00e3o mais felizes. Olhe s\u00f3, voc\u00ea vai ao m\u00e9dico, e est\u00e3o sempre carrancudos. Nem olham olha para sua cara. Por que s\u00e3o assim? Porque a fam\u00edlia exigiu que fizessem aquilo. Se deixassem para a pessoa decidir sua vida, seria diferente. Se quisesse ser gari, iria ser um gari feliz da vida&#8221;, avalia.<\/p>\n<p>D. Alzira \u00e9 muito religiosa, gosta de rezar para todos os santos, mas a M\u00e3e de Deus tem sua prefer\u00eancia, embora tenha grande admira\u00e7\u00e3o por S\u00e3o Paulo, que antes da convers\u00e3o &#8220;era todo arrogante&#8221; e depois muda da \u00e1gua para o vinho. &#8220;Eu sou devot\u00edssima de Nossa Senhora. Quando ponho minha cabe\u00e7a no travesseiro, eu canto como cantava para os meus meninos. &#8216;Lenta e calma sobre a terra; Desce a noite e foge a luz; Quero agora despedir-me, boa noite, meu Jesus&#8217;. Tem dia que nem chego no &#8216;boa noite&#8217; e j\u00e1 durmo porque tive um dia intenso&#8221;, completa Alzira, despedindo-se com um abra\u00e7o afetuoso.<\/p>\n","protected":false},"excerpt":{"rendered":"<p>Festa da Penha 2019<\/p>\n","protected":false},"author":3,"featured_media":203496,"comment_status":"open","ping_status":"open","sticky":false,"template":"","format":"standard","meta":[],"categories":[1],"tags":[245],"acf":[],"yoast_head":"<!-- This site is optimized with the Yoast SEO plugin v19.2 - https:\/\/yoast.com\/wordpress\/plugins\/seo\/ -->\n<title>Festa da Penha: As li\u00e7\u00f5es da devota D. Alzira - Not\u00edcias - Franciscanos<\/title>\n<meta name=\"robots\" content=\"index, follow, max-snippet:-1, max-image-preview:large, max-video-preview:-1\" \/>\n<link rel=\"canonical\" href=\"https:\/\/franciscanos.org.br\/noticias\/festa-da-penha-as-licoes-da-devota-d-alzira.html\" \/>\n<meta property=\"og:locale\" content=\"pt_BR\" \/>\n<meta property=\"og:type\" content=\"article\" \/>\n<meta property=\"og:title\" content=\"Festa da Penha: As li\u00e7\u00f5es da devota D. Alzira - Not\u00edcias - Franciscanos\" \/>\n<meta property=\"og:description\" content=\"Festa da Penha 2019\" \/>\n<meta property=\"og:url\" content=\"https:\/\/franciscanos.org.br\/noticias\/festa-da-penha-as-licoes-da-devota-d-alzira.html\" \/>\n<meta property=\"og:site_name\" content=\"Not\u00edcias - Franciscanos\" \/>\n<meta property=\"article:published_time\" content=\"2019-04-26T11:39:35+00:00\" \/>\n<meta property=\"og:image\" content=\"https:\/\/franciscanos.org.br\/noticias\/wp-content\/uploads\/2019\/04\/perfil_2604.jpg\" \/>\n\t<meta property=\"og:image:width\" content=\"273\" \/>\n\t<meta property=\"og:image:height\" content=\"181\" \/>\n\t<meta property=\"og:image:type\" content=\"image\/jpeg\" \/>\n<meta name=\"author\" content=\"moacir\" \/>\n<meta name=\"twitter:card\" content=\"summary_large_image\" \/>\n<meta name=\"twitter:label1\" content=\"Escrito por\" \/>\n\t<meta name=\"twitter:data1\" content=\"moacir\" \/>\n\t<meta name=\"twitter:label2\" content=\"Est. tempo de leitura\" \/>\n\t<meta name=\"twitter:data2\" content=\"5 minutos\" \/>\n<script type=\"application\/ld+json\" class=\"yoast-schema-graph\">{\"@context\":\"https:\/\/schema.org\",\"@graph\":[{\"@type\":\"WebSite\",\"@id\":\"https:\/\/franciscanos.org.br\/noticias\/#website\",\"url\":\"https:\/\/franciscanos.org.br\/noticias\/\",\"name\":\"Not\u00edcias - Franciscanos\",\"description\":\"Prov\u00edncia Franciscana da Imaculada Concei\u00e7\u00e3o do Brasil - Ordem dos Frades Menores - OFM\",\"potentialAction\":[{\"@type\":\"SearchAction\",\"target\":{\"@type\":\"EntryPoint\",\"urlTemplate\":\"https:\/\/franciscanos.org.br\/noticias\/?s={search_term_string}\"},\"query-input\":\"required name=search_term_string\"}],\"inLanguage\":\"pt-BR\"},{\"@type\":\"ImageObject\",\"inLanguage\":\"pt-BR\",\"@id\":\"https:\/\/franciscanos.org.br\/noticias\/festa-da-penha-as-licoes-da-devota-d-alzira.html#primaryimage\",\"url\":\"https:\/\/franciscanos.org.br\/noticias\/wp-content\/uploads\/2019\/04\/perfil_2604.jpg\",\"contentUrl\":\"https:\/\/franciscanos.org.br\/noticias\/wp-content\/uploads\/2019\/04\/perfil_2604.jpg\",\"width\":273,\"height\":181},{\"@type\":\"WebPage\",\"@id\":\"https:\/\/franciscanos.org.br\/noticias\/festa-da-penha-as-licoes-da-devota-d-alzira.html#webpage\",\"url\":\"https:\/\/franciscanos.org.br\/noticias\/festa-da-penha-as-licoes-da-devota-d-alzira.html\",\"name\":\"Festa da Penha: As li\u00e7\u00f5es da devota D. Alzira - Not\u00edcias - Franciscanos\",\"isPartOf\":{\"@id\":\"https:\/\/franciscanos.org.br\/noticias\/#website\"},\"primaryImageOfPage\":{\"@id\":\"https:\/\/franciscanos.org.br\/noticias\/festa-da-penha-as-licoes-da-devota-d-alzira.html#primaryimage\"},\"datePublished\":\"2019-04-26T11:39:35+00:00\",\"dateModified\":\"2019-04-26T11:39:35+00:00\",\"author\":{\"@id\":\"https:\/\/franciscanos.org.br\/noticias\/#\/schema\/person\/b5c8cba458c330ccff548b056e95a5d4\"},\"breadcrumb\":{\"@id\":\"https:\/\/franciscanos.org.br\/noticias\/festa-da-penha-as-licoes-da-devota-d-alzira.html#breadcrumb\"},\"inLanguage\":\"pt-BR\",\"potentialAction\":[{\"@type\":\"ReadAction\",\"target\":[\"https:\/\/franciscanos.org.br\/noticias\/festa-da-penha-as-licoes-da-devota-d-alzira.html\"]}]},{\"@type\":\"BreadcrumbList\",\"@id\":\"https:\/\/franciscanos.org.br\/noticias\/festa-da-penha-as-licoes-da-devota-d-alzira.html#breadcrumb\",\"itemListElement\":[{\"@type\":\"ListItem\",\"position\":1,\"name\":\"Home\",\"item\":\"https:\/\/franciscanos.org.br\/noticias\"},{\"@type\":\"ListItem\",\"position\":2,\"name\":\"Festa da Penha: As li\u00e7\u00f5es da devota D. Alzira\"}]},{\"@type\":\"Person\",\"@id\":\"https:\/\/franciscanos.org.br\/noticias\/#\/schema\/person\/b5c8cba458c330ccff548b056e95a5d4\",\"name\":\"moacir\",\"image\":{\"@type\":\"ImageObject\",\"inLanguage\":\"pt-BR\",\"@id\":\"https:\/\/franciscanos.org.br\/noticias\/#\/schema\/person\/image\/\",\"url\":\"https:\/\/secure.gravatar.com\/avatar\/d08aa2ce4c8dd416d4479aa8536fcf64?s=96&d=mm&r=g\",\"contentUrl\":\"https:\/\/secure.gravatar.com\/avatar\/d08aa2ce4c8dd416d4479aa8536fcf64?s=96&d=mm&r=g\",\"caption\":\"moacir\"},\"url\":\"https:\/\/franciscanos.org.br\/noticias\/author\/moacir\"}]}<\/script>\n<!-- \/ Yoast SEO plugin. -->","yoast_head_json":{"title":"Festa da Penha: As li\u00e7\u00f5es da devota D. Alzira - Not\u00edcias - Franciscanos","robots":{"index":"index","follow":"follow","max-snippet":"max-snippet:-1","max-image-preview":"max-image-preview:large","max-video-preview":"max-video-preview:-1"},"canonical":"https:\/\/franciscanos.org.br\/noticias\/festa-da-penha-as-licoes-da-devota-d-alzira.html","og_locale":"pt_BR","og_type":"article","og_title":"Festa da Penha: As li\u00e7\u00f5es da devota D. Alzira - Not\u00edcias - Franciscanos","og_description":"Festa da Penha 2019","og_url":"https:\/\/franciscanos.org.br\/noticias\/festa-da-penha-as-licoes-da-devota-d-alzira.html","og_site_name":"Not\u00edcias - Franciscanos","article_published_time":"2019-04-26T11:39:35+00:00","og_image":[{"width":273,"height":181,"url":"https:\/\/franciscanos.org.br\/noticias\/wp-content\/uploads\/2019\/04\/perfil_2604.jpg","type":"image\/jpeg"}],"author":"moacir","twitter_card":"summary_large_image","twitter_misc":{"Escrito por":"moacir","Est. tempo de leitura":"5 minutos"},"schema":{"@context":"https:\/\/schema.org","@graph":[{"@type":"WebSite","@id":"https:\/\/franciscanos.org.br\/noticias\/#website","url":"https:\/\/franciscanos.org.br\/noticias\/","name":"Not\u00edcias - Franciscanos","description":"Prov\u00edncia Franciscana da Imaculada Concei\u00e7\u00e3o do Brasil - Ordem dos Frades Menores - OFM","potentialAction":[{"@type":"SearchAction","target":{"@type":"EntryPoint","urlTemplate":"https:\/\/franciscanos.org.br\/noticias\/?s={search_term_string}"},"query-input":"required name=search_term_string"}],"inLanguage":"pt-BR"},{"@type":"ImageObject","inLanguage":"pt-BR","@id":"https:\/\/franciscanos.org.br\/noticias\/festa-da-penha-as-licoes-da-devota-d-alzira.html#primaryimage","url":"https:\/\/franciscanos.org.br\/noticias\/wp-content\/uploads\/2019\/04\/perfil_2604.jpg","contentUrl":"https:\/\/franciscanos.org.br\/noticias\/wp-content\/uploads\/2019\/04\/perfil_2604.jpg","width":273,"height":181},{"@type":"WebPage","@id":"https:\/\/franciscanos.org.br\/noticias\/festa-da-penha-as-licoes-da-devota-d-alzira.html#webpage","url":"https:\/\/franciscanos.org.br\/noticias\/festa-da-penha-as-licoes-da-devota-d-alzira.html","name":"Festa da Penha: As li\u00e7\u00f5es da devota D. Alzira - Not\u00edcias - Franciscanos","isPartOf":{"@id":"https:\/\/franciscanos.org.br\/noticias\/#website"},"primaryImageOfPage":{"@id":"https:\/\/franciscanos.org.br\/noticias\/festa-da-penha-as-licoes-da-devota-d-alzira.html#primaryimage"},"datePublished":"2019-04-26T11:39:35+00:00","dateModified":"2019-04-26T11:39:35+00:00","author":{"@id":"https:\/\/franciscanos.org.br\/noticias\/#\/schema\/person\/b5c8cba458c330ccff548b056e95a5d4"},"breadcrumb":{"@id":"https:\/\/franciscanos.org.br\/noticias\/festa-da-penha-as-licoes-da-devota-d-alzira.html#breadcrumb"},"inLanguage":"pt-BR","potentialAction":[{"@type":"ReadAction","target":["https:\/\/franciscanos.org.br\/noticias\/festa-da-penha-as-licoes-da-devota-d-alzira.html"]}]},{"@type":"BreadcrumbList","@id":"https:\/\/franciscanos.org.br\/noticias\/festa-da-penha-as-licoes-da-devota-d-alzira.html#breadcrumb","itemListElement":[{"@type":"ListItem","position":1,"name":"Home","item":"https:\/\/franciscanos.org.br\/noticias"},{"@type":"ListItem","position":2,"name":"Festa da Penha: As li\u00e7\u00f5es da devota D. Alzira"}]},{"@type":"Person","@id":"https:\/\/franciscanos.org.br\/noticias\/#\/schema\/person\/b5c8cba458c330ccff548b056e95a5d4","name":"moacir","image":{"@type":"ImageObject","inLanguage":"pt-BR","@id":"https:\/\/franciscanos.org.br\/noticias\/#\/schema\/person\/image\/","url":"https:\/\/secure.gravatar.com\/avatar\/d08aa2ce4c8dd416d4479aa8536fcf64?s=96&d=mm&r=g","contentUrl":"https:\/\/secure.gravatar.com\/avatar\/d08aa2ce4c8dd416d4479aa8536fcf64?s=96&d=mm&r=g","caption":"moacir"},"url":"https:\/\/franciscanos.org.br\/noticias\/author\/moacir"}]}},"_links":{"self":[{"href":"https:\/\/franciscanos.org.br\/noticias\/wp-json\/wp\/v2\/posts\/203495"}],"collection":[{"href":"https:\/\/franciscanos.org.br\/noticias\/wp-json\/wp\/v2\/posts"}],"about":[{"href":"https:\/\/franciscanos.org.br\/noticias\/wp-json\/wp\/v2\/types\/post"}],"author":[{"embeddable":true,"href":"https:\/\/franciscanos.org.br\/noticias\/wp-json\/wp\/v2\/users\/3"}],"replies":[{"embeddable":true,"href":"https:\/\/franciscanos.org.br\/noticias\/wp-json\/wp\/v2\/comments?post=203495"}],"version-history":[{"count":0,"href":"https:\/\/franciscanos.org.br\/noticias\/wp-json\/wp\/v2\/posts\/203495\/revisions"}],"wp:featuredmedia":[{"embeddable":true,"href":"https:\/\/franciscanos.org.br\/noticias\/wp-json\/wp\/v2\/media\/203496"}],"wp:attachment":[{"href":"https:\/\/franciscanos.org.br\/noticias\/wp-json\/wp\/v2\/media?parent=203495"}],"wp:term":[{"taxonomy":"category","embeddable":true,"href":"https:\/\/franciscanos.org.br\/noticias\/wp-json\/wp\/v2\/categories?post=203495"},{"taxonomy":"post_tag","embeddable":true,"href":"https:\/\/franciscanos.org.br\/noticias\/wp-json\/wp\/v2\/tags?post=203495"}],"curies":[{"name":"wp","href":"https:\/\/api.w.org\/{rel}","templated":true}]}}