{"id":203488,"date":"2019-04-26T06:35:06","date_gmt":"2019-04-26T09:35:06","guid":{"rendered":"https:\/\/franciscanos.org.br\/noticias\/?p=203488"},"modified":"2019-05-22T09:41:22","modified_gmt":"2019-05-22T12:41:22","slug":"manha-franciscana-comeca-a-animar-os-fins-de-semana-pelas-ondas-do-radio","status":"publish","type":"post","link":"https:\/\/franciscanos.org.br\/noticias\/manha-franciscana-comeca-a-animar-os-fins-de-semana-pelas-ondas-do-radio.html","title":{"rendered":"Manh\u00e3 Franciscana come\u00e7a a animar os fins de semana pelas ondas do r\u00e1dio"},"content":{"rendered":"<p><img loading=\"lazy\" class=\"alignnone wp-image-203490 size-full\" src=\"https:\/\/franciscanos.org.br\/noticias\/wp-content\/uploads\/2019\/04\/manha_260419.jpg\" alt=\"\" width=\"890\" height=\"496\" srcset=\"https:\/\/franciscanos.org.br\/noticias\/wp-content\/uploads\/2019\/04\/manha_260419.jpg 890w, https:\/\/franciscanos.org.br\/noticias\/wp-content\/uploads\/2019\/04\/manha_260419-450x251.jpg 450w, https:\/\/franciscanos.org.br\/noticias\/wp-content\/uploads\/2019\/04\/manha_260419-768x428.jpg 768w, https:\/\/franciscanos.org.br\/noticias\/wp-content\/uploads\/2019\/04\/manha_260419-150x84.jpg 150w\" sizes=\"(max-width: 890px) 100vw, 890px\" \/><\/p>\n<p>Estreia neste s\u00e1bado, dia 27 de abril, \u00e0s 10 horas, o Programa <em>Manh\u00e3 Franciscana<\/em>. Semanalmente e com uma hora de dura\u00e7\u00e3o, a atra\u00e7\u00e3o vai ao ar pelas R\u00e1dios <a href=\"http:\/\/www.sintoniadovale.com.br\/player.php\" target=\"_blank\" rel=\"noopener noreferrer\">Sintonia do Vale<\/a>, de Barra do Pira\u00ed, RJ (aos s\u00e1bados, das 10h \u00e0s 11h), <a href=\"http:\/\/www.radiocelinauta.com.br\/assista-ao-vivo\" target=\"_blank\" rel=\"noopener noreferrer\">Celinauta<\/a>, de Pato Branco, PR, e<a href=\"http:\/\/portalcoroado.com.br\/home\/\" target=\"_blank\" rel=\"noopener noreferrer\"> Coroado<\/a>, de Curitibanos, SC, nestas duas aos domingos, das 7h \u00e0s 8h.<\/p>\n<p>O programa \u00e9 uma iniciativa da Frente de Evangeliza\u00e7\u00e3o da Comunica\u00e7\u00e3o da Prov\u00edncia e tem apresenta\u00e7\u00e3o de Frei Gustavo Medella. Conta ainda com a participa\u00e7\u00e3o de diversos outros frades e tamb\u00e9m de profissionais das emissoras que comp\u00f5em a Frente (Celinauta, Coroado e Movimento).<\/p>\n<p>Com ora\u00e7\u00f5es, m\u00fasicas, entrevistas e quadros variados que v\u00e3o da forma\u00e7\u00e3o e da devo\u00e7\u00e3o ao humor, a iniciativa deseja oferecer ao ouvinte um espa\u00e7o radiof\u00f4nico de encontro, ora\u00e7\u00e3o e descontra\u00e7\u00e3o. Al\u00e9m de poder acompanhar o programa ao vivo pelo r\u00e1dio ou pela internet, o ouvinte tamb\u00e9m poder\u00e1 ter acesso ao conte\u00fado para ouvir ou baixar a qualquer hora pelo <a href=\"https:\/\/open.spotify.com\/show\/5fpW0goz78HPXTkJoxmMkR\" target=\"_blank\" rel=\"noopener noreferrer\"><em>Spotify<\/em> <\/a>ou <a href=\"https:\/\/soundcloud.com\/provincia-franciscana\" target=\"_blank\" rel=\"noopener noreferrer\"><em>Soundcloud<\/em> <\/a>no site <strong><a href=\"http:\/\/franciscanos.org.br\" target=\"_blank\" rel=\"noopener noreferrer\">franciscanos.org.br<\/a>.<\/strong><\/p>\n<p>Uma novidade que chega com o Programa Manh\u00e3 Franciscana \u00e9 o <strong>Francisapp<\/strong>, o WhatssApp Franciscano (11-97693-2430), pelo qual os ouvintes poder\u00e3o enviar perguntas, sugest\u00f5es, pedidos de m\u00fasica, mensagens de texto e de voz etc.<\/p>\n<p><strong>Ou\u00e7a os primeiros programas:<\/strong><\/p>\n<p><iframe loading=\"lazy\" src=\"https:\/\/w.soundcloud.com\/player\/?url=https%3A\/\/api.soundcloud.com\/tracks\/613127322&amp;color=%23ba9a7d&amp;auto_play=true&amp;hide_related=true&amp;show_comments=false&amp;show_user=true&amp;show_reposts=false&amp;show_teaser=false\" width=\"100%\" height=\"166\" frameborder=\"no\" scrolling=\"no\"><\/iframe><\/p>\n<p><iframe loading=\"lazy\" src=\"https:\/\/w.soundcloud.com\/player\/?url=https%3A\/\/api.soundcloud.com\/tracks\/616429140&amp;color=%23ba9a7d&amp;auto_play=true&amp;hide_related=true&amp;show_comments=false&amp;show_user=true&amp;show_reposts=false&amp;show_teaser=false\" width=\"100%\" height=\"166\" frameborder=\"no\" scrolling=\"no\"><\/iframe><\/p>\n<p><iframe loading=\"lazy\" src=\"https:\/\/w.soundcloud.com\/player\/?url=https%3A\/\/api.soundcloud.com\/tracks\/622278294&amp;color=%23ff5500&amp;auto_play=false&amp;hide_related=false&amp;show_comments=true&amp;show_user=true&amp;show_reposts=false&amp;show_teaser=true\" width=\"100%\" height=\"166\" frameborder=\"no\" scrolling=\"no\"><\/iframe><\/p>\n","protected":false},"excerpt":{"rendered":"<p>Frente de Evangeliza\u00e7\u00e3o da Prov\u00edncia<\/p>\n","protected":false},"author":3,"featured_media":203489,"comment_status":"open","ping_status":"open","sticky":false,"template":"","format":"standard","meta":[],"categories":[1],"tags":[550,1444,1434],"acf":[],"yoast_head":"<!-- This site is optimized with the Yoast SEO plugin v19.2 - https:\/\/yoast.com\/wordpress\/plugins\/seo\/ -->\n<title>Manh\u00e3 Franciscana come\u00e7a a animar os fins de semana pelas ondas do r\u00e1dio - Not\u00edcias - Franciscanos<\/title>\n<meta name=\"robots\" content=\"index, follow, max-snippet:-1, max-image-preview:large, max-video-preview:-1\" \/>\n<link rel=\"canonical\" href=\"https:\/\/franciscanos.org.br\/noticias\/manha-franciscana-comeca-a-animar-os-fins-de-semana-pelas-ondas-do-radio.html\" \/>\n<meta property=\"og:locale\" content=\"pt_BR\" \/>\n<meta property=\"og:type\" content=\"article\" \/>\n<meta property=\"og:title\" content=\"Manh\u00e3 Franciscana come\u00e7a a animar os fins de semana pelas ondas do r\u00e1dio - Not\u00edcias - Franciscanos\" \/>\n<meta property=\"og:description\" content=\"Frente de Evangeliza\u00e7\u00e3o da Prov\u00edncia\" \/>\n<meta property=\"og:url\" content=\"https:\/\/franciscanos.org.br\/noticias\/manha-franciscana-comeca-a-animar-os-fins-de-semana-pelas-ondas-do-radio.html\" \/>\n<meta property=\"og:site_name\" content=\"Not\u00edcias - Franciscanos\" \/>\n<meta property=\"article:published_time\" content=\"2019-04-26T09:35:06+00:00\" \/>\n<meta property=\"article:modified_time\" content=\"2019-05-22T12:41:22+00:00\" \/>\n<meta property=\"og:image\" content=\"https:\/\/franciscanos.org.br\/noticias\/wp-content\/uploads\/2019\/04\/manha_260419_d.jpg\" \/>\n\t<meta property=\"og:image:width\" content=\"273\" \/>\n\t<meta property=\"og:image:height\" content=\"181\" \/>\n\t<meta property=\"og:image:type\" content=\"image\/jpeg\" \/>\n<meta name=\"author\" content=\"moacir\" \/>\n<meta name=\"twitter:card\" content=\"summary_large_image\" \/>\n<meta name=\"twitter:label1\" content=\"Escrito por\" \/>\n\t<meta name=\"twitter:data1\" content=\"moacir\" \/>\n\t<meta name=\"twitter:label2\" content=\"Est. tempo de leitura\" \/>\n\t<meta name=\"twitter:data2\" content=\"1 minuto\" \/>\n<script type=\"application\/ld+json\" class=\"yoast-schema-graph\">{\"@context\":\"https:\/\/schema.org\",\"@graph\":[{\"@type\":\"WebSite\",\"@id\":\"https:\/\/franciscanos.org.br\/noticias\/#website\",\"url\":\"https:\/\/franciscanos.org.br\/noticias\/\",\"name\":\"Not\u00edcias - Franciscanos\",\"description\":\"Prov\u00edncia Franciscana da Imaculada Concei\u00e7\u00e3o do Brasil - Ordem dos Frades Menores - OFM\",\"potentialAction\":[{\"@type\":\"SearchAction\",\"target\":{\"@type\":\"EntryPoint\",\"urlTemplate\":\"https:\/\/franciscanos.org.br\/noticias\/?s={search_term_string}\"},\"query-input\":\"required name=search_term_string\"}],\"inLanguage\":\"pt-BR\"},{\"@type\":\"ImageObject\",\"inLanguage\":\"pt-BR\",\"@id\":\"https:\/\/franciscanos.org.br\/noticias\/manha-franciscana-comeca-a-animar-os-fins-de-semana-pelas-ondas-do-radio.html#primaryimage\",\"url\":\"https:\/\/franciscanos.org.br\/noticias\/wp-content\/uploads\/2019\/04\/manha_260419_d.jpg\",\"contentUrl\":\"https:\/\/franciscanos.org.br\/noticias\/wp-content\/uploads\/2019\/04\/manha_260419_d.jpg\",\"width\":273,\"height\":181},{\"@type\":\"WebPage\",\"@id\":\"https:\/\/franciscanos.org.br\/noticias\/manha-franciscana-comeca-a-animar-os-fins-de-semana-pelas-ondas-do-radio.html#webpage\",\"url\":\"https:\/\/franciscanos.org.br\/noticias\/manha-franciscana-comeca-a-animar-os-fins-de-semana-pelas-ondas-do-radio.html\",\"name\":\"Manh\u00e3 Franciscana come\u00e7a a animar os fins de semana pelas ondas do r\u00e1dio - Not\u00edcias - Franciscanos\",\"isPartOf\":{\"@id\":\"https:\/\/franciscanos.org.br\/noticias\/#website\"},\"primaryImageOfPage\":{\"@id\":\"https:\/\/franciscanos.org.br\/noticias\/manha-franciscana-comeca-a-animar-os-fins-de-semana-pelas-ondas-do-radio.html#primaryimage\"},\"datePublished\":\"2019-04-26T09:35:06+00:00\",\"dateModified\":\"2019-05-22T12:41:22+00:00\",\"author\":{\"@id\":\"https:\/\/franciscanos.org.br\/noticias\/#\/schema\/person\/b5c8cba458c330ccff548b056e95a5d4\"},\"breadcrumb\":{\"@id\":\"https:\/\/franciscanos.org.br\/noticias\/manha-franciscana-comeca-a-animar-os-fins-de-semana-pelas-ondas-do-radio.html#breadcrumb\"},\"inLanguage\":\"pt-BR\",\"potentialAction\":[{\"@type\":\"ReadAction\",\"target\":[\"https:\/\/franciscanos.org.br\/noticias\/manha-franciscana-comeca-a-animar-os-fins-de-semana-pelas-ondas-do-radio.html\"]}]},{\"@type\":\"BreadcrumbList\",\"@id\":\"https:\/\/franciscanos.org.br\/noticias\/manha-franciscana-comeca-a-animar-os-fins-de-semana-pelas-ondas-do-radio.html#breadcrumb\",\"itemListElement\":[{\"@type\":\"ListItem\",\"position\":1,\"name\":\"Home\",\"item\":\"https:\/\/franciscanos.org.br\/noticias\"},{\"@type\":\"ListItem\",\"position\":2,\"name\":\"Manh\u00e3 Franciscana come\u00e7a a animar os fins de semana pelas ondas do r\u00e1dio\"}]},{\"@type\":\"Person\",\"@id\":\"https:\/\/franciscanos.org.br\/noticias\/#\/schema\/person\/b5c8cba458c330ccff548b056e95a5d4\",\"name\":\"moacir\",\"image\":{\"@type\":\"ImageObject\",\"inLanguage\":\"pt-BR\",\"@id\":\"https:\/\/franciscanos.org.br\/noticias\/#\/schema\/person\/image\/\",\"url\":\"https:\/\/secure.gravatar.com\/avatar\/d08aa2ce4c8dd416d4479aa8536fcf64?s=96&d=mm&r=g\",\"contentUrl\":\"https:\/\/secure.gravatar.com\/avatar\/d08aa2ce4c8dd416d4479aa8536fcf64?s=96&d=mm&r=g\",\"caption\":\"moacir\"},\"url\":\"https:\/\/franciscanos.org.br\/noticias\/author\/moacir\"}]}<\/script>\n<!-- \/ Yoast SEO plugin. -->","yoast_head_json":{"title":"Manh\u00e3 Franciscana come\u00e7a a animar os fins de semana pelas ondas do r\u00e1dio - Not\u00edcias - Franciscanos","robots":{"index":"index","follow":"follow","max-snippet":"max-snippet:-1","max-image-preview":"max-image-preview:large","max-video-preview":"max-video-preview:-1"},"canonical":"https:\/\/franciscanos.org.br\/noticias\/manha-franciscana-comeca-a-animar-os-fins-de-semana-pelas-ondas-do-radio.html","og_locale":"pt_BR","og_type":"article","og_title":"Manh\u00e3 Franciscana come\u00e7a a animar os fins de semana pelas ondas do r\u00e1dio - Not\u00edcias - Franciscanos","og_description":"Frente de Evangeliza\u00e7\u00e3o da Prov\u00edncia","og_url":"https:\/\/franciscanos.org.br\/noticias\/manha-franciscana-comeca-a-animar-os-fins-de-semana-pelas-ondas-do-radio.html","og_site_name":"Not\u00edcias - Franciscanos","article_published_time":"2019-04-26T09:35:06+00:00","article_modified_time":"2019-05-22T12:41:22+00:00","og_image":[{"width":273,"height":181,"url":"https:\/\/franciscanos.org.br\/noticias\/wp-content\/uploads\/2019\/04\/manha_260419_d.jpg","type":"image\/jpeg"}],"author":"moacir","twitter_card":"summary_large_image","twitter_misc":{"Escrito por":"moacir","Est. tempo de leitura":"1 minuto"},"schema":{"@context":"https:\/\/schema.org","@graph":[{"@type":"WebSite","@id":"https:\/\/franciscanos.org.br\/noticias\/#website","url":"https:\/\/franciscanos.org.br\/noticias\/","name":"Not\u00edcias - Franciscanos","description":"Prov\u00edncia Franciscana da Imaculada Concei\u00e7\u00e3o do Brasil - Ordem dos Frades Menores - OFM","potentialAction":[{"@type":"SearchAction","target":{"@type":"EntryPoint","urlTemplate":"https:\/\/franciscanos.org.br\/noticias\/?s={search_term_string}"},"query-input":"required name=search_term_string"}],"inLanguage":"pt-BR"},{"@type":"ImageObject","inLanguage":"pt-BR","@id":"https:\/\/franciscanos.org.br\/noticias\/manha-franciscana-comeca-a-animar-os-fins-de-semana-pelas-ondas-do-radio.html#primaryimage","url":"https:\/\/franciscanos.org.br\/noticias\/wp-content\/uploads\/2019\/04\/manha_260419_d.jpg","contentUrl":"https:\/\/franciscanos.org.br\/noticias\/wp-content\/uploads\/2019\/04\/manha_260419_d.jpg","width":273,"height":181},{"@type":"WebPage","@id":"https:\/\/franciscanos.org.br\/noticias\/manha-franciscana-comeca-a-animar-os-fins-de-semana-pelas-ondas-do-radio.html#webpage","url":"https:\/\/franciscanos.org.br\/noticias\/manha-franciscana-comeca-a-animar-os-fins-de-semana-pelas-ondas-do-radio.html","name":"Manh\u00e3 Franciscana come\u00e7a a animar os fins de semana pelas ondas do r\u00e1dio - Not\u00edcias - Franciscanos","isPartOf":{"@id":"https:\/\/franciscanos.org.br\/noticias\/#website"},"primaryImageOfPage":{"@id":"https:\/\/franciscanos.org.br\/noticias\/manha-franciscana-comeca-a-animar-os-fins-de-semana-pelas-ondas-do-radio.html#primaryimage"},"datePublished":"2019-04-26T09:35:06+00:00","dateModified":"2019-05-22T12:41:22+00:00","author":{"@id":"https:\/\/franciscanos.org.br\/noticias\/#\/schema\/person\/b5c8cba458c330ccff548b056e95a5d4"},"breadcrumb":{"@id":"https:\/\/franciscanos.org.br\/noticias\/manha-franciscana-comeca-a-animar-os-fins-de-semana-pelas-ondas-do-radio.html#breadcrumb"},"inLanguage":"pt-BR","potentialAction":[{"@type":"ReadAction","target":["https:\/\/franciscanos.org.br\/noticias\/manha-franciscana-comeca-a-animar-os-fins-de-semana-pelas-ondas-do-radio.html"]}]},{"@type":"BreadcrumbList","@id":"https:\/\/franciscanos.org.br\/noticias\/manha-franciscana-comeca-a-animar-os-fins-de-semana-pelas-ondas-do-radio.html#breadcrumb","itemListElement":[{"@type":"ListItem","position":1,"name":"Home","item":"https:\/\/franciscanos.org.br\/noticias"},{"@type":"ListItem","position":2,"name":"Manh\u00e3 Franciscana come\u00e7a a animar os fins de semana pelas ondas do r\u00e1dio"}]},{"@type":"Person","@id":"https:\/\/franciscanos.org.br\/noticias\/#\/schema\/person\/b5c8cba458c330ccff548b056e95a5d4","name":"moacir","image":{"@type":"ImageObject","inLanguage":"pt-BR","@id":"https:\/\/franciscanos.org.br\/noticias\/#\/schema\/person\/image\/","url":"https:\/\/secure.gravatar.com\/avatar\/d08aa2ce4c8dd416d4479aa8536fcf64?s=96&d=mm&r=g","contentUrl":"https:\/\/secure.gravatar.com\/avatar\/d08aa2ce4c8dd416d4479aa8536fcf64?s=96&d=mm&r=g","caption":"moacir"},"url":"https:\/\/franciscanos.org.br\/noticias\/author\/moacir"}]}},"_links":{"self":[{"href":"https:\/\/franciscanos.org.br\/noticias\/wp-json\/wp\/v2\/posts\/203488"}],"collection":[{"href":"https:\/\/franciscanos.org.br\/noticias\/wp-json\/wp\/v2\/posts"}],"about":[{"href":"https:\/\/franciscanos.org.br\/noticias\/wp-json\/wp\/v2\/types\/post"}],"author":[{"embeddable":true,"href":"https:\/\/franciscanos.org.br\/noticias\/wp-json\/wp\/v2\/users\/3"}],"replies":[{"embeddable":true,"href":"https:\/\/franciscanos.org.br\/noticias\/wp-json\/wp\/v2\/comments?post=203488"}],"version-history":[{"count":0,"href":"https:\/\/franciscanos.org.br\/noticias\/wp-json\/wp\/v2\/posts\/203488\/revisions"}],"wp:featuredmedia":[{"embeddable":true,"href":"https:\/\/franciscanos.org.br\/noticias\/wp-json\/wp\/v2\/media\/203489"}],"wp:attachment":[{"href":"https:\/\/franciscanos.org.br\/noticias\/wp-json\/wp\/v2\/media?parent=203488"}],"wp:term":[{"taxonomy":"category","embeddable":true,"href":"https:\/\/franciscanos.org.br\/noticias\/wp-json\/wp\/v2\/categories?post=203488"},{"taxonomy":"post_tag","embeddable":true,"href":"https:\/\/franciscanos.org.br\/noticias\/wp-json\/wp\/v2\/tags?post=203488"}],"curies":[{"name":"wp","href":"https:\/\/api.w.org\/{rel}","templated":true}]}}