{"id":203343,"date":"2019-04-25T10:18:21","date_gmt":"2019-04-25T13:18:21","guid":{"rendered":"https:\/\/franciscanos.org.br\/noticias\/?p=203343"},"modified":"2019-04-25T10:18:57","modified_gmt":"2019-04-25T13:18:57","slug":"papa-aos-surdos-deus-se-sente-com-a-fe-nao-com-os-ouvidos","status":"publish","type":"post","link":"https:\/\/franciscanos.org.br\/noticias\/papa-aos-surdos-deus-se-sente-com-a-fe-nao-com-os-ouvidos.html","title":{"rendered":"Papa: &#8220;Deus se sente com a f\u00e9, n\u00e3o com os ouvidos&#8221;"},"content":{"rendered":"<p><img loading=\"lazy\" class=\"alignnone wp-image-203344 size-full\" src=\"https:\/\/franciscanos.org.br\/noticias\/wp-content\/uploads\/2019\/04\/surdos_2504.jpg\" alt=\"\" width=\"890\" height=\"501\" srcset=\"https:\/\/franciscanos.org.br\/noticias\/wp-content\/uploads\/2019\/04\/surdos_2504.jpg 890w, https:\/\/franciscanos.org.br\/noticias\/wp-content\/uploads\/2019\/04\/surdos_2504-450x253.jpg 450w, https:\/\/franciscanos.org.br\/noticias\/wp-content\/uploads\/2019\/04\/surdos_2504-768x432.jpg 768w, https:\/\/franciscanos.org.br\/noticias\/wp-content\/uploads\/2019\/04\/surdos_2504-150x84.jpg 150w\" sizes=\"(max-width: 890px) 100vw, 890px\" \/><\/p>\n<p><strong>Cidade do Vaticano<\/strong> &#8211; O Papa Francisco concluiu sua s\u00e9rie de audi\u00eancias esta quinta-feira (25\/04) recebendo os membros da Federa\u00e7\u00e3o Italiana das Associa\u00e7\u00f5es de Surdos. \u201cAs pessoas surdas vivem inevitavelmente uma condi\u00e7\u00e3o de fragilidade; e isto faz parte da vida e se pode aceitar positivamente. O que ao inv\u00e9s n\u00e3o se pode aceitar \u00e9 que essas pessoas e suas fam\u00edlias vivam situa\u00e7\u00f5es de preconceito, \u00e0s vezes, inclusive, dentro da pr\u00f3pria comunidade crist\u00e3\u201d, disse o Papa.<\/p>\n<p>Francisco recordou ent\u00e3o que as cidades e as par\u00f3quias s\u00e3o chamadas a superar sempre mais as barreiras que n\u00e3o permitem colher plenamente a potencialidade das diversidades. \u201cVoc\u00eas nos ensinam, ao inv\u00e9s, que somente habitando o limite e a fragilidade \u00e9 poss\u00edvel ser construtores da cultura do encontro, em oposi\u00e7\u00e3o \u00e0 indiferen\u00e7a que cresce.\u201d<\/p>\n<p><img loading=\"lazy\" class=\"alignnone size-full wp-image-203345\" src=\"https:\/\/franciscanos.org.br\/noticias\/wp-content\/uploads\/2019\/04\/surdos_2504_3.jpg\" alt=\"\" width=\"890\" height=\"501\" srcset=\"https:\/\/franciscanos.org.br\/noticias\/wp-content\/uploads\/2019\/04\/surdos_2504_3.jpg 890w, https:\/\/franciscanos.org.br\/noticias\/wp-content\/uploads\/2019\/04\/surdos_2504_3-450x253.jpg 450w, https:\/\/franciscanos.org.br\/noticias\/wp-content\/uploads\/2019\/04\/surdos_2504_3-768x432.jpg 768w, https:\/\/franciscanos.org.br\/noticias\/wp-content\/uploads\/2019\/04\/surdos_2504_3-150x84.jpg 150w\" sizes=\"(max-width: 890px) 100vw, 890px\" \/><\/p>\n<p><strong>Para sentir Deus, \u00e9 preciso ter f\u00e9<\/strong><br \/>\nO Pont\u00edfice reiterou que os surdos s\u00e3o um dom na Igreja e sua presen\u00e7a, inclusive entre os agentes pastorais, pode representar um recurso e uma ocasi\u00e3o de evangeliza\u00e7\u00e3o. \u201cA presen\u00e7a de Deus n\u00e3o se percebe com os ouvidos, mas com a f\u00e9; portanto, eu os encorajo a reavivar a sua f\u00e9 para sentir sempre mais a proximidade de Deus, cuja voz ressoa no cora\u00e7\u00e3o de cada um e todos podemos ouvi-la. Assim, voc\u00eas poder\u00e3o ajudar as pessoas que n\u00e3o \u201couvem\u201d a voz de Deus a estarem mais atentas a ela. Esta \u00e9 uma significativa contribui\u00e7\u00e3o que as pessoas surdas podem dar \u00e0 vitalidade da Igreja. \u201d<\/p>\n<p><img loading=\"lazy\" class=\"alignnone size-full wp-image-203346\" src=\"https:\/\/franciscanos.org.br\/noticias\/wp-content\/uploads\/2019\/04\/surdos_2504_1.jpg\" alt=\"\" width=\"890\" height=\"501\" srcset=\"https:\/\/franciscanos.org.br\/noticias\/wp-content\/uploads\/2019\/04\/surdos_2504_1.jpg 890w, https:\/\/franciscanos.org.br\/noticias\/wp-content\/uploads\/2019\/04\/surdos_2504_1-450x253.jpg 450w, https:\/\/franciscanos.org.br\/noticias\/wp-content\/uploads\/2019\/04\/surdos_2504_1-768x432.jpg 768w, https:\/\/franciscanos.org.br\/noticias\/wp-content\/uploads\/2019\/04\/surdos_2504_1-150x84.jpg 150w\" sizes=\"(max-width: 890px) 100vw, 890px\" \/><\/p>\n<p><strong>Revolu\u00e7\u00e3o da ternura<\/strong><br \/>\nO Papa alargou o seu discurso mencionando todas as pessoas surdas n\u00e3o s\u00f3 da It\u00e1lia, mas do mundo, especialmente aquelas que vivem em condi\u00e7\u00f5es de marginaliza\u00e7\u00e3o e de mis\u00e9ria. \u201cRezo por elas e rezo por voc\u00eas para que possam levar sua peculiar contribui\u00e7\u00e3o \u00e0 sociedade, sendo capazes de um olhar prof\u00e9tico, capazes de acompanhar processos de compartilha e inclus\u00e3o, capazes de cooperar para a revolu\u00e7\u00e3o da ternura e da proximidade.\u201d<\/p>\n<p>Concluindo, Francisco reiterou a import\u00e2ncia da presen\u00e7a das pessoas surdas na Igreja \u201cpara construir comunidades que sejam casas acolhedoras e abertas a todos, a partir dos \u00faltimos\u201d.<\/p>\n","protected":false},"excerpt":{"rendered":"<p>O Papa Francisco recebeu no Vaticano os membros da Federa\u00e7\u00e3o Italiana das Associa\u00e7\u00f5es de Surdos.<\/p>\n","protected":false},"author":3,"featured_media":203347,"comment_status":"open","ping_status":"open","sticky":false,"template":"","format":"standard","meta":[],"categories":[1428],"tags":[55],"acf":[],"yoast_head":"<!-- This site is optimized with the Yoast SEO plugin v19.2 - https:\/\/yoast.com\/wordpress\/plugins\/seo\/ -->\n<title>Papa: &quot;Deus se sente com a f\u00e9, n\u00e3o com os ouvidos&quot; - Not\u00edcias - Franciscanos<\/title>\n<meta name=\"robots\" content=\"index, follow, max-snippet:-1, max-image-preview:large, max-video-preview:-1\" \/>\n<link rel=\"canonical\" href=\"https:\/\/franciscanos.org.br\/noticias\/papa-aos-surdos-deus-se-sente-com-a-fe-nao-com-os-ouvidos.html\" \/>\n<meta property=\"og:locale\" content=\"pt_BR\" \/>\n<meta property=\"og:type\" content=\"article\" \/>\n<meta property=\"og:title\" content=\"Papa: &quot;Deus se sente com a f\u00e9, n\u00e3o com os ouvidos&quot; - Not\u00edcias - Franciscanos\" \/>\n<meta property=\"og:description\" content=\"O Papa Francisco recebeu no Vaticano os membros da Federa\u00e7\u00e3o Italiana das Associa\u00e7\u00f5es de Surdos.\" \/>\n<meta property=\"og:url\" content=\"https:\/\/franciscanos.org.br\/noticias\/papa-aos-surdos-deus-se-sente-com-a-fe-nao-com-os-ouvidos.html\" \/>\n<meta property=\"og:site_name\" content=\"Not\u00edcias - Franciscanos\" \/>\n<meta property=\"article:published_time\" content=\"2019-04-25T13:18:21+00:00\" \/>\n<meta property=\"article:modified_time\" content=\"2019-04-25T13:18:57+00:00\" \/>\n<meta property=\"og:image\" content=\"https:\/\/franciscanos.org.br\/noticias\/wp-content\/uploads\/2019\/04\/surdos_2504d.jpg\" \/>\n\t<meta property=\"og:image:width\" content=\"273\" \/>\n\t<meta property=\"og:image:height\" content=\"181\" \/>\n\t<meta property=\"og:image:type\" content=\"image\/jpeg\" \/>\n<meta name=\"author\" content=\"moacir\" \/>\n<meta name=\"twitter:card\" content=\"summary_large_image\" \/>\n<meta name=\"twitter:label1\" content=\"Escrito por\" \/>\n\t<meta name=\"twitter:data1\" content=\"moacir\" \/>\n\t<meta name=\"twitter:label2\" content=\"Est. tempo de leitura\" \/>\n\t<meta name=\"twitter:data2\" content=\"2 minutos\" \/>\n<script type=\"application\/ld+json\" class=\"yoast-schema-graph\">{\"@context\":\"https:\/\/schema.org\",\"@graph\":[{\"@type\":\"WebSite\",\"@id\":\"https:\/\/franciscanos.org.br\/noticias\/#website\",\"url\":\"https:\/\/franciscanos.org.br\/noticias\/\",\"name\":\"Not\u00edcias - Franciscanos\",\"description\":\"Prov\u00edncia Franciscana da Imaculada Concei\u00e7\u00e3o do Brasil - Ordem dos Frades Menores - OFM\",\"potentialAction\":[{\"@type\":\"SearchAction\",\"target\":{\"@type\":\"EntryPoint\",\"urlTemplate\":\"https:\/\/franciscanos.org.br\/noticias\/?s={search_term_string}\"},\"query-input\":\"required name=search_term_string\"}],\"inLanguage\":\"pt-BR\"},{\"@type\":\"ImageObject\",\"inLanguage\":\"pt-BR\",\"@id\":\"https:\/\/franciscanos.org.br\/noticias\/papa-aos-surdos-deus-se-sente-com-a-fe-nao-com-os-ouvidos.html#primaryimage\",\"url\":\"https:\/\/franciscanos.org.br\/noticias\/wp-content\/uploads\/2019\/04\/surdos_2504d.jpg\",\"contentUrl\":\"https:\/\/franciscanos.org.br\/noticias\/wp-content\/uploads\/2019\/04\/surdos_2504d.jpg\",\"width\":273,\"height\":181},{\"@type\":\"WebPage\",\"@id\":\"https:\/\/franciscanos.org.br\/noticias\/papa-aos-surdos-deus-se-sente-com-a-fe-nao-com-os-ouvidos.html#webpage\",\"url\":\"https:\/\/franciscanos.org.br\/noticias\/papa-aos-surdos-deus-se-sente-com-a-fe-nao-com-os-ouvidos.html\",\"name\":\"Papa: \\\"Deus se sente com a f\u00e9, n\u00e3o com os ouvidos\\\" - Not\u00edcias - Franciscanos\",\"isPartOf\":{\"@id\":\"https:\/\/franciscanos.org.br\/noticias\/#website\"},\"primaryImageOfPage\":{\"@id\":\"https:\/\/franciscanos.org.br\/noticias\/papa-aos-surdos-deus-se-sente-com-a-fe-nao-com-os-ouvidos.html#primaryimage\"},\"datePublished\":\"2019-04-25T13:18:21+00:00\",\"dateModified\":\"2019-04-25T13:18:57+00:00\",\"author\":{\"@id\":\"https:\/\/franciscanos.org.br\/noticias\/#\/schema\/person\/b5c8cba458c330ccff548b056e95a5d4\"},\"breadcrumb\":{\"@id\":\"https:\/\/franciscanos.org.br\/noticias\/papa-aos-surdos-deus-se-sente-com-a-fe-nao-com-os-ouvidos.html#breadcrumb\"},\"inLanguage\":\"pt-BR\",\"potentialAction\":[{\"@type\":\"ReadAction\",\"target\":[\"https:\/\/franciscanos.org.br\/noticias\/papa-aos-surdos-deus-se-sente-com-a-fe-nao-com-os-ouvidos.html\"]}]},{\"@type\":\"BreadcrumbList\",\"@id\":\"https:\/\/franciscanos.org.br\/noticias\/papa-aos-surdos-deus-se-sente-com-a-fe-nao-com-os-ouvidos.html#breadcrumb\",\"itemListElement\":[{\"@type\":\"ListItem\",\"position\":1,\"name\":\"Home\",\"item\":\"https:\/\/franciscanos.org.br\/noticias\"},{\"@type\":\"ListItem\",\"position\":2,\"name\":\"Papa: &#8220;Deus se sente com a f\u00e9, n\u00e3o com os ouvidos&#8221;\"}]},{\"@type\":\"Person\",\"@id\":\"https:\/\/franciscanos.org.br\/noticias\/#\/schema\/person\/b5c8cba458c330ccff548b056e95a5d4\",\"name\":\"moacir\",\"image\":{\"@type\":\"ImageObject\",\"inLanguage\":\"pt-BR\",\"@id\":\"https:\/\/franciscanos.org.br\/noticias\/#\/schema\/person\/image\/\",\"url\":\"https:\/\/secure.gravatar.com\/avatar\/d08aa2ce4c8dd416d4479aa8536fcf64?s=96&d=mm&r=g\",\"contentUrl\":\"https:\/\/secure.gravatar.com\/avatar\/d08aa2ce4c8dd416d4479aa8536fcf64?s=96&d=mm&r=g\",\"caption\":\"moacir\"},\"url\":\"https:\/\/franciscanos.org.br\/noticias\/author\/moacir\"}]}<\/script>\n<!-- \/ Yoast SEO plugin. -->","yoast_head_json":{"title":"Papa: \"Deus se sente com a f\u00e9, n\u00e3o com os ouvidos\" - Not\u00edcias - Franciscanos","robots":{"index":"index","follow":"follow","max-snippet":"max-snippet:-1","max-image-preview":"max-image-preview:large","max-video-preview":"max-video-preview:-1"},"canonical":"https:\/\/franciscanos.org.br\/noticias\/papa-aos-surdos-deus-se-sente-com-a-fe-nao-com-os-ouvidos.html","og_locale":"pt_BR","og_type":"article","og_title":"Papa: \"Deus se sente com a f\u00e9, n\u00e3o com os ouvidos\" - Not\u00edcias - Franciscanos","og_description":"O Papa Francisco recebeu no Vaticano os membros da Federa\u00e7\u00e3o Italiana das Associa\u00e7\u00f5es de Surdos.","og_url":"https:\/\/franciscanos.org.br\/noticias\/papa-aos-surdos-deus-se-sente-com-a-fe-nao-com-os-ouvidos.html","og_site_name":"Not\u00edcias - Franciscanos","article_published_time":"2019-04-25T13:18:21+00:00","article_modified_time":"2019-04-25T13:18:57+00:00","og_image":[{"width":273,"height":181,"url":"https:\/\/franciscanos.org.br\/noticias\/wp-content\/uploads\/2019\/04\/surdos_2504d.jpg","type":"image\/jpeg"}],"author":"moacir","twitter_card":"summary_large_image","twitter_misc":{"Escrito por":"moacir","Est. tempo de leitura":"2 minutos"},"schema":{"@context":"https:\/\/schema.org","@graph":[{"@type":"WebSite","@id":"https:\/\/franciscanos.org.br\/noticias\/#website","url":"https:\/\/franciscanos.org.br\/noticias\/","name":"Not\u00edcias - Franciscanos","description":"Prov\u00edncia Franciscana da Imaculada Concei\u00e7\u00e3o do Brasil - Ordem dos Frades Menores - OFM","potentialAction":[{"@type":"SearchAction","target":{"@type":"EntryPoint","urlTemplate":"https:\/\/franciscanos.org.br\/noticias\/?s={search_term_string}"},"query-input":"required name=search_term_string"}],"inLanguage":"pt-BR"},{"@type":"ImageObject","inLanguage":"pt-BR","@id":"https:\/\/franciscanos.org.br\/noticias\/papa-aos-surdos-deus-se-sente-com-a-fe-nao-com-os-ouvidos.html#primaryimage","url":"https:\/\/franciscanos.org.br\/noticias\/wp-content\/uploads\/2019\/04\/surdos_2504d.jpg","contentUrl":"https:\/\/franciscanos.org.br\/noticias\/wp-content\/uploads\/2019\/04\/surdos_2504d.jpg","width":273,"height":181},{"@type":"WebPage","@id":"https:\/\/franciscanos.org.br\/noticias\/papa-aos-surdos-deus-se-sente-com-a-fe-nao-com-os-ouvidos.html#webpage","url":"https:\/\/franciscanos.org.br\/noticias\/papa-aos-surdos-deus-se-sente-com-a-fe-nao-com-os-ouvidos.html","name":"Papa: \"Deus se sente com a f\u00e9, n\u00e3o com os ouvidos\" - Not\u00edcias - Franciscanos","isPartOf":{"@id":"https:\/\/franciscanos.org.br\/noticias\/#website"},"primaryImageOfPage":{"@id":"https:\/\/franciscanos.org.br\/noticias\/papa-aos-surdos-deus-se-sente-com-a-fe-nao-com-os-ouvidos.html#primaryimage"},"datePublished":"2019-04-25T13:18:21+00:00","dateModified":"2019-04-25T13:18:57+00:00","author":{"@id":"https:\/\/franciscanos.org.br\/noticias\/#\/schema\/person\/b5c8cba458c330ccff548b056e95a5d4"},"breadcrumb":{"@id":"https:\/\/franciscanos.org.br\/noticias\/papa-aos-surdos-deus-se-sente-com-a-fe-nao-com-os-ouvidos.html#breadcrumb"},"inLanguage":"pt-BR","potentialAction":[{"@type":"ReadAction","target":["https:\/\/franciscanos.org.br\/noticias\/papa-aos-surdos-deus-se-sente-com-a-fe-nao-com-os-ouvidos.html"]}]},{"@type":"BreadcrumbList","@id":"https:\/\/franciscanos.org.br\/noticias\/papa-aos-surdos-deus-se-sente-com-a-fe-nao-com-os-ouvidos.html#breadcrumb","itemListElement":[{"@type":"ListItem","position":1,"name":"Home","item":"https:\/\/franciscanos.org.br\/noticias"},{"@type":"ListItem","position":2,"name":"Papa: &#8220;Deus se sente com a f\u00e9, n\u00e3o com os ouvidos&#8221;"}]},{"@type":"Person","@id":"https:\/\/franciscanos.org.br\/noticias\/#\/schema\/person\/b5c8cba458c330ccff548b056e95a5d4","name":"moacir","image":{"@type":"ImageObject","inLanguage":"pt-BR","@id":"https:\/\/franciscanos.org.br\/noticias\/#\/schema\/person\/image\/","url":"https:\/\/secure.gravatar.com\/avatar\/d08aa2ce4c8dd416d4479aa8536fcf64?s=96&d=mm&r=g","contentUrl":"https:\/\/secure.gravatar.com\/avatar\/d08aa2ce4c8dd416d4479aa8536fcf64?s=96&d=mm&r=g","caption":"moacir"},"url":"https:\/\/franciscanos.org.br\/noticias\/author\/moacir"}]}},"_links":{"self":[{"href":"https:\/\/franciscanos.org.br\/noticias\/wp-json\/wp\/v2\/posts\/203343"}],"collection":[{"href":"https:\/\/franciscanos.org.br\/noticias\/wp-json\/wp\/v2\/posts"}],"about":[{"href":"https:\/\/franciscanos.org.br\/noticias\/wp-json\/wp\/v2\/types\/post"}],"author":[{"embeddable":true,"href":"https:\/\/franciscanos.org.br\/noticias\/wp-json\/wp\/v2\/users\/3"}],"replies":[{"embeddable":true,"href":"https:\/\/franciscanos.org.br\/noticias\/wp-json\/wp\/v2\/comments?post=203343"}],"version-history":[{"count":0,"href":"https:\/\/franciscanos.org.br\/noticias\/wp-json\/wp\/v2\/posts\/203343\/revisions"}],"wp:featuredmedia":[{"embeddable":true,"href":"https:\/\/franciscanos.org.br\/noticias\/wp-json\/wp\/v2\/media\/203347"}],"wp:attachment":[{"href":"https:\/\/franciscanos.org.br\/noticias\/wp-json\/wp\/v2\/media?parent=203343"}],"wp:term":[{"taxonomy":"category","embeddable":true,"href":"https:\/\/franciscanos.org.br\/noticias\/wp-json\/wp\/v2\/categories?post=203343"},{"taxonomy":"post_tag","embeddable":true,"href":"https:\/\/franciscanos.org.br\/noticias\/wp-json\/wp\/v2\/tags?post=203343"}],"curies":[{"name":"wp","href":"https:\/\/api.w.org\/{rel}","templated":true}]}}