{"id":203331,"date":"2019-04-24T19:49:59","date_gmt":"2019-04-24T22:49:59","guid":{"rendered":"https:\/\/franciscanos.org.br\/noticias\/?p=203331"},"modified":"2019-04-24T19:51:52","modified_gmt":"2019-04-24T22:51:52","slug":"capuchinhos-promovem-conferencia-virtual-sobre-a-reforma-da-previdencia","status":"publish","type":"post","link":"https:\/\/franciscanos.org.br\/noticias\/capuchinhos-promovem-conferencia-virtual-sobre-a-reforma-da-previdencia.html","title":{"rendered":"Capuchinhos promovem confer\u00eancia virtual sobre a Reforma da Previd\u00eancia"},"content":{"rendered":"<p><img loading=\"lazy\" class=\"alignnone size-full wp-image-203332\" src=\"https:\/\/franciscanos.org.br\/noticias\/wp-content\/uploads\/2019\/04\/previdencia_2404.jpg\" alt=\"\" width=\"890\" height=\"483\" srcset=\"https:\/\/franciscanos.org.br\/noticias\/wp-content\/uploads\/2019\/04\/previdencia_2404.jpg 890w, https:\/\/franciscanos.org.br\/noticias\/wp-content\/uploads\/2019\/04\/previdencia_2404-450x244.jpg 450w, https:\/\/franciscanos.org.br\/noticias\/wp-content\/uploads\/2019\/04\/previdencia_2404-768x417.jpg 768w, https:\/\/franciscanos.org.br\/noticias\/wp-content\/uploads\/2019\/04\/previdencia_2404-150x81.jpg 150w\" sizes=\"(max-width: 890px) 100vw, 890px\" \/><\/p>\n<p>No dia 6 de maio de 2019, \u00e0s 19h30 (hor\u00e1rio de Bras\u00edlia) acontecer\u00e1 via sistema Zoom uma Confer\u00eancia Online, ao vivo e gratuita, com Maria L\u00facia Fattorelli. Ela falar\u00e1 sobre a Reforma da Previd\u00eancia: quem paga essa conta?.<\/p>\n<p><img loading=\"lazy\" class=\"size-medium wp-image-203334 alignleft\" src=\"https:\/\/franciscanos.org.br\/noticias\/wp-content\/uploads\/2019\/04\/Maria-Lucia-Fattorelli-450x299.jpg\" alt=\"\" width=\"450\" height=\"299\" srcset=\"https:\/\/franciscanos.org.br\/noticias\/wp-content\/uploads\/2019\/04\/Maria-Lucia-Fattorelli-450x299.jpg 450w, https:\/\/franciscanos.org.br\/noticias\/wp-content\/uploads\/2019\/04\/Maria-Lucia-Fattorelli-768x510.jpg 768w, https:\/\/franciscanos.org.br\/noticias\/wp-content\/uploads\/2019\/04\/Maria-Lucia-Fattorelli-1024x680.jpg 1024w, https:\/\/franciscanos.org.br\/noticias\/wp-content\/uploads\/2019\/04\/Maria-Lucia-Fattorelli-150x100.jpg 150w, https:\/\/franciscanos.org.br\/noticias\/wp-content\/uploads\/2019\/04\/Maria-Lucia-Fattorelli-1200x797.jpg 1200w, https:\/\/franciscanos.org.br\/noticias\/wp-content\/uploads\/2019\/04\/Maria-Lucia-Fattorelli.jpg 1600w\" sizes=\"(max-width: 450px) 100vw, 450px\" \/>Auditora fiscal aposentada da Receita Federal, Maria L\u00facia Fattorelli coordena h\u00e1 18 anos a organiza\u00e7\u00e3o n\u00e3o governamental Auditoria Cidad\u00e3 da D\u00edvida e fez da luta contra as pol\u00edticas impostas pelo sistema financeiro sua principal bandeira no Brasil e em pa\u00edses como Gr\u00e9cia, Equador e Portugal, fortemente afetados pela \u00faltima grande crise do capital, em 2008, que ainda causa reflexos e serve de pretexto para a concentra\u00e7\u00e3o de poder e lucro pelos grande bancos.<\/p>\n<p>A Confer\u00eancia \u00e9 organizada pela Comiss\u00e3o de Justi\u00e7a, Paz e Integridade da Cria\u00e7\u00e3o dos Frades Capuchinhos do Brasil.<\/p>\n<h3>Para participar do encontro, <strong><a href=\"https:\/\/www.capuchinhos.org.br\/noticias\/detalhes\/geral\/jpic-promove-conferencia-virtual-sobre-a-reforma-da-previdencia\">fa\u00e7a a sua inscri\u00e7\u00e3o no site dos Capuchinhos<\/a><\/strong> para receber as instru\u00e7\u00f5es e participar da confer\u00eancia virtual.<\/h3>\n<p>&nbsp;<\/p>\n","protected":false},"excerpt":{"rendered":"<p>Confer\u00eancia sobre a Reforma da Previd\u00eancia<\/p>\n","protected":false},"author":3,"featured_media":203333,"comment_status":"open","ping_status":"open","sticky":false,"template":"","format":"standard","meta":[],"categories":[1],"tags":[1426],"acf":[],"yoast_head":"<!-- This site is optimized with the Yoast SEO plugin v19.2 - https:\/\/yoast.com\/wordpress\/plugins\/seo\/ -->\n<title>Capuchinhos promovem confer\u00eancia virtual sobre a Reforma da Previd\u00eancia - Not\u00edcias - Franciscanos<\/title>\n<meta name=\"robots\" content=\"index, follow, max-snippet:-1, max-image-preview:large, max-video-preview:-1\" \/>\n<link rel=\"canonical\" href=\"https:\/\/franciscanos.org.br\/noticias\/capuchinhos-promovem-conferencia-virtual-sobre-a-reforma-da-previdencia.html\" \/>\n<meta property=\"og:locale\" content=\"pt_BR\" \/>\n<meta property=\"og:type\" content=\"article\" \/>\n<meta property=\"og:title\" content=\"Capuchinhos promovem confer\u00eancia virtual sobre a Reforma da Previd\u00eancia - Not\u00edcias - Franciscanos\" \/>\n<meta property=\"og:description\" content=\"Confer\u00eancia sobre a Reforma da Previd\u00eancia\" \/>\n<meta property=\"og:url\" content=\"https:\/\/franciscanos.org.br\/noticias\/capuchinhos-promovem-conferencia-virtual-sobre-a-reforma-da-previdencia.html\" \/>\n<meta property=\"og:site_name\" content=\"Not\u00edcias - Franciscanos\" \/>\n<meta property=\"article:published_time\" content=\"2019-04-24T22:49:59+00:00\" \/>\n<meta property=\"article:modified_time\" content=\"2019-04-24T22:51:52+00:00\" \/>\n<meta property=\"og:image\" content=\"https:\/\/franciscanos.org.br\/noticias\/wp-content\/uploads\/2019\/04\/previdencia_2404d.jpg\" \/>\n\t<meta property=\"og:image:width\" content=\"273\" \/>\n\t<meta property=\"og:image:height\" content=\"181\" \/>\n\t<meta property=\"og:image:type\" content=\"image\/jpeg\" \/>\n<meta name=\"author\" content=\"moacir\" \/>\n<meta name=\"twitter:card\" content=\"summary_large_image\" \/>\n<meta name=\"twitter:label1\" content=\"Escrito por\" \/>\n\t<meta name=\"twitter:data1\" content=\"moacir\" \/>\n\t<meta name=\"twitter:label2\" content=\"Est. tempo de leitura\" \/>\n\t<meta name=\"twitter:data2\" content=\"1 minuto\" \/>\n<script type=\"application\/ld+json\" class=\"yoast-schema-graph\">{\"@context\":\"https:\/\/schema.org\",\"@graph\":[{\"@type\":\"WebSite\",\"@id\":\"https:\/\/franciscanos.org.br\/noticias\/#website\",\"url\":\"https:\/\/franciscanos.org.br\/noticias\/\",\"name\":\"Not\u00edcias - Franciscanos\",\"description\":\"Prov\u00edncia Franciscana da Imaculada Concei\u00e7\u00e3o do Brasil - Ordem dos Frades Menores - OFM\",\"potentialAction\":[{\"@type\":\"SearchAction\",\"target\":{\"@type\":\"EntryPoint\",\"urlTemplate\":\"https:\/\/franciscanos.org.br\/noticias\/?s={search_term_string}\"},\"query-input\":\"required name=search_term_string\"}],\"inLanguage\":\"pt-BR\"},{\"@type\":\"ImageObject\",\"inLanguage\":\"pt-BR\",\"@id\":\"https:\/\/franciscanos.org.br\/noticias\/capuchinhos-promovem-conferencia-virtual-sobre-a-reforma-da-previdencia.html#primaryimage\",\"url\":\"https:\/\/franciscanos.org.br\/noticias\/wp-content\/uploads\/2019\/04\/previdencia_2404d.jpg\",\"contentUrl\":\"https:\/\/franciscanos.org.br\/noticias\/wp-content\/uploads\/2019\/04\/previdencia_2404d.jpg\",\"width\":273,\"height\":181},{\"@type\":\"WebPage\",\"@id\":\"https:\/\/franciscanos.org.br\/noticias\/capuchinhos-promovem-conferencia-virtual-sobre-a-reforma-da-previdencia.html#webpage\",\"url\":\"https:\/\/franciscanos.org.br\/noticias\/capuchinhos-promovem-conferencia-virtual-sobre-a-reforma-da-previdencia.html\",\"name\":\"Capuchinhos promovem confer\u00eancia virtual sobre a Reforma da Previd\u00eancia - Not\u00edcias - Franciscanos\",\"isPartOf\":{\"@id\":\"https:\/\/franciscanos.org.br\/noticias\/#website\"},\"primaryImageOfPage\":{\"@id\":\"https:\/\/franciscanos.org.br\/noticias\/capuchinhos-promovem-conferencia-virtual-sobre-a-reforma-da-previdencia.html#primaryimage\"},\"datePublished\":\"2019-04-24T22:49:59+00:00\",\"dateModified\":\"2019-04-24T22:51:52+00:00\",\"author\":{\"@id\":\"https:\/\/franciscanos.org.br\/noticias\/#\/schema\/person\/b5c8cba458c330ccff548b056e95a5d4\"},\"breadcrumb\":{\"@id\":\"https:\/\/franciscanos.org.br\/noticias\/capuchinhos-promovem-conferencia-virtual-sobre-a-reforma-da-previdencia.html#breadcrumb\"},\"inLanguage\":\"pt-BR\",\"potentialAction\":[{\"@type\":\"ReadAction\",\"target\":[\"https:\/\/franciscanos.org.br\/noticias\/capuchinhos-promovem-conferencia-virtual-sobre-a-reforma-da-previdencia.html\"]}]},{\"@type\":\"BreadcrumbList\",\"@id\":\"https:\/\/franciscanos.org.br\/noticias\/capuchinhos-promovem-conferencia-virtual-sobre-a-reforma-da-previdencia.html#breadcrumb\",\"itemListElement\":[{\"@type\":\"ListItem\",\"position\":1,\"name\":\"Home\",\"item\":\"https:\/\/franciscanos.org.br\/noticias\"},{\"@type\":\"ListItem\",\"position\":2,\"name\":\"Capuchinhos promovem confer\u00eancia virtual sobre a Reforma da Previd\u00eancia\"}]},{\"@type\":\"Person\",\"@id\":\"https:\/\/franciscanos.org.br\/noticias\/#\/schema\/person\/b5c8cba458c330ccff548b056e95a5d4\",\"name\":\"moacir\",\"image\":{\"@type\":\"ImageObject\",\"inLanguage\":\"pt-BR\",\"@id\":\"https:\/\/franciscanos.org.br\/noticias\/#\/schema\/person\/image\/\",\"url\":\"https:\/\/secure.gravatar.com\/avatar\/d08aa2ce4c8dd416d4479aa8536fcf64?s=96&d=mm&r=g\",\"contentUrl\":\"https:\/\/secure.gravatar.com\/avatar\/d08aa2ce4c8dd416d4479aa8536fcf64?s=96&d=mm&r=g\",\"caption\":\"moacir\"},\"url\":\"https:\/\/franciscanos.org.br\/noticias\/author\/moacir\"}]}<\/script>\n<!-- \/ Yoast SEO plugin. -->","yoast_head_json":{"title":"Capuchinhos promovem confer\u00eancia virtual sobre a Reforma da Previd\u00eancia - Not\u00edcias - Franciscanos","robots":{"index":"index","follow":"follow","max-snippet":"max-snippet:-1","max-image-preview":"max-image-preview:large","max-video-preview":"max-video-preview:-1"},"canonical":"https:\/\/franciscanos.org.br\/noticias\/capuchinhos-promovem-conferencia-virtual-sobre-a-reforma-da-previdencia.html","og_locale":"pt_BR","og_type":"article","og_title":"Capuchinhos promovem confer\u00eancia virtual sobre a Reforma da Previd\u00eancia - Not\u00edcias - Franciscanos","og_description":"Confer\u00eancia sobre a Reforma da Previd\u00eancia","og_url":"https:\/\/franciscanos.org.br\/noticias\/capuchinhos-promovem-conferencia-virtual-sobre-a-reforma-da-previdencia.html","og_site_name":"Not\u00edcias - Franciscanos","article_published_time":"2019-04-24T22:49:59+00:00","article_modified_time":"2019-04-24T22:51:52+00:00","og_image":[{"width":273,"height":181,"url":"https:\/\/franciscanos.org.br\/noticias\/wp-content\/uploads\/2019\/04\/previdencia_2404d.jpg","type":"image\/jpeg"}],"author":"moacir","twitter_card":"summary_large_image","twitter_misc":{"Escrito por":"moacir","Est. tempo de leitura":"1 minuto"},"schema":{"@context":"https:\/\/schema.org","@graph":[{"@type":"WebSite","@id":"https:\/\/franciscanos.org.br\/noticias\/#website","url":"https:\/\/franciscanos.org.br\/noticias\/","name":"Not\u00edcias - Franciscanos","description":"Prov\u00edncia Franciscana da Imaculada Concei\u00e7\u00e3o do Brasil - Ordem dos Frades Menores - OFM","potentialAction":[{"@type":"SearchAction","target":{"@type":"EntryPoint","urlTemplate":"https:\/\/franciscanos.org.br\/noticias\/?s={search_term_string}"},"query-input":"required name=search_term_string"}],"inLanguage":"pt-BR"},{"@type":"ImageObject","inLanguage":"pt-BR","@id":"https:\/\/franciscanos.org.br\/noticias\/capuchinhos-promovem-conferencia-virtual-sobre-a-reforma-da-previdencia.html#primaryimage","url":"https:\/\/franciscanos.org.br\/noticias\/wp-content\/uploads\/2019\/04\/previdencia_2404d.jpg","contentUrl":"https:\/\/franciscanos.org.br\/noticias\/wp-content\/uploads\/2019\/04\/previdencia_2404d.jpg","width":273,"height":181},{"@type":"WebPage","@id":"https:\/\/franciscanos.org.br\/noticias\/capuchinhos-promovem-conferencia-virtual-sobre-a-reforma-da-previdencia.html#webpage","url":"https:\/\/franciscanos.org.br\/noticias\/capuchinhos-promovem-conferencia-virtual-sobre-a-reforma-da-previdencia.html","name":"Capuchinhos promovem confer\u00eancia virtual sobre a Reforma da Previd\u00eancia - Not\u00edcias - Franciscanos","isPartOf":{"@id":"https:\/\/franciscanos.org.br\/noticias\/#website"},"primaryImageOfPage":{"@id":"https:\/\/franciscanos.org.br\/noticias\/capuchinhos-promovem-conferencia-virtual-sobre-a-reforma-da-previdencia.html#primaryimage"},"datePublished":"2019-04-24T22:49:59+00:00","dateModified":"2019-04-24T22:51:52+00:00","author":{"@id":"https:\/\/franciscanos.org.br\/noticias\/#\/schema\/person\/b5c8cba458c330ccff548b056e95a5d4"},"breadcrumb":{"@id":"https:\/\/franciscanos.org.br\/noticias\/capuchinhos-promovem-conferencia-virtual-sobre-a-reforma-da-previdencia.html#breadcrumb"},"inLanguage":"pt-BR","potentialAction":[{"@type":"ReadAction","target":["https:\/\/franciscanos.org.br\/noticias\/capuchinhos-promovem-conferencia-virtual-sobre-a-reforma-da-previdencia.html"]}]},{"@type":"BreadcrumbList","@id":"https:\/\/franciscanos.org.br\/noticias\/capuchinhos-promovem-conferencia-virtual-sobre-a-reforma-da-previdencia.html#breadcrumb","itemListElement":[{"@type":"ListItem","position":1,"name":"Home","item":"https:\/\/franciscanos.org.br\/noticias"},{"@type":"ListItem","position":2,"name":"Capuchinhos promovem confer\u00eancia virtual sobre a Reforma da Previd\u00eancia"}]},{"@type":"Person","@id":"https:\/\/franciscanos.org.br\/noticias\/#\/schema\/person\/b5c8cba458c330ccff548b056e95a5d4","name":"moacir","image":{"@type":"ImageObject","inLanguage":"pt-BR","@id":"https:\/\/franciscanos.org.br\/noticias\/#\/schema\/person\/image\/","url":"https:\/\/secure.gravatar.com\/avatar\/d08aa2ce4c8dd416d4479aa8536fcf64?s=96&d=mm&r=g","contentUrl":"https:\/\/secure.gravatar.com\/avatar\/d08aa2ce4c8dd416d4479aa8536fcf64?s=96&d=mm&r=g","caption":"moacir"},"url":"https:\/\/franciscanos.org.br\/noticias\/author\/moacir"}]}},"_links":{"self":[{"href":"https:\/\/franciscanos.org.br\/noticias\/wp-json\/wp\/v2\/posts\/203331"}],"collection":[{"href":"https:\/\/franciscanos.org.br\/noticias\/wp-json\/wp\/v2\/posts"}],"about":[{"href":"https:\/\/franciscanos.org.br\/noticias\/wp-json\/wp\/v2\/types\/post"}],"author":[{"embeddable":true,"href":"https:\/\/franciscanos.org.br\/noticias\/wp-json\/wp\/v2\/users\/3"}],"replies":[{"embeddable":true,"href":"https:\/\/franciscanos.org.br\/noticias\/wp-json\/wp\/v2\/comments?post=203331"}],"version-history":[{"count":0,"href":"https:\/\/franciscanos.org.br\/noticias\/wp-json\/wp\/v2\/posts\/203331\/revisions"}],"wp:featuredmedia":[{"embeddable":true,"href":"https:\/\/franciscanos.org.br\/noticias\/wp-json\/wp\/v2\/media\/203333"}],"wp:attachment":[{"href":"https:\/\/franciscanos.org.br\/noticias\/wp-json\/wp\/v2\/media?parent=203331"}],"wp:term":[{"taxonomy":"category","embeddable":true,"href":"https:\/\/franciscanos.org.br\/noticias\/wp-json\/wp\/v2\/categories?post=203331"},{"taxonomy":"post_tag","embeddable":true,"href":"https:\/\/franciscanos.org.br\/noticias\/wp-json\/wp\/v2\/tags?post=203331"}],"curies":[{"name":"wp","href":"https:\/\/api.w.org\/{rel}","templated":true}]}}