{"id":20325,"date":"2012-07-15T14:27:52","date_gmt":"2012-07-15T17:27:52","guid":{"rendered":"http:\/\/new.franciscanos.org.br\/?p=20325"},"modified":"2020-11-09T16:27:07","modified_gmt":"2020-11-09T19:27:07","slug":"missa-de-acao-de-gracas-marca-o-aniversario-da-provincia","status":"publish","type":"post","link":"https:\/\/franciscanos.org.br\/noticias\/missa-de-acao-de-gracas-marca-o-aniversario-da-provincia.html","title":{"rendered":"Missa de A\u00e7\u00e3o de Gra\u00e7as marca o anivers\u00e1rio da Prov\u00edncia"},"content":{"rendered":"<p><img loading=\"lazy\" class=\"alignnone wp-image-229142 size-full\" src=\"https:\/\/franciscanos.org.br\/noticias\/wp-content\/uploads\/2012\/07\/provincia_01.jpg\" alt=\"\" width=\"1280\" height=\"720\" srcset=\"https:\/\/franciscanos.org.br\/noticias\/wp-content\/uploads\/2012\/07\/provincia_01.jpg 1280w, https:\/\/franciscanos.org.br\/noticias\/wp-content\/uploads\/2012\/07\/provincia_01-450x253.jpg 450w, https:\/\/franciscanos.org.br\/noticias\/wp-content\/uploads\/2012\/07\/provincia_01-1024x576.jpg 1024w, https:\/\/franciscanos.org.br\/noticias\/wp-content\/uploads\/2012\/07\/provincia_01-768x432.jpg 768w, https:\/\/franciscanos.org.br\/noticias\/wp-content\/uploads\/2012\/07\/provincia_01-150x84.jpg 150w\" sizes=\"(max-width: 1280px) 100vw, 1280px\" \/><\/p>\n<p><strong>Moacir Beggo<\/strong><\/p>\n<p><strong>S\u00e3o Paulo (SP)<\/strong> &#8211; O Ministro Provincial Frei Fid\u00eancio Vanboemmel presidiu a Missa de A\u00e7\u00e3o de Gra\u00e7as, neste domingo (15\/07), na Igreja de S\u00e3o Francisco de Assis, na Vila Clementino (SP), em homenagem ao anivers\u00e1rio de 337 anos de cria\u00e7\u00e3o da Prov\u00edncia Franciscana da Imaculada Concei\u00e7\u00e3o do Brasil.<\/p>\n<p>Frei Fid\u00eancio fez uma breve pausa na sua visita can\u00f4nica \u00e0s fraternidades da Prov\u00edncia, j\u00e1 que este ano a Prov\u00edncia ter\u00e1 o Cap\u00edtulo Provincial em novembro, e celebrou \u00e0s 11h30, quando destacou esse momento especial e significativo para a Prov\u00edncia e rendeu gra\u00e7as a Deus por todos os benef\u00edcios que Ele tem operado atrav\u00e9s da vida dos frades que constru\u00edram essa hist\u00f3ria. &#8220;Queremos ser gratos tamb\u00e9m aos nossos parceiros e parceiras na miss\u00e3o evangelizadora que o Papa Clemente X nos delegou ao criar, em 15 de julho de 1675, esta Prov\u00edncia Franciscana da Imaculada Concei\u00e7\u00e3o&#8221;, acrescentou.<\/p>\n<p>A hist\u00f3ria da Prov\u00edncia da Imaculada come\u00e7ou bem antes, quando no dia 13 de mar\u00e7o de 1584 foi institu\u00edda a Cust\u00f3dia de Santo Ant\u00f4nio, filha de uma jovem Prov\u00edncia portuguesa, tamb\u00e9m dedicada ao Santo de Lisboa e P\u00e1dua. Quando conseguiu fundar 12 conventos, tornou-se Prov\u00edncia de Santo Ant\u00f4nio \u00a0(1657) &#8211; hoje tem sede em Olinda (PE) &#8211; e, no primeiro Cap\u00edtulo que celebrou, desmembrou os conventos do Sul e os erigiu em Cust\u00f3dia \u00a0(1659), com sede no Rio de Janeiro e lhe deu o nome de Imaculada Concei\u00e7\u00e3o. Com o aumento dos frades e cria\u00e7\u00e3o de outros conventos, a Cust\u00f3dia da Imaculada \u00a0foi declarada Prov\u00edncia, em 1675.<\/p>\n<p>Segundo o Ministro Provincial, celebrar o anivers\u00e1rio da Prov\u00edncia significa olhar no &#8216;retrovisor&#8217; da nossa hist\u00f3ria com um olhar cr\u00edtico e provocador em vista do presente e do futuro. &#8220;Esta hist\u00f3ria nos desafia para a ousadia, para a determina\u00e7\u00e3o da n\u00e3o repeti\u00e7\u00e3o. Esta hist\u00f3ria nos convoca ao redimensionamento do essencial da nossa Forma de Vida, que \u00e9 viver o Santo Evangelho de Nosso Senhor Jesus Cristo na miss\u00e3o, tal como foi proclamado no Evangelho de hoje (Mc 6,7-13)&#8221;, disse Frei Fid\u00eancio.<\/p>\n<p>O Ministro Provincial destacou tamb\u00e9m que celebrar o anivers\u00e1rio da Prov\u00edncia \u00e9 fazer ecoar, com renovado ardor, o apelo da Ordem dos Frades Menores no \u00faltimo Cap\u00edtulo: Por voca\u00e7\u00e3o, somos &#8220;portadores do dom do Evangelho&#8221;, numa evangeliza\u00e7\u00e3o partilhada com os leigos. &#8220;Sim, a exemplo de S\u00e3o Francisco de Assis e de tantos irm\u00e3os da nossa hist\u00f3ria que souberam colocar seus dons ao servi\u00e7o da Boa Nova, tamb\u00e9m n\u00f3s nos sentimos chamados a acolher o Evangelho e restitu\u00ed-lo criativamente com a vida, com gestos concretos, mediante o exerc\u00edcio de nossos pr\u00f3prios dons. Queremos aprender a escutar a palavra de Jesus e a restitu\u00ed-la aos homens e mulheres de hoje no esp\u00edrito do Evangelho, caminhando pelas estradas do mundo como irm\u00e3os menores evangelizadores, com o cora\u00e7\u00e3o voltado para o Senhor&#8221;, citou Frei Fid\u00eancio.<\/p>\n<p>A Prov\u00edncia da Imaculada tem sua presen\u00e7a religiosa geograficamente no eixo Sul-Sudeste do Brasil, e suas fraternidades est\u00e3o, em boa parte, localizadas em centros urbanos, embora atende a um n\u00famero expressivo de comunidades rurais, sobretudo no Sul do pa\u00eds.<\/p>\n<p>Atualmente, a Prov\u00edncia tem 389 frades distribu\u00eddos em 58 fraternidades, sendo 53 no Brasil e 5 em Angola. At\u00e9 setembro, Frei Fid\u00eancio visitar\u00e1 todas as fraternidades e seus respectivos frades. O governo provincial tem sede na Vila Clementino e seus frades atendem a Par\u00f3quia S\u00e3o Francisco de Assis.<\/p>\n<p>Regina Oyamaguchi, coordenadora de Liturgia, falou em nome da Par\u00f3quia, agradecendo a Frei Fid\u00eancio pela presen\u00e7a franciscana na Vila Clementino e pediu ao povo que fizesse uma homenagem \u00e0 Prov\u00edncia, cantando &#8220;Imaculada&#8221; e, no final, puxou o &#8220;Parab\u00e9ns a voc\u00ea!&#8221;.<\/p>\n","protected":false},"excerpt":{"rendered":"<p>Anivers\u00e1rio da Prov\u00edncia Franciscana da Imaculada Concei\u00e7\u00e3o<\/p>\n","protected":false},"author":1,"featured_media":229143,"comment_status":"closed","ping_status":"closed","sticky":false,"template":"","format":"standard","meta":[],"categories":[1],"tags":[306],"acf":[],"yoast_head":"<!-- This site is optimized with the Yoast SEO plugin v19.2 - https:\/\/yoast.com\/wordpress\/plugins\/seo\/ -->\n<title>Missa de A\u00e7\u00e3o de Gra\u00e7as marca o anivers\u00e1rio da Prov\u00edncia - Not\u00edcias - Franciscanos<\/title>\n<meta name=\"robots\" content=\"index, follow, max-snippet:-1, max-image-preview:large, max-video-preview:-1\" \/>\n<link rel=\"canonical\" href=\"https:\/\/franciscanos.org.br\/noticias\/missa-de-acao-de-gracas-marca-o-aniversario-da-provincia.html\" \/>\n<meta property=\"og:locale\" content=\"pt_BR\" \/>\n<meta property=\"og:type\" content=\"article\" \/>\n<meta property=\"og:title\" content=\"Missa de A\u00e7\u00e3o de Gra\u00e7as marca o anivers\u00e1rio da Prov\u00edncia - Not\u00edcias - Franciscanos\" \/>\n<meta property=\"og:description\" content=\"Anivers\u00e1rio da Prov\u00edncia Franciscana da Imaculada Concei\u00e7\u00e3o\" \/>\n<meta property=\"og:url\" content=\"https:\/\/franciscanos.org.br\/noticias\/missa-de-acao-de-gracas-marca-o-aniversario-da-provincia.html\" \/>\n<meta property=\"og:site_name\" content=\"Not\u00edcias - Franciscanos\" \/>\n<meta property=\"article:published_time\" content=\"2012-07-15T17:27:52+00:00\" \/>\n<meta property=\"article:modified_time\" content=\"2020-11-09T19:27:07+00:00\" \/>\n<meta property=\"og:image\" content=\"https:\/\/franciscanos.org.br\/noticias\/wp-content\/uploads\/2012\/07\/provincia_d.jpg\" \/>\n\t<meta property=\"og:image:width\" content=\"800\" \/>\n\t<meta property=\"og:image:height\" content=\"600\" \/>\n\t<meta property=\"og:image:type\" content=\"image\/jpeg\" \/>\n<meta name=\"author\" content=\"admin\" \/>\n<meta name=\"twitter:card\" content=\"summary_large_image\" \/>\n<meta name=\"twitter:label1\" content=\"Escrito por\" \/>\n\t<meta name=\"twitter:data1\" content=\"admin\" \/>\n\t<meta name=\"twitter:label2\" content=\"Est. tempo de leitura\" \/>\n\t<meta name=\"twitter:data2\" content=\"3 minutos\" \/>\n<script type=\"application\/ld+json\" class=\"yoast-schema-graph\">{\"@context\":\"https:\/\/schema.org\",\"@graph\":[{\"@type\":\"WebSite\",\"@id\":\"https:\/\/franciscanos.org.br\/noticias\/#website\",\"url\":\"https:\/\/franciscanos.org.br\/noticias\/\",\"name\":\"Not\u00edcias - Franciscanos\",\"description\":\"Prov\u00edncia Franciscana da Imaculada Concei\u00e7\u00e3o do Brasil - Ordem dos Frades Menores - OFM\",\"potentialAction\":[{\"@type\":\"SearchAction\",\"target\":{\"@type\":\"EntryPoint\",\"urlTemplate\":\"https:\/\/franciscanos.org.br\/noticias\/?s={search_term_string}\"},\"query-input\":\"required name=search_term_string\"}],\"inLanguage\":\"pt-BR\"},{\"@type\":\"ImageObject\",\"inLanguage\":\"pt-BR\",\"@id\":\"https:\/\/franciscanos.org.br\/noticias\/missa-de-acao-de-gracas-marca-o-aniversario-da-provincia.html#primaryimage\",\"url\":\"https:\/\/franciscanos.org.br\/noticias\/wp-content\/uploads\/2012\/07\/provincia_d.jpg\",\"contentUrl\":\"https:\/\/franciscanos.org.br\/noticias\/wp-content\/uploads\/2012\/07\/provincia_d.jpg\",\"width\":800,\"height\":600},{\"@type\":\"WebPage\",\"@id\":\"https:\/\/franciscanos.org.br\/noticias\/missa-de-acao-de-gracas-marca-o-aniversario-da-provincia.html#webpage\",\"url\":\"https:\/\/franciscanos.org.br\/noticias\/missa-de-acao-de-gracas-marca-o-aniversario-da-provincia.html\",\"name\":\"Missa de A\u00e7\u00e3o de Gra\u00e7as marca o anivers\u00e1rio da Prov\u00edncia - Not\u00edcias - Franciscanos\",\"isPartOf\":{\"@id\":\"https:\/\/franciscanos.org.br\/noticias\/#website\"},\"primaryImageOfPage\":{\"@id\":\"https:\/\/franciscanos.org.br\/noticias\/missa-de-acao-de-gracas-marca-o-aniversario-da-provincia.html#primaryimage\"},\"datePublished\":\"2012-07-15T17:27:52+00:00\",\"dateModified\":\"2020-11-09T19:27:07+00:00\",\"author\":{\"@id\":\"https:\/\/franciscanos.org.br\/noticias\/#\/schema\/person\/b38fbf43118f02820bd932f2e4b14ad3\"},\"breadcrumb\":{\"@id\":\"https:\/\/franciscanos.org.br\/noticias\/missa-de-acao-de-gracas-marca-o-aniversario-da-provincia.html#breadcrumb\"},\"inLanguage\":\"pt-BR\",\"potentialAction\":[{\"@type\":\"ReadAction\",\"target\":[\"https:\/\/franciscanos.org.br\/noticias\/missa-de-acao-de-gracas-marca-o-aniversario-da-provincia.html\"]}]},{\"@type\":\"BreadcrumbList\",\"@id\":\"https:\/\/franciscanos.org.br\/noticias\/missa-de-acao-de-gracas-marca-o-aniversario-da-provincia.html#breadcrumb\",\"itemListElement\":[{\"@type\":\"ListItem\",\"position\":1,\"name\":\"Home\",\"item\":\"https:\/\/franciscanos.org.br\/noticias\"},{\"@type\":\"ListItem\",\"position\":2,\"name\":\"Missa de A\u00e7\u00e3o de Gra\u00e7as marca o anivers\u00e1rio da Prov\u00edncia\"}]},{\"@type\":\"Person\",\"@id\":\"https:\/\/franciscanos.org.br\/noticias\/#\/schema\/person\/b38fbf43118f02820bd932f2e4b14ad3\",\"name\":\"admin\",\"image\":{\"@type\":\"ImageObject\",\"inLanguage\":\"pt-BR\",\"@id\":\"https:\/\/franciscanos.org.br\/noticias\/#\/schema\/person\/image\/\",\"url\":\"https:\/\/secure.gravatar.com\/avatar\/e8495742d34d0ba6448ea1c628263b3e?s=96&d=mm&r=g\",\"contentUrl\":\"https:\/\/secure.gravatar.com\/avatar\/e8495742d34d0ba6448ea1c628263b3e?s=96&d=mm&r=g\",\"caption\":\"admin\"},\"url\":\"https:\/\/franciscanos.org.br\/noticias\/author\/admin\"}]}<\/script>\n<!-- \/ Yoast SEO plugin. -->","yoast_head_json":{"title":"Missa de A\u00e7\u00e3o de Gra\u00e7as marca o anivers\u00e1rio da Prov\u00edncia - Not\u00edcias - Franciscanos","robots":{"index":"index","follow":"follow","max-snippet":"max-snippet:-1","max-image-preview":"max-image-preview:large","max-video-preview":"max-video-preview:-1"},"canonical":"https:\/\/franciscanos.org.br\/noticias\/missa-de-acao-de-gracas-marca-o-aniversario-da-provincia.html","og_locale":"pt_BR","og_type":"article","og_title":"Missa de A\u00e7\u00e3o de Gra\u00e7as marca o anivers\u00e1rio da Prov\u00edncia - Not\u00edcias - Franciscanos","og_description":"Anivers\u00e1rio da Prov\u00edncia Franciscana da Imaculada Concei\u00e7\u00e3o","og_url":"https:\/\/franciscanos.org.br\/noticias\/missa-de-acao-de-gracas-marca-o-aniversario-da-provincia.html","og_site_name":"Not\u00edcias - Franciscanos","article_published_time":"2012-07-15T17:27:52+00:00","article_modified_time":"2020-11-09T19:27:07+00:00","og_image":[{"width":800,"height":600,"url":"https:\/\/franciscanos.org.br\/noticias\/wp-content\/uploads\/2012\/07\/provincia_d.jpg","type":"image\/jpeg"}],"author":"admin","twitter_card":"summary_large_image","twitter_misc":{"Escrito por":"admin","Est. tempo de leitura":"3 minutos"},"schema":{"@context":"https:\/\/schema.org","@graph":[{"@type":"WebSite","@id":"https:\/\/franciscanos.org.br\/noticias\/#website","url":"https:\/\/franciscanos.org.br\/noticias\/","name":"Not\u00edcias - Franciscanos","description":"Prov\u00edncia Franciscana da Imaculada Concei\u00e7\u00e3o do Brasil - Ordem dos Frades Menores - OFM","potentialAction":[{"@type":"SearchAction","target":{"@type":"EntryPoint","urlTemplate":"https:\/\/franciscanos.org.br\/noticias\/?s={search_term_string}"},"query-input":"required name=search_term_string"}],"inLanguage":"pt-BR"},{"@type":"ImageObject","inLanguage":"pt-BR","@id":"https:\/\/franciscanos.org.br\/noticias\/missa-de-acao-de-gracas-marca-o-aniversario-da-provincia.html#primaryimage","url":"https:\/\/franciscanos.org.br\/noticias\/wp-content\/uploads\/2012\/07\/provincia_d.jpg","contentUrl":"https:\/\/franciscanos.org.br\/noticias\/wp-content\/uploads\/2012\/07\/provincia_d.jpg","width":800,"height":600},{"@type":"WebPage","@id":"https:\/\/franciscanos.org.br\/noticias\/missa-de-acao-de-gracas-marca-o-aniversario-da-provincia.html#webpage","url":"https:\/\/franciscanos.org.br\/noticias\/missa-de-acao-de-gracas-marca-o-aniversario-da-provincia.html","name":"Missa de A\u00e7\u00e3o de Gra\u00e7as marca o anivers\u00e1rio da Prov\u00edncia - Not\u00edcias - Franciscanos","isPartOf":{"@id":"https:\/\/franciscanos.org.br\/noticias\/#website"},"primaryImageOfPage":{"@id":"https:\/\/franciscanos.org.br\/noticias\/missa-de-acao-de-gracas-marca-o-aniversario-da-provincia.html#primaryimage"},"datePublished":"2012-07-15T17:27:52+00:00","dateModified":"2020-11-09T19:27:07+00:00","author":{"@id":"https:\/\/franciscanos.org.br\/noticias\/#\/schema\/person\/b38fbf43118f02820bd932f2e4b14ad3"},"breadcrumb":{"@id":"https:\/\/franciscanos.org.br\/noticias\/missa-de-acao-de-gracas-marca-o-aniversario-da-provincia.html#breadcrumb"},"inLanguage":"pt-BR","potentialAction":[{"@type":"ReadAction","target":["https:\/\/franciscanos.org.br\/noticias\/missa-de-acao-de-gracas-marca-o-aniversario-da-provincia.html"]}]},{"@type":"BreadcrumbList","@id":"https:\/\/franciscanos.org.br\/noticias\/missa-de-acao-de-gracas-marca-o-aniversario-da-provincia.html#breadcrumb","itemListElement":[{"@type":"ListItem","position":1,"name":"Home","item":"https:\/\/franciscanos.org.br\/noticias"},{"@type":"ListItem","position":2,"name":"Missa de A\u00e7\u00e3o de Gra\u00e7as marca o anivers\u00e1rio da Prov\u00edncia"}]},{"@type":"Person","@id":"https:\/\/franciscanos.org.br\/noticias\/#\/schema\/person\/b38fbf43118f02820bd932f2e4b14ad3","name":"admin","image":{"@type":"ImageObject","inLanguage":"pt-BR","@id":"https:\/\/franciscanos.org.br\/noticias\/#\/schema\/person\/image\/","url":"https:\/\/secure.gravatar.com\/avatar\/e8495742d34d0ba6448ea1c628263b3e?s=96&d=mm&r=g","contentUrl":"https:\/\/secure.gravatar.com\/avatar\/e8495742d34d0ba6448ea1c628263b3e?s=96&d=mm&r=g","caption":"admin"},"url":"https:\/\/franciscanos.org.br\/noticias\/author\/admin"}]}},"_links":{"self":[{"href":"https:\/\/franciscanos.org.br\/noticias\/wp-json\/wp\/v2\/posts\/20325"}],"collection":[{"href":"https:\/\/franciscanos.org.br\/noticias\/wp-json\/wp\/v2\/posts"}],"about":[{"href":"https:\/\/franciscanos.org.br\/noticias\/wp-json\/wp\/v2\/types\/post"}],"author":[{"embeddable":true,"href":"https:\/\/franciscanos.org.br\/noticias\/wp-json\/wp\/v2\/users\/1"}],"replies":[{"embeddable":true,"href":"https:\/\/franciscanos.org.br\/noticias\/wp-json\/wp\/v2\/comments?post=20325"}],"version-history":[{"count":1,"href":"https:\/\/franciscanos.org.br\/noticias\/wp-json\/wp\/v2\/posts\/20325\/revisions"}],"predecessor-version":[{"id":229144,"href":"https:\/\/franciscanos.org.br\/noticias\/wp-json\/wp\/v2\/posts\/20325\/revisions\/229144"}],"wp:featuredmedia":[{"embeddable":true,"href":"https:\/\/franciscanos.org.br\/noticias\/wp-json\/wp\/v2\/media\/229143"}],"wp:attachment":[{"href":"https:\/\/franciscanos.org.br\/noticias\/wp-json\/wp\/v2\/media?parent=20325"}],"wp:term":[{"taxonomy":"category","embeddable":true,"href":"https:\/\/franciscanos.org.br\/noticias\/wp-json\/wp\/v2\/categories?post=20325"},{"taxonomy":"post_tag","embeddable":true,"href":"https:\/\/franciscanos.org.br\/noticias\/wp-json\/wp\/v2\/tags?post=20325"}],"curies":[{"name":"wp","href":"https:\/\/api.w.org\/{rel}","templated":true}]}}