{"id":202791,"date":"2019-04-21T13:36:24","date_gmt":"2019-04-21T16:36:24","guid":{"rendered":"https:\/\/franciscanos.org.br\/noticias\/?p=202791"},"modified":"2019-04-21T13:36:24","modified_gmt":"2019-04-21T16:36:24","slug":"o-senhor-nao-nos-encontre-frios-e-indiferentes-diante-dos-sofrimentos-atuais","status":"publish","type":"post","link":"https:\/\/franciscanos.org.br\/noticias\/o-senhor-nao-nos-encontre-frios-e-indiferentes-diante-dos-sofrimentos-atuais.html","title":{"rendered":"O Senhor n\u00e3o nos encontre frios e indiferentes diante dos sofrimentos atuais"},"content":{"rendered":"<p><img loading=\"lazy\" class=\"alignnone size-full wp-image-202792\" src=\"https:\/\/franciscanos.org.br\/noticias\/wp-content\/uploads\/2019\/04\/vaticano_210419.jpg\" alt=\"\" width=\"890\" height=\"593\" srcset=\"https:\/\/franciscanos.org.br\/noticias\/wp-content\/uploads\/2019\/04\/vaticano_210419.jpg 890w, https:\/\/franciscanos.org.br\/noticias\/wp-content\/uploads\/2019\/04\/vaticano_210419-450x300.jpg 450w, https:\/\/franciscanos.org.br\/noticias\/wp-content\/uploads\/2019\/04\/vaticano_210419-768x512.jpg 768w, https:\/\/franciscanos.org.br\/noticias\/wp-content\/uploads\/2019\/04\/vaticano_210419-150x100.jpg 150w\" sizes=\"(max-width: 890px) 100vw, 890px\" \/><\/p>\n<p><strong>Cidade do Vaticano<\/strong> &#8211; Cristo Ressuscitou! Aleluia! O alegre an\u00fancio da ressurrei\u00e7\u00e3o do Senhor dado na Vig\u00edlia Pascal no S\u00e1bado Santo, voltou a ecoar neste Domingo de P\u00e1scoa na Pra\u00e7a S\u00e3o Pedro, na Missa presidida pelo Papa Francisco, na presen\u00e7a de milhares de fi\u00e9is, provenientes de todas partes do mundo.<\/p>\n<p>Sem o azul do c\u00e9u, visto o tempo encoberto na capital italiana, e com uma temperatura de 19\u00ba C, quem conferiu o colorido ao cen\u00e1rio da celebra\u00e7\u00e3o foram as milhares de flores doadas pela Holanda, dispostas artisticamente, numa tradi\u00e7\u00e3o que completou 33 anos este ano.<\/p>\n<p>O Santo Padre n\u00e3o pronunciou homilia, reservando suas palavras para a Mensagem de P\u00e1scoa, transmitida \u00e0 Cidade e ao Mundo da Sacada Central da Bas\u00edlica de S\u00e3o Pedro, como comumente acontece ap\u00f3s a celebra\u00e7\u00e3o da Missa da P\u00e1scoa e do Natal.<\/p>\n<p><img loading=\"lazy\" class=\"alignnone size-full wp-image-202793\" src=\"https:\/\/franciscanos.org.br\/noticias\/wp-content\/uploads\/2019\/04\/vaticano_210419_1.jpg\" alt=\"\" width=\"890\" height=\"593\" srcset=\"https:\/\/franciscanos.org.br\/noticias\/wp-content\/uploads\/2019\/04\/vaticano_210419_1.jpg 890w, https:\/\/franciscanos.org.br\/noticias\/wp-content\/uploads\/2019\/04\/vaticano_210419_1-450x300.jpg 450w, https:\/\/franciscanos.org.br\/noticias\/wp-content\/uploads\/2019\/04\/vaticano_210419_1-768x512.jpg 768w, https:\/\/franciscanos.org.br\/noticias\/wp-content\/uploads\/2019\/04\/vaticano_210419_1-150x100.jpg 150w\" sizes=\"(max-width: 890px) 100vw, 890px\" \/><\/p>\n<p>&#8220;Queridos irm\u00e3os e irm\u00e3s, feliz P\u00e1scoa!<br \/>\nHoje, a Igreja renova o an\u00fancio dos primeiros disc\u00edpulos: \u00abJesus ressuscitou!\u00bb E de boca em boca, de cora\u00e7\u00e3o a cora\u00e7\u00e3o, ecoa o convite ao louvor: \u00abAleluia!&#8230; Aleluia!\u00bb\u201d, disse o Papa ao iniciar sua mensagem, recordando a recente Exorta\u00e7\u00e3o Apost\u00f3lica dedicada particularmente aos jovens, Chistus vivit\u201d.<\/p>\n<p><strong>&#8220;Queridos irm\u00e3os e irm\u00e3s, feliz P\u00e1scoa!<\/strong><\/p>\n<p>Hoje, a Igreja renova o an\u00fancio dos primeiros disc\u00edpulos: \u00abJesus ressuscitou!\u00bb E de boca em boca, de cora\u00e7\u00e3o a cora\u00e7\u00e3o, ecoa o convite ao louvor: \u00abAleluia!&#8230; Aleluia!\u00bb\u201d, disse o Papa ao iniciar sua mensagem, recordando a recente Exorta\u00e7\u00e3o Apost\u00f3lica dedicada particularmente aos jovens, Chistus vivit\u201d.<\/p>\n<p>\u201cCristo vive: \u00e9 Ele a nossa esperan\u00e7a e a mais bela juventude deste mundo! Tudo o que toca torna-se jovem, fica novo, enche-se de vida.\u201d<\/p>\n<p>\u201cA Ressurrei\u00e7\u00e3o de Cristo \u2013 continuou Francisco &#8211; \u00e9 princ\u00edpio de vida nova para todo o homem e toda a mulher, porque a verdadeira renova\u00e7\u00e3o parte sempre do cora\u00e7\u00e3o, da consci\u00eancia. Mas a P\u00e1scoa \u00e9 tamb\u00e9m o in\u00edcio do mundo novo, libertado da escravid\u00e3o do pecado e da morte: o mundo finalmente aberto ao Reino de Deus, Reino de amor, paz e fraternidade\u201d.<\/p>\n<p><img loading=\"lazy\" class=\"alignnone size-full wp-image-202794\" src=\"https:\/\/franciscanos.org.br\/noticias\/wp-content\/uploads\/2019\/04\/vaticano_210419_2.jpg\" alt=\"\" width=\"890\" height=\"593\" srcset=\"https:\/\/franciscanos.org.br\/noticias\/wp-content\/uploads\/2019\/04\/vaticano_210419_2.jpg 890w, https:\/\/franciscanos.org.br\/noticias\/wp-content\/uploads\/2019\/04\/vaticano_210419_2-450x300.jpg 450w, https:\/\/franciscanos.org.br\/noticias\/wp-content\/uploads\/2019\/04\/vaticano_210419_2-768x512.jpg 768w, https:\/\/franciscanos.org.br\/noticias\/wp-content\/uploads\/2019\/04\/vaticano_210419_2-150x100.jpg 150w\" sizes=\"(max-width: 890px) 100vw, 890px\" \/><\/p>\n<p><strong>S\u00edria<\/strong><\/p>\n<p>\u201cCristo vive e permanece conosco!\u201d E foi pela S\u00edria &#8211; \u201cv\u00edtima dum conflito sem fim que corre o risco de nos encontrar cada vez mais resignados e at\u00e9 indiferentes\u201d &#8211; que o Papa come\u00e7ou a elencar algumas das realidades daqueles \u201cque est\u00e3o na prova\u00e7\u00e3o, no sofrimento e no luto\u201d. \u201c\u00c9 hora de renovar os esfor\u00e7os por uma solu\u00e7\u00e3o pol\u00edtica &#8211; defendeu ele &#8211; que d\u00ea resposta \u00e0s justas aspira\u00e7\u00f5es de liberdade, paz e justi\u00e7a, enfrente a crise humanit\u00e1ria e favore\u00e7a o retorno em seguran\u00e7a dos deslocados, bem como daqueles que se refugiaram nos pa\u00edses vizinhos, especialmente no L\u00edbano e Jord\u00e2nia\u201d.<\/p>\n<p><strong>Oriente M\u00e9dio<\/strong><\/p>\n<p>Aos crist\u00e3os no Oriente M\u00e9dio \u2013 regi\u00e3o dilacerada \u201cpor divis\u00f5es e tens\u00f5es cont\u00ednuas\u201d &#8211; o Pont\u00edfice exortou a n\u00e3o deixarem de testemunhar \u201ccom paciente perseveran\u00e7a, o Senhor ressuscitado e a vit\u00f3ria da vida sobre a morte.\u201d<\/p>\n<p>E seu olhar se volta, em modo particular, \u201cpara o povo do I\u00eamen, especialmente para as crian\u00e7as definhando pela fome e a guerra\u201d, mas tamb\u00e9m aos governantes e povos da regi\u00e3o, \u201ca come\u00e7ar pelos israelenses e palestinos\u201d, para aliviarem as tantas afli\u00e7\u00f5es e a buscarem um futuro de paz e estabilidade.<\/p>\n<p><img loading=\"lazy\" class=\"alignnone size-full wp-image-202795\" src=\"https:\/\/franciscanos.org.br\/noticias\/wp-content\/uploads\/2019\/04\/vaticano_210419_3.jpg\" alt=\"\" width=\"890\" height=\"593\" srcset=\"https:\/\/franciscanos.org.br\/noticias\/wp-content\/uploads\/2019\/04\/vaticano_210419_3.jpg 890w, https:\/\/franciscanos.org.br\/noticias\/wp-content\/uploads\/2019\/04\/vaticano_210419_3-450x300.jpg 450w, https:\/\/franciscanos.org.br\/noticias\/wp-content\/uploads\/2019\/04\/vaticano_210419_3-768x512.jpg 768w, https:\/\/franciscanos.org.br\/noticias\/wp-content\/uploads\/2019\/04\/vaticano_210419_3-150x100.jpg 150w\" sizes=\"(max-width: 890px) 100vw, 890px\" \/><\/p>\n<p><strong>L\u00edbia<\/strong><\/p>\n<p>O Papa pede que \u201cas armas cessem de ensanguentar a L\u00edbia\u201d, exortando \u201cas partes interessadas a optar pelo di\u00e1logo em vez da opress\u00e3o, evitando que se reabram as feridas duma d\u00e9cada de conflitos e instabilidade pol\u00edtica\u201d.<\/p>\n<p><strong>Continente africano<\/strong><\/p>\n<p>\u201cTens\u00f5es sociais, conflitos e, por vezes, extremismos violentos que deixam atr\u00e1s de si inseguran\u00e7a, destrui\u00e7\u00e3o e morte, especialmente em Burkina Faso, Mali, N\u00edger, Nig\u00e9ria e Camar\u00f5es\u201d, recordou Francisco em sua mensagem, ao pedir a paz do Senhor ao seu\u201d amado continente africano\u201d.<\/p>\n<p>E n\u00e3o esqueceu do Sud\u00e3o, que atravessa um longo per\u00edodo de incertezas pol\u00edticas, pedindo o esfor\u00e7o de todos, a fim de \u201cpermitir ao pa\u00eds encontrar a liberdade, o desenvolvimento e o bem-estar, a que h\u00e1 muito aspira\u201d.<\/p>\n<p>Ao Sud\u00e3o do Sul, o Papa fez votos de que \u201cse abra uma nova p\u00e1gina da hist\u00f3ria do pa\u00eds, na qual todos os componentes pol\u00edticos, sociais e religiosos se empenhem ativamente em prol do bem comum e da reconcilia\u00e7\u00e3o da na\u00e7\u00e3o\u201d, tamb\u00e9m recordando o retiro feito h\u00e1 poucos dias pelos l\u00edderes do pa\u00eds no Vaticano.<\/p>\n<p><img loading=\"lazy\" class=\"alignnone size-full wp-image-202796\" src=\"https:\/\/franciscanos.org.br\/noticias\/wp-content\/uploads\/2019\/04\/vaticano_210419_4.jpg\" alt=\"\" width=\"890\" height=\"593\" srcset=\"https:\/\/franciscanos.org.br\/noticias\/wp-content\/uploads\/2019\/04\/vaticano_210419_4.jpg 890w, https:\/\/franciscanos.org.br\/noticias\/wp-content\/uploads\/2019\/04\/vaticano_210419_4-450x300.jpg 450w, https:\/\/franciscanos.org.br\/noticias\/wp-content\/uploads\/2019\/04\/vaticano_210419_4-768x512.jpg 768w, https:\/\/franciscanos.org.br\/noticias\/wp-content\/uploads\/2019\/04\/vaticano_210419_4-150x100.jpg 150w\" sizes=\"(max-width: 890px) 100vw, 890px\" \/><\/p>\n<p><strong>Ucr\u00e2nia<\/strong><\/p>\n<p>Em rela\u00e7\u00e3o \u00e0 Ucr\u00e2nia, o Santo Padre pediu para que \u201co Senhor encoraje as iniciativas humanit\u00e1rias e as iniciativas destinadas a buscar uma paz duradoura\u201d, especialmente nas regi\u00f5es orientais do pa\u00eds que continuam a sofrer com o conflito que persiste.<\/p>\n<p><strong>Continente americano<\/strong><\/p>\n<p>Para o continente americano, o Pont\u00edfice argentino pediu \u201cque a alegria da Ressurrei\u00e7\u00e3o encha os cora\u00e7\u00f5es de quem sofre as consequ\u00eancias de dif\u00edceis situa\u00e7\u00f5es pol\u00edticas e econ\u00f4micas, no continente americano\u201d. Em particular, recordou da Venezuela, onde h\u00e1 \u201ctanta gente sem as condi\u00e7\u00f5es m\u00ednimas para levar uma vida digna e segura, por causa duma crise que perdura e se agrava\u201d.<\/p>\n<p>\u201cQue o Senhor \u2013 foi seu pedido &#8211; conceda a quantos t\u00eam responsabilidades pol\u00edticas, trabalhar para p\u00f4r fim \u00e0s injusti\u00e7as sociais, abusos e viol\u00eancias e realizar passos concretos que permitam sanar as divis\u00f5es e oferecer \u00e0 popula\u00e7\u00e3o a ajuda de que necessita\u201d.<\/p>\n<p>Para a Nicar\u00e1gua, Francisco pediu que \u201co Senhor ressuscitado oriente com a sua luz os esfor\u00e7os que est\u00e3o a ser feitos\u201d, para que se encontre \u201co mais r\u00e1pido poss\u00edvel, uma solu\u00e7\u00e3o pac\u00edfica e negociada em benef\u00edcio de todos os nicaraguenses\u201d.<\/p>\n<p><img loading=\"lazy\" class=\"alignnone size-full wp-image-202798\" src=\"https:\/\/franciscanos.org.br\/noticias\/wp-content\/uploads\/2019\/04\/vaticano_210419_6.jpg\" alt=\"\" width=\"890\" height=\"593\" srcset=\"https:\/\/franciscanos.org.br\/noticias\/wp-content\/uploads\/2019\/04\/vaticano_210419_6.jpg 890w, https:\/\/franciscanos.org.br\/noticias\/wp-content\/uploads\/2019\/04\/vaticano_210419_6-450x300.jpg 450w, https:\/\/franciscanos.org.br\/noticias\/wp-content\/uploads\/2019\/04\/vaticano_210419_6-768x512.jpg 768w, https:\/\/franciscanos.org.br\/noticias\/wp-content\/uploads\/2019\/04\/vaticano_210419_6-150x100.jpg 150w\" sizes=\"(max-width: 890px) 100vw, 890px\" \/><\/p>\n<p><strong>Construtores de pontes e n\u00e3o de muros<\/strong><\/p>\n<p>\u201cPerante os in\u00fameros sofrimentos do nosso tempo \u2013 disse o Santo Padre na conclus\u00e3o da mensagem &#8211; que o Senhor da vida n\u00e3o nos encontre frios e indiferentes. Fa\u00e7a de n\u00f3s construtores de pontes, n\u00e3o de muros. Ele, que nos d\u00e1 a paz, fa\u00e7a cessar o fragor das armas, tanto nos contextos de guerra como nas nossas cidades, e inspire os l\u00edderes das na\u00e7\u00f5es a trabalhar para acabar com a corrida aos armamentos e com a difus\u00e3o preocupante das armas, de modo especial nos pa\u00edses mais avan\u00e7ados economicamente. O Ressuscitado, que escancarou as portas do sepulcro, abra os nossos cora\u00e7\u00f5es \u00e0s necessidades dos indigentes, indefesos, pobres, desempregados, marginalizados, de quem bate \u00e0 nossa porta \u00e0 procura de p\u00e3o, dum abrigo e do reconhecimento da sua dignidade\u201d.<\/p>\n<p>Ao final, fez a todos os votos de uma Feliz P\u00e1scoa:<\/p>\n<p>\u201cQueridos irm\u00e3os e irm\u00e3s, Cristo vive! Ele \u00e9 esperan\u00e7a e juventude para cada um de n\u00f3s e para o mundo inteiro. Deixemo-nos renovar por Ele! Feliz P\u00e1scoa!\u201d<\/p>\n<p>Depois de condenar os graves atentados no Sri Lanka ocorridos neste Domingo de P\u00e1scoa e falar da primeira transmiss\u00e3o de uma mensagem de P\u00e1scoa feita por um Pont\u00edfice pela TV, o Papa Francisco fez um &#8220;grande agradecimento&#8221; aos holandeses e eslovenos, pela doa\u00e7\u00e3o das &#8220;espl\u00eandidas&#8221; flores que ornamentam a Pra\u00e7a e a Bas\u00edlica de S\u00e3o Pedro nesta P\u00e1scoa: &#8220;a alegria da Ressurrei\u00e7\u00e3o \u00e9 simbolizada pelas flores!&#8221;, disse ele.<\/p>\n<p>Por fim, despediu-se da multid\u00e3o de fi\u00e9is, pedindo que n\u00e3o esquecessem, de rezar por ele. &#8220;Bom almo\u00e7o e at\u00e9 logo!&#8221;, concluiu.<\/p>\n<p><img loading=\"lazy\" class=\"alignnone size-full wp-image-202799\" src=\"https:\/\/franciscanos.org.br\/noticias\/wp-content\/uploads\/2019\/04\/vaticano_210419_5.jpg\" alt=\"\" width=\"890\" height=\"593\" srcset=\"https:\/\/franciscanos.org.br\/noticias\/wp-content\/uploads\/2019\/04\/vaticano_210419_5.jpg 890w, https:\/\/franciscanos.org.br\/noticias\/wp-content\/uploads\/2019\/04\/vaticano_210419_5-450x300.jpg 450w, https:\/\/franciscanos.org.br\/noticias\/wp-content\/uploads\/2019\/04\/vaticano_210419_5-768x512.jpg 768w, https:\/\/franciscanos.org.br\/noticias\/wp-content\/uploads\/2019\/04\/vaticano_210419_5-150x100.jpg 150w\" sizes=\"(max-width: 890px) 100vw, 890px\" \/><\/p>\n","protected":false},"excerpt":{"rendered":"<p>Urbe et Orbi<\/p>\n","protected":false},"author":3,"featured_media":202797,"comment_status":"open","ping_status":"open","sticky":false,"template":"","format":"standard","meta":[],"categories":[1428],"tags":[1439],"acf":[],"yoast_head":"<!-- This site is optimized with the Yoast SEO plugin v19.2 - https:\/\/yoast.com\/wordpress\/plugins\/seo\/ -->\n<title>O Senhor n\u00e3o nos encontre frios e indiferentes diante dos sofrimentos atuais - Not\u00edcias - Franciscanos<\/title>\n<meta name=\"robots\" content=\"index, follow, max-snippet:-1, max-image-preview:large, max-video-preview:-1\" \/>\n<link rel=\"canonical\" href=\"https:\/\/franciscanos.org.br\/noticias\/o-senhor-nao-nos-encontre-frios-e-indiferentes-diante-dos-sofrimentos-atuais.html\" \/>\n<meta property=\"og:locale\" content=\"pt_BR\" \/>\n<meta property=\"og:type\" content=\"article\" \/>\n<meta property=\"og:title\" content=\"O Senhor n\u00e3o nos encontre frios e indiferentes diante dos sofrimentos atuais - Not\u00edcias - Franciscanos\" \/>\n<meta property=\"og:description\" content=\"Urbe et Orbi\" \/>\n<meta property=\"og:url\" content=\"https:\/\/franciscanos.org.br\/noticias\/o-senhor-nao-nos-encontre-frios-e-indiferentes-diante-dos-sofrimentos-atuais.html\" \/>\n<meta property=\"og:site_name\" content=\"Not\u00edcias - Franciscanos\" \/>\n<meta property=\"article:published_time\" content=\"2019-04-21T16:36:24+00:00\" \/>\n<meta property=\"og:image\" content=\"https:\/\/franciscanos.org.br\/noticias\/wp-content\/uploads\/2019\/04\/vaticano_210419_d.jpg\" \/>\n\t<meta property=\"og:image:width\" content=\"273\" \/>\n\t<meta property=\"og:image:height\" content=\"182\" \/>\n\t<meta property=\"og:image:type\" content=\"image\/jpeg\" \/>\n<meta name=\"author\" content=\"moacir\" \/>\n<meta name=\"twitter:card\" content=\"summary_large_image\" \/>\n<meta name=\"twitter:label1\" content=\"Escrito por\" \/>\n\t<meta name=\"twitter:data1\" content=\"moacir\" \/>\n\t<meta name=\"twitter:label2\" content=\"Est. tempo de leitura\" \/>\n\t<meta name=\"twitter:data2\" content=\"6 minutos\" \/>\n<script type=\"application\/ld+json\" class=\"yoast-schema-graph\">{\"@context\":\"https:\/\/schema.org\",\"@graph\":[{\"@type\":\"WebSite\",\"@id\":\"https:\/\/franciscanos.org.br\/noticias\/#website\",\"url\":\"https:\/\/franciscanos.org.br\/noticias\/\",\"name\":\"Not\u00edcias - Franciscanos\",\"description\":\"Prov\u00edncia Franciscana da Imaculada Concei\u00e7\u00e3o do Brasil - Ordem dos Frades Menores - OFM\",\"potentialAction\":[{\"@type\":\"SearchAction\",\"target\":{\"@type\":\"EntryPoint\",\"urlTemplate\":\"https:\/\/franciscanos.org.br\/noticias\/?s={search_term_string}\"},\"query-input\":\"required name=search_term_string\"}],\"inLanguage\":\"pt-BR\"},{\"@type\":\"ImageObject\",\"inLanguage\":\"pt-BR\",\"@id\":\"https:\/\/franciscanos.org.br\/noticias\/o-senhor-nao-nos-encontre-frios-e-indiferentes-diante-dos-sofrimentos-atuais.html#primaryimage\",\"url\":\"https:\/\/franciscanos.org.br\/noticias\/wp-content\/uploads\/2019\/04\/vaticano_210419_d.jpg\",\"contentUrl\":\"https:\/\/franciscanos.org.br\/noticias\/wp-content\/uploads\/2019\/04\/vaticano_210419_d.jpg\",\"width\":273,\"height\":182},{\"@type\":\"WebPage\",\"@id\":\"https:\/\/franciscanos.org.br\/noticias\/o-senhor-nao-nos-encontre-frios-e-indiferentes-diante-dos-sofrimentos-atuais.html#webpage\",\"url\":\"https:\/\/franciscanos.org.br\/noticias\/o-senhor-nao-nos-encontre-frios-e-indiferentes-diante-dos-sofrimentos-atuais.html\",\"name\":\"O Senhor n\u00e3o nos encontre frios e indiferentes diante dos sofrimentos atuais - Not\u00edcias - Franciscanos\",\"isPartOf\":{\"@id\":\"https:\/\/franciscanos.org.br\/noticias\/#website\"},\"primaryImageOfPage\":{\"@id\":\"https:\/\/franciscanos.org.br\/noticias\/o-senhor-nao-nos-encontre-frios-e-indiferentes-diante-dos-sofrimentos-atuais.html#primaryimage\"},\"datePublished\":\"2019-04-21T16:36:24+00:00\",\"dateModified\":\"2019-04-21T16:36:24+00:00\",\"author\":{\"@id\":\"https:\/\/franciscanos.org.br\/noticias\/#\/schema\/person\/b5c8cba458c330ccff548b056e95a5d4\"},\"breadcrumb\":{\"@id\":\"https:\/\/franciscanos.org.br\/noticias\/o-senhor-nao-nos-encontre-frios-e-indiferentes-diante-dos-sofrimentos-atuais.html#breadcrumb\"},\"inLanguage\":\"pt-BR\",\"potentialAction\":[{\"@type\":\"ReadAction\",\"target\":[\"https:\/\/franciscanos.org.br\/noticias\/o-senhor-nao-nos-encontre-frios-e-indiferentes-diante-dos-sofrimentos-atuais.html\"]}]},{\"@type\":\"BreadcrumbList\",\"@id\":\"https:\/\/franciscanos.org.br\/noticias\/o-senhor-nao-nos-encontre-frios-e-indiferentes-diante-dos-sofrimentos-atuais.html#breadcrumb\",\"itemListElement\":[{\"@type\":\"ListItem\",\"position\":1,\"name\":\"Home\",\"item\":\"https:\/\/franciscanos.org.br\/noticias\"},{\"@type\":\"ListItem\",\"position\":2,\"name\":\"O Senhor n\u00e3o nos encontre frios e indiferentes diante dos sofrimentos atuais\"}]},{\"@type\":\"Person\",\"@id\":\"https:\/\/franciscanos.org.br\/noticias\/#\/schema\/person\/b5c8cba458c330ccff548b056e95a5d4\",\"name\":\"moacir\",\"image\":{\"@type\":\"ImageObject\",\"inLanguage\":\"pt-BR\",\"@id\":\"https:\/\/franciscanos.org.br\/noticias\/#\/schema\/person\/image\/\",\"url\":\"https:\/\/secure.gravatar.com\/avatar\/d08aa2ce4c8dd416d4479aa8536fcf64?s=96&d=mm&r=g\",\"contentUrl\":\"https:\/\/secure.gravatar.com\/avatar\/d08aa2ce4c8dd416d4479aa8536fcf64?s=96&d=mm&r=g\",\"caption\":\"moacir\"},\"url\":\"https:\/\/franciscanos.org.br\/noticias\/author\/moacir\"}]}<\/script>\n<!-- \/ Yoast SEO plugin. -->","yoast_head_json":{"title":"O Senhor n\u00e3o nos encontre frios e indiferentes diante dos sofrimentos atuais - Not\u00edcias - Franciscanos","robots":{"index":"index","follow":"follow","max-snippet":"max-snippet:-1","max-image-preview":"max-image-preview:large","max-video-preview":"max-video-preview:-1"},"canonical":"https:\/\/franciscanos.org.br\/noticias\/o-senhor-nao-nos-encontre-frios-e-indiferentes-diante-dos-sofrimentos-atuais.html","og_locale":"pt_BR","og_type":"article","og_title":"O Senhor n\u00e3o nos encontre frios e indiferentes diante dos sofrimentos atuais - Not\u00edcias - Franciscanos","og_description":"Urbe et Orbi","og_url":"https:\/\/franciscanos.org.br\/noticias\/o-senhor-nao-nos-encontre-frios-e-indiferentes-diante-dos-sofrimentos-atuais.html","og_site_name":"Not\u00edcias - Franciscanos","article_published_time":"2019-04-21T16:36:24+00:00","og_image":[{"width":273,"height":182,"url":"https:\/\/franciscanos.org.br\/noticias\/wp-content\/uploads\/2019\/04\/vaticano_210419_d.jpg","type":"image\/jpeg"}],"author":"moacir","twitter_card":"summary_large_image","twitter_misc":{"Escrito por":"moacir","Est. tempo de leitura":"6 minutos"},"schema":{"@context":"https:\/\/schema.org","@graph":[{"@type":"WebSite","@id":"https:\/\/franciscanos.org.br\/noticias\/#website","url":"https:\/\/franciscanos.org.br\/noticias\/","name":"Not\u00edcias - Franciscanos","description":"Prov\u00edncia Franciscana da Imaculada Concei\u00e7\u00e3o do Brasil - Ordem dos Frades Menores - OFM","potentialAction":[{"@type":"SearchAction","target":{"@type":"EntryPoint","urlTemplate":"https:\/\/franciscanos.org.br\/noticias\/?s={search_term_string}"},"query-input":"required name=search_term_string"}],"inLanguage":"pt-BR"},{"@type":"ImageObject","inLanguage":"pt-BR","@id":"https:\/\/franciscanos.org.br\/noticias\/o-senhor-nao-nos-encontre-frios-e-indiferentes-diante-dos-sofrimentos-atuais.html#primaryimage","url":"https:\/\/franciscanos.org.br\/noticias\/wp-content\/uploads\/2019\/04\/vaticano_210419_d.jpg","contentUrl":"https:\/\/franciscanos.org.br\/noticias\/wp-content\/uploads\/2019\/04\/vaticano_210419_d.jpg","width":273,"height":182},{"@type":"WebPage","@id":"https:\/\/franciscanos.org.br\/noticias\/o-senhor-nao-nos-encontre-frios-e-indiferentes-diante-dos-sofrimentos-atuais.html#webpage","url":"https:\/\/franciscanos.org.br\/noticias\/o-senhor-nao-nos-encontre-frios-e-indiferentes-diante-dos-sofrimentos-atuais.html","name":"O Senhor n\u00e3o nos encontre frios e indiferentes diante dos sofrimentos atuais - Not\u00edcias - Franciscanos","isPartOf":{"@id":"https:\/\/franciscanos.org.br\/noticias\/#website"},"primaryImageOfPage":{"@id":"https:\/\/franciscanos.org.br\/noticias\/o-senhor-nao-nos-encontre-frios-e-indiferentes-diante-dos-sofrimentos-atuais.html#primaryimage"},"datePublished":"2019-04-21T16:36:24+00:00","dateModified":"2019-04-21T16:36:24+00:00","author":{"@id":"https:\/\/franciscanos.org.br\/noticias\/#\/schema\/person\/b5c8cba458c330ccff548b056e95a5d4"},"breadcrumb":{"@id":"https:\/\/franciscanos.org.br\/noticias\/o-senhor-nao-nos-encontre-frios-e-indiferentes-diante-dos-sofrimentos-atuais.html#breadcrumb"},"inLanguage":"pt-BR","potentialAction":[{"@type":"ReadAction","target":["https:\/\/franciscanos.org.br\/noticias\/o-senhor-nao-nos-encontre-frios-e-indiferentes-diante-dos-sofrimentos-atuais.html"]}]},{"@type":"BreadcrumbList","@id":"https:\/\/franciscanos.org.br\/noticias\/o-senhor-nao-nos-encontre-frios-e-indiferentes-diante-dos-sofrimentos-atuais.html#breadcrumb","itemListElement":[{"@type":"ListItem","position":1,"name":"Home","item":"https:\/\/franciscanos.org.br\/noticias"},{"@type":"ListItem","position":2,"name":"O Senhor n\u00e3o nos encontre frios e indiferentes diante dos sofrimentos atuais"}]},{"@type":"Person","@id":"https:\/\/franciscanos.org.br\/noticias\/#\/schema\/person\/b5c8cba458c330ccff548b056e95a5d4","name":"moacir","image":{"@type":"ImageObject","inLanguage":"pt-BR","@id":"https:\/\/franciscanos.org.br\/noticias\/#\/schema\/person\/image\/","url":"https:\/\/secure.gravatar.com\/avatar\/d08aa2ce4c8dd416d4479aa8536fcf64?s=96&d=mm&r=g","contentUrl":"https:\/\/secure.gravatar.com\/avatar\/d08aa2ce4c8dd416d4479aa8536fcf64?s=96&d=mm&r=g","caption":"moacir"},"url":"https:\/\/franciscanos.org.br\/noticias\/author\/moacir"}]}},"_links":{"self":[{"href":"https:\/\/franciscanos.org.br\/noticias\/wp-json\/wp\/v2\/posts\/202791"}],"collection":[{"href":"https:\/\/franciscanos.org.br\/noticias\/wp-json\/wp\/v2\/posts"}],"about":[{"href":"https:\/\/franciscanos.org.br\/noticias\/wp-json\/wp\/v2\/types\/post"}],"author":[{"embeddable":true,"href":"https:\/\/franciscanos.org.br\/noticias\/wp-json\/wp\/v2\/users\/3"}],"replies":[{"embeddable":true,"href":"https:\/\/franciscanos.org.br\/noticias\/wp-json\/wp\/v2\/comments?post=202791"}],"version-history":[{"count":0,"href":"https:\/\/franciscanos.org.br\/noticias\/wp-json\/wp\/v2\/posts\/202791\/revisions"}],"wp:featuredmedia":[{"embeddable":true,"href":"https:\/\/franciscanos.org.br\/noticias\/wp-json\/wp\/v2\/media\/202797"}],"wp:attachment":[{"href":"https:\/\/franciscanos.org.br\/noticias\/wp-json\/wp\/v2\/media?parent=202791"}],"wp:term":[{"taxonomy":"category","embeddable":true,"href":"https:\/\/franciscanos.org.br\/noticias\/wp-json\/wp\/v2\/categories?post=202791"},{"taxonomy":"post_tag","embeddable":true,"href":"https:\/\/franciscanos.org.br\/noticias\/wp-json\/wp\/v2\/tags?post=202791"}],"curies":[{"name":"wp","href":"https:\/\/api.w.org\/{rel}","templated":true}]}}