{"id":202754,"date":"2019-04-20T23:08:19","date_gmt":"2019-04-21T02:08:19","guid":{"rendered":"https:\/\/franciscanos.org.br\/noticias\/?p=202754"},"modified":"2019-04-20T23:08:19","modified_gmt":"2019-04-21T02:08:19","slug":"vigilia-a-pascoa-e-a-festa-da-remocao-das-pedras","status":"publish","type":"post","link":"https:\/\/franciscanos.org.br\/noticias\/vigilia-a-pascoa-e-a-festa-da-remocao-das-pedras.html","title":{"rendered":"Vig\u00edlia: A P\u00e1scoa \u00e9 a festa da remo\u00e7\u00e3o das pedras"},"content":{"rendered":"<p><img loading=\"lazy\" class=\"alignnone size-full wp-image-202755\" src=\"https:\/\/franciscanos.org.br\/noticias\/wp-content\/uploads\/2019\/04\/vigilia_200419_5.jpg\" alt=\"\" width=\"890\" height=\"593\" srcset=\"https:\/\/franciscanos.org.br\/noticias\/wp-content\/uploads\/2019\/04\/vigilia_200419_5.jpg 890w, https:\/\/franciscanos.org.br\/noticias\/wp-content\/uploads\/2019\/04\/vigilia_200419_5-450x300.jpg 450w, https:\/\/franciscanos.org.br\/noticias\/wp-content\/uploads\/2019\/04\/vigilia_200419_5-768x512.jpg 768w, https:\/\/franciscanos.org.br\/noticias\/wp-content\/uploads\/2019\/04\/vigilia_200419_5-150x100.jpg 150w\" sizes=\"(max-width: 890px) 100vw, 890px\" \/><\/p>\n<p><strong>Cidade do Vaticano<\/strong> &#8211; O Papa Francisco presidiu na noite de s\u00e1bado na Bas\u00edlica de S\u00e3o Pedro a Vig\u00edlia Pascal, quando batizou 8 catec\u00famenos. Confira o texto integral de sua homilia:<\/p>\n<p>1. As mulheres v\u00e3o ao t\u00famulo levando os aromas, mas temem que a viagem seja in\u00fatil, porque uma grande pedra bloqueia a entrada do sepulcro. O caminho daquelas mulheres \u00e9 tamb\u00e9m o nosso caminho; lembra o caminho da salva\u00e7\u00e3o, que voltamos a percorrer nesta noite. Nele, parece que tudo se vai estilha\u00e7ar contra uma pedra: a beleza da cria\u00e7\u00e3o contra o drama do pecado; a liberta\u00e7\u00e3o da escravatura contra a infidelidade \u00e0 Alian\u00e7a; as promessas dos profetas contra a triste indiferen\u00e7a do povo. O mesmo se passa na hist\u00f3ria da Igreja e na hist\u00f3ria de cada um de n\u00f3s: parece que os passos dados nunca levam \u00e0 meta. E assim pode insinuar-se a ideia de que a frustra\u00e7\u00e3o da esperan\u00e7a seja a obscura lei da vida.<\/p>\n<p><img loading=\"lazy\" class=\"alignnone wp-image-202757 size-full\" src=\"https:\/\/franciscanos.org.br\/noticias\/wp-content\/uploads\/2019\/04\/vigilia_200419_3.jpg\" alt=\"\" width=\"890\" height=\"593\" srcset=\"https:\/\/franciscanos.org.br\/noticias\/wp-content\/uploads\/2019\/04\/vigilia_200419_3.jpg 890w, https:\/\/franciscanos.org.br\/noticias\/wp-content\/uploads\/2019\/04\/vigilia_200419_3-450x300.jpg 450w, https:\/\/franciscanos.org.br\/noticias\/wp-content\/uploads\/2019\/04\/vigilia_200419_3-768x512.jpg 768w, https:\/\/franciscanos.org.br\/noticias\/wp-content\/uploads\/2019\/04\/vigilia_200419_3-150x100.jpg 150w\" sizes=\"(max-width: 890px) 100vw, 890px\" \/><\/p>\n<p>Hoje, por\u00e9m, descobrimos que o nosso caminho n\u00e3o \u00e9 feito em v\u00e3o, que n\u00e3o esbarra contra uma pedra tumular. Uma frase incita as mulheres e muda a hist\u00f3ria: \u00abPor que buscais o Vivente entre os mortos?\u00bb (Lc 24, 5); por que pensais que tudo seja in\u00fatil, que ningu\u00e9m possa remover as vossas pedras? Por que cedeis \u00e0 resigna\u00e7\u00e3o e ao fracasso? A P\u00e1scoa \u00e9 a festa da remo\u00e7\u00e3o das pedras. Deus remove as pedras mais duras, contra as quais v\u00e3o embater esperan\u00e7as e expetativas: a morte, o pecado, o medo, o mundanismo. A hist\u00f3ria humana n\u00e3o acaba frente a uma pedra sepulcral, j\u00e1 que hoje mesmo descobre a \u00abpedra viva\u00bb (cf. 1 Ped 2, 4): Jesus ressuscitado. Como Igreja, estamos fundados sobre Ele e, mesmo quando desfalecemos, mesmo quando somos tentados a julgar tudo a partir dos nossos fracassos, Ele vem fazer novas todas as coisas, inverter as nossas decep\u00e7\u00f5es. Nesta noite, cada um \u00e9 chamado a encontrar, no Vivente, Aquele que remove do cora\u00e7\u00e3o as pedras mais pesadas. Perguntemo-nos, antes de mais nada: Qual \u00e9 a minha pedra a ser removida, como se chama?<\/p>\n<p>Muitas vezes, a esperan\u00e7a \u00e9 obstru\u00edda pela pedra da falta de confian\u00e7a. Quando se d\u00e1 espa\u00e7o \u00e0 ideia de que tudo corre mal e que sempre vai de mal a pior, resignados, chegamos a crer que a morte seja mais forte que a vida e tornamo-nos c\u00ednicos e sarc\u00e1sticos, portadores de um des\u00e2nimo doentio. Pedra sobre pedra, constru\u00edmos dentro de n\u00f3s um monumento \u00e0 insatisfa\u00e7\u00e3o, o sepulcro da esperan\u00e7a. Lamentando-nos da vida, tornamos a vida dependente das lamenta\u00e7\u00f5es e espiritualmente doente. Insinua-se, assim, uma esp\u00e9cie de psicologia do sepulcro: tudo termina ali, sem esperan\u00e7a de sair vivo. Mas, eis que surge a pergunta desafiadora da P\u00e1scoa: Por que buscais o Vivente entre os mortos? O Senhor n\u00e3o habita na resigna\u00e7\u00e3o. Ressuscitou, n\u00e3o est\u00e1 l\u00e1; n\u00e3o O procures, onde nunca O encontrar\u00e1s: n\u00e3o \u00e9 Deus dos mortos, mas dos vivos (cf. Mt 22, 32). N\u00e3o sepultes a esperan\u00e7a!<\/p>\n<p><img loading=\"lazy\" class=\"alignnone size-full wp-image-202758\" src=\"https:\/\/franciscanos.org.br\/noticias\/wp-content\/uploads\/2019\/04\/vigilia_200419_1.jpg\" alt=\"\" width=\"890\" height=\"591\" srcset=\"https:\/\/franciscanos.org.br\/noticias\/wp-content\/uploads\/2019\/04\/vigilia_200419_1.jpg 890w, https:\/\/franciscanos.org.br\/noticias\/wp-content\/uploads\/2019\/04\/vigilia_200419_1-450x299.jpg 450w, https:\/\/franciscanos.org.br\/noticias\/wp-content\/uploads\/2019\/04\/vigilia_200419_1-768x510.jpg 768w, https:\/\/franciscanos.org.br\/noticias\/wp-content\/uploads\/2019\/04\/vigilia_200419_1-150x100.jpg 150w\" sizes=\"(max-width: 890px) 100vw, 890px\" \/><\/p>\n<p>H\u00e1 uma segunda pedra que, muitas vezes, fecha o cora\u00e7\u00e3o: a pedra do pecado. O pecado seduz, promete coisas f\u00e1ceis e prontas, bem-estar e sucesso, mas, depois, dentro deixa solid\u00e3o e morte. O pecado \u00e9 procurar a vida entre os mortos, o sentido da vida nas coisas que passam. Por que buscais o Vivente entre os mortos? Por que n\u00e3o te decides a deixar aquele pecado que, como pedra \u00e0 entrada do cora\u00e7\u00e3o, impede \u00e0 luz divina de entrar? Por que, aos lampejos cintilantes do dinheiro, da carreira, do orgulho e do prazer, n\u00e3o antep\u00f5es Jesus, a luz verdadeira (cf. Jo 1, 9)? Por que n\u00e3o dizes \u00e0s vaidades mundanas que n\u00e3o \u00e9 para elas que vives, mas para o Senhor da vida?<\/p>\n<p>2. Voltemos \u00e0s mulheres que v\u00e3o ao sepulcro de Jesus\u2026 \u00c0 vista da pedra removida, sentem-se perplexas; ao ver os anjos, ficam \u2013 diz o Evangelho \u2013 \u00abamedrontadas\u00bb e \u00abvoltam o rosto para o ch\u00e3o\u00bb (Lc 24, 5). N\u00e3o t\u00eam a coragem de levantar o olhar. Quantas vezes nos acontece o mesmo! Preferimos ficar encolhidos nos nossos limites, escondidos nos nossos medos. \u00c9 estranho! Por que o fazemos? Muitas vezes porque, no fechamento e na tristeza, somos n\u00f3s os protagonistas, porque \u00e9 mais f\u00e1cil ficarmos sozinhos nas celas escuras do cora\u00e7\u00e3o do que abrir-nos ao Senhor. E, todavia, s\u00f3 Ele levanta. Uma poetisa escreveu: \u00abS\u00f3 conhecemos a nossa altura, quando somos chamados a levantar-nos\u00bb (E. Dickinson, Nunca sabemos qu\u00e3o alto estamos n\u00f3s). O Senhor chama-nos para nos levantarmos, ressuscitarmos \u00e0 sua Palavra, olharmos para o alto e crermos que estamos feitos para o C\u00e9u, n\u00e3o para a terra; para as alturas da vida, n\u00e3o para as torpezas da morte: Por que buscais o Vivente entre os mortos?<\/p>\n<p><img loading=\"lazy\" class=\"alignnone size-full wp-image-202759\" src=\"https:\/\/franciscanos.org.br\/noticias\/wp-content\/uploads\/2019\/04\/vigilia_200419_4.jpg\" alt=\"\" width=\"890\" height=\"593\" srcset=\"https:\/\/franciscanos.org.br\/noticias\/wp-content\/uploads\/2019\/04\/vigilia_200419_4.jpg 890w, https:\/\/franciscanos.org.br\/noticias\/wp-content\/uploads\/2019\/04\/vigilia_200419_4-450x300.jpg 450w, https:\/\/franciscanos.org.br\/noticias\/wp-content\/uploads\/2019\/04\/vigilia_200419_4-768x512.jpg 768w, https:\/\/franciscanos.org.br\/noticias\/wp-content\/uploads\/2019\/04\/vigilia_200419_4-150x100.jpg 150w\" sizes=\"(max-width: 890px) 100vw, 890px\" \/><\/p>\n<p>Deus pede-nos para olharmos a vida como a contempla Ele, que em cada um de n\u00f3s sempre v\u00ea um n\u00facleo incancel\u00e1vel de beleza. No pecado, v\u00ea filhos carecidos de ser levantados; na morte, irm\u00e3os carecidos de ressuscitar; na desola\u00e7\u00e3o, cora\u00e7\u00f5es carecidos de consola\u00e7\u00e3o. Por isso, n\u00e3o temas! O Senhor ama esta tua vida, mesmo quando tens medo de a olhar de frente e tomar a s\u00e9rio. Na P\u00e1scoa, mostra-te quanto a ama. Ama-a a ponto de a atravessar toda, experimentar a ang\u00fastia, o abandono, a morte e a mans\u00e3o dos mortos para de l\u00e1 sair vitorioso e dizer-te: \u00abN\u00e3o est\u00e1s sozinho, confia em Mim!\u00bb Jesus \u00e9 especialista em transformar as nossas mortes em vida, os nossos lamentos em dan\u00e7a (cf. Sal 30, 12). Com Ele, podemos realizar tamb\u00e9m n\u00f3s a P\u00e1scoa, isto \u00e9, a passagem: passagem do fechamento \u00e0 comunh\u00e3o, da desola\u00e7\u00e3o ao conforto, do medo \u00e0 confian\u00e7a. N\u00e3o fiquemos a olhar para o ch\u00e3o amedrontados, fixemos Jesus ressuscitado: o seu olhar infunde-nos esperan\u00e7a, porque nos diz que somos sempre amados e que, n\u00e3o obstante tudo o que possamos combinar, o amor d\u2019Ele n\u00e3o muda. Esta \u00e9 a certeza n\u00e3o negoci\u00e1vel da vida: o seu amor n\u00e3o muda. Perguntemo-nos: Na vida, para onde olho? Contemplo ambientes sepulcrais ou procuro o Vivente?<\/p>\n<p>3. Por que buscais o Vivente entre os mortos? As mulheres escutam a advert\u00eancia dos anjos, que acrescentam: \u00abLembrai-vos de como vos falou, quando ainda estava na Galileia\u00bb (Lc 24, 6). Aquelas mulheres tinham esquecido a esperan\u00e7a, porque n\u00e3o recordavam as palavras de Jesus, a chamada que lhes fez na Galileia. Perdida a mem\u00f3ria viva de Jesus, ficam a olhar o sepulcro. A f\u00e9 precisa de voltar \u00e0 Galileia, reavivar o primeiro amor com Jesus, a sua chamada: precisa de O recordar, ou seja \u2013 literalmente \u2013, de voltar com o cora\u00e7\u00e3o para Ele. Voltar a um amor vivo para com o Senhor \u00e9 essencial; caso contr\u00e1rio, tem-se uma f\u00e9 de museu, n\u00e3o a f\u00e9 pascal. Mas Jesus n\u00e3o \u00e9 um personagem do passado, \u00e9 uma Pessoa vivente hoje; n\u00e3o Se conhece nos livros de hist\u00f3ria, encontra-Se na vida. Hoje, repassemos na mem\u00f3ria o momento em que Jesus nos chamou, quando venceu as nossas trevas, resist\u00eancias, pecados, como nos tocou o cora\u00e7\u00e3o com a sua Palavra.<\/p>\n<p><img loading=\"lazy\" class=\"alignnone size-full wp-image-202760\" src=\"https:\/\/franciscanos.org.br\/noticias\/wp-content\/uploads\/2019\/04\/vigilia_200419_6.jpg\" alt=\"\" width=\"890\" height=\"1060\" srcset=\"https:\/\/franciscanos.org.br\/noticias\/wp-content\/uploads\/2019\/04\/vigilia_200419_6.jpg 890w, https:\/\/franciscanos.org.br\/noticias\/wp-content\/uploads\/2019\/04\/vigilia_200419_6-378x450.jpg 378w, https:\/\/franciscanos.org.br\/noticias\/wp-content\/uploads\/2019\/04\/vigilia_200419_6-768x915.jpg 768w, https:\/\/franciscanos.org.br\/noticias\/wp-content\/uploads\/2019\/04\/vigilia_200419_6-860x1024.jpg 860w, https:\/\/franciscanos.org.br\/noticias\/wp-content\/uploads\/2019\/04\/vigilia_200419_6-150x179.jpg 150w\" sizes=\"(max-width: 890px) 100vw, 890px\" \/><\/p>\n<p>Recordando Jesus, as mulheres deixam o sepulcro. A P\u00e1scoa ensina-nos que o crente se det\u00e9m pouco no cemit\u00e9rio, porque \u00e9 chamado a caminhar ao encontro do Vivente. Perguntemo-nos: na vida, para onde caminho? Sucede \u00e0s vezes que o nosso pensamento se dirija continua e exclusivamente para os nossos problemas, que nunca faltam, e vamos ter com o Senhor apenas para nos ajudar. Mas, deste modo, s\u00e3o as nossas necessidades que nos orientam, n\u00e3o Jesus. E continuamos a buscar o Vivente entre os mortos. E quantas vezes, mesmo depois de ter encontrado o Senhor, voltamos entre os mortos, repassando intimamente saudades, remorsos, feridas e insatisfa\u00e7\u00f5es, sem deixar que o Ressuscitado nos transforme! Queridos irm\u00e3os e irm\u00e3s, na vida demos o lugar central ao Vivente. Pe\u00e7amos a gra\u00e7a de n\u00e3o nos deixarmos levar pela corrente, pelo mar dos problemas; a gra\u00e7a de n\u00e3o nos estilha\u00e7armos contra as pedras do pecado e os rochedos da desconfian\u00e7a e do medo. Procuremo-Lo a Ele, em tudo e antes de tudo. Com Ele, ressuscitaremos.<\/p>\n","protected":false},"excerpt":{"rendered":"<p>Vig\u00edlia Pascal com o Papa Francisco<\/p>\n","protected":false},"author":3,"featured_media":202756,"comment_status":"open","ping_status":"open","sticky":false,"template":"","format":"standard","meta":[],"categories":[1428],"tags":[1191],"acf":[],"yoast_head":"<!-- This site is optimized with the Yoast SEO plugin v19.2 - https:\/\/yoast.com\/wordpress\/plugins\/seo\/ -->\n<title>Vig\u00edlia: A P\u00e1scoa \u00e9 a festa da remo\u00e7\u00e3o das pedras - Not\u00edcias - Franciscanos<\/title>\n<meta name=\"robots\" content=\"index, follow, max-snippet:-1, max-image-preview:large, max-video-preview:-1\" \/>\n<link rel=\"canonical\" href=\"https:\/\/franciscanos.org.br\/noticias\/vigilia-a-pascoa-e-a-festa-da-remocao-das-pedras.html\" \/>\n<meta property=\"og:locale\" content=\"pt_BR\" \/>\n<meta property=\"og:type\" content=\"article\" \/>\n<meta property=\"og:title\" content=\"Vig\u00edlia: A P\u00e1scoa \u00e9 a festa da remo\u00e7\u00e3o das pedras - Not\u00edcias - Franciscanos\" \/>\n<meta property=\"og:description\" content=\"Vig\u00edlia Pascal com o Papa Francisco\" \/>\n<meta property=\"og:url\" content=\"https:\/\/franciscanos.org.br\/noticias\/vigilia-a-pascoa-e-a-festa-da-remocao-das-pedras.html\" \/>\n<meta property=\"og:site_name\" content=\"Not\u00edcias - Franciscanos\" \/>\n<meta property=\"article:published_time\" content=\"2019-04-21T02:08:19+00:00\" \/>\n<meta property=\"og:image\" content=\"https:\/\/franciscanos.org.br\/noticias\/wp-content\/uploads\/2019\/04\/vigilia_200419d.jpg\" \/>\n\t<meta property=\"og:image:width\" content=\"273\" \/>\n\t<meta property=\"og:image:height\" content=\"181\" \/>\n\t<meta property=\"og:image:type\" content=\"image\/jpeg\" \/>\n<meta name=\"author\" content=\"moacir\" \/>\n<meta name=\"twitter:card\" content=\"summary_large_image\" \/>\n<meta name=\"twitter:label1\" content=\"Escrito por\" \/>\n\t<meta name=\"twitter:data1\" content=\"moacir\" \/>\n\t<meta name=\"twitter:label2\" content=\"Est. tempo de leitura\" \/>\n\t<meta name=\"twitter:data2\" content=\"7 minutos\" \/>\n<script type=\"application\/ld+json\" class=\"yoast-schema-graph\">{\"@context\":\"https:\/\/schema.org\",\"@graph\":[{\"@type\":\"WebSite\",\"@id\":\"https:\/\/franciscanos.org.br\/noticias\/#website\",\"url\":\"https:\/\/franciscanos.org.br\/noticias\/\",\"name\":\"Not\u00edcias - Franciscanos\",\"description\":\"Prov\u00edncia Franciscana da Imaculada Concei\u00e7\u00e3o do Brasil - Ordem dos Frades Menores - OFM\",\"potentialAction\":[{\"@type\":\"SearchAction\",\"target\":{\"@type\":\"EntryPoint\",\"urlTemplate\":\"https:\/\/franciscanos.org.br\/noticias\/?s={search_term_string}\"},\"query-input\":\"required name=search_term_string\"}],\"inLanguage\":\"pt-BR\"},{\"@type\":\"ImageObject\",\"inLanguage\":\"pt-BR\",\"@id\":\"https:\/\/franciscanos.org.br\/noticias\/vigilia-a-pascoa-e-a-festa-da-remocao-das-pedras.html#primaryimage\",\"url\":\"https:\/\/franciscanos.org.br\/noticias\/wp-content\/uploads\/2019\/04\/vigilia_200419d.jpg\",\"contentUrl\":\"https:\/\/franciscanos.org.br\/noticias\/wp-content\/uploads\/2019\/04\/vigilia_200419d.jpg\",\"width\":273,\"height\":181},{\"@type\":\"WebPage\",\"@id\":\"https:\/\/franciscanos.org.br\/noticias\/vigilia-a-pascoa-e-a-festa-da-remocao-das-pedras.html#webpage\",\"url\":\"https:\/\/franciscanos.org.br\/noticias\/vigilia-a-pascoa-e-a-festa-da-remocao-das-pedras.html\",\"name\":\"Vig\u00edlia: A P\u00e1scoa \u00e9 a festa da remo\u00e7\u00e3o das pedras - Not\u00edcias - Franciscanos\",\"isPartOf\":{\"@id\":\"https:\/\/franciscanos.org.br\/noticias\/#website\"},\"primaryImageOfPage\":{\"@id\":\"https:\/\/franciscanos.org.br\/noticias\/vigilia-a-pascoa-e-a-festa-da-remocao-das-pedras.html#primaryimage\"},\"datePublished\":\"2019-04-21T02:08:19+00:00\",\"dateModified\":\"2019-04-21T02:08:19+00:00\",\"author\":{\"@id\":\"https:\/\/franciscanos.org.br\/noticias\/#\/schema\/person\/b5c8cba458c330ccff548b056e95a5d4\"},\"breadcrumb\":{\"@id\":\"https:\/\/franciscanos.org.br\/noticias\/vigilia-a-pascoa-e-a-festa-da-remocao-das-pedras.html#breadcrumb\"},\"inLanguage\":\"pt-BR\",\"potentialAction\":[{\"@type\":\"ReadAction\",\"target\":[\"https:\/\/franciscanos.org.br\/noticias\/vigilia-a-pascoa-e-a-festa-da-remocao-das-pedras.html\"]}]},{\"@type\":\"BreadcrumbList\",\"@id\":\"https:\/\/franciscanos.org.br\/noticias\/vigilia-a-pascoa-e-a-festa-da-remocao-das-pedras.html#breadcrumb\",\"itemListElement\":[{\"@type\":\"ListItem\",\"position\":1,\"name\":\"Home\",\"item\":\"https:\/\/franciscanos.org.br\/noticias\"},{\"@type\":\"ListItem\",\"position\":2,\"name\":\"Vig\u00edlia: A P\u00e1scoa \u00e9 a festa da remo\u00e7\u00e3o das pedras\"}]},{\"@type\":\"Person\",\"@id\":\"https:\/\/franciscanos.org.br\/noticias\/#\/schema\/person\/b5c8cba458c330ccff548b056e95a5d4\",\"name\":\"moacir\",\"image\":{\"@type\":\"ImageObject\",\"inLanguage\":\"pt-BR\",\"@id\":\"https:\/\/franciscanos.org.br\/noticias\/#\/schema\/person\/image\/\",\"url\":\"https:\/\/secure.gravatar.com\/avatar\/d08aa2ce4c8dd416d4479aa8536fcf64?s=96&d=mm&r=g\",\"contentUrl\":\"https:\/\/secure.gravatar.com\/avatar\/d08aa2ce4c8dd416d4479aa8536fcf64?s=96&d=mm&r=g\",\"caption\":\"moacir\"},\"url\":\"https:\/\/franciscanos.org.br\/noticias\/author\/moacir\"}]}<\/script>\n<!-- \/ Yoast SEO plugin. -->","yoast_head_json":{"title":"Vig\u00edlia: A P\u00e1scoa \u00e9 a festa da remo\u00e7\u00e3o das pedras - Not\u00edcias - Franciscanos","robots":{"index":"index","follow":"follow","max-snippet":"max-snippet:-1","max-image-preview":"max-image-preview:large","max-video-preview":"max-video-preview:-1"},"canonical":"https:\/\/franciscanos.org.br\/noticias\/vigilia-a-pascoa-e-a-festa-da-remocao-das-pedras.html","og_locale":"pt_BR","og_type":"article","og_title":"Vig\u00edlia: A P\u00e1scoa \u00e9 a festa da remo\u00e7\u00e3o das pedras - Not\u00edcias - Franciscanos","og_description":"Vig\u00edlia Pascal com o Papa Francisco","og_url":"https:\/\/franciscanos.org.br\/noticias\/vigilia-a-pascoa-e-a-festa-da-remocao-das-pedras.html","og_site_name":"Not\u00edcias - Franciscanos","article_published_time":"2019-04-21T02:08:19+00:00","og_image":[{"width":273,"height":181,"url":"https:\/\/franciscanos.org.br\/noticias\/wp-content\/uploads\/2019\/04\/vigilia_200419d.jpg","type":"image\/jpeg"}],"author":"moacir","twitter_card":"summary_large_image","twitter_misc":{"Escrito por":"moacir","Est. tempo de leitura":"7 minutos"},"schema":{"@context":"https:\/\/schema.org","@graph":[{"@type":"WebSite","@id":"https:\/\/franciscanos.org.br\/noticias\/#website","url":"https:\/\/franciscanos.org.br\/noticias\/","name":"Not\u00edcias - Franciscanos","description":"Prov\u00edncia Franciscana da Imaculada Concei\u00e7\u00e3o do Brasil - Ordem dos Frades Menores - OFM","potentialAction":[{"@type":"SearchAction","target":{"@type":"EntryPoint","urlTemplate":"https:\/\/franciscanos.org.br\/noticias\/?s={search_term_string}"},"query-input":"required name=search_term_string"}],"inLanguage":"pt-BR"},{"@type":"ImageObject","inLanguage":"pt-BR","@id":"https:\/\/franciscanos.org.br\/noticias\/vigilia-a-pascoa-e-a-festa-da-remocao-das-pedras.html#primaryimage","url":"https:\/\/franciscanos.org.br\/noticias\/wp-content\/uploads\/2019\/04\/vigilia_200419d.jpg","contentUrl":"https:\/\/franciscanos.org.br\/noticias\/wp-content\/uploads\/2019\/04\/vigilia_200419d.jpg","width":273,"height":181},{"@type":"WebPage","@id":"https:\/\/franciscanos.org.br\/noticias\/vigilia-a-pascoa-e-a-festa-da-remocao-das-pedras.html#webpage","url":"https:\/\/franciscanos.org.br\/noticias\/vigilia-a-pascoa-e-a-festa-da-remocao-das-pedras.html","name":"Vig\u00edlia: A P\u00e1scoa \u00e9 a festa da remo\u00e7\u00e3o das pedras - Not\u00edcias - Franciscanos","isPartOf":{"@id":"https:\/\/franciscanos.org.br\/noticias\/#website"},"primaryImageOfPage":{"@id":"https:\/\/franciscanos.org.br\/noticias\/vigilia-a-pascoa-e-a-festa-da-remocao-das-pedras.html#primaryimage"},"datePublished":"2019-04-21T02:08:19+00:00","dateModified":"2019-04-21T02:08:19+00:00","author":{"@id":"https:\/\/franciscanos.org.br\/noticias\/#\/schema\/person\/b5c8cba458c330ccff548b056e95a5d4"},"breadcrumb":{"@id":"https:\/\/franciscanos.org.br\/noticias\/vigilia-a-pascoa-e-a-festa-da-remocao-das-pedras.html#breadcrumb"},"inLanguage":"pt-BR","potentialAction":[{"@type":"ReadAction","target":["https:\/\/franciscanos.org.br\/noticias\/vigilia-a-pascoa-e-a-festa-da-remocao-das-pedras.html"]}]},{"@type":"BreadcrumbList","@id":"https:\/\/franciscanos.org.br\/noticias\/vigilia-a-pascoa-e-a-festa-da-remocao-das-pedras.html#breadcrumb","itemListElement":[{"@type":"ListItem","position":1,"name":"Home","item":"https:\/\/franciscanos.org.br\/noticias"},{"@type":"ListItem","position":2,"name":"Vig\u00edlia: A P\u00e1scoa \u00e9 a festa da remo\u00e7\u00e3o das pedras"}]},{"@type":"Person","@id":"https:\/\/franciscanos.org.br\/noticias\/#\/schema\/person\/b5c8cba458c330ccff548b056e95a5d4","name":"moacir","image":{"@type":"ImageObject","inLanguage":"pt-BR","@id":"https:\/\/franciscanos.org.br\/noticias\/#\/schema\/person\/image\/","url":"https:\/\/secure.gravatar.com\/avatar\/d08aa2ce4c8dd416d4479aa8536fcf64?s=96&d=mm&r=g","contentUrl":"https:\/\/secure.gravatar.com\/avatar\/d08aa2ce4c8dd416d4479aa8536fcf64?s=96&d=mm&r=g","caption":"moacir"},"url":"https:\/\/franciscanos.org.br\/noticias\/author\/moacir"}]}},"_links":{"self":[{"href":"https:\/\/franciscanos.org.br\/noticias\/wp-json\/wp\/v2\/posts\/202754"}],"collection":[{"href":"https:\/\/franciscanos.org.br\/noticias\/wp-json\/wp\/v2\/posts"}],"about":[{"href":"https:\/\/franciscanos.org.br\/noticias\/wp-json\/wp\/v2\/types\/post"}],"author":[{"embeddable":true,"href":"https:\/\/franciscanos.org.br\/noticias\/wp-json\/wp\/v2\/users\/3"}],"replies":[{"embeddable":true,"href":"https:\/\/franciscanos.org.br\/noticias\/wp-json\/wp\/v2\/comments?post=202754"}],"version-history":[{"count":0,"href":"https:\/\/franciscanos.org.br\/noticias\/wp-json\/wp\/v2\/posts\/202754\/revisions"}],"wp:featuredmedia":[{"embeddable":true,"href":"https:\/\/franciscanos.org.br\/noticias\/wp-json\/wp\/v2\/media\/202756"}],"wp:attachment":[{"href":"https:\/\/franciscanos.org.br\/noticias\/wp-json\/wp\/v2\/media?parent=202754"}],"wp:term":[{"taxonomy":"category","embeddable":true,"href":"https:\/\/franciscanos.org.br\/noticias\/wp-json\/wp\/v2\/categories?post=202754"},{"taxonomy":"post_tag","embeddable":true,"href":"https:\/\/franciscanos.org.br\/noticias\/wp-json\/wp\/v2\/tags?post=202754"}],"curies":[{"name":"wp","href":"https:\/\/api.w.org\/{rel}","templated":true}]}}