{"id":202682,"date":"2019-04-17T18:40:54","date_gmt":"2019-04-17T21:40:54","guid":{"rendered":"https:\/\/franciscanos.org.br\/noticias\/?p=202682"},"modified":"2019-04-19T18:53:07","modified_gmt":"2019-04-19T21:53:07","slug":"pregacao-na-celebracao-da-sexta-feira-da-paixao-na-basilica-de-sao-pedro","status":"publish","type":"post","link":"https:\/\/franciscanos.org.br\/noticias\/pregacao-na-celebracao-da-sexta-feira-da-paixao-na-basilica-de-sao-pedro.html","title":{"rendered":"Prega\u00e7\u00e3o na Celebra\u00e7\u00e3o da Sexta-feira da Paix\u00e3o na Bas\u00edlica de S\u00e3o Pedro"},"content":{"rendered":"<p><img loading=\"lazy\" class=\"wp-image-202637 aligncenter\" src=\"https:\/\/franciscanos.org.br\/noticias\/wp-content\/uploads\/2019\/04\/papa_190419_2.jpeg\" alt=\"\" width=\"890\" height=\"593\" srcset=\"https:\/\/franciscanos.org.br\/noticias\/wp-content\/uploads\/2019\/04\/papa_190419_2.jpeg 800w, https:\/\/franciscanos.org.br\/noticias\/wp-content\/uploads\/2019\/04\/papa_190419_2-450x300.jpeg 450w, https:\/\/franciscanos.org.br\/noticias\/wp-content\/uploads\/2019\/04\/papa_190419_2-768x512.jpeg 768w, https:\/\/franciscanos.org.br\/noticias\/wp-content\/uploads\/2019\/04\/papa_190419_2-150x100.jpeg 150w\" sizes=\"(max-width: 890px) 100vw, 890px\" \/><\/p>\n<p>\u201cEra desprezado, era o refugo da humanidade, homem das dores e habituado \u00e0 enfermidade; era como pessoa de quem se desvia o rosto, t\u00e3o desprez\u00edvel que n\u00e3o fizemos caso dele\u201d.<br \/>\nEstas s\u00e3o as palavras prof\u00e9ticas de Isa\u00edas, com as quais come\u00e7a a liturgia da palavra de hoje. A hist\u00f3ria da paix\u00e3o que se seguiu deu um nome e um rosto a este misterioso homem das dores, desprezado e rejeitado pelos homens: o nome e o rosto de Jesus de Nazar\u00e9. Hoje queremos contemplar o Crucificado sob este mesmo aspecto: como prot\u00f3tipo e representante de todos os rejeitados, deserdados e os &#8220;descartados&#8221; da terra, aqueles diante dos quais se vira o rosto para outro lugar para n\u00e3o os ver.<\/p>\n<p>Jesus n\u00e3o come\u00e7ou a s\u00ea-lo s\u00f3 agora, na paix\u00e3o. Durante toda a sua vida ele tem sido um deles. Nasceu em um est\u00e1bulo porque \u201cn\u00e3o havia lugar para eles na hospedaria\u201d (Lc 2,7). Ao apresent\u00e1-lo ao templo, os pais ofereceram &#8220;duas rolas ou dois pombinhos&#8221;, a oferta prescrita pela lei para os pobres que n\u00e3o podiam dar-se ao luxo de oferecer um cordeiro (cf. Lv 12, 8). Um verdadeiro certificado de pobreza no Israel da \u00e9poca. Durante a sua vida p\u00fablica, n\u00e3o tinha lugar para descansar a cabe\u00e7a (Mt 8, 20): \u00e9 um sem-teto.<\/p>\n<p>E chegamos \u00e0 paix\u00e3o. No relato, h\u00e1 um momento em que n\u00e3o nos detemos com frequ\u00eancia, mas que \u00e9 cheio de significado: Jesus no pret\u00f3rio de Pilatos (cf. Mc 15, 16-20). Os soldados notaram um arbusto de silvas na pra\u00e7a adjacente; pegaram um feixe e o colocaram em sua cabe\u00e7a; sobre seus ombros, ainda sangrando da flagela\u00e7\u00e3o, colocaram um manto de esc\u00e1rnio sobre ele; suas m\u00e3os est\u00e3o atadas com uma corda \u00e1spera; em uma m\u00e3o colocaram uma cana, s\u00edmbolo irris\u00f3rio de sua realeza. \u00c9 o prot\u00f3tipo das pessoas algemadas, sozinhas, \u00e0 merc\u00ea de soldados e bandidos que descarregam sobre os pobres infelizes a raiva e a crueldade que acumularam na vida. Torturado!<\/p>\n<p>&#8220;Eis o homem!\u201d, Eis o homem!, exclama Pilatos, ao apresent\u00e1-lo pouco depois ao povo (Jo 19,5). Palavra que, depois de Cristo, se pode dizer das intermin\u00e1veis fileiras de homens e mulheres humilhados, reduzidos a objetos, privados de toda dignidade humana. &#8220;Se isto \u00e9 um homem&#8221;: o escritor Primo Levi intitulou assim o relato da sua vida no campo de exterm\u00ednio de Auschwitz. Na cruz, Jesus de Nazar\u00e9 torna-se o emblema de toda esta humanidade &#8220;humilhada e ofendida&#8221;. Deveria se exclamar: &#8220;Rejeitados, desprezados, p\u00e1rias de toda a terra: o maior homem de toda a hist\u00f3ria foi um de voc\u00eas! Independente do povo, ra\u00e7a ou religi\u00e3o a que perten\u00e7ais, tendes o direito de reivindica-lo como seu.<\/p>\n<p>Um escritor e te\u00f3logo afro-americano que Martin Luther King considerava seu mestre e inspirador da luta n\u00e3o-violenta pelos direitos civis escreveu um livro intitulado &#8220;Jesus and the Disinherited\u201d[1], Jesus e os Deserdados. Neste, ele mostra o que a figura de Jesus havia representado para os escravos do Sul, dos quais ele pr\u00f3prio era um descendente direto. Na priva\u00e7\u00e3o de todo direito e na mais total abje\u00e7\u00e3o, as palavras do Evangelho que o ministro do culto negro repetia, na \u00fanica reuni\u00e3o que lhes era permitida, devolvia aos escravos o sentido da sua dignidade de filhos de Deus.<\/p>\n<p>Neste clima, nasceu a maioria dos cantos negro-espirituais que ainda hoje comovem o mundo[2]. No momento do leil\u00e3o p\u00fablico, estes tinham experimentado o tormento de ver as suas esposas muitas vezes separadas dos seus maridos e os pais dos filhos, vendidos a diferentes propriet\u00e1rios. \u00c9 f\u00e1cil ver com que esp\u00edrito eles cantavam sob o sol ou em suas cabanas: \u201cNobody knows the trouble I have seen. Nobody knows, but Jesus\u201d: Ningu\u00e9m sabe a dor que experimentei; ningu\u00e9m, sen\u00e3o Jesus&#8221;.<\/p>\n<p>Este n\u00e3o \u00e9 o \u00fanico significado da paix\u00e3o e morte de Cristo, nem \u00e9 o mais importante. O significado mais profundo n\u00e3o \u00e9 o social, mas o espiritual. Aquela morte redimiu o mundo do pecado, levou o amor de Deus ao ponto mais distante e mais obscuro para o qual a humanidade se havia colocado na sua fuga d&#8217;Ele, isto \u00e9, na morte. N\u00e3o \u00e9, como eu disse, o significado mais importante da cruz, mas \u00e9 o que todos, crentes e n\u00e3o crentes, podem reconhecer e aceitar.<\/p>\n<p>Todos, repito, n\u00e3o apenas os crentes. Se, pelo fato da sua encarna\u00e7\u00e3o, o Filho de Deus se fez homem e se uniu a toda a humanidade, pelo modo como se realizou a sua encarna\u00e7\u00e3o, ele tornou-se um dos pobres e rejeitados, casou-se com a causa deles. Tomou a seu cargo assegurar-nos, quando afirmou solenemente: &#8220;O que fizeste aos famintos, aos nus, aos prisioneiros, aos exilados, a mim o fizeste; o que n\u00e3o fizeste a eles, a mim n\u00e3o me fizeste&#8221;. (cf. Mt 25,31-46).<\/p>\n<p>Mas n\u00e3o podemos parar por a\u00ed. Se Jesus tivesse apenas isso a dizer aos desprivilegiados do mundo, seria apenas mais um entre eles, um exemplo de dignidade na desgra\u00e7a e nada mais. De fato, seria mais uma prova a favor de que Deus permite tudo isso. \u00c9 conhecida a rea\u00e7\u00e3o indignada de Ivan, o irm\u00e3o rebelde dos Irm\u00e3os Karamazov de Dostoievski, quando o piedoso irm\u00e3o mais novo Aliocha nomeia Jesus: &#8220;Ah, trata-se do \u2018\u00danico sem Pecado\u2019 e do Seu sangue, n\u00e3o \u00e9? N\u00e3o, n\u00e3o me tinha esquecido d&#8217;Ele: e fiquei admirado, de fato, enquanto se discutia isso, por que demoraste tanto em sair com Ele, dado que comumente, nas discuss\u00f5es, todos os que est\u00e3o do teu lado o colocam antes de qualquer outra coisa&#8221;[3].<\/p>\n<p>O Evangelho n\u00e3o para por a\u00ed; diz tamb\u00e9m outra coisa, diz que o crucificado ressuscitou! Nele houve uma invers\u00e3o total das partes: o conquistado tornou-se o vencedor, o julgado tornou-se o juiz, \u201ca pedra descartada pelos construtores tornou-se a pedra angular\u201d (cf. At 4, 11). A \u00faltima palavra n\u00e3o foi, e nunca ser\u00e1, da injusti\u00e7a e da opress\u00e3o. Jesus n\u00e3o s\u00f3 restituiu uma dignidade aos desfavorecidos do mundo; deu-lhes uma esperan\u00e7a!<\/p>\n<p>Nos primeiros tr\u00eas s\u00e9culos da Igreja, a celebra\u00e7\u00e3o da P\u00e1scoa n\u00e3o era distribu\u00edda como agora em v\u00e1rios dias: Sexta-feira Santa, S\u00e1bado Santo e Domingo de P\u00e1scoa. Tudo estava concentrado num s\u00f3 dia. Na Vig\u00edlia Pascal se comemorava tanto a morte quanto a ressurrei\u00e7\u00e3o. Mais precisamente: n\u00e3o se comemorava nem a morte nem a ressurrei\u00e7\u00e3o como fatos distintos e separados; se comemorava, pelo contr\u00e1rio, a passagem de Cristo de uma para a outra, da morte para a vida. A palavra &#8220;pasqua&#8221; (pesach) significa passagem: passagem do povo judeu da escravid\u00e3o \u00e0 liberdade, passagem de Cristo deste mundo para o Pai (cf. Jo 13, 1) e passagem dos que creem n&#8217;Ele do pecado para a gra\u00e7a.<\/p>\n<p>\u00c9 a festa da reviravolta feita por Deus e realizada em Cristo; \u00e9 o in\u00edcio e a promessa da \u00fanica reviravolta totalmente justa e irrevers\u00edvel no destino da humanidade. Pobres, exclu\u00eddos, pertencentes \u00e0s diversas formas de escravid\u00e3o que ainda se verificam na nossa sociedade: a P\u00e1scoa \u00e9 a vossa festa!<\/p>\n<p>A cruz tamb\u00e9m cont\u00e9m uma mensagem para aqueles que est\u00e3o do outro lado: para os poderosos, os fortes, aqueles que se sentem tranquilos no seu papel de &#8220;vencedores&#8221;. E \u00e9 uma mensagem, como sempre, de amor e de salva\u00e7\u00e3o, n\u00e3o de \u00f3dio ou de vingan\u00e7a. Lembra-lhes que, no final, eles est\u00e3o ligados ao mesmo destino que todos; que fracos e poderosos, indefesos e tiranos, todos est\u00e3o sujeitos \u00e0 mesma lei e aos mesmos limites humanos. A morte, como a espada de D\u00e2mocles, paira sobre a cabe\u00e7a de todos, pendurada por uma crina de cavalo. Adverte contra o pior mal para o homem, que \u00e9 a ilus\u00e3o da onipot\u00eancia. N\u00e3o \u00e9 necess\u00e1rio recuar muito no tempo, basta repensar a hist\u00f3ria recente para perceber o quanto este perigo \u00e9 frequente e leva pessoas e povos \u00e0 cat\u00e1strofe.<\/p>\n<p>A Escritura tem palavras de sabedoria eterna dirigidas aos dominadores da cena deste mundo:<\/p>\n<p>\u201cAprendei, v\u00f3s, que governais o universo&#8230;<br \/>\nos poderosos ser\u00e3o examinados sem piedade\u201d (Sb 6,1.6)<br \/>\n\u201c&#8221;O homem que vive na opul\u00eancia e n\u00e3o reflete<br \/>\n\u00e9 semelhante ao gado que se abate.&#8221; (Sl 48,21)<\/p>\n<p>\u201cQue aproveita ao homem ganhar o mundo inteiro, se ele se perder ou arruinar a si mesmo?\u201d (Lc 9,25).<\/p>\n<p>A Igreja recebeu o mandato do seu fundador para estar ao lado dos pobres e dos fracos, para ser a voz dos que n\u00e3o t\u00eam voz e, gra\u00e7as a Deus, \u00e9 isso que ela faz, especialmente no seu pastor supremo.<\/p>\n<p>A segunda tarefa hist\u00f3rica que as religi\u00f5es devem, em conjunto, assumir hoje, para al\u00e9m da de promover a paz, \u00e9 a de n\u00e3o ficar em sil\u00eancio perante o espet\u00e1culo que est\u00e1 diante dos olhos de todos. Poucos privilegiados possuem bens que n\u00e3o poderiam consumir, ainda que vivessem por s\u00e9culos, e massas intermin\u00e1veis de pobres que n\u00e3o t\u00eam um peda\u00e7o de p\u00e3o e um gole de \u00e1gua para dar a seus filhos. Nenhuma religi\u00e3o pode ficar indiferente, porque o Deus de todas as religi\u00f5es n\u00e3o \u00e9 indiferente a tudo isso.<\/p>\n<p>Voltemos \u00e0 profecia de Isa\u00edas, da qual come\u00e7amos. Come\u00e7a com a descri\u00e7\u00e3o da humilha\u00e7\u00e3o do Servo de Deus, mas termina com a descri\u00e7\u00e3o da sua exalta\u00e7\u00e3o final. \u00c9 Deus quem fala:<\/p>\n<p>\u201cDepois dos profundos sofrimentos, ele ver\u00e1 a luz [&#8230;]<br \/>\nPor isso lhe darei uma parte entre os grandes,<br \/>\ne com os poderosos ele partilhar\u00e1 os despojos;<br \/>\n\u00e9 que entregou sua vida \u00e0 morte e se deixou contar entre os rebeldes,<br \/>\nquando na realidade carregava o pecado de muitos<br \/>\ne intercedia em favor dos rebeldes\u201d.<\/p>\n<p>Dentro de dois dias, com o an\u00fancio da Ressurrei\u00e7\u00e3o de Cristo, a liturgia dar\u00e1 tamb\u00e9m um nome e um rosto a este homem triunfante. Vigiemos e meditemos esperando.<\/p>\n<p>Tradu\u00e7\u00e3o Th\u00e1cio Siqueira<br \/>\n___________________<\/p>\n<p>[1] Howard Thurman, Jesus and the Disinherited , Beacon Press, 1949, rist. 2012.<br \/>\n[2] Howard Thurman, Deep River and The Negro Spiritual Speaks of Life and Death, Richmond, Indiana 1975.<br \/>\n[3] F. Dostoevskij, I Fratelli Karamazov, Libro V, cap. 4.<\/p>\n","protected":false},"excerpt":{"rendered":"<p>&#8220;Desprezado e rejeitado pelos homens&#8221; \u00e9 o t\u00edtulo da prega\u00e7\u00e3o do padre Raniero Cantalamessa na Sexta-feira Santa 2019, na Bas\u00edlica de S\u00e3o Pedro<\/p>\n","protected":false},"author":3,"featured_media":202688,"comment_status":"open","ping_status":"open","sticky":false,"template":"","format":"standard","meta":[],"categories":[1428],"tags":[55],"acf":[],"yoast_head":"<!-- This site is optimized with the Yoast SEO plugin v19.2 - https:\/\/yoast.com\/wordpress\/plugins\/seo\/ -->\n<title>Prega\u00e7\u00e3o na Celebra\u00e7\u00e3o da Sexta-feira da Paix\u00e3o na Bas\u00edlica de S\u00e3o Pedro - Not\u00edcias - Franciscanos<\/title>\n<meta name=\"robots\" content=\"index, follow, max-snippet:-1, max-image-preview:large, max-video-preview:-1\" \/>\n<link rel=\"canonical\" href=\"https:\/\/franciscanos.org.br\/noticias\/pregacao-na-celebracao-da-sexta-feira-da-paixao-na-basilica-de-sao-pedro.html\" \/>\n<meta property=\"og:locale\" content=\"pt_BR\" \/>\n<meta property=\"og:type\" content=\"article\" \/>\n<meta property=\"og:title\" content=\"Prega\u00e7\u00e3o na Celebra\u00e7\u00e3o da Sexta-feira da Paix\u00e3o na Bas\u00edlica de S\u00e3o Pedro - Not\u00edcias - Franciscanos\" \/>\n<meta property=\"og:description\" content=\"&quot;Desprezado e rejeitado pelos homens&quot; \u00e9 o t\u00edtulo da prega\u00e7\u00e3o do padre Raniero Cantalamessa na Sexta-feira Santa 2019, na Bas\u00edlica de S\u00e3o Pedro\" \/>\n<meta property=\"og:url\" content=\"https:\/\/franciscanos.org.br\/noticias\/pregacao-na-celebracao-da-sexta-feira-da-paixao-na-basilica-de-sao-pedro.html\" \/>\n<meta property=\"og:site_name\" content=\"Not\u00edcias - Franciscanos\" \/>\n<meta property=\"article:published_time\" content=\"2019-04-17T21:40:54+00:00\" \/>\n<meta property=\"article:modified_time\" content=\"2019-04-19T21:53:07+00:00\" \/>\n<meta property=\"og:image\" content=\"https:\/\/franciscanos.org.br\/noticias\/wp-content\/uploads\/2019\/04\/papa_190419_5.jpg\" \/>\n\t<meta property=\"og:image:width\" content=\"273\" \/>\n\t<meta property=\"og:image:height\" content=\"181\" \/>\n\t<meta property=\"og:image:type\" content=\"image\/jpeg\" \/>\n<meta name=\"author\" content=\"moacir\" \/>\n<meta name=\"twitter:card\" content=\"summary_large_image\" \/>\n<meta name=\"twitter:label1\" content=\"Escrito por\" \/>\n\t<meta name=\"twitter:data1\" content=\"moacir\" \/>\n\t<meta name=\"twitter:label2\" content=\"Est. tempo de leitura\" \/>\n\t<meta name=\"twitter:data2\" content=\"9 minutos\" \/>\n<script type=\"application\/ld+json\" class=\"yoast-schema-graph\">{\"@context\":\"https:\/\/schema.org\",\"@graph\":[{\"@type\":\"WebSite\",\"@id\":\"https:\/\/franciscanos.org.br\/noticias\/#website\",\"url\":\"https:\/\/franciscanos.org.br\/noticias\/\",\"name\":\"Not\u00edcias - Franciscanos\",\"description\":\"Prov\u00edncia Franciscana da Imaculada Concei\u00e7\u00e3o do Brasil - Ordem dos Frades Menores - OFM\",\"potentialAction\":[{\"@type\":\"SearchAction\",\"target\":{\"@type\":\"EntryPoint\",\"urlTemplate\":\"https:\/\/franciscanos.org.br\/noticias\/?s={search_term_string}\"},\"query-input\":\"required name=search_term_string\"}],\"inLanguage\":\"pt-BR\"},{\"@type\":\"ImageObject\",\"inLanguage\":\"pt-BR\",\"@id\":\"https:\/\/franciscanos.org.br\/noticias\/pregacao-na-celebracao-da-sexta-feira-da-paixao-na-basilica-de-sao-pedro.html#primaryimage\",\"url\":\"https:\/\/franciscanos.org.br\/noticias\/wp-content\/uploads\/2019\/04\/papa_190419_5.jpg\",\"contentUrl\":\"https:\/\/franciscanos.org.br\/noticias\/wp-content\/uploads\/2019\/04\/papa_190419_5.jpg\",\"width\":273,\"height\":181},{\"@type\":\"WebPage\",\"@id\":\"https:\/\/franciscanos.org.br\/noticias\/pregacao-na-celebracao-da-sexta-feira-da-paixao-na-basilica-de-sao-pedro.html#webpage\",\"url\":\"https:\/\/franciscanos.org.br\/noticias\/pregacao-na-celebracao-da-sexta-feira-da-paixao-na-basilica-de-sao-pedro.html\",\"name\":\"Prega\u00e7\u00e3o na Celebra\u00e7\u00e3o da Sexta-feira da Paix\u00e3o na Bas\u00edlica de S\u00e3o Pedro - Not\u00edcias - Franciscanos\",\"isPartOf\":{\"@id\":\"https:\/\/franciscanos.org.br\/noticias\/#website\"},\"primaryImageOfPage\":{\"@id\":\"https:\/\/franciscanos.org.br\/noticias\/pregacao-na-celebracao-da-sexta-feira-da-paixao-na-basilica-de-sao-pedro.html#primaryimage\"},\"datePublished\":\"2019-04-17T21:40:54+00:00\",\"dateModified\":\"2019-04-19T21:53:07+00:00\",\"author\":{\"@id\":\"https:\/\/franciscanos.org.br\/noticias\/#\/schema\/person\/b5c8cba458c330ccff548b056e95a5d4\"},\"breadcrumb\":{\"@id\":\"https:\/\/franciscanos.org.br\/noticias\/pregacao-na-celebracao-da-sexta-feira-da-paixao-na-basilica-de-sao-pedro.html#breadcrumb\"},\"inLanguage\":\"pt-BR\",\"potentialAction\":[{\"@type\":\"ReadAction\",\"target\":[\"https:\/\/franciscanos.org.br\/noticias\/pregacao-na-celebracao-da-sexta-feira-da-paixao-na-basilica-de-sao-pedro.html\"]}]},{\"@type\":\"BreadcrumbList\",\"@id\":\"https:\/\/franciscanos.org.br\/noticias\/pregacao-na-celebracao-da-sexta-feira-da-paixao-na-basilica-de-sao-pedro.html#breadcrumb\",\"itemListElement\":[{\"@type\":\"ListItem\",\"position\":1,\"name\":\"Home\",\"item\":\"https:\/\/franciscanos.org.br\/noticias\"},{\"@type\":\"ListItem\",\"position\":2,\"name\":\"Prega\u00e7\u00e3o na Celebra\u00e7\u00e3o da Sexta-feira da Paix\u00e3o na Bas\u00edlica de S\u00e3o Pedro\"}]},{\"@type\":\"Person\",\"@id\":\"https:\/\/franciscanos.org.br\/noticias\/#\/schema\/person\/b5c8cba458c330ccff548b056e95a5d4\",\"name\":\"moacir\",\"image\":{\"@type\":\"ImageObject\",\"inLanguage\":\"pt-BR\",\"@id\":\"https:\/\/franciscanos.org.br\/noticias\/#\/schema\/person\/image\/\",\"url\":\"https:\/\/secure.gravatar.com\/avatar\/d08aa2ce4c8dd416d4479aa8536fcf64?s=96&d=mm&r=g\",\"contentUrl\":\"https:\/\/secure.gravatar.com\/avatar\/d08aa2ce4c8dd416d4479aa8536fcf64?s=96&d=mm&r=g\",\"caption\":\"moacir\"},\"url\":\"https:\/\/franciscanos.org.br\/noticias\/author\/moacir\"}]}<\/script>\n<!-- \/ Yoast SEO plugin. -->","yoast_head_json":{"title":"Prega\u00e7\u00e3o na Celebra\u00e7\u00e3o da Sexta-feira da Paix\u00e3o na Bas\u00edlica de S\u00e3o Pedro - Not\u00edcias - Franciscanos","robots":{"index":"index","follow":"follow","max-snippet":"max-snippet:-1","max-image-preview":"max-image-preview:large","max-video-preview":"max-video-preview:-1"},"canonical":"https:\/\/franciscanos.org.br\/noticias\/pregacao-na-celebracao-da-sexta-feira-da-paixao-na-basilica-de-sao-pedro.html","og_locale":"pt_BR","og_type":"article","og_title":"Prega\u00e7\u00e3o na Celebra\u00e7\u00e3o da Sexta-feira da Paix\u00e3o na Bas\u00edlica de S\u00e3o Pedro - Not\u00edcias - Franciscanos","og_description":"\"Desprezado e rejeitado pelos homens\" \u00e9 o t\u00edtulo da prega\u00e7\u00e3o do padre Raniero Cantalamessa na Sexta-feira Santa 2019, na Bas\u00edlica de S\u00e3o Pedro","og_url":"https:\/\/franciscanos.org.br\/noticias\/pregacao-na-celebracao-da-sexta-feira-da-paixao-na-basilica-de-sao-pedro.html","og_site_name":"Not\u00edcias - Franciscanos","article_published_time":"2019-04-17T21:40:54+00:00","article_modified_time":"2019-04-19T21:53:07+00:00","og_image":[{"width":273,"height":181,"url":"https:\/\/franciscanos.org.br\/noticias\/wp-content\/uploads\/2019\/04\/papa_190419_5.jpg","type":"image\/jpeg"}],"author":"moacir","twitter_card":"summary_large_image","twitter_misc":{"Escrito por":"moacir","Est. tempo de leitura":"9 minutos"},"schema":{"@context":"https:\/\/schema.org","@graph":[{"@type":"WebSite","@id":"https:\/\/franciscanos.org.br\/noticias\/#website","url":"https:\/\/franciscanos.org.br\/noticias\/","name":"Not\u00edcias - Franciscanos","description":"Prov\u00edncia Franciscana da Imaculada Concei\u00e7\u00e3o do Brasil - Ordem dos Frades Menores - OFM","potentialAction":[{"@type":"SearchAction","target":{"@type":"EntryPoint","urlTemplate":"https:\/\/franciscanos.org.br\/noticias\/?s={search_term_string}"},"query-input":"required name=search_term_string"}],"inLanguage":"pt-BR"},{"@type":"ImageObject","inLanguage":"pt-BR","@id":"https:\/\/franciscanos.org.br\/noticias\/pregacao-na-celebracao-da-sexta-feira-da-paixao-na-basilica-de-sao-pedro.html#primaryimage","url":"https:\/\/franciscanos.org.br\/noticias\/wp-content\/uploads\/2019\/04\/papa_190419_5.jpg","contentUrl":"https:\/\/franciscanos.org.br\/noticias\/wp-content\/uploads\/2019\/04\/papa_190419_5.jpg","width":273,"height":181},{"@type":"WebPage","@id":"https:\/\/franciscanos.org.br\/noticias\/pregacao-na-celebracao-da-sexta-feira-da-paixao-na-basilica-de-sao-pedro.html#webpage","url":"https:\/\/franciscanos.org.br\/noticias\/pregacao-na-celebracao-da-sexta-feira-da-paixao-na-basilica-de-sao-pedro.html","name":"Prega\u00e7\u00e3o na Celebra\u00e7\u00e3o da Sexta-feira da Paix\u00e3o na Bas\u00edlica de S\u00e3o Pedro - Not\u00edcias - Franciscanos","isPartOf":{"@id":"https:\/\/franciscanos.org.br\/noticias\/#website"},"primaryImageOfPage":{"@id":"https:\/\/franciscanos.org.br\/noticias\/pregacao-na-celebracao-da-sexta-feira-da-paixao-na-basilica-de-sao-pedro.html#primaryimage"},"datePublished":"2019-04-17T21:40:54+00:00","dateModified":"2019-04-19T21:53:07+00:00","author":{"@id":"https:\/\/franciscanos.org.br\/noticias\/#\/schema\/person\/b5c8cba458c330ccff548b056e95a5d4"},"breadcrumb":{"@id":"https:\/\/franciscanos.org.br\/noticias\/pregacao-na-celebracao-da-sexta-feira-da-paixao-na-basilica-de-sao-pedro.html#breadcrumb"},"inLanguage":"pt-BR","potentialAction":[{"@type":"ReadAction","target":["https:\/\/franciscanos.org.br\/noticias\/pregacao-na-celebracao-da-sexta-feira-da-paixao-na-basilica-de-sao-pedro.html"]}]},{"@type":"BreadcrumbList","@id":"https:\/\/franciscanos.org.br\/noticias\/pregacao-na-celebracao-da-sexta-feira-da-paixao-na-basilica-de-sao-pedro.html#breadcrumb","itemListElement":[{"@type":"ListItem","position":1,"name":"Home","item":"https:\/\/franciscanos.org.br\/noticias"},{"@type":"ListItem","position":2,"name":"Prega\u00e7\u00e3o na Celebra\u00e7\u00e3o da Sexta-feira da Paix\u00e3o na Bas\u00edlica de S\u00e3o Pedro"}]},{"@type":"Person","@id":"https:\/\/franciscanos.org.br\/noticias\/#\/schema\/person\/b5c8cba458c330ccff548b056e95a5d4","name":"moacir","image":{"@type":"ImageObject","inLanguage":"pt-BR","@id":"https:\/\/franciscanos.org.br\/noticias\/#\/schema\/person\/image\/","url":"https:\/\/secure.gravatar.com\/avatar\/d08aa2ce4c8dd416d4479aa8536fcf64?s=96&d=mm&r=g","contentUrl":"https:\/\/secure.gravatar.com\/avatar\/d08aa2ce4c8dd416d4479aa8536fcf64?s=96&d=mm&r=g","caption":"moacir"},"url":"https:\/\/franciscanos.org.br\/noticias\/author\/moacir"}]}},"_links":{"self":[{"href":"https:\/\/franciscanos.org.br\/noticias\/wp-json\/wp\/v2\/posts\/202682"}],"collection":[{"href":"https:\/\/franciscanos.org.br\/noticias\/wp-json\/wp\/v2\/posts"}],"about":[{"href":"https:\/\/franciscanos.org.br\/noticias\/wp-json\/wp\/v2\/types\/post"}],"author":[{"embeddable":true,"href":"https:\/\/franciscanos.org.br\/noticias\/wp-json\/wp\/v2\/users\/3"}],"replies":[{"embeddable":true,"href":"https:\/\/franciscanos.org.br\/noticias\/wp-json\/wp\/v2\/comments?post=202682"}],"version-history":[{"count":0,"href":"https:\/\/franciscanos.org.br\/noticias\/wp-json\/wp\/v2\/posts\/202682\/revisions"}],"wp:featuredmedia":[{"embeddable":true,"href":"https:\/\/franciscanos.org.br\/noticias\/wp-json\/wp\/v2\/media\/202688"}],"wp:attachment":[{"href":"https:\/\/franciscanos.org.br\/noticias\/wp-json\/wp\/v2\/media?parent=202682"}],"wp:term":[{"taxonomy":"category","embeddable":true,"href":"https:\/\/franciscanos.org.br\/noticias\/wp-json\/wp\/v2\/categories?post=202682"},{"taxonomy":"post_tag","embeddable":true,"href":"https:\/\/franciscanos.org.br\/noticias\/wp-json\/wp\/v2\/tags?post=202682"}],"curies":[{"name":"wp","href":"https:\/\/api.w.org\/{rel}","templated":true}]}}