{"id":202634,"date":"2019-04-19T18:26:05","date_gmt":"2019-04-19T21:26:05","guid":{"rendered":"https:\/\/franciscanos.org.br\/noticias\/?p=202634"},"modified":"2020-09-01T10:47:15","modified_gmt":"2020-09-01T13:47:15","slug":"um-nome-e-um-rosto-o-homem-triunfante-jesus-cristo-nosso-salvador","status":"publish","type":"post","link":"https:\/\/franciscanos.org.br\/noticias\/um-nome-e-um-rosto-o-homem-triunfante-jesus-cristo-nosso-salvador.html","title":{"rendered":"Um nome e um rosto: o homem triunfante, Jesus Cristo, nosso Salvador"},"content":{"rendered":"<p>&nbsp;<\/p>\n<p><img loading=\"lazy\" class=\"alignnone wp-image-224222 size-full\" src=\"https:\/\/franciscanos.org.br\/noticias\/wp-content\/uploads\/2019\/04\/papa_0602.jpg\" alt=\"\" width=\"1000\" height=\"563\" srcset=\"https:\/\/franciscanos.org.br\/noticias\/wp-content\/uploads\/2019\/04\/papa_0602.jpg 1000w, https:\/\/franciscanos.org.br\/noticias\/wp-content\/uploads\/2019\/04\/papa_0602-450x253.jpg 450w, https:\/\/franciscanos.org.br\/noticias\/wp-content\/uploads\/2019\/04\/papa_0602-768x432.jpg 768w, https:\/\/franciscanos.org.br\/noticias\/wp-content\/uploads\/2019\/04\/papa_0602-150x84.jpg 150w\" sizes=\"(max-width: 1000px) 100vw, 1000px\" \/><\/p>\n<p><strong>Cidade do Vaticano &#8211;<\/strong> Sexta-feira Santa! Neste dia, que os antigos tamb\u00e9m chamavam de \u201cSexta-feira Maior\u201d, a Igreja celebra a Paix\u00e3o e Morte de Jesus. Sil\u00eancio, jejum, abstin\u00eancia de carne e ora\u00e7\u00e3o marcam este dia. Na Sexta-feira Santa e no S\u00e1bado Santo, segundo a tradi\u00e7\u00e3o, a Igreja n\u00e3o celebra a Eucaristia. O altar est\u00e1 totalmente despido: sem cruz, sem candelabros, sem toalhas. Na tarde desta Sexta-feira Santa (19\/04), o Papa Francisco presidiu na Bas\u00edlica Vaticana \u00e0 celebra\u00e7\u00e3o da Paix\u00e3o do Senhor, com a Liturgia da Palavra, a Adora\u00e7\u00e3o da Cruz e a Sagrada Comunh\u00e3o.<\/p>\n<p><strong>O Crucificado \u00e9 o prot\u00f3tipo de todos os descartados<\/strong><br \/>\nAp\u00f3s a Liturgia da Palavra, o Frei Raniero Cantalamessa, Capuchinho e Pregador da Casa Pontif\u00edcia, fez a prega\u00e7\u00e3o partindo das palavras do Profeta Isa\u00edas: \u201cJesus foi desprezado e rejeitado pelos homens\u201d. Com estas palavras prof\u00e9ticas, disse o Pregador, a hist\u00f3ria deu um nome e um rosto a este misterioso homem das dores, desprezado e rejeitado pelos homens: Jesus de Nazar\u00e9. Por isso, Frei Cantalamessa contemplou o Crucificado como prot\u00f3tipo e representante de todos os rejeitados, deserdados e &#8220;descartados&#8221; da terra. <a href=\"https:\/\/franciscanos.org.br\/noticias\/pregacao-na-celebracao-da-sexta-feira-da-paixao-na-basilica-de-sao-pedro.html\" target=\"_blank\" rel=\"noopener noreferrer\"><strong>(VEJA A REFLEX\u00c3O COMPLETA)<\/strong><\/a><\/p>\n<p><strong><img loading=\"lazy\" class=\" wp-image-202637 alignright\" src=\"https:\/\/franciscanos.org.br\/noticias\/wp-content\/uploads\/2019\/04\/papa_190419_2-450x300.jpeg\" alt=\"\" width=\"500\" height=\"333\" srcset=\"https:\/\/franciscanos.org.br\/noticias\/wp-content\/uploads\/2019\/04\/papa_190419_2-450x300.jpeg 450w, https:\/\/franciscanos.org.br\/noticias\/wp-content\/uploads\/2019\/04\/papa_190419_2-768x512.jpeg 768w, https:\/\/franciscanos.org.br\/noticias\/wp-content\/uploads\/2019\/04\/papa_190419_2-150x100.jpeg 150w, https:\/\/franciscanos.org.br\/noticias\/wp-content\/uploads\/2019\/04\/papa_190419_2.jpeg 800w\" sizes=\"(max-width: 500px) 100vw, 500px\" \/>Jesus era como um sem-teto<\/strong><br \/>\nDurante toda a sua vida, Jesus foi um desses homens, desde o in\u00edcio, nascendo em uma estrebaria, uma aut\u00eantica demonstra\u00e7\u00e3o de pobreza. E, durante a sua vida p\u00fablica, ele nem tinha lugar para descansar a cabe\u00e7a: era como um sem-teto. Enfim, a sua Paix\u00e3o.<\/p>\n<p>&#8220;Eis o homem!\u201d, exclama Pilatos, ao apresent\u00e1-lo ao povo depois de ser a\u00e7oitado pelos algozes. Cristo representa as intermin\u00e1veis fileiras de homens e mulheres humilhados, reduzidos a objeto, privados de toda dignidade humana.<\/p>\n<p>Mas, o significado mais profundo da Paix\u00e3o e Morte de Cristo, n\u00e3o \u00e9 o social, mas o espiritual. A sua morte redimiu o mundo do pecado, ponto alto da demonstra\u00e7\u00e3o do amor do Pai.<\/p>\n<p>Assim, o Filho de Deus tornou-se um dos pobres e rejeitados, abra\u00e7ando a causa deles: &#8220;O que fizeste aos famintos, aos nus, aos prisioneiros, aos exilados, a mim o fizeste&#8221;.<\/p>\n<p><strong>Jesus restitui dignidade e esperan\u00e7a<\/strong><br \/>\nMas, o Evangelho vai mais al\u00e9m, dizendo que o Crucificado ressuscitou! Desta forma, Jesus n\u00e3o s\u00f3 restituiu a dignidade aos desfavorecidos do mundo, mas lhes deu a esperan\u00e7a!<\/p>\n<p>Nos primeiros tr\u00eas s\u00e9culos da Igreja, explicou o Capuchinho, a celebra\u00e7\u00e3o da P\u00e1scoa n\u00e3o era dividida como agora: Sexta-feira Santa, S\u00e1bado Santo e Domingo de P\u00e1scoa. Tudo se concentrava em um s\u00f3 dia: na Vig\u00edlia Pascal, durante a qual se celebrava a morte e a ressurrei\u00e7\u00e3o de Jesus, ou seja, n\u00e3o se comemorava a morte e a ressurrei\u00e7\u00e3o como fatos distintos e separados; pelo contr\u00e1rio, comemorava-se a passagem de Cristo da morte para a vida.<\/p>\n<p>Por isso, a palavra \u201cP\u00e1scoa&#8221; (pesach) significa passagem da morte para a vida; passagem do povo judeu da escravid\u00e3o para a liberdade; passagem de Cristo deste mundo para o Pai; passagem do pecado para a gra\u00e7a.<\/p>\n<p><img loading=\"lazy\" class=\"alignnone wp-image-202636 size-full\" src=\"https:\/\/franciscanos.org.br\/noticias\/wp-content\/uploads\/2019\/04\/papa_190419_1.jpg\" alt=\"\" width=\"890\" height=\"450\" srcset=\"https:\/\/franciscanos.org.br\/noticias\/wp-content\/uploads\/2019\/04\/papa_190419_1.jpg 890w, https:\/\/franciscanos.org.br\/noticias\/wp-content\/uploads\/2019\/04\/papa_190419_1-450x228.jpg 450w, https:\/\/franciscanos.org.br\/noticias\/wp-content\/uploads\/2019\/04\/papa_190419_1-768x388.jpg 768w, https:\/\/franciscanos.org.br\/noticias\/wp-content\/uploads\/2019\/04\/papa_190419_1-150x76.jpg 150w\" sizes=\"(max-width: 890px) 100vw, 890px\" \/><\/p>\n<p><strong>A P\u00e1scoa \u00e9 a festa dos exclu\u00eddos<\/strong><br \/>\nLogo, P\u00e1scoa \u00e9 a festa da reviravolta desejada por Deus e realizada por Cristo para a humanidade. \u00c9 a festa dos pobres, exclu\u00eddos e escravos na nossa sociedade!<\/p>\n<p>Mas, a Cruz, concluiu o Frei Cantalamessa, tamb\u00e9m traz uma mensagem para a outra classe da sociedade: os poderosos, os fortes, os &#8220;vencedores&#8221;. Trata-se de uma<\/p>\n<p>mensagem de amor e salva\u00e7\u00e3o, n\u00e3o de \u00f3dio ou vingan\u00e7a, porque, afinal, eles tamb\u00e9m ter\u00e3o o mesmo destino de todos: fracos e poderosos, indefesos e tiranos, todos est\u00e3o sujeitos \u00e0 mesma lei e aos mesmos limites humanos: a morte!<\/p>\n<p>A Igreja recebeu a seguinte miss\u00e3o do seu fundador, Jesus Cristo: estar ao lado dos pobres e dos fracos; ser voz dos que n\u00e3o t\u00eam voz.<\/p>\n<p>Ao t\u00e9rmino da sua homilia, o Pregador da Casa Pontif\u00edcia retomou, novamente, as palavras da profecia de Isa\u00edas, dizendo: com o an\u00fancio da Ressurrei\u00e7\u00e3o, a Liturgia d\u00e1 ao \u201cdesprezado e rejeitado pelos homens\u201d, um nome e um rosto: o homem triunfante, Jesus Cristo, nosso Salvador.<\/p>\n<hr \/>\n<p><em>Fonte: Vatican News (https:\/\/www.vaticannews.va\/pt\/papa\/news\/2019-04\/papa-francisco-paixao-senhor-cantalamessa.html)<\/em><\/p>\n<p><img loading=\"lazy\" class=\"alignnone size-full wp-image-224221\" src=\"https:\/\/franciscanos.org.br\/noticias\/wp-content\/uploads\/2019\/04\/sexta_06.jpg\" alt=\"\" width=\"1280\" height=\"570\" srcset=\"https:\/\/franciscanos.org.br\/noticias\/wp-content\/uploads\/2019\/04\/sexta_06.jpg 1280w, https:\/\/franciscanos.org.br\/noticias\/wp-content\/uploads\/2019\/04\/sexta_06-450x200.jpg 450w, https:\/\/franciscanos.org.br\/noticias\/wp-content\/uploads\/2019\/04\/sexta_06-1024x456.jpg 1024w, https:\/\/franciscanos.org.br\/noticias\/wp-content\/uploads\/2019\/04\/sexta_06-768x342.jpg 768w, https:\/\/franciscanos.org.br\/noticias\/wp-content\/uploads\/2019\/04\/sexta_06-150x67.jpg 150w\" sizes=\"(max-width: 1280px) 100vw, 1280px\" \/><\/p>\n<h1 style=\"text-align: center;\"><strong>Via-Sacra no Coliseu: Papa reza por todas as cruzes do mundo<\/strong><\/h1>\n<p>O Coliseu de Roma mais uma vez acolheu o Papa Francisco e milhares de fi\u00e9is nesta Sexta-feira Santa para as medita\u00e7\u00f5es das XIV esta\u00e7\u00f5es da Via-Sacra. Ao t\u00e9rmino da cerim\u00f4nia e antes da B\u00ean\u00e7\u00e3o Apost\u00f3lica, o Pont\u00edfice fez uma ora\u00e7\u00e3o, lembrando todas as \u201ccruzes do mundo\u201d:<\/p>\n<p style=\"padding-left: 40px;\">\u201cSenhor Jesus, ajuda-nos a ver na Tua Cruz todas as cruzes do mundo:<br \/>\na cruz das pessoas que t\u00eam fome de p\u00e3o e amor;<br \/>\na cruz das pessoas sozinhas e abandonadas at\u00e9 mesmo por seus pr\u00f3prios filhos e parentes;<br \/>\na cruz das pessoas sedentas de justi\u00e7a e paz;<br \/>\na cruz das pessoas que n\u00e3o t\u00eam o conforto da f\u00e9;<br \/>\na cruz dos idosos que se arrastam sob o peso dos anos e da solid\u00e3o;<br \/>\na cruz dos migrantes que encontram as portas fechadas por causa do medo e dos cora\u00e7\u00f5es blindados por c\u00e1lculos pol\u00edticos;<br \/>\na cruz dos pequenos, feridos na sua inoc\u00eancia e na sua pureza;<br \/>\na cruz da humanidade que vaga na escurid\u00e3o da incerteza e na escurid\u00e3o da cultura do moment\u00e2neo;<br \/>\na cruz das fam\u00edlias despeda\u00e7adas pela trai\u00e7\u00e3o, pelas sedu\u00e7\u00f5es do mal ou pela homicida superficialidade e pelo ego\u00edsmo;<br \/>\na cruz dos consagrados que procuram incansavelmente levar a Tua luz ao mundo e se sentem rejeitados, zombados e humilhados;<br \/>\na cruz dos consagrados que, no caminho, esqueceram o seu primeiro amor;<br \/>\na cruz dos teus filhos que, acreditando em Ti e procurando viver de acordo com Tua palavra, se encontram marginalizados e descartados at\u00e9 mesmo por suas fam\u00edlias e coet\u00e2neos;<br \/>\na cruz das nossas fraquezas, das nossas hipocrisias, das nossas trai\u00e7\u00f5es, dos nossos pecados e das nossas muitas promessas quebradas;<br \/>\na cruz da Tua Igreja que, fiel ao Teu Evangelho, fadiga a levar o Teu amor at\u00e9 mesmo entre os pr\u00f3prios batizados;<br \/>\na cruz da Igreja, a Tua esposa, que se sente continuamente atacada por dentro e por fora;<br \/>\na cruz da nossa casa comum que murcha seriamente diante dos nossos olhos ego\u00edstas e cegos pela gan\u00e2ncia e pelo poder.<br \/>\nSenhor Jesus, reaviva em n\u00f3s a esperan\u00e7a da ressurrei\u00e7\u00e3o e da Tua vit\u00f3ria definitiva contra todo o mal e toda a morte. Am\u00e9m!\u201d<\/p>\n<p>&nbsp;<\/p>\n<p><strong>A ora\u00e7\u00e3o pelas v\u00edtimas do tr\u00e1fico de seres humanos<\/strong><br \/>\nAs medita\u00e7\u00f5es da Via-Sacra deste ano foram confiadas \u00e0 Ir. Eugenia Bonetti, mission\u00e1ria da Consolata. Durante as 14 esta\u00e7\u00f5es foram lembradas as v\u00edtimas do tr\u00e1fico de seres humanos, os menores explorados, as mulheres obrigadas \u00e0 prostitui\u00e7\u00e3o e os migrantes como os novos crucificados que devem ser despertados na consci\u00eancia de todos.<\/p>\n<p>&#8220;Com Cristo e com as mulheres no caminho da cruz&#8221;, a religiosa, presidente da Associa\u00e7\u00e3o \u201cSlaves no more\u201d, quis idealmente percorrer \u201cjunto a todos os pobres, aos exclu\u00eddos da sociedade e aos novos crucificados da hist\u00f3ria de hoje, v\u00edtimas dos nossos fechamentos, dos poderes e das legisla\u00e7\u00f5es, da cegueira e do ego\u00edsmo, mas sobretudo do nosso cora\u00e7\u00e3o endurecido pela indiferen\u00e7a\u201d.<\/p>\n<p><strong>Quem tem responsabilidade, escute o grito dos pobres<\/strong><br \/>\nNa primeira esta\u00e7\u00e3o, a figura de Pilatos inspirou a ora\u00e7\u00e3o \u201cpara aqueles que ocupam papeis de responsabilidade para que escutem o grito dos pobres\u201d e \u201cde todas aquelas jovens vidas que, em maneiras diferentes, est\u00e3o condenadas \u00e0 morte pela indiferen\u00e7a gerada por pol\u00edticas exclusivas e ego\u00edstas\u201d. Em Jesus pregado na cruz h\u00e1, ao contr\u00e1rio, o convite em reconhecer \u201cos novos crucificados de hoje: os sem-teto, os jovens sem esperan\u00e7a, sem trabalho e sem perspectivas, os imigrantes obrigados a viver em barracas \u00e0s margens da nossa sociedade, depois de terem enfrentado sofrimentos inimagin\u00e1veis\u201d.<\/p>\n<p>Mas o pensamento vai tamb\u00e9m \u00e0s crian\u00e7as \u201cdiscriminadas por causa da sua proveni\u00eancia, da cor da pele e classe social\u201d. Diante de tudo isso, o exemplo pra seguir \u00e9 aquele de Cristo, que falava de servi\u00e7o, perd\u00e3o, ren\u00fancia e sofrimento, manifestando com a sua vida \u201co amor verdadeiro e desinteressado ao pr\u00f3ximo\u201d.<\/p>\n<p>&nbsp;<\/p>\n<p><strong>N\u00e3o sabemos mais reconhecer quem tem necessidades<\/strong><br \/>\nNas etapas de Jesus em dire\u00e7\u00e3o ao Calv\u00e1rio, Ir. Eugenia Bonetti reconhece v\u00e1rios epis\u00f3dios dos quais foi testemunha: no encontro com Maria vislumbra \u201cas muitas m\u00e3es que deixaram partir suas jovens filhas para a Europa na esperan\u00e7a de ajudar as suas fam\u00edlias em pobreza extrema, enquanto encontraram humilha\u00e7\u00f5es, desprezo e, \u00e0s vezes, inclusive a morte\u201d; em Jesus que cai pela primeira vez, fragilidade e fraqueza humana s\u00e3o indica\u00e7\u00f5es para recordar os samaritanos de hoje que se inclinam \u201ccom amor e compaix\u00e3o sobre tantas feridas f\u00edsicas e morais de quem, toda noite, vive o medo do escuro, da solid\u00e3o e da indiferen\u00e7a\u201d.<\/p>\n<p>\u201cInfelizmente, muitas vezes hoje n\u00e3o sabemos mais reconhecer quem tem necessidades, ver quem est\u00e1 ferido e humilhado\u201d, escreve a religiosa da Consolata. \u201cFrequentemente reivindicamos os nossos direitos e interesses, mas esquecemos aqueles dos pobres e dos \u00faltimos da fila\u201d. \u00c9 ent\u00e3o que devemos pedir a Deus de nos ajudar a amar e a n\u00e3o sermos insens\u00edveis ao choro, aos sofrimentos e ao grito de dor dos outros.<\/p>\n<p><strong>Os menores, os migrantes e as v\u00edtimas do tr\u00e1fico<\/strong><br \/>\nE como n\u00e3o ver na Via-Sacra as tantas \u201ccrian\u00e7as, em v\u00e1rias partes do mundo que n\u00e3o podem vir \u00e0 escola\u201d, \u201cexploradas nas mineiras, nos campos, na pesca, vendidas e compradas por traficantes de carne humana para transplantes de \u00f3rg\u00e3os, al\u00e9m de usadas e exploradas&#8230; por muitos crist\u00e3os inclusive\u201d. S\u00e3o os menores \u201cprivados do direito a uma inf\u00e2ncia feliz\u201d, \u201ccriaturas usadas como mercadorias de pouco valor, vendidas e compradas por prazer\u201d.<\/p>\n<p>Mas, no centro das medita\u00e7\u00f5es de Ir. Eugenia Bonetti, que h\u00e1 anos luta contra o tr\u00e1fico de seres humanos, est\u00e3o os migrantes e as v\u00edtimas do tr\u00e1fico. O pedido para \u201caumentar a consci\u00eancia que todos somos respons\u00e1veis pelo problema\u201d e que \u201ctodos podemos e devemos fazer parte da solu\u00e7\u00e3o\u201d se l\u00ea na oitava esta\u00e7\u00e3o, \u201cJesus encontra as mulheres\u201d. E sobretudo as mulheres \u201c\u00e9 solicitado o desafio da coragem\u201d, \u201cde saber ver e agir\u201d, de considerar \u201co pobre, o estrangeiro, o diverso n\u00e3o como um inimigo pra rejeitar ou combater, mas, sobretudo, como um irm\u00e3o ou uma irm\u00e3 para acolher e ajudar\u201d.<\/p>\n<p>&nbsp;<\/p>\n<p><strong>A humilha\u00e7\u00e3o de Cristo, aquela das mulheres v\u00edtimas da cultura do usa e joga fora<\/strong><br \/>\nNa nona esta\u00e7\u00e3o, quando Jesus cai pela terceira vez, \u201chumilhado sobre o peso da cruz\u201d, est\u00e3o as \u201ctantas mulheres, obrigadas a estarem nas ruas pelos grupos de traficantes de escravos, que n\u00e3o suportam a fadiga e a humilha\u00e7\u00e3o de ver o pr\u00f3prio corpo jovem ser manipulado, abusado, destru\u00eddo, junto aos seus sonhos\u201d. S\u00e3o o fruto da cultura do usa e joga fora.<\/p>\n<p><strong>Dinheiro, bem estar e poder dos \u00eddolos<\/strong><br \/>\nA imagem do corpo despojado de Cristo, compar\u00e1vel \u00e0quele dos menores, objeto de compra-e-venda, deixa refletir sobre \u00eddolos de todos os tempos: dinheiro, bem estar e poder. Aparece menos \u201ca centralidade do ser humano, a sua dignidade, beleza e for\u00e7a\u201d. Mas h\u00e1 quem ainda desafia a pr\u00f3pria vida para salvar outras, sobretudo no Mediterr\u00e2neo, onde em muitos ajudaram \u201cfam\u00edlias em busca de seguran\u00e7a e de oportunidades\u201d, \u201cseres humanos em fuga da pobreza, da ditadura, corrup\u00e7\u00e3o e escravid\u00e3o\u201d; todas pessoas que precisam redescobrir a beleza e a riqueza, \u201cdom \u00fanico\u201d de Deus \u201cpara colocar a servi\u00e7o da sociedade inteira e n\u00e3o para alcan\u00e7ar interesses pessoais\u201d.<\/p>\n<p><b>No t\u00famulo de Cristo, morte e ressurrei\u00e7\u00e3o como ensinamentos de vida<\/b><br \/>\nA \u00faltima esta\u00e7\u00e3o, que conduz ao t\u00famulo de Jesus, faz pensar aos \u201cnovos cemit\u00e9rios de hoje\u201d: o deserto e os mares, onde hoje encontram moradia eterna \u201chomens, mulheres, crian\u00e7as que n\u00e3o pudemos ou n\u00e3o quisemos salvar\u201d. \u201cEnquanto os governos discutem, fechados nos pal\u00e1cios do poder, o Saara se enche de esqueletos de pessoas que n\u00e3o resistiram \u00e0 fadiga, \u00e0 fome, \u00e0 sede\u201d e o mar se transformou num \u201ct\u00famulo de \u00e1gua\u201d.<\/p>\n<p>\u201c O desejo \u00e9 que a morte de Cristo possa \u201cdoar aos l\u00edderes das Na\u00e7\u00f5es e aos respons\u00e1veis das leis a consci\u00eancia do seu papel em defesa de todas as pessoas\u201d, criadas \u00e0 imagem e semelhan\u00e7a de Deus e que, a sua ressurrei\u00e7\u00e3o, \u201cseja farol de esperan\u00e7a, de alegria, de vida nova, de fraternidade, de acolhimento e de comunh\u00e3o entre os povos, as religi\u00f5es e as leis. \u201d<\/p>\n<p><strong>FONTE: <a href=\"https:\/\/www.vaticannews.va\/pt.html\" target=\"_blank\" rel=\"noopener noreferrer\">Vatican News<\/a><\/strong><\/p>\n","protected":false},"excerpt":{"rendered":"<p>Sexta-feira Santa! Neste dia, que os antigos tamb\u00e9m chamavam de \u201cSexta-feira Maior\u201d, a Igreja celebra a Paix\u00e3o e Morte de Jesus. <\/p>\n","protected":false},"author":3,"featured_media":224223,"comment_status":"open","ping_status":"open","sticky":false,"template":"","format":"standard","meta":[],"categories":[1428],"tags":[55,626,234],"acf":[],"yoast_head":"<!-- This site is optimized with the Yoast SEO plugin v19.2 - https:\/\/yoast.com\/wordpress\/plugins\/seo\/ -->\n<title>Um nome e um rosto: o homem triunfante, Jesus Cristo, nosso Salvador - Not\u00edcias - Franciscanos<\/title>\n<meta name=\"robots\" content=\"index, follow, max-snippet:-1, max-image-preview:large, max-video-preview:-1\" \/>\n<link rel=\"canonical\" href=\"https:\/\/franciscanos.org.br\/noticias\/um-nome-e-um-rosto-o-homem-triunfante-jesus-cristo-nosso-salvador.html\" \/>\n<meta property=\"og:locale\" content=\"pt_BR\" \/>\n<meta property=\"og:type\" content=\"article\" \/>\n<meta property=\"og:title\" content=\"Um nome e um rosto: o homem triunfante, Jesus Cristo, nosso Salvador - Not\u00edcias - Franciscanos\" \/>\n<meta property=\"og:description\" content=\"Sexta-feira Santa! Neste dia, que os antigos tamb\u00e9m chamavam de \u201cSexta-feira Maior\u201d, a Igreja celebra a Paix\u00e3o e Morte de Jesus.\" \/>\n<meta property=\"og:url\" content=\"https:\/\/franciscanos.org.br\/noticias\/um-nome-e-um-rosto-o-homem-triunfante-jesus-cristo-nosso-salvador.html\" \/>\n<meta property=\"og:site_name\" content=\"Not\u00edcias - Franciscanos\" \/>\n<meta property=\"article:published_time\" content=\"2019-04-19T21:26:05+00:00\" \/>\n<meta property=\"article:modified_time\" content=\"2020-09-01T13:47:15+00:00\" \/>\n<meta property=\"og:image\" content=\"https:\/\/franciscanos.org.br\/noticias\/wp-content\/uploads\/2019\/04\/papa_0602d.jpg\" \/>\n\t<meta property=\"og:image:width\" content=\"800\" \/>\n\t<meta property=\"og:image:height\" content=\"600\" \/>\n\t<meta property=\"og:image:type\" content=\"image\/jpeg\" \/>\n<meta name=\"author\" content=\"moacir\" \/>\n<meta name=\"twitter:card\" content=\"summary_large_image\" \/>\n<meta name=\"twitter:label1\" content=\"Escrito por\" \/>\n\t<meta name=\"twitter:data1\" content=\"moacir\" \/>\n\t<meta name=\"twitter:label2\" content=\"Est. tempo de leitura\" \/>\n\t<meta name=\"twitter:data2\" content=\"11 minutos\" \/>\n<script type=\"application\/ld+json\" class=\"yoast-schema-graph\">{\"@context\":\"https:\/\/schema.org\",\"@graph\":[{\"@type\":\"WebSite\",\"@id\":\"https:\/\/franciscanos.org.br\/noticias\/#website\",\"url\":\"https:\/\/franciscanos.org.br\/noticias\/\",\"name\":\"Not\u00edcias - Franciscanos\",\"description\":\"Prov\u00edncia Franciscana da Imaculada Concei\u00e7\u00e3o do Brasil - Ordem dos Frades Menores - OFM\",\"potentialAction\":[{\"@type\":\"SearchAction\",\"target\":{\"@type\":\"EntryPoint\",\"urlTemplate\":\"https:\/\/franciscanos.org.br\/noticias\/?s={search_term_string}\"},\"query-input\":\"required name=search_term_string\"}],\"inLanguage\":\"pt-BR\"},{\"@type\":\"ImageObject\",\"inLanguage\":\"pt-BR\",\"@id\":\"https:\/\/franciscanos.org.br\/noticias\/um-nome-e-um-rosto-o-homem-triunfante-jesus-cristo-nosso-salvador.html#primaryimage\",\"url\":\"https:\/\/franciscanos.org.br\/noticias\/wp-content\/uploads\/2019\/04\/papa_0602d.jpg\",\"contentUrl\":\"https:\/\/franciscanos.org.br\/noticias\/wp-content\/uploads\/2019\/04\/papa_0602d.jpg\",\"width\":800,\"height\":600},{\"@type\":\"WebPage\",\"@id\":\"https:\/\/franciscanos.org.br\/noticias\/um-nome-e-um-rosto-o-homem-triunfante-jesus-cristo-nosso-salvador.html#webpage\",\"url\":\"https:\/\/franciscanos.org.br\/noticias\/um-nome-e-um-rosto-o-homem-triunfante-jesus-cristo-nosso-salvador.html\",\"name\":\"Um nome e um rosto: o homem triunfante, Jesus Cristo, nosso Salvador - Not\u00edcias - Franciscanos\",\"isPartOf\":{\"@id\":\"https:\/\/franciscanos.org.br\/noticias\/#website\"},\"primaryImageOfPage\":{\"@id\":\"https:\/\/franciscanos.org.br\/noticias\/um-nome-e-um-rosto-o-homem-triunfante-jesus-cristo-nosso-salvador.html#primaryimage\"},\"datePublished\":\"2019-04-19T21:26:05+00:00\",\"dateModified\":\"2020-09-01T13:47:15+00:00\",\"author\":{\"@id\":\"https:\/\/franciscanos.org.br\/noticias\/#\/schema\/person\/b5c8cba458c330ccff548b056e95a5d4\"},\"breadcrumb\":{\"@id\":\"https:\/\/franciscanos.org.br\/noticias\/um-nome-e-um-rosto-o-homem-triunfante-jesus-cristo-nosso-salvador.html#breadcrumb\"},\"inLanguage\":\"pt-BR\",\"potentialAction\":[{\"@type\":\"ReadAction\",\"target\":[\"https:\/\/franciscanos.org.br\/noticias\/um-nome-e-um-rosto-o-homem-triunfante-jesus-cristo-nosso-salvador.html\"]}]},{\"@type\":\"BreadcrumbList\",\"@id\":\"https:\/\/franciscanos.org.br\/noticias\/um-nome-e-um-rosto-o-homem-triunfante-jesus-cristo-nosso-salvador.html#breadcrumb\",\"itemListElement\":[{\"@type\":\"ListItem\",\"position\":1,\"name\":\"Home\",\"item\":\"https:\/\/franciscanos.org.br\/noticias\"},{\"@type\":\"ListItem\",\"position\":2,\"name\":\"Um nome e um rosto: o homem triunfante, Jesus Cristo, nosso Salvador\"}]},{\"@type\":\"Person\",\"@id\":\"https:\/\/franciscanos.org.br\/noticias\/#\/schema\/person\/b5c8cba458c330ccff548b056e95a5d4\",\"name\":\"moacir\",\"image\":{\"@type\":\"ImageObject\",\"inLanguage\":\"pt-BR\",\"@id\":\"https:\/\/franciscanos.org.br\/noticias\/#\/schema\/person\/image\/\",\"url\":\"https:\/\/secure.gravatar.com\/avatar\/d08aa2ce4c8dd416d4479aa8536fcf64?s=96&d=mm&r=g\",\"contentUrl\":\"https:\/\/secure.gravatar.com\/avatar\/d08aa2ce4c8dd416d4479aa8536fcf64?s=96&d=mm&r=g\",\"caption\":\"moacir\"},\"url\":\"https:\/\/franciscanos.org.br\/noticias\/author\/moacir\"}]}<\/script>\n<!-- \/ Yoast SEO plugin. -->","yoast_head_json":{"title":"Um nome e um rosto: o homem triunfante, Jesus Cristo, nosso Salvador - Not\u00edcias - Franciscanos","robots":{"index":"index","follow":"follow","max-snippet":"max-snippet:-1","max-image-preview":"max-image-preview:large","max-video-preview":"max-video-preview:-1"},"canonical":"https:\/\/franciscanos.org.br\/noticias\/um-nome-e-um-rosto-o-homem-triunfante-jesus-cristo-nosso-salvador.html","og_locale":"pt_BR","og_type":"article","og_title":"Um nome e um rosto: o homem triunfante, Jesus Cristo, nosso Salvador - Not\u00edcias - Franciscanos","og_description":"Sexta-feira Santa! Neste dia, que os antigos tamb\u00e9m chamavam de \u201cSexta-feira Maior\u201d, a Igreja celebra a Paix\u00e3o e Morte de Jesus.","og_url":"https:\/\/franciscanos.org.br\/noticias\/um-nome-e-um-rosto-o-homem-triunfante-jesus-cristo-nosso-salvador.html","og_site_name":"Not\u00edcias - Franciscanos","article_published_time":"2019-04-19T21:26:05+00:00","article_modified_time":"2020-09-01T13:47:15+00:00","og_image":[{"width":800,"height":600,"url":"https:\/\/franciscanos.org.br\/noticias\/wp-content\/uploads\/2019\/04\/papa_0602d.jpg","type":"image\/jpeg"}],"author":"moacir","twitter_card":"summary_large_image","twitter_misc":{"Escrito por":"moacir","Est. tempo de leitura":"11 minutos"},"schema":{"@context":"https:\/\/schema.org","@graph":[{"@type":"WebSite","@id":"https:\/\/franciscanos.org.br\/noticias\/#website","url":"https:\/\/franciscanos.org.br\/noticias\/","name":"Not\u00edcias - Franciscanos","description":"Prov\u00edncia Franciscana da Imaculada Concei\u00e7\u00e3o do Brasil - Ordem dos Frades Menores - OFM","potentialAction":[{"@type":"SearchAction","target":{"@type":"EntryPoint","urlTemplate":"https:\/\/franciscanos.org.br\/noticias\/?s={search_term_string}"},"query-input":"required name=search_term_string"}],"inLanguage":"pt-BR"},{"@type":"ImageObject","inLanguage":"pt-BR","@id":"https:\/\/franciscanos.org.br\/noticias\/um-nome-e-um-rosto-o-homem-triunfante-jesus-cristo-nosso-salvador.html#primaryimage","url":"https:\/\/franciscanos.org.br\/noticias\/wp-content\/uploads\/2019\/04\/papa_0602d.jpg","contentUrl":"https:\/\/franciscanos.org.br\/noticias\/wp-content\/uploads\/2019\/04\/papa_0602d.jpg","width":800,"height":600},{"@type":"WebPage","@id":"https:\/\/franciscanos.org.br\/noticias\/um-nome-e-um-rosto-o-homem-triunfante-jesus-cristo-nosso-salvador.html#webpage","url":"https:\/\/franciscanos.org.br\/noticias\/um-nome-e-um-rosto-o-homem-triunfante-jesus-cristo-nosso-salvador.html","name":"Um nome e um rosto: o homem triunfante, Jesus Cristo, nosso Salvador - Not\u00edcias - Franciscanos","isPartOf":{"@id":"https:\/\/franciscanos.org.br\/noticias\/#website"},"primaryImageOfPage":{"@id":"https:\/\/franciscanos.org.br\/noticias\/um-nome-e-um-rosto-o-homem-triunfante-jesus-cristo-nosso-salvador.html#primaryimage"},"datePublished":"2019-04-19T21:26:05+00:00","dateModified":"2020-09-01T13:47:15+00:00","author":{"@id":"https:\/\/franciscanos.org.br\/noticias\/#\/schema\/person\/b5c8cba458c330ccff548b056e95a5d4"},"breadcrumb":{"@id":"https:\/\/franciscanos.org.br\/noticias\/um-nome-e-um-rosto-o-homem-triunfante-jesus-cristo-nosso-salvador.html#breadcrumb"},"inLanguage":"pt-BR","potentialAction":[{"@type":"ReadAction","target":["https:\/\/franciscanos.org.br\/noticias\/um-nome-e-um-rosto-o-homem-triunfante-jesus-cristo-nosso-salvador.html"]}]},{"@type":"BreadcrumbList","@id":"https:\/\/franciscanos.org.br\/noticias\/um-nome-e-um-rosto-o-homem-triunfante-jesus-cristo-nosso-salvador.html#breadcrumb","itemListElement":[{"@type":"ListItem","position":1,"name":"Home","item":"https:\/\/franciscanos.org.br\/noticias"},{"@type":"ListItem","position":2,"name":"Um nome e um rosto: o homem triunfante, Jesus Cristo, nosso Salvador"}]},{"@type":"Person","@id":"https:\/\/franciscanos.org.br\/noticias\/#\/schema\/person\/b5c8cba458c330ccff548b056e95a5d4","name":"moacir","image":{"@type":"ImageObject","inLanguage":"pt-BR","@id":"https:\/\/franciscanos.org.br\/noticias\/#\/schema\/person\/image\/","url":"https:\/\/secure.gravatar.com\/avatar\/d08aa2ce4c8dd416d4479aa8536fcf64?s=96&d=mm&r=g","contentUrl":"https:\/\/secure.gravatar.com\/avatar\/d08aa2ce4c8dd416d4479aa8536fcf64?s=96&d=mm&r=g","caption":"moacir"},"url":"https:\/\/franciscanos.org.br\/noticias\/author\/moacir"}]}},"_links":{"self":[{"href":"https:\/\/franciscanos.org.br\/noticias\/wp-json\/wp\/v2\/posts\/202634"}],"collection":[{"href":"https:\/\/franciscanos.org.br\/noticias\/wp-json\/wp\/v2\/posts"}],"about":[{"href":"https:\/\/franciscanos.org.br\/noticias\/wp-json\/wp\/v2\/types\/post"}],"author":[{"embeddable":true,"href":"https:\/\/franciscanos.org.br\/noticias\/wp-json\/wp\/v2\/users\/3"}],"replies":[{"embeddable":true,"href":"https:\/\/franciscanos.org.br\/noticias\/wp-json\/wp\/v2\/comments?post=202634"}],"version-history":[{"count":2,"href":"https:\/\/franciscanos.org.br\/noticias\/wp-json\/wp\/v2\/posts\/202634\/revisions"}],"predecessor-version":[{"id":224224,"href":"https:\/\/franciscanos.org.br\/noticias\/wp-json\/wp\/v2\/posts\/202634\/revisions\/224224"}],"wp:featuredmedia":[{"embeddable":true,"href":"https:\/\/franciscanos.org.br\/noticias\/wp-json\/wp\/v2\/media\/224223"}],"wp:attachment":[{"href":"https:\/\/franciscanos.org.br\/noticias\/wp-json\/wp\/v2\/media?parent=202634"}],"wp:term":[{"taxonomy":"category","embeddable":true,"href":"https:\/\/franciscanos.org.br\/noticias\/wp-json\/wp\/v2\/categories?post=202634"},{"taxonomy":"post_tag","embeddable":true,"href":"https:\/\/franciscanos.org.br\/noticias\/wp-json\/wp\/v2\/tags?post=202634"}],"curies":[{"name":"wp","href":"https:\/\/api.w.org\/{rel}","templated":true}]}}