{"id":202621,"date":"2019-04-18T17:50:22","date_gmt":"2019-04-18T20:50:22","guid":{"rendered":"https:\/\/franciscanos.org.br\/noticias\/?p=202621"},"modified":"2021-07-05T20:09:09","modified_gmt":"2021-07-05T23:09:09","slug":"coral-dos-canarinhos-apresenta-programacao-especial-para-o-triduo-pascal","status":"publish","type":"post","link":"https:\/\/franciscanos.org.br\/noticias\/coral-dos-canarinhos-apresenta-programacao-especial-para-o-triduo-pascal.html","title":{"rendered":"Coral dos Canarinhos apresenta programa\u00e7\u00e3o especial para o Tr\u00edduo Pascal"},"content":{"rendered":"<p><img loading=\"lazy\" class=\"alignnone wp-image-202628 size-full\" src=\"https:\/\/franciscanos.org.br\/noticias\/wp-content\/uploads\/2019\/04\/canarinhos_180419.jpg\" alt=\"\" width=\"890\" height=\"500\" srcset=\"https:\/\/franciscanos.org.br\/noticias\/wp-content\/uploads\/2019\/04\/canarinhos_180419.jpg 890w, https:\/\/franciscanos.org.br\/noticias\/wp-content\/uploads\/2019\/04\/canarinhos_180419-450x253.jpg 450w, https:\/\/franciscanos.org.br\/noticias\/wp-content\/uploads\/2019\/04\/canarinhos_180419-768x431.jpg 768w, https:\/\/franciscanos.org.br\/noticias\/wp-content\/uploads\/2019\/04\/canarinhos_180419-150x84.jpg 150w\" sizes=\"(max-width: 890px) 100vw, 890px\" \/><\/p>\n<p><strong>Daniela Moreira<\/strong><\/p>\n<p><strong>Petr\u00f3polis (RJ) &#8211;<\/strong> O Coral dos Canarinhos de Petr\u00f3polis, apresenta uma programa\u00e7\u00e3o musical especial para as celebra\u00e7\u00f5es do Tr\u00edduo Pascal na Par\u00f3quia do Sagrado Cora\u00e7\u00e3o de Jesus de Petr\u00f3polis (RJ). As apresenta\u00e7\u00f5es dos corais do Instituto dos Meninos Cantores (IMCP) visa promover uma profunda reflex\u00e3o sobre o mist\u00e9rio pascal e a ressurrei\u00e7\u00e3o de Jesus Cristo. A entrada \u00e9 gratuita e come\u00e7a nesta Quinta-feira Santa (18\/04), e vai at\u00e9 o Domingo de P\u00e1scoa (21\/04). O p\u00fablico poder\u00e1 aproveitar a oportunidade para adquirir os CDs gravados pelos corais no final das apresenta\u00e7\u00f5es.<\/p>\n<p>O Coral dos Canarinhos de Petr\u00f3polis, apresenta uma programa\u00e7\u00e3o musical especial para as celebra\u00e7\u00f5es do Tr\u00edduo Pascal na Par\u00f3quia do Sagrado Cora\u00e7\u00e3o de Jesus de Petr\u00f3polis (RJ). As apresenta\u00e7\u00f5es dos corais do Instituto dos Meninos Cantores (IMCP) visa promover uma profunda reflex\u00e3o sobre o mist\u00e9rio pascal e a ressurrei\u00e7\u00e3o de Jesus Cristo. A entrada \u00e9 gratuita e come\u00e7a nesta Quinta-feira Santa (18\/04) e vai at\u00e9 o Domingo de P\u00e1scoa (21\/04). O p\u00fablico poder\u00e1 aproveitar a oportunidade para adquirir os CDs gravados pelos corais no final das apresenta\u00e7\u00f5es.<\/p>\n<p>\u201cSemana Santa \u00e9 sempre um momento de reflex\u00e3o para os crist\u00e3os que veem em Cristo o seu maior exemplo. \u00c9 tempo de pensar em sermos mais irm\u00e3os e tolerantes!\u201d, comentou o diretor art\u00edstico do IMCP, o maestro Marco Aur\u00e9lio Lischt.<\/p>\n<p>A programa\u00e7\u00e3o come\u00e7a com a missa desta Quinta-feira Santa (18\/04), \u00e0s 19h30, com a presen\u00e7a do Coral das Meninas dos Canarinhos de Petr\u00f3polis e reg\u00eancia do maestro Marcelo Vizani. Associada \u00e0 \u00daltima Ceia de Jesus, a missa repete o ato de humildade de Cristo ao lavar e enxugar os p\u00e9s dos ap\u00f3stolos.<\/p>\n<p>O Coral dos Canarinhos de Petr\u00f3polis, sob reg\u00eancia do maestro Marco Aur\u00e9lio Lischt, participar\u00e1, \u00e0s 15h, da celebra\u00e7\u00e3o da Sexta-feira Santa (19\/04), quando se recorda a Paix\u00e3o e Morte do Nosso Senhor Jesus Cristo. O programa inclui can\u00e7\u00f5es de adora\u00e7\u00e3o em canto gregoriano, como \u201cChristus factus est\u201d; \u201cPopule meus\u201d, de Tomas Luis de Victoria; \u201cEcce quomodo moritur justus\u201d, Jacob Handl; \u201cCrucifixus\u201d, Antonio Lotti; \u201cO vos omnes\u201d, Carlo Gesualdo; \u201cAlso hat Gott die Welt geliebt\u201d, Heinrich Sch\u00fctz; \u201cO Domine Jesu Christe\u201d, Gregor Aichinger; \u201cO Jesu Christe\u201d, Jacquet de Mantua; e \u201cChriste, adoramus te\u201d, Claudio Monteverdi.<\/p>\n<p>O Domingo de P\u00e1scoa (21\/04), \u00e0s 10h, contar\u00e1 com a presen\u00e7a dos Canarinhos de Petr\u00f3polis, com a Missa de Mozart, que contar\u00e1 com cantos gregorianos como \u201cResurrexi\u201d e \u201cVictimae Paschali laudes\u201d.<\/p>\n<p><img loading=\"lazy\" class=\"alignnone wp-image-201761 size-full\" src=\"https:\/\/franciscanos.org.br\/noticias\/wp-content\/uploads\/2019\/03\/canarinhos_230319.jpg\" alt=\"\" width=\"890\" height=\"500\" srcset=\"https:\/\/franciscanos.org.br\/noticias\/wp-content\/uploads\/2019\/03\/canarinhos_230319.jpg 890w, https:\/\/franciscanos.org.br\/noticias\/wp-content\/uploads\/2019\/03\/canarinhos_230319-450x253.jpg 450w, https:\/\/franciscanos.org.br\/noticias\/wp-content\/uploads\/2019\/03\/canarinhos_230319-768x431.jpg 768w, https:\/\/franciscanos.org.br\/noticias\/wp-content\/uploads\/2019\/03\/canarinhos_230319-150x84.jpg 150w\" sizes=\"(max-width: 890px) 100vw, 890px\" \/><\/p>\n<p><strong>CD RELEMBRA RESSURREI\u00c7\u00c3O DE CRISTO<\/strong><\/p>\n<p>Gravado pelo Coral dos Canarinhos e lan\u00e7ado pelo IMCP, o Cd Reflexos do Brasil lembra o esp\u00edrito da P\u00e1scoa e \u00e9 uma boa op\u00e7\u00e3o de presente para a \u00e9poca. Dentro de um repert\u00f3rio inovador, composto por m\u00fasicas sacras brasileiras &#8211; todas contempor\u00e2neas &#8211; est\u00e3o presentes refer\u00eancias \u00e0 Paix\u00e3o, Morte e Ressurrei\u00e7\u00e3o de Cristo. Na primeira faixa (\u201cJerusalem quae aedificatur\u201d), o coro cita a Quaresma, com o texto do Salmo 121, 3 e 4, para o Domingo Laetare &#8211; \u201cJerusal\u00e9m, cidade t\u00e3o bem edificada, que forma um t\u00e3o belo conjunto!\u201d.<\/p>\n<p>As duas faixas seguintes falam sobre a Paix\u00e3o de Cristo: na segunda (\u201cPopule meus\u201d), os meninos cantam os primeiros versos da improperia; na terceira (\u201cAdoramus te Christe\u201d), o tema \u00e9 o canto de adora\u00e7\u00e3o de Cristo na cruz.<\/p>\n<p>Na quarta m\u00fasica (\u201cRegina Coeli\u201d), encontramos a ora\u00e7\u00e3o feita pelos cat\u00f3licos durante o tempo Pascal, com o verso \u201cRainha do c\u00e9u, alegra-te&#8230; ressuscitou como disse&#8230;\u201d, em refer\u00eancia \u00e0 ressurrei\u00e7\u00e3o. A \u00faltima obra pascal do CD (\u201cMitte manum tuam\u201d) \u00e9 baseada no texto do Evangelho de Jo\u00e3o, (20, 27) para o segundo Domingo da P\u00e1scoa, fazendo refer\u00eancia a S\u00e3o Tom\u00e9, que dizia n\u00e3o acreditar na ressurrei\u00e7\u00e3o at\u00e9 que Jesus Cristo aparece para ele.<\/p>\n<p>O CD custa R$ 25,00 e est\u00e1 \u00e0 venda no site: <a href=\"http:\/\/www.canarinhos.com.br\/\">www.canarinhos.com.br.<\/a> Mais informa\u00e7\u00f5es tamb\u00e9m podem ser adquiridas pelo telefone: (24) 2104-4141.<\/p>\n","protected":false},"excerpt":{"rendered":"<p>O Coral dos Canarinhos de Petr\u00f3polis, apresenta uma programa\u00e7\u00e3o musical especial para as celebra\u00e7\u00f5es do Tr\u00edduo Pascal na Par\u00f3quia do Sagrado Cora\u00e7\u00e3o de Jesus de Petr\u00f3polis (RJ).<\/p>\n","protected":false},"author":3,"featured_media":202629,"comment_status":"open","ping_status":"open","sticky":false,"template":"","format":"standard","meta":[],"categories":[1],"tags":[1378],"acf":[],"yoast_head":"<!-- This site is optimized with the Yoast SEO plugin v19.2 - https:\/\/yoast.com\/wordpress\/plugins\/seo\/ -->\n<title>Coral dos Canarinhos apresenta programa\u00e7\u00e3o especial para o Tr\u00edduo Pascal - Not\u00edcias - Franciscanos<\/title>\n<meta name=\"robots\" content=\"index, follow, max-snippet:-1, max-image-preview:large, max-video-preview:-1\" \/>\n<link rel=\"canonical\" href=\"https:\/\/franciscanos.org.br\/noticias\/coral-dos-canarinhos-apresenta-programacao-especial-para-o-triduo-pascal.html\" \/>\n<meta property=\"og:locale\" content=\"pt_BR\" \/>\n<meta property=\"og:type\" content=\"article\" \/>\n<meta property=\"og:title\" content=\"Coral dos Canarinhos apresenta programa\u00e7\u00e3o especial para o Tr\u00edduo Pascal - Not\u00edcias - Franciscanos\" \/>\n<meta property=\"og:description\" content=\"O Coral dos Canarinhos de Petr\u00f3polis, apresenta uma programa\u00e7\u00e3o musical especial para as celebra\u00e7\u00f5es do Tr\u00edduo Pascal na Par\u00f3quia do Sagrado Cora\u00e7\u00e3o de Jesus de Petr\u00f3polis (RJ).\" \/>\n<meta property=\"og:url\" content=\"https:\/\/franciscanos.org.br\/noticias\/coral-dos-canarinhos-apresenta-programacao-especial-para-o-triduo-pascal.html\" \/>\n<meta property=\"og:site_name\" content=\"Not\u00edcias - Franciscanos\" \/>\n<meta property=\"article:published_time\" content=\"2019-04-18T20:50:22+00:00\" \/>\n<meta property=\"article:modified_time\" content=\"2021-07-05T23:09:09+00:00\" \/>\n<meta property=\"og:image\" content=\"https:\/\/franciscanos.org.br\/noticias\/wp-content\/uploads\/2019\/04\/canarinhos_180419_1.jpg\" \/>\n\t<meta property=\"og:image:width\" content=\"273\" \/>\n\t<meta property=\"og:image:height\" content=\"181\" \/>\n\t<meta property=\"og:image:type\" content=\"image\/jpeg\" \/>\n<meta name=\"author\" content=\"moacir\" \/>\n<meta name=\"twitter:card\" content=\"summary_large_image\" \/>\n<meta name=\"twitter:label1\" content=\"Escrito por\" \/>\n\t<meta name=\"twitter:data1\" content=\"moacir\" \/>\n\t<meta name=\"twitter:label2\" content=\"Est. tempo de leitura\" \/>\n\t<meta name=\"twitter:data2\" content=\"3 minutos\" \/>\n<script type=\"application\/ld+json\" class=\"yoast-schema-graph\">{\"@context\":\"https:\/\/schema.org\",\"@graph\":[{\"@type\":\"WebSite\",\"@id\":\"https:\/\/franciscanos.org.br\/noticias\/#website\",\"url\":\"https:\/\/franciscanos.org.br\/noticias\/\",\"name\":\"Not\u00edcias - Franciscanos\",\"description\":\"Prov\u00edncia Franciscana da Imaculada Concei\u00e7\u00e3o do Brasil - Ordem dos Frades Menores - OFM\",\"potentialAction\":[{\"@type\":\"SearchAction\",\"target\":{\"@type\":\"EntryPoint\",\"urlTemplate\":\"https:\/\/franciscanos.org.br\/noticias\/?s={search_term_string}\"},\"query-input\":\"required name=search_term_string\"}],\"inLanguage\":\"pt-BR\"},{\"@type\":\"ImageObject\",\"inLanguage\":\"pt-BR\",\"@id\":\"https:\/\/franciscanos.org.br\/noticias\/coral-dos-canarinhos-apresenta-programacao-especial-para-o-triduo-pascal.html#primaryimage\",\"url\":\"https:\/\/franciscanos.org.br\/noticias\/wp-content\/uploads\/2019\/04\/canarinhos_180419_1.jpg\",\"contentUrl\":\"https:\/\/franciscanos.org.br\/noticias\/wp-content\/uploads\/2019\/04\/canarinhos_180419_1.jpg\",\"width\":273,\"height\":181},{\"@type\":\"WebPage\",\"@id\":\"https:\/\/franciscanos.org.br\/noticias\/coral-dos-canarinhos-apresenta-programacao-especial-para-o-triduo-pascal.html#webpage\",\"url\":\"https:\/\/franciscanos.org.br\/noticias\/coral-dos-canarinhos-apresenta-programacao-especial-para-o-triduo-pascal.html\",\"name\":\"Coral dos Canarinhos apresenta programa\u00e7\u00e3o especial para o Tr\u00edduo Pascal - Not\u00edcias - Franciscanos\",\"isPartOf\":{\"@id\":\"https:\/\/franciscanos.org.br\/noticias\/#website\"},\"primaryImageOfPage\":{\"@id\":\"https:\/\/franciscanos.org.br\/noticias\/coral-dos-canarinhos-apresenta-programacao-especial-para-o-triduo-pascal.html#primaryimage\"},\"datePublished\":\"2019-04-18T20:50:22+00:00\",\"dateModified\":\"2021-07-05T23:09:09+00:00\",\"author\":{\"@id\":\"https:\/\/franciscanos.org.br\/noticias\/#\/schema\/person\/b5c8cba458c330ccff548b056e95a5d4\"},\"breadcrumb\":{\"@id\":\"https:\/\/franciscanos.org.br\/noticias\/coral-dos-canarinhos-apresenta-programacao-especial-para-o-triduo-pascal.html#breadcrumb\"},\"inLanguage\":\"pt-BR\",\"potentialAction\":[{\"@type\":\"ReadAction\",\"target\":[\"https:\/\/franciscanos.org.br\/noticias\/coral-dos-canarinhos-apresenta-programacao-especial-para-o-triduo-pascal.html\"]}]},{\"@type\":\"BreadcrumbList\",\"@id\":\"https:\/\/franciscanos.org.br\/noticias\/coral-dos-canarinhos-apresenta-programacao-especial-para-o-triduo-pascal.html#breadcrumb\",\"itemListElement\":[{\"@type\":\"ListItem\",\"position\":1,\"name\":\"Home\",\"item\":\"https:\/\/franciscanos.org.br\/noticias\"},{\"@type\":\"ListItem\",\"position\":2,\"name\":\"Coral dos Canarinhos apresenta programa\u00e7\u00e3o especial para o Tr\u00edduo Pascal\"}]},{\"@type\":\"Person\",\"@id\":\"https:\/\/franciscanos.org.br\/noticias\/#\/schema\/person\/b5c8cba458c330ccff548b056e95a5d4\",\"name\":\"moacir\",\"image\":{\"@type\":\"ImageObject\",\"inLanguage\":\"pt-BR\",\"@id\":\"https:\/\/franciscanos.org.br\/noticias\/#\/schema\/person\/image\/\",\"url\":\"https:\/\/secure.gravatar.com\/avatar\/d08aa2ce4c8dd416d4479aa8536fcf64?s=96&d=mm&r=g\",\"contentUrl\":\"https:\/\/secure.gravatar.com\/avatar\/d08aa2ce4c8dd416d4479aa8536fcf64?s=96&d=mm&r=g\",\"caption\":\"moacir\"},\"url\":\"https:\/\/franciscanos.org.br\/noticias\/author\/moacir\"}]}<\/script>\n<!-- \/ Yoast SEO plugin. -->","yoast_head_json":{"title":"Coral dos Canarinhos apresenta programa\u00e7\u00e3o especial para o Tr\u00edduo Pascal - Not\u00edcias - Franciscanos","robots":{"index":"index","follow":"follow","max-snippet":"max-snippet:-1","max-image-preview":"max-image-preview:large","max-video-preview":"max-video-preview:-1"},"canonical":"https:\/\/franciscanos.org.br\/noticias\/coral-dos-canarinhos-apresenta-programacao-especial-para-o-triduo-pascal.html","og_locale":"pt_BR","og_type":"article","og_title":"Coral dos Canarinhos apresenta programa\u00e7\u00e3o especial para o Tr\u00edduo Pascal - Not\u00edcias - Franciscanos","og_description":"O Coral dos Canarinhos de Petr\u00f3polis, apresenta uma programa\u00e7\u00e3o musical especial para as celebra\u00e7\u00f5es do Tr\u00edduo Pascal na Par\u00f3quia do Sagrado Cora\u00e7\u00e3o de Jesus de Petr\u00f3polis (RJ).","og_url":"https:\/\/franciscanos.org.br\/noticias\/coral-dos-canarinhos-apresenta-programacao-especial-para-o-triduo-pascal.html","og_site_name":"Not\u00edcias - Franciscanos","article_published_time":"2019-04-18T20:50:22+00:00","article_modified_time":"2021-07-05T23:09:09+00:00","og_image":[{"width":273,"height":181,"url":"https:\/\/franciscanos.org.br\/noticias\/wp-content\/uploads\/2019\/04\/canarinhos_180419_1.jpg","type":"image\/jpeg"}],"author":"moacir","twitter_card":"summary_large_image","twitter_misc":{"Escrito por":"moacir","Est. tempo de leitura":"3 minutos"},"schema":{"@context":"https:\/\/schema.org","@graph":[{"@type":"WebSite","@id":"https:\/\/franciscanos.org.br\/noticias\/#website","url":"https:\/\/franciscanos.org.br\/noticias\/","name":"Not\u00edcias - Franciscanos","description":"Prov\u00edncia Franciscana da Imaculada Concei\u00e7\u00e3o do Brasil - Ordem dos Frades Menores - OFM","potentialAction":[{"@type":"SearchAction","target":{"@type":"EntryPoint","urlTemplate":"https:\/\/franciscanos.org.br\/noticias\/?s={search_term_string}"},"query-input":"required name=search_term_string"}],"inLanguage":"pt-BR"},{"@type":"ImageObject","inLanguage":"pt-BR","@id":"https:\/\/franciscanos.org.br\/noticias\/coral-dos-canarinhos-apresenta-programacao-especial-para-o-triduo-pascal.html#primaryimage","url":"https:\/\/franciscanos.org.br\/noticias\/wp-content\/uploads\/2019\/04\/canarinhos_180419_1.jpg","contentUrl":"https:\/\/franciscanos.org.br\/noticias\/wp-content\/uploads\/2019\/04\/canarinhos_180419_1.jpg","width":273,"height":181},{"@type":"WebPage","@id":"https:\/\/franciscanos.org.br\/noticias\/coral-dos-canarinhos-apresenta-programacao-especial-para-o-triduo-pascal.html#webpage","url":"https:\/\/franciscanos.org.br\/noticias\/coral-dos-canarinhos-apresenta-programacao-especial-para-o-triduo-pascal.html","name":"Coral dos Canarinhos apresenta programa\u00e7\u00e3o especial para o Tr\u00edduo Pascal - Not\u00edcias - Franciscanos","isPartOf":{"@id":"https:\/\/franciscanos.org.br\/noticias\/#website"},"primaryImageOfPage":{"@id":"https:\/\/franciscanos.org.br\/noticias\/coral-dos-canarinhos-apresenta-programacao-especial-para-o-triduo-pascal.html#primaryimage"},"datePublished":"2019-04-18T20:50:22+00:00","dateModified":"2021-07-05T23:09:09+00:00","author":{"@id":"https:\/\/franciscanos.org.br\/noticias\/#\/schema\/person\/b5c8cba458c330ccff548b056e95a5d4"},"breadcrumb":{"@id":"https:\/\/franciscanos.org.br\/noticias\/coral-dos-canarinhos-apresenta-programacao-especial-para-o-triduo-pascal.html#breadcrumb"},"inLanguage":"pt-BR","potentialAction":[{"@type":"ReadAction","target":["https:\/\/franciscanos.org.br\/noticias\/coral-dos-canarinhos-apresenta-programacao-especial-para-o-triduo-pascal.html"]}]},{"@type":"BreadcrumbList","@id":"https:\/\/franciscanos.org.br\/noticias\/coral-dos-canarinhos-apresenta-programacao-especial-para-o-triduo-pascal.html#breadcrumb","itemListElement":[{"@type":"ListItem","position":1,"name":"Home","item":"https:\/\/franciscanos.org.br\/noticias"},{"@type":"ListItem","position":2,"name":"Coral dos Canarinhos apresenta programa\u00e7\u00e3o especial para o Tr\u00edduo Pascal"}]},{"@type":"Person","@id":"https:\/\/franciscanos.org.br\/noticias\/#\/schema\/person\/b5c8cba458c330ccff548b056e95a5d4","name":"moacir","image":{"@type":"ImageObject","inLanguage":"pt-BR","@id":"https:\/\/franciscanos.org.br\/noticias\/#\/schema\/person\/image\/","url":"https:\/\/secure.gravatar.com\/avatar\/d08aa2ce4c8dd416d4479aa8536fcf64?s=96&d=mm&r=g","contentUrl":"https:\/\/secure.gravatar.com\/avatar\/d08aa2ce4c8dd416d4479aa8536fcf64?s=96&d=mm&r=g","caption":"moacir"},"url":"https:\/\/franciscanos.org.br\/noticias\/author\/moacir"}]}},"_links":{"self":[{"href":"https:\/\/franciscanos.org.br\/noticias\/wp-json\/wp\/v2\/posts\/202621"}],"collection":[{"href":"https:\/\/franciscanos.org.br\/noticias\/wp-json\/wp\/v2\/posts"}],"about":[{"href":"https:\/\/franciscanos.org.br\/noticias\/wp-json\/wp\/v2\/types\/post"}],"author":[{"embeddable":true,"href":"https:\/\/franciscanos.org.br\/noticias\/wp-json\/wp\/v2\/users\/3"}],"replies":[{"embeddable":true,"href":"https:\/\/franciscanos.org.br\/noticias\/wp-json\/wp\/v2\/comments?post=202621"}],"version-history":[{"count":1,"href":"https:\/\/franciscanos.org.br\/noticias\/wp-json\/wp\/v2\/posts\/202621\/revisions"}],"predecessor-version":[{"id":232890,"href":"https:\/\/franciscanos.org.br\/noticias\/wp-json\/wp\/v2\/posts\/202621\/revisions\/232890"}],"wp:featuredmedia":[{"embeddable":true,"href":"https:\/\/franciscanos.org.br\/noticias\/wp-json\/wp\/v2\/media\/202629"}],"wp:attachment":[{"href":"https:\/\/franciscanos.org.br\/noticias\/wp-json\/wp\/v2\/media?parent=202621"}],"wp:term":[{"taxonomy":"category","embeddable":true,"href":"https:\/\/franciscanos.org.br\/noticias\/wp-json\/wp\/v2\/categories?post=202621"},{"taxonomy":"post_tag","embeddable":true,"href":"https:\/\/franciscanos.org.br\/noticias\/wp-json\/wp\/v2\/tags?post=202621"}],"curies":[{"name":"wp","href":"https:\/\/api.w.org\/{rel}","templated":true}]}}