{"id":202620,"date":"2019-04-17T17:52:58","date_gmt":"2019-04-17T20:52:58","guid":{"rendered":"https:\/\/franciscanos.org.br\/noticias\/?p=202620"},"modified":"2020-08-04T14:10:10","modified_gmt":"2020-08-04T17:10:10","slug":"a-fraternidade-e-humilde-sempre-esta-a-servico","status":"publish","type":"post","link":"https:\/\/franciscanos.org.br\/noticias\/a-fraternidade-e-humilde-sempre-esta-a-servico.html","title":{"rendered":"\u201cA fraternidade \u00e9 humilde sempre; est\u00e1 a servi\u00e7o\u201d"},"content":{"rendered":"<p><img loading=\"lazy\" class=\"alignnone size-full wp-image-202622\" src=\"https:\/\/franciscanos.org.br\/noticias\/wp-content\/uploads\/2019\/04\/lava_180419_4.jpg\" alt=\"\" width=\"890\" height=\"403\" srcset=\"https:\/\/franciscanos.org.br\/noticias\/wp-content\/uploads\/2019\/04\/lava_180419_4.jpg 890w, https:\/\/franciscanos.org.br\/noticias\/wp-content\/uploads\/2019\/04\/lava_180419_4-450x204.jpg 450w, https:\/\/franciscanos.org.br\/noticias\/wp-content\/uploads\/2019\/04\/lava_180419_4-768x348.jpg 768w, https:\/\/franciscanos.org.br\/noticias\/wp-content\/uploads\/2019\/04\/lava_180419_4-150x68.jpg 150w\" sizes=\"(max-width: 890px) 100vw, 890px\" \/><\/p>\n<p><strong>Cidade do Vaticano<\/strong> &#8211; Sejam irm\u00e3os no servi\u00e7o, n\u00e3o na ambi\u00e7\u00e3o: palavras do Papa Francisco ao celebrar a Missa da Ceia do Senhor no Instituto Penitenci\u00e1rio de Velletri, nos arredores de Roma. Trata-se de uma estrutura que acolhe atualmente 577 pessoas, considerada de seguran\u00e7a m\u00e9dia. Os estrangeiros s\u00e3o cerca de 60% da popula\u00e7\u00e3o prisional.<\/p>\n<p>Antes de proceder ao rito do lava-p\u00e9s, o Pont\u00edfice pronunciou a sua homilia falando da origem do gesto. Naquela \u00e9poca, n\u00e3o havia asfalto, portanto cabia aos escravos lavarem os p\u00e9s dos patr\u00f5es e dos h\u00f3spedes.<\/p>\n<p><img loading=\"lazy\" class=\"alignleft  wp-image-202623\" src=\"https:\/\/franciscanos.org.br\/noticias\/wp-content\/uploads\/2019\/04\/lava_180419.jpg\" alt=\"\" width=\"410\" height=\"555\" srcset=\"https:\/\/franciscanos.org.br\/noticias\/wp-content\/uploads\/2019\/04\/lava_180419.jpg 533w, https:\/\/franciscanos.org.br\/noticias\/wp-content\/uploads\/2019\/04\/lava_180419-332x450.jpg 332w, https:\/\/franciscanos.org.br\/noticias\/wp-content\/uploads\/2019\/04\/lava_180419-150x203.jpg 150w\" sizes=\"(max-width: 410px) 100vw, 410px\" \/>\u201cE Jesus faz este gesto: lavar os p\u00e9s. Ele faz o gesto do escravo: Ele que havia todo o poder, que era o Senhor, faz o gesto do escravo e depois aconselha todos a fazerem este gesto: sirvam uns aos outros, sejam irm\u00e3os no servi\u00e7o, n\u00e3o na ambi\u00e7\u00e3o de quem domina o outro ou espezinha o outro. N\u00e3o. Servi\u00e7o\u201d.<\/p>\n<p>\u201cEsta \u00e9 a fraternidade\u201d, continuou. \u201cA fraternidade \u00e9 humilde sempre, est\u00e1 a servi\u00e7o\u201d.<\/p>\n<p>A Igreja, prosseguiu o Papa, pede que este mesmo gesto seja repetido pelo menos uma vez ao ano para imitar Jesus. \u201cO bispo n\u00e3o \u00e9 o mais importante, \u00e9 o mais servidor e cada um de n\u00f3s deve ser servidor do outro: \u00e9 a regra de Jesus e do Evangelho: a regra do servi\u00e7o, n\u00e3o do dominar, machucar, humilhar os outros\u201d.<\/p>\n<p>Quando os ap\u00f3stolos discutiam entre si sobre quem era o mais importante, Jesus respondeu apresentando uma crian\u00e7a e dizendo que \u00e9 preciso ter o cora\u00e7\u00e3o humilde, mas servidor. Jesus adverte que os chefes das na\u00e7\u00f5es dominam, mas entre os ap\u00f3stolos n\u00e3o pode ser assim.<\/p>\n<p>\u201cO maior deve servir o menor, quem se sente maior deve ser servidor. Todos devemos ser. Na vida h\u00e1 problemas, brigamos entre n\u00f3s, mas isso \u00e9 passageiro, porque no nosso cora\u00e7\u00e3o deve ter este amor de servir o outro, estar a servi\u00e7o dos outros. Este gesto de hoje seja para todos n\u00f3s, que nos ajude a sermos mais servidores uns dos outros, mais irm\u00e3os no servi\u00e7o\u201d.<\/p>\n<p>&nbsp;<\/p>\n<p><strong>Brasileiro no lava-p\u00e9s<\/strong><br \/>\nAo final da homilia, o Pont\u00edfice prosseguiu a celebra\u00e7\u00e3o lavando os p\u00e9s de 12 detentos: um brasileiro, um da Costa do Marfim, um de Marrocos e nove italianos.<\/p>\n<p>Foi a quinta vez o Papa celebrou a Missa da Ceia do Senhor em um Instituto Penal. Em 2013, Francisco foi ao C\u00e1rcere de Menores de Casal del Marmo, em 2015 no C\u00e1rcere de Rebibbia, 2017 no pres\u00eddio de Seguran\u00e7a M\u00e1xima de Paliano e no ano passado no C\u00e1rcere de Regina Coeli.<\/p>\n<hr \/>\n<p><em>Fonte: Vatican News<\/em><\/p>\n<p>&nbsp;<\/p>\n","protected":false},"excerpt":{"rendered":"<p>Missa da Ceia do Senhor no Instituto Penitenci\u00e1rio de Velletri, nos arredores de Roma.<\/p>\n","protected":false},"author":3,"featured_media":202626,"comment_status":"open","ping_status":"open","sticky":false,"template":"","format":"standard","meta":[],"categories":[1428],"tags":[1436,55],"acf":[],"yoast_head":"<!-- This site is optimized with the Yoast SEO plugin v19.2 - https:\/\/yoast.com\/wordpress\/plugins\/seo\/ -->\n<title>\u201cA fraternidade \u00e9 humilde sempre; est\u00e1 a servi\u00e7o\u201d - Not\u00edcias - Franciscanos<\/title>\n<meta name=\"robots\" content=\"index, follow, max-snippet:-1, max-image-preview:large, max-video-preview:-1\" \/>\n<link rel=\"canonical\" href=\"https:\/\/franciscanos.org.br\/noticias\/a-fraternidade-e-humilde-sempre-esta-a-servico.html\" \/>\n<meta property=\"og:locale\" content=\"pt_BR\" \/>\n<meta property=\"og:type\" content=\"article\" \/>\n<meta property=\"og:title\" content=\"\u201cA fraternidade \u00e9 humilde sempre; est\u00e1 a servi\u00e7o\u201d - Not\u00edcias - Franciscanos\" \/>\n<meta property=\"og:description\" content=\"Missa da Ceia do Senhor no Instituto Penitenci\u00e1rio de Velletri, nos arredores de Roma.\" \/>\n<meta property=\"og:url\" content=\"https:\/\/franciscanos.org.br\/noticias\/a-fraternidade-e-humilde-sempre-esta-a-servico.html\" \/>\n<meta property=\"og:site_name\" content=\"Not\u00edcias - Franciscanos\" \/>\n<meta property=\"article:published_time\" content=\"2019-04-17T20:52:58+00:00\" \/>\n<meta property=\"article:modified_time\" content=\"2020-08-04T17:10:10+00:00\" \/>\n<meta property=\"og:image\" content=\"https:\/\/franciscanos.org.br\/noticias\/wp-content\/uploads\/2019\/04\/lava_180419_d.jpg\" \/>\n\t<meta property=\"og:image:width\" content=\"273\" \/>\n\t<meta property=\"og:image:height\" content=\"181\" \/>\n\t<meta property=\"og:image:type\" content=\"image\/jpeg\" \/>\n<meta name=\"author\" content=\"moacir\" \/>\n<meta name=\"twitter:card\" content=\"summary_large_image\" \/>\n<meta name=\"twitter:label1\" content=\"Escrito por\" \/>\n\t<meta name=\"twitter:data1\" content=\"moacir\" \/>\n\t<meta name=\"twitter:label2\" content=\"Est. tempo de leitura\" \/>\n\t<meta name=\"twitter:data2\" content=\"2 minutos\" \/>\n<script type=\"application\/ld+json\" class=\"yoast-schema-graph\">{\"@context\":\"https:\/\/schema.org\",\"@graph\":[{\"@type\":\"WebSite\",\"@id\":\"https:\/\/franciscanos.org.br\/noticias\/#website\",\"url\":\"https:\/\/franciscanos.org.br\/noticias\/\",\"name\":\"Not\u00edcias - Franciscanos\",\"description\":\"Prov\u00edncia Franciscana da Imaculada Concei\u00e7\u00e3o do Brasil - Ordem dos Frades Menores - OFM\",\"potentialAction\":[{\"@type\":\"SearchAction\",\"target\":{\"@type\":\"EntryPoint\",\"urlTemplate\":\"https:\/\/franciscanos.org.br\/noticias\/?s={search_term_string}\"},\"query-input\":\"required name=search_term_string\"}],\"inLanguage\":\"pt-BR\"},{\"@type\":\"ImageObject\",\"inLanguage\":\"pt-BR\",\"@id\":\"https:\/\/franciscanos.org.br\/noticias\/a-fraternidade-e-humilde-sempre-esta-a-servico.html#primaryimage\",\"url\":\"https:\/\/franciscanos.org.br\/noticias\/wp-content\/uploads\/2019\/04\/lava_180419_d.jpg\",\"contentUrl\":\"https:\/\/franciscanos.org.br\/noticias\/wp-content\/uploads\/2019\/04\/lava_180419_d.jpg\",\"width\":273,\"height\":181},{\"@type\":\"WebPage\",\"@id\":\"https:\/\/franciscanos.org.br\/noticias\/a-fraternidade-e-humilde-sempre-esta-a-servico.html#webpage\",\"url\":\"https:\/\/franciscanos.org.br\/noticias\/a-fraternidade-e-humilde-sempre-esta-a-servico.html\",\"name\":\"\u201cA fraternidade \u00e9 humilde sempre; est\u00e1 a servi\u00e7o\u201d - Not\u00edcias - Franciscanos\",\"isPartOf\":{\"@id\":\"https:\/\/franciscanos.org.br\/noticias\/#website\"},\"primaryImageOfPage\":{\"@id\":\"https:\/\/franciscanos.org.br\/noticias\/a-fraternidade-e-humilde-sempre-esta-a-servico.html#primaryimage\"},\"datePublished\":\"2019-04-17T20:52:58+00:00\",\"dateModified\":\"2020-08-04T17:10:10+00:00\",\"author\":{\"@id\":\"https:\/\/franciscanos.org.br\/noticias\/#\/schema\/person\/b5c8cba458c330ccff548b056e95a5d4\"},\"breadcrumb\":{\"@id\":\"https:\/\/franciscanos.org.br\/noticias\/a-fraternidade-e-humilde-sempre-esta-a-servico.html#breadcrumb\"},\"inLanguage\":\"pt-BR\",\"potentialAction\":[{\"@type\":\"ReadAction\",\"target\":[\"https:\/\/franciscanos.org.br\/noticias\/a-fraternidade-e-humilde-sempre-esta-a-servico.html\"]}]},{\"@type\":\"BreadcrumbList\",\"@id\":\"https:\/\/franciscanos.org.br\/noticias\/a-fraternidade-e-humilde-sempre-esta-a-servico.html#breadcrumb\",\"itemListElement\":[{\"@type\":\"ListItem\",\"position\":1,\"name\":\"Home\",\"item\":\"https:\/\/franciscanos.org.br\/noticias\"},{\"@type\":\"ListItem\",\"position\":2,\"name\":\"\u201cA fraternidade \u00e9 humilde sempre; est\u00e1 a servi\u00e7o\u201d\"}]},{\"@type\":\"Person\",\"@id\":\"https:\/\/franciscanos.org.br\/noticias\/#\/schema\/person\/b5c8cba458c330ccff548b056e95a5d4\",\"name\":\"moacir\",\"image\":{\"@type\":\"ImageObject\",\"inLanguage\":\"pt-BR\",\"@id\":\"https:\/\/franciscanos.org.br\/noticias\/#\/schema\/person\/image\/\",\"url\":\"https:\/\/secure.gravatar.com\/avatar\/d08aa2ce4c8dd416d4479aa8536fcf64?s=96&d=mm&r=g\",\"contentUrl\":\"https:\/\/secure.gravatar.com\/avatar\/d08aa2ce4c8dd416d4479aa8536fcf64?s=96&d=mm&r=g\",\"caption\":\"moacir\"},\"url\":\"https:\/\/franciscanos.org.br\/noticias\/author\/moacir\"}]}<\/script>\n<!-- \/ Yoast SEO plugin. -->","yoast_head_json":{"title":"\u201cA fraternidade \u00e9 humilde sempre; est\u00e1 a servi\u00e7o\u201d - Not\u00edcias - Franciscanos","robots":{"index":"index","follow":"follow","max-snippet":"max-snippet:-1","max-image-preview":"max-image-preview:large","max-video-preview":"max-video-preview:-1"},"canonical":"https:\/\/franciscanos.org.br\/noticias\/a-fraternidade-e-humilde-sempre-esta-a-servico.html","og_locale":"pt_BR","og_type":"article","og_title":"\u201cA fraternidade \u00e9 humilde sempre; est\u00e1 a servi\u00e7o\u201d - Not\u00edcias - Franciscanos","og_description":"Missa da Ceia do Senhor no Instituto Penitenci\u00e1rio de Velletri, nos arredores de Roma.","og_url":"https:\/\/franciscanos.org.br\/noticias\/a-fraternidade-e-humilde-sempre-esta-a-servico.html","og_site_name":"Not\u00edcias - Franciscanos","article_published_time":"2019-04-17T20:52:58+00:00","article_modified_time":"2020-08-04T17:10:10+00:00","og_image":[{"width":273,"height":181,"url":"https:\/\/franciscanos.org.br\/noticias\/wp-content\/uploads\/2019\/04\/lava_180419_d.jpg","type":"image\/jpeg"}],"author":"moacir","twitter_card":"summary_large_image","twitter_misc":{"Escrito por":"moacir","Est. tempo de leitura":"2 minutos"},"schema":{"@context":"https:\/\/schema.org","@graph":[{"@type":"WebSite","@id":"https:\/\/franciscanos.org.br\/noticias\/#website","url":"https:\/\/franciscanos.org.br\/noticias\/","name":"Not\u00edcias - Franciscanos","description":"Prov\u00edncia Franciscana da Imaculada Concei\u00e7\u00e3o do Brasil - Ordem dos Frades Menores - OFM","potentialAction":[{"@type":"SearchAction","target":{"@type":"EntryPoint","urlTemplate":"https:\/\/franciscanos.org.br\/noticias\/?s={search_term_string}"},"query-input":"required name=search_term_string"}],"inLanguage":"pt-BR"},{"@type":"ImageObject","inLanguage":"pt-BR","@id":"https:\/\/franciscanos.org.br\/noticias\/a-fraternidade-e-humilde-sempre-esta-a-servico.html#primaryimage","url":"https:\/\/franciscanos.org.br\/noticias\/wp-content\/uploads\/2019\/04\/lava_180419_d.jpg","contentUrl":"https:\/\/franciscanos.org.br\/noticias\/wp-content\/uploads\/2019\/04\/lava_180419_d.jpg","width":273,"height":181},{"@type":"WebPage","@id":"https:\/\/franciscanos.org.br\/noticias\/a-fraternidade-e-humilde-sempre-esta-a-servico.html#webpage","url":"https:\/\/franciscanos.org.br\/noticias\/a-fraternidade-e-humilde-sempre-esta-a-servico.html","name":"\u201cA fraternidade \u00e9 humilde sempre; est\u00e1 a servi\u00e7o\u201d - Not\u00edcias - Franciscanos","isPartOf":{"@id":"https:\/\/franciscanos.org.br\/noticias\/#website"},"primaryImageOfPage":{"@id":"https:\/\/franciscanos.org.br\/noticias\/a-fraternidade-e-humilde-sempre-esta-a-servico.html#primaryimage"},"datePublished":"2019-04-17T20:52:58+00:00","dateModified":"2020-08-04T17:10:10+00:00","author":{"@id":"https:\/\/franciscanos.org.br\/noticias\/#\/schema\/person\/b5c8cba458c330ccff548b056e95a5d4"},"breadcrumb":{"@id":"https:\/\/franciscanos.org.br\/noticias\/a-fraternidade-e-humilde-sempre-esta-a-servico.html#breadcrumb"},"inLanguage":"pt-BR","potentialAction":[{"@type":"ReadAction","target":["https:\/\/franciscanos.org.br\/noticias\/a-fraternidade-e-humilde-sempre-esta-a-servico.html"]}]},{"@type":"BreadcrumbList","@id":"https:\/\/franciscanos.org.br\/noticias\/a-fraternidade-e-humilde-sempre-esta-a-servico.html#breadcrumb","itemListElement":[{"@type":"ListItem","position":1,"name":"Home","item":"https:\/\/franciscanos.org.br\/noticias"},{"@type":"ListItem","position":2,"name":"\u201cA fraternidade \u00e9 humilde sempre; est\u00e1 a servi\u00e7o\u201d"}]},{"@type":"Person","@id":"https:\/\/franciscanos.org.br\/noticias\/#\/schema\/person\/b5c8cba458c330ccff548b056e95a5d4","name":"moacir","image":{"@type":"ImageObject","inLanguage":"pt-BR","@id":"https:\/\/franciscanos.org.br\/noticias\/#\/schema\/person\/image\/","url":"https:\/\/secure.gravatar.com\/avatar\/d08aa2ce4c8dd416d4479aa8536fcf64?s=96&d=mm&r=g","contentUrl":"https:\/\/secure.gravatar.com\/avatar\/d08aa2ce4c8dd416d4479aa8536fcf64?s=96&d=mm&r=g","caption":"moacir"},"url":"https:\/\/franciscanos.org.br\/noticias\/author\/moacir"}]}},"_links":{"self":[{"href":"https:\/\/franciscanos.org.br\/noticias\/wp-json\/wp\/v2\/posts\/202620"}],"collection":[{"href":"https:\/\/franciscanos.org.br\/noticias\/wp-json\/wp\/v2\/posts"}],"about":[{"href":"https:\/\/franciscanos.org.br\/noticias\/wp-json\/wp\/v2\/types\/post"}],"author":[{"embeddable":true,"href":"https:\/\/franciscanos.org.br\/noticias\/wp-json\/wp\/v2\/users\/3"}],"replies":[{"embeddable":true,"href":"https:\/\/franciscanos.org.br\/noticias\/wp-json\/wp\/v2\/comments?post=202620"}],"version-history":[{"count":1,"href":"https:\/\/franciscanos.org.br\/noticias\/wp-json\/wp\/v2\/posts\/202620\/revisions"}],"predecessor-version":[{"id":227443,"href":"https:\/\/franciscanos.org.br\/noticias\/wp-json\/wp\/v2\/posts\/202620\/revisions\/227443"}],"wp:featuredmedia":[{"embeddable":true,"href":"https:\/\/franciscanos.org.br\/noticias\/wp-json\/wp\/v2\/media\/202626"}],"wp:attachment":[{"href":"https:\/\/franciscanos.org.br\/noticias\/wp-json\/wp\/v2\/media?parent=202620"}],"wp:term":[{"taxonomy":"category","embeddable":true,"href":"https:\/\/franciscanos.org.br\/noticias\/wp-json\/wp\/v2\/categories?post=202620"},{"taxonomy":"post_tag","embeddable":true,"href":"https:\/\/franciscanos.org.br\/noticias\/wp-json\/wp\/v2\/tags?post=202620"}],"curies":[{"name":"wp","href":"https:\/\/api.w.org\/{rel}","templated":true}]}}