{"id":202609,"date":"2019-04-18T03:54:50","date_gmt":"2019-04-18T06:54:50","guid":{"rendered":"https:\/\/franciscanos.org.br\/noticias\/?p=202609"},"modified":"2020-06-05T12:47:27","modified_gmt":"2020-06-05T15:47:27","slug":"aquele-que-aprende-a-ungir-e-a-abencoar-fica-curado-da-mesquinhez","status":"publish","type":"post","link":"https:\/\/franciscanos.org.br\/noticias\/aquele-que-aprende-a-ungir-e-a-abencoar-fica-curado-da-mesquinhez.html","title":{"rendered":"Aquele que aprende a ungir e a aben\u00e7oar fica curado da mesquinhez"},"content":{"rendered":"<p><img loading=\"lazy\" class=\"alignnone size-full wp-image-202610\" src=\"https:\/\/franciscanos.org.br\/noticias\/wp-content\/uploads\/2019\/04\/crisma_180419.jpg\" alt=\"\" width=\"890\" height=\"501\" srcset=\"https:\/\/franciscanos.org.br\/noticias\/wp-content\/uploads\/2019\/04\/crisma_180419.jpg 890w, https:\/\/franciscanos.org.br\/noticias\/wp-content\/uploads\/2019\/04\/crisma_180419-450x253.jpg 450w, https:\/\/franciscanos.org.br\/noticias\/wp-content\/uploads\/2019\/04\/crisma_180419-768x432.jpg 768w, https:\/\/franciscanos.org.br\/noticias\/wp-content\/uploads\/2019\/04\/crisma_180419-150x84.jpg 150w\" sizes=\"(max-width: 890px) 100vw, 890px\" \/><\/p>\n<p><strong>Cidade do Vaticano<\/strong> &#8211; O Papa Francisco presidiu a Missa do Crisma, nesta Quinta-feira Santa (18\/04), na Bas\u00edlica de S\u00e3o Pedro. Junto com o Papa, al\u00e9m de cardeais e bispos, concelebraram os sacerdotes da Diocese de Roma, significando a unidade da Igreja reunida em torno de seu bispo.<\/p>\n<p>Em sua homilia, o Pont\u00edfice sublinhou que o Evangelho de Lucas \u201cnos faz reviver a emo\u00e7\u00e3o do momento em que o Senhor assume a profecia de Isa\u00edas, lendo-a solenemente no meio do seu povo. A sinagoga de Nazar\u00e9 estava cheia de parentes, vizinhos, conhecidos, amigos&#8230; e outros n\u00e3o muito amigos. E todos tinham os olhos fixos n\u2019Ele\u201d.<\/p>\n<p>Com frequ\u00eancia, os Evangelhos nos apresentam \u201cesta imagem do Senhor no meio das multid\u00f5es, cercado e comprimido pelas pessoas que lhe trazem os doentes, pedem-lhe que expulse os esp\u00edritos malignos, escutam os seus ensinamentos e caminham com Ele. O Senhor nunca perdeu este contato direto com o povo, sempre manteve a gra\u00e7a da proximidade, com o povo no seu conjunto e com cada pessoa no meio daquelas multid\u00f5es\u201d, ressaltou Francisco.<\/p>\n<p><strong>Desejo de seguir Jesus<\/strong><br \/>\n\u201cAqui, o termo \u00abmultid\u00f5es\u00bb n\u00e3o \u00e9 depreciativo\u201d. Talvez para algu\u00e9m, \u201cpoderia soar como uma massa an\u00f4nima, indiferenciada; mas no Evangelho, quando as multid\u00f5es interagem com o Senhor, que se coloca no meio delas como um pastor no rebanho, vemos que as multid\u00f5es se transformam: no esp\u00edrito do povo, desperta o desejo de seguir Jesus, brota a admira\u00e7\u00e3o, toma forma o discernimento\u201d.<\/p>\n<p>A seguir, o Papa refletiu com os fi\u00e9is sobre tr\u00eas gra\u00e7as que caracterizam o relacionamento entre Jesus e as multid\u00f5es: a gra\u00e7a do seguimento, a gra\u00e7a da admira\u00e7\u00e3o e a gra\u00e7a do discernimento.<\/p>\n<p><img loading=\"lazy\" class=\"alignnone size-full wp-image-202612\" src=\"https:\/\/franciscanos.org.br\/noticias\/wp-content\/uploads\/2019\/04\/crisma_180419_1.jpg\" alt=\"\" width=\"890\" height=\"501\" srcset=\"https:\/\/franciscanos.org.br\/noticias\/wp-content\/uploads\/2019\/04\/crisma_180419_1.jpg 890w, https:\/\/franciscanos.org.br\/noticias\/wp-content\/uploads\/2019\/04\/crisma_180419_1-450x253.jpg 450w, https:\/\/franciscanos.org.br\/noticias\/wp-content\/uploads\/2019\/04\/crisma_180419_1-768x432.jpg 768w, https:\/\/franciscanos.org.br\/noticias\/wp-content\/uploads\/2019\/04\/crisma_180419_1-150x84.jpg 150w\" sizes=\"(max-width: 890px) 100vw, 890px\" \/><\/p>\n<p><strong>A gra\u00e7a do seguimento<\/strong><br \/>\nNa primeira gra\u00e7a, a do seguimento, as multid\u00f5es procuram e seguem Jesus, o empurram e o apertam. \u201cEsse seguimento do povo n\u00e3o \u00e9 calculista, \u00e9 um seguimento sem condi\u00e7\u00f5es, cheio de carinho. Contrasta com a mesquinhez dos disc\u00edpulos, cujo comportamento com o povo se revela quase cruel quando sugerem ao Senhor que mande as pessoas embora para irem procurar algo para comer. Creio que o clericalismo come\u00e7ou aqui: nesta atitude de querer assegurar-se o pr\u00f3prio alimento e comodidade, desinteressando-se das pessoas. O Senhor cortou pela raiz esta tenta\u00e7\u00e3o, dizendo-lhes: \u00abVoc\u00eas \u00e9 que t\u00eam de lhes dar de comer.\u00bb \u00abCuidem do povo!\u00bb.<\/p>\n<p><strong>A gra\u00e7a da admira\u00e7\u00e3o<\/strong><br \/>\nA segunda gra\u00e7a que a multid\u00e3o recebe ao seguir Jesus \u00e9 a gra\u00e7a da admira\u00e7\u00e3o, uma \u201cadmira\u00e7\u00e3o cheia de alegria. O povo fica admirado com Jesus, com os seus milagres, mas sobretudo com a sua pr\u00f3pria Pessoa. O povo gostava muito de saud\u00e1-Lo ao longo da estrada, ser aben\u00e7oado por Ele e bendiz\u00ea-Lo, como aquela mulher que do meio da multid\u00e3o bendisse a sua M\u00e3e. E o Senhor, por sua vez, ficava admirado com a f\u00e9 do povo, regozijava-Se e n\u00e3o perdia ocasi\u00e3o de o fazer notar\u201d.<\/p>\n<p><strong>A gra\u00e7a do discernimento<\/strong><br \/>\nA terceira gra\u00e7a, que recebe o povo, \u00e9 a do discernimento. A multid\u00e3o ficava impressionada com os ensinamentos de Jesus, porque Ele ensinava como algu\u00e9m que tem autoridade, e n\u00e3o como os doutores da Lei. \u201cCristo, a Palavra de Deus feita carne, suscita nas pessoas este carisma do discernimento; certamente, n\u00e3o um discernimento de especialistas em assuntos controversos. Quando os fariseus e os doutores da lei discutiam com Ele, aquilo que o povo reconhecia era a Autoridade de Jesus: a for\u00e7a da sua doutrina, capaz de penetrar nos cora\u00e7\u00f5es, e o fato de os esp\u00edritos malignos Lhe obedecerem; e ainda deixar sem palavra aqueles que urdiam di\u00e1logos insidiosos. O povo alegrava-se com isso\u201d.<\/p>\n<p><img loading=\"lazy\" class=\"alignnone size-full wp-image-202613\" src=\"https:\/\/franciscanos.org.br\/noticias\/wp-content\/uploads\/2019\/04\/crisma_180419_2.jpg\" alt=\"\" width=\"890\" height=\"501\" srcset=\"https:\/\/franciscanos.org.br\/noticias\/wp-content\/uploads\/2019\/04\/crisma_180419_2.jpg 890w, https:\/\/franciscanos.org.br\/noticias\/wp-content\/uploads\/2019\/04\/crisma_180419_2-450x253.jpg 450w, https:\/\/franciscanos.org.br\/noticias\/wp-content\/uploads\/2019\/04\/crisma_180419_2-768x432.jpg 768w, https:\/\/franciscanos.org.br\/noticias\/wp-content\/uploads\/2019\/04\/crisma_180419_2-150x84.jpg 150w\" sizes=\"(max-width: 890px) 100vw, 890px\" \/><\/p>\n<p>O evangelista Lucas indica quatro grandes grupos que s\u00e3o destinat\u00e1rios preferenciais da un\u00e7\u00e3o do Senhor: os pobres, os prisioneiros de guerra, os cegos e os oprimidos.<\/p>\n<p>Segundo Francisco, \u201cos pobres s\u00e3o aqueles que est\u00e3o curvados, como os mendigos que se inclinam para pedir. Mas \u00e9 pobre tamb\u00e9m a vi\u00fava, que unge com os seus dedos as duas moedinhas que constitu\u00edam tudo o que tinha naquele dia para viver. A un\u00e7\u00e3o daquela vi\u00fava para dar a esmola passa despercebida aos olhos de todos, exceto aos de Jesus, que v\u00ea com bondade a sua pequenez. Com ela, o Senhor pode cumprir plenamente a sua miss\u00e3o de anunciar o Evangelho aos pobres\u201d.<\/p>\n<p>\u201cOs cegos s\u00e3o representados por um dos rostos mais simp\u00e1ticos do Evangelho: Bartimeu, o mendigo cego que recuperou a vista e, a partir daquele momento, s\u00f3 teve olhos para seguir Jesus pela estrada. A un\u00e7\u00e3o do olhar!\u201d<\/p>\n<p>\u201cPara designar os oprimidos, Lucas usa um termo que cont\u00e9m a palavra \u00abtrauma\u00bb. Isto \u00e9 suficiente para evocar a par\u00e1bola do Bom Samaritano, que unge com azeite e enfaixa as feridas do homem que fora espancado deixando-o meio morto na beira da estrada. A un\u00e7\u00e3o da carne ferida de Cristo! Naquela un\u00e7\u00e3o, est\u00e1 o rem\u00e9dio para todos os traumas que deixam pessoas, fam\u00edlias e popula\u00e7\u00f5es inteiras fora de jogo, como exclu\u00eddas e sup\u00e9rfluas, \u00e0 margem da hist\u00f3ria.\u201d<\/p>\n<p>\u201cOs prisioneiros s\u00e3o os cativos de guerra, aqueles que eram conduzidos \u00c0 ponta de lan\u00e7a. Hoje, as cidades s\u00e3o feitas prisioneiras n\u00e3o tanto \u00c0 ponta de lan\u00e7a, como sobretudo com os meios mais sutis de coloniza\u00e7\u00e3o ideol\u00f3gica. S\u00f3 a un\u00e7\u00e3o da nossa cultura pr\u00f3pria, forjada pelo trabalho e a arte dos nossos antepassados, \u00e9 que pode libertar as nossas cidades destas novas escravid\u00f5es.\u201d<\/p>\n<p><img loading=\"lazy\" class=\"alignnone size-full wp-image-202614\" src=\"https:\/\/franciscanos.org.br\/noticias\/wp-content\/uploads\/2019\/04\/crisma_180419_3.jpg\" alt=\"\" width=\"890\" height=\"501\" srcset=\"https:\/\/franciscanos.org.br\/noticias\/wp-content\/uploads\/2019\/04\/crisma_180419_3.jpg 890w, https:\/\/franciscanos.org.br\/noticias\/wp-content\/uploads\/2019\/04\/crisma_180419_3-450x253.jpg 450w, https:\/\/franciscanos.org.br\/noticias\/wp-content\/uploads\/2019\/04\/crisma_180419_3-768x432.jpg 768w, https:\/\/franciscanos.org.br\/noticias\/wp-content\/uploads\/2019\/04\/crisma_180419_3-150x84.jpg 150w\" sizes=\"(max-width: 890px) 100vw, 890px\" \/><\/p>\n<p><strong>A un\u00e7\u00e3o do Senhor levanta e vivifica<\/strong><br \/>\nNesta Quinta-feira Santa em que os sacerdotes renovam na missa do Crisma as promessas sacerdotais pronunciadas no dia da ordena\u00e7\u00e3o, o Papa disse: \u201cQueridos irm\u00e3os sacerdotes, n\u00e3o devemos esquecer que os nossos modelos evang\u00e9licos s\u00e3o este \u00abpovo\u00bb, esta multid\u00e3o com estes rostos concretos, que a un\u00e7\u00e3o do Senhor levanta e vivifica. S\u00e3o aqueles que completam e tornam real a un\u00e7\u00e3o do Esp\u00edrito em n\u00f3s, que fomos ungidos para ungir. Fomos tomados dentre eles e podemos, sem medo, identificar-nos com esta gente simples. Cada um de n\u00f3s tem a pr\u00f3pria hist\u00f3ria. Recordar nos far\u00e1 muito bem. Eles s\u00e3o imagem da nossa alma e imagem da Igreja. Cada um encarna o cora\u00e7\u00e3o \u00fanico do nosso povo. N\u00e3o somos distribuidores de azeite em garrafa. Ungimos, distribuindo-nos a n\u00f3s mesmos, distribuindo a nossa voca\u00e7\u00e3o e o nosso cora\u00e7\u00e3o. Enquanto ungimos, somos de novo ungidos pela f\u00e9 e pela afei\u00e7\u00e3o do nosso povo. Ungimos, sujando as nossas m\u00e3os ao tocar as feridas, os pecados, as amarguras do povo; ungimos perfumando as nossas m\u00e3os ao tocar a sua f\u00e9, as suas esperan\u00e7as, a sua fidelidade e a generosidade sem reservas da sua doa\u00e7\u00e3o que muitos ilustrados qualificam como supersti\u00e7\u00e3o&#8221;.<\/p>\n<p>O Santo Padre disse que quando crisma e ordena, gosta de espalhar bem o Crisma na testa e nas m\u00e3os daqueles que s\u00e3o ungidos. \u201cUngindo bem, experimenta-se que ali se renova a nossa pr\u00f3pria un\u00e7\u00e3o. Enquanto ungimos, somos de novo ungidos pela f\u00e9 e pela afei\u00e7\u00e3o do nosso povo. Aquele que aprende a ungir e a aben\u00e7oar fica curado da mesquinhez, do abuso e da crueldade\u201d, concluiu o Papa.<\/p>\n<p><img loading=\"lazy\" class=\"alignnone size-full wp-image-202615\" src=\"https:\/\/franciscanos.org.br\/noticias\/wp-content\/uploads\/2019\/04\/crisma_180419_4.jpg\" alt=\"\" width=\"890\" height=\"501\" srcset=\"https:\/\/franciscanos.org.br\/noticias\/wp-content\/uploads\/2019\/04\/crisma_180419_4.jpg 890w, https:\/\/franciscanos.org.br\/noticias\/wp-content\/uploads\/2019\/04\/crisma_180419_4-450x253.jpg 450w, https:\/\/franciscanos.org.br\/noticias\/wp-content\/uploads\/2019\/04\/crisma_180419_4-768x432.jpg 768w, https:\/\/franciscanos.org.br\/noticias\/wp-content\/uploads\/2019\/04\/crisma_180419_4-150x84.jpg 150w\" sizes=\"(max-width: 890px) 100vw, 890px\" \/><\/p>\n<hr \/>\n<p><strong>ENTENDA A LITURGIA DESTE DIA<\/strong><\/p>\n<p>A Quinta-feira Santa nos insere no \u00e2mago do Mist\u00e9rio pascal de Cristo. Neste Dia santo, pela manh\u00e3, o bispo e os sacerdotes concelebram a \u201cMissa do Crisma\u201d nas Igrejas catedrais. Constitu\u00eddos, na \u00faltima Ceia, \u201cservos do Mist\u00e9rio\u201d: realizam eles a unidade do seu sacerd\u00f3cio no \u00fanico grande Sacerdote, Jesus Cristo.<\/p>\n<p><strong>Unidade dos presb\u00edteros com o bispo<\/strong><br \/>\n<strong>Renova\u00e7\u00e3o das promessas sacerdotais<\/strong><br \/>\nDe fato, renovam-se nela as promessas sacerdotais pronunciadas no dia da ordena\u00e7\u00e3o, sendo assim tamb\u00e9m chamada \u201cMissa da Unidade\u201d. Nesta missa manifestam-se o mist\u00e9rio do sacerd\u00f3cio de Cristo, participado pelos ministros constitu\u00eddos em cada local, que renovam seu compromisso ao servi\u00e7o do povo de Deus.<\/p>\n<p><strong>Crisma, catec\u00famenos e enfermos<\/strong><br \/>\nO bispo, cercado pelos outros sacerdotes, aben\u00e7oa os \u00f3leos, que ser\u00e3o usados nos diversos sacramentos: o crisma (\u00f3leo misturado com perfumes), para significar o dom do Esp\u00edrito no batismo, na crisma, na ordem; o \u00f3leo para os catec\u00famenos e o \u00f3leo para os enfermos, sinal da for\u00e7a que liberta do mal e sustenta na prova\u00e7\u00e3o da doen\u00e7a.<\/p>\n<p><strong>O \u00f3leo e a un\u00e7\u00e3o<\/strong><br \/>\nAtrav\u00e9s de uma realidade terrena j\u00e1 transformada pelo trabalho do homem (o \u00f3leo) e de um gesto simples e familiar (a un\u00e7\u00e3o), exprime-se a riqueza da nova exist\u00eancia em Cristo, que o Esp\u00edrito continua a transmitir \u00e0 Igreja at\u00e9 o fim dos tempos.<\/p>\n<p><strong>Conclus\u00e3o da Quaresma<\/strong><br \/>\nA Quaresma \u2013 per\u00edodo lit\u00fargico de 40 dias \u2013, tempo forte de ora\u00e7\u00e3o, jejum e penit\u00eancia em que nos preparamos para a celebra\u00e7\u00e3o da Paix\u00e3o, Morte e Ressurrei\u00e7\u00e3o de nosso Salvador, conclui-se justamente na Quinta-feira Santa pela manh\u00e3 com a Missa do Crisma \u2013 prel\u00fadio do Tr\u00edduo Pascal.<\/p>\n<hr \/>\n<p><em>Fonte: Vatican News<\/em><\/p>\n","protected":false},"excerpt":{"rendered":"<p>Missa do Crisma na Bas\u00edlica S\u00e3o Pedro<\/p>\n","protected":false},"author":3,"featured_media":202611,"comment_status":"open","ping_status":"open","sticky":false,"template":"","format":"standard","meta":[],"categories":[1428],"tags":[1435,55],"acf":[],"yoast_head":"<!-- This site is optimized with the Yoast SEO plugin v19.2 - https:\/\/yoast.com\/wordpress\/plugins\/seo\/ -->\n<title>Aquele que aprende a ungir e a aben\u00e7oar fica curado da mesquinhez - Not\u00edcias - Franciscanos<\/title>\n<meta name=\"robots\" content=\"index, follow, max-snippet:-1, max-image-preview:large, max-video-preview:-1\" \/>\n<link rel=\"canonical\" href=\"https:\/\/franciscanos.org.br\/noticias\/aquele-que-aprende-a-ungir-e-a-abencoar-fica-curado-da-mesquinhez.html\" \/>\n<meta property=\"og:locale\" content=\"pt_BR\" \/>\n<meta property=\"og:type\" content=\"article\" \/>\n<meta property=\"og:title\" content=\"Aquele que aprende a ungir e a aben\u00e7oar fica curado da mesquinhez - Not\u00edcias - Franciscanos\" \/>\n<meta property=\"og:description\" content=\"Missa do Crisma na Bas\u00edlica S\u00e3o Pedro\" \/>\n<meta property=\"og:url\" content=\"https:\/\/franciscanos.org.br\/noticias\/aquele-que-aprende-a-ungir-e-a-abencoar-fica-curado-da-mesquinhez.html\" \/>\n<meta property=\"og:site_name\" content=\"Not\u00edcias - Franciscanos\" \/>\n<meta property=\"article:published_time\" content=\"2019-04-18T06:54:50+00:00\" \/>\n<meta property=\"article:modified_time\" content=\"2020-06-05T15:47:27+00:00\" \/>\n<meta property=\"og:image\" content=\"https:\/\/franciscanos.org.br\/noticias\/wp-content\/uploads\/2019\/04\/crisma_180419d.jpg\" \/>\n\t<meta property=\"og:image:width\" content=\"273\" \/>\n\t<meta property=\"og:image:height\" content=\"181\" \/>\n\t<meta property=\"og:image:type\" content=\"image\/jpeg\" \/>\n<meta name=\"author\" content=\"moacir\" \/>\n<meta name=\"twitter:card\" content=\"summary_large_image\" \/>\n<meta name=\"twitter:label1\" content=\"Escrito por\" \/>\n\t<meta name=\"twitter:data1\" content=\"moacir\" \/>\n\t<meta name=\"twitter:label2\" content=\"Est. tempo de leitura\" \/>\n\t<meta name=\"twitter:data2\" content=\"8 minutos\" \/>\n<script type=\"application\/ld+json\" class=\"yoast-schema-graph\">{\"@context\":\"https:\/\/schema.org\",\"@graph\":[{\"@type\":\"WebSite\",\"@id\":\"https:\/\/franciscanos.org.br\/noticias\/#website\",\"url\":\"https:\/\/franciscanos.org.br\/noticias\/\",\"name\":\"Not\u00edcias - Franciscanos\",\"description\":\"Prov\u00edncia Franciscana da Imaculada Concei\u00e7\u00e3o do Brasil - Ordem dos Frades Menores - OFM\",\"potentialAction\":[{\"@type\":\"SearchAction\",\"target\":{\"@type\":\"EntryPoint\",\"urlTemplate\":\"https:\/\/franciscanos.org.br\/noticias\/?s={search_term_string}\"},\"query-input\":\"required name=search_term_string\"}],\"inLanguage\":\"pt-BR\"},{\"@type\":\"ImageObject\",\"inLanguage\":\"pt-BR\",\"@id\":\"https:\/\/franciscanos.org.br\/noticias\/aquele-que-aprende-a-ungir-e-a-abencoar-fica-curado-da-mesquinhez.html#primaryimage\",\"url\":\"https:\/\/franciscanos.org.br\/noticias\/wp-content\/uploads\/2019\/04\/crisma_180419d.jpg\",\"contentUrl\":\"https:\/\/franciscanos.org.br\/noticias\/wp-content\/uploads\/2019\/04\/crisma_180419d.jpg\",\"width\":273,\"height\":181},{\"@type\":\"WebPage\",\"@id\":\"https:\/\/franciscanos.org.br\/noticias\/aquele-que-aprende-a-ungir-e-a-abencoar-fica-curado-da-mesquinhez.html#webpage\",\"url\":\"https:\/\/franciscanos.org.br\/noticias\/aquele-que-aprende-a-ungir-e-a-abencoar-fica-curado-da-mesquinhez.html\",\"name\":\"Aquele que aprende a ungir e a aben\u00e7oar fica curado da mesquinhez - Not\u00edcias - Franciscanos\",\"isPartOf\":{\"@id\":\"https:\/\/franciscanos.org.br\/noticias\/#website\"},\"primaryImageOfPage\":{\"@id\":\"https:\/\/franciscanos.org.br\/noticias\/aquele-que-aprende-a-ungir-e-a-abencoar-fica-curado-da-mesquinhez.html#primaryimage\"},\"datePublished\":\"2019-04-18T06:54:50+00:00\",\"dateModified\":\"2020-06-05T15:47:27+00:00\",\"author\":{\"@id\":\"https:\/\/franciscanos.org.br\/noticias\/#\/schema\/person\/b5c8cba458c330ccff548b056e95a5d4\"},\"breadcrumb\":{\"@id\":\"https:\/\/franciscanos.org.br\/noticias\/aquele-que-aprende-a-ungir-e-a-abencoar-fica-curado-da-mesquinhez.html#breadcrumb\"},\"inLanguage\":\"pt-BR\",\"potentialAction\":[{\"@type\":\"ReadAction\",\"target\":[\"https:\/\/franciscanos.org.br\/noticias\/aquele-que-aprende-a-ungir-e-a-abencoar-fica-curado-da-mesquinhez.html\"]}]},{\"@type\":\"BreadcrumbList\",\"@id\":\"https:\/\/franciscanos.org.br\/noticias\/aquele-que-aprende-a-ungir-e-a-abencoar-fica-curado-da-mesquinhez.html#breadcrumb\",\"itemListElement\":[{\"@type\":\"ListItem\",\"position\":1,\"name\":\"Home\",\"item\":\"https:\/\/franciscanos.org.br\/noticias\"},{\"@type\":\"ListItem\",\"position\":2,\"name\":\"Aquele que aprende a ungir e a aben\u00e7oar fica curado da mesquinhez\"}]},{\"@type\":\"Person\",\"@id\":\"https:\/\/franciscanos.org.br\/noticias\/#\/schema\/person\/b5c8cba458c330ccff548b056e95a5d4\",\"name\":\"moacir\",\"image\":{\"@type\":\"ImageObject\",\"inLanguage\":\"pt-BR\",\"@id\":\"https:\/\/franciscanos.org.br\/noticias\/#\/schema\/person\/image\/\",\"url\":\"https:\/\/secure.gravatar.com\/avatar\/d08aa2ce4c8dd416d4479aa8536fcf64?s=96&d=mm&r=g\",\"contentUrl\":\"https:\/\/secure.gravatar.com\/avatar\/d08aa2ce4c8dd416d4479aa8536fcf64?s=96&d=mm&r=g\",\"caption\":\"moacir\"},\"url\":\"https:\/\/franciscanos.org.br\/noticias\/author\/moacir\"}]}<\/script>\n<!-- \/ Yoast SEO plugin. -->","yoast_head_json":{"title":"Aquele que aprende a ungir e a aben\u00e7oar fica curado da mesquinhez - Not\u00edcias - Franciscanos","robots":{"index":"index","follow":"follow","max-snippet":"max-snippet:-1","max-image-preview":"max-image-preview:large","max-video-preview":"max-video-preview:-1"},"canonical":"https:\/\/franciscanos.org.br\/noticias\/aquele-que-aprende-a-ungir-e-a-abencoar-fica-curado-da-mesquinhez.html","og_locale":"pt_BR","og_type":"article","og_title":"Aquele que aprende a ungir e a aben\u00e7oar fica curado da mesquinhez - Not\u00edcias - Franciscanos","og_description":"Missa do Crisma na Bas\u00edlica S\u00e3o Pedro","og_url":"https:\/\/franciscanos.org.br\/noticias\/aquele-que-aprende-a-ungir-e-a-abencoar-fica-curado-da-mesquinhez.html","og_site_name":"Not\u00edcias - Franciscanos","article_published_time":"2019-04-18T06:54:50+00:00","article_modified_time":"2020-06-05T15:47:27+00:00","og_image":[{"width":273,"height":181,"url":"https:\/\/franciscanos.org.br\/noticias\/wp-content\/uploads\/2019\/04\/crisma_180419d.jpg","type":"image\/jpeg"}],"author":"moacir","twitter_card":"summary_large_image","twitter_misc":{"Escrito por":"moacir","Est. tempo de leitura":"8 minutos"},"schema":{"@context":"https:\/\/schema.org","@graph":[{"@type":"WebSite","@id":"https:\/\/franciscanos.org.br\/noticias\/#website","url":"https:\/\/franciscanos.org.br\/noticias\/","name":"Not\u00edcias - Franciscanos","description":"Prov\u00edncia Franciscana da Imaculada Concei\u00e7\u00e3o do Brasil - Ordem dos Frades Menores - OFM","potentialAction":[{"@type":"SearchAction","target":{"@type":"EntryPoint","urlTemplate":"https:\/\/franciscanos.org.br\/noticias\/?s={search_term_string}"},"query-input":"required name=search_term_string"}],"inLanguage":"pt-BR"},{"@type":"ImageObject","inLanguage":"pt-BR","@id":"https:\/\/franciscanos.org.br\/noticias\/aquele-que-aprende-a-ungir-e-a-abencoar-fica-curado-da-mesquinhez.html#primaryimage","url":"https:\/\/franciscanos.org.br\/noticias\/wp-content\/uploads\/2019\/04\/crisma_180419d.jpg","contentUrl":"https:\/\/franciscanos.org.br\/noticias\/wp-content\/uploads\/2019\/04\/crisma_180419d.jpg","width":273,"height":181},{"@type":"WebPage","@id":"https:\/\/franciscanos.org.br\/noticias\/aquele-que-aprende-a-ungir-e-a-abencoar-fica-curado-da-mesquinhez.html#webpage","url":"https:\/\/franciscanos.org.br\/noticias\/aquele-que-aprende-a-ungir-e-a-abencoar-fica-curado-da-mesquinhez.html","name":"Aquele que aprende a ungir e a aben\u00e7oar fica curado da mesquinhez - Not\u00edcias - Franciscanos","isPartOf":{"@id":"https:\/\/franciscanos.org.br\/noticias\/#website"},"primaryImageOfPage":{"@id":"https:\/\/franciscanos.org.br\/noticias\/aquele-que-aprende-a-ungir-e-a-abencoar-fica-curado-da-mesquinhez.html#primaryimage"},"datePublished":"2019-04-18T06:54:50+00:00","dateModified":"2020-06-05T15:47:27+00:00","author":{"@id":"https:\/\/franciscanos.org.br\/noticias\/#\/schema\/person\/b5c8cba458c330ccff548b056e95a5d4"},"breadcrumb":{"@id":"https:\/\/franciscanos.org.br\/noticias\/aquele-que-aprende-a-ungir-e-a-abencoar-fica-curado-da-mesquinhez.html#breadcrumb"},"inLanguage":"pt-BR","potentialAction":[{"@type":"ReadAction","target":["https:\/\/franciscanos.org.br\/noticias\/aquele-que-aprende-a-ungir-e-a-abencoar-fica-curado-da-mesquinhez.html"]}]},{"@type":"BreadcrumbList","@id":"https:\/\/franciscanos.org.br\/noticias\/aquele-que-aprende-a-ungir-e-a-abencoar-fica-curado-da-mesquinhez.html#breadcrumb","itemListElement":[{"@type":"ListItem","position":1,"name":"Home","item":"https:\/\/franciscanos.org.br\/noticias"},{"@type":"ListItem","position":2,"name":"Aquele que aprende a ungir e a aben\u00e7oar fica curado da mesquinhez"}]},{"@type":"Person","@id":"https:\/\/franciscanos.org.br\/noticias\/#\/schema\/person\/b5c8cba458c330ccff548b056e95a5d4","name":"moacir","image":{"@type":"ImageObject","inLanguage":"pt-BR","@id":"https:\/\/franciscanos.org.br\/noticias\/#\/schema\/person\/image\/","url":"https:\/\/secure.gravatar.com\/avatar\/d08aa2ce4c8dd416d4479aa8536fcf64?s=96&d=mm&r=g","contentUrl":"https:\/\/secure.gravatar.com\/avatar\/d08aa2ce4c8dd416d4479aa8536fcf64?s=96&d=mm&r=g","caption":"moacir"},"url":"https:\/\/franciscanos.org.br\/noticias\/author\/moacir"}]}},"_links":{"self":[{"href":"https:\/\/franciscanos.org.br\/noticias\/wp-json\/wp\/v2\/posts\/202609"}],"collection":[{"href":"https:\/\/franciscanos.org.br\/noticias\/wp-json\/wp\/v2\/posts"}],"about":[{"href":"https:\/\/franciscanos.org.br\/noticias\/wp-json\/wp\/v2\/types\/post"}],"author":[{"embeddable":true,"href":"https:\/\/franciscanos.org.br\/noticias\/wp-json\/wp\/v2\/users\/3"}],"replies":[{"embeddable":true,"href":"https:\/\/franciscanos.org.br\/noticias\/wp-json\/wp\/v2\/comments?post=202609"}],"version-history":[{"count":1,"href":"https:\/\/franciscanos.org.br\/noticias\/wp-json\/wp\/v2\/posts\/202609\/revisions"}],"predecessor-version":[{"id":224225,"href":"https:\/\/franciscanos.org.br\/noticias\/wp-json\/wp\/v2\/posts\/202609\/revisions\/224225"}],"wp:featuredmedia":[{"embeddable":true,"href":"https:\/\/franciscanos.org.br\/noticias\/wp-json\/wp\/v2\/media\/202611"}],"wp:attachment":[{"href":"https:\/\/franciscanos.org.br\/noticias\/wp-json\/wp\/v2\/media?parent=202609"}],"wp:term":[{"taxonomy":"category","embeddable":true,"href":"https:\/\/franciscanos.org.br\/noticias\/wp-json\/wp\/v2\/categories?post=202609"},{"taxonomy":"post_tag","embeddable":true,"href":"https:\/\/franciscanos.org.br\/noticias\/wp-json\/wp\/v2\/tags?post=202609"}],"curies":[{"name":"wp","href":"https:\/\/api.w.org\/{rel}","templated":true}]}}