{"id":202526,"date":"2019-05-02T07:01:18","date_gmt":"2019-05-02T10:01:18","guid":{"rendered":"https:\/\/franciscanos.org.br\/noticias\/?p=202526"},"modified":"2019-05-02T09:15:11","modified_gmt":"2019-05-02T12:15:11","slug":"frei-pedro-da-silva-cultivei-a-musica-como-um-servico","status":"publish","type":"post","link":"https:\/\/franciscanos.org.br\/noticias\/frei-pedro-da-silva-cultivei-a-musica-como-um-servico.html","title":{"rendered":"Frei Pedro da Silva: \u201cCultivei a m\u00fasica como um servi\u00e7o\u201d"},"content":{"rendered":"<p><img loading=\"lazy\" src=\"https:\/\/franciscanos.org.br\/noticias\/wp-content\/uploads\/2019\/04\/pedro-1.jpg\" alt=\"\" width=\"890\" height=\"500\" \/><\/p>\n<p><strong>Moacir Beggo<\/strong><\/p>\n<p><em>Em 42 anos de vida franciscana e 35 de sacerd\u00f3cio, Frei Pedro da Silva se dedicou ininterruptamente dezoito anos \u00e0 Forma\u00e7\u00e3o e Estudos na Prov\u00edncia, passando pelas casas de Ituporanga, Luzerna e Rondinha, e agora est\u00e1 no quarto ano no Noviciado franciscano de Rodeio. Os demais anos, como ele diz nesta entrevista, foram dedicados \u00e0 pastoral paroquial, dos quais, tr\u00eas anos na coordena\u00e7\u00e3o Servi\u00e7o da Anima\u00e7\u00e3o Vocacional provincial.<\/em><\/p>\n<p><em>Mas com justo reconhecimento por seu grande trabalho na forma\u00e7\u00e3o, creio que \u00e9 dif\u00edcil dissociar Frei Pedro da m\u00fasica. Desde o Noviciado,\u00a0 l\u00e1 estava ele no coro dando os acordes das Laudes, V\u00e9speras, of\u00edcio das Leituras, solenidades etc.\u00a0 <\/em><em>Essa paix\u00e3o pela m\u00fasica, no entanto, vem desde o ber\u00e7o e, entre os irm\u00e3os, era um costume cantar, em duplas, m\u00fasicas sertanejas, especialmente as modinhas de Tonico e Tinoco. Durante os anos de forma\u00e7\u00e3o, Frei Pedro investiu no conhecimento musical. <\/em><\/p>\n<p><em>\u00c9 tamb\u00e9m essa \u201cvida pela m\u00fasica\u201d que fica vis\u00edvel na sua personalidade: t\u00edmido, sens\u00edvel, perfeccionista, como ele pr\u00f3prio revela. Eu acrescento: religioso, estudioso, forte na supera\u00e7\u00e3o dos desafios, como quando perdeu cinco familiares na trag\u00e9dia do Morro do Ba\u00fa.<\/em><\/p>\n<p><em>Acompanhe a entrevista!<\/em><\/p>\n<p><strong>Site Franciscanos<\/strong> &#8211; <em>De onde vem o Pedro da Silva? Como \u00e9 sua fam\u00edlia?<\/em><\/p>\n<p><strong>Frei Pedro<\/strong> &#8211; Sou natural de Ilhota\/SC, munic\u00edpio situado \u00e0s margens do Rio Itaja\u00ed-A\u00e7u, no Vale do Itaja\u00ed, da pequenina localidade de Alto Ba\u00fa. Lugar pitoresco, do interior, montanhoso e de belas paisagens naturais, situado pr\u00f3ximo ao Morro do Ba\u00fa. \u00c9ramos uma fam\u00edlia numerosa, cuja atividade principal era a agricultura. Sou o quarto filho, juntamente com Jos\u00e9, meu irm\u00e3o g\u00eameo, de uma fam\u00edlia de catorze irm\u00e3os, dos quais tr\u00eas j\u00e1 s\u00e3o falecidos. Antes de completar quatro anos de idade perdi a minha m\u00e3e, Rosa, da qual tenho vagas lembran\u00e7as. Meu pai, Manoel, contraiu um segundo casamento. Com dezesseis anos de idade, uma nova perda, com o falecimento repentino de minha madrasta Ana, que nos criou e educou, e pela qual tenho a mais grata recorda\u00e7\u00e3o. O pai casou pela terceira vez. Eu tinha vinte e um anos, quando ele tamb\u00e9m partiu, depois de uma longa enfermidade. Tive a gra\u00e7a de estar ao seu lado nos momentos finais de sua vida.<\/p>\n<p><strong>Site Franciscanos<\/strong> <em>&#8211; Como foi viver com as lembran\u00e7as da trag\u00e9dia do Morro do Ba\u00fa?<\/em><\/p>\n<p><strong>Frei Pedro<\/strong> &#8211; Na noite do dia 23 de novembro de 2008, a pequena localidade de Alto Ba\u00fa e outras localidades vizinhas foram surpreendidas por dezenas de desmoronamentos de terra, em virtudes das intensas chuvas que h\u00e1 dias ca\u00edam sobre toda a regi\u00e3o do Vale do Itaja\u00ed. Foi um acontecimento doloroso para a fam\u00edlia e para toda a localidade, marcado, sobretudo, pelas 34 v\u00edtimas fatais, das quais, cinco familiares meus, \u00e9 claro, al\u00e9m de tantas outras perdas materiais. Situa\u00e7\u00f5es como essas n\u00e3o h\u00e1 muitas palavras a dizer&#8230; Foram, sem d\u00favida, experi\u00eancias onde a f\u00e9 foi provada!<\/p>\n<p><strong>Site Franciscanos<\/strong> <em>&#8211; Quando se deu o seu discernimento vocacional \u00e0 vida religiosa?<\/em><\/p>\n<p><strong>Frei Pedro<\/strong> &#8211; Cremos que Deus nos chama por meio das pessoas, pelos acontecimentos da vida e na escuta da sua Palavra. Nasci e cresci num ambiente familiar muito religioso. Rez\u00e1vamos o ter\u00e7o em fam\u00edlia todas as noites, antes de descansarmos. Particip\u00e1vamos todos os domingos do culto ou da missa na comunidade. Tenho certeza de que o esp\u00edrito muito religioso dos meus pais e o seu amor \u00e0 Igreja foi determinante na minha op\u00e7\u00e3o vocacional. Ainda muito pequeno, com os demais irm\u00e3os, t\u00ednhamos os momentos da semana de ouvir as narra\u00e7\u00f5es da Hist\u00f3ria Sagrada, feita pela m\u00e3e. Ela perguntava, frequentemente, se algu\u00e9m dos filhos n\u00e3o queria ser padre, pois ela tamb\u00e9m tinha um irm\u00e3o sacerdote e uma irm\u00e3 religiosa. Como crian\u00e7a, brincava de construir \u2018igrejinhas\u2019 de papel\u00e3o e \u2018rezar missas\u2019 com os irm\u00e3os e amigos.<\/p>\n<p><img loading=\"lazy\" src=\"https:\/\/franciscanos.org.br\/noticias\/wp-content\/uploads\/2019\/04\/pedro-2.jpg\" alt=\"\" width=\"890\" height=\"461\" \/><\/p>\n<p><strong>Site Franciscanos<\/strong> <em>&#8211; Qual foi a motiva\u00e7\u00e3o que o levou para a Ordem dos Frades Menores?<\/em><\/p>\n<p><strong>Fei Pedro<\/strong> \u2013 Desde crian\u00e7a ouvia falar de Frei Godofredo, da Par\u00f3quia S\u00e3o Pedro Ap\u00f3stolo de Gaspar. Seu nome despertava venera\u00e7\u00e3o e admira\u00e7\u00e3o&#8230; De vez enquanto, substituindo o padre da par\u00f3quia de Ilhota, Frei Godofredo vinha celebrar a missa em nossa localidade, onde normalmente permanecia por dois dias, como era o costume naquela \u00e9poca, quando as visitas do padre aconteciam a cada dois ou at\u00e9 mais meses. Sua maneira de falar, sua bondade com as pessoas, sua piedade, e especialmente, o h\u00e1bito franciscano, com o cord\u00e3o e seus tr\u00eas n\u00f3s, contrapondo \u00e0 rigidez, \u00e0 severidade e \u00e0 batina preta do p\u00e1roco local, impressionava a mim, e a todas as pessoas do local. A decis\u00e3o vocacional veio com as Miss\u00f5es populares realizadas pelos frades franciscanos na par\u00f3quia de Ilhota, no ano de 1965. O tipo vibrante e eloquente do ent\u00e3o Frei Balduino Meurer, que pregou as Santas Miss\u00f5es em nossa comunidade, me impressionou muito. Meus pais apresentaram a ele o meu desejo de ser padre. Ele, prontamente nos orientou a procurar Frei Godofredo, em Gaspar. Foi o que fizemos logo que terminaram as miss\u00f5es na comunidade. Assim, em fevereiro de 1966, ingressei no semin\u00e1rio de Ituporanga.<\/p>\n<p><strong>Site Franciscanos<\/strong> <em>&#8211; Como voc\u00ea define o Frei Pedro da Silva?<\/em><\/p>\n<p><strong>Frei Pedro<\/strong> \u2013 Se \u00e9 dif\u00edcil e comprometedor definir uma pessoa, penso que ainda mais comprometedor \u00e9 definirmos e qualificarmos a n\u00f3s mesmos, pois sempre tocamos no mist\u00e9rio que \u00e9 cada pessoa. Considero-me uma pessoa simples, sincera, muito sens\u00edvel, bastante t\u00edmida, respons\u00e1vel, preocupada, perspicaz, perfeccionista&#8230; Penso que somos, em muito, o que foi a nossa hist\u00f3ria de vida&#8230; Ela deixa marcas profundas no ser e na maneira de viver e olhar a vida. A experi\u00eancia de morte e perda de algu\u00e9m que amamos \u00e9 sempre dolorida e deixa um vazio profundo no cora\u00e7\u00e3o. Mas assumida na f\u00e9 e integrada na vida, nos humaniza, nos torna mais sens\u00edveis aos sofrimentos dos outros.<\/p>\n<p><strong>Site Franciscanos<\/strong> <em>&#8211; Nesse tempo como frade menor da Prov\u00edncia, voc\u00ea atuou em quantas frentes de evangeliza\u00e7\u00e3o?<\/em><\/p>\n<p><strong>Frei Pedro<\/strong> \u2013 Completei quarenta e dois anos de vida franciscana e trinta e cinco de sacerd\u00f3cio. Os primeiros tempos foram mais de dezoito anos ininterruptos na Forma\u00e7\u00e3o, em Ituporanga, Luzerna e Rondinha, e agora, j\u00e1 no quarto ano no Noviciado franciscano aqui em Rodeio. Os demais anos foram dedicados \u00e0 pastoral paroquial, dos quais, tr\u00eas anos na coordena\u00e7\u00e3o do Servi\u00e7o da Anima\u00e7\u00e3o Vocacional provincial.<\/p>\n<p><strong>Site Franciscanos<\/strong> <em>&#8211; Quando nasceu a paix\u00e3o pela m\u00fasica?<\/em><\/p>\n<p><strong>Frei Pedro<\/strong> \u2013 A admira\u00e7\u00e3o e o apre\u00e7o pela m\u00fasica me acompanharam a vida toda. Em casa, na fam\u00edlia, quando \u00edamos para a ro\u00e7a, era costume entre os irm\u00e3os, irmos cantando, em duplas, m\u00fasicas sertanejas, especialmente as modinhas de Tonico e Tinoco. A m\u00fasica sertaneja e a de bandinhas alem\u00e3s eram os estilos que ouv\u00edamos no r\u00e1dio: de madrugada, ao acordar, \u00e0 noite, durante a janta e nos domingos de tarde. Isso tudo paz parte das minhas ra\u00edzes!<\/p>\n<p><strong>Site Franciscanos<\/strong> <em>&#8211; Qual a sua prefer\u00eancia musical? Que estilo mais gosta?<\/em><\/p>\n<p><strong>Frei Pedro<\/strong> \u2013 Embora nunca abandonando o gosto pela m\u00fasica que trouxe das minhas ra\u00edzes, foi, no entanto, no semin\u00e1rio e na caminhada formativa que descobri e me despertei para outros gostos e g\u00eaneros musicais. Hoje, tenho um apre\u00e7o todo especial pela m\u00fasica erudita, nas suas mais variadas classifica\u00e7\u00f5es e compositores. Sempre cultivei a m\u00fasica como um servi\u00e7o e forma de colocar \u00e0s disposi\u00e7\u00e3o os dons que recebi de Deus. \u00c9 essa a dimens\u00e3o que procuro incutir aos outros na forma\u00e7\u00e3o musical em nossas casas de forma\u00e7\u00e3o.<\/p>\n<p><strong>Site Franciscanos<\/strong> <em>&#8211; Como voc\u00ea v\u00ea a Igreja no Pontificado do Papa Francisco?<\/em><\/p>\n<p><strong>Frei Pedro<\/strong> \u2013 O Papa Francisco \u00e9, sem sombra de d\u00favidas, um referencial para Igreja no seu ser e no seu agir pastoral e evangelizador hoje, delineado por Jesus no evangelho, e t\u00e3o bem expresso e sintetizado pelo pr\u00f3prio Papa Francisco, quando afirma: \u201cO princ\u00edpio da vida crist\u00e3, inspirado em Jesus \u00e9 o de \u2018abaixar-se\u2019 para \u2018servir&#8230; Esta \u00e9 a Igreja que eu amo: uma m\u00e3e que tem no cora\u00e7\u00e3o o bem dos pr\u00f3prios filhos e que \u00e9 capaz de dar a vida por eles!\u201d.<\/p>\n<p><strong>Site Franciscanos<\/strong> <em>&#8211; S\u00e3o Francisco de Assis tem lugar neste mundo secularizado, carente de valores e desumanizado?<\/em><\/p>\n<p><strong>Frei Pedro<\/strong> &#8211; S\u00e3o Francisco de Assis, fundador da Ordem Franciscana, viveu grandes valores no seu tempo e que continuam sempre atuais para todos, como: a fraternidade, a pobreza, a paz, a humildade, o amor \u00e0 natureza, o servi\u00e7o generoso e gratuito, a alegria, a solidariedade. Viver esses valores no mundo de hoje, t\u00e3o competitivo e materializado, s\u00e3o grandes desafios, pois exigem desapego, disponibilidade e generosidade em servir.<\/p>\n<p><strong>Site Franciscanos<\/strong> <em>&#8211; Voc\u00ea trabalhou muito na forma\u00e7\u00e3o e anima\u00e7\u00e3o vocacional. Como o jovem pode ser despertado para a vida religiosa franciscana?<\/em><\/p>\n<p><strong>Frei Pedro<\/strong> \u2013 Pela nossa proximidade com o jovem, onde ele vai percebendo a nossa coer\u00eancia entre e o ser e viver. O determinante \u00e9 sempre nosso testemunho de vida: simples, humilde, s\u00f3bria e alegre; e que comporta desafios a serem superados e vencidos. Cito o que afirmava o Papa Bento XIV: \u201cA Igreja n\u00e3o cresce por proselitismo, mas por atra\u00e7\u00e3o!\u201d E numa outra ocasi\u00e3o aos jovens: \u201cO jovem n\u00e3o tem medo do desafio, tem medo de uma vida sem sentido\u201d!<\/p>\n<p><strong>Site Franciscanos<\/strong> <em>&#8211; O que voc\u00ea diria para um jovem que quer ingressar na Ordem Franciscana?<\/em><\/p>\n<p><strong>Frei Pedro<\/strong> \u2013 Diria a ele: &#8211; Voc\u00ea, jovem, que nos procura, tem grandes ideais na vida, e alimenta sonhos de transforma\u00e7\u00e3o de uma sociedade melhor, mais fraterna e humana; voc\u00ea n\u00e3o pode guardar os dons e ganhos recebidos de Deus. E n\u00e3o h\u00e1 melhor investimento do que coloc\u00e1-los a servi\u00e7o dos seus semelhantes. Jesus Cristo nos deixou o caminho: \u201cQuem quiser ser o maior, seja o menor e servidor de todos!\u201d Esse foi tamb\u00e9m o caminho vivido por S\u00e3o Francisco e indicado por ele aos seus seguidores. A descoberta de um Amor Absoluto na vida, \u00e9 sempre o encontro de uma p\u00e9rola preciosa, pela qual vale a pena vender tudo o que se tem, para possu\u00ed-la, segundo diz Jesus. O jovem Francisco, ao encontrar esse precioso tesouro, a partir da escuta do texto do evangelho do envio mission\u00e1rio dos ap\u00f3stolos, exclamava: \u201c\u00c9 isso que eu quero, \u00e9 isso que eu procuro, \u00e9 isso que eu desejo de todo o cora\u00e7\u00e3o\u201d!<\/p>\n","protected":false},"excerpt":{"rendered":"<p>S\u00c9RIE NOSSOS FRADES<\/p>\n","protected":false},"author":7,"featured_media":202527,"comment_status":"open","ping_status":"open","sticky":false,"template":"","format":"standard","meta":[],"categories":[758],"tags":[17],"acf":[],"yoast_head":"<!-- This site is optimized with the Yoast SEO plugin v19.2 - https:\/\/yoast.com\/wordpress\/plugins\/seo\/ -->\n<title>Frei Pedro da Silva: \u201cCultivei a m\u00fasica como um servi\u00e7o\u201d - Not\u00edcias - Franciscanos<\/title>\n<meta name=\"robots\" content=\"index, follow, max-snippet:-1, max-image-preview:large, max-video-preview:-1\" \/>\n<link rel=\"canonical\" href=\"https:\/\/franciscanos.org.br\/noticias\/frei-pedro-da-silva-cultivei-a-musica-como-um-servico.html\" \/>\n<meta property=\"og:locale\" content=\"pt_BR\" \/>\n<meta property=\"og:type\" content=\"article\" \/>\n<meta property=\"og:title\" content=\"Frei Pedro da Silva: \u201cCultivei a m\u00fasica como um servi\u00e7o\u201d - Not\u00edcias - Franciscanos\" \/>\n<meta property=\"og:description\" content=\"S\u00c9RIE NOSSOS FRADES\" \/>\n<meta property=\"og:url\" content=\"https:\/\/franciscanos.org.br\/noticias\/frei-pedro-da-silva-cultivei-a-musica-como-um-servico.html\" \/>\n<meta property=\"og:site_name\" content=\"Not\u00edcias - Franciscanos\" \/>\n<meta property=\"article:published_time\" content=\"2019-05-02T10:01:18+00:00\" \/>\n<meta property=\"article:modified_time\" content=\"2019-05-02T12:15:11+00:00\" \/>\n<meta property=\"og:image\" content=\"https:\/\/franciscanos.org.br\/noticias\/wp-content\/uploads\/2019\/04\/padro-273.jpg\" \/>\n\t<meta property=\"og:image:width\" content=\"273\" \/>\n\t<meta property=\"og:image:height\" content=\"181\" \/>\n\t<meta property=\"og:image:type\" content=\"image\/jpeg\" \/>\n<meta name=\"author\" content=\"jovenal\" \/>\n<meta name=\"twitter:card\" content=\"summary_large_image\" \/>\n<meta name=\"twitter:label1\" content=\"Escrito por\" \/>\n\t<meta name=\"twitter:data1\" content=\"jovenal\" \/>\n\t<meta name=\"twitter:label2\" content=\"Est. tempo de leitura\" \/>\n\t<meta name=\"twitter:data2\" content=\"9 minutos\" \/>\n<script type=\"application\/ld+json\" class=\"yoast-schema-graph\">{\"@context\":\"https:\/\/schema.org\",\"@graph\":[{\"@type\":\"WebSite\",\"@id\":\"https:\/\/franciscanos.org.br\/noticias\/#website\",\"url\":\"https:\/\/franciscanos.org.br\/noticias\/\",\"name\":\"Not\u00edcias - Franciscanos\",\"description\":\"Prov\u00edncia Franciscana da Imaculada Concei\u00e7\u00e3o do Brasil - Ordem dos Frades Menores - OFM\",\"potentialAction\":[{\"@type\":\"SearchAction\",\"target\":{\"@type\":\"EntryPoint\",\"urlTemplate\":\"https:\/\/franciscanos.org.br\/noticias\/?s={search_term_string}\"},\"query-input\":\"required name=search_term_string\"}],\"inLanguage\":\"pt-BR\"},{\"@type\":\"ImageObject\",\"inLanguage\":\"pt-BR\",\"@id\":\"https:\/\/franciscanos.org.br\/noticias\/frei-pedro-da-silva-cultivei-a-musica-como-um-servico.html#primaryimage\",\"url\":\"https:\/\/franciscanos.org.br\/noticias\/wp-content\/uploads\/2019\/04\/padro-273.jpg\",\"contentUrl\":\"https:\/\/franciscanos.org.br\/noticias\/wp-content\/uploads\/2019\/04\/padro-273.jpg\",\"width\":273,\"height\":181},{\"@type\":\"WebPage\",\"@id\":\"https:\/\/franciscanos.org.br\/noticias\/frei-pedro-da-silva-cultivei-a-musica-como-um-servico.html#webpage\",\"url\":\"https:\/\/franciscanos.org.br\/noticias\/frei-pedro-da-silva-cultivei-a-musica-como-um-servico.html\",\"name\":\"Frei Pedro da Silva: \u201cCultivei a m\u00fasica como um servi\u00e7o\u201d - Not\u00edcias - Franciscanos\",\"isPartOf\":{\"@id\":\"https:\/\/franciscanos.org.br\/noticias\/#website\"},\"primaryImageOfPage\":{\"@id\":\"https:\/\/franciscanos.org.br\/noticias\/frei-pedro-da-silva-cultivei-a-musica-como-um-servico.html#primaryimage\"},\"datePublished\":\"2019-05-02T10:01:18+00:00\",\"dateModified\":\"2019-05-02T12:15:11+00:00\",\"author\":{\"@id\":\"https:\/\/franciscanos.org.br\/noticias\/#\/schema\/person\/c3a26b08313dd1772495ce300ab257cc\"},\"breadcrumb\":{\"@id\":\"https:\/\/franciscanos.org.br\/noticias\/frei-pedro-da-silva-cultivei-a-musica-como-um-servico.html#breadcrumb\"},\"inLanguage\":\"pt-BR\",\"potentialAction\":[{\"@type\":\"ReadAction\",\"target\":[\"https:\/\/franciscanos.org.br\/noticias\/frei-pedro-da-silva-cultivei-a-musica-como-um-servico.html\"]}]},{\"@type\":\"BreadcrumbList\",\"@id\":\"https:\/\/franciscanos.org.br\/noticias\/frei-pedro-da-silva-cultivei-a-musica-como-um-servico.html#breadcrumb\",\"itemListElement\":[{\"@type\":\"ListItem\",\"position\":1,\"name\":\"Home\",\"item\":\"https:\/\/franciscanos.org.br\/noticias\"},{\"@type\":\"ListItem\",\"position\":2,\"name\":\"Frei Pedro da Silva: \u201cCultivei a m\u00fasica como um servi\u00e7o\u201d\"}]},{\"@type\":\"Person\",\"@id\":\"https:\/\/franciscanos.org.br\/noticias\/#\/schema\/person\/c3a26b08313dd1772495ce300ab257cc\",\"name\":\"jovenal\",\"image\":{\"@type\":\"ImageObject\",\"inLanguage\":\"pt-BR\",\"@id\":\"https:\/\/franciscanos.org.br\/noticias\/#\/schema\/person\/image\/\",\"url\":\"https:\/\/secure.gravatar.com\/avatar\/e94509f531086e2eaf97e72f29ea00f9?s=96&d=mm&r=g\",\"contentUrl\":\"https:\/\/secure.gravatar.com\/avatar\/e94509f531086e2eaf97e72f29ea00f9?s=96&d=mm&r=g\",\"caption\":\"jovenal\"},\"url\":\"https:\/\/franciscanos.org.br\/noticias\/author\/jovenal\"}]}<\/script>\n<!-- \/ Yoast SEO plugin. -->","yoast_head_json":{"title":"Frei Pedro da Silva: \u201cCultivei a m\u00fasica como um servi\u00e7o\u201d - Not\u00edcias - Franciscanos","robots":{"index":"index","follow":"follow","max-snippet":"max-snippet:-1","max-image-preview":"max-image-preview:large","max-video-preview":"max-video-preview:-1"},"canonical":"https:\/\/franciscanos.org.br\/noticias\/frei-pedro-da-silva-cultivei-a-musica-como-um-servico.html","og_locale":"pt_BR","og_type":"article","og_title":"Frei Pedro da Silva: \u201cCultivei a m\u00fasica como um servi\u00e7o\u201d - Not\u00edcias - Franciscanos","og_description":"S\u00c9RIE NOSSOS FRADES","og_url":"https:\/\/franciscanos.org.br\/noticias\/frei-pedro-da-silva-cultivei-a-musica-como-um-servico.html","og_site_name":"Not\u00edcias - Franciscanos","article_published_time":"2019-05-02T10:01:18+00:00","article_modified_time":"2019-05-02T12:15:11+00:00","og_image":[{"width":273,"height":181,"url":"https:\/\/franciscanos.org.br\/noticias\/wp-content\/uploads\/2019\/04\/padro-273.jpg","type":"image\/jpeg"}],"author":"jovenal","twitter_card":"summary_large_image","twitter_misc":{"Escrito por":"jovenal","Est. tempo de leitura":"9 minutos"},"schema":{"@context":"https:\/\/schema.org","@graph":[{"@type":"WebSite","@id":"https:\/\/franciscanos.org.br\/noticias\/#website","url":"https:\/\/franciscanos.org.br\/noticias\/","name":"Not\u00edcias - Franciscanos","description":"Prov\u00edncia Franciscana da Imaculada Concei\u00e7\u00e3o do Brasil - Ordem dos Frades Menores - OFM","potentialAction":[{"@type":"SearchAction","target":{"@type":"EntryPoint","urlTemplate":"https:\/\/franciscanos.org.br\/noticias\/?s={search_term_string}"},"query-input":"required name=search_term_string"}],"inLanguage":"pt-BR"},{"@type":"ImageObject","inLanguage":"pt-BR","@id":"https:\/\/franciscanos.org.br\/noticias\/frei-pedro-da-silva-cultivei-a-musica-como-um-servico.html#primaryimage","url":"https:\/\/franciscanos.org.br\/noticias\/wp-content\/uploads\/2019\/04\/padro-273.jpg","contentUrl":"https:\/\/franciscanos.org.br\/noticias\/wp-content\/uploads\/2019\/04\/padro-273.jpg","width":273,"height":181},{"@type":"WebPage","@id":"https:\/\/franciscanos.org.br\/noticias\/frei-pedro-da-silva-cultivei-a-musica-como-um-servico.html#webpage","url":"https:\/\/franciscanos.org.br\/noticias\/frei-pedro-da-silva-cultivei-a-musica-como-um-servico.html","name":"Frei Pedro da Silva: \u201cCultivei a m\u00fasica como um servi\u00e7o\u201d - Not\u00edcias - Franciscanos","isPartOf":{"@id":"https:\/\/franciscanos.org.br\/noticias\/#website"},"primaryImageOfPage":{"@id":"https:\/\/franciscanos.org.br\/noticias\/frei-pedro-da-silva-cultivei-a-musica-como-um-servico.html#primaryimage"},"datePublished":"2019-05-02T10:01:18+00:00","dateModified":"2019-05-02T12:15:11+00:00","author":{"@id":"https:\/\/franciscanos.org.br\/noticias\/#\/schema\/person\/c3a26b08313dd1772495ce300ab257cc"},"breadcrumb":{"@id":"https:\/\/franciscanos.org.br\/noticias\/frei-pedro-da-silva-cultivei-a-musica-como-um-servico.html#breadcrumb"},"inLanguage":"pt-BR","potentialAction":[{"@type":"ReadAction","target":["https:\/\/franciscanos.org.br\/noticias\/frei-pedro-da-silva-cultivei-a-musica-como-um-servico.html"]}]},{"@type":"BreadcrumbList","@id":"https:\/\/franciscanos.org.br\/noticias\/frei-pedro-da-silva-cultivei-a-musica-como-um-servico.html#breadcrumb","itemListElement":[{"@type":"ListItem","position":1,"name":"Home","item":"https:\/\/franciscanos.org.br\/noticias"},{"@type":"ListItem","position":2,"name":"Frei Pedro da Silva: \u201cCultivei a m\u00fasica como um servi\u00e7o\u201d"}]},{"@type":"Person","@id":"https:\/\/franciscanos.org.br\/noticias\/#\/schema\/person\/c3a26b08313dd1772495ce300ab257cc","name":"jovenal","image":{"@type":"ImageObject","inLanguage":"pt-BR","@id":"https:\/\/franciscanos.org.br\/noticias\/#\/schema\/person\/image\/","url":"https:\/\/secure.gravatar.com\/avatar\/e94509f531086e2eaf97e72f29ea00f9?s=96&d=mm&r=g","contentUrl":"https:\/\/secure.gravatar.com\/avatar\/e94509f531086e2eaf97e72f29ea00f9?s=96&d=mm&r=g","caption":"jovenal"},"url":"https:\/\/franciscanos.org.br\/noticias\/author\/jovenal"}]}},"_links":{"self":[{"href":"https:\/\/franciscanos.org.br\/noticias\/wp-json\/wp\/v2\/posts\/202526"}],"collection":[{"href":"https:\/\/franciscanos.org.br\/noticias\/wp-json\/wp\/v2\/posts"}],"about":[{"href":"https:\/\/franciscanos.org.br\/noticias\/wp-json\/wp\/v2\/types\/post"}],"author":[{"embeddable":true,"href":"https:\/\/franciscanos.org.br\/noticias\/wp-json\/wp\/v2\/users\/7"}],"replies":[{"embeddable":true,"href":"https:\/\/franciscanos.org.br\/noticias\/wp-json\/wp\/v2\/comments?post=202526"}],"version-history":[{"count":0,"href":"https:\/\/franciscanos.org.br\/noticias\/wp-json\/wp\/v2\/posts\/202526\/revisions"}],"wp:featuredmedia":[{"embeddable":true,"href":"https:\/\/franciscanos.org.br\/noticias\/wp-json\/wp\/v2\/media\/202527"}],"wp:attachment":[{"href":"https:\/\/franciscanos.org.br\/noticias\/wp-json\/wp\/v2\/media?parent=202526"}],"wp:term":[{"taxonomy":"category","embeddable":true,"href":"https:\/\/franciscanos.org.br\/noticias\/wp-json\/wp\/v2\/categories?post=202526"},{"taxonomy":"post_tag","embeddable":true,"href":"https:\/\/franciscanos.org.br\/noticias\/wp-json\/wp\/v2\/tags?post=202526"}],"curies":[{"name":"wp","href":"https:\/\/api.w.org\/{rel}","templated":true}]}}