{"id":202519,"date":"2019-05-11T00:37:39","date_gmt":"2019-05-11T03:37:39","guid":{"rendered":"https:\/\/franciscanos.org.br\/noticias\/?p=202519"},"modified":"2019-05-11T10:29:01","modified_gmt":"2019-05-11T13:29:01","slug":"frei-marx-sera-ordenado-presbitero-dia-11","status":"publish","type":"post","link":"https:\/\/franciscanos.org.br\/noticias\/frei-marx-sera-ordenado-presbitero-dia-11.html","title":{"rendered":"Frei Marx ser\u00e1 ordenado presb\u00edtero neste s\u00e1bado"},"content":{"rendered":"<p><img loading=\"lazy\" src=\"https:\/\/franciscanos.org.br\/noticias\/wp-content\/uploads\/2019\/04\/marx-890.jpg\" alt=\"\" width=\"890\" height=\"467\" \/><\/p>\n<p><strong>Moacir Beggo<\/strong><\/p>\n<p><em>O fluminense Frei Marx Rodrigues dos Reis ser\u00e1 ordenado presb\u00edtero no dia 11 de maio, \u00e0s 17 horas, pelas m\u00e3os de Dom Luciano Bergamin, CRL, bispo em\u00e9rito de Nova Igua\u00e7u, na Igreja Nossa Senhora Aparecida, em Nil\u00f3polis. Sua Primeira Missa ser\u00e1 celebrada na Igreja Sant\u00edssima Trindade,em Nil\u00f3polis, no dia seguinte, \u00e0s 8h30. <\/em><\/p>\n<p><em>Filho de Helo\u00edza e Marco Aur\u00e9lio Ribeiro dos Reis, Frei Marx nasceu em S\u00e3o Jo\u00e3o de Meriti (RJ) no dia 28 de setembro de 1989. Tem duas irm\u00e3s: Amanda Rodrigues dos Reis (34 anos) e Yolanda Rodrigues dos Reis (32 anos).<\/em><\/p>\n<p><em>Frei Marx ingressou no Aspirantado de Ituporanga em 2008 e vestiu o h\u00e1bito franciscano em 2010. Cursou Filosofia na Fae Centro Universit\u00e1rio e Teologia no ITF, em Petr\u00f3polis. Em 2014 e 2015 morou no Convento do Sagrado Cora\u00e7\u00e3o de Jesus e depois foi transferido para Imbari\u00ea \u2013 Duque de Caxias, onde morou por dois anos. Em 2018, foi transferido para o Convento S\u00e3o Francisco de Assis (SP) para trabalhar no Servi\u00e7o de Anima\u00e7\u00e3o Vocacional da Prov\u00edncia e, nesse ano, foi transferido para o Convento Santo Ant\u00f4nio do Pari, onde est\u00e1 a servi\u00e7o do Sefras &#8211; Servi\u00e7o Franciscano de Solidariedade.<\/em><\/p>\n<p><strong>Site Franciscanos<\/strong> <em>&#8211; Como se deu o seu discernimento vocacional?<\/em><\/p>\n<p><strong>Frei Marx<\/strong> &#8211; Enquanto estive no trabalho do Servi\u00e7o de Anima\u00e7\u00e3o Vocacional me questionei sobre isso. Nesse per\u00edodo, pude voltar ao meu ponto de partida, como nos ensina Santa Clara, e vi a miseric\u00f3rdia de Deus para comigo e os meus conterr\u00e2neos. N\u00e3o nasci em uma fam\u00edlia cat\u00f3lica, mas, como em nosso pa\u00eds o sincretismo religioso \u00e9 bem acentuado, fiz um longo per\u00edodo de catequese e, pr\u00f3ximo da minha primeira comunh\u00e3o, fui convidado a fazer um retiro no mosteiro das Irm\u00e3s Clarissas de Nova Igua\u00e7u. No caminho, o \u00f4nibus passava por alguns lugares de pobreza vis\u00edvel e vi algumas crian\u00e7as que brincavam descal\u00e7as no ch\u00e3o, na terra batida e escurecida pelo lixo que estava \u00e0 volta. Lembro-me de ter me visto pobre pela primeira vez e de ter me interrogado sobre o motivo que as Irm\u00e3s se propuseram viver naquele lugar.<\/p>\n<p>Ap\u00f3s essa oportunidade de ver uma realidade sofrida, tivemos a gra\u00e7a de conversar com as Irm\u00e3s, que nos explicaram a perman\u00eancia delas a partir da vida de um Santo que deixou tudo o que tinha para servir a Deus entre os mais pobres de sua \u00e9poca. A hist\u00f3ria da vida de Francisco me impressionou. Como um homem foi capaz de deixar toda a sua riqueza para viver entre os leprosos, comendo migalhas, enquanto parecia ter encontrado o amor de sua vida?<\/p>\n<p>Interroguei a irm\u00e3 de onde vinha esse amor de Francisco. Ela, ent\u00e3o me apresentou um Deus que, na sua divindade, n\u00e3o media esfor\u00e7os pela humanidade, principalmente pelos mais sofridos: Acolhia as crian\u00e7as; sentava-se \u00e0 mesa com os pecadores; falava de um Reino para os pequeninos. Nunca mais me esqueci desse Deus e nunca mais pude deixar de pensar num Reino no qual tem lugar para todos, que abre espa\u00e7o para a humanidade ver o sagrado.<\/p>\n<p>Primeiro, entendi que precisava ser franciscano. Fiz cinco anos de acompanhamento vocacional na Par\u00f3quia Nossa Senhora Aparecida e, a cada dia, entendia que a experi\u00eancia de Deus se dava como proposta de uma nova realidade para mim. Entrei no Semin\u00e1rio em 2008 e l\u00e1 entendi, com muita facilidade, que o minist\u00e9rio do presb\u00edtero tem total rela\u00e7\u00e3o com a miss\u00e3o de ir aos mais sofridos e necessitados, apresentando a proposta do Reino de Deus. Essa minha leitura se perpetuou por muito tempo, at\u00e9 que tive uma crise. Pensei que talvez esse n\u00e3o seria o caminho que tinha desejado. Achei que talvez n\u00e3o quisesse viver em uma par\u00f3quia ou santu\u00e1rio, at\u00e9 que fui transferido para a Par\u00f3quia Santa Clara de Assis, em Imbari\u00ea, Duque de Caxias. L\u00e1 vi que ser um presb\u00edtero \u00e9 algo mais do que estar em um espa\u00e7o f\u00edsico. Entendi que existe uma estreita rela\u00e7\u00e3o entre celebrar o p\u00e3o partido e enxugar as l\u00e1grimas dos que buscam o nosso convento. Vi que existe algo de sagrado na vida do povo e que esse povo deseja se apresentar a Deus, que o c\u00e1lice n\u00e3o \u00e9 apenas um vaso de metal, mas \u00e9 o sagrado reunido em uma f\u00e9 que prov\u00e9m do Evangelho. Naquela terra, quando se prega o Evangelho, o povo nos pede para rezarmos um pouco e, quando nos abra\u00e7amos, eles nos dizem: \u201cReze por mim, frei, reze por mim!\u201d. L\u00e1 vi nos olhos do povo o sagrado e desejei servi-lo em preces constantes at\u00e9 o final de minha vida.<\/p>\n<p><strong>Site Franciscanos<\/strong> <em>&#8211; O que \u00e9 para voc\u00ea o minist\u00e9rio presbiteral?<\/em><\/p>\n<p><strong>Frei Marx<\/strong> &#8211; \u00c9 algo que n\u00e3o seria capaz de definir. Sou capaz de refletir. Tenho certeza que n\u00e3o sou uma pessoa t\u00e3o diferente do restante do povo de Deus e que por isso fui escolhido. Tenho a certeza que sou uma pessoa que Deus amou de tal forma que hoje sinto a necessidade de amar ao pr\u00f3ximo, pois o amor de Deus transborda na vida humana. E \u00e9 justamente porque o amor \u00e9 algo t\u00e3o pr\u00f3prio que nos colocamos no servi\u00e7o presbiteral, porque \u00e9 preciso amar os pobres e sofredores, anunciar o Evangelho que nos traz a vida, rezar por n\u00f3s e por todos para que esse minist\u00e9rio tenha sentido.<\/p>\n<p>Tem um fato que me aconteceu e que muito fala sobre o sentido do minist\u00e9rio. No final do curso de Teologia, tive a gra\u00e7a de fazer uma miss\u00e3o na Amaz\u00f4nia Peruana no per\u00edodo de um m\u00eas. Em um dos lugares que visitei, encontrei uma senhora que tinha perdido seu filho de treze anos naquela semana, e ela me pediu que rezasse pela alma de seu filho. Aceitei, e como naquela aldeia n\u00e3o tinha capela, fizemos a celebra\u00e7\u00e3o na sua casa de pau-a-pique. Tinha apenas uma parede levantada e uma mesa que utilizamos para celebrar a Palavra de Deus. Quando chegou a hora de apresentarmos as nossas inten\u00e7\u00f5es, solicitei \u00e0quela senhora que fizesse algum pedido. Ela, com os olhos cheios de l\u00e1grimas, disse: \u201cFrei, n\u00e3o tenho nada para pedir, quero apenas agradecer. Sabe como meu filho morreu? Ent\u00e3o, ele me pediu um doce (que seria por volta de um real) e eu disse para ele que se lhe desse tamb\u00e9m precisaria dar para os seus dois irm\u00e3os. Como n\u00e3o tinha condi\u00e7\u00f5es de comprar para todos, propus comprar primeiro para os menores e, da outra vez, compraria dois para ele. Ele aceitou e, quando voltei da quermesse, ele tinha subido nessa mesa, que voc\u00ea est\u00e1 rezando, para se enforcar. Ele deixou um bilhete que dizia n\u00e3o ser amado. Mas hoje, vejo que ele sabe que eu o amo, porque na mesa que ele morreu, celebro a sua vida\u201d.<\/p>\n<p>Acho que ser presb\u00edtero \u00e9 ser capaz de celebrar o mist\u00e9rio de Deus que escorre do altar at\u00e9 o ch\u00e3o da exist\u00eancia dos homens. Ser presb\u00edtero \u00e9 ser o menor, servo, para que o amor de Deus apare\u00e7a. Ser presb\u00edtero n\u00e3o tem nada de m\u00e1gico, tem tudo de mist\u00e9rio e o mist\u00e9rio nos foi revelado na vida de Jesus Cristo, que a entregou no dia a dia at\u00e9 que O entregamos numa cruz. Nela, Ele fez o canal da vida eterna, para que aquela mulher fosse capaz de viver sem ter os 3 reais que tiraram a vida de seu filho, mas que tamb\u00e9m fosse capaz de entender que o plano de Deus \u00e9 que todos tenham vida em abund\u00e2ncia.<\/p>\n<p><strong>Site Franciscanos<\/strong> <em>&#8211; Como voc\u00ea apresentaria Francisco e Clara aos jovens. Que mensagem deixaria para eles?<\/em><\/p>\n<p><strong>Frei Marx<\/strong> &#8211; Acredito que Francisco e Clara s\u00e3o dois exemplos de quem buscou viver o Evangelho. Tenho plena certeza que o maior encantamento est\u00e1 em Jesus de Nazar\u00e9, um homem que nos apresentou o rosto humano de Deus. Esse Homem nos fez e ainda faz sentir que Deus realmente existe e isso n\u00f3s vemos em suas atitudes que descortinam um novo amanh\u00e3.<\/p>\n<p>Francisco e Clara viveram na carne aquilo que seus cora\u00e7\u00f5es professavam: se queres ser perfeito, vai, vende tudo o que tens, d\u00e1 aos pobres e depois me siga.<\/p>\n<p>Eu perguntaria aos jovens: Voc\u00eas querem seguir a Jesus? Ent\u00e3o, cumpram o que ele mandou. Tenho certeza que muitos jovens s\u00e3o apaixonados por Deus e buscam respostas audaciosas para esse amor que n\u00e3o cabe mais no peito. Sei que isso era o que sentiu Francisco e Clara quando deixaram a casa paterna sem saber muito bem o que haveriam de viver. Mas tinham uma certeza: n\u00e3o podiam dizer n\u00e3o ao mist\u00e9rio que eles viviam.<\/p>\n<p><strong>Site Franciscanos<\/strong> <em>&#8211; Fale um pouco de sua fam\u00edlia?<\/em><\/p>\n<p><strong>Frei Marx<\/strong> &#8211; Bem, somos tr\u00eas irm\u00e3os, eu e mais duas meninas, que s\u00e3o mais velhas que eu. Os meus pais moram em Nil\u00f3polis desde que se casaram e acho que nunca sair\u00e3o de l\u00e1. Existe uma raiz profunda naquela terra. Eu cresci em uma casa bem pequena e tinha condi\u00e7\u00e3o financeira bem simples. Naquela casa t\u00ednhamos uma rela\u00e7\u00e3o muito saud\u00e1vel e diversa. Meu pai sempre sonhou com um mundo novo, sem desigualdades e mis\u00e9rias. Empenhou-se naquilo que lhe era poss\u00edvel e at\u00e9 hoje tem grandes sonhos. Minha m\u00e3e sempre foi muito lutadora. Lembro que cresci escutando MPB por influ\u00eancia dos meus pais. Nunca me esqueci da \u201cAquarela do Brasil\u201d, que minha m\u00e3e cantava e n\u00f3s t\u00ednhamos que desenhar no tempo da m\u00fasica. Tamb\u00e9m me recordo que, quando ficou muito claro para minha m\u00e3e que iria entrar no semin\u00e1rio, ela come\u00e7ou a participar das Missas comigo e, muitas vezes, me esperava na porta da Igreja at\u00e9 que conclu\u00edsse tudo que era necess\u00e1rio. Acho que esse tempo gasto na porta da Igreja me fez entender um pouco do que \u00e9 amar, do que \u00e9 esperar pelo mais simples e satisfat\u00f3rio no mundo: a felicidade dos seus.<\/p>\n<p>Acho que n\u00e3o serei capaz de grandes coisas, mas espero, ao menos, ser capaz de dedicar o tempo necess\u00e1rio para que os pequeninos do Reino sejam felizes.<\/p>\n<p><img loading=\"lazy\" src=\"https:\/\/franciscanos.org.br\/noticias\/wp-content\/uploads\/2019\/04\/convite.jpg\" alt=\"\" width=\"1200\" height=\"2138\" \/><\/p>\n","protected":false},"excerpt":{"rendered":"<p>Entrevista: Frei Marx Rodrigues dos Reis<\/p>\n","protected":false},"author":7,"featured_media":202524,"comment_status":"open","ping_status":"open","sticky":false,"template":"","format":"standard","meta":[],"categories":[758],"tags":[17],"acf":[],"yoast_head":"<!-- This site is optimized with the Yoast SEO plugin v19.2 - https:\/\/yoast.com\/wordpress\/plugins\/seo\/ -->\n<title>Frei Marx ser\u00e1 ordenado presb\u00edtero neste s\u00e1bado - Not\u00edcias - Franciscanos<\/title>\n<meta name=\"robots\" content=\"index, follow, max-snippet:-1, max-image-preview:large, max-video-preview:-1\" \/>\n<link rel=\"canonical\" href=\"https:\/\/franciscanos.org.br\/noticias\/frei-marx-sera-ordenado-presbitero-dia-11.html\" \/>\n<meta property=\"og:locale\" content=\"pt_BR\" \/>\n<meta property=\"og:type\" content=\"article\" \/>\n<meta property=\"og:title\" content=\"Frei Marx ser\u00e1 ordenado presb\u00edtero neste s\u00e1bado - Not\u00edcias - Franciscanos\" \/>\n<meta property=\"og:description\" content=\"Entrevista: Frei Marx Rodrigues dos Reis\" \/>\n<meta property=\"og:url\" content=\"https:\/\/franciscanos.org.br\/noticias\/frei-marx-sera-ordenado-presbitero-dia-11.html\" \/>\n<meta property=\"og:site_name\" content=\"Not\u00edcias - Franciscanos\" \/>\n<meta property=\"article:published_time\" content=\"2019-05-11T03:37:39+00:00\" \/>\n<meta property=\"article:modified_time\" content=\"2019-05-11T13:29:01+00:00\" \/>\n<meta property=\"og:image\" content=\"https:\/\/franciscanos.org.br\/noticias\/wp-content\/uploads\/2019\/04\/marx-273.jpg\" \/>\n\t<meta property=\"og:image:width\" content=\"273\" \/>\n\t<meta property=\"og:image:height\" content=\"181\" \/>\n\t<meta property=\"og:image:type\" content=\"image\/jpeg\" \/>\n<meta name=\"author\" content=\"jovenal\" \/>\n<meta name=\"twitter:card\" content=\"summary_large_image\" \/>\n<meta name=\"twitter:label1\" content=\"Escrito por\" \/>\n\t<meta name=\"twitter:data1\" content=\"jovenal\" \/>\n\t<meta name=\"twitter:label2\" content=\"Est. tempo de leitura\" \/>\n\t<meta name=\"twitter:data2\" content=\"9 minutos\" \/>\n<script type=\"application\/ld+json\" class=\"yoast-schema-graph\">{\"@context\":\"https:\/\/schema.org\",\"@graph\":[{\"@type\":\"WebSite\",\"@id\":\"https:\/\/franciscanos.org.br\/noticias\/#website\",\"url\":\"https:\/\/franciscanos.org.br\/noticias\/\",\"name\":\"Not\u00edcias - Franciscanos\",\"description\":\"Prov\u00edncia Franciscana da Imaculada Concei\u00e7\u00e3o do Brasil - Ordem dos Frades Menores - OFM\",\"potentialAction\":[{\"@type\":\"SearchAction\",\"target\":{\"@type\":\"EntryPoint\",\"urlTemplate\":\"https:\/\/franciscanos.org.br\/noticias\/?s={search_term_string}\"},\"query-input\":\"required name=search_term_string\"}],\"inLanguage\":\"pt-BR\"},{\"@type\":\"ImageObject\",\"inLanguage\":\"pt-BR\",\"@id\":\"https:\/\/franciscanos.org.br\/noticias\/frei-marx-sera-ordenado-presbitero-dia-11.html#primaryimage\",\"url\":\"https:\/\/franciscanos.org.br\/noticias\/wp-content\/uploads\/2019\/04\/marx-273.jpg\",\"contentUrl\":\"https:\/\/franciscanos.org.br\/noticias\/wp-content\/uploads\/2019\/04\/marx-273.jpg\",\"width\":273,\"height\":181},{\"@type\":\"WebPage\",\"@id\":\"https:\/\/franciscanos.org.br\/noticias\/frei-marx-sera-ordenado-presbitero-dia-11.html#webpage\",\"url\":\"https:\/\/franciscanos.org.br\/noticias\/frei-marx-sera-ordenado-presbitero-dia-11.html\",\"name\":\"Frei Marx ser\u00e1 ordenado presb\u00edtero neste s\u00e1bado - Not\u00edcias - Franciscanos\",\"isPartOf\":{\"@id\":\"https:\/\/franciscanos.org.br\/noticias\/#website\"},\"primaryImageOfPage\":{\"@id\":\"https:\/\/franciscanos.org.br\/noticias\/frei-marx-sera-ordenado-presbitero-dia-11.html#primaryimage\"},\"datePublished\":\"2019-05-11T03:37:39+00:00\",\"dateModified\":\"2019-05-11T13:29:01+00:00\",\"author\":{\"@id\":\"https:\/\/franciscanos.org.br\/noticias\/#\/schema\/person\/c3a26b08313dd1772495ce300ab257cc\"},\"breadcrumb\":{\"@id\":\"https:\/\/franciscanos.org.br\/noticias\/frei-marx-sera-ordenado-presbitero-dia-11.html#breadcrumb\"},\"inLanguage\":\"pt-BR\",\"potentialAction\":[{\"@type\":\"ReadAction\",\"target\":[\"https:\/\/franciscanos.org.br\/noticias\/frei-marx-sera-ordenado-presbitero-dia-11.html\"]}]},{\"@type\":\"BreadcrumbList\",\"@id\":\"https:\/\/franciscanos.org.br\/noticias\/frei-marx-sera-ordenado-presbitero-dia-11.html#breadcrumb\",\"itemListElement\":[{\"@type\":\"ListItem\",\"position\":1,\"name\":\"Home\",\"item\":\"https:\/\/franciscanos.org.br\/noticias\"},{\"@type\":\"ListItem\",\"position\":2,\"name\":\"Frei Marx ser\u00e1 ordenado presb\u00edtero neste s\u00e1bado\"}]},{\"@type\":\"Person\",\"@id\":\"https:\/\/franciscanos.org.br\/noticias\/#\/schema\/person\/c3a26b08313dd1772495ce300ab257cc\",\"name\":\"jovenal\",\"image\":{\"@type\":\"ImageObject\",\"inLanguage\":\"pt-BR\",\"@id\":\"https:\/\/franciscanos.org.br\/noticias\/#\/schema\/person\/image\/\",\"url\":\"https:\/\/secure.gravatar.com\/avatar\/e94509f531086e2eaf97e72f29ea00f9?s=96&d=mm&r=g\",\"contentUrl\":\"https:\/\/secure.gravatar.com\/avatar\/e94509f531086e2eaf97e72f29ea00f9?s=96&d=mm&r=g\",\"caption\":\"jovenal\"},\"url\":\"https:\/\/franciscanos.org.br\/noticias\/author\/jovenal\"}]}<\/script>\n<!-- \/ Yoast SEO plugin. -->","yoast_head_json":{"title":"Frei Marx ser\u00e1 ordenado presb\u00edtero neste s\u00e1bado - Not\u00edcias - Franciscanos","robots":{"index":"index","follow":"follow","max-snippet":"max-snippet:-1","max-image-preview":"max-image-preview:large","max-video-preview":"max-video-preview:-1"},"canonical":"https:\/\/franciscanos.org.br\/noticias\/frei-marx-sera-ordenado-presbitero-dia-11.html","og_locale":"pt_BR","og_type":"article","og_title":"Frei Marx ser\u00e1 ordenado presb\u00edtero neste s\u00e1bado - Not\u00edcias - Franciscanos","og_description":"Entrevista: Frei Marx Rodrigues dos Reis","og_url":"https:\/\/franciscanos.org.br\/noticias\/frei-marx-sera-ordenado-presbitero-dia-11.html","og_site_name":"Not\u00edcias - Franciscanos","article_published_time":"2019-05-11T03:37:39+00:00","article_modified_time":"2019-05-11T13:29:01+00:00","og_image":[{"width":273,"height":181,"url":"https:\/\/franciscanos.org.br\/noticias\/wp-content\/uploads\/2019\/04\/marx-273.jpg","type":"image\/jpeg"}],"author":"jovenal","twitter_card":"summary_large_image","twitter_misc":{"Escrito por":"jovenal","Est. tempo de leitura":"9 minutos"},"schema":{"@context":"https:\/\/schema.org","@graph":[{"@type":"WebSite","@id":"https:\/\/franciscanos.org.br\/noticias\/#website","url":"https:\/\/franciscanos.org.br\/noticias\/","name":"Not\u00edcias - Franciscanos","description":"Prov\u00edncia Franciscana da Imaculada Concei\u00e7\u00e3o do Brasil - Ordem dos Frades Menores - OFM","potentialAction":[{"@type":"SearchAction","target":{"@type":"EntryPoint","urlTemplate":"https:\/\/franciscanos.org.br\/noticias\/?s={search_term_string}"},"query-input":"required name=search_term_string"}],"inLanguage":"pt-BR"},{"@type":"ImageObject","inLanguage":"pt-BR","@id":"https:\/\/franciscanos.org.br\/noticias\/frei-marx-sera-ordenado-presbitero-dia-11.html#primaryimage","url":"https:\/\/franciscanos.org.br\/noticias\/wp-content\/uploads\/2019\/04\/marx-273.jpg","contentUrl":"https:\/\/franciscanos.org.br\/noticias\/wp-content\/uploads\/2019\/04\/marx-273.jpg","width":273,"height":181},{"@type":"WebPage","@id":"https:\/\/franciscanos.org.br\/noticias\/frei-marx-sera-ordenado-presbitero-dia-11.html#webpage","url":"https:\/\/franciscanos.org.br\/noticias\/frei-marx-sera-ordenado-presbitero-dia-11.html","name":"Frei Marx ser\u00e1 ordenado presb\u00edtero neste s\u00e1bado - Not\u00edcias - Franciscanos","isPartOf":{"@id":"https:\/\/franciscanos.org.br\/noticias\/#website"},"primaryImageOfPage":{"@id":"https:\/\/franciscanos.org.br\/noticias\/frei-marx-sera-ordenado-presbitero-dia-11.html#primaryimage"},"datePublished":"2019-05-11T03:37:39+00:00","dateModified":"2019-05-11T13:29:01+00:00","author":{"@id":"https:\/\/franciscanos.org.br\/noticias\/#\/schema\/person\/c3a26b08313dd1772495ce300ab257cc"},"breadcrumb":{"@id":"https:\/\/franciscanos.org.br\/noticias\/frei-marx-sera-ordenado-presbitero-dia-11.html#breadcrumb"},"inLanguage":"pt-BR","potentialAction":[{"@type":"ReadAction","target":["https:\/\/franciscanos.org.br\/noticias\/frei-marx-sera-ordenado-presbitero-dia-11.html"]}]},{"@type":"BreadcrumbList","@id":"https:\/\/franciscanos.org.br\/noticias\/frei-marx-sera-ordenado-presbitero-dia-11.html#breadcrumb","itemListElement":[{"@type":"ListItem","position":1,"name":"Home","item":"https:\/\/franciscanos.org.br\/noticias"},{"@type":"ListItem","position":2,"name":"Frei Marx ser\u00e1 ordenado presb\u00edtero neste s\u00e1bado"}]},{"@type":"Person","@id":"https:\/\/franciscanos.org.br\/noticias\/#\/schema\/person\/c3a26b08313dd1772495ce300ab257cc","name":"jovenal","image":{"@type":"ImageObject","inLanguage":"pt-BR","@id":"https:\/\/franciscanos.org.br\/noticias\/#\/schema\/person\/image\/","url":"https:\/\/secure.gravatar.com\/avatar\/e94509f531086e2eaf97e72f29ea00f9?s=96&d=mm&r=g","contentUrl":"https:\/\/secure.gravatar.com\/avatar\/e94509f531086e2eaf97e72f29ea00f9?s=96&d=mm&r=g","caption":"jovenal"},"url":"https:\/\/franciscanos.org.br\/noticias\/author\/jovenal"}]}},"_links":{"self":[{"href":"https:\/\/franciscanos.org.br\/noticias\/wp-json\/wp\/v2\/posts\/202519"}],"collection":[{"href":"https:\/\/franciscanos.org.br\/noticias\/wp-json\/wp\/v2\/posts"}],"about":[{"href":"https:\/\/franciscanos.org.br\/noticias\/wp-json\/wp\/v2\/types\/post"}],"author":[{"embeddable":true,"href":"https:\/\/franciscanos.org.br\/noticias\/wp-json\/wp\/v2\/users\/7"}],"replies":[{"embeddable":true,"href":"https:\/\/franciscanos.org.br\/noticias\/wp-json\/wp\/v2\/comments?post=202519"}],"version-history":[{"count":0,"href":"https:\/\/franciscanos.org.br\/noticias\/wp-json\/wp\/v2\/posts\/202519\/revisions"}],"wp:featuredmedia":[{"embeddable":true,"href":"https:\/\/franciscanos.org.br\/noticias\/wp-json\/wp\/v2\/media\/202524"}],"wp:attachment":[{"href":"https:\/\/franciscanos.org.br\/noticias\/wp-json\/wp\/v2\/media?parent=202519"}],"wp:term":[{"taxonomy":"category","embeddable":true,"href":"https:\/\/franciscanos.org.br\/noticias\/wp-json\/wp\/v2\/categories?post=202519"},{"taxonomy":"post_tag","embeddable":true,"href":"https:\/\/franciscanos.org.br\/noticias\/wp-json\/wp\/v2\/tags?post=202519"}],"curies":[{"name":"wp","href":"https:\/\/api.w.org\/{rel}","templated":true}]}}