{"id":202497,"date":"2019-04-18T08:51:47","date_gmt":"2019-04-18T11:51:47","guid":{"rendered":"https:\/\/franciscanos.org.br\/noticias\/?p=202497"},"modified":"2020-08-06T16:35:45","modified_gmt":"2020-08-06T19:35:45","slug":"coleta-em-favor-da-terra-santa-nesta-sexta-feira-santa","status":"publish","type":"post","link":"https:\/\/franciscanos.org.br\/noticias\/coleta-em-favor-da-terra-santa-nesta-sexta-feira-santa.html","title":{"rendered":"Coleta para a Terra Santa nesta Sexta-feira da Paix\u00e3o do Senhor"},"content":{"rendered":"<p><img loading=\"lazy\" class=\"alignnone wp-image-227596\" src=\"https:\/\/franciscanos.org.br\/noticias\/wp-content\/uploads\/2019\/04\/custodia.png\" alt=\"\" width=\"908\" height=\"502\" srcset=\"https:\/\/franciscanos.org.br\/noticias\/wp-content\/uploads\/2019\/04\/custodia.png 512w, https:\/\/franciscanos.org.br\/noticias\/wp-content\/uploads\/2019\/04\/custodia-450x249.png 450w, https:\/\/franciscanos.org.br\/noticias\/wp-content\/uploads\/2019\/04\/custodia-150x83.png 150w\" sizes=\"(max-width: 908px) 100vw, 908px\" \/><\/p>\n<p>Realiza-se, em 19 de abril pr\u00f3ximo, a Coleta em favor da Terra Santa 2019 que a Igreja promove no mundo inteiro tradicionalmente na Sexta-feira Santa. A iniciativa foi institu\u00edda pelo Papa Paulo VI em favor dos Lugares Santos e dos crist\u00e3os que vivem no Oriente M\u00e9dio.<\/p>\n<p>&#8220;Neste ano, de forma especial, celebramos os 800 anos da presen\u00e7a franciscana na Terra Santa, iniciada pelo pr\u00f3prio S\u00e3o Francisco de Assis, que no ano de 1219, de maneira pac\u00edfica e prof\u00e9tica, dirigiu-se para Damieta, no Egito, onde ent\u00e3o, crist\u00e3os e mu\u00e7ulmanos disputavam os lugares santos. Neste gesto de coragem e armado somente pela f\u00e9, S\u00e3o Francisco faz entender a todos que a paz se realiza pelo encontro e pelo di\u00e1logo. Desde ent\u00e3o, este encontro fala a todos que fazem do di\u00e1logo e da coexist\u00eancia a sua vida di\u00e1ria, em especial na Terra Santa, onde a presen\u00e7a crist\u00e3 e cat\u00f3lica, j\u00e1 h\u00e1 8 s\u00e9culos regida pelos filhos de S\u00e3o Francisco, deixa uma mensagem viva e eloquente de que \u00e9 poss\u00edvel, apesar das diferen\u00e7as, conviver como irm\u00e3os, filhos de um mesmo Deus e Pai&#8221;, lembra Frei Ivo M\u00fcller, comiss\u00e1rio do Comissariado da Terra Santa.<\/p>\n<p>Segundo Frei Ivo, o cuidado dos santu\u00e1rios, que se constituem num evangelho vivo e o esfor\u00e7o cont\u00ednuo de garantir que cada crist\u00e3o do mundo possa sentir-se acolhido na Terra de Jesus, s\u00f3 \u00e9 poss\u00edvel com as ora\u00e7\u00f5es e o aux\u00edlio de toda a Igreja que, confiando no trabalho dos Frades Menores, a sustenta por todos estes s\u00e9culos. &#8220;No entanto, \u00e9 importante mencionar que a presen\u00e7a franciscana na cust\u00f3dia dos lugares santos vai al\u00e9m dos principais cen\u00e1rios que foram palco da hist\u00f3ria da salva\u00e7\u00e3o, mas tamb\u00e9m est\u00e1 presente em pa\u00edses como a Jord\u00e2nia, Chipre, L\u00edbano, Autoridade Palestina e S\u00edria, estes \u00faltimos que enfrentaram e ainda enfrentam graves problemas sociais e pol\u00edticos, o que ocasionou o \u00eaxodo de grande parte da presen\u00e7a crist\u00e3 que remonta aos prim\u00f3rdios do Cristianismo&#8221;, lembra o frade da Prov\u00edncia.<\/p>\n<p>A miss\u00e3o da Cust\u00f3dia da Terra Santa, recorda Frei Ivo, al\u00e9m de cuidar dos lugares santos, que em seus santu\u00e1rios e cen\u00e1rios constituem um \u201cevangelho\u201d a c\u00e9u aberto, \u00e9 justamente cuidar dos lugares santos e vivos, que se tratam dos crist\u00e3os, aquela por\u00e7\u00e3o do povo de Deus, muitas vezes perseguidos e em situa\u00e7\u00e3o de necessidade, para que a presen\u00e7a crist\u00e3 no Oriente M\u00e9dio seja preservada, como a todas as pessoas de boa vontade que s\u00e3o atendidos em muitas de suas necessidades pelas obras realizadas pela Cust\u00f3dia da Terra Santa, independente de sua confiss\u00e3o religiosa.<\/p>\n<p>Na Exorta\u00e7\u00e3o Apost\u00f3lica <em>Nobis in Animo<\/em>, com a qual o Papa Paulo VI institui em 1974 a Coleta, afirma: A Igreja de Jerusal\u00e9m ocupa um lugar de elei\u00e7\u00e3o na solicitude da Santa S\u00e9 e na preocupa\u00e7\u00e3o de todo o mundo crist\u00e3o, enquanto o interesse pelos Lugares Santos, e em particular pela cidade de Jerusal\u00e9m, emerge mesmo nos grandes consensos das Na\u00e7\u00f5es e nas maiores Organiza\u00e7\u00f5es internacionais. Tal aten\u00e7\u00e3o \u00e9 hoje primordialmente pedida em raz\u00e3o dos graves problemas de ordem religiosa, pol\u00edtica e social ali existentes.\u201d<\/p>\n<p>&#8220;Contamos mais uma vez com a contribui\u00e7\u00e3o generosa nas par\u00f3quias e de santu\u00e1rios ou capelas, por ocasi\u00e3o da coleta da Sexta-Feira Santa, onde todos os crist\u00e3os cat\u00f3licos do mundo se unem numa s\u00f3 fam\u00edlia para, como nos tempos apost\u00f3licos, auxiliar a Igreja que est\u00e1 em Jerusal\u00e9m (II Cor 8, 13-15)&#8221;, pede Frei Ivo.<\/p>\n","protected":false},"excerpt":{"rendered":"<p>Comiss\u00e1rio Frei Ivo M\u00fcller lembra o jubileu do encontro de Francisco com o Sult\u00e3o<\/p>\n","protected":false},"author":3,"featured_media":227596,"comment_status":"open","ping_status":"open","sticky":false,"template":"","format":"standard","meta":[],"categories":[1],"tags":[1433,397],"acf":[],"yoast_head":"<!-- This site is optimized with the Yoast SEO plugin v19.2 - https:\/\/yoast.com\/wordpress\/plugins\/seo\/ -->\n<title>Coleta para a Terra Santa nesta Sexta-feira da Paix\u00e3o do Senhor - Not\u00edcias - Franciscanos<\/title>\n<meta name=\"robots\" content=\"index, follow, max-snippet:-1, max-image-preview:large, max-video-preview:-1\" \/>\n<link rel=\"canonical\" href=\"https:\/\/franciscanos.org.br\/noticias\/coleta-em-favor-da-terra-santa-nesta-sexta-feira-santa.html\" \/>\n<meta property=\"og:locale\" content=\"pt_BR\" \/>\n<meta property=\"og:type\" content=\"article\" \/>\n<meta property=\"og:title\" content=\"Coleta para a Terra Santa nesta Sexta-feira da Paix\u00e3o do Senhor - Not\u00edcias - Franciscanos\" \/>\n<meta property=\"og:description\" content=\"Comiss\u00e1rio Frei Ivo M\u00fcller lembra o jubileu do encontro de Francisco com o Sult\u00e3o\" \/>\n<meta property=\"og:url\" content=\"https:\/\/franciscanos.org.br\/noticias\/coleta-em-favor-da-terra-santa-nesta-sexta-feira-santa.html\" \/>\n<meta property=\"og:site_name\" content=\"Not\u00edcias - Franciscanos\" \/>\n<meta property=\"article:published_time\" content=\"2019-04-18T11:51:47+00:00\" \/>\n<meta property=\"article:modified_time\" content=\"2020-08-06T19:35:45+00:00\" \/>\n<meta property=\"og:image\" content=\"https:\/\/franciscanos.org.br\/noticias\/wp-content\/uploads\/2019\/04\/custodia.png\" \/>\n\t<meta property=\"og:image:width\" content=\"512\" \/>\n\t<meta property=\"og:image:height\" content=\"283\" \/>\n\t<meta property=\"og:image:type\" content=\"image\/png\" \/>\n<meta name=\"author\" content=\"moacir\" \/>\n<meta name=\"twitter:card\" content=\"summary_large_image\" \/>\n<meta name=\"twitter:label1\" content=\"Escrito por\" \/>\n\t<meta name=\"twitter:data1\" content=\"moacir\" \/>\n\t<meta name=\"twitter:label2\" content=\"Est. tempo de leitura\" \/>\n\t<meta name=\"twitter:data2\" content=\"3 minutos\" \/>\n<script type=\"application\/ld+json\" class=\"yoast-schema-graph\">{\"@context\":\"https:\/\/schema.org\",\"@graph\":[{\"@type\":\"WebSite\",\"@id\":\"https:\/\/franciscanos.org.br\/noticias\/#website\",\"url\":\"https:\/\/franciscanos.org.br\/noticias\/\",\"name\":\"Not\u00edcias - Franciscanos\",\"description\":\"Prov\u00edncia Franciscana da Imaculada Concei\u00e7\u00e3o do Brasil - Ordem dos Frades Menores - OFM\",\"potentialAction\":[{\"@type\":\"SearchAction\",\"target\":{\"@type\":\"EntryPoint\",\"urlTemplate\":\"https:\/\/franciscanos.org.br\/noticias\/?s={search_term_string}\"},\"query-input\":\"required name=search_term_string\"}],\"inLanguage\":\"pt-BR\"},{\"@type\":\"ImageObject\",\"inLanguage\":\"pt-BR\",\"@id\":\"https:\/\/franciscanos.org.br\/noticias\/coleta-em-favor-da-terra-santa-nesta-sexta-feira-santa.html#primaryimage\",\"url\":\"https:\/\/franciscanos.org.br\/noticias\/wp-content\/uploads\/2019\/04\/custodia.png\",\"contentUrl\":\"https:\/\/franciscanos.org.br\/noticias\/wp-content\/uploads\/2019\/04\/custodia.png\",\"width\":512,\"height\":283},{\"@type\":\"WebPage\",\"@id\":\"https:\/\/franciscanos.org.br\/noticias\/coleta-em-favor-da-terra-santa-nesta-sexta-feira-santa.html#webpage\",\"url\":\"https:\/\/franciscanos.org.br\/noticias\/coleta-em-favor-da-terra-santa-nesta-sexta-feira-santa.html\",\"name\":\"Coleta para a Terra Santa nesta Sexta-feira da Paix\u00e3o do Senhor - Not\u00edcias - Franciscanos\",\"isPartOf\":{\"@id\":\"https:\/\/franciscanos.org.br\/noticias\/#website\"},\"primaryImageOfPage\":{\"@id\":\"https:\/\/franciscanos.org.br\/noticias\/coleta-em-favor-da-terra-santa-nesta-sexta-feira-santa.html#primaryimage\"},\"datePublished\":\"2019-04-18T11:51:47+00:00\",\"dateModified\":\"2020-08-06T19:35:45+00:00\",\"author\":{\"@id\":\"https:\/\/franciscanos.org.br\/noticias\/#\/schema\/person\/b5c8cba458c330ccff548b056e95a5d4\"},\"breadcrumb\":{\"@id\":\"https:\/\/franciscanos.org.br\/noticias\/coleta-em-favor-da-terra-santa-nesta-sexta-feira-santa.html#breadcrumb\"},\"inLanguage\":\"pt-BR\",\"potentialAction\":[{\"@type\":\"ReadAction\",\"target\":[\"https:\/\/franciscanos.org.br\/noticias\/coleta-em-favor-da-terra-santa-nesta-sexta-feira-santa.html\"]}]},{\"@type\":\"BreadcrumbList\",\"@id\":\"https:\/\/franciscanos.org.br\/noticias\/coleta-em-favor-da-terra-santa-nesta-sexta-feira-santa.html#breadcrumb\",\"itemListElement\":[{\"@type\":\"ListItem\",\"position\":1,\"name\":\"Home\",\"item\":\"https:\/\/franciscanos.org.br\/noticias\"},{\"@type\":\"ListItem\",\"position\":2,\"name\":\"Coleta para a Terra Santa nesta Sexta-feira da Paix\u00e3o do Senhor\"}]},{\"@type\":\"Person\",\"@id\":\"https:\/\/franciscanos.org.br\/noticias\/#\/schema\/person\/b5c8cba458c330ccff548b056e95a5d4\",\"name\":\"moacir\",\"image\":{\"@type\":\"ImageObject\",\"inLanguage\":\"pt-BR\",\"@id\":\"https:\/\/franciscanos.org.br\/noticias\/#\/schema\/person\/image\/\",\"url\":\"https:\/\/secure.gravatar.com\/avatar\/d08aa2ce4c8dd416d4479aa8536fcf64?s=96&d=mm&r=g\",\"contentUrl\":\"https:\/\/secure.gravatar.com\/avatar\/d08aa2ce4c8dd416d4479aa8536fcf64?s=96&d=mm&r=g\",\"caption\":\"moacir\"},\"url\":\"https:\/\/franciscanos.org.br\/noticias\/author\/moacir\"}]}<\/script>\n<!-- \/ Yoast SEO plugin. -->","yoast_head_json":{"title":"Coleta para a Terra Santa nesta Sexta-feira da Paix\u00e3o do Senhor - Not\u00edcias - Franciscanos","robots":{"index":"index","follow":"follow","max-snippet":"max-snippet:-1","max-image-preview":"max-image-preview:large","max-video-preview":"max-video-preview:-1"},"canonical":"https:\/\/franciscanos.org.br\/noticias\/coleta-em-favor-da-terra-santa-nesta-sexta-feira-santa.html","og_locale":"pt_BR","og_type":"article","og_title":"Coleta para a Terra Santa nesta Sexta-feira da Paix\u00e3o do Senhor - Not\u00edcias - Franciscanos","og_description":"Comiss\u00e1rio Frei Ivo M\u00fcller lembra o jubileu do encontro de Francisco com o Sult\u00e3o","og_url":"https:\/\/franciscanos.org.br\/noticias\/coleta-em-favor-da-terra-santa-nesta-sexta-feira-santa.html","og_site_name":"Not\u00edcias - Franciscanos","article_published_time":"2019-04-18T11:51:47+00:00","article_modified_time":"2020-08-06T19:35:45+00:00","og_image":[{"width":512,"height":283,"url":"https:\/\/franciscanos.org.br\/noticias\/wp-content\/uploads\/2019\/04\/custodia.png","type":"image\/png"}],"author":"moacir","twitter_card":"summary_large_image","twitter_misc":{"Escrito por":"moacir","Est. tempo de leitura":"3 minutos"},"schema":{"@context":"https:\/\/schema.org","@graph":[{"@type":"WebSite","@id":"https:\/\/franciscanos.org.br\/noticias\/#website","url":"https:\/\/franciscanos.org.br\/noticias\/","name":"Not\u00edcias - Franciscanos","description":"Prov\u00edncia Franciscana da Imaculada Concei\u00e7\u00e3o do Brasil - Ordem dos Frades Menores - OFM","potentialAction":[{"@type":"SearchAction","target":{"@type":"EntryPoint","urlTemplate":"https:\/\/franciscanos.org.br\/noticias\/?s={search_term_string}"},"query-input":"required name=search_term_string"}],"inLanguage":"pt-BR"},{"@type":"ImageObject","inLanguage":"pt-BR","@id":"https:\/\/franciscanos.org.br\/noticias\/coleta-em-favor-da-terra-santa-nesta-sexta-feira-santa.html#primaryimage","url":"https:\/\/franciscanos.org.br\/noticias\/wp-content\/uploads\/2019\/04\/custodia.png","contentUrl":"https:\/\/franciscanos.org.br\/noticias\/wp-content\/uploads\/2019\/04\/custodia.png","width":512,"height":283},{"@type":"WebPage","@id":"https:\/\/franciscanos.org.br\/noticias\/coleta-em-favor-da-terra-santa-nesta-sexta-feira-santa.html#webpage","url":"https:\/\/franciscanos.org.br\/noticias\/coleta-em-favor-da-terra-santa-nesta-sexta-feira-santa.html","name":"Coleta para a Terra Santa nesta Sexta-feira da Paix\u00e3o do Senhor - Not\u00edcias - Franciscanos","isPartOf":{"@id":"https:\/\/franciscanos.org.br\/noticias\/#website"},"primaryImageOfPage":{"@id":"https:\/\/franciscanos.org.br\/noticias\/coleta-em-favor-da-terra-santa-nesta-sexta-feira-santa.html#primaryimage"},"datePublished":"2019-04-18T11:51:47+00:00","dateModified":"2020-08-06T19:35:45+00:00","author":{"@id":"https:\/\/franciscanos.org.br\/noticias\/#\/schema\/person\/b5c8cba458c330ccff548b056e95a5d4"},"breadcrumb":{"@id":"https:\/\/franciscanos.org.br\/noticias\/coleta-em-favor-da-terra-santa-nesta-sexta-feira-santa.html#breadcrumb"},"inLanguage":"pt-BR","potentialAction":[{"@type":"ReadAction","target":["https:\/\/franciscanos.org.br\/noticias\/coleta-em-favor-da-terra-santa-nesta-sexta-feira-santa.html"]}]},{"@type":"BreadcrumbList","@id":"https:\/\/franciscanos.org.br\/noticias\/coleta-em-favor-da-terra-santa-nesta-sexta-feira-santa.html#breadcrumb","itemListElement":[{"@type":"ListItem","position":1,"name":"Home","item":"https:\/\/franciscanos.org.br\/noticias"},{"@type":"ListItem","position":2,"name":"Coleta para a Terra Santa nesta Sexta-feira da Paix\u00e3o do Senhor"}]},{"@type":"Person","@id":"https:\/\/franciscanos.org.br\/noticias\/#\/schema\/person\/b5c8cba458c330ccff548b056e95a5d4","name":"moacir","image":{"@type":"ImageObject","inLanguage":"pt-BR","@id":"https:\/\/franciscanos.org.br\/noticias\/#\/schema\/person\/image\/","url":"https:\/\/secure.gravatar.com\/avatar\/d08aa2ce4c8dd416d4479aa8536fcf64?s=96&d=mm&r=g","contentUrl":"https:\/\/secure.gravatar.com\/avatar\/d08aa2ce4c8dd416d4479aa8536fcf64?s=96&d=mm&r=g","caption":"moacir"},"url":"https:\/\/franciscanos.org.br\/noticias\/author\/moacir"}]}},"_links":{"self":[{"href":"https:\/\/franciscanos.org.br\/noticias\/wp-json\/wp\/v2\/posts\/202497"}],"collection":[{"href":"https:\/\/franciscanos.org.br\/noticias\/wp-json\/wp\/v2\/posts"}],"about":[{"href":"https:\/\/franciscanos.org.br\/noticias\/wp-json\/wp\/v2\/types\/post"}],"author":[{"embeddable":true,"href":"https:\/\/franciscanos.org.br\/noticias\/wp-json\/wp\/v2\/users\/3"}],"replies":[{"embeddable":true,"href":"https:\/\/franciscanos.org.br\/noticias\/wp-json\/wp\/v2\/comments?post=202497"}],"version-history":[{"count":2,"href":"https:\/\/franciscanos.org.br\/noticias\/wp-json\/wp\/v2\/posts\/202497\/revisions"}],"predecessor-version":[{"id":227598,"href":"https:\/\/franciscanos.org.br\/noticias\/wp-json\/wp\/v2\/posts\/202497\/revisions\/227598"}],"wp:featuredmedia":[{"embeddable":true,"href":"https:\/\/franciscanos.org.br\/noticias\/wp-json\/wp\/v2\/media\/227596"}],"wp:attachment":[{"href":"https:\/\/franciscanos.org.br\/noticias\/wp-json\/wp\/v2\/media?parent=202497"}],"wp:term":[{"taxonomy":"category","embeddable":true,"href":"https:\/\/franciscanos.org.br\/noticias\/wp-json\/wp\/v2\/categories?post=202497"},{"taxonomy":"post_tag","embeddable":true,"href":"https:\/\/franciscanos.org.br\/noticias\/wp-json\/wp\/v2\/tags?post=202497"}],"curies":[{"name":"wp","href":"https:\/\/api.w.org\/{rel}","templated":true}]}}