{"id":202485,"date":"2019-04-15T10:32:27","date_gmt":"2019-04-15T13:32:27","guid":{"rendered":"https:\/\/franciscanos.org.br\/noticias\/?p=202485"},"modified":"2019-04-22T14:53:39","modified_gmt":"2019-04-22T17:53:39","slug":"o-exemplo-concreto-do-forum-grita-baixada-no-exercicio-das-politicas-publicas","status":"publish","type":"post","link":"https:\/\/franciscanos.org.br\/noticias\/o-exemplo-concreto-do-forum-grita-baixada-no-exercicio-das-politicas-publicas.html","title":{"rendered":"O exemplo concreto do F\u00f3rum Grita Baixada nas Pol\u00edticas P\u00fablicas"},"content":{"rendered":"<p><img loading=\"lazy\" class=\"alignnone size-full wp-image-202489\" src=\"https:\/\/franciscanos.org.br\/noticias\/wp-content\/uploads\/2019\/04\/adriano_150419.jpg\" alt=\"\" width=\"890\" height=\"490\" srcset=\"https:\/\/franciscanos.org.br\/noticias\/wp-content\/uploads\/2019\/04\/adriano_150419.jpg 890w, https:\/\/franciscanos.org.br\/noticias\/wp-content\/uploads\/2019\/04\/adriano_150419-450x248.jpg 450w, https:\/\/franciscanos.org.br\/noticias\/wp-content\/uploads\/2019\/04\/adriano_150419-768x423.jpg 768w, https:\/\/franciscanos.org.br\/noticias\/wp-content\/uploads\/2019\/04\/adriano_150419-150x83.jpg 150w\" sizes=\"(max-width: 890px) 100vw, 890px\" \/><\/p>\n<p><strong>S\u00e3o Paulo (SP) <\/strong>\u2013 <em>Estamos encerrando a S\u00e9rie Especial sobre a Campanha da Fraternidade. Em 17 entrevistas, abordamos diversos aspectos das Pol\u00edticas P\u00fablicas e suas \u00e1reas de atua\u00e7\u00e3o: sa\u00fade, educa\u00e7\u00e3o, seguran\u00e7a, assist\u00eancia social, povos ind\u00edgenas.<\/em><\/p>\n<p><em>Para encerrar a S\u00e9rie, trazemos o exemplo concreto vindo da Baixada Fluminense, no Rio de Janeiro. \u201cO F\u00f3rum<strong> Grita Baixada<\/strong> \u00e9 o nome dado a um coletivo de entidades de direitos humanos e sociais das Dioceses de Nova Igua\u00e7u e Duque de Caxias, Igrejas Evang\u00e9licas, Organiza\u00e7\u00f5es N\u00e3o Governamentais (ONGs) e pessoais individuais, cujos objetivos em comum s\u00e3o a discuss\u00e3o, a forma\u00e7\u00e3o, o incentivo \u00e0 organiza\u00e7\u00e3o, a articula\u00e7\u00e3o e a mobiliza\u00e7\u00e3o, assim como a busca de solu\u00e7\u00f5es conjuntas da sociedade civil para problem\u00e1ticas sociais e relativas aos direitos humanos nos munic\u00edpios da Baixada Fluminense\u201d. (Relat\u00f3rio \u201cUm Brasil dentro do Brasil pede socorro\u201d).<\/em><\/p>\n<p><em>O F\u00f3rum \u00e9 um grande exemplo de como a sociedade pode se mobilizar para ajudar na formula\u00e7\u00e3o de Pol\u00edticas P\u00fablicas mais eficazes, de acordo com a realidade de cada regi\u00e3o. Nesta \u00faltima entrevista da S\u00e9rie, conversamos com <strong>Adriano de Ara\u00fajo<\/strong>, coordenador executivo do F\u00f3rum Grita Baixada.<\/em><\/p>\n<p><em>Acompanhe a entrevista concedida a<\/em><strong> Frei Gustavo Medella<\/strong>:<\/p>\n<p><strong>Site Franciscanos &#8211; Quando e em que contexto nasceu o F\u00f3rum<em> Grita Baixada<\/em>?<\/strong><\/p>\n<p><strong>Adriano de Ara\u00fajo &#8211; <\/strong>O F\u00f3rum <em>Grita Baixada<\/em> nasceu como um espa\u00e7o de discuss\u00e3o, forma\u00e7\u00e3o, incentivo \u00e0 organiza\u00e7\u00e3o e mobiliza\u00e7\u00e3o popular em busca de solu\u00e7\u00f5es conjuntas da sociedade civil sobre os problemas sociais e de direitos humanos na Baixada Fluminense. O F\u00f3rum <em>Grita Baixada<\/em> foi criado a partir da preocupa\u00e7\u00e3o com o aumento dos \u00edndices de viol\u00eancia na regi\u00e3o, sobretudo nos \u00faltimos anos. Em 2012, a falta de resposta por parte das autoridades motivou a solicita\u00e7\u00e3o de uma reuni\u00e3o com o governo do Estado do Rio. Na \u00e9poca, o secret\u00e1rio de Seguran\u00e7a P\u00fablica era o Mariano Beltame. Ele participou da reuni\u00e3o e fez um pronunciamento dizendo que nunca tinha ouvido a Baixada Fluminense gritar t\u00e3o alto, demandando Pol\u00edticas P\u00fablicas no campo da seguran\u00e7a. Justamente a partir desta fala, surgiu a ideia de, junto com outras organiza\u00e7\u00f5es da sociedade civil da Baixada, aglutinar estas organiza\u00e7\u00f5es em torno de um f\u00f3rum dedicado \u00e0 Seguran\u00e7a P\u00fablica dando o nome de <em>Grita Baixada<\/em>, no desejo de gritar em alto e bom tom que a Baixada Fluminense existe e n\u00e3o pode ser invisibilizada. Infelizmente, um n\u00famero muito grande de assassinatos e de mortes acontece na Baixada, superando inclusive os \u00edndices da cidade do Rio de Janeiro, mas a Baixada simplesmente n\u00e3o \u00e9 objeto de preocupa\u00e7\u00e3o de Pol\u00edticas P\u00fablicas por parte dos governos.<\/p>\n<p><strong>Site Franciscanos &#8211; Desde a cria\u00e7\u00e3o, quais foram as principais conquistas do F\u00f3rum?<\/strong><\/p>\n<p><strong>Adriano de Ara\u00fajo &#8211; <\/strong>Quando consideramos o campo da seguran\u00e7a p\u00fablica, \u00e9 sempre dif\u00edcil falar em grandes conquistas, afinal os indicadores de viol\u00eancia no Brasil e, em particular no Rio de Janeiro, aumentam bastante. O \u00edndice de assassinatos, homic\u00eddios, mortes, provocadas por agentes p\u00fablicos, aumentou &#8211; inclusive agora, no per\u00edodo da interven\u00e7\u00e3o federal. Considerando este aspecto, sempre ficamos muito cautelosos ao falar em conquistas nessa \u00e1rea. Mesmo assim, temos motivos significativos para comemorar e fortalecer a nossa luta. Em 2015, lan\u00e7amos um relat\u00f3rio chamado &#8220;<a href=\"http:\/\/www.cddh.org.br\/assets\/docs\/Um%20Brasil%20dentro%20do%20Brasil%20pede%20socorro.pdf\" target=\"_blank\" rel=\"noopener noreferrer\">Um Brasil dentro do Brasil pede socorro<\/a>&#8220;, onde denunciamos a situa\u00e7\u00e3o de viol\u00eancia na Baixada. Ele causou uma grande repercuss\u00e3o. Fizemos o lan\u00e7amento na Assembleia Legislativa do Estado do Rio de Janeiro, chamando a aten\u00e7\u00e3o de diversas autoridades para a situa\u00e7\u00e3o da Baixada Fluminense. Mediante este relat\u00f3rio, o F\u00f3rum <em>Grita Baixada<\/em> percorreu diversas Universidades e Centros de Pesquisa para apresentar estes dados e cobrar o Poder P\u00fablico. Tamb\u00e9m participamos de v\u00e1rias Audi\u00eancias P\u00fablicas &#8211; estaduais, municipais e federais. Estivemos na C\u00e2mara dos Deputados, em Bras\u00edlia, no final do ano passado, falando da situa\u00e7\u00e3o da viol\u00eancia local. Tudo isso tem feito com que a Baixada Fluminense tenha mais aten\u00e7\u00e3o. H\u00e1 um ano, lan\u00e7amos um document\u00e1rio chamado &#8220;Nossos mortos t\u00eam voz&#8221;, produzido pela Quiproc\u00f3 Filmes e apoiado por diversas organiza\u00e7\u00f5es. Neste filme, contamos a hist\u00f3ria real de m\u00e3es e familiares de v\u00edtimas da viol\u00eancia do Estado, que t\u00eam como um dos pontos principais a chacina que aconteceu no dia 31 de mar\u00e7o de 2015, na Baixada Fluminense, quando 29 pessoas foram assassinadas. Este filme est\u00e1 sendo exibido e debatido em escolas p\u00fablicas do munic\u00edpio de Queimados, na Baixada, em diversas igrejas &#8211; cat\u00f3licas e evang\u00e9licas &#8211; em rodas de conversa, grupos de jovens e cursos pr\u00e9-vestibular comunit\u00e1rios. O filme, que tem as m\u00e3es como protagonistas, serve de forma muito significativa como den\u00fancia ao genoc\u00eddio da juventude pobre e negra da Baixada e, ao mesmo tempo, serve como uma ferramenta de cobran\u00e7a de Pol\u00edticas P\u00fablicas no campo da seguran\u00e7a, com o olhar espec\u00edfico para a Baixada Fluminense.<\/p>\n<p><strong>Site Franciscanos &#8211; Para voc\u00ea, qual a rela\u00e7\u00e3o entre f\u00e9 e cidadania?<\/strong><\/p>\n<p><strong>Adriano de Ara\u00fajo &#8211; <\/strong>O F\u00f3rum <em>Grita Baixada<\/em> tem a caracter\u00edstica de dialogar com todas as religi\u00f5es, e tamb\u00e9m com as pessoas sem religi\u00e3o. Temos trabalhado nesta perspectiva suprapartid\u00e1ria e plurirreligiosa. Pessoalmente, como crist\u00e3o, acredito que a f\u00e9 alimenta minha perspectiva de cidadania. Minha f\u00e9 num Deus vivo, que se fez Homem, \u00e9 a base de sustento da minha milit\u00e2ncia e do exerc\u00edcio da cidadania. A cren\u00e7a, na perspectiva da fraternidade, de que somos todos irm\u00e3os criados por um Deus, ilumina a minha vis\u00e3o de cidadania, de humanidade, de que um outro mundo, de fato, \u00e9 poss\u00edvel. Um mundo com justi\u00e7a, solidariedade, humanidade, n\u00e3o uma busca ego\u00edstica, para interesses pessoais, interesses que acabam se sobrepondo, muitas vezes, aos interesses da maioria. Contudo, essa pergunta precisa ser compreendida e contextualizada. Vimos nas \u00faltimas elei\u00e7\u00f5es uma pluralidade de perspectivas que embaralham as no\u00e7\u00f5es de f\u00e9, religi\u00e3o e posicionamento pol\u00edtico. H\u00e1 uma confus\u00e3o muito grande. Temos observado cat\u00f3licos praticantes, que professam sua f\u00e9 em Deus, em Jesus crucificado, mas n\u00e3o veem problemas em apoiar discursos violentos, de segrega\u00e7\u00e3o dos mais pobres ou de pessoas historicamente postas \u00e0 margem da sociedade. Outro aspecto que eu acho importante considerar \u00e9 que a palavra cidadania. Embora seja muito utilizada, em determinados locais h\u00e1 pessoas que n\u00e3o conhecem o significado real da palavra. Temos nas favelas e periferias da Baixada Fluminense pessoas para as quais a palavra cidadania \u00e9 apenas uma jun\u00e7\u00e3o de letras, totalmente desprovida de sentido. Temos uma presen\u00e7a muito grande de viol\u00eancia policial, agentes do Estado, que executam outros jovens e outras pessoas, escolas que ficam sem funcionar em fun\u00e7\u00e3o dessa viol\u00eancia, crian\u00e7as que passam a noite e madrugada ao som de tiros, profissionais de educa\u00e7\u00e3o que sequer conseguem trabalhar em condi\u00e7\u00f5es dignas. Ou seja, s\u00e3o territ\u00f3rios em que a palavra cidadania n\u00e3o faz sentido, porque eles n\u00e3o conhecem de fato o que \u00e9 se sentir cidad\u00e3o. N\u00e3o sabem o que \u00e9 integrar uma cidade onde a cidadania seja algo real, n\u00e3o somente exercer o voto a cada quatro anos. Acredito que \u00e9 o nosso desafio, para que possamos viver a cidadania, mas uma f\u00e9 que exija de n\u00f3s uma postura cidad\u00e3, uma postura de participa\u00e7\u00e3o nas Pol\u00edticas P\u00fablicas, um senso cr\u00edtico. E n\u00e3o simplesmente fingir que estes problemas n\u00e3o existem e n\u00e3o se interessar pela resolu\u00e7\u00e3o dos mesmos. Para mim, a rela\u00e7\u00e3o entre f\u00e9 e cidadania \u00e9 uma rela\u00e7\u00e3o fundamental, que alimenta meu modo de ver a vida e tamb\u00e9m o trabalho desenvolvido no F\u00f3rum <em>Grita Baixada<\/em>, apesar desta pluralidade religiosa que temos l\u00e1.<\/p>\n<p>Confira o trailer do document\u00e1rio &#8220;Nossos mortos t\u00eam voz&#8221;:<\/p>\n<p><iframe loading=\"lazy\" src=\"https:\/\/www.youtube.com\/embed\/nsVFbAtgl1M\" width=\"100%\" height=\"315\" frameborder=\"0\" allowfullscreen=\"allowfullscreen\"><span data-mce-type=\"bookmark\" style=\"display: inline-block; width: 0px; overflow: hidden; line-height: 0;\" class=\"mce_SELRES_start\">\ufeff<\/span><\/iframe><\/p>\n<p><a href=\"https:\/\/vidacrista.franciscanos.org.br\/especiais\/especial-campanha-da-fraternidade\/\" target=\"_blank\" rel=\"noopener noreferrer\">ESPECIAL SOBRE A CAMPANHA DA FRATERNIDADE<\/a><\/p>\n<hr \/>\n<p><em><strong>Ou\u00e7a a entrevista:<\/strong><\/em><\/p>\n<p><iframe loading=\"lazy\" src=\"https:\/\/w.soundcloud.com\/player\/?url=https%3A\/\/api.soundcloud.com\/tracks\/590578338&amp;color=%23ff5500&amp;auto_play=false&amp;hide_related=false&amp;show_comments=true&amp;show_user=true&amp;show_reposts=false&amp;show_teaser=true\" width=\"100%\" height=\"166\" frameborder=\"no\" scrolling=\"no\"><\/iframe><\/p>\n<p><iframe loading=\"lazy\" src=\"https:\/\/w.soundcloud.com\/player\/?url=https%3A\/\/api.soundcloud.com\/tracks\/590578317&amp;color=%23ff5500&amp;auto_play=false&amp;hide_related=false&amp;show_comments=true&amp;show_user=true&amp;show_reposts=false&amp;show_teaser=true\" width=\"100%\" height=\"166\" frameborder=\"no\" scrolling=\"no\"><\/iframe><\/p>\n<hr \/>\n<p><strong>Confira todas as entrevistas: <\/strong><\/p>\n<p><strong>Tema e Lema da CF | Entrevistado:\u00a0 \u00a0 \u00a0<\/strong><strong><a href=\"https:\/\/franciscanos.org.br\/noticias\/d-leonardo-sejamos-ativos-na-construcao-de-politicas-publicas.html\">Dom Leonardo Ulrich Steiner<\/a><\/strong><\/p>\n<p style=\"padding-left: 30px;\">Bispo Auxiliar de Bras\u00edlia e secret\u00e1rio-geral da CNBB.<\/p>\n<p><strong>Conceito de Pol\u00edticas P\u00fablicas | Entrevistado: <a href=\"https:\/\/franciscanos.org.br\/noticias\/o-que-sao-e-como-funcionam-as-politicas-publicas.html\" target=\"_blank\" rel=\"noopener noreferrer\">Robert Soares do Nascimento<\/a><\/strong><\/p>\n<p style=\"padding-left: 30px;\">Agente de Pastoral, comp\u00f5e o N\u00facleo em Educa\u00e7\u00e3o e Direitos Humanos da UNISAL (Centro Universit\u00e1rio Salesiano de S\u00e3o Paulo) e participa do Grupo de Trabalho de Justi\u00e7a Restaurativa da Comarca de Americana (SP).<\/p>\n<p><strong>Pol\u00edtica como exerc\u00edcio do bem comum | Entrevistado: <a href=\"https:\/\/franciscanos.org.br\/noticias\/politica-como-exercicio-da-busca-do-bem-comum.html\" target=\"_blank\" rel=\"noopener noreferrer\">Felix Fernando Siriani<\/a><\/strong><\/p>\n<p style=\"padding-left: 30px;\">Formado em Gest\u00e3o de Pol\u00edticas P\u00fablicas, especialista em Pedagogia Social, Pastoral Escolar e mestrando em Mudan\u00e7a Social e Pol\u00edticas P\u00fablicas.<\/p>\n<p><strong>Doutrina Social da Igreja | Entrevistado: <a href=\"https:\/\/franciscanos.org.br\/noticias\/uma-boa-igreja-tem-que-ter-um-grande-amor-aos-pobres-afirma-fernando-altemeyer.html\" target=\"_blank\" rel=\"noopener noreferrer\">Prof. Dr. Fernando Altemeyer Junior<\/a><\/strong><\/p>\n<p style=\"padding-left: 30px;\">Chefe do Departamento de Ci\u00eancia da Religi\u00e3o da PUC-SP.<\/p>\n<p><strong>As a\u00e7\u00f5es e ensinamentos de Jesus como inspira\u00e7\u00e3o para pol\u00edticas em favor da cidadania |Entrevistado:\u00a0<a href=\"https:\/\/franciscanos.org.br\/noticias\/o-eixo-das-politicas-publicas-justica-paz-e-alegria.html\" target=\"_blank\" rel=\"noopener noreferrer\">Francisco Orofino<\/a><\/strong><\/p>\n<p style=\"padding-left: 30px;\">Leigo, professor de Teologia B\u00edblica em Nova Igua\u00e7u (RJ) e assessor do CEBI (Centro de Estudos B\u00edblicos) e do ISER Assessoria (Instituto de Estudos da Religi\u00e3o).<\/p>\n<p><strong>Os franciscanos e o engajamento pol\u00edtico | Entrevistado: <a href=\"https:\/\/franciscanos.org.br\/noticias\/frei-vitorio-pede-mais-indignacao-profetica.html\" target=\"_blank\" rel=\"noopener noreferrer\">Frei Vitorio Mazzuco<\/a><\/strong><\/p>\n<p style=\"padding-left: 30px;\">Mestre em espiritualidade e coordenador da Pastoral Universit\u00e1ria da USF.<\/p>\n<p><strong>A import\u00e2ncia dos Movimentos Sociais na busca do bem comum | Entrevistado: <a href=\"https:\/\/franciscanos.org.br\/noticias\/dom-guilherme-e-preciso-reanimar-os-movimentos-sociais.html\" target=\"_blank\" rel=\"noopener noreferrer\">Dom Guilherme Werlang<\/a><\/strong><\/p>\n<p style=\"padding-left: 30px;\">Bispo da Diocese de Lages (SC) e presidente da Comiss\u00e3o Episcopal Pastoral para a A\u00e7\u00e3o Social Transformadora da CNBB.<\/p>\n<p><strong>Pol\u00edticas P\u00fablicas na \u00e1rea da sa\u00fade | Entrevistado: <a href=\"https:\/\/franciscanos.org.br\/noticias\/politicas-publicas-em-favor-da-saude.html\" target=\"_blank\" rel=\"noopener noreferrer\">Fernando Pigatto <\/a><\/strong><\/p>\n<p style=\"padding-left: 30px;\">Presidente do Conselho Nacional de Sa\u00fade (CNS) e Representante da Confedera\u00e7\u00e3o Nacional das Associa\u00e7\u00f5es de Moradores (CONAM).<\/p>\n<p><strong>Pol\u00edticas P\u00fablicas na seguran\u00e7a | Entrevistado: <a href=\"https:\/\/franciscanos.org.br\/noticias\/a-seguranca-publica-precisa-da-integracao-das-instituicoes-e-da-comunidade.html\" target=\"_blank\" rel=\"noopener noreferrer\">Ricardo Bedendo<\/a><\/strong><\/p>\n<p style=\"padding-left: 30px;\">Jornalista e Mestre em Ci\u00eancias Sociais, integra o n\u00facleo de Estudos de Viol\u00eancia e Direitos Humanos da P\u00f3s-Gradua\u00e7\u00e3o em Ci\u00eancias Sociais da Universidade Federal de Juiz de Fora (UFJF).<\/p>\n<p><strong>Pol\u00edticas P\u00fablicas e Assist\u00eancia Social | Entrevistada: <a href=\"https:\/\/franciscanos.org.br\/noticias\/olhar-a-assistencia-social-como-um-direito-nao-um-favor.html\" target=\"_blank\" rel=\"noopener noreferrer\">Rosangela Pezoti<\/a><\/strong><\/p>\n<p style=\"padding-left: 30px;\">Doutora em Servi\u00e7o Social, respons\u00e1vel pelas \u00e1reas t\u00e9cnica e de articula\u00e7\u00e3o pol\u00edtica do Sefras &#8211; Servi\u00e7o Franciscano de Solidariedade.<\/p>\n<p><strong>Pol\u00edticas P\u00fablicas em favor dos negros | Entrevistado: <a href=\"https:\/\/franciscanos.org.br\/noticias\/cf-as-politicas-publicas-em-favor-dos-negros-sao-uma-conquista-de-todos.html\" target=\"_blank\" rel=\"noopener noreferrer\">Frei David Raimundo Santos<\/a><\/strong><\/p>\n<p style=\"padding-left: 30px;\">Presidente da Educafro (Educa\u00e7\u00e3o e Cidadania de Afrodescendentes e Carentes).<\/p>\n<p><strong>Import\u00e2ncia da participa\u00e7\u00e3o nos espa\u00e7os de controle social | Entrevistada: <a href=\"https:\/\/franciscanos.org.br\/noticias\/valdenia-o-controle-social-e-responsabilidade-de-toda-sociedade.html\" target=\"_blank\" rel=\"noopener noreferrer\">Vald\u00eania Paulino<\/a><\/strong><\/p>\n<p style=\"padding-left: 30px;\">Advogada, integra o Centro de Direitos Humanos de Sapopemba (SP)<\/p>\n<p><strong>Pol\u00edticas P\u00fablicas em favor dos \u00edndios e dos povos origin\u00e1rios | Entrevistado: <a href=\"https:\/\/franciscanos.org.br\/noticias\/e-preciso-lutar-para-que-nao-haja-retrocesso-nas-politicas-publicas-em-prol-dos-indigenas.html\" target=\"_blank\" rel=\"noopener noreferrer\">Egon Heck<\/a><\/strong><\/p>\n<p style=\"padding-left: 30px;\">Assessor do secretariado do Conselho Indigenista Mission\u00e1rio \u2013 Cimi.<\/p>\n<p><strong>Pol\u00edticas P\u00fablicas e Juventude | Entrevistada: <a href=\"https:\/\/franciscanos.org.br\/noticias\/por-mais-politicas-que-promovam-igualdade-de-oportunidades-entre-as-juventudes.html\" target=\"_blank\" rel=\"noopener noreferrer\">Anna Luiza Salles Souto<\/a><\/strong><\/p>\n<p style=\"padding-left: 30px;\">Coordenadora da \u00e1rea de Democracia e Participa\u00e7\u00e3o do Instituto P\u00f3lis.<\/p>\n<p><strong>Pol\u00edticas P\u00fablicas e na \u00e1rea da educa\u00e7\u00e3o | Entrevistado: <a href=\"https:\/\/franciscanos.org.br\/noticias\/a-educacao-como-um-instrumento-transformador-da-sociedade.html\" target=\"_blank\" rel=\"noopener noreferrer\">Professor Dilnei Lorenzi<\/a><\/strong><\/p>\n<p style=\"padding-left: 30px;\">Pr\u00f3-Reitor de Ensino, Pesquisa e Extens\u00e3o da Universidade S\u00e3o Francisco (USF).<\/p>\n<p><strong>Sa\u00fade e o bem comum | Entrevistado: <a href=\"https:\/\/franciscanos.org.br\/noticias\/o-papel-da-pastoral-da-saude-nas-politicas-publicas.html\" target=\"_blank\" rel=\"noopener noreferrer\">Pe. Christian de Paul de Barchifontaine<\/a><\/strong><\/p>\n<p style=\"padding-left: 30px;\">Assessor Internacional dos Camilianos na \u00c1rea da Sa\u00fade, Rela\u00e7\u00f5es P\u00fablicas das Organiza\u00e7\u00f5es Camilianas.<\/p>\n<p><strong>O exemplo concreto no Rio de Janeiro | Entrevistado: <a href=\"https:\/\/franciscanos.org.br\/noticias\/o-exemplo-concreto-do-forum-grita-baixada-no-exercicio-das-politicas-publicas.html\" target=\"_blank\" rel=\"noopener noreferrer\">Adriano de Ara\u00fajo<\/a><\/strong><\/p>\n<p style=\"padding-left: 30px;\">Soci\u00f3logo, coordenador do F\u00f3rum Grita Baixada.<\/p>\n","protected":false},"excerpt":{"rendered":"<p>S\u00e9rie Especial da Campanha da Fraternidade 2019<\/p>\n","protected":false},"author":3,"featured_media":202486,"comment_status":"open","ping_status":"open","sticky":false,"template":"","format":"standard","meta":[],"categories":[758],"tags":[180,1431],"acf":[],"yoast_head":"<!-- This site is optimized with the Yoast SEO plugin v19.2 - https:\/\/yoast.com\/wordpress\/plugins\/seo\/ -->\n<title>O exemplo concreto do F\u00f3rum Grita Baixada nas Pol\u00edticas P\u00fablicas - Not\u00edcias - Franciscanos<\/title>\n<meta name=\"robots\" content=\"index, follow, max-snippet:-1, max-image-preview:large, max-video-preview:-1\" \/>\n<link rel=\"canonical\" href=\"https:\/\/franciscanos.org.br\/noticias\/o-exemplo-concreto-do-forum-grita-baixada-no-exercicio-das-politicas-publicas.html\" \/>\n<meta property=\"og:locale\" content=\"pt_BR\" \/>\n<meta property=\"og:type\" content=\"article\" \/>\n<meta property=\"og:title\" content=\"O exemplo concreto do F\u00f3rum Grita Baixada nas Pol\u00edticas P\u00fablicas - Not\u00edcias - Franciscanos\" \/>\n<meta property=\"og:description\" content=\"S\u00e9rie Especial da Campanha da Fraternidade 2019\" \/>\n<meta property=\"og:url\" content=\"https:\/\/franciscanos.org.br\/noticias\/o-exemplo-concreto-do-forum-grita-baixada-no-exercicio-das-politicas-publicas.html\" \/>\n<meta property=\"og:site_name\" content=\"Not\u00edcias - Franciscanos\" \/>\n<meta property=\"article:published_time\" content=\"2019-04-15T13:32:27+00:00\" \/>\n<meta property=\"article:modified_time\" content=\"2019-04-22T17:53:39+00:00\" \/>\n<meta property=\"og:image\" content=\"https:\/\/franciscanos.org.br\/noticias\/wp-content\/uploads\/2019\/04\/adriano_150419d.jpg\" \/>\n\t<meta property=\"og:image:width\" content=\"273\" \/>\n\t<meta property=\"og:image:height\" content=\"181\" \/>\n\t<meta property=\"og:image:type\" content=\"image\/jpeg\" \/>\n<meta name=\"author\" content=\"moacir\" \/>\n<meta name=\"twitter:card\" content=\"summary_large_image\" \/>\n<meta name=\"twitter:label1\" content=\"Escrito por\" \/>\n\t<meta name=\"twitter:data1\" content=\"moacir\" \/>\n\t<meta name=\"twitter:label2\" content=\"Est. tempo de leitura\" \/>\n\t<meta name=\"twitter:data2\" content=\"10 minutos\" \/>\n<script type=\"application\/ld+json\" class=\"yoast-schema-graph\">{\"@context\":\"https:\/\/schema.org\",\"@graph\":[{\"@type\":\"WebSite\",\"@id\":\"https:\/\/franciscanos.org.br\/noticias\/#website\",\"url\":\"https:\/\/franciscanos.org.br\/noticias\/\",\"name\":\"Not\u00edcias - Franciscanos\",\"description\":\"Prov\u00edncia Franciscana da Imaculada Concei\u00e7\u00e3o do Brasil - Ordem dos Frades Menores - OFM\",\"potentialAction\":[{\"@type\":\"SearchAction\",\"target\":{\"@type\":\"EntryPoint\",\"urlTemplate\":\"https:\/\/franciscanos.org.br\/noticias\/?s={search_term_string}\"},\"query-input\":\"required name=search_term_string\"}],\"inLanguage\":\"pt-BR\"},{\"@type\":\"ImageObject\",\"inLanguage\":\"pt-BR\",\"@id\":\"https:\/\/franciscanos.org.br\/noticias\/o-exemplo-concreto-do-forum-grita-baixada-no-exercicio-das-politicas-publicas.html#primaryimage\",\"url\":\"https:\/\/franciscanos.org.br\/noticias\/wp-content\/uploads\/2019\/04\/adriano_150419d.jpg\",\"contentUrl\":\"https:\/\/franciscanos.org.br\/noticias\/wp-content\/uploads\/2019\/04\/adriano_150419d.jpg\",\"width\":273,\"height\":181},{\"@type\":\"WebPage\",\"@id\":\"https:\/\/franciscanos.org.br\/noticias\/o-exemplo-concreto-do-forum-grita-baixada-no-exercicio-das-politicas-publicas.html#webpage\",\"url\":\"https:\/\/franciscanos.org.br\/noticias\/o-exemplo-concreto-do-forum-grita-baixada-no-exercicio-das-politicas-publicas.html\",\"name\":\"O exemplo concreto do F\u00f3rum Grita Baixada nas Pol\u00edticas P\u00fablicas - Not\u00edcias - Franciscanos\",\"isPartOf\":{\"@id\":\"https:\/\/franciscanos.org.br\/noticias\/#website\"},\"primaryImageOfPage\":{\"@id\":\"https:\/\/franciscanos.org.br\/noticias\/o-exemplo-concreto-do-forum-grita-baixada-no-exercicio-das-politicas-publicas.html#primaryimage\"},\"datePublished\":\"2019-04-15T13:32:27+00:00\",\"dateModified\":\"2019-04-22T17:53:39+00:00\",\"author\":{\"@id\":\"https:\/\/franciscanos.org.br\/noticias\/#\/schema\/person\/b5c8cba458c330ccff548b056e95a5d4\"},\"breadcrumb\":{\"@id\":\"https:\/\/franciscanos.org.br\/noticias\/o-exemplo-concreto-do-forum-grita-baixada-no-exercicio-das-politicas-publicas.html#breadcrumb\"},\"inLanguage\":\"pt-BR\",\"potentialAction\":[{\"@type\":\"ReadAction\",\"target\":[\"https:\/\/franciscanos.org.br\/noticias\/o-exemplo-concreto-do-forum-grita-baixada-no-exercicio-das-politicas-publicas.html\"]}]},{\"@type\":\"BreadcrumbList\",\"@id\":\"https:\/\/franciscanos.org.br\/noticias\/o-exemplo-concreto-do-forum-grita-baixada-no-exercicio-das-politicas-publicas.html#breadcrumb\",\"itemListElement\":[{\"@type\":\"ListItem\",\"position\":1,\"name\":\"Home\",\"item\":\"https:\/\/franciscanos.org.br\/noticias\"},{\"@type\":\"ListItem\",\"position\":2,\"name\":\"O exemplo concreto do F\u00f3rum Grita Baixada nas Pol\u00edticas P\u00fablicas\"}]},{\"@type\":\"Person\",\"@id\":\"https:\/\/franciscanos.org.br\/noticias\/#\/schema\/person\/b5c8cba458c330ccff548b056e95a5d4\",\"name\":\"moacir\",\"image\":{\"@type\":\"ImageObject\",\"inLanguage\":\"pt-BR\",\"@id\":\"https:\/\/franciscanos.org.br\/noticias\/#\/schema\/person\/image\/\",\"url\":\"https:\/\/secure.gravatar.com\/avatar\/d08aa2ce4c8dd416d4479aa8536fcf64?s=96&d=mm&r=g\",\"contentUrl\":\"https:\/\/secure.gravatar.com\/avatar\/d08aa2ce4c8dd416d4479aa8536fcf64?s=96&d=mm&r=g\",\"caption\":\"moacir\"},\"url\":\"https:\/\/franciscanos.org.br\/noticias\/author\/moacir\"}]}<\/script>\n<!-- \/ Yoast SEO plugin. -->","yoast_head_json":{"title":"O exemplo concreto do F\u00f3rum Grita Baixada nas Pol\u00edticas P\u00fablicas - Not\u00edcias - Franciscanos","robots":{"index":"index","follow":"follow","max-snippet":"max-snippet:-1","max-image-preview":"max-image-preview:large","max-video-preview":"max-video-preview:-1"},"canonical":"https:\/\/franciscanos.org.br\/noticias\/o-exemplo-concreto-do-forum-grita-baixada-no-exercicio-das-politicas-publicas.html","og_locale":"pt_BR","og_type":"article","og_title":"O exemplo concreto do F\u00f3rum Grita Baixada nas Pol\u00edticas P\u00fablicas - Not\u00edcias - Franciscanos","og_description":"S\u00e9rie Especial da Campanha da Fraternidade 2019","og_url":"https:\/\/franciscanos.org.br\/noticias\/o-exemplo-concreto-do-forum-grita-baixada-no-exercicio-das-politicas-publicas.html","og_site_name":"Not\u00edcias - Franciscanos","article_published_time":"2019-04-15T13:32:27+00:00","article_modified_time":"2019-04-22T17:53:39+00:00","og_image":[{"width":273,"height":181,"url":"https:\/\/franciscanos.org.br\/noticias\/wp-content\/uploads\/2019\/04\/adriano_150419d.jpg","type":"image\/jpeg"}],"author":"moacir","twitter_card":"summary_large_image","twitter_misc":{"Escrito por":"moacir","Est. tempo de leitura":"10 minutos"},"schema":{"@context":"https:\/\/schema.org","@graph":[{"@type":"WebSite","@id":"https:\/\/franciscanos.org.br\/noticias\/#website","url":"https:\/\/franciscanos.org.br\/noticias\/","name":"Not\u00edcias - Franciscanos","description":"Prov\u00edncia Franciscana da Imaculada Concei\u00e7\u00e3o do Brasil - Ordem dos Frades Menores - OFM","potentialAction":[{"@type":"SearchAction","target":{"@type":"EntryPoint","urlTemplate":"https:\/\/franciscanos.org.br\/noticias\/?s={search_term_string}"},"query-input":"required name=search_term_string"}],"inLanguage":"pt-BR"},{"@type":"ImageObject","inLanguage":"pt-BR","@id":"https:\/\/franciscanos.org.br\/noticias\/o-exemplo-concreto-do-forum-grita-baixada-no-exercicio-das-politicas-publicas.html#primaryimage","url":"https:\/\/franciscanos.org.br\/noticias\/wp-content\/uploads\/2019\/04\/adriano_150419d.jpg","contentUrl":"https:\/\/franciscanos.org.br\/noticias\/wp-content\/uploads\/2019\/04\/adriano_150419d.jpg","width":273,"height":181},{"@type":"WebPage","@id":"https:\/\/franciscanos.org.br\/noticias\/o-exemplo-concreto-do-forum-grita-baixada-no-exercicio-das-politicas-publicas.html#webpage","url":"https:\/\/franciscanos.org.br\/noticias\/o-exemplo-concreto-do-forum-grita-baixada-no-exercicio-das-politicas-publicas.html","name":"O exemplo concreto do F\u00f3rum Grita Baixada nas Pol\u00edticas P\u00fablicas - Not\u00edcias - Franciscanos","isPartOf":{"@id":"https:\/\/franciscanos.org.br\/noticias\/#website"},"primaryImageOfPage":{"@id":"https:\/\/franciscanos.org.br\/noticias\/o-exemplo-concreto-do-forum-grita-baixada-no-exercicio-das-politicas-publicas.html#primaryimage"},"datePublished":"2019-04-15T13:32:27+00:00","dateModified":"2019-04-22T17:53:39+00:00","author":{"@id":"https:\/\/franciscanos.org.br\/noticias\/#\/schema\/person\/b5c8cba458c330ccff548b056e95a5d4"},"breadcrumb":{"@id":"https:\/\/franciscanos.org.br\/noticias\/o-exemplo-concreto-do-forum-grita-baixada-no-exercicio-das-politicas-publicas.html#breadcrumb"},"inLanguage":"pt-BR","potentialAction":[{"@type":"ReadAction","target":["https:\/\/franciscanos.org.br\/noticias\/o-exemplo-concreto-do-forum-grita-baixada-no-exercicio-das-politicas-publicas.html"]}]},{"@type":"BreadcrumbList","@id":"https:\/\/franciscanos.org.br\/noticias\/o-exemplo-concreto-do-forum-grita-baixada-no-exercicio-das-politicas-publicas.html#breadcrumb","itemListElement":[{"@type":"ListItem","position":1,"name":"Home","item":"https:\/\/franciscanos.org.br\/noticias"},{"@type":"ListItem","position":2,"name":"O exemplo concreto do F\u00f3rum Grita Baixada nas Pol\u00edticas P\u00fablicas"}]},{"@type":"Person","@id":"https:\/\/franciscanos.org.br\/noticias\/#\/schema\/person\/b5c8cba458c330ccff548b056e95a5d4","name":"moacir","image":{"@type":"ImageObject","inLanguage":"pt-BR","@id":"https:\/\/franciscanos.org.br\/noticias\/#\/schema\/person\/image\/","url":"https:\/\/secure.gravatar.com\/avatar\/d08aa2ce4c8dd416d4479aa8536fcf64?s=96&d=mm&r=g","contentUrl":"https:\/\/secure.gravatar.com\/avatar\/d08aa2ce4c8dd416d4479aa8536fcf64?s=96&d=mm&r=g","caption":"moacir"},"url":"https:\/\/franciscanos.org.br\/noticias\/author\/moacir"}]}},"_links":{"self":[{"href":"https:\/\/franciscanos.org.br\/noticias\/wp-json\/wp\/v2\/posts\/202485"}],"collection":[{"href":"https:\/\/franciscanos.org.br\/noticias\/wp-json\/wp\/v2\/posts"}],"about":[{"href":"https:\/\/franciscanos.org.br\/noticias\/wp-json\/wp\/v2\/types\/post"}],"author":[{"embeddable":true,"href":"https:\/\/franciscanos.org.br\/noticias\/wp-json\/wp\/v2\/users\/3"}],"replies":[{"embeddable":true,"href":"https:\/\/franciscanos.org.br\/noticias\/wp-json\/wp\/v2\/comments?post=202485"}],"version-history":[{"count":0,"href":"https:\/\/franciscanos.org.br\/noticias\/wp-json\/wp\/v2\/posts\/202485\/revisions"}],"wp:featuredmedia":[{"embeddable":true,"href":"https:\/\/franciscanos.org.br\/noticias\/wp-json\/wp\/v2\/media\/202486"}],"wp:attachment":[{"href":"https:\/\/franciscanos.org.br\/noticias\/wp-json\/wp\/v2\/media?parent=202485"}],"wp:term":[{"taxonomy":"category","embeddable":true,"href":"https:\/\/franciscanos.org.br\/noticias\/wp-json\/wp\/v2\/categories?post=202485"},{"taxonomy":"post_tag","embeddable":true,"href":"https:\/\/franciscanos.org.br\/noticias\/wp-json\/wp\/v2\/tags?post=202485"}],"curies":[{"name":"wp","href":"https:\/\/api.w.org\/{rel}","templated":true}]}}