{"id":202465,"date":"2019-04-14T15:31:31","date_gmt":"2019-04-14T18:31:31","guid":{"rendered":"https:\/\/franciscanos.org.br\/noticias\/?p=202465"},"modified":"2020-08-04T14:11:09","modified_gmt":"2020-08-04T17:11:09","slug":"papa-francisco-jesus-permanece-fiel-ao-caminho-da-humildade","status":"publish","type":"post","link":"https:\/\/franciscanos.org.br\/noticias\/papa-francisco-jesus-permanece-fiel-ao-caminho-da-humildade.html","title":{"rendered":"Papa Francisco: Jesus permanece fiel ao caminho da humildade"},"content":{"rendered":"<p><img loading=\"lazy\" class=\"alignnone wp-image-202466 size-full\" src=\"https:\/\/franciscanos.org.br\/noticias\/wp-content\/uploads\/2019\/04\/ramos_140419.jpg\" alt=\"\" width=\"890\" height=\"500\" srcset=\"https:\/\/franciscanos.org.br\/noticias\/wp-content\/uploads\/2019\/04\/ramos_140419.jpg 890w, https:\/\/franciscanos.org.br\/noticias\/wp-content\/uploads\/2019\/04\/ramos_140419-450x253.jpg 450w, https:\/\/franciscanos.org.br\/noticias\/wp-content\/uploads\/2019\/04\/ramos_140419-768x431.jpg 768w, https:\/\/franciscanos.org.br\/noticias\/wp-content\/uploads\/2019\/04\/ramos_140419-150x84.jpg 150w\" sizes=\"(max-width: 890px) 100vw, 890px\" \/><\/p>\n<p><strong>Cidade do Vaticano &#8211;<\/strong> O Papa Francisco presidiu a missa, deste Domingo de Ramos e da Paix\u00e3o do Senhor (14\/04), na Pra\u00e7a S\u00e3o Pedro, que contou com a participa\u00e7\u00e3o de milhares de fi\u00e9is. A liturgia solene da Paix\u00e3o do Senhor come\u00e7ou com a b\u00ean\u00e7\u00e3o dos ramos de oliveira, perto do obelisco situado no centro da Pra\u00e7a S\u00e3o Pedro. A seguir, houve a prociss\u00e3o at\u00e9 o adro da Bas\u00edlica de S\u00e3o Pedro.<\/p>\n<p>Em sua\u00a0homilia, Francisco destacou que Jesus nos mostra no Evangelho deste domingo \u201ccomo enfrentar os momentos dif\u00edceis e as tenta\u00e7\u00f5es mais insidiosas, guardando no cora\u00e7\u00e3o uma paz que n\u00e3o \u00e9 isolamento, n\u00e3o \u00e9 ficar impass\u00edvel nem fazer o super-homem, mas confiante abandono ao Pai e \u00e0 sua vontade de salva\u00e7\u00e3o, de vida e miseric\u00f3rdia\u201d.<\/p>\n<p><strong>Jesus nos mostra o caminho<\/strong><br \/>\nNa sua entrada em Jerusal\u00e9m, Jesus \u201ctamb\u00e9m nos mostra o caminho. Nesse acontecimento, o maligno, o pr\u00edncipe deste mundo, tinha uma carta para jogar: a carta do\u00a0triunfalismo, e o Senhor respondeu permanecendo fiel ao seu caminho,\u00a0o caminho da humildade\u201d.<\/p>\n<p>Segundo o Papa, \u201co triunfalismo procura tornar a meta mais pr\u00f3xima por meio de atalhos, falsos comprometimentos. Aposta na subida para o carro do vencedor. O triunfalismo vive de gestos e palavras, que n\u00e3o passaram pelo cadinho da cruz; alimenta-se da compara\u00e7\u00e3o com os outros, julgando-os sempre piores, defeituosos e falhos&#8230; Uma forma sutil de triunfalismo \u00e9 a mundanidade espiritual, que \u00e9 o maior perigo, a mais p\u00e9rfida tenta\u00e7\u00e3o que amea\u00e7a a Igreja. Jesus destruiu o triunfalismo com a sua Paix\u00e3o\u201d.<\/p>\n<p>\u201cO Senhor realmente aceitou e alegrou-se com a iniciativa do povo, com os jovens que gritavam o seu nome, aclamando-o Rei e Messias. O seu cora\u00e7\u00e3o rejubilava ao ver o entusiasmo e a festa dos pobres de Israel, de tal maneira que, aos fariseus que lhe pediam para censurar os disc\u00edpulos pelas suas escandalosas aclama\u00e7\u00f5es, Jesus respondeu: \u00abSe eles se calarem, as pedras gritar\u00e3o\u00bb. Humildade n\u00e3o significa negar a realidade, e Jesus \u00e9 realmente o Messias, o Rei.\u201d<\/p>\n<p>O Pont\u00edfice frisou que \u201cao mesmo tempo\u00a0o cora\u00e7\u00e3o de Cristo encontra-se noutro caminho, no caminho santo que s\u00f3 Ele e o Pai conhecem: aquele que vai da \u00abcondi\u00e7\u00e3o divina\u00bb \u00e0 \u00abcondi\u00e7\u00e3o de servo\u00bb, o caminho da humilha\u00e7\u00e3o na obedi\u00eancia \u00abat\u00e9 \u00e0 morte e morte de cruz\u00bb.\u201d<\/p>\n<p><img loading=\"lazy\" class=\"alignnone wp-image-202468 size-full\" src=\"https:\/\/franciscanos.org.br\/noticias\/wp-content\/uploads\/2019\/04\/ramos_140419_2.jpg\" alt=\"\" width=\"890\" height=\"400\" srcset=\"https:\/\/franciscanos.org.br\/noticias\/wp-content\/uploads\/2019\/04\/ramos_140419_2.jpg 890w, https:\/\/franciscanos.org.br\/noticias\/wp-content\/uploads\/2019\/04\/ramos_140419_2-450x202.jpg 450w, https:\/\/franciscanos.org.br\/noticias\/wp-content\/uploads\/2019\/04\/ramos_140419_2-768x345.jpg 768w, https:\/\/franciscanos.org.br\/noticias\/wp-content\/uploads\/2019\/04\/ramos_140419_2-150x67.jpg 150w\" sizes=\"(max-width: 890px) 100vw, 890px\" \/><strong>Dar espa\u00e7o a Deus<\/strong><br \/>\nJesus \u201csabe que, para chegar ao verdadeiro triunfo, deve\u00a0dar espa\u00e7o a Deus; e, para dar espa\u00e7o a Deus, h\u00e1 somente uma maneira: o\u00a0despojamento, o\u00a0esvaziamento de si mesmo. Calar, rezar, humilhar-se. Com a cruz, n\u00e3o se pode negociar: se deve abra\u00e7\u00e1-la ou recus\u00e1-la. E, com a sua humilha\u00e7\u00e3o, Jesus quis abrir-nos\u00a0o caminho da f\u00e9\u00a0e preceder-nos nele\u201d.<\/p>\n<p>O Papa recordou que, atr\u00e1s de Jesus, a primeira a percorreu esse caminho \u201cfoi a sua\u00a0M\u00e3e, Maria, a primeira disc\u00edpula. A Virgem e os santos tiveram que padecer para caminhar na f\u00e9 e na vontade de Deus. No meio dos acontecimentos duros e dolorosos da vida, responder com a f\u00e9 custa \u00abum particular aperto do cora\u00e7\u00e3o\u00bb. \u00c9 a noite da f\u00e9. Mas, s\u00f3 desta noite \u00e9 que desponta a aurora da ressurrei\u00e7\u00e3o. Aos p\u00e9s da cruz, Maria repensou nas palavras com as quais o Anjo lhe anunciou o seu Filho: \u00abEle ser\u00e1 grande (\u2026). O Senhor Deus dar\u00e1 a ele o trono de seu pai Davi, reinar\u00e1 para sempre sobre a casa de Jac\u00f3 e o seu reino n\u00e3o ter\u00e1 fim\u00bb.\u201d<\/p>\n<p>Francisco sublinhou que \u201cno G\u00f3lgota, Maria se depara com a nega\u00e7\u00e3o total daquela promessa: o seu Filho agoniza numa cruz como um malfeitor. Deste modo o triunfalismo, destru\u00eddo pela humilha\u00e7\u00e3o de Jesus, foi igualmente destru\u00eddo no cora\u00e7\u00e3o da M\u00e3e; ambos souberam calar\u201d. Depois de Maria, v\u00e1rios santos e santas \u201cseguiram Jesus pelo caminho da humildade e da obedi\u00eancia\u201d.<\/p>\n<p><img loading=\"lazy\" class=\"alignnone wp-image-202469 size-full\" src=\"https:\/\/franciscanos.org.br\/noticias\/wp-content\/uploads\/2019\/04\/ramos_140419_3.jpg\" alt=\"\" width=\"890\" height=\"400\" srcset=\"https:\/\/franciscanos.org.br\/noticias\/wp-content\/uploads\/2019\/04\/ramos_140419_3.jpg 890w, https:\/\/franciscanos.org.br\/noticias\/wp-content\/uploads\/2019\/04\/ramos_140419_3-450x202.jpg 450w, https:\/\/franciscanos.org.br\/noticias\/wp-content\/uploads\/2019\/04\/ramos_140419_3-768x345.jpg 768w, https:\/\/franciscanos.org.br\/noticias\/wp-content\/uploads\/2019\/04\/ramos_140419_3-150x67.jpg 150w\" sizes=\"(max-width: 890px) 100vw, 890px\" \/><\/p>\n<p><strong>Jornada Mundial da Juventude diocesana<\/strong><br \/>\nCelebra-se tamb\u00e9m neste domingo a 34\u00aa Jornada Mundial da Juventude. As JMJ s\u00e3o realizadas anualmente no \u00e2mbito diocesano, no Domingo de Ramos. Este ano, o tema da Jornada Mundial da Juventude diocesana \u00e9 \u201cEis aqui a serva do Senhor. Fa\u00e7a-se em mim segundo a tua palavra (Lc 1, 38)\u201d. A esse prop\u00f3sito o Papa disse:<\/p>\n<p>\u201cHoje, Jornada Mundial da Juventude, quero lembrar os in\u00fameros santos e santas jovens, especialmente os da \u00abporta ao lado\u00bb, que s\u00f3 Deus conhece e que \u00e0s vezes Ele gosta de nos revelar de surpresa. Queridos jovens, n\u00e3o tenham vergonha de manifestar o seu entusiasmo por Jesus, gritar que\u00a0Ele vive, que \u00e9 a sua vida. Mas, ao mesmo tempo n\u00e3o tenham medo de segui-lo pelo caminho da cruz. E quando sentirem que Ele lhes pede para renunciar a si mesmos, para se despojar das pr\u00f3prias seguran\u00e7as confiando completamente no Pai que est\u00e1 nos c\u00e9us, ent\u00e3o alegrem-se e exultem! Voc\u00eas est\u00e3o no caminho do Reino de Deus.\u201d<\/p>\n<p><strong>Sil\u00eancio de Jesus<\/strong><br \/>\nSegundo o Papa, \u201c\u00e9 impressionante\u00a0o sil\u00eancio de Jesus\u00a0na sua Paix\u00e3o. Vence inclusivamente a tenta\u00e7\u00e3o de responder, de ser \u00abmidi\u00e1tico\u00bb. Nos momentos de escurid\u00e3o e grande tribula\u00e7\u00e3o, \u00e9 preciso ficar calado, ter a coragem de calar, contanto que seja um calar manso e n\u00e3o rancoroso\u201d.<\/p>\n<p>\u201cA mansid\u00e3o do sil\u00eancio nos far\u00e1 parecer ainda mais fr\u00e1geis, mais humilhados, e ent\u00e3o o dem\u00f4nio, ganhando coragem, sair\u00e1. Ser\u00e1 necess\u00e1rio resistir-lhe em sil\u00eancio, \u00abconservando a posi\u00e7\u00e3o\u00bb, mas com a mesma atitude de Jesus. Ele sabe que a guerra \u00e9 entre Deus e o pr\u00edncipe deste mundo, e n\u00e3o se trata de empunhar a espada, mas de permanecer calmos, firmes na f\u00e9. Enquanto esperamos que o Senhor venha e acalme a tempestade, com o nosso testemunho silencioso na ora\u00e7\u00e3o, demos a n\u00f3s mesmos e aos outros a \u00abraz\u00e3o da esperan\u00e7a que est\u00e1 em [n\u00f3s]\u00bb\u201d, concluiu Francisco.<\/p>\n<hr \/>\n<p><strong>FONTE: <a href=\"https:\/\/www.vaticannews.va\/pt.html\">Vatican News<\/a><\/strong><\/p>\n<h3 style=\"text-align: center;\"><\/h3>\n","protected":false},"excerpt":{"rendered":"<p>Cidade do Vaticano &#8211; O Papa Francisco presidiu a missa, deste Domingo de Ramos e da Paix\u00e3o do Senhor (14\/04), na Pra\u00e7a S\u00e3o Pedro, que contou com a participa\u00e7\u00e3o de milhares de fi\u00e9is. A liturgia solene da Paix\u00e3o do Senhor come\u00e7ou com a b\u00ean\u00e7\u00e3o dos ramos de oliveira, perto do obelisco situado no centro da [&hellip;]<\/p>\n","protected":false},"author":3,"featured_media":202467,"comment_status":"open","ping_status":"open","sticky":false,"template":"","format":"standard","meta":[],"categories":[1428],"tags":[403,1432,55],"acf":[],"yoast_head":"<!-- This site is optimized with the Yoast SEO plugin v19.2 - https:\/\/yoast.com\/wordpress\/plugins\/seo\/ -->\n<title>Papa Francisco: Jesus permanece fiel ao caminho da humildade - Not\u00edcias - Franciscanos<\/title>\n<meta name=\"robots\" content=\"index, follow, max-snippet:-1, max-image-preview:large, max-video-preview:-1\" \/>\n<link rel=\"canonical\" href=\"https:\/\/franciscanos.org.br\/noticias\/papa-francisco-jesus-permanece-fiel-ao-caminho-da-humildade.html\" \/>\n<meta property=\"og:locale\" content=\"pt_BR\" \/>\n<meta property=\"og:type\" content=\"article\" \/>\n<meta property=\"og:title\" content=\"Papa Francisco: Jesus permanece fiel ao caminho da humildade - Not\u00edcias - Franciscanos\" \/>\n<meta property=\"og:description\" content=\"Cidade do Vaticano &#8211; O Papa Francisco presidiu a missa, deste Domingo de Ramos e da Paix\u00e3o do Senhor (14\/04), na Pra\u00e7a S\u00e3o Pedro, que contou com a participa\u00e7\u00e3o de milhares de fi\u00e9is. A liturgia solene da Paix\u00e3o do Senhor come\u00e7ou com a b\u00ean\u00e7\u00e3o dos ramos de oliveira, perto do obelisco situado no centro da [&hellip;]\" \/>\n<meta property=\"og:url\" content=\"https:\/\/franciscanos.org.br\/noticias\/papa-francisco-jesus-permanece-fiel-ao-caminho-da-humildade.html\" \/>\n<meta property=\"og:site_name\" content=\"Not\u00edcias - Franciscanos\" \/>\n<meta property=\"article:published_time\" content=\"2019-04-14T18:31:31+00:00\" \/>\n<meta property=\"article:modified_time\" content=\"2020-08-04T17:11:09+00:00\" \/>\n<meta property=\"og:image\" content=\"https:\/\/franciscanos.org.br\/noticias\/wp-content\/uploads\/2019\/04\/ramos_140419_1.jpg\" \/>\n\t<meta property=\"og:image:width\" content=\"273\" \/>\n\t<meta property=\"og:image:height\" content=\"181\" \/>\n\t<meta property=\"og:image:type\" content=\"image\/jpeg\" \/>\n<meta name=\"author\" content=\"moacir\" \/>\n<meta name=\"twitter:card\" content=\"summary_large_image\" \/>\n<meta name=\"twitter:label1\" content=\"Escrito por\" \/>\n\t<meta name=\"twitter:data1\" content=\"moacir\" \/>\n\t<meta name=\"twitter:label2\" content=\"Est. tempo de leitura\" \/>\n\t<meta name=\"twitter:data2\" content=\"5 minutos\" \/>\n<script type=\"application\/ld+json\" class=\"yoast-schema-graph\">{\"@context\":\"https:\/\/schema.org\",\"@graph\":[{\"@type\":\"WebSite\",\"@id\":\"https:\/\/franciscanos.org.br\/noticias\/#website\",\"url\":\"https:\/\/franciscanos.org.br\/noticias\/\",\"name\":\"Not\u00edcias - Franciscanos\",\"description\":\"Prov\u00edncia Franciscana da Imaculada Concei\u00e7\u00e3o do Brasil - Ordem dos Frades Menores - OFM\",\"potentialAction\":[{\"@type\":\"SearchAction\",\"target\":{\"@type\":\"EntryPoint\",\"urlTemplate\":\"https:\/\/franciscanos.org.br\/noticias\/?s={search_term_string}\"},\"query-input\":\"required name=search_term_string\"}],\"inLanguage\":\"pt-BR\"},{\"@type\":\"ImageObject\",\"inLanguage\":\"pt-BR\",\"@id\":\"https:\/\/franciscanos.org.br\/noticias\/papa-francisco-jesus-permanece-fiel-ao-caminho-da-humildade.html#primaryimage\",\"url\":\"https:\/\/franciscanos.org.br\/noticias\/wp-content\/uploads\/2019\/04\/ramos_140419_1.jpg\",\"contentUrl\":\"https:\/\/franciscanos.org.br\/noticias\/wp-content\/uploads\/2019\/04\/ramos_140419_1.jpg\",\"width\":273,\"height\":181},{\"@type\":\"WebPage\",\"@id\":\"https:\/\/franciscanos.org.br\/noticias\/papa-francisco-jesus-permanece-fiel-ao-caminho-da-humildade.html#webpage\",\"url\":\"https:\/\/franciscanos.org.br\/noticias\/papa-francisco-jesus-permanece-fiel-ao-caminho-da-humildade.html\",\"name\":\"Papa Francisco: Jesus permanece fiel ao caminho da humildade - Not\u00edcias - Franciscanos\",\"isPartOf\":{\"@id\":\"https:\/\/franciscanos.org.br\/noticias\/#website\"},\"primaryImageOfPage\":{\"@id\":\"https:\/\/franciscanos.org.br\/noticias\/papa-francisco-jesus-permanece-fiel-ao-caminho-da-humildade.html#primaryimage\"},\"datePublished\":\"2019-04-14T18:31:31+00:00\",\"dateModified\":\"2020-08-04T17:11:09+00:00\",\"author\":{\"@id\":\"https:\/\/franciscanos.org.br\/noticias\/#\/schema\/person\/b5c8cba458c330ccff548b056e95a5d4\"},\"breadcrumb\":{\"@id\":\"https:\/\/franciscanos.org.br\/noticias\/papa-francisco-jesus-permanece-fiel-ao-caminho-da-humildade.html#breadcrumb\"},\"inLanguage\":\"pt-BR\",\"potentialAction\":[{\"@type\":\"ReadAction\",\"target\":[\"https:\/\/franciscanos.org.br\/noticias\/papa-francisco-jesus-permanece-fiel-ao-caminho-da-humildade.html\"]}]},{\"@type\":\"BreadcrumbList\",\"@id\":\"https:\/\/franciscanos.org.br\/noticias\/papa-francisco-jesus-permanece-fiel-ao-caminho-da-humildade.html#breadcrumb\",\"itemListElement\":[{\"@type\":\"ListItem\",\"position\":1,\"name\":\"Home\",\"item\":\"https:\/\/franciscanos.org.br\/noticias\"},{\"@type\":\"ListItem\",\"position\":2,\"name\":\"Papa Francisco: Jesus permanece fiel ao caminho da humildade\"}]},{\"@type\":\"Person\",\"@id\":\"https:\/\/franciscanos.org.br\/noticias\/#\/schema\/person\/b5c8cba458c330ccff548b056e95a5d4\",\"name\":\"moacir\",\"image\":{\"@type\":\"ImageObject\",\"inLanguage\":\"pt-BR\",\"@id\":\"https:\/\/franciscanos.org.br\/noticias\/#\/schema\/person\/image\/\",\"url\":\"https:\/\/secure.gravatar.com\/avatar\/d08aa2ce4c8dd416d4479aa8536fcf64?s=96&d=mm&r=g\",\"contentUrl\":\"https:\/\/secure.gravatar.com\/avatar\/d08aa2ce4c8dd416d4479aa8536fcf64?s=96&d=mm&r=g\",\"caption\":\"moacir\"},\"url\":\"https:\/\/franciscanos.org.br\/noticias\/author\/moacir\"}]}<\/script>\n<!-- \/ Yoast SEO plugin. -->","yoast_head_json":{"title":"Papa Francisco: Jesus permanece fiel ao caminho da humildade - Not\u00edcias - Franciscanos","robots":{"index":"index","follow":"follow","max-snippet":"max-snippet:-1","max-image-preview":"max-image-preview:large","max-video-preview":"max-video-preview:-1"},"canonical":"https:\/\/franciscanos.org.br\/noticias\/papa-francisco-jesus-permanece-fiel-ao-caminho-da-humildade.html","og_locale":"pt_BR","og_type":"article","og_title":"Papa Francisco: Jesus permanece fiel ao caminho da humildade - Not\u00edcias - Franciscanos","og_description":"Cidade do Vaticano &#8211; O Papa Francisco presidiu a missa, deste Domingo de Ramos e da Paix\u00e3o do Senhor (14\/04), na Pra\u00e7a S\u00e3o Pedro, que contou com a participa\u00e7\u00e3o de milhares de fi\u00e9is. A liturgia solene da Paix\u00e3o do Senhor come\u00e7ou com a b\u00ean\u00e7\u00e3o dos ramos de oliveira, perto do obelisco situado no centro da [&hellip;]","og_url":"https:\/\/franciscanos.org.br\/noticias\/papa-francisco-jesus-permanece-fiel-ao-caminho-da-humildade.html","og_site_name":"Not\u00edcias - Franciscanos","article_published_time":"2019-04-14T18:31:31+00:00","article_modified_time":"2020-08-04T17:11:09+00:00","og_image":[{"width":273,"height":181,"url":"https:\/\/franciscanos.org.br\/noticias\/wp-content\/uploads\/2019\/04\/ramos_140419_1.jpg","type":"image\/jpeg"}],"author":"moacir","twitter_card":"summary_large_image","twitter_misc":{"Escrito por":"moacir","Est. tempo de leitura":"5 minutos"},"schema":{"@context":"https:\/\/schema.org","@graph":[{"@type":"WebSite","@id":"https:\/\/franciscanos.org.br\/noticias\/#website","url":"https:\/\/franciscanos.org.br\/noticias\/","name":"Not\u00edcias - Franciscanos","description":"Prov\u00edncia Franciscana da Imaculada Concei\u00e7\u00e3o do Brasil - Ordem dos Frades Menores - OFM","potentialAction":[{"@type":"SearchAction","target":{"@type":"EntryPoint","urlTemplate":"https:\/\/franciscanos.org.br\/noticias\/?s={search_term_string}"},"query-input":"required name=search_term_string"}],"inLanguage":"pt-BR"},{"@type":"ImageObject","inLanguage":"pt-BR","@id":"https:\/\/franciscanos.org.br\/noticias\/papa-francisco-jesus-permanece-fiel-ao-caminho-da-humildade.html#primaryimage","url":"https:\/\/franciscanos.org.br\/noticias\/wp-content\/uploads\/2019\/04\/ramos_140419_1.jpg","contentUrl":"https:\/\/franciscanos.org.br\/noticias\/wp-content\/uploads\/2019\/04\/ramos_140419_1.jpg","width":273,"height":181},{"@type":"WebPage","@id":"https:\/\/franciscanos.org.br\/noticias\/papa-francisco-jesus-permanece-fiel-ao-caminho-da-humildade.html#webpage","url":"https:\/\/franciscanos.org.br\/noticias\/papa-francisco-jesus-permanece-fiel-ao-caminho-da-humildade.html","name":"Papa Francisco: Jesus permanece fiel ao caminho da humildade - Not\u00edcias - Franciscanos","isPartOf":{"@id":"https:\/\/franciscanos.org.br\/noticias\/#website"},"primaryImageOfPage":{"@id":"https:\/\/franciscanos.org.br\/noticias\/papa-francisco-jesus-permanece-fiel-ao-caminho-da-humildade.html#primaryimage"},"datePublished":"2019-04-14T18:31:31+00:00","dateModified":"2020-08-04T17:11:09+00:00","author":{"@id":"https:\/\/franciscanos.org.br\/noticias\/#\/schema\/person\/b5c8cba458c330ccff548b056e95a5d4"},"breadcrumb":{"@id":"https:\/\/franciscanos.org.br\/noticias\/papa-francisco-jesus-permanece-fiel-ao-caminho-da-humildade.html#breadcrumb"},"inLanguage":"pt-BR","potentialAction":[{"@type":"ReadAction","target":["https:\/\/franciscanos.org.br\/noticias\/papa-francisco-jesus-permanece-fiel-ao-caminho-da-humildade.html"]}]},{"@type":"BreadcrumbList","@id":"https:\/\/franciscanos.org.br\/noticias\/papa-francisco-jesus-permanece-fiel-ao-caminho-da-humildade.html#breadcrumb","itemListElement":[{"@type":"ListItem","position":1,"name":"Home","item":"https:\/\/franciscanos.org.br\/noticias"},{"@type":"ListItem","position":2,"name":"Papa Francisco: Jesus permanece fiel ao caminho da humildade"}]},{"@type":"Person","@id":"https:\/\/franciscanos.org.br\/noticias\/#\/schema\/person\/b5c8cba458c330ccff548b056e95a5d4","name":"moacir","image":{"@type":"ImageObject","inLanguage":"pt-BR","@id":"https:\/\/franciscanos.org.br\/noticias\/#\/schema\/person\/image\/","url":"https:\/\/secure.gravatar.com\/avatar\/d08aa2ce4c8dd416d4479aa8536fcf64?s=96&d=mm&r=g","contentUrl":"https:\/\/secure.gravatar.com\/avatar\/d08aa2ce4c8dd416d4479aa8536fcf64?s=96&d=mm&r=g","caption":"moacir"},"url":"https:\/\/franciscanos.org.br\/noticias\/author\/moacir"}]}},"_links":{"self":[{"href":"https:\/\/franciscanos.org.br\/noticias\/wp-json\/wp\/v2\/posts\/202465"}],"collection":[{"href":"https:\/\/franciscanos.org.br\/noticias\/wp-json\/wp\/v2\/posts"}],"about":[{"href":"https:\/\/franciscanos.org.br\/noticias\/wp-json\/wp\/v2\/types\/post"}],"author":[{"embeddable":true,"href":"https:\/\/franciscanos.org.br\/noticias\/wp-json\/wp\/v2\/users\/3"}],"replies":[{"embeddable":true,"href":"https:\/\/franciscanos.org.br\/noticias\/wp-json\/wp\/v2\/comments?post=202465"}],"version-history":[{"count":1,"href":"https:\/\/franciscanos.org.br\/noticias\/wp-json\/wp\/v2\/posts\/202465\/revisions"}],"predecessor-version":[{"id":227444,"href":"https:\/\/franciscanos.org.br\/noticias\/wp-json\/wp\/v2\/posts\/202465\/revisions\/227444"}],"wp:featuredmedia":[{"embeddable":true,"href":"https:\/\/franciscanos.org.br\/noticias\/wp-json\/wp\/v2\/media\/202467"}],"wp:attachment":[{"href":"https:\/\/franciscanos.org.br\/noticias\/wp-json\/wp\/v2\/media?parent=202465"}],"wp:term":[{"taxonomy":"category","embeddable":true,"href":"https:\/\/franciscanos.org.br\/noticias\/wp-json\/wp\/v2\/categories?post=202465"},{"taxonomy":"post_tag","embeddable":true,"href":"https:\/\/franciscanos.org.br\/noticias\/wp-json\/wp\/v2\/tags?post=202465"}],"curies":[{"name":"wp","href":"https:\/\/api.w.org\/{rel}","templated":true}]}}