{"id":202410,"date":"2019-04-12T05:36:59","date_gmt":"2019-04-12T08:36:59","guid":{"rendered":"https:\/\/franciscanos.org.br\/noticias\/?p=202410"},"modified":"2019-04-12T12:47:24","modified_gmt":"2019-04-12T15:47:24","slug":"papavisita","status":"publish","type":"post","link":"https:\/\/franciscanos.org.br\/noticias\/papavisita.html","title":{"rendered":"Sexta-feira da Miseric\u00f3rdia, Papa visita doentes com Alzheimer"},"content":{"rendered":"<h1><img loading=\"lazy\" class=\"alignnone size-full wp-image-202411\" src=\"https:\/\/franciscanos.org.br\/noticias\/wp-content\/uploads\/2019\/04\/papa_visita_120419.jpg\" alt=\"\" width=\"890\" height=\"501\" srcset=\"https:\/\/franciscanos.org.br\/noticias\/wp-content\/uploads\/2019\/04\/papa_visita_120419.jpg 890w, https:\/\/franciscanos.org.br\/noticias\/wp-content\/uploads\/2019\/04\/papa_visita_120419-450x253.jpg 450w, https:\/\/franciscanos.org.br\/noticias\/wp-content\/uploads\/2019\/04\/papa_visita_120419-768x432.jpg 768w, https:\/\/franciscanos.org.br\/noticias\/wp-content\/uploads\/2019\/04\/papa_visita_120419-150x84.jpg 150w\" sizes=\"(max-width: 890px) 100vw, 890px\" \/><\/h1>\n<h1 class=\"article__title\">Sexta-feira da Miseric\u00f3rdia, Papa visita doentes com Alzheimer<\/h1>\n<div class=\"article__subTitle\"><em>Visita surpresa do Papa Francisco no \u201cVillagio Emanuele\u201d, uma estrutura no bairro romano Bufalotta que abriga pessoas com a doen\u00e7a de Alzheimer<\/em><\/div>\n<div class=\"title__separator\"><\/div>\n<div class=\"article__text\">\n<p>Hoje, 12 de mar\u00e7o, \u00e9 uma sexta-feira marcada pela miseric\u00f3rdia, uma tarde cheia de emo\u00e7\u00f5es, ritmada pelo abra\u00e7o do Papa Francisco a pessoas que, dia ap\u00f3s dia, perdem a mem\u00f3ria e a vida. Neste dia especial, encaixado entre o Calv\u00e1rio da doen\u00e7a e a esperan\u00e7a da P\u00e1scoa, as luzes mais fortes s\u00e3o as que acompanham a alegre surpresa dos residentes do \u201cVillaggio Emanuele\u201d. Para os moradores desta estrutura residencial, que sofrem da doen\u00e7a neurodegenerativa de Alzheimer, que destr\u00f3i a mente e as recorda\u00e7\u00f5es, o encontro com Francisco foi revigorante. O Papa \u00e9 uma nesga de luz na mem\u00f3ria, seu rosto \u00e9 familiar e est\u00e1 pronto para ser acolhido com um sorriso cristalino, como o de uma crian\u00e7a.<\/p>\n<div>\n<div class=\"article__embed article__embed--unwrap article__embed--dark\">\n<div class=\"article__innerTitle\"><b>Entre alegria e maravilha<\/b><\/div>\n<\/div>\n<\/div>\n<p>Na sua chegada, o Papa desceu do carro no p\u00e1tio da estrutura, incr\u00e9dulos, os pacientes aproximaram-se de Francisco para cumpriment\u00e1-lo e receberam uma palavra de conforto. A presen\u00e7a do Papa foi vivida como um verdadeiro momento de alegria. Em seguida o Papa visitou v\u00e1rias partes do &#8220;Villaggio&#8221;. Alguns internos, que descansavam em seus quartos, trocaram algumas frases com Francisco. Outros que se dedicavam a atividades recreativas, tentaram explicar ao Papa seus compromissos di\u00e1rios. No final da visita, o Santo Padre deixou de presente um pergaminho com um pensamento escrito a m\u00e3o, junto com um belo quadro que representa a Natividade.<\/p>\n<h3><b>Pequena aldeia com sabor de fam\u00edlia<\/b><\/h3>\n<p>O \u201cVillaggio Emanuele\u201d \u00e9 uma cidadezinha na periferia de Roma, dentro do Parque Sabina, que abriga 100 habitantes com 14 casinhas coloridas, uma pra\u00e7a com um chafariz, um bar, um restaurante, uma ludoteca. Tamb\u00e9m h\u00e1 servi\u00e7os como cabeleireiros, academia e mini-mercado. Abriga gratuitamente pessoas com a doen\u00e7a de Alzheimer em fase leve e moderada e \u00e9 o primeiro centro italiano dedicado \u00e0s pessoas \u201csem mem\u00f3ria\u201d. \u00c9 fruto de um projeto financiado pela \u201cFondazione Roma\u201d e ligado a uma iniciativa sem nenhum custo por parte do Estado e outras entidades p\u00fablicas. Foi criado pelo advogado Emmanuele Francesco Maria Emanuele, que se inspirou em um centro holand\u00eas perto de Amsterd\u00e3 para oferecer aos doentes com Alzheimer assist\u00eancia e hospitalidade em um contexto familiar. Em cada uma das unidades \u00e9 garantida a presen\u00e7a de agentes comunit\u00e1rios de sa\u00fade e assistentes sociais. As casas-fam\u00edlias, formadas por pequenos grupos de residentes, t\u00eam cerca de 250 metros quadrados e providas de barreiras arquitet\u00f4nicas.<\/p>\n<h3><b>Recorda\u00e7\u00e3o e proximidade<\/b><\/h3>\n<p>No dia 21 de setembro de 2016, foi celebrado o 23\u00ba Dia Mundial da Doen\u00e7a de Alzheimer, com o tema \u201cRecorda-te de mim\u201d. Na ocasi\u00e3o, durante a audi\u00eancia geral o Papa Francisco lan\u00e7ou um caloroso apelo: \u201cConvido todos os presentes a \u2018recordar-se\u2019, com a solicitude de Maria e a ternura de Jesus Misericordioso, de quantos sofrem desta enfermidade e dos seus familiares, para que sintam a nossa proximidade. Oremos tamb\u00e9m pelas pessoas que est\u00e3o ao lado dos doentes, para que saibam sentir as suas necessidades, at\u00e9 as mais impercept\u00edveis, porque vistas com olhos cheios de amor\u201d.<\/p>\n<h3><b>Doen\u00e7a de Alzheimer<\/b><\/h3>\n<p>A doen\u00e7a de Alzheimer \u00e9 a forma mais comum de dem\u00eancia. \u00c9 uma doen\u00e7a degenerativa incur\u00e1vel. Provoca a destrui\u00e7\u00e3o dos neur\u00f4nios em algumas partes do c\u00e9rebro e uma progressiva diminui\u00e7\u00e3o das fun\u00e7\u00f5es cognitivas. Afeta a mem\u00f3ria com efeitos sempre mais graves, a linguagem e o comportamento. Um diagn\u00f3stico precoce permite prevenir complica\u00e7\u00f5es e a acelera\u00e7\u00e3o da doen\u00e7a. No mundo, a cada 3 segundos uma pessoa desenvolve uma forma de dem\u00eancia. Em n\u00edvel global, a dem\u00eancia atinge 47 milh\u00f5es de pessoas.<\/p>\n<\/div>\n","protected":false},"excerpt":{"rendered":"<p>Visita surpresa do Papa Francisco no \u201cVillagio Emanuele\u201d, abrigo para pessoas com a doen\u00e7a de Alzheimer<\/p>\n","protected":false},"author":3,"featured_media":202412,"comment_status":"open","ping_status":"open","sticky":false,"template":"","format":"standard","meta":[],"categories":[1428],"tags":[55],"acf":[],"yoast_head":"<!-- This site is optimized with the Yoast SEO plugin v19.2 - https:\/\/yoast.com\/wordpress\/plugins\/seo\/ -->\n<title>Sexta-feira da Miseric\u00f3rdia, Papa visita doentes com Alzheimer - Not\u00edcias - Franciscanos<\/title>\n<meta name=\"robots\" content=\"index, follow, max-snippet:-1, max-image-preview:large, max-video-preview:-1\" \/>\n<link rel=\"canonical\" href=\"https:\/\/franciscanos.org.br\/noticias\/papavisita.html\" \/>\n<meta property=\"og:locale\" content=\"pt_BR\" \/>\n<meta property=\"og:type\" content=\"article\" \/>\n<meta property=\"og:title\" content=\"Sexta-feira da Miseric\u00f3rdia, Papa visita doentes com Alzheimer - Not\u00edcias - Franciscanos\" \/>\n<meta property=\"og:description\" content=\"Visita surpresa do Papa Francisco no \u201cVillagio Emanuele\u201d, abrigo para pessoas com a doen\u00e7a de Alzheimer\" \/>\n<meta property=\"og:url\" content=\"https:\/\/franciscanos.org.br\/noticias\/papavisita.html\" \/>\n<meta property=\"og:site_name\" content=\"Not\u00edcias - Franciscanos\" \/>\n<meta property=\"article:published_time\" content=\"2019-04-12T08:36:59+00:00\" \/>\n<meta property=\"article:modified_time\" content=\"2019-04-12T15:47:24+00:00\" \/>\n<meta property=\"og:image\" content=\"https:\/\/franciscanos.org.br\/noticias\/wp-content\/uploads\/2019\/04\/papa_visita_120419d.jpg\" \/>\n\t<meta property=\"og:image:width\" content=\"273\" \/>\n\t<meta property=\"og:image:height\" content=\"181\" \/>\n\t<meta property=\"og:image:type\" content=\"image\/jpeg\" \/>\n<meta name=\"author\" content=\"moacir\" \/>\n<meta name=\"twitter:card\" content=\"summary_large_image\" \/>\n<meta name=\"twitter:label1\" content=\"Escrito por\" \/>\n\t<meta name=\"twitter:data1\" content=\"moacir\" \/>\n\t<meta name=\"twitter:label2\" content=\"Est. tempo de leitura\" \/>\n\t<meta name=\"twitter:data2\" content=\"3 minutos\" \/>\n<script type=\"application\/ld+json\" class=\"yoast-schema-graph\">{\"@context\":\"https:\/\/schema.org\",\"@graph\":[{\"@type\":\"WebSite\",\"@id\":\"https:\/\/franciscanos.org.br\/noticias\/#website\",\"url\":\"https:\/\/franciscanos.org.br\/noticias\/\",\"name\":\"Not\u00edcias - Franciscanos\",\"description\":\"Prov\u00edncia Franciscana da Imaculada Concei\u00e7\u00e3o do Brasil - Ordem dos Frades Menores - OFM\",\"potentialAction\":[{\"@type\":\"SearchAction\",\"target\":{\"@type\":\"EntryPoint\",\"urlTemplate\":\"https:\/\/franciscanos.org.br\/noticias\/?s={search_term_string}\"},\"query-input\":\"required name=search_term_string\"}],\"inLanguage\":\"pt-BR\"},{\"@type\":\"ImageObject\",\"inLanguage\":\"pt-BR\",\"@id\":\"https:\/\/franciscanos.org.br\/noticias\/papavisita.html#primaryimage\",\"url\":\"https:\/\/franciscanos.org.br\/noticias\/wp-content\/uploads\/2019\/04\/papa_visita_120419d.jpg\",\"contentUrl\":\"https:\/\/franciscanos.org.br\/noticias\/wp-content\/uploads\/2019\/04\/papa_visita_120419d.jpg\",\"width\":273,\"height\":181},{\"@type\":\"WebPage\",\"@id\":\"https:\/\/franciscanos.org.br\/noticias\/papavisita.html#webpage\",\"url\":\"https:\/\/franciscanos.org.br\/noticias\/papavisita.html\",\"name\":\"Sexta-feira da Miseric\u00f3rdia, Papa visita doentes com Alzheimer - Not\u00edcias - Franciscanos\",\"isPartOf\":{\"@id\":\"https:\/\/franciscanos.org.br\/noticias\/#website\"},\"primaryImageOfPage\":{\"@id\":\"https:\/\/franciscanos.org.br\/noticias\/papavisita.html#primaryimage\"},\"datePublished\":\"2019-04-12T08:36:59+00:00\",\"dateModified\":\"2019-04-12T15:47:24+00:00\",\"author\":{\"@id\":\"https:\/\/franciscanos.org.br\/noticias\/#\/schema\/person\/b5c8cba458c330ccff548b056e95a5d4\"},\"breadcrumb\":{\"@id\":\"https:\/\/franciscanos.org.br\/noticias\/papavisita.html#breadcrumb\"},\"inLanguage\":\"pt-BR\",\"potentialAction\":[{\"@type\":\"ReadAction\",\"target\":[\"https:\/\/franciscanos.org.br\/noticias\/papavisita.html\"]}]},{\"@type\":\"BreadcrumbList\",\"@id\":\"https:\/\/franciscanos.org.br\/noticias\/papavisita.html#breadcrumb\",\"itemListElement\":[{\"@type\":\"ListItem\",\"position\":1,\"name\":\"Home\",\"item\":\"https:\/\/franciscanos.org.br\/noticias\"},{\"@type\":\"ListItem\",\"position\":2,\"name\":\"Sexta-feira da Miseric\u00f3rdia, Papa visita doentes com Alzheimer\"}]},{\"@type\":\"Person\",\"@id\":\"https:\/\/franciscanos.org.br\/noticias\/#\/schema\/person\/b5c8cba458c330ccff548b056e95a5d4\",\"name\":\"moacir\",\"image\":{\"@type\":\"ImageObject\",\"inLanguage\":\"pt-BR\",\"@id\":\"https:\/\/franciscanos.org.br\/noticias\/#\/schema\/person\/image\/\",\"url\":\"https:\/\/secure.gravatar.com\/avatar\/d08aa2ce4c8dd416d4479aa8536fcf64?s=96&d=mm&r=g\",\"contentUrl\":\"https:\/\/secure.gravatar.com\/avatar\/d08aa2ce4c8dd416d4479aa8536fcf64?s=96&d=mm&r=g\",\"caption\":\"moacir\"},\"url\":\"https:\/\/franciscanos.org.br\/noticias\/author\/moacir\"}]}<\/script>\n<!-- \/ Yoast SEO plugin. -->","yoast_head_json":{"title":"Sexta-feira da Miseric\u00f3rdia, Papa visita doentes com Alzheimer - Not\u00edcias - Franciscanos","robots":{"index":"index","follow":"follow","max-snippet":"max-snippet:-1","max-image-preview":"max-image-preview:large","max-video-preview":"max-video-preview:-1"},"canonical":"https:\/\/franciscanos.org.br\/noticias\/papavisita.html","og_locale":"pt_BR","og_type":"article","og_title":"Sexta-feira da Miseric\u00f3rdia, Papa visita doentes com Alzheimer - Not\u00edcias - Franciscanos","og_description":"Visita surpresa do Papa Francisco no \u201cVillagio Emanuele\u201d, abrigo para pessoas com a doen\u00e7a de Alzheimer","og_url":"https:\/\/franciscanos.org.br\/noticias\/papavisita.html","og_site_name":"Not\u00edcias - Franciscanos","article_published_time":"2019-04-12T08:36:59+00:00","article_modified_time":"2019-04-12T15:47:24+00:00","og_image":[{"width":273,"height":181,"url":"https:\/\/franciscanos.org.br\/noticias\/wp-content\/uploads\/2019\/04\/papa_visita_120419d.jpg","type":"image\/jpeg"}],"author":"moacir","twitter_card":"summary_large_image","twitter_misc":{"Escrito por":"moacir","Est. tempo de leitura":"3 minutos"},"schema":{"@context":"https:\/\/schema.org","@graph":[{"@type":"WebSite","@id":"https:\/\/franciscanos.org.br\/noticias\/#website","url":"https:\/\/franciscanos.org.br\/noticias\/","name":"Not\u00edcias - Franciscanos","description":"Prov\u00edncia Franciscana da Imaculada Concei\u00e7\u00e3o do Brasil - Ordem dos Frades Menores - OFM","potentialAction":[{"@type":"SearchAction","target":{"@type":"EntryPoint","urlTemplate":"https:\/\/franciscanos.org.br\/noticias\/?s={search_term_string}"},"query-input":"required name=search_term_string"}],"inLanguage":"pt-BR"},{"@type":"ImageObject","inLanguage":"pt-BR","@id":"https:\/\/franciscanos.org.br\/noticias\/papavisita.html#primaryimage","url":"https:\/\/franciscanos.org.br\/noticias\/wp-content\/uploads\/2019\/04\/papa_visita_120419d.jpg","contentUrl":"https:\/\/franciscanos.org.br\/noticias\/wp-content\/uploads\/2019\/04\/papa_visita_120419d.jpg","width":273,"height":181},{"@type":"WebPage","@id":"https:\/\/franciscanos.org.br\/noticias\/papavisita.html#webpage","url":"https:\/\/franciscanos.org.br\/noticias\/papavisita.html","name":"Sexta-feira da Miseric\u00f3rdia, Papa visita doentes com Alzheimer - Not\u00edcias - Franciscanos","isPartOf":{"@id":"https:\/\/franciscanos.org.br\/noticias\/#website"},"primaryImageOfPage":{"@id":"https:\/\/franciscanos.org.br\/noticias\/papavisita.html#primaryimage"},"datePublished":"2019-04-12T08:36:59+00:00","dateModified":"2019-04-12T15:47:24+00:00","author":{"@id":"https:\/\/franciscanos.org.br\/noticias\/#\/schema\/person\/b5c8cba458c330ccff548b056e95a5d4"},"breadcrumb":{"@id":"https:\/\/franciscanos.org.br\/noticias\/papavisita.html#breadcrumb"},"inLanguage":"pt-BR","potentialAction":[{"@type":"ReadAction","target":["https:\/\/franciscanos.org.br\/noticias\/papavisita.html"]}]},{"@type":"BreadcrumbList","@id":"https:\/\/franciscanos.org.br\/noticias\/papavisita.html#breadcrumb","itemListElement":[{"@type":"ListItem","position":1,"name":"Home","item":"https:\/\/franciscanos.org.br\/noticias"},{"@type":"ListItem","position":2,"name":"Sexta-feira da Miseric\u00f3rdia, Papa visita doentes com Alzheimer"}]},{"@type":"Person","@id":"https:\/\/franciscanos.org.br\/noticias\/#\/schema\/person\/b5c8cba458c330ccff548b056e95a5d4","name":"moacir","image":{"@type":"ImageObject","inLanguage":"pt-BR","@id":"https:\/\/franciscanos.org.br\/noticias\/#\/schema\/person\/image\/","url":"https:\/\/secure.gravatar.com\/avatar\/d08aa2ce4c8dd416d4479aa8536fcf64?s=96&d=mm&r=g","contentUrl":"https:\/\/secure.gravatar.com\/avatar\/d08aa2ce4c8dd416d4479aa8536fcf64?s=96&d=mm&r=g","caption":"moacir"},"url":"https:\/\/franciscanos.org.br\/noticias\/author\/moacir"}]}},"_links":{"self":[{"href":"https:\/\/franciscanos.org.br\/noticias\/wp-json\/wp\/v2\/posts\/202410"}],"collection":[{"href":"https:\/\/franciscanos.org.br\/noticias\/wp-json\/wp\/v2\/posts"}],"about":[{"href":"https:\/\/franciscanos.org.br\/noticias\/wp-json\/wp\/v2\/types\/post"}],"author":[{"embeddable":true,"href":"https:\/\/franciscanos.org.br\/noticias\/wp-json\/wp\/v2\/users\/3"}],"replies":[{"embeddable":true,"href":"https:\/\/franciscanos.org.br\/noticias\/wp-json\/wp\/v2\/comments?post=202410"}],"version-history":[{"count":0,"href":"https:\/\/franciscanos.org.br\/noticias\/wp-json\/wp\/v2\/posts\/202410\/revisions"}],"wp:featuredmedia":[{"embeddable":true,"href":"https:\/\/franciscanos.org.br\/noticias\/wp-json\/wp\/v2\/media\/202412"}],"wp:attachment":[{"href":"https:\/\/franciscanos.org.br\/noticias\/wp-json\/wp\/v2\/media?parent=202410"}],"wp:term":[{"taxonomy":"category","embeddable":true,"href":"https:\/\/franciscanos.org.br\/noticias\/wp-json\/wp\/v2\/categories?post=202410"},{"taxonomy":"post_tag","embeddable":true,"href":"https:\/\/franciscanos.org.br\/noticias\/wp-json\/wp\/v2\/tags?post=202410"}],"curies":[{"name":"wp","href":"https:\/\/api.w.org\/{rel}","templated":true}]}}