{"id":202369,"date":"2019-04-05T21:18:27","date_gmt":"2019-04-06T00:18:27","guid":{"rendered":"https:\/\/franciscanos.org.br\/noticias\/?p=202369"},"modified":"2021-07-05T20:09:25","modified_gmt":"2021-07-05T23:09:25","slug":"coral-dos-canarinhos-apresenta-repertorio-em-lingua-alema","status":"publish","type":"post","link":"https:\/\/franciscanos.org.br\/noticias\/coral-dos-canarinhos-apresenta-repertorio-em-lingua-alema.html","title":{"rendered":"Coral dos Canarinhos apresenta repert\u00f3rio em l\u00edngua alem\u00e3"},"content":{"rendered":"<p><img loading=\"lazy\" class=\"alignnone wp-image-202370 \" src=\"https:\/\/franciscanos.org.br\/noticias\/wp-content\/uploads\/2019\/04\/alem\u00e3_facebook-01.jpg\" alt=\"\" width=\"890\" height=\"466\" srcset=\"https:\/\/franciscanos.org.br\/noticias\/wp-content\/uploads\/2019\/04\/alem\u00e3_facebook-01.jpg 1042w, https:\/\/franciscanos.org.br\/noticias\/wp-content\/uploads\/2019\/04\/alem\u00e3_facebook-01-450x236.jpg 450w, https:\/\/franciscanos.org.br\/noticias\/wp-content\/uploads\/2019\/04\/alem\u00e3_facebook-01-768x402.jpg 768w, https:\/\/franciscanos.org.br\/noticias\/wp-content\/uploads\/2019\/04\/alem\u00e3_facebook-01-1024x537.jpg 1024w, https:\/\/franciscanos.org.br\/noticias\/wp-content\/uploads\/2019\/04\/alem\u00e3_facebook-01-150x79.jpg 150w\" sizes=\"(max-width: 890px) 100vw, 890px\" \/><\/p>\n<p><strong>Petr\u00f3polis (RJ) \u2013<\/strong>\u00a0Na pr\u00f3xima sexta-feira (12\/04),\u00a0 \u00e0s 19 horas, a Igreja do Sagrado Cora\u00e7\u00e3o de Jesus de Petr\u00f3polis (RJ), mais uma vez acolhe o j\u00e1 conhecido Coral dos Canarinhos, sob reg\u00eancia do maestro Marco Aur\u00e9lio Lischt. Desta vez, o p\u00fablico poder\u00e1 prestigiar um repert\u00f3rio todo em l\u00edngua alem\u00e3. O Concerto faz parte da Semana de L\u00edngua Alem\u00e3 da cidade.<\/p>\n<p>Pela primeira vez, a Cidade Imperial, na Regi\u00e3o Serrana do Rio, recebe a Semana de L\u00edngua Alem\u00e3, que est\u00e1 em sua 4\u00aa edi\u00e7\u00e3o no Brasil. O evento gratuito esta sendo realizado desde a \u00faltima sexta-feira (05\/04) e vai at\u00e9 o dia 14 de abril.<\/p>\n<p>\u201cPreparamos uma s\u00e9rie de concertos para aproximar ainda mais o Coral dos Canarinhos ao seu p\u00fablico. As apresenta\u00e7\u00f5es na Igreja do Sagrado s\u00e3o uma oportunidade que os petropolitanos e turistas t\u00eam de acompanhar o trabalho realizado por estes meninos que tanto se dedicam \u00e0 m\u00fasica, \u00e0 igreja e \u00e0 divulga\u00e7\u00e3o da palavra de Deus\u201d, declarou o diretor do Instituto dos Meninos Cantores de Petr\u00f3polis (IMCP), frei Marcos Ant\u00f4nio de Andrade, lembrando que todos que prestigiarem os concertos estar\u00e3o ajudando na manuten\u00e7\u00e3o do trabalho filantr\u00f3pico realizado pelo (IMCP) h\u00e1 77 anos.<\/p>\n<p style=\"font-weight: 400;\">\u201c\u00c9 uma honra podermos participar de um evento que refor\u00e7a as tradi\u00e7\u00f5es e as origens da nossa cidade. Ao mesmo tempo, esta apresenta\u00e7\u00e3o est\u00e1 compondo a temporada de concertos preparados pelo Instituto dos Meninos Cantores para o primeiro semestre, que ser\u00e1 encerrado com o Concerto Espiritual em honra \u00e0 Maria, no dia 25 de maio\u201d, adiantou o maestro Marco Aur\u00e9lio\u00a0Lischt.<\/p>\n<p style=\"font-weight: 400;\">O Concerto da Semana da L\u00edngua Alem\u00e3 comp\u00f5e a prepara\u00e7\u00e3o para a Quaresma e, por isso, tamb\u00e9m contar\u00e1 com a Missa em D\u00f3, de Baldassare Gallupi, durante a missa em A\u00e7\u00e3o de Gra\u00e7as. No repert\u00f3rio da apresenta\u00e7\u00e3o, estar\u00e3o composi\u00e7\u00f5es de autores alem\u00e3es, como \u201cAlso hat Gott die Welt geliebt\u201d, de Sch\u00fctz; \u201cEin feste Burg ist unser Gott\u201d, de Luther\/Arr: Bach; \u201cRichte mich Gott\u201d, de Mendelssohn; \u201cGeistliches Lied\u201d, de Brahms; \u201cAbendlied\u201d, de Rheinberger; \u201cDie Ehre Gottes aus der Natur\u201d, de Beethoven; \u201cGuten Abend, gut Nacht\u201d, de Brahms; e \u201cDer J\u00e4ger l\u00e4ngs dem Weiher ging\u201d, arranjos de Ralf Schmid.<\/p>\n<p>Segundo informa\u00e7\u00f5es do site do evento, em todo o pa\u00eds, a Semana da L\u00edngua Alem\u00e3 ocorrer\u00e1 simultaneamente e vai contar com 550 eventos. A realiza\u00e7\u00e3o \u00e9 das Embaixadas da Alemanha, \u00c1ustria, B\u00e9lgica, Luxemburgo e Su\u00ed\u00e7a \u2013 em coopera\u00e7\u00e3o com seus consulados e parceiros culturais no Brasil. Em Petr\u00f3polis, o evento tem o apoio da Prefeitura atrav\u00e9s de diversas secretarias.<\/p>\n<p>\u201cEste tipo de evento \u00e9 muito importante para o munic\u00edpio, pois traz pessoas de outras cidades para o evento, aquecendo o turismo e a economia local. Ficamos muito satisfeitos em receber o evento que tem tudo a ver com Petr\u00f3polis\u201d, disse o secret\u00e1rio da Turispetro, Marcelo Valente.<\/p>\n<p>A temporada 2019 contar\u00e1 ainda com o Concerto Espiritual em honra a Maria, no dia 25 de maio, \u00e0s 19h30. No m\u00eas de mar\u00e7o (23\/03), o p\u00fablico j\u00e1 pode\u00a0 prestigiar <a href=\"https:\/\/franciscanos.org.br\/noticias\/coral-dos-canarinhos-de-petropolis-realiza-concerto-espiritual-de-quaresma.html\" target=\"_blank\" rel=\"noopener noreferrer\">o Concerto Espiritual de Quaresma<\/a>.<\/p>\n<h3 style=\"text-align: center;\"><strong>CONFIRA A AGENDA DESTE 1\u00ba SEMESTRE<\/strong><\/h3>\n<p><img loading=\"lazy\" class=\"alignnone wp-image-201534 size-full\" src=\"https:\/\/franciscanos.org.br\/noticias\/wp-content\/uploads\/2019\/03\/agenda_canarinhos_160319.jpg\" alt=\"\" width=\"2481\" height=\"3508\" srcset=\"https:\/\/franciscanos.org.br\/noticias\/wp-content\/uploads\/2019\/03\/agenda_canarinhos_160319.jpg 2481w, https:\/\/franciscanos.org.br\/noticias\/wp-content\/uploads\/2019\/03\/agenda_canarinhos_160319-318x450.jpg 318w, https:\/\/franciscanos.org.br\/noticias\/wp-content\/uploads\/2019\/03\/agenda_canarinhos_160319-768x1086.jpg 768w, https:\/\/franciscanos.org.br\/noticias\/wp-content\/uploads\/2019\/03\/agenda_canarinhos_160319-724x1024.jpg 724w, https:\/\/franciscanos.org.br\/noticias\/wp-content\/uploads\/2019\/03\/agenda_canarinhos_160319-150x212.jpg 150w, https:\/\/franciscanos.org.br\/noticias\/wp-content\/uploads\/2019\/03\/agenda_canarinhos_160319-1200x1697.jpg 1200w\" sizes=\"(max-width: 2481px) 100vw, 2481px\" \/><\/p>\n","protected":false},"excerpt":{"rendered":"<p>Semana da L\u00edngua Alem\u00e3<\/p>\n","protected":false},"author":3,"featured_media":202372,"comment_status":"open","ping_status":"open","sticky":false,"template":"","format":"standard","meta":[],"categories":[1],"tags":[1378,190],"acf":[],"yoast_head":"<!-- This site is optimized with the Yoast SEO plugin v19.2 - https:\/\/yoast.com\/wordpress\/plugins\/seo\/ -->\n<title>Coral dos Canarinhos apresenta repert\u00f3rio em l\u00edngua alem\u00e3 - Not\u00edcias - Franciscanos<\/title>\n<meta name=\"robots\" content=\"index, follow, max-snippet:-1, max-image-preview:large, max-video-preview:-1\" \/>\n<link rel=\"canonical\" href=\"https:\/\/franciscanos.org.br\/noticias\/coral-dos-canarinhos-apresenta-repertorio-em-lingua-alema.html\" \/>\n<meta property=\"og:locale\" content=\"pt_BR\" \/>\n<meta property=\"og:type\" content=\"article\" \/>\n<meta property=\"og:title\" content=\"Coral dos Canarinhos apresenta repert\u00f3rio em l\u00edngua alem\u00e3 - Not\u00edcias - Franciscanos\" \/>\n<meta property=\"og:description\" content=\"Semana da L\u00edngua Alem\u00e3\" \/>\n<meta property=\"og:url\" content=\"https:\/\/franciscanos.org.br\/noticias\/coral-dos-canarinhos-apresenta-repertorio-em-lingua-alema.html\" \/>\n<meta property=\"og:site_name\" content=\"Not\u00edcias - Franciscanos\" \/>\n<meta property=\"article:published_time\" content=\"2019-04-06T00:18:27+00:00\" \/>\n<meta property=\"article:modified_time\" content=\"2021-07-05T23:09:25+00:00\" \/>\n<meta property=\"og:image\" content=\"https:\/\/franciscanos.org.br\/noticias\/wp-content\/uploads\/2019\/04\/canarinhos_concerto_120419.jpg\" \/>\n\t<meta property=\"og:image:width\" content=\"273\" \/>\n\t<meta property=\"og:image:height\" content=\"181\" \/>\n\t<meta property=\"og:image:type\" content=\"image\/jpeg\" \/>\n<meta name=\"author\" content=\"moacir\" \/>\n<meta name=\"twitter:card\" content=\"summary_large_image\" \/>\n<meta name=\"twitter:label1\" content=\"Escrito por\" \/>\n\t<meta name=\"twitter:data1\" content=\"moacir\" \/>\n\t<meta name=\"twitter:label2\" content=\"Est. tempo de leitura\" \/>\n\t<meta name=\"twitter:data2\" content=\"3 minutos\" \/>\n<script type=\"application\/ld+json\" class=\"yoast-schema-graph\">{\"@context\":\"https:\/\/schema.org\",\"@graph\":[{\"@type\":\"WebSite\",\"@id\":\"https:\/\/franciscanos.org.br\/noticias\/#website\",\"url\":\"https:\/\/franciscanos.org.br\/noticias\/\",\"name\":\"Not\u00edcias - Franciscanos\",\"description\":\"Prov\u00edncia Franciscana da Imaculada Concei\u00e7\u00e3o do Brasil - Ordem dos Frades Menores - OFM\",\"potentialAction\":[{\"@type\":\"SearchAction\",\"target\":{\"@type\":\"EntryPoint\",\"urlTemplate\":\"https:\/\/franciscanos.org.br\/noticias\/?s={search_term_string}\"},\"query-input\":\"required name=search_term_string\"}],\"inLanguage\":\"pt-BR\"},{\"@type\":\"ImageObject\",\"inLanguage\":\"pt-BR\",\"@id\":\"https:\/\/franciscanos.org.br\/noticias\/coral-dos-canarinhos-apresenta-repertorio-em-lingua-alema.html#primaryimage\",\"url\":\"https:\/\/franciscanos.org.br\/noticias\/wp-content\/uploads\/2019\/04\/canarinhos_concerto_120419.jpg\",\"contentUrl\":\"https:\/\/franciscanos.org.br\/noticias\/wp-content\/uploads\/2019\/04\/canarinhos_concerto_120419.jpg\",\"width\":273,\"height\":181},{\"@type\":\"WebPage\",\"@id\":\"https:\/\/franciscanos.org.br\/noticias\/coral-dos-canarinhos-apresenta-repertorio-em-lingua-alema.html#webpage\",\"url\":\"https:\/\/franciscanos.org.br\/noticias\/coral-dos-canarinhos-apresenta-repertorio-em-lingua-alema.html\",\"name\":\"Coral dos Canarinhos apresenta repert\u00f3rio em l\u00edngua alem\u00e3 - Not\u00edcias - Franciscanos\",\"isPartOf\":{\"@id\":\"https:\/\/franciscanos.org.br\/noticias\/#website\"},\"primaryImageOfPage\":{\"@id\":\"https:\/\/franciscanos.org.br\/noticias\/coral-dos-canarinhos-apresenta-repertorio-em-lingua-alema.html#primaryimage\"},\"datePublished\":\"2019-04-06T00:18:27+00:00\",\"dateModified\":\"2021-07-05T23:09:25+00:00\",\"author\":{\"@id\":\"https:\/\/franciscanos.org.br\/noticias\/#\/schema\/person\/b5c8cba458c330ccff548b056e95a5d4\"},\"breadcrumb\":{\"@id\":\"https:\/\/franciscanos.org.br\/noticias\/coral-dos-canarinhos-apresenta-repertorio-em-lingua-alema.html#breadcrumb\"},\"inLanguage\":\"pt-BR\",\"potentialAction\":[{\"@type\":\"ReadAction\",\"target\":[\"https:\/\/franciscanos.org.br\/noticias\/coral-dos-canarinhos-apresenta-repertorio-em-lingua-alema.html\"]}]},{\"@type\":\"BreadcrumbList\",\"@id\":\"https:\/\/franciscanos.org.br\/noticias\/coral-dos-canarinhos-apresenta-repertorio-em-lingua-alema.html#breadcrumb\",\"itemListElement\":[{\"@type\":\"ListItem\",\"position\":1,\"name\":\"Home\",\"item\":\"https:\/\/franciscanos.org.br\/noticias\"},{\"@type\":\"ListItem\",\"position\":2,\"name\":\"Coral dos Canarinhos apresenta repert\u00f3rio em l\u00edngua alem\u00e3\"}]},{\"@type\":\"Person\",\"@id\":\"https:\/\/franciscanos.org.br\/noticias\/#\/schema\/person\/b5c8cba458c330ccff548b056e95a5d4\",\"name\":\"moacir\",\"image\":{\"@type\":\"ImageObject\",\"inLanguage\":\"pt-BR\",\"@id\":\"https:\/\/franciscanos.org.br\/noticias\/#\/schema\/person\/image\/\",\"url\":\"https:\/\/secure.gravatar.com\/avatar\/d08aa2ce4c8dd416d4479aa8536fcf64?s=96&d=mm&r=g\",\"contentUrl\":\"https:\/\/secure.gravatar.com\/avatar\/d08aa2ce4c8dd416d4479aa8536fcf64?s=96&d=mm&r=g\",\"caption\":\"moacir\"},\"url\":\"https:\/\/franciscanos.org.br\/noticias\/author\/moacir\"}]}<\/script>\n<!-- \/ Yoast SEO plugin. -->","yoast_head_json":{"title":"Coral dos Canarinhos apresenta repert\u00f3rio em l\u00edngua alem\u00e3 - Not\u00edcias - Franciscanos","robots":{"index":"index","follow":"follow","max-snippet":"max-snippet:-1","max-image-preview":"max-image-preview:large","max-video-preview":"max-video-preview:-1"},"canonical":"https:\/\/franciscanos.org.br\/noticias\/coral-dos-canarinhos-apresenta-repertorio-em-lingua-alema.html","og_locale":"pt_BR","og_type":"article","og_title":"Coral dos Canarinhos apresenta repert\u00f3rio em l\u00edngua alem\u00e3 - Not\u00edcias - Franciscanos","og_description":"Semana da L\u00edngua Alem\u00e3","og_url":"https:\/\/franciscanos.org.br\/noticias\/coral-dos-canarinhos-apresenta-repertorio-em-lingua-alema.html","og_site_name":"Not\u00edcias - Franciscanos","article_published_time":"2019-04-06T00:18:27+00:00","article_modified_time":"2021-07-05T23:09:25+00:00","og_image":[{"width":273,"height":181,"url":"https:\/\/franciscanos.org.br\/noticias\/wp-content\/uploads\/2019\/04\/canarinhos_concerto_120419.jpg","type":"image\/jpeg"}],"author":"moacir","twitter_card":"summary_large_image","twitter_misc":{"Escrito por":"moacir","Est. tempo de leitura":"3 minutos"},"schema":{"@context":"https:\/\/schema.org","@graph":[{"@type":"WebSite","@id":"https:\/\/franciscanos.org.br\/noticias\/#website","url":"https:\/\/franciscanos.org.br\/noticias\/","name":"Not\u00edcias - Franciscanos","description":"Prov\u00edncia Franciscana da Imaculada Concei\u00e7\u00e3o do Brasil - Ordem dos Frades Menores - OFM","potentialAction":[{"@type":"SearchAction","target":{"@type":"EntryPoint","urlTemplate":"https:\/\/franciscanos.org.br\/noticias\/?s={search_term_string}"},"query-input":"required name=search_term_string"}],"inLanguage":"pt-BR"},{"@type":"ImageObject","inLanguage":"pt-BR","@id":"https:\/\/franciscanos.org.br\/noticias\/coral-dos-canarinhos-apresenta-repertorio-em-lingua-alema.html#primaryimage","url":"https:\/\/franciscanos.org.br\/noticias\/wp-content\/uploads\/2019\/04\/canarinhos_concerto_120419.jpg","contentUrl":"https:\/\/franciscanos.org.br\/noticias\/wp-content\/uploads\/2019\/04\/canarinhos_concerto_120419.jpg","width":273,"height":181},{"@type":"WebPage","@id":"https:\/\/franciscanos.org.br\/noticias\/coral-dos-canarinhos-apresenta-repertorio-em-lingua-alema.html#webpage","url":"https:\/\/franciscanos.org.br\/noticias\/coral-dos-canarinhos-apresenta-repertorio-em-lingua-alema.html","name":"Coral dos Canarinhos apresenta repert\u00f3rio em l\u00edngua alem\u00e3 - Not\u00edcias - Franciscanos","isPartOf":{"@id":"https:\/\/franciscanos.org.br\/noticias\/#website"},"primaryImageOfPage":{"@id":"https:\/\/franciscanos.org.br\/noticias\/coral-dos-canarinhos-apresenta-repertorio-em-lingua-alema.html#primaryimage"},"datePublished":"2019-04-06T00:18:27+00:00","dateModified":"2021-07-05T23:09:25+00:00","author":{"@id":"https:\/\/franciscanos.org.br\/noticias\/#\/schema\/person\/b5c8cba458c330ccff548b056e95a5d4"},"breadcrumb":{"@id":"https:\/\/franciscanos.org.br\/noticias\/coral-dos-canarinhos-apresenta-repertorio-em-lingua-alema.html#breadcrumb"},"inLanguage":"pt-BR","potentialAction":[{"@type":"ReadAction","target":["https:\/\/franciscanos.org.br\/noticias\/coral-dos-canarinhos-apresenta-repertorio-em-lingua-alema.html"]}]},{"@type":"BreadcrumbList","@id":"https:\/\/franciscanos.org.br\/noticias\/coral-dos-canarinhos-apresenta-repertorio-em-lingua-alema.html#breadcrumb","itemListElement":[{"@type":"ListItem","position":1,"name":"Home","item":"https:\/\/franciscanos.org.br\/noticias"},{"@type":"ListItem","position":2,"name":"Coral dos Canarinhos apresenta repert\u00f3rio em l\u00edngua alem\u00e3"}]},{"@type":"Person","@id":"https:\/\/franciscanos.org.br\/noticias\/#\/schema\/person\/b5c8cba458c330ccff548b056e95a5d4","name":"moacir","image":{"@type":"ImageObject","inLanguage":"pt-BR","@id":"https:\/\/franciscanos.org.br\/noticias\/#\/schema\/person\/image\/","url":"https:\/\/secure.gravatar.com\/avatar\/d08aa2ce4c8dd416d4479aa8536fcf64?s=96&d=mm&r=g","contentUrl":"https:\/\/secure.gravatar.com\/avatar\/d08aa2ce4c8dd416d4479aa8536fcf64?s=96&d=mm&r=g","caption":"moacir"},"url":"https:\/\/franciscanos.org.br\/noticias\/author\/moacir"}]}},"_links":{"self":[{"href":"https:\/\/franciscanos.org.br\/noticias\/wp-json\/wp\/v2\/posts\/202369"}],"collection":[{"href":"https:\/\/franciscanos.org.br\/noticias\/wp-json\/wp\/v2\/posts"}],"about":[{"href":"https:\/\/franciscanos.org.br\/noticias\/wp-json\/wp\/v2\/types\/post"}],"author":[{"embeddable":true,"href":"https:\/\/franciscanos.org.br\/noticias\/wp-json\/wp\/v2\/users\/3"}],"replies":[{"embeddable":true,"href":"https:\/\/franciscanos.org.br\/noticias\/wp-json\/wp\/v2\/comments?post=202369"}],"version-history":[{"count":1,"href":"https:\/\/franciscanos.org.br\/noticias\/wp-json\/wp\/v2\/posts\/202369\/revisions"}],"predecessor-version":[{"id":232892,"href":"https:\/\/franciscanos.org.br\/noticias\/wp-json\/wp\/v2\/posts\/202369\/revisions\/232892"}],"wp:featuredmedia":[{"embeddable":true,"href":"https:\/\/franciscanos.org.br\/noticias\/wp-json\/wp\/v2\/media\/202372"}],"wp:attachment":[{"href":"https:\/\/franciscanos.org.br\/noticias\/wp-json\/wp\/v2\/media?parent=202369"}],"wp:term":[{"taxonomy":"category","embeddable":true,"href":"https:\/\/franciscanos.org.br\/noticias\/wp-json\/wp\/v2\/categories?post=202369"},{"taxonomy":"post_tag","embeddable":true,"href":"https:\/\/franciscanos.org.br\/noticias\/wp-json\/wp\/v2\/tags?post=202369"}],"curies":[{"name":"wp","href":"https:\/\/api.w.org\/{rel}","templated":true}]}}