{"id":202312,"date":"2019-04-17T13:16:37","date_gmt":"2019-04-17T16:16:37","guid":{"rendered":"https:\/\/franciscanos.org.br\/noticias\/?p=202312"},"modified":"2019-04-18T17:51:09","modified_gmt":"2019-04-18T20:51:09","slug":"festa-da-penha-dom-de-curar-as-feridas-abertas-pelo-medo","status":"publish","type":"post","link":"https:\/\/franciscanos.org.br\/noticias\/festa-da-penha-dom-de-curar-as-feridas-abertas-pelo-medo.html","title":{"rendered":"Festa da Penha: dom de curar as feridas abertas pelo medo"},"content":{"rendered":"<p><strong><img loading=\"lazy\" src=\"https:\/\/franciscanos.org.br\/noticias\/wp-content\/uploads\/2019\/04\/penha-08042019-830.jpg\" alt=\"\" width=\"1200\" height=\"622\" \/><\/strong><\/p>\n<p><strong>Moacir Beggo<\/strong><\/p>\n<p>&#8220;A Festa da Penha \u00e9 converg\u00eancia de boa vontade e isso nos d\u00e1 a certeza de que faremos uma Festa bonita. Os tempos t\u00e3o sombrios que vivemos exigem de n\u00f3s o resgate do encantamento das coisas bonitas, feitas com o cora\u00e7\u00e3o. A Festa da Penha ter\u00e1 o dom de curar as feridas abertas pelo medo, pela intoler\u00e2ncia, pela desesperan\u00e7a. A Festa da Penha ter\u00e1 o dom de resgatar a alegria de estar na presen\u00e7a do Senhor, de promover a alegria de estar a servi\u00e7o dos irm\u00e3os e das irm\u00e3s\u201d. \u00c9 com essa esperan\u00e7a que o guardi\u00e3o do Convento da Penha, Frei Paulo Pereira, prepara-se para mais uma gigantesca demonstra\u00e7\u00e3o de f\u00e9 do povo capixaba.<\/p>\n<p><img loading=\"lazy\" class=\"size-full wp-image-202318 alignright\" src=\"https:\/\/franciscanos.org.br\/noticias\/wp-content\/uploads\/2019\/04\/penha-08042019-400-a.jpg\" alt=\"\" width=\"400\" height=\"533\" srcset=\"https:\/\/franciscanos.org.br\/noticias\/wp-content\/uploads\/2019\/04\/penha-08042019-400-a.jpg 400w, https:\/\/franciscanos.org.br\/noticias\/wp-content\/uploads\/2019\/04\/penha-08042019-400-a-338x450.jpg 338w, https:\/\/franciscanos.org.br\/noticias\/wp-content\/uploads\/2019\/04\/penha-08042019-400-a-150x200.jpg 150w\" sizes=\"(max-width: 400px) 100vw, 400px\" \/>Neste ano, o tema da Festa &#8211; \u201cEis aqui a serva do Senhor\u201d (Lc 1, 38) -, que \u00e9 tamb\u00e9m a primeira das 7 Alegrias de Nossa Senhora, enfatiza o aspecto vocacional. \u201cA experi\u00eancia da jovem Maria, chamada por Deus para ser a M\u00e3e do Salvador, trouxe a motiva\u00e7\u00e3o da escolha do lema da Festa da Penha 2019: \u2018Eis aqui a serva do Senhor\u2019 (Lc 1, 58). A resposta livre e vigorosa de Maria se faz caminho para tantos que andam inquietos e, ao mesmo tempo, desejosos de servir ao Senhor\u201d, explica Frei Paulo. O tema foi escolhido tendo em vista o S\u00ednodo do Jovens no ano passado e a Jornada Mundial da Juventude, no Panam\u00e1, que escolheu como tema a resposta de Maria ao chamado de Deus: \u00abEis a serva do Senhor, fa\u00e7a-se em mim segundo a tua palavra\u00bb (Lc 1, 38).<\/p>\n<p>Mais de 1,5 milh\u00e3o de peregrinos \u00e9 esperado no tradicional Convento da Penha, que foi erguido pelos franciscanos em 1558. \u201cA cada ano \u00e9 not\u00e1vel o crescimento da Festa da Penha. Cresce o n\u00famero de participantes, cresce a qualidade de participa\u00e7\u00e3o, cresce a abrang\u00eancia do an\u00fancio da alegre not\u00edcia da ressurrei\u00e7\u00e3o de Jesus. Desde o encerramento da \u00faltima edi\u00e7\u00e3o, muitas pessoas j\u00e1 se mobilizaram para a organiza\u00e7\u00e3o da Festa deste ano. Esse \u00e9 o grande dom da Festa da Penha; reunir, congregar pessoas. Volunt\u00e1rios, devotos, homens e mulheres movidos pela piedade e confian\u00e7a na materna prote\u00e7\u00e3o de Deus\u201d, avalia Frei Paulo.<\/p>\n<p>Segundo o guardi\u00e3o, este ano a organiza\u00e7\u00e3o da Festa teve o cuidado de contemplar a\u00e7\u00f5es direcionadas \u00e0 juventude. \u201cA novidade da edi\u00e7\u00e3o deste ano \u00e9 a introdu\u00e7\u00e3o da Vig\u00edlia dos Jovens no Campinho do Convento. A Vig\u00edlia acontecer\u00e1 na v\u00e9spera da Festa, domingo, dia 28, a partir das 21h30. As Pastorais das Juventudes, os Movimentos e Servi\u00e7os desta dimens\u00e3o v\u00e3o propor atividades conforme o modelo das Vig\u00edlias que aconteceram nas recentes Jornadas Mundiais da Juventude\u201d, explicou Frei Paulo, lembrando que a Festa \u00e9 sempre ocasi\u00e3o para o revigoramento da a\u00e7\u00e3o evangelizadora da Igreja do estado do Esp\u00edrito Santo.<\/p>\n<p><img loading=\"lazy\" class=\"size-full wp-image-202316 alignright\" src=\"https:\/\/franciscanos.org.br\/noticias\/wp-content\/uploads\/2019\/04\/penha-08042019-400.jpg\" alt=\"\" width=\"400\" height=\"370\" srcset=\"https:\/\/franciscanos.org.br\/noticias\/wp-content\/uploads\/2019\/04\/penha-08042019-400.jpg 400w, https:\/\/franciscanos.org.br\/noticias\/wp-content\/uploads\/2019\/04\/penha-08042019-400-150x139.jpg 150w\" sizes=\"(max-width: 400px) 100vw, 400px\" \/>Frei Paulo lembra que a Festa da Penha \u00e9 essencialmente franciscana. \u2018Reunimos a Igreja, congregamos o povo de Deus para celebrar jubilosamente as alegrias de Nossa Senhora. A recorda\u00e7\u00e3o das Sete Alegrias de Maria foi um jeito popular que a tradi\u00e7\u00e3o franciscana encontrou para levar a todos o conhecimento da predile\u00e7\u00e3o de Deus por n\u00f3s e sua proposta de vida e salva\u00e7\u00e3o. Esse patrim\u00f4nio franciscano foi abra\u00e7ado com carinho pelo povo capixaba. Desde o in\u00edcio deste ano a Arquidiocese de Vit\u00f3ria tem como pastor Dom Frei Dario Campos, franciscano da Prov\u00edncia de Santa Cruz-MG. Certamente, por sua forma\u00e7\u00e3o, por sua escolha vocacional, por seu apre\u00e7o pelo Pobrezinho de Assis, Dom Dario ficar\u00e1 muito \u00e0 vontade para destacar o matiz franciscano da Festa da Penha\u201d, observa Frei Paulo.<\/p>\n<p>A Festa da Penha tem in\u00edcio no domingo da P\u00e1scoa (21\/4) com o Oitav\u00e1rio e termina no dia 29 de abril, Dia da Padroeira do Esp\u00edrito Santo, Nossa Senhora da Penha. Este grande evento ter\u00e1 doze romarias, incluindo a tradicional Romaria dos Homens, que tem a maior participa\u00e7\u00e3o de todo o oitav\u00e1rio. Ela nasceu em 1958 e n\u00e3o tem similar no mundo, principalmente pelo expressivo n\u00famero de mais de 500 mil participantes que percorrem 14 quil\u00f4metros, entoando c\u00e2nticos e ora\u00e7\u00f5es. \u00c9 realizada no primeiro s\u00e1bado ap\u00f3s a P\u00e1scoa, \u00e0 noite, saindo da pra\u00e7a da Catedral Metropolitana de Vit\u00f3ria at\u00e9 o Parque da Prainha, quando se d\u00e1 a Celebra\u00e7\u00e3o Eucar\u00edstica por volta das 23h30.<\/p>\n<p>A Festa da Penha \u00e9 a maior manifesta\u00e7\u00e3o religiosa do Esp\u00edrito Santo e a terceira maior festa religiosa do pa\u00eds, atr\u00e1s apenas da festa da Padroeira do Brasil, Nossa Senhora Aparecida, no estado de S\u00e3o Paulo, a do C\u00edrio de Nazar\u00e9, em Bel\u00e9m, no Par\u00e1.<\/p>\n<p>O Oitav\u00e1rio acontece em vista a grande festa de Nossa Senhora das 7 Alegrias, que \u00e9 celebrada na segunda-feira ap\u00f3s a oitava da P\u00e1scoa.<\/p>\n<hr \/>\n<h2>Festa da Penha resgata gesto de aproxima\u00e7\u00e3o entre crist\u00e3os e mu\u00e7ulmanos<\/h2>\n<p>Dan\u00e7a do Ventre, teatro, show musical e bateria de escola de samba comp\u00f5em o espet\u00e1culo multicultural para celebrar os 800 anos da visita de S\u00e3o Francisco de Assis ao Sult\u00e3o Al-Malik-al Kamil.<\/p>\n<p>Em 1219, no tempo das Cruzadas para a conquista da Terra Santa, um homem desafiou o \u00f3dio e a intoler\u00e2ncia da guerra para defender a paz. Oitocentos anos depois, o gesto de S\u00e3o Francisco de Assis de visitar o sult\u00e3o Al-Malik Al-Kamil, na cidade de Damieta, no Egito, ser\u00e1 celebrado atrav\u00e9s do &#8220;Tributo Paz e Bem&#8221; pelo Convento da Penha.<\/p>\n<p>O evento ser\u00e1 integrado por apresenta\u00e7\u00f5es de m\u00fasica, teatro e dan\u00e7a do ventre, no dia 26 de abril de 2019, \u00e0s 19h30, como parte da programa\u00e7\u00e3o do Oitav\u00e1rio de prepara\u00e7\u00e3o da Festa de Nossa Senhora da Penha (2019), no campinho do Convento da Penha, em Vila Velha (ES), com entrada gratuita.<\/p>\n<p>O espet\u00e1culo composto por m\u00faltiplas express\u00f5es art\u00edsticas resgata o gesto fraterno e corajoso do santo e do sult\u00e3o e a inspira\u00e7\u00e3o para a permanente busca pela paz, a fraternidade, o di\u00e1logo inter-religioso, a toler\u00e2ncia e o respeito entre todos os povos e religi\u00f5es.<\/p>\n<p>Teatro &#8211; O Santo e o Sult\u00e3o &#8211; Ao relembrar o gesto de S\u00e3o Francisco, a pe\u00e7a O Santo e o Sult\u00e3o reviver\u00e1 a atitude mission\u00e1ria de aproxima\u00e7\u00e3o entre crist\u00e3os e mu\u00e7ulmanos, em contraposi\u00e7\u00e3o aos sangrentos movimentos militares crist\u00e3os, conhecidos como Cruzadas, revelando o quanto a mensagem em defesa do respeito e da toler\u00e2ncia se mant\u00e9m primordial nos tempos atuais. A cria\u00e7\u00e3o \u00e9 da Baob\u00e1 Cultural Produ\u00e7\u00f5es, sob a coordena\u00e7\u00e3o do ator, diretor e dramaturgo Vin\u00edcius Duarte. O artista atuou no Grupo Z de Teatro, Grupo Beta de Teatro e participou do N\u00facleo de Dramaturgia do Centro Cultural Sesc Gl\u00f3ria.<\/p>\n<p>Dan\u00e7a do Ventre &#8211; O teatro se mesclar\u00e1 com um espet\u00e1culo de Dan\u00e7a do Ventre criado para a celebra\u00e7\u00e3o da visita de S\u00e3o Francisco ao Sult\u00e3o. De origem milenar, a manifesta\u00e7\u00e3o reconhecida atualmente como uma express\u00e3o do folclore \u00e1rabe trar\u00e1 o oriente para o centro da encena\u00e7\u00e3o, iluminando com suas cores e gestos a hist\u00f3ria do santo que desafiou as guerras para construir a fraternidade e a paz. A apresenta\u00e7\u00e3o ser\u00e1 coordenada pela bailarina, core\u00f3grafa e professora de Dan\u00e7a do Ventre Nat\u00e1lia Piassi, uma das idealizadoras da Cia Nat\u00e1lia Piassi e dos projetos: Encontro Capixaba de Dan\u00e7a do Ventre, Gincana Bellydance e Divina Dan\u00e7a.<\/p>\n<p>Show Musical de Frei Paulo Cesar \u2013 Vig\u00e1rio Casa, Atendente Conventual e Animador do Servi\u00e7o de Anima\u00e7\u00e3o Vocacional (SAV) local, o Frei Paulo C\u00e9sar far\u00e1 um show musical integrado por cl\u00e1ssicos nacionais, misturando rock, samba e MPB, para promover os valores do amor, da compaix\u00e3o e do respeito m\u00fatuo pregados por S\u00e3o Francisco de Assis. Natural de Caxambu, em Minas Gerais, Frei Paulo C\u00e9sar ingressou na Ordem Franciscana, em 1977, e h\u00e1 cinco anos integra a fraternidade do Convento da Penha.<\/p>\n<p>Herdou da m\u00e3e o dom de cantar. Teve bons mestres de canto, como Frei Leto Bienias e Frei Jos\u00e9 Luiz Prim, do Coral Meninos Cantores de Petr\u00f3polis (Canarinhos). Integrou o grupo por tr\u00eas anos. Participou da grava\u00e7\u00e3o de CDs de canto lit\u00fargico, entre eles, do CD Um Canto Novo \u2013 Volume I, com Frei Fabreti; do CD da Missa de Frei Galv\u00e3o, junto com um grupo de frades; e do CD Hinos e Cantos a Nossa Senhora da Penha, gravado pelo Coral Palestrina, da regente Irm\u00e3 Cust\u00f3dia Cardoso.<\/p>\n<p>O show contar\u00e1 com a participa\u00e7\u00e3o da cantora da Banda da Pol\u00edcia Militar do Esp\u00edrito Santo, Tatiani Celeste; da cantora mirim, integrante do Coral Curumins da Faculdade de M\u00fasica do Esp\u00edrito Santo (Fames), Luma Frisso; da vocalista da Banda Hangblues, Dani Regiani; e da harpista, educadora musical e musicista do quadro de Oficiais do Corpo Musical da Pol\u00edcia Militar do Estado do Esp\u00edrito Santo, Glaucia Castilhos.<\/p>\n<p>Bateria da MUG &#8211; Ao final do show musical, os ritmistas da Bateria da Escola de Samba Mocidade Unida da Gl\u00f3ria (MUG) far\u00e3o uma apresenta\u00e7\u00e3o para homenagear Nossa Senhora da Penha e para celebrar a import\u00e2ncia da arte e da cultura na constru\u00e7\u00e3o da paz.<\/p>\n<p>A arte como manifesta\u00e7\u00e3o e express\u00e3o da vida se insere no contexto s\u00f3cio-transformador de evangeliza\u00e7\u00e3o da festa da padroeira capixaba a partir da inspira\u00e7\u00e3o mariana e da espiritualidade franciscana. \u00c9 uma forma de reflex\u00e3o e mobiliza\u00e7\u00e3o das pessoas em torno dos desafios do mundo contempor\u00e2neo marcado pelo medo, a gan\u00e2ncia, o \u00f3dio e o preconceito.<\/p>\n<p><strong>SERVI\u00c7O<\/strong><\/p>\n<p style=\"padding-left: 30px;\"><strong>NOITE FRANCISCANA &#8211; TRIBUTO PAZ E BEM<\/strong><\/p>\n<p style=\"padding-left: 30px;\">Atra\u00e7\u00f5es &#8211; Show Musical do Frei Paulo C\u00e9sar, Pe\u00e7a O Santo e o Sult\u00e3o, Dan\u00e7a do Ventre da Cia Nat\u00e1lia Piassi e Bateria da MUG.<br \/>\nDia &#8211; 26 de abril de 2019 (sexta-feira)<br \/>\nHor\u00e1rio -19h30<br \/>\nLocal &#8211; Campinho do Convento da Penha (Vila Velha \u2013 ES)<br \/>\nEntrada gratuita<\/p>\n<hr \/>\n<h3>PROGRAMA\u00c7\u00c3O<\/h3>\n<p><strong>21 de abril (Domingo de P\u00e1scoa)<\/strong><\/p>\n<ul>\n<li>Missas na Capela do Convento \u00e0s 05h, 7h, 9h e 11h<\/li>\n<li>B\u00ean\u00e7\u00e3o dos Cavaleiros no Parque da Prainha \u00e0s 10h<\/li>\n<li>Abertura no Campinho do Convento \u00e0s 15h \u2013 (\u00c1rea Pastoral Vila Velha).<\/li>\n<\/ul>\n<p><strong>22 de abril (Segunda-feira)<\/strong><\/p>\n<ul>\n<li>Missas na Capela do Convento \u00e0s 06h, 7h e 9h30<\/li>\n<li>Oitav\u00e1rio com Missa no Campinho \u00e0s 15h \u2013 (\u00c1rea Pastoral Serrana)<\/li>\n<li>Noite de Ora\u00e7\u00e3o no Campinho do Convento \u00e0s 19h30, com participa\u00e7\u00e3o do Movimento das M\u00e3es que Oram Pelos Filhos.<\/li>\n<\/ul>\n<p><strong>23 de abril (Ter\u00e7a-feira)<\/strong><\/p>\n<ul>\n<li>Missas na Capela do Convento \u00e0s 6h, 7h e 09h30<\/li>\n<li>Oitav\u00e1rio com Missa no Campinho \u00e0s 15h \u2013 (\u00c1rea Pastoral Cariacica\/Viana)<\/li>\n<li>B\u00ean\u00e7\u00e3o para casais no Campinho do Convento \u00e0s 19h30<\/li>\n<\/ul>\n<p><strong>24 de abril (Quarta-feira)<\/strong><\/p>\n<ul>\n<li>Missas na Capela do Convento \u00e0s 06h, 7h e 9h30<\/li>\n<li>Oitav\u00e1rio com Missa no Campinho \u00e0s 15h \u2013 (\u00c1rea Pastoral Benevente)<\/li>\n<li>Noite Mariana na Catedral Metropolitana de Vit\u00f3ria \u00e0s 19h30, com participa\u00e7\u00e3o do Padre Jo\u00e3ozinho e da Orquestra de Viol\u00f5es Bom Pastor \u2013 Maestro Hugo Leonardo<\/li>\n<\/ul>\n<p><strong>25 de abril (Quinta-feira)<\/strong><\/p>\n<ul>\n<li>Missas na Capela do Convento \u00e0s 06h, 7h e 9h30<\/li>\n<li>Oitav\u00e1rio com Missa no Campinho \u00e0s 15h \u2013 (\u00c1rea Pastoral Serra\/Fund\u00e3o)<\/li>\n<li>Apresenta\u00e7\u00e3o da Orquestra Sinf\u00f4nica do Esp\u00edrito Santo no Santu\u00e1rio de Vila Velha \u00e0s 19h30<\/li>\n<\/ul>\n<p><strong>26 de abril (Sexta-feira)<\/strong><\/p>\n<ul>\n<li>Missas na Capela do Convento \u00e0s 6h, 7h e 9h30<\/li>\n<li>Oitav\u00e1rio com Missa no Campinho \u00e0s 15h \u2013 (\u00c1rea Pastoral de Vit\u00f3ria)<\/li>\n<li>Romaria dos Militares, com sa\u00edda do Port\u00e3o do Convento \u00e0s 14h<\/li>\n<li>Noite Franciscana no Campinho do Convento \u00e0s 19h30.<\/li>\n<\/ul>\n<p><strong>27 de abril (S<\/strong><strong>\u00e1bado)<\/strong><\/p>\n<ul>\n<li>Missa na Capela do Convento \u00e0s 6h<\/li>\n<li>Missa da Diocese de S\u00e3o Mateus \u00e0s 8h no Campinho<\/li>\n<li>Romaria das Pessoas com Defici\u00eancia \u00e0s 8h \u2013 Sa\u00edda da Pra\u00e7a Duque de Caxias, Centro de Vila Velha.<\/li>\n<li>Translado da Imagem de Nossa Senhora da Penha pela Ba\u00eda de Vit\u00f3ria \u2013 10h, sa\u00edda da Escola de Aprendizes de Marinheiros do Esp\u00edrito Santo \u2013 EAMES<\/li>\n<li>Missa da Romaria dos Adolescentes e Jovens no Campinho \u00e0s 10h<\/li>\n<li>Oitav\u00e1rio com Missa (Diocese de Cachoeiro de Itapemirim) no Campinho \u00e0s 15h<\/li>\n<li>Missa de Envio e B\u00ean\u00e7\u00e3o da Romaria dos Homens, na Catedral Metropolitana de Vit\u00f3ria, \u00e0s 18h e em seguida o in\u00edcio da caminhada rumo ao Parque da Prainha.<\/li>\n<li>Missa de Encerramento da Romaria dos Homens no Parque da Prainha \u00e0s 23h.<\/li>\n<\/ul>\n<p><strong>28 de abril (Domingo)<\/strong><\/p>\n<ul>\n<li>Missas na Capela do Convento \u00e0s 05h e 07h<\/li>\n<li>Missa da Diocese de Colatina no Campinho \u00e0s 8h<\/li>\n<li>Remaria \u2013 Sa\u00edda da Praia da Costa \u00e0s 08h<\/li>\n<li>B\u00ean\u00e7\u00e3o dos Motociclistas na Prainha \u00e0s 10h<\/li>\n<li>Romaria das Mulheres, com sa\u00edda do Santu\u00e1rio de Vila Velha \u00e0s 16h. Participa\u00e7\u00e3o do Coral da ARCELOR<\/li>\n<li>Encerramento do Oitav\u00e1rio e Missa da Romaria das Mulheres na Prainha \u00e0s 17h<\/li>\n<li>Show de Encerramento da Romaria das Mulheres<\/li>\n<li>Vig\u00edlia Eucar\u00edstica Jovem no Campinho do Convento. Abertura \u00e0s 22h e Vig\u00edlia at\u00e9 \u00e0s 7h da manh\u00e3 do dia 29 de abril (segunda-feira)<\/li>\n<\/ul>\n<p><strong>29 de abril (Segunda-feira) \u2013 DIA DA PADROEIRA DO ESP\u00cdRITO SANTO<\/strong><\/p>\n<ul>\n<li>Encerramento da Vig\u00edlia Eucar\u00edstica Jovem e Missa da CRB e Semin\u00e1rio no Campinho \u00e0s 7h.<\/li>\n<li>Romaria dos Ciclistas com sa\u00edda \u00e0s 8h, em frente a Pra\u00e7a Sebasti\u00e3o Cibien, em Cobil\u00e2ndia, Vila Velha.<\/li>\n<li>Apresenta\u00e7\u00e3o da Associa\u00e7\u00e3o Cultural Coletivo do Samba \u2013 Projeto de Mestre Sala e Porta Bandeira Mirim no Campinho do Convento \u00e0s 8h30<\/li>\n<li>Romaria dos Conguistas no Campinho do Convento \u00e0s 9h<\/li>\n<li>Missa das Pastorais Sociais no Campinho \u00e0s 10h.<\/li>\n<li>Missa de Encerramento da Festa da Penha 2019, \u00e0s 16h. no Parque da Prainha.<\/li>\n<li>Show de Encerramento no Parque da Prainha<\/li>\n<li>Missas na Capela do Convento \u00e0s 00h, 02h, 06h, 09h e 12h Missas na Capela<\/li>\n<\/ul>\n","protected":false},"excerpt":{"rendered":"<p>A grande festa mariana come\u00e7a no Domingo da P\u00e1scoa<\/p>\n","protected":false},"author":7,"featured_media":202314,"comment_status":"open","ping_status":"open","sticky":false,"template":"","format":"standard","meta":[],"categories":[1],"tags":[245],"acf":[],"yoast_head":"<!-- This site is optimized with the Yoast SEO plugin v19.2 - https:\/\/yoast.com\/wordpress\/plugins\/seo\/ -->\n<title>Festa da Penha: dom de curar as feridas abertas pelo medo - Not\u00edcias - Franciscanos<\/title>\n<meta name=\"robots\" content=\"index, follow, max-snippet:-1, max-image-preview:large, max-video-preview:-1\" \/>\n<link rel=\"canonical\" href=\"https:\/\/franciscanos.org.br\/noticias\/festa-da-penha-dom-de-curar-as-feridas-abertas-pelo-medo.html\" \/>\n<meta property=\"og:locale\" content=\"pt_BR\" \/>\n<meta property=\"og:type\" content=\"article\" \/>\n<meta property=\"og:title\" content=\"Festa da Penha: dom de curar as feridas abertas pelo medo - Not\u00edcias - Franciscanos\" \/>\n<meta property=\"og:description\" content=\"A grande festa mariana come\u00e7a no Domingo da P\u00e1scoa\" \/>\n<meta property=\"og:url\" content=\"https:\/\/franciscanos.org.br\/noticias\/festa-da-penha-dom-de-curar-as-feridas-abertas-pelo-medo.html\" \/>\n<meta property=\"og:site_name\" content=\"Not\u00edcias - Franciscanos\" \/>\n<meta property=\"article:published_time\" content=\"2019-04-17T16:16:37+00:00\" \/>\n<meta property=\"article:modified_time\" content=\"2019-04-18T20:51:09+00:00\" \/>\n<meta property=\"og:image\" content=\"https:\/\/franciscanos.org.br\/noticias\/wp-content\/uploads\/2019\/04\/penha-08042019-273.jpg\" \/>\n\t<meta property=\"og:image:width\" content=\"273\" \/>\n\t<meta property=\"og:image:height\" content=\"181\" \/>\n\t<meta property=\"og:image:type\" content=\"image\/jpeg\" \/>\n<meta name=\"author\" content=\"jovenal\" \/>\n<meta name=\"twitter:card\" content=\"summary_large_image\" \/>\n<meta name=\"twitter:label1\" content=\"Escrito por\" \/>\n\t<meta name=\"twitter:data1\" content=\"jovenal\" \/>\n\t<meta name=\"twitter:label2\" content=\"Est. tempo de leitura\" \/>\n\t<meta name=\"twitter:data2\" content=\"12 minutos\" \/>\n<script type=\"application\/ld+json\" class=\"yoast-schema-graph\">{\"@context\":\"https:\/\/schema.org\",\"@graph\":[{\"@type\":\"WebSite\",\"@id\":\"https:\/\/franciscanos.org.br\/noticias\/#website\",\"url\":\"https:\/\/franciscanos.org.br\/noticias\/\",\"name\":\"Not\u00edcias - Franciscanos\",\"description\":\"Prov\u00edncia Franciscana da Imaculada Concei\u00e7\u00e3o do Brasil - Ordem dos Frades Menores - OFM\",\"potentialAction\":[{\"@type\":\"SearchAction\",\"target\":{\"@type\":\"EntryPoint\",\"urlTemplate\":\"https:\/\/franciscanos.org.br\/noticias\/?s={search_term_string}\"},\"query-input\":\"required name=search_term_string\"}],\"inLanguage\":\"pt-BR\"},{\"@type\":\"ImageObject\",\"inLanguage\":\"pt-BR\",\"@id\":\"https:\/\/franciscanos.org.br\/noticias\/festa-da-penha-dom-de-curar-as-feridas-abertas-pelo-medo.html#primaryimage\",\"url\":\"https:\/\/franciscanos.org.br\/noticias\/wp-content\/uploads\/2019\/04\/penha-08042019-273.jpg\",\"contentUrl\":\"https:\/\/franciscanos.org.br\/noticias\/wp-content\/uploads\/2019\/04\/penha-08042019-273.jpg\",\"width\":273,\"height\":181},{\"@type\":\"WebPage\",\"@id\":\"https:\/\/franciscanos.org.br\/noticias\/festa-da-penha-dom-de-curar-as-feridas-abertas-pelo-medo.html#webpage\",\"url\":\"https:\/\/franciscanos.org.br\/noticias\/festa-da-penha-dom-de-curar-as-feridas-abertas-pelo-medo.html\",\"name\":\"Festa da Penha: dom de curar as feridas abertas pelo medo - Not\u00edcias - Franciscanos\",\"isPartOf\":{\"@id\":\"https:\/\/franciscanos.org.br\/noticias\/#website\"},\"primaryImageOfPage\":{\"@id\":\"https:\/\/franciscanos.org.br\/noticias\/festa-da-penha-dom-de-curar-as-feridas-abertas-pelo-medo.html#primaryimage\"},\"datePublished\":\"2019-04-17T16:16:37+00:00\",\"dateModified\":\"2019-04-18T20:51:09+00:00\",\"author\":{\"@id\":\"https:\/\/franciscanos.org.br\/noticias\/#\/schema\/person\/c3a26b08313dd1772495ce300ab257cc\"},\"breadcrumb\":{\"@id\":\"https:\/\/franciscanos.org.br\/noticias\/festa-da-penha-dom-de-curar-as-feridas-abertas-pelo-medo.html#breadcrumb\"},\"inLanguage\":\"pt-BR\",\"potentialAction\":[{\"@type\":\"ReadAction\",\"target\":[\"https:\/\/franciscanos.org.br\/noticias\/festa-da-penha-dom-de-curar-as-feridas-abertas-pelo-medo.html\"]}]},{\"@type\":\"BreadcrumbList\",\"@id\":\"https:\/\/franciscanos.org.br\/noticias\/festa-da-penha-dom-de-curar-as-feridas-abertas-pelo-medo.html#breadcrumb\",\"itemListElement\":[{\"@type\":\"ListItem\",\"position\":1,\"name\":\"Home\",\"item\":\"https:\/\/franciscanos.org.br\/noticias\"},{\"@type\":\"ListItem\",\"position\":2,\"name\":\"Festa da Penha: dom de curar as feridas abertas pelo medo\"}]},{\"@type\":\"Person\",\"@id\":\"https:\/\/franciscanos.org.br\/noticias\/#\/schema\/person\/c3a26b08313dd1772495ce300ab257cc\",\"name\":\"jovenal\",\"image\":{\"@type\":\"ImageObject\",\"inLanguage\":\"pt-BR\",\"@id\":\"https:\/\/franciscanos.org.br\/noticias\/#\/schema\/person\/image\/\",\"url\":\"https:\/\/secure.gravatar.com\/avatar\/e94509f531086e2eaf97e72f29ea00f9?s=96&d=mm&r=g\",\"contentUrl\":\"https:\/\/secure.gravatar.com\/avatar\/e94509f531086e2eaf97e72f29ea00f9?s=96&d=mm&r=g\",\"caption\":\"jovenal\"},\"url\":\"https:\/\/franciscanos.org.br\/noticias\/author\/jovenal\"}]}<\/script>\n<!-- \/ Yoast SEO plugin. -->","yoast_head_json":{"title":"Festa da Penha: dom de curar as feridas abertas pelo medo - Not\u00edcias - Franciscanos","robots":{"index":"index","follow":"follow","max-snippet":"max-snippet:-1","max-image-preview":"max-image-preview:large","max-video-preview":"max-video-preview:-1"},"canonical":"https:\/\/franciscanos.org.br\/noticias\/festa-da-penha-dom-de-curar-as-feridas-abertas-pelo-medo.html","og_locale":"pt_BR","og_type":"article","og_title":"Festa da Penha: dom de curar as feridas abertas pelo medo - Not\u00edcias - Franciscanos","og_description":"A grande festa mariana come\u00e7a no Domingo da P\u00e1scoa","og_url":"https:\/\/franciscanos.org.br\/noticias\/festa-da-penha-dom-de-curar-as-feridas-abertas-pelo-medo.html","og_site_name":"Not\u00edcias - Franciscanos","article_published_time":"2019-04-17T16:16:37+00:00","article_modified_time":"2019-04-18T20:51:09+00:00","og_image":[{"width":273,"height":181,"url":"https:\/\/franciscanos.org.br\/noticias\/wp-content\/uploads\/2019\/04\/penha-08042019-273.jpg","type":"image\/jpeg"}],"author":"jovenal","twitter_card":"summary_large_image","twitter_misc":{"Escrito por":"jovenal","Est. tempo de leitura":"12 minutos"},"schema":{"@context":"https:\/\/schema.org","@graph":[{"@type":"WebSite","@id":"https:\/\/franciscanos.org.br\/noticias\/#website","url":"https:\/\/franciscanos.org.br\/noticias\/","name":"Not\u00edcias - Franciscanos","description":"Prov\u00edncia Franciscana da Imaculada Concei\u00e7\u00e3o do Brasil - Ordem dos Frades Menores - OFM","potentialAction":[{"@type":"SearchAction","target":{"@type":"EntryPoint","urlTemplate":"https:\/\/franciscanos.org.br\/noticias\/?s={search_term_string}"},"query-input":"required name=search_term_string"}],"inLanguage":"pt-BR"},{"@type":"ImageObject","inLanguage":"pt-BR","@id":"https:\/\/franciscanos.org.br\/noticias\/festa-da-penha-dom-de-curar-as-feridas-abertas-pelo-medo.html#primaryimage","url":"https:\/\/franciscanos.org.br\/noticias\/wp-content\/uploads\/2019\/04\/penha-08042019-273.jpg","contentUrl":"https:\/\/franciscanos.org.br\/noticias\/wp-content\/uploads\/2019\/04\/penha-08042019-273.jpg","width":273,"height":181},{"@type":"WebPage","@id":"https:\/\/franciscanos.org.br\/noticias\/festa-da-penha-dom-de-curar-as-feridas-abertas-pelo-medo.html#webpage","url":"https:\/\/franciscanos.org.br\/noticias\/festa-da-penha-dom-de-curar-as-feridas-abertas-pelo-medo.html","name":"Festa da Penha: dom de curar as feridas abertas pelo medo - Not\u00edcias - Franciscanos","isPartOf":{"@id":"https:\/\/franciscanos.org.br\/noticias\/#website"},"primaryImageOfPage":{"@id":"https:\/\/franciscanos.org.br\/noticias\/festa-da-penha-dom-de-curar-as-feridas-abertas-pelo-medo.html#primaryimage"},"datePublished":"2019-04-17T16:16:37+00:00","dateModified":"2019-04-18T20:51:09+00:00","author":{"@id":"https:\/\/franciscanos.org.br\/noticias\/#\/schema\/person\/c3a26b08313dd1772495ce300ab257cc"},"breadcrumb":{"@id":"https:\/\/franciscanos.org.br\/noticias\/festa-da-penha-dom-de-curar-as-feridas-abertas-pelo-medo.html#breadcrumb"},"inLanguage":"pt-BR","potentialAction":[{"@type":"ReadAction","target":["https:\/\/franciscanos.org.br\/noticias\/festa-da-penha-dom-de-curar-as-feridas-abertas-pelo-medo.html"]}]},{"@type":"BreadcrumbList","@id":"https:\/\/franciscanos.org.br\/noticias\/festa-da-penha-dom-de-curar-as-feridas-abertas-pelo-medo.html#breadcrumb","itemListElement":[{"@type":"ListItem","position":1,"name":"Home","item":"https:\/\/franciscanos.org.br\/noticias"},{"@type":"ListItem","position":2,"name":"Festa da Penha: dom de curar as feridas abertas pelo medo"}]},{"@type":"Person","@id":"https:\/\/franciscanos.org.br\/noticias\/#\/schema\/person\/c3a26b08313dd1772495ce300ab257cc","name":"jovenal","image":{"@type":"ImageObject","inLanguage":"pt-BR","@id":"https:\/\/franciscanos.org.br\/noticias\/#\/schema\/person\/image\/","url":"https:\/\/secure.gravatar.com\/avatar\/e94509f531086e2eaf97e72f29ea00f9?s=96&d=mm&r=g","contentUrl":"https:\/\/secure.gravatar.com\/avatar\/e94509f531086e2eaf97e72f29ea00f9?s=96&d=mm&r=g","caption":"jovenal"},"url":"https:\/\/franciscanos.org.br\/noticias\/author\/jovenal"}]}},"_links":{"self":[{"href":"https:\/\/franciscanos.org.br\/noticias\/wp-json\/wp\/v2\/posts\/202312"}],"collection":[{"href":"https:\/\/franciscanos.org.br\/noticias\/wp-json\/wp\/v2\/posts"}],"about":[{"href":"https:\/\/franciscanos.org.br\/noticias\/wp-json\/wp\/v2\/types\/post"}],"author":[{"embeddable":true,"href":"https:\/\/franciscanos.org.br\/noticias\/wp-json\/wp\/v2\/users\/7"}],"replies":[{"embeddable":true,"href":"https:\/\/franciscanos.org.br\/noticias\/wp-json\/wp\/v2\/comments?post=202312"}],"version-history":[{"count":0,"href":"https:\/\/franciscanos.org.br\/noticias\/wp-json\/wp\/v2\/posts\/202312\/revisions"}],"wp:featuredmedia":[{"embeddable":true,"href":"https:\/\/franciscanos.org.br\/noticias\/wp-json\/wp\/v2\/media\/202314"}],"wp:attachment":[{"href":"https:\/\/franciscanos.org.br\/noticias\/wp-json\/wp\/v2\/media?parent=202312"}],"wp:term":[{"taxonomy":"category","embeddable":true,"href":"https:\/\/franciscanos.org.br\/noticias\/wp-json\/wp\/v2\/categories?post=202312"},{"taxonomy":"post_tag","embeddable":true,"href":"https:\/\/franciscanos.org.br\/noticias\/wp-json\/wp\/v2\/tags?post=202312"}],"curies":[{"name":"wp","href":"https:\/\/api.w.org\/{rel}","templated":true}]}}