{"id":202308,"date":"2019-04-10T10:43:21","date_gmt":"2019-04-10T13:43:21","guid":{"rendered":"https:\/\/franciscanos.org.br\/noticias\/?p=202308"},"modified":"2022-03-16T09:10:43","modified_gmt":"2022-03-16T12:10:43","slug":"a-educacao-como-um-instrumento-transformador-da-sociedade","status":"publish","type":"post","link":"https:\/\/franciscanos.org.br\/noticias\/a-educacao-como-um-instrumento-transformador-da-sociedade.html","title":{"rendered":"A educa\u00e7\u00e3o como um instrumento transformador da sociedade"},"content":{"rendered":"<p><img loading=\"lazy\" class=\"alignnone size-full wp-image-202310\" src=\"https:\/\/franciscanos.org.br\/noticias\/wp-content\/uploads\/2019\/04\/dilnei_080419.jpg\" alt=\"\" width=\"890\" height=\"593\" srcset=\"https:\/\/franciscanos.org.br\/noticias\/wp-content\/uploads\/2019\/04\/dilnei_080419.jpg 890w, https:\/\/franciscanos.org.br\/noticias\/wp-content\/uploads\/2019\/04\/dilnei_080419-450x300.jpg 450w, https:\/\/franciscanos.org.br\/noticias\/wp-content\/uploads\/2019\/04\/dilnei_080419-768x512.jpg 768w, https:\/\/franciscanos.org.br\/noticias\/wp-content\/uploads\/2019\/04\/dilnei_080419-150x100.jpg 150w\" sizes=\"(max-width: 890px) 100vw, 890px\" \/><\/p>\n<p><em><strong>S\u00e3o Paulo (SP) &#8211; <\/strong>No Brasil, s\u00e3o muitas as Pol\u00edticas P\u00fablicas em favor da Educa\u00e7\u00e3o. Por\u00e9m, como destaca o professor <strong>Dilnei Lorenzi<\/strong>, Pr\u00f3-Reitor de Ensino, Pesquisa e Extens\u00e3o da Universidade S\u00e3o Francisco (USF), falta \u00e0 sociedade brasileira o monitoramento destas Pol\u00edticas, fazendo com que elas cheguem \u00e0queles que de fato necessitam.<\/em><\/p>\n<p><em>Para o professor, que \u00e9 o 15\u00ba entrevistado da S\u00e9rie Especial sobre a Campanha da Fraternidade, o investimento p\u00fablico em Pol\u00edticas voltadas para a Educa\u00e7\u00e3o \u00e9 alto, comparado com sociedades do mesmo porte, por\u00e9m falta um acompanhamento na destina\u00e7\u00e3o destes recursos.<\/em><\/p>\n<p><em>Acompanhe a entrevista concedida a<\/em> <strong>Frei Gustavo Medella<\/strong>:<\/p>\n<hr \/>\n<p><strong>Site Franciscanos &#8211; Qual a import\u00e2ncia das Pol\u00edticas P\u00fablicas para a \u00e1rea da educa\u00e7\u00e3o?<\/strong><\/p>\n<p><strong>Dilnei Lorenzi &#8211;<\/strong> As Pol\u00edticas P\u00fablicas na \u00e1rea da Educa\u00e7\u00e3o na verdade s\u00e3o programas ou a\u00e7\u00f5es que s\u00e3o criadas pelos governos para colocar em pr\u00e1tica determinadas medidas que garantem o acesso \u00e0 educa\u00e7\u00e3o. Al\u00e9m de garantir a educa\u00e7\u00e3o para todos os cidad\u00e3os e tamb\u00e9m em todos os n\u00edveis, da Educa\u00e7\u00e3o b\u00e1sica at\u00e9 o Ensino Superior, estas Pol\u00edticas P\u00fablicas t\u00eam a fun\u00e7\u00e3o de avaliar e ajudar a melhorar a qualidade do ensino no pa\u00eds. As Pol\u00edticas P\u00fablicas educacionais, de uma forma geral, s\u00e3o ligadas a todas as medidas e decis\u00f5es que s\u00e3o tomadas pelo governo em rela\u00e7\u00e3o ao ensino e educa\u00e7\u00e3o no pa\u00eds.<\/p>\n<p><strong>Site Franciscanos &#8211; Dentre as Pol\u00edticas P\u00fablicas voltadas para a educa\u00e7\u00e3o no Brasil, quais delas voc\u00ea gostaria de destacar?<\/strong><\/p>\n<p><strong>Dilnei Lorenzi \u2013<\/strong> Podemos dividi-las em tr\u00eas blocos. Temos o Programa Brasil Alfabetizado, que \u00e9 uma Pol\u00edtica P\u00fablica destinada \u00e0 erradica\u00e7\u00e3o do analfabetismo. \u00c9 deprimente para uma sociedade como a brasileira, com o n\u00edvel de economia que possu\u00edmos, ainda n\u00e3o ter erradicado este mal. Ainda encontramos brasileiros, cidad\u00e3os que est\u00e3o do nosso lado, e que t\u00eam uma quest\u00e3o problem\u00e1tica que \u00e9 a n\u00e3o-alfabetiza\u00e7\u00e3o. Voc\u00ea limita o mundo desta pessoa, \u00e9 extremamente prejudicial a este indiv\u00edduo enquanto cidad\u00e3o. J\u00e1 para os jovens e adultos que ainda n\u00e3o conclu\u00edram minimamente o seu ciclo de educa\u00e7\u00e3o, h\u00e1 o programa Educa\u00e7\u00e3o para Jovens e Adultos (EJA). Esse \u00e9 um bloco muito importante da Educa\u00e7\u00e3o P\u00fablica no Brasil. Depois h\u00e1 outro eixo muito importante das Pol\u00edticas P\u00fablicas, que \u00e9 dedicado \u00e0 profissionaliza\u00e7\u00e3o, ou seja, permitir que jovens e adultos voltem para a escola com um olhar mais t\u00e9cnico para o emprego, que era o famoso Programa Nacional de Acesso ao Ensino T\u00e9cnico e Emprego, o Pronatec. \u00c9 um exemplo de uma pol\u00edtica muito bem institu\u00edda do ponto de vista te\u00f3rico, muito bem estruturada, mas que na pr\u00e1tica rendeu poucos frutos por ora, o que \u00e9 at\u00e9 um desincentivo para o pr\u00f3prio governo. Outro programa que existe \u00e9 o Mediotec, que \u00e9 um programa que oferece Ensino T\u00e9cnico dedicado aos estudantes que est\u00e3o cursando o Ensino M\u00e9dio nas escolas p\u00fablicas estaduais. O jovem cursa num per\u00edodo o Ensino M\u00e9dio e, no outro per\u00edodo, faz uma complementa\u00e7\u00e3o com algum curso t\u00e9cnico, terminando o Ensino M\u00e9dio com uma profiss\u00e3o. Depois temos outro bloco que \u00e9 destinado ao Ensino Superior, ou seja, aqueles jovens que completaram o ciclo da Educa\u00e7\u00e3o B\u00e1sica, passando pelo Ensino Fundamental, M\u00e9dio e querem ter acesso ao Ensino Superior. Este, por exemplo, \u00e9 um programa famoso, geralmente \u00e9 not\u00edcia nos telejornais, que \u00e9 o Prouni. Hoje, ele tem um recurso muito inferior do que foi no passado, por uma din\u00e2mica da quest\u00e3o econ\u00f4mica, a crise recente no pa\u00eds, talvez um redirecionamento de uma nova pol\u00edtica para o Brasil em rela\u00e7\u00e3o a isso. O Prouni foi criado para oferecer bolsas de estudo em institui\u00e7\u00f5es privadas, com financiamento por parte do governo. As bolsas s\u00e3o destinadas aos estudantes de baixa renda que ainda n\u00e3o ascenderam ao Ensino Universit\u00e1rio. S\u00e3o um conjunto de pol\u00edticas que permitem essa estrutura\u00e7\u00e3o. Outra iniciativa importante \u00e9 o Fundo de Manuten\u00e7\u00e3o e Desenvolvimento do Ensino Fundamental e de Valoriza\u00e7\u00e3o do Magist\u00e9rio (Fundef), que abarca toda Educa\u00e7\u00e3o B\u00e1sica. Esse fundo, que \u00e9 um recurso aportado pelo governo, \u00e9 dedicado ao aumento do investimento financeiro do Governo Federal em projetos de educa\u00e7\u00e3o nos Estados. Esse \u00e9 um recurso que todo cidad\u00e3o deveria ver com uma lupa, porque este \u00e9 um processo transparente. Em cada Estado h\u00e1 um conselho que cuida da destina\u00e7\u00e3o da verba para transporte escolar, alimenta\u00e7\u00e3o dos alunos, etc.<\/p>\n<p><strong>Site Franciscanos \u2013 Hoje, no Brasil, quais s\u00e3o os principais desafios em rela\u00e7\u00e3o ao mundo da educa\u00e7\u00e3o?<\/strong><\/p>\n<p><strong>Dilnei Lorenzi &#8211;<\/strong> O grande desafio da Educa\u00e7\u00e3o no Brasil \u00e9 fazer com que todos os cidad\u00e3os tenham acesso, de uma forma universal, a essa din\u00e2mica. Ou seja, uma pessoa que, sem acesso \u00e0 educa\u00e7\u00e3o, naturalmente torna-se limitada em sociedade. Limitada no sentido de poder participar, de fazer suas an\u00e1lises, de ter um aspecto cr\u00edtico e poder contribuir para o desenvolvimento de uma forma geral, tanto pessoal quanto coletivo.<\/p>\n<p><strong>Site Franciscanos &#8211; Como os cidad\u00e3os podem se mobilizar para cobrar a\u00e7\u00f5es efetivas e eficazes na \u00e1rea da educa\u00e7\u00e3o?<\/strong><\/p>\n<p><strong>Dilnei Lorenzi &#8211;<\/strong> A estrutura das Pol\u00edticas P\u00fablicas educacionais no Brasil, quando comparados com outros pa\u00edses, \u00e9 bastante moderna. Em tese, existe uma s\u00e9rie de condicionantes que permitem que os cidad\u00e3os tenham acesso \u00e0 forma\u00e7\u00e3o, participa\u00e7\u00e3o destas Pol\u00edticas P\u00fablicas. Claro que na pr\u00e1tica, muitas vezes, isso n\u00e3o acontece. Estas Pol\u00edticas P\u00fablicas, na sua origem, v\u00eam de uma base pol\u00edtica, de pedidos e necessidades que v\u00e3o sendo apontados. O Brasil tem algo chamado Plano Nacional da Educa\u00e7\u00e3o, que tem um conjunto de metas, indicadores, que deveriam existir para que a popula\u00e7\u00e3o tivesse acesso e que todos n\u00f3s pud\u00e9ssemos avan\u00e7ar enquanto sistema educacional. N\u00e3o existe uma na\u00e7\u00e3o desenvolvida que consiga equilibrar sua distribui\u00e7\u00e3o de renda, distribui\u00e7\u00e3o dos bens que esta sociedade promova, que n\u00e3o venha alicer\u00e7ado no avan\u00e7o da educa\u00e7\u00e3o. Por isso que o desenvolvimento das Pol\u00edticas P\u00fablicas \u00e9 extremamente importante na participa\u00e7\u00e3o da sociedade, porque uma das maneiras de participar da cria\u00e7\u00e3o das Pol\u00edticas P\u00fablicas \u00e9 por essa participa\u00e7\u00e3o ativa. Nos munic\u00edpios est\u00e3o os Conselhos de Pol\u00edticas P\u00fablicas, nos Estados est\u00e3o os Conselhos de Educa\u00e7\u00e3o, que s\u00e3o compostos por representantes da sociedade, do governo, da sociedade civil. Na medida em que estes cidad\u00e3os se organizam, isso vai modelando n\u00e3o somente as Pol\u00edticas P\u00fablicas, mas a transforma\u00e7\u00e3o disso em leis e a pr\u00f3pria press\u00e3o em torno dos nossos governantes para que estas Pol\u00edticas aconte\u00e7am e isso n\u00e3o vire apenas um conjunto de aparato legal, um conjunto de pol\u00edticas e que n\u00e3o aconte\u00e7am na pr\u00e1tica. Quando falava antes que o Brasil tem um conjunto de Pol\u00edticas P\u00fablicas bastante interessantes, at\u00e9 avan\u00e7adas, isso \u00e9 extremamente verdadeiro. A diferen\u00e7a \u00e9: n\u00f3s conseguimos, enquanto sociedade, uma cobran\u00e7a efetiva dos nossos governantes para que isso aconte\u00e7a na pr\u00e1tica. Uma discuss\u00e3o que se tem quando se vai trabalhar a quest\u00e3o da Pol\u00edtica P\u00fablica \u00e9 se as verbas destinadas, os recursos financeiros destinados para a educa\u00e7\u00e3o s\u00e3o suficientes. Quando comparamos com outros pa\u00edses, com sociedades do mesmo porte da sociedade brasileira, vemos que os nossos aportes financeiros, os recursos destinados \u00e0 nossa educa\u00e7\u00e3o, \u00e9 um grande montante, s\u00e3o valores bastante expressivos. A nossa grande dificuldade de fazer com que a Educa\u00e7\u00e3o se transforme, que a Educa\u00e7\u00e3o seja, de fato, um instrumento transformador da sociedade, que permita que a sociedade brasileira seja mais justa, mais fraterna, est\u00e1 principalmente ligada \u00e0 capacidade de fazer gest\u00e3o destes recursos, que os munic\u00edpios sejam capazes de bem distribuir estes recursos para a Educa\u00e7\u00e3o, que os Estados sejam capazes, que os \u00f3rg\u00e3os federais respons\u00e1veis por isso, basicamente no Brasil \u00e9 o Minist\u00e9rio da Educa\u00e7\u00e3o, tamb\u00e9m seja capaz de fazer com que isso ocorra na pr\u00e1tica. Temos, enquanto sociedade, pol\u00edticas que est\u00e3o bastante s\u00f3lidas, por\u00e9m temos que avan\u00e7ar numa perspectiva de diversidade, de inclus\u00e3o de todos aqueles que, por um bom tempo, foram exclu\u00eddos, daqueles que ficaram \u00e0 margem destas pol\u00edticas. Temos que avan\u00e7ar em aporte de recursos, por\u00e9m temos que fazer uma tarefa de casa, que \u00e9 gerenciar tudo isso que est\u00e1 posto hoje. O grande problema da educa\u00e7\u00e3o no Brasil \u00e9 fazer com que estes recursos cheguem a quem necessite, que eles n\u00e3o sejam desviados no meio do caminho, que todos aqueles que est\u00e3o \u00e0 margem da sociedade sejam tamb\u00e9m beneficiados pela quest\u00e3o da Educa\u00e7\u00e3o.<\/p>\n<p><strong>VEJA TAMB\u00c9M<\/strong><\/p>\n<p><a href=\"https:\/\/vidacrista.franciscanos.org.br\/especiais\/especial-campanha-da-fraternidade\/\" target=\"_blank\" rel=\"noopener noreferrer\">ESPECIAL SOBRE A CAMPANHA DA FRATERNIDADE<\/a><\/p>\n<hr \/>\n<p>&nbsp;<\/p>\n<p><strong>Confira todas as entrevistas: <\/strong><\/p>\n<p><strong>Tema e Lema da CF | Entrevistado:\u00a0 \u00a0 \u00a0<\/strong><strong><a href=\"https:\/\/franciscanos.org.br\/noticias\/d-leonardo-sejamos-ativos-na-construcao-de-politicas-publicas.html\">Dom Leonardo Ulrich Steiner<\/a><\/strong><\/p>\n<p style=\"padding-left: 30px;\">Bispo Auxiliar de Bras\u00edlia e secret\u00e1rio-geral da CNBB.<\/p>\n<p><strong>Conceito de Pol\u00edticas P\u00fablicas | Entrevistado: <a href=\"https:\/\/franciscanos.org.br\/noticias\/o-que-sao-e-como-funcionam-as-politicas-publicas.html\" target=\"_blank\" rel=\"noopener noreferrer\">Robert Soares do Nascimento<\/a><\/strong><\/p>\n<p style=\"padding-left: 30px;\">Agente de Pastoral, comp\u00f5e o N\u00facleo em Educa\u00e7\u00e3o e Direitos Humanos da UNISAL (Centro Universit\u00e1rio Salesiano de S\u00e3o Paulo) e participa do Grupo de Trabalho de Justi\u00e7a Restaurativa da Comarca de Americana (SP).<\/p>\n<p><strong>Pol\u00edtica como exerc\u00edcio do bem comum | Entrevistado: <a href=\"https:\/\/franciscanos.org.br\/noticias\/politica-como-exercicio-da-busca-do-bem-comum.html\" target=\"_blank\" rel=\"noopener noreferrer\">Felix Fernando Siriani<\/a><\/strong><\/p>\n<p style=\"padding-left: 30px;\">Formado em Gest\u00e3o de Pol\u00edticas P\u00fablicas, especialista em Pedagogia Social, Pastoral Escolar e mestrando em Mudan\u00e7a Social e Pol\u00edticas P\u00fablicas.<\/p>\n<p><strong>Doutrina Social da Igreja | Entrevistado: <a href=\"https:\/\/franciscanos.org.br\/noticias\/uma-boa-igreja-tem-que-ter-um-grande-amor-aos-pobres-afirma-fernando-altemeyer.html\" target=\"_blank\" rel=\"noopener noreferrer\">Prof. Dr. Fernando Altemeyer Junior<\/a><\/strong><\/p>\n<p style=\"padding-left: 30px;\">Chefe do Departamento de Ci\u00eancia da Religi\u00e3o da PUC-SP.<\/p>\n<p><strong>As a\u00e7\u00f5es e ensinamentos de Jesus como inspira\u00e7\u00e3o para pol\u00edticas em favor da cidadania |Entrevistado:\u00a0<a href=\"https:\/\/franciscanos.org.br\/noticias\/o-eixo-das-politicas-publicas-justica-paz-e-alegria.html\" target=\"_blank\" rel=\"noopener noreferrer\">Francisco Orofino<\/a><\/strong><\/p>\n<p style=\"padding-left: 30px;\">Leigo, professor de Teologia B\u00edblica em Nova Igua\u00e7u (RJ) e assessor do CEBI (Centro de Estudos B\u00edblicos) e do ISER Assessoria (Instituto de Estudos da Religi\u00e3o).<\/p>\n<p><strong>Os franciscanos e o engajamento pol\u00edtico | Entrevistado: <a href=\"https:\/\/franciscanos.org.br\/noticias\/frei-vitorio-pede-mais-indignacao-profetica.html\" target=\"_blank\" rel=\"noopener noreferrer\">Frei Vitorio Mazzuco<\/a><\/strong><\/p>\n<p style=\"padding-left: 30px;\">Mestre em espiritualidade e coordenador da Pastoral Universit\u00e1ria da USF.<\/p>\n<p><strong>A import\u00e2ncia dos Movimentos Sociais na busca do bem comum | Entrevistado: <a href=\"https:\/\/franciscanos.org.br\/noticias\/dom-guilherme-e-preciso-reanimar-os-movimentos-sociais.html\" target=\"_blank\" rel=\"noopener noreferrer\">Dom Guilherme Werlang<\/a><\/strong><\/p>\n<p style=\"padding-left: 30px;\">Bispo da Diocese de Lages (SC) e presidente da Comiss\u00e3o Episcopal Pastoral para a A\u00e7\u00e3o Social Transformadora da CNBB.<\/p>\n<p><strong>Pol\u00edticas P\u00fablicas na \u00e1rea da sa\u00fade | Entrevistado: <a href=\"https:\/\/franciscanos.org.br\/noticias\/politicas-publicas-em-favor-da-saude.html\" target=\"_blank\" rel=\"noopener noreferrer\">Fernando Pigatto <\/a><\/strong><\/p>\n<p style=\"padding-left: 30px;\">Presidente do Conselho Nacional de Sa\u00fade (CNS) e Representante da Confedera\u00e7\u00e3o Nacional das Associa\u00e7\u00f5es de Moradores (CONAM).<\/p>\n<p><strong>Pol\u00edticas P\u00fablicas na seguran\u00e7a | Entrevistado: <a href=\"https:\/\/franciscanos.org.br\/noticias\/a-seguranca-publica-precisa-da-integracao-das-instituicoes-e-da-comunidade.html\" target=\"_blank\" rel=\"noopener noreferrer\">Ricardo Bedendo<\/a><\/strong><\/p>\n<p style=\"padding-left: 30px;\">Jornalista e Mestre em Ci\u00eancias Sociais, integra o n\u00facleo de Estudos de Viol\u00eancia e Direitos Humanos da P\u00f3s-Gradua\u00e7\u00e3o em Ci\u00eancias Sociais da Universidade Federal de Juiz de Fora (UFJF).<\/p>\n<p><strong>Pol\u00edticas P\u00fablicas e Assist\u00eancia Social | Entrevistada: <a href=\"https:\/\/franciscanos.org.br\/noticias\/olhar-a-assistencia-social-como-um-direito-nao-um-favor.html\" target=\"_blank\" rel=\"noopener noreferrer\">Rosangela Pezoti<\/a><\/strong><\/p>\n<p style=\"padding-left: 30px;\">Doutora em Servi\u00e7o Social, respons\u00e1vel pelas \u00e1reas t\u00e9cnica e de articula\u00e7\u00e3o pol\u00edtica do Sefras &#8211; Servi\u00e7o Franciscano de Solidariedade.<\/p>\n<p><strong>Pol\u00edticas P\u00fablicas em favor dos negros | Entrevistado: <a href=\"https:\/\/franciscanos.org.br\/noticias\/cf-as-politicas-publicas-em-favor-dos-negros-sao-uma-conquista-de-todos.html\" target=\"_blank\" rel=\"noopener noreferrer\">Frei David Raimundo Santos<\/a><\/strong><\/p>\n<p style=\"padding-left: 30px;\">Presidente da Educafro (Educa\u00e7\u00e3o e Cidadania de Afrodescendentes e Carentes).<\/p>\n<p><strong>Import\u00e2ncia da participa\u00e7\u00e3o nos espa\u00e7os de controle social | Entrevistada: <a href=\"https:\/\/franciscanos.org.br\/noticias\/valdenia-o-controle-social-e-responsabilidade-de-toda-sociedade.html\" target=\"_blank\" rel=\"noopener noreferrer\">Vald\u00eania Paulino<\/a><\/strong><\/p>\n<p style=\"padding-left: 30px;\">Advogada, integra o Centro de Direitos Humanos de Sapopemba (SP)<\/p>\n<p><strong>Pol\u00edticas P\u00fablicas em favor dos \u00edndios e dos povos origin\u00e1rios | Entrevistado: <a href=\"https:\/\/franciscanos.org.br\/noticias\/e-preciso-lutar-para-que-nao-haja-retrocesso-nas-politicas-publicas-em-prol-dos-indigenas.html\" target=\"_blank\" rel=\"noopener noreferrer\">Egon Heck<\/a><\/strong><\/p>\n<p style=\"padding-left: 30px;\">Assessor do secretariado do Conselho Indigenista Mission\u00e1rio \u2013 Cimi.<\/p>\n<p><strong>Pol\u00edticas P\u00fablicas e Juventude | Entrevistada: <a href=\"https:\/\/franciscanos.org.br\/noticias\/por-mais-politicas-que-promovam-igualdade-de-oportunidades-entre-as-juventudes.html\" target=\"_blank\" rel=\"noopener noreferrer\">Anna Luiza Salles Souto<\/a><\/strong><\/p>\n<p style=\"padding-left: 30px;\">Coordenadora da \u00e1rea de Democracia e Participa\u00e7\u00e3o do Instituto P\u00f3lis.<\/p>\n<p><strong>Pol\u00edticas P\u00fablicas e na \u00e1rea da educa\u00e7\u00e3o | Entrevistado: <a href=\"https:\/\/franciscanos.org.br\/noticias\/a-educacao-como-um-instrumento-transformador-da-sociedade.html\" target=\"_blank\" rel=\"noopener noreferrer\">Professor Dilnei Lorenzi<\/a><\/strong><\/p>\n<p style=\"padding-left: 30px;\">Pr\u00f3-Reitor de Ensino, Pesquisa e Extens\u00e3o da Universidade S\u00e3o Francisco (USF).<\/p>\n<p><strong>Sa\u00fade e o bem comum | Entrevistado: <a href=\"https:\/\/franciscanos.org.br\/noticias\/o-papel-da-pastoral-da-saude-nas-politicas-publicas.html\" target=\"_blank\" rel=\"noopener noreferrer\">Pe. Christian de Paul de Barchifontaine<\/a><\/strong><\/p>\n<p style=\"padding-left: 30px;\">Assessor Internacional dos Camilianos na \u00c1rea da Sa\u00fade, Rela\u00e7\u00f5es P\u00fablicas das Organiza\u00e7\u00f5es Camilianas.<\/p>\n<p><strong>O exemplo concreto no Rio de Janeiro | Entrevistado: <a href=\"https:\/\/franciscanos.org.br\/noticias\/o-exemplo-concreto-do-forum-grita-baixada-no-exercicio-das-politicas-publicas.html\" target=\"_blank\" rel=\"noopener noreferrer\">Adriano de Ara\u00fajo<\/a><\/strong><\/p>\n<p style=\"padding-left: 30px;\">Soci\u00f3logo, coordenador do F\u00f3rum Grita Baixada.<\/p>\n","protected":false},"excerpt":{"rendered":"<p>S\u00e9rie Especial Campanha da Fraternidade 2019<\/p>\n","protected":false},"author":3,"featured_media":202309,"comment_status":"open","ping_status":"open","sticky":false,"template":"","format":"standard","meta":[],"categories":[758],"tags":[180,1431],"acf":[],"yoast_head":"<!-- This site is optimized with the Yoast SEO plugin v19.2 - https:\/\/yoast.com\/wordpress\/plugins\/seo\/ -->\n<title>A educa\u00e7\u00e3o como um instrumento transformador da sociedade - Not\u00edcias - Franciscanos<\/title>\n<meta name=\"robots\" content=\"index, follow, max-snippet:-1, max-image-preview:large, max-video-preview:-1\" \/>\n<link rel=\"canonical\" href=\"https:\/\/franciscanos.org.br\/noticias\/a-educacao-como-um-instrumento-transformador-da-sociedade.html\" \/>\n<meta property=\"og:locale\" content=\"pt_BR\" \/>\n<meta property=\"og:type\" content=\"article\" \/>\n<meta property=\"og:title\" content=\"A educa\u00e7\u00e3o como um instrumento transformador da sociedade - Not\u00edcias - Franciscanos\" \/>\n<meta property=\"og:description\" content=\"S\u00e9rie Especial Campanha da Fraternidade 2019\" \/>\n<meta property=\"og:url\" content=\"https:\/\/franciscanos.org.br\/noticias\/a-educacao-como-um-instrumento-transformador-da-sociedade.html\" \/>\n<meta property=\"og:site_name\" content=\"Not\u00edcias - Franciscanos\" \/>\n<meta property=\"article:published_time\" content=\"2019-04-10T13:43:21+00:00\" \/>\n<meta property=\"article:modified_time\" content=\"2022-03-16T12:10:43+00:00\" \/>\n<meta property=\"og:image\" content=\"https:\/\/franciscanos.org.br\/noticias\/wp-content\/uploads\/2019\/04\/dilnei_080419d.jpg\" \/>\n\t<meta property=\"og:image:width\" content=\"273\" \/>\n\t<meta property=\"og:image:height\" content=\"181\" \/>\n\t<meta property=\"og:image:type\" content=\"image\/jpeg\" \/>\n<meta name=\"author\" content=\"moacir\" \/>\n<meta name=\"twitter:card\" content=\"summary_large_image\" \/>\n<meta name=\"twitter:label1\" content=\"Escrito por\" \/>\n\t<meta name=\"twitter:data1\" content=\"moacir\" \/>\n\t<meta name=\"twitter:label2\" content=\"Est. tempo de leitura\" \/>\n\t<meta name=\"twitter:data2\" content=\"9 minutos\" \/>\n<script type=\"application\/ld+json\" class=\"yoast-schema-graph\">{\"@context\":\"https:\/\/schema.org\",\"@graph\":[{\"@type\":\"WebSite\",\"@id\":\"https:\/\/franciscanos.org.br\/noticias\/#website\",\"url\":\"https:\/\/franciscanos.org.br\/noticias\/\",\"name\":\"Not\u00edcias - Franciscanos\",\"description\":\"Prov\u00edncia Franciscana da Imaculada Concei\u00e7\u00e3o do Brasil - Ordem dos Frades Menores - OFM\",\"potentialAction\":[{\"@type\":\"SearchAction\",\"target\":{\"@type\":\"EntryPoint\",\"urlTemplate\":\"https:\/\/franciscanos.org.br\/noticias\/?s={search_term_string}\"},\"query-input\":\"required name=search_term_string\"}],\"inLanguage\":\"pt-BR\"},{\"@type\":\"ImageObject\",\"inLanguage\":\"pt-BR\",\"@id\":\"https:\/\/franciscanos.org.br\/noticias\/a-educacao-como-um-instrumento-transformador-da-sociedade.html#primaryimage\",\"url\":\"https:\/\/franciscanos.org.br\/noticias\/wp-content\/uploads\/2019\/04\/dilnei_080419d.jpg\",\"contentUrl\":\"https:\/\/franciscanos.org.br\/noticias\/wp-content\/uploads\/2019\/04\/dilnei_080419d.jpg\",\"width\":273,\"height\":181},{\"@type\":\"WebPage\",\"@id\":\"https:\/\/franciscanos.org.br\/noticias\/a-educacao-como-um-instrumento-transformador-da-sociedade.html#webpage\",\"url\":\"https:\/\/franciscanos.org.br\/noticias\/a-educacao-como-um-instrumento-transformador-da-sociedade.html\",\"name\":\"A educa\u00e7\u00e3o como um instrumento transformador da sociedade - Not\u00edcias - Franciscanos\",\"isPartOf\":{\"@id\":\"https:\/\/franciscanos.org.br\/noticias\/#website\"},\"primaryImageOfPage\":{\"@id\":\"https:\/\/franciscanos.org.br\/noticias\/a-educacao-como-um-instrumento-transformador-da-sociedade.html#primaryimage\"},\"datePublished\":\"2019-04-10T13:43:21+00:00\",\"dateModified\":\"2022-03-16T12:10:43+00:00\",\"author\":{\"@id\":\"https:\/\/franciscanos.org.br\/noticias\/#\/schema\/person\/b5c8cba458c330ccff548b056e95a5d4\"},\"breadcrumb\":{\"@id\":\"https:\/\/franciscanos.org.br\/noticias\/a-educacao-como-um-instrumento-transformador-da-sociedade.html#breadcrumb\"},\"inLanguage\":\"pt-BR\",\"potentialAction\":[{\"@type\":\"ReadAction\",\"target\":[\"https:\/\/franciscanos.org.br\/noticias\/a-educacao-como-um-instrumento-transformador-da-sociedade.html\"]}]},{\"@type\":\"BreadcrumbList\",\"@id\":\"https:\/\/franciscanos.org.br\/noticias\/a-educacao-como-um-instrumento-transformador-da-sociedade.html#breadcrumb\",\"itemListElement\":[{\"@type\":\"ListItem\",\"position\":1,\"name\":\"Home\",\"item\":\"https:\/\/franciscanos.org.br\/noticias\"},{\"@type\":\"ListItem\",\"position\":2,\"name\":\"A educa\u00e7\u00e3o como um instrumento transformador da sociedade\"}]},{\"@type\":\"Person\",\"@id\":\"https:\/\/franciscanos.org.br\/noticias\/#\/schema\/person\/b5c8cba458c330ccff548b056e95a5d4\",\"name\":\"moacir\",\"image\":{\"@type\":\"ImageObject\",\"inLanguage\":\"pt-BR\",\"@id\":\"https:\/\/franciscanos.org.br\/noticias\/#\/schema\/person\/image\/\",\"url\":\"https:\/\/secure.gravatar.com\/avatar\/d08aa2ce4c8dd416d4479aa8536fcf64?s=96&d=mm&r=g\",\"contentUrl\":\"https:\/\/secure.gravatar.com\/avatar\/d08aa2ce4c8dd416d4479aa8536fcf64?s=96&d=mm&r=g\",\"caption\":\"moacir\"},\"url\":\"https:\/\/franciscanos.org.br\/noticias\/author\/moacir\"}]}<\/script>\n<!-- \/ Yoast SEO plugin. -->","yoast_head_json":{"title":"A educa\u00e7\u00e3o como um instrumento transformador da sociedade - Not\u00edcias - Franciscanos","robots":{"index":"index","follow":"follow","max-snippet":"max-snippet:-1","max-image-preview":"max-image-preview:large","max-video-preview":"max-video-preview:-1"},"canonical":"https:\/\/franciscanos.org.br\/noticias\/a-educacao-como-um-instrumento-transformador-da-sociedade.html","og_locale":"pt_BR","og_type":"article","og_title":"A educa\u00e7\u00e3o como um instrumento transformador da sociedade - Not\u00edcias - Franciscanos","og_description":"S\u00e9rie Especial Campanha da Fraternidade 2019","og_url":"https:\/\/franciscanos.org.br\/noticias\/a-educacao-como-um-instrumento-transformador-da-sociedade.html","og_site_name":"Not\u00edcias - Franciscanos","article_published_time":"2019-04-10T13:43:21+00:00","article_modified_time":"2022-03-16T12:10:43+00:00","og_image":[{"width":273,"height":181,"url":"https:\/\/franciscanos.org.br\/noticias\/wp-content\/uploads\/2019\/04\/dilnei_080419d.jpg","type":"image\/jpeg"}],"author":"moacir","twitter_card":"summary_large_image","twitter_misc":{"Escrito por":"moacir","Est. tempo de leitura":"9 minutos"},"schema":{"@context":"https:\/\/schema.org","@graph":[{"@type":"WebSite","@id":"https:\/\/franciscanos.org.br\/noticias\/#website","url":"https:\/\/franciscanos.org.br\/noticias\/","name":"Not\u00edcias - Franciscanos","description":"Prov\u00edncia Franciscana da Imaculada Concei\u00e7\u00e3o do Brasil - Ordem dos Frades Menores - OFM","potentialAction":[{"@type":"SearchAction","target":{"@type":"EntryPoint","urlTemplate":"https:\/\/franciscanos.org.br\/noticias\/?s={search_term_string}"},"query-input":"required name=search_term_string"}],"inLanguage":"pt-BR"},{"@type":"ImageObject","inLanguage":"pt-BR","@id":"https:\/\/franciscanos.org.br\/noticias\/a-educacao-como-um-instrumento-transformador-da-sociedade.html#primaryimage","url":"https:\/\/franciscanos.org.br\/noticias\/wp-content\/uploads\/2019\/04\/dilnei_080419d.jpg","contentUrl":"https:\/\/franciscanos.org.br\/noticias\/wp-content\/uploads\/2019\/04\/dilnei_080419d.jpg","width":273,"height":181},{"@type":"WebPage","@id":"https:\/\/franciscanos.org.br\/noticias\/a-educacao-como-um-instrumento-transformador-da-sociedade.html#webpage","url":"https:\/\/franciscanos.org.br\/noticias\/a-educacao-como-um-instrumento-transformador-da-sociedade.html","name":"A educa\u00e7\u00e3o como um instrumento transformador da sociedade - Not\u00edcias - Franciscanos","isPartOf":{"@id":"https:\/\/franciscanos.org.br\/noticias\/#website"},"primaryImageOfPage":{"@id":"https:\/\/franciscanos.org.br\/noticias\/a-educacao-como-um-instrumento-transformador-da-sociedade.html#primaryimage"},"datePublished":"2019-04-10T13:43:21+00:00","dateModified":"2022-03-16T12:10:43+00:00","author":{"@id":"https:\/\/franciscanos.org.br\/noticias\/#\/schema\/person\/b5c8cba458c330ccff548b056e95a5d4"},"breadcrumb":{"@id":"https:\/\/franciscanos.org.br\/noticias\/a-educacao-como-um-instrumento-transformador-da-sociedade.html#breadcrumb"},"inLanguage":"pt-BR","potentialAction":[{"@type":"ReadAction","target":["https:\/\/franciscanos.org.br\/noticias\/a-educacao-como-um-instrumento-transformador-da-sociedade.html"]}]},{"@type":"BreadcrumbList","@id":"https:\/\/franciscanos.org.br\/noticias\/a-educacao-como-um-instrumento-transformador-da-sociedade.html#breadcrumb","itemListElement":[{"@type":"ListItem","position":1,"name":"Home","item":"https:\/\/franciscanos.org.br\/noticias"},{"@type":"ListItem","position":2,"name":"A educa\u00e7\u00e3o como um instrumento transformador da sociedade"}]},{"@type":"Person","@id":"https:\/\/franciscanos.org.br\/noticias\/#\/schema\/person\/b5c8cba458c330ccff548b056e95a5d4","name":"moacir","image":{"@type":"ImageObject","inLanguage":"pt-BR","@id":"https:\/\/franciscanos.org.br\/noticias\/#\/schema\/person\/image\/","url":"https:\/\/secure.gravatar.com\/avatar\/d08aa2ce4c8dd416d4479aa8536fcf64?s=96&d=mm&r=g","contentUrl":"https:\/\/secure.gravatar.com\/avatar\/d08aa2ce4c8dd416d4479aa8536fcf64?s=96&d=mm&r=g","caption":"moacir"},"url":"https:\/\/franciscanos.org.br\/noticias\/author\/moacir"}]}},"_links":{"self":[{"href":"https:\/\/franciscanos.org.br\/noticias\/wp-json\/wp\/v2\/posts\/202308"}],"collection":[{"href":"https:\/\/franciscanos.org.br\/noticias\/wp-json\/wp\/v2\/posts"}],"about":[{"href":"https:\/\/franciscanos.org.br\/noticias\/wp-json\/wp\/v2\/types\/post"}],"author":[{"embeddable":true,"href":"https:\/\/franciscanos.org.br\/noticias\/wp-json\/wp\/v2\/users\/3"}],"replies":[{"embeddable":true,"href":"https:\/\/franciscanos.org.br\/noticias\/wp-json\/wp\/v2\/comments?post=202308"}],"version-history":[{"count":1,"href":"https:\/\/franciscanos.org.br\/noticias\/wp-json\/wp\/v2\/posts\/202308\/revisions"}],"predecessor-version":[{"id":236819,"href":"https:\/\/franciscanos.org.br\/noticias\/wp-json\/wp\/v2\/posts\/202308\/revisions\/236819"}],"wp:featuredmedia":[{"embeddable":true,"href":"https:\/\/franciscanos.org.br\/noticias\/wp-json\/wp\/v2\/media\/202309"}],"wp:attachment":[{"href":"https:\/\/franciscanos.org.br\/noticias\/wp-json\/wp\/v2\/media?parent=202308"}],"wp:term":[{"taxonomy":"category","embeddable":true,"href":"https:\/\/franciscanos.org.br\/noticias\/wp-json\/wp\/v2\/categories?post=202308"},{"taxonomy":"post_tag","embeddable":true,"href":"https:\/\/franciscanos.org.br\/noticias\/wp-json\/wp\/v2\/tags?post=202308"}],"curies":[{"name":"wp","href":"https:\/\/api.w.org\/{rel}","templated":true}]}}