{"id":202300,"date":"2019-04-07T08:29:48","date_gmt":"2019-04-07T11:29:48","guid":{"rendered":"https:\/\/franciscanos.org.br\/noticias\/?p=202300"},"modified":"2019-04-07T08:29:48","modified_gmt":"2019-04-07T11:29:48","slug":"quando-falamos-mal-dos-outros-lancamos-pedras-somos-como-eles","status":"publish","type":"post","link":"https:\/\/franciscanos.org.br\/noticias\/quando-falamos-mal-dos-outros-lancamos-pedras-somos-como-eles.html","title":{"rendered":"&#8220;Quando falamos mal dos outros, lan\u00e7amos pedras, somos como eles.&#8221;"},"content":{"rendered":"<p><img loading=\"lazy\" class=\"alignnone wp-image-202301 size-full\" src=\"https:\/\/franciscanos.org.br\/noticias\/wp-content\/uploads\/2019\/04\/papa_070419.jpg\" alt=\"\" width=\"890\" height=\"501\" srcset=\"https:\/\/franciscanos.org.br\/noticias\/wp-content\/uploads\/2019\/04\/papa_070419.jpg 890w, https:\/\/franciscanos.org.br\/noticias\/wp-content\/uploads\/2019\/04\/papa_070419-450x253.jpg 450w, https:\/\/franciscanos.org.br\/noticias\/wp-content\/uploads\/2019\/04\/papa_070419-768x432.jpg 768w, https:\/\/franciscanos.org.br\/noticias\/wp-content\/uploads\/2019\/04\/papa_070419-150x84.jpg 150w\" sizes=\"(max-width: 890px) 100vw, 890px\" \/><\/p>\n<p><strong>Cidade do Vaticano<\/strong> &#8211; Abandonar as pedras da difama\u00e7\u00e3o e do julgamento, converter-se e recome\u00e7ar uma nova vida: esta foi a mensagem que o Papa transmitiu aos fi\u00e9is ao rezar com eles, na Pra\u00e7a S\u00e3o Pedro, o Angelus dominical. Antes da ora\u00e7\u00e3o mariana, Francisco comentou a liturgia deste quinto domingo da Quaresma, que apresenta o epis\u00f3dio da mulher ad\u00faltera.<\/p>\n<p>Nele, explicou o Papa, se contrap\u00f5em duas atitudes: a dos escribas e dos fariseus de um lado e, de outro, a de Jesus. O epis\u00f3dio narra o Mestre ensinando no templo, quando os escribas e os fariseus levam at\u00e9 ele uma mulher surpreendida em adult\u00e9rio; colocam-na no meio e perguntam a Jesus se lapid\u00e1-la, assim como prescreve a Lei de Mois\u00e9s. \u201cOs interlocutores de Jesus est\u00e3o presos nas amarras do legalismo e querem prender o Filho de Deus em sua perspectiva de ju\u00edzo e condena\u00e7\u00e3o\u201d, refletiu Francisco. \u201cMas Cristo n\u00e3o veio ao mundo para julgar e condenar, mas para salvar e oferecer \u00e0s pessoas uma nova vida.\u201d<\/p>\n<p><img loading=\"lazy\" class=\"alignnone size-full wp-image-202302\" src=\"https:\/\/franciscanos.org.br\/noticias\/wp-content\/uploads\/2019\/04\/papa_070419_1.jpg\" alt=\"\" width=\"890\" height=\"501\" srcset=\"https:\/\/franciscanos.org.br\/noticias\/wp-content\/uploads\/2019\/04\/papa_070419_1.jpg 890w, https:\/\/franciscanos.org.br\/noticias\/wp-content\/uploads\/2019\/04\/papa_070419_1-450x253.jpg 450w, https:\/\/franciscanos.org.br\/noticias\/wp-content\/uploads\/2019\/04\/papa_070419_1-768x432.jpg 768w, https:\/\/franciscanos.org.br\/noticias\/wp-content\/uploads\/2019\/04\/papa_070419_1-150x84.jpg 150w\" sizes=\"(max-width: 890px) 100vw, 890px\" \/><\/p>\n<p><strong>Atire a primeira pedra<\/strong><br \/>\nJesus reage, antes de tudo, permanecendo um pouco em sil\u00eancio e inclinando-se para escrever algo no ch\u00e3o e depois diz: &#8220;Quem dentre v\u00f3s n\u00e3o tiver pecado, seja o primeiro a atirar-lhe uma pedra&#8221;. Segundo o Papa, \u201cdeste modo, Jesus faz apelo \u00e0 consci\u00eancia daqueles homens: eles se sentiam \u2018paladinos da justi\u00e7a\u2019, mas Ele os chama \u00e0 consci\u00eancia de sua condi\u00e7\u00e3o de homens pecadores, pela qual n\u00e3o podem atribuir-se o direito de vida ou de morte sobre um seu semelhante.\u201d<\/p>\n<p>Os homens abandonam o local um a um e renunciam \u00e0 lapida\u00e7\u00e3o da mulher. Para Francisco, esta cena convida cada um de n\u00f3s a se conscientizar de que somos pecadores e a deixar cair de nossas m\u00e3os as pedras da difama\u00e7\u00e3o e da condena\u00e7\u00e3o que, \u00e0s vezes, gostar\u00edamos de lan\u00e7ar contra os outros. &#8220;Quando falamos mal dos outros, lan\u00e7amos pedras, somos como eles.&#8221;<\/p>\n<p><img loading=\"lazy\" class=\"alignnone size-full wp-image-202303\" src=\"https:\/\/franciscanos.org.br\/noticias\/wp-content\/uploads\/2019\/04\/papa_070419_2.jpg\" alt=\"\" width=\"890\" height=\"501\" srcset=\"https:\/\/franciscanos.org.br\/noticias\/wp-content\/uploads\/2019\/04\/papa_070419_2.jpg 890w, https:\/\/franciscanos.org.br\/noticias\/wp-content\/uploads\/2019\/04\/papa_070419_2-450x253.jpg 450w, https:\/\/franciscanos.org.br\/noticias\/wp-content\/uploads\/2019\/04\/papa_070419_2-768x432.jpg 768w, https:\/\/franciscanos.org.br\/noticias\/wp-content\/uploads\/2019\/04\/papa_070419_2-150x84.jpg 150w\" sizes=\"(max-width: 890px) 100vw, 890px\" \/><\/p>\n<p><strong>A mis\u00e9ria e a miseric\u00f3rdia<\/strong><br \/>\nNo final, ficam somente Jesus e a mulher, \u201ca mis\u00e9ria e a miseric\u00f3rdia\u201d, diz o Papa, citando Santo Agostinho. Jesus se despede da mulher com essas palavras: \u201cPodes ir, e de agora em diante n\u00e3o peques mais\u201d. Este convite, acrescentou o Papa, vale para cada um de n\u00f3s: &#8220;Quando nos perdoa, Jesus nos abre um novo caminho para ir avante&#8221;. Neste tempo de Quaresma, somos chamados a nos reconhecer pecadores e a pedir perd\u00e3o a Deus. E o perd\u00e3o, por sua vez, enquanto nos reconcilia e nos doa a paz, nos faz recome\u00e7ar uma hist\u00f3ria renovada.<\/p>\n<p>\u201cToda verdadeira convers\u00e3o \u00e9 direcionada a um futuro novo, a uma vida nova, bela, livre do pecado, generosa. N\u00e3o tenhamos medo de pedir perd\u00e3o a Jesus, porque Ele nos abre esta nova via.\u201d<\/p>\n<hr \/>\n<div class=\"article__text\">\n<p><img loading=\"lazy\" class=\"alignnone size-full wp-image-202305\" src=\"https:\/\/franciscanos.org.br\/noticias\/wp-content\/uploads\/2019\/04\/papa_07.jpeg\" alt=\"\" width=\"1000\" height=\"563\" srcset=\"https:\/\/franciscanos.org.br\/noticias\/wp-content\/uploads\/2019\/04\/papa_07.jpeg 1000w, https:\/\/franciscanos.org.br\/noticias\/wp-content\/uploads\/2019\/04\/papa_07-450x253.jpeg 450w, https:\/\/franciscanos.org.br\/noticias\/wp-content\/uploads\/2019\/04\/papa_07-768x432.jpeg 768w, https:\/\/franciscanos.org.br\/noticias\/wp-content\/uploads\/2019\/04\/papa_07-150x84.jpeg 150w\" sizes=\"(max-width: 1000px) 100vw, 1000px\" \/> A renova\u00e7\u00e3o da Igreja acontecer\u00e1 somente na escuta do Senhor: foi o que disse o Papa Francisco ao receber em audi\u00eancia na manh\u00e3 de s\u00e1bado, no Vaticano, os membros do Centro mission\u00e1rio franciscano da cidade de Bonn, na Alemanha.<\/p>\n<p>O motivo da audi\u00eancia pontif\u00edcia \u00e9 celebrar os 50 anos de funda\u00e7\u00e3o do Centro, que envolve o trabalho de frades e leigos.<\/p>\n<div>\n<div class=\"article__embed article__embed--unwrap article__embed--dark\">\n<div class=\"article__innerTitle\"><strong>Viver o Evangelho de modo aut\u00eantico<\/strong><\/div>\n<\/div>\n<\/div>\n<p>Em seu discurso, o Papa citou S\u00e3o Francisco, inspirador do Centro, para recordar que o Santo de Assis colocou-se a caminho para viver o Evangelho de modo aut\u00eantico n\u00e3o obstante todas as experi\u00eancias dos limites da Igreja de ent\u00e3o.<\/p>\n<div>\n<div class=\"article__embed article__embed--border embed_style\">\n<blockquote><p>\u201c Tamb\u00e9m hoje, \u00e0s vezes, sofremos pelos limites da Igreja. As palavras do Crucificado s\u00e3o um chamado a todos n\u00f3s. Uma renova\u00e7\u00e3o acontecer\u00e1 somente ouvindo o Senhor, deixando-se transformar por Ele e continuando a fazer o bem com Ele. \u201d<\/p><\/blockquote>\n<\/div>\n<\/div>\n<p>Justamente diante dos desafios atuais, prosseguiu o Papa, \u00e9 importante se empenhar mais para um futuro melhor para todos. \u201cDesejo para este jubileu uma alegria e uma confian\u00e7a tipicamente franciscanas. Perseverem no empenho em favor do bem de todas as pessoas e da tutela da cria\u00e7\u00e3o\u201d, concluiu o Pont\u00edfice.<\/p>\n<\/div>\n","protected":false},"excerpt":{"rendered":"<p>Ora\u00e7\u00e3o do Angelus<\/p>\n","protected":false},"author":3,"featured_media":202304,"comment_status":"open","ping_status":"open","sticky":false,"template":"","format":"standard","meta":[],"categories":[1428],"tags":[403],"acf":[],"yoast_head":"<!-- This site is optimized with the Yoast SEO plugin v19.2 - https:\/\/yoast.com\/wordpress\/plugins\/seo\/ -->\n<title>&quot;Quando falamos mal dos outros, lan\u00e7amos pedras, somos como eles.&quot; - Not\u00edcias - Franciscanos<\/title>\n<meta name=\"robots\" content=\"index, follow, max-snippet:-1, max-image-preview:large, max-video-preview:-1\" \/>\n<link rel=\"canonical\" href=\"https:\/\/franciscanos.org.br\/noticias\/quando-falamos-mal-dos-outros-lancamos-pedras-somos-como-eles.html\" \/>\n<meta property=\"og:locale\" content=\"pt_BR\" \/>\n<meta property=\"og:type\" content=\"article\" \/>\n<meta property=\"og:title\" content=\"&quot;Quando falamos mal dos outros, lan\u00e7amos pedras, somos como eles.&quot; - Not\u00edcias - Franciscanos\" \/>\n<meta property=\"og:description\" content=\"Ora\u00e7\u00e3o do Angelus\" \/>\n<meta property=\"og:url\" content=\"https:\/\/franciscanos.org.br\/noticias\/quando-falamos-mal-dos-outros-lancamos-pedras-somos-como-eles.html\" \/>\n<meta property=\"og:site_name\" content=\"Not\u00edcias - Franciscanos\" \/>\n<meta property=\"article:published_time\" content=\"2019-04-07T11:29:48+00:00\" \/>\n<meta property=\"og:image\" content=\"https:\/\/franciscanos.org.br\/noticias\/wp-content\/uploads\/2019\/04\/papa_070419d.jpg\" \/>\n\t<meta property=\"og:image:width\" content=\"273\" \/>\n\t<meta property=\"og:image:height\" content=\"181\" \/>\n\t<meta property=\"og:image:type\" content=\"image\/jpeg\" \/>\n<meta name=\"author\" content=\"moacir\" \/>\n<meta name=\"twitter:card\" content=\"summary_large_image\" \/>\n<meta name=\"twitter:label1\" content=\"Escrito por\" \/>\n\t<meta name=\"twitter:data1\" content=\"moacir\" \/>\n\t<meta name=\"twitter:label2\" content=\"Est. tempo de leitura\" \/>\n\t<meta name=\"twitter:data2\" content=\"3 minutos\" \/>\n<script type=\"application\/ld+json\" class=\"yoast-schema-graph\">{\"@context\":\"https:\/\/schema.org\",\"@graph\":[{\"@type\":\"WebSite\",\"@id\":\"https:\/\/franciscanos.org.br\/noticias\/#website\",\"url\":\"https:\/\/franciscanos.org.br\/noticias\/\",\"name\":\"Not\u00edcias - Franciscanos\",\"description\":\"Prov\u00edncia Franciscana da Imaculada Concei\u00e7\u00e3o do Brasil - Ordem dos Frades Menores - OFM\",\"potentialAction\":[{\"@type\":\"SearchAction\",\"target\":{\"@type\":\"EntryPoint\",\"urlTemplate\":\"https:\/\/franciscanos.org.br\/noticias\/?s={search_term_string}\"},\"query-input\":\"required name=search_term_string\"}],\"inLanguage\":\"pt-BR\"},{\"@type\":\"ImageObject\",\"inLanguage\":\"pt-BR\",\"@id\":\"https:\/\/franciscanos.org.br\/noticias\/quando-falamos-mal-dos-outros-lancamos-pedras-somos-como-eles.html#primaryimage\",\"url\":\"https:\/\/franciscanos.org.br\/noticias\/wp-content\/uploads\/2019\/04\/papa_070419d.jpg\",\"contentUrl\":\"https:\/\/franciscanos.org.br\/noticias\/wp-content\/uploads\/2019\/04\/papa_070419d.jpg\",\"width\":273,\"height\":181},{\"@type\":\"WebPage\",\"@id\":\"https:\/\/franciscanos.org.br\/noticias\/quando-falamos-mal-dos-outros-lancamos-pedras-somos-como-eles.html#webpage\",\"url\":\"https:\/\/franciscanos.org.br\/noticias\/quando-falamos-mal-dos-outros-lancamos-pedras-somos-como-eles.html\",\"name\":\"\\\"Quando falamos mal dos outros, lan\u00e7amos pedras, somos como eles.\\\" - Not\u00edcias - Franciscanos\",\"isPartOf\":{\"@id\":\"https:\/\/franciscanos.org.br\/noticias\/#website\"},\"primaryImageOfPage\":{\"@id\":\"https:\/\/franciscanos.org.br\/noticias\/quando-falamos-mal-dos-outros-lancamos-pedras-somos-como-eles.html#primaryimage\"},\"datePublished\":\"2019-04-07T11:29:48+00:00\",\"dateModified\":\"2019-04-07T11:29:48+00:00\",\"author\":{\"@id\":\"https:\/\/franciscanos.org.br\/noticias\/#\/schema\/person\/b5c8cba458c330ccff548b056e95a5d4\"},\"breadcrumb\":{\"@id\":\"https:\/\/franciscanos.org.br\/noticias\/quando-falamos-mal-dos-outros-lancamos-pedras-somos-como-eles.html#breadcrumb\"},\"inLanguage\":\"pt-BR\",\"potentialAction\":[{\"@type\":\"ReadAction\",\"target\":[\"https:\/\/franciscanos.org.br\/noticias\/quando-falamos-mal-dos-outros-lancamos-pedras-somos-como-eles.html\"]}]},{\"@type\":\"BreadcrumbList\",\"@id\":\"https:\/\/franciscanos.org.br\/noticias\/quando-falamos-mal-dos-outros-lancamos-pedras-somos-como-eles.html#breadcrumb\",\"itemListElement\":[{\"@type\":\"ListItem\",\"position\":1,\"name\":\"Home\",\"item\":\"https:\/\/franciscanos.org.br\/noticias\"},{\"@type\":\"ListItem\",\"position\":2,\"name\":\"&#8220;Quando falamos mal dos outros, lan\u00e7amos pedras, somos como eles.&#8221;\"}]},{\"@type\":\"Person\",\"@id\":\"https:\/\/franciscanos.org.br\/noticias\/#\/schema\/person\/b5c8cba458c330ccff548b056e95a5d4\",\"name\":\"moacir\",\"image\":{\"@type\":\"ImageObject\",\"inLanguage\":\"pt-BR\",\"@id\":\"https:\/\/franciscanos.org.br\/noticias\/#\/schema\/person\/image\/\",\"url\":\"https:\/\/secure.gravatar.com\/avatar\/d08aa2ce4c8dd416d4479aa8536fcf64?s=96&d=mm&r=g\",\"contentUrl\":\"https:\/\/secure.gravatar.com\/avatar\/d08aa2ce4c8dd416d4479aa8536fcf64?s=96&d=mm&r=g\",\"caption\":\"moacir\"},\"url\":\"https:\/\/franciscanos.org.br\/noticias\/author\/moacir\"}]}<\/script>\n<!-- \/ Yoast SEO plugin. -->","yoast_head_json":{"title":"\"Quando falamos mal dos outros, lan\u00e7amos pedras, somos como eles.\" - Not\u00edcias - Franciscanos","robots":{"index":"index","follow":"follow","max-snippet":"max-snippet:-1","max-image-preview":"max-image-preview:large","max-video-preview":"max-video-preview:-1"},"canonical":"https:\/\/franciscanos.org.br\/noticias\/quando-falamos-mal-dos-outros-lancamos-pedras-somos-como-eles.html","og_locale":"pt_BR","og_type":"article","og_title":"\"Quando falamos mal dos outros, lan\u00e7amos pedras, somos como eles.\" - Not\u00edcias - Franciscanos","og_description":"Ora\u00e7\u00e3o do Angelus","og_url":"https:\/\/franciscanos.org.br\/noticias\/quando-falamos-mal-dos-outros-lancamos-pedras-somos-como-eles.html","og_site_name":"Not\u00edcias - Franciscanos","article_published_time":"2019-04-07T11:29:48+00:00","og_image":[{"width":273,"height":181,"url":"https:\/\/franciscanos.org.br\/noticias\/wp-content\/uploads\/2019\/04\/papa_070419d.jpg","type":"image\/jpeg"}],"author":"moacir","twitter_card":"summary_large_image","twitter_misc":{"Escrito por":"moacir","Est. tempo de leitura":"3 minutos"},"schema":{"@context":"https:\/\/schema.org","@graph":[{"@type":"WebSite","@id":"https:\/\/franciscanos.org.br\/noticias\/#website","url":"https:\/\/franciscanos.org.br\/noticias\/","name":"Not\u00edcias - Franciscanos","description":"Prov\u00edncia Franciscana da Imaculada Concei\u00e7\u00e3o do Brasil - Ordem dos Frades Menores - OFM","potentialAction":[{"@type":"SearchAction","target":{"@type":"EntryPoint","urlTemplate":"https:\/\/franciscanos.org.br\/noticias\/?s={search_term_string}"},"query-input":"required name=search_term_string"}],"inLanguage":"pt-BR"},{"@type":"ImageObject","inLanguage":"pt-BR","@id":"https:\/\/franciscanos.org.br\/noticias\/quando-falamos-mal-dos-outros-lancamos-pedras-somos-como-eles.html#primaryimage","url":"https:\/\/franciscanos.org.br\/noticias\/wp-content\/uploads\/2019\/04\/papa_070419d.jpg","contentUrl":"https:\/\/franciscanos.org.br\/noticias\/wp-content\/uploads\/2019\/04\/papa_070419d.jpg","width":273,"height":181},{"@type":"WebPage","@id":"https:\/\/franciscanos.org.br\/noticias\/quando-falamos-mal-dos-outros-lancamos-pedras-somos-como-eles.html#webpage","url":"https:\/\/franciscanos.org.br\/noticias\/quando-falamos-mal-dos-outros-lancamos-pedras-somos-como-eles.html","name":"\"Quando falamos mal dos outros, lan\u00e7amos pedras, somos como eles.\" - Not\u00edcias - Franciscanos","isPartOf":{"@id":"https:\/\/franciscanos.org.br\/noticias\/#website"},"primaryImageOfPage":{"@id":"https:\/\/franciscanos.org.br\/noticias\/quando-falamos-mal-dos-outros-lancamos-pedras-somos-como-eles.html#primaryimage"},"datePublished":"2019-04-07T11:29:48+00:00","dateModified":"2019-04-07T11:29:48+00:00","author":{"@id":"https:\/\/franciscanos.org.br\/noticias\/#\/schema\/person\/b5c8cba458c330ccff548b056e95a5d4"},"breadcrumb":{"@id":"https:\/\/franciscanos.org.br\/noticias\/quando-falamos-mal-dos-outros-lancamos-pedras-somos-como-eles.html#breadcrumb"},"inLanguage":"pt-BR","potentialAction":[{"@type":"ReadAction","target":["https:\/\/franciscanos.org.br\/noticias\/quando-falamos-mal-dos-outros-lancamos-pedras-somos-como-eles.html"]}]},{"@type":"BreadcrumbList","@id":"https:\/\/franciscanos.org.br\/noticias\/quando-falamos-mal-dos-outros-lancamos-pedras-somos-como-eles.html#breadcrumb","itemListElement":[{"@type":"ListItem","position":1,"name":"Home","item":"https:\/\/franciscanos.org.br\/noticias"},{"@type":"ListItem","position":2,"name":"&#8220;Quando falamos mal dos outros, lan\u00e7amos pedras, somos como eles.&#8221;"}]},{"@type":"Person","@id":"https:\/\/franciscanos.org.br\/noticias\/#\/schema\/person\/b5c8cba458c330ccff548b056e95a5d4","name":"moacir","image":{"@type":"ImageObject","inLanguage":"pt-BR","@id":"https:\/\/franciscanos.org.br\/noticias\/#\/schema\/person\/image\/","url":"https:\/\/secure.gravatar.com\/avatar\/d08aa2ce4c8dd416d4479aa8536fcf64?s=96&d=mm&r=g","contentUrl":"https:\/\/secure.gravatar.com\/avatar\/d08aa2ce4c8dd416d4479aa8536fcf64?s=96&d=mm&r=g","caption":"moacir"},"url":"https:\/\/franciscanos.org.br\/noticias\/author\/moacir"}]}},"_links":{"self":[{"href":"https:\/\/franciscanos.org.br\/noticias\/wp-json\/wp\/v2\/posts\/202300"}],"collection":[{"href":"https:\/\/franciscanos.org.br\/noticias\/wp-json\/wp\/v2\/posts"}],"about":[{"href":"https:\/\/franciscanos.org.br\/noticias\/wp-json\/wp\/v2\/types\/post"}],"author":[{"embeddable":true,"href":"https:\/\/franciscanos.org.br\/noticias\/wp-json\/wp\/v2\/users\/3"}],"replies":[{"embeddable":true,"href":"https:\/\/franciscanos.org.br\/noticias\/wp-json\/wp\/v2\/comments?post=202300"}],"version-history":[{"count":0,"href":"https:\/\/franciscanos.org.br\/noticias\/wp-json\/wp\/v2\/posts\/202300\/revisions"}],"wp:featuredmedia":[{"embeddable":true,"href":"https:\/\/franciscanos.org.br\/noticias\/wp-json\/wp\/v2\/media\/202304"}],"wp:attachment":[{"href":"https:\/\/franciscanos.org.br\/noticias\/wp-json\/wp\/v2\/media?parent=202300"}],"wp:term":[{"taxonomy":"category","embeddable":true,"href":"https:\/\/franciscanos.org.br\/noticias\/wp-json\/wp\/v2\/categories?post=202300"},{"taxonomy":"post_tag","embeddable":true,"href":"https:\/\/franciscanos.org.br\/noticias\/wp-json\/wp\/v2\/tags?post=202300"}],"curies":[{"name":"wp","href":"https:\/\/api.w.org\/{rel}","templated":true}]}}