{"id":202283,"date":"2019-04-05T07:53:41","date_gmt":"2019-04-05T10:53:41","guid":{"rendered":"https:\/\/franciscanos.org.br\/noticias\/?p=202283"},"modified":"2019-10-10T07:43:40","modified_gmt":"2019-10-10T10:43:40","slug":"por-mais-politicas-que-promovam-igualdade-de-oportunidades-entre-as-juventudes","status":"publish","type":"post","link":"https:\/\/franciscanos.org.br\/noticias\/por-mais-politicas-que-promovam-igualdade-de-oportunidades-entre-as-juventudes.html","title":{"rendered":"Juventudes: Por mais pol\u00edticas que promovam igualdade de oportunidades"},"content":{"rendered":"<p><img loading=\"lazy\" class=\"alignnone size-full wp-image-202285\" src=\"https:\/\/franciscanos.org.br\/noticias\/wp-content\/uploads\/2019\/04\/jovens_050419.jpg\" alt=\"\" width=\"890\" height=\"383\" srcset=\"https:\/\/franciscanos.org.br\/noticias\/wp-content\/uploads\/2019\/04\/jovens_050419.jpg 890w, https:\/\/franciscanos.org.br\/noticias\/wp-content\/uploads\/2019\/04\/jovens_050419-450x194.jpg 450w, https:\/\/franciscanos.org.br\/noticias\/wp-content\/uploads\/2019\/04\/jovens_050419-768x330.jpg 768w, https:\/\/franciscanos.org.br\/noticias\/wp-content\/uploads\/2019\/04\/jovens_050419-150x65.jpg 150w\" sizes=\"(max-width: 890px) 100vw, 890px\" \/><\/p>\n<p><em>A soci\u00f3loga Anna Luiza Salles Souto, coordenadora da \u00e1rea de Democracia e Participa\u00e7\u00e3o do Instituto P\u00f3lis desde 1996, fala nesta <\/em><strong>S\u00e9rie Especial da Campanha da Fraternidade &#8211;<\/strong><em>\u00a0que este ano aborda\u00a0 o tema \u201cFraternidade e Pol\u00edticas P\u00fablicas\u201d &#8211; sobre as especificidades das Pol\u00edticas P\u00fablicas para a juventude. <\/em><\/p>\n<p><em>\u00a0<\/em><em>Em entrevista a <strong>Frei Gustavo Medella<\/strong>, Ana Luiza parabenizou a CNBB pela escolha do tema &#8220;Fraternidades e Pol\u00edticas P\u00fablicas\u201d, que \u00e9 estrat\u00e9gico, segundo ela, especialmente nesta conjuntura em que o pa\u00eds est\u00e1 atravessando, quando est\u00e1 na agenda de discuss\u00f5es se vamos garantir e ampliar os direitos ou se vamos restringir, tudo isso num pa\u00eds marcado por profundas desigualdades. <\/em><\/p>\n<p><em>\u00a0<\/em><em>Para Ana Luiza, h\u00e1 um longo caminho a percorrer tendo em vista os direitos das juventudes no pa\u00eds, mesmo se levando em conta o Estatuto da Juventude criado em 2013. Para ela, falar em pol\u00edticas p\u00fablicas para a juventude \u00e9 tamb\u00e9m falar em forma\u00e7\u00e3o dos gestores, \u00e9 falar de quem aplica as pol\u00edticas p\u00fablicas para tratar dessa diversidade da juventude. <\/em><\/p>\n<p><em>\u00a0<\/em><em>Ana Luiza coordenou o Instituto P\u00f3lis de 2006 a 2011, uma ONG (Organiza\u00e7\u00e3o N\u00e3o Governamental) de atua\u00e7\u00e3o nacional e internacional, fundada em 1987, com o objetivo de atuar na constru\u00e7\u00e3o de cidades justas, sustent\u00e1veis e democr\u00e1ticas, por meio de pesquisas, assessoria e forma\u00e7\u00e3o que resultem em mais pol\u00edticas p\u00fablicas e no avan\u00e7o do desenvolvimento local.<\/em><\/p>\n<p><em>\u00a0<\/em><em>Para ajudar na compreens\u00e3o do tema, a Prov\u00edncia Franciscana da Imaculada Concei\u00e7\u00e3o, atrav\u00e9s da Frente de Evangeliza\u00e7\u00e3o da Comunica\u00e7\u00e3o, produziu esta s\u00e9rie de entrevistas abordando diversos aspectos das Pol\u00edticas P\u00fablicas e suas \u00e1reas de atua\u00e7\u00e3o.<\/em><\/p>\n<p><strong>ACOMPANHE A ENTREVISTA POR T\u00d3PICOS!<\/strong><\/p>\n<p><img loading=\"lazy\" class=\"alignnone size-full wp-image-202286\" src=\"https:\/\/franciscanos.org.br\/noticias\/wp-content\/uploads\/2019\/04\/ana_050419.jpg\" alt=\"\" width=\"890\" height=\"590\" srcset=\"https:\/\/franciscanos.org.br\/noticias\/wp-content\/uploads\/2019\/04\/ana_050419.jpg 890w, https:\/\/franciscanos.org.br\/noticias\/wp-content\/uploads\/2019\/04\/ana_050419-450x298.jpg 450w, https:\/\/franciscanos.org.br\/noticias\/wp-content\/uploads\/2019\/04\/ana_050419-768x509.jpg 768w, https:\/\/franciscanos.org.br\/noticias\/wp-content\/uploads\/2019\/04\/ana_050419-150x99.jpg 150w\" sizes=\"(max-width: 890px) 100vw, 890px\" \/><\/p>\n<p><strong>JUVENTUDES <\/strong><\/p>\n<p>Para falar sobre esse tema, acho importante iniciar pontuando algumas quest\u00f5es. Primeiramente, a juventude \u00e9 plural e heterog\u00eanea. Por isso que hoje em dia se fala em <strong>juventudes<\/strong>, no plural. De quem estamos falando? Dos jovens que s\u00e3o cerca de 1\/4 da popula\u00e7\u00e3o do pa\u00eds. E o que chamamos de juventudes s\u00e3o os jovens que est\u00e3o entre 15 e 29 anos de idade, conforme estabelecido no Estatuto da Juventude.<\/p>\n<p>Esta fase da vida \u00e9 vivida de forma bastante desigual, a depender da classe social do (da) jovem, da ra\u00e7a, g\u00eanero, identidade de g\u00eanero, orienta\u00e7\u00e3o sexual, diferen\u00e7as de territ\u00f3rios, se o jovem mora na \u00e1rea urbana ou rural, e por a\u00ed vai. Ent\u00e3o, n\u00e3o h\u00e1 uma \u00fanica juventude. Por exemplo, jovem de alta renda, branco, morador de bairros bem equipados, vivenciam a juventude de uma forma completamente diferente quando comparado ao jovem negro, morador das periferias e favelas das regi\u00f5es metropolitanas.<\/p>\n<p><strong>DESIGUALDADES PROFUNDAS<\/strong><\/p>\n<p>S\u00f3 para se ter uma ideia, foi feita uma pesquisa em 2013 que se chama &#8220;Agenda juventude Brasil&#8221; e essa pesquisa abordou uma s\u00e9rie de temas, mostrando que 54% dos jovens negros declararam j\u00e1 ter perdido algum amigo ou parente de forma violenta contra 45% dos jovens brancos. O\u00a0 &#8220;Atlas da Viol\u00eancia&#8221; tamb\u00e9m registra essas desigualdades. Por exemplo, o risco relativo de uma jovem negra ser v\u00edtima de homic\u00eddio \u00e9 duas vezes maior do que uma jovem branca. A chance de o jovem negro ser assassinado \u00e9 quase tr\u00eas vezes superior a do jovem branco. Ent\u00e3o, estamos falando de <strong>desigualdades profundas<\/strong>. Sobretudo, essa quest\u00e3o do recorte de ra\u00e7as, que n\u00e3o \u00e9 recorte, mas uma quest\u00e3o estrutural das desigualdades no Brasil. Por qualquer lente que se olhar, os jovens negros t\u00eam os piores indicadores. Educa\u00e7\u00e3o, trabalho, viol\u00eancia, enfim, a primeira quest\u00e3o \u00e9 essa: n\u00e3o h\u00e1 uma \u00fanica juventude. Esse per\u00edodo \u00e9 vivido de forma desigual a depender daqueles crit\u00e9rios.<\/p>\n<p><strong>ESPECIFICIDADES<\/strong><\/p>\n<p>A juventude \u00e9 vista tamb\u00e9m como uma coisa meio passageira entre esse e o mundo adulto e, portanto, n\u00e3o precisa ter especificidade. Ela vai se tornar adulta, portanto, temos de jog\u00e1-la nas pol\u00edticas do mundo adulto. N\u00e3o. O per\u00edodo da juventude \u00e9 um momento importante na vida de crescentes conquistas de autonomias, constru\u00e7\u00e3o e experimenta\u00e7\u00e3o de seus projetos de vida e, enquanto tal, isso tem <strong>especificidades,<\/strong> necessidades, demandas que precisam de respostas via pol\u00edticas p\u00fablicas. Ent\u00e3o, falar em juventude tem que falar nas especificidades deste momento de vida.<\/p>\n<p>A juventude \u00e9 que mais sofre os dilemas na nossa sociedade. Antrop\u00f3loga Regina Novaes at\u00e9 fala que a juventude \u00e9 um espelho agigantador dos dilemas da sociedade. Quando aumenta o desemprego, \u00e9 o jovem que aparece como o que tem maior \u00edndice de desemprego, a viol\u00eancia recai sobre o jovem. Ent\u00e3o, acho que tem duas quest\u00f5es que s\u00e3o importantes quando a gente fala em juventude e pol\u00edtica p\u00fablica. O Estatuto da Juventude, que \u00e9 uma lei aprovada em 2013, estabelece direitos dos jovens e diretrizes de pol\u00edticas p\u00fablicas para a juventude. Pol\u00edticas para assegurar direitos desta juventude diversa e plural. Bom, dos princ\u00edpios que regem as Pol\u00edticas P\u00fablicas, queria destacar dois.<\/p>\n<p>Primeiro \u00e9 que as pol\u00edticas t\u00eam que ser voltadas para a promo\u00e7\u00e3o da autonomia dos jovens. Autonomia no sentido de munici\u00e1-los das ferramentas para construir suas trajet\u00f3rias de vida, de forma aut\u00f4noma, com liberdade e n\u00e3o que eles tenham, e elas tenham, uma trajet\u00f3ria de vida e escolham o compuls\u00f3rio: nasceu pobre, vai trabalhar como pedreiro; nasceu pobre e negro, vai trabalhar como dom\u00e9stica. Isso \u00e9 um absurdo. Ent\u00e3o, as Pol\u00edticas P\u00fablicas t\u00eam que abrir um leque de oportunidades para que a juventude, sobretudo a juventude pobre e negra da periferia possa ter, fazer suas op\u00e7\u00f5es de forma n\u00e3o compuls\u00f3ria.<\/p>\n<p><strong>SUJEITO DE DIREITOS<\/strong><\/p>\n<p>Outra coisa que o Estatuto tem como princ\u00edpio \u00e9 o reconhecimento do jovem como <strong>sujeito de direitos<\/strong>. Direitos universais e singulares que atendem \u00e0 demanda nesse momento da vida. Sobre esse reconhecimento de jovens como sujeitos de direitos, estamos falando de inclus\u00e3o, de liberdade de express\u00e3o, de organiza\u00e7\u00e3o, de escolhas e participa\u00e7\u00e3o ativa da juventude na vida social, pol\u00edtica e econ\u00f4mica do pa\u00eds e estamos falando aqui de participa\u00e7\u00e3o nos espa\u00e7os decis\u00f3rios. A juventude, digamos assim, sofrendo sobremaneira os dilemas da sociedade, tem que ser ouvida, tem que ser respeitada e tem que participar das decis\u00f5es do pa\u00eds. H\u00e1 uma diferen\u00e7a geracional grande e a\u00ed acho que a juventude tem pot\u00eancia para apresentar novas sa\u00eddas, novas propostas, para velhos problemas.<\/p>\n<p>Bom, dentro dos direitos que o Estatuto defende ou estabelece, eu queria destacar tr\u00eas: \u00a0O direito na participa\u00e7\u00e3o, formula\u00e7\u00e3o, tramita\u00e7\u00e3o e avalia\u00e7\u00e3o das pol\u00edticas p\u00fablicas. E n\u00f3s estamos falando tanto da participa\u00e7\u00e3o individual quanto da coletiva, via suas organiza\u00e7\u00f5es e seus movimentos. Isso pressup\u00f5e a livre associa\u00e7\u00e3o dos jovens e a sua liberdade de express\u00e3o. Inclusive, o primeiro direito do Estado da juventude \u00e9 o direito \u00e0 participa\u00e7\u00e3o. Queria destacar tamb\u00e9m o direto \u00e0 diversidade e \u00e0 igualdade de direito de oportunidades. E aqui n\u00f3s estamos falando da n\u00e3o discrimina\u00e7\u00e3o por ra\u00e7a, etnia, religi\u00e3o, cultura, sexo, orienta\u00e7\u00e3o sexual, opini\u00f5es, a quest\u00e3o de jovens com defici\u00eancia. E a\u00ed o Estatuto estabelece que cabe ao Poder P\u00fablico assegurar, via programas, pol\u00edticas, a igualdade de direitos de jovens de todas as ra\u00e7as, etnias com rela\u00e7\u00e3o \u00e0 voca\u00e7\u00e3o, trabalho, cultura, sa\u00fade, seguran\u00e7a, acesso \u00e0 justi\u00e7a e tal.<\/p>\n<p><strong>FORMA\u00c7\u00c3O<\/strong><\/p>\n<p>E uma coisa bastante importante para destacar neste momento que estamos vivendo \u00e9 que o Estatuto coloca, como orienta\u00e7\u00e3o para o Poder P\u00fablico, a inclus\u00e3o de temas sobre quest\u00f5es \u00e9tnicas, raciais, de defici\u00eancia, orienta\u00e7\u00e3o sexual, g\u00eanero, viol\u00eancia dom\u00e9stica e sexual contra a mulher e que t\u00eam que estar na<strong> forma\u00e7\u00e3o<\/strong>, t\u00eam que compor o rol de quest\u00f5es que s\u00e3o abordadas na forma\u00e7\u00e3o de profissionais da sa\u00fade, da seguran\u00e7a p\u00fablica, da educa\u00e7\u00e3o e dos operadores do Direito. Ou seja, falar em pol\u00edticas p\u00fablicas para a juventude \u00e9 tamb\u00e9m falar em forma\u00e7\u00e3o dos gestores, falar de quem aplica as pol\u00edticas p\u00fablicas para tratar dessa diversidade da juventude. E a\u00ed queria falar tamb\u00e9m sobre a quest\u00e3o do direito \u00e0 seguran\u00e7a p\u00fablica e o acesso \u00e0 justi\u00e7a, que \u00e9 tamb\u00e9m um direito elencado no Estatuto da Juventude, que fala do direito dos jovens e das jovens de viverem num ambiente seguro para o seu pleno desenvolvimento.<\/p>\n<p>Eu destacaria esses tr\u00eas direitos que est\u00e3o mais na ordem do dia. Respondem, inclusive, \u00e0s quest\u00f5es que est\u00e3o sendo debatidas nesse momento. Mas tamb\u00e9m fala-se em direito \u00e0 sa\u00fade, com especificidade da juventude, direito \u00e0 cultura, direito \u00e0 comunica\u00e7\u00e3o, trabalho, enfim uma s\u00e9rie de direitos.<\/p>\n<p>Enfim, falar em pol\u00edticas p\u00fablicas para a juventude \u00e9 falar em pol\u00edticas que promovam a igualdade de oportunidades entre as juventudes.<\/p>\n<p><a href=\"https:\/\/vidacrista.franciscanos.org.br\/especiais\/especial-campanha-da-fraternidade\/\" target=\"_blank\" rel=\"noopener noreferrer\">ESPECIAL SOBRE A CAMPANHA DA FRATERNIDADE<\/a><\/p>\n<hr \/>\n<p><b><i>Ou\u00e7a a entrevista:<\/i><\/b><\/p>\n<p><iframe loading=\"lazy\" src=\"https:\/\/w.soundcloud.com\/player\/?url=https%3A\/\/api.soundcloud.com\/tracks\/600814869&amp;color=%23ff5500&amp;auto_play=false&amp;hide_related=false&amp;show_comments=true&amp;show_user=true&amp;show_reposts=false&amp;show_teaser=true\" width=\"100%\" height=\"166\" frameborder=\"no\" scrolling=\"no\"><\/iframe><\/p>\n<hr \/>\n<p><strong>Confira todas as entrevistas: <\/strong><\/p>\n<p><strong>Tema e Lema da CF | Entrevistado:\u00a0 \u00a0 \u00a0<\/strong><strong><a href=\"https:\/\/franciscanos.org.br\/noticias\/d-leonardo-sejamos-ativos-na-construcao-de-politicas-publicas.html\">Dom Leonardo Ulrich Steiner<\/a><\/strong><\/p>\n<p style=\"padding-left: 30px;\">Bispo Auxiliar de Bras\u00edlia e secret\u00e1rio-geral da CNBB.<\/p>\n<p><strong>Conceito de Pol\u00edticas P\u00fablicas | Entrevistado: <a href=\"https:\/\/franciscanos.org.br\/noticias\/o-que-sao-e-como-funcionam-as-politicas-publicas.html\" target=\"_blank\" rel=\"noopener noreferrer\">Robert Soares do Nascimento<\/a><\/strong><\/p>\n<p style=\"padding-left: 30px;\">Agente de Pastoral, comp\u00f5e o N\u00facleo em Educa\u00e7\u00e3o e Direitos Humanos da UNISAL (Centro Universit\u00e1rio Salesiano de S\u00e3o Paulo) e participa do Grupo de Trabalho de Justi\u00e7a Restaurativa da Comarca de Americana (SP).<\/p>\n<p><strong>Pol\u00edtica como exerc\u00edcio do bem comum | Entrevistado: <a href=\"https:\/\/franciscanos.org.br\/noticias\/politica-como-exercicio-da-busca-do-bem-comum.html\" target=\"_blank\" rel=\"noopener noreferrer\">Felix Fernando Siriani<\/a><\/strong><\/p>\n<p style=\"padding-left: 30px;\">Formado em Gest\u00e3o de Pol\u00edticas P\u00fablicas, especialista em Pedagogia Social, Pastoral Escolar e mestrando em Mudan\u00e7a Social e Pol\u00edticas P\u00fablicas.<\/p>\n<p><strong>Doutrina Social da Igreja | Entrevistado: <a href=\"https:\/\/franciscanos.org.br\/noticias\/uma-boa-igreja-tem-que-ter-um-grande-amor-aos-pobres-afirma-fernando-altemeyer.html\" target=\"_blank\" rel=\"noopener noreferrer\">Prof. Dr. Fernando Altemeyer Junior<\/a><\/strong><\/p>\n<p style=\"padding-left: 30px;\">Chefe do Departamento de Ci\u00eancia da Religi\u00e3o da PUC-SP.<\/p>\n<p><strong>As a\u00e7\u00f5es e ensinamentos de Jesus como inspira\u00e7\u00e3o para pol\u00edticas em favor da cidadania |Entrevistado:\u00a0<a href=\"https:\/\/franciscanos.org.br\/noticias\/o-eixo-das-politicas-publicas-justica-paz-e-alegria.html\" target=\"_blank\" rel=\"noopener noreferrer\">Francisco Orofino<\/a><\/strong><\/p>\n<p style=\"padding-left: 30px;\">Leigo, professor de Teologia B\u00edblica em Nova Igua\u00e7u (RJ) e assessor do CEBI (Centro de Estudos B\u00edblicos) e do ISER Assessoria (Instituto de Estudos da Religi\u00e3o).<\/p>\n<p><strong>Os franciscanos e o engajamento pol\u00edtico | Entrevistado: <a href=\"https:\/\/franciscanos.org.br\/noticias\/frei-vitorio-pede-mais-indignacao-profetica.html\" target=\"_blank\" rel=\"noopener noreferrer\">Frei Vitorio Mazzuco<\/a><\/strong><\/p>\n<p style=\"padding-left: 30px;\">Mestre em espiritualidade e coordenador da Pastoral Universit\u00e1ria da USF.<\/p>\n<p><strong>A import\u00e2ncia dos Movimentos Sociais na busca do bem comum | Entrevistado: <a href=\"https:\/\/franciscanos.org.br\/noticias\/dom-guilherme-e-preciso-reanimar-os-movimentos-sociais.html\" target=\"_blank\" rel=\"noopener noreferrer\">Dom Guilherme Werlang<\/a><\/strong><\/p>\n<p style=\"padding-left: 30px;\">Bispo da Diocese de Lages (SC) e presidente da Comiss\u00e3o Episcopal Pastoral para a A\u00e7\u00e3o Social Transformadora da CNBB.<\/p>\n<p><strong>Pol\u00edticas P\u00fablicas na \u00e1rea da sa\u00fade | Entrevistado: <a href=\"https:\/\/franciscanos.org.br\/noticias\/politicas-publicas-em-favor-da-saude.html\" target=\"_blank\" rel=\"noopener noreferrer\">Fernando Pigatto <\/a><\/strong><\/p>\n<p style=\"padding-left: 30px;\">Presidente do Conselho Nacional de Sa\u00fade (CNS) e Representante da Confedera\u00e7\u00e3o Nacional das Associa\u00e7\u00f5es de Moradores (CONAM).<\/p>\n<p><strong>Pol\u00edticas P\u00fablicas na seguran\u00e7a | Entrevistado: <a href=\"https:\/\/franciscanos.org.br\/noticias\/a-seguranca-publica-precisa-da-integracao-das-instituicoes-e-da-comunidade.html\" target=\"_blank\" rel=\"noopener noreferrer\">Ricardo Bedendo<\/a><\/strong><\/p>\n<p style=\"padding-left: 30px;\">Jornalista e Mestre em Ci\u00eancias Sociais, integra o n\u00facleo de Estudos de Viol\u00eancia e Direitos Humanos da P\u00f3s-Gradua\u00e7\u00e3o em Ci\u00eancias Sociais da Universidade Federal de Juiz de Fora (UFJF).<\/p>\n<p><strong>Pol\u00edticas P\u00fablicas e Assist\u00eancia Social | Entrevistada: <a href=\"https:\/\/franciscanos.org.br\/noticias\/olhar-a-assistencia-social-como-um-direito-nao-um-favor.html\" target=\"_blank\" rel=\"noopener noreferrer\">Rosangela Pezoti<\/a><\/strong><\/p>\n<p style=\"padding-left: 30px;\">Doutora em Servi\u00e7o Social, respons\u00e1vel pelas \u00e1reas t\u00e9cnica e de articula\u00e7\u00e3o pol\u00edtica do Sefras &#8211; Servi\u00e7o Franciscano de Solidariedade.<\/p>\n<p><strong>Pol\u00edticas P\u00fablicas em favor dos negros | Entrevistado: <a href=\"https:\/\/franciscanos.org.br\/noticias\/cf-as-politicas-publicas-em-favor-dos-negros-sao-uma-conquista-de-todos.html\" target=\"_blank\" rel=\"noopener noreferrer\">Frei David Raimundo Santos<\/a><\/strong><\/p>\n<p style=\"padding-left: 30px;\">Presidente da Educafro (Educa\u00e7\u00e3o e Cidadania de Afrodescendentes e Carentes).<\/p>\n<p><strong>Import\u00e2ncia da participa\u00e7\u00e3o nos espa\u00e7os de controle social | Entrevistada: <a href=\"https:\/\/franciscanos.org.br\/noticias\/valdenia-o-controle-social-e-responsabilidade-de-toda-sociedade.html\" target=\"_blank\" rel=\"noopener noreferrer\">Vald\u00eania Paulino<\/a><\/strong><\/p>\n<p style=\"padding-left: 30px;\">Advogada, integra o Centro de Direitos Humanos de Sapopemba (SP)<\/p>\n<p><strong>Pol\u00edticas P\u00fablicas em favor dos \u00edndios e dos povos origin\u00e1rios | Entrevistado: <a href=\"https:\/\/franciscanos.org.br\/noticias\/e-preciso-lutar-para-que-nao-haja-retrocesso-nas-politicas-publicas-em-prol-dos-indigenas.html\" target=\"_blank\" rel=\"noopener noreferrer\">Egon Heck<\/a><\/strong><\/p>\n<p style=\"padding-left: 30px;\">Assessor do secretariado do Conselho Indigenista Mission\u00e1rio \u2013 Cimi.<\/p>\n<p><strong>Pol\u00edticas P\u00fablicas e Juventude | Entrevistada: <a href=\"https:\/\/franciscanos.org.br\/noticias\/por-mais-politicas-que-promovam-igualdade-de-oportunidades-entre-as-juventudes.html\" target=\"_blank\" rel=\"noopener noreferrer\">Anna Luiza Salles Souto<\/a><\/strong><\/p>\n<p style=\"padding-left: 30px;\">Coordenadora da \u00e1rea de Democracia e Participa\u00e7\u00e3o do Instituto P\u00f3lis.<\/p>\n<p><strong>Pol\u00edticas P\u00fablicas e na \u00e1rea da educa\u00e7\u00e3o | Entrevistado: <a href=\"https:\/\/franciscanos.org.br\/noticias\/a-educacao-como-um-instrumento-transformador-da-sociedade.html\" target=\"_blank\" rel=\"noopener noreferrer\">Professor Dilnei Lorenzi<\/a><\/strong><\/p>\n<p style=\"padding-left: 30px;\">Pr\u00f3-Reitor de Ensino, Pesquisa e Extens\u00e3o da Universidade S\u00e3o Francisco (USF).<\/p>\n<p><strong>Sa\u00fade e o bem comum | Entrevistado: <a href=\"https:\/\/franciscanos.org.br\/noticias\/o-papel-da-pastoral-da-saude-nas-politicas-publicas.html\" target=\"_blank\" rel=\"noopener noreferrer\">Pe. Christian de Paul de Barchifontaine<\/a><\/strong><\/p>\n<p style=\"padding-left: 30px;\">Assessor Internacional dos Camilianos na \u00c1rea da Sa\u00fade, Rela\u00e7\u00f5es P\u00fablicas das Organiza\u00e7\u00f5es Camilianas.<\/p>\n<p><strong>O exemplo concreto no Rio de Janeiro | Entrevistado: <a href=\"https:\/\/franciscanos.org.br\/noticias\/o-exemplo-concreto-do-forum-grita-baixada-no-exercicio-das-politicas-publicas.html\" target=\"_blank\" rel=\"noopener noreferrer\">Adriano de Ara\u00fajo<\/a><\/strong><\/p>\n<p style=\"padding-left: 30px;\">Soci\u00f3logo, coordenador do F\u00f3rum Grita Baixada.<\/p>\n","protected":false},"excerpt":{"rendered":"<p>A soci\u00f3loga Anna Luiza Salles Souto, coordenadora da \u00e1rea de Democracia e Participa\u00e7\u00e3o do Instituto P\u00f3lis desde 1996, fala nesta S\u00e9rie Especial da Campanha da Fraternidade &#8211;\u00a0que este ano aborda\u00a0 o tema \u201cFraternidade e Pol\u00edticas P\u00fablicas\u201d &#8211; sobre as especificidades das Pol\u00edticas P\u00fablicas para a juventude. \u00a0Em entrevista a Frei Gustavo Medella, Ana Luiza parabenizou [&hellip;]<\/p>\n","protected":false},"author":3,"featured_media":212366,"comment_status":"open","ping_status":"open","sticky":false,"template":"","format":"standard","meta":[],"categories":[758],"tags":[818],"acf":[],"yoast_head":"<!-- This site is optimized with the Yoast SEO plugin v19.2 - https:\/\/yoast.com\/wordpress\/plugins\/seo\/ -->\n<title>Juventudes: Por mais pol\u00edticas que promovam igualdade de oportunidades - Not\u00edcias - Franciscanos<\/title>\n<meta name=\"robots\" content=\"index, follow, max-snippet:-1, max-image-preview:large, max-video-preview:-1\" \/>\n<link rel=\"canonical\" href=\"https:\/\/franciscanos.org.br\/noticias\/por-mais-politicas-que-promovam-igualdade-de-oportunidades-entre-as-juventudes.html\" \/>\n<meta property=\"og:locale\" content=\"pt_BR\" \/>\n<meta property=\"og:type\" content=\"article\" \/>\n<meta property=\"og:title\" content=\"Juventudes: Por mais pol\u00edticas que promovam igualdade de oportunidades - Not\u00edcias - Franciscanos\" \/>\n<meta property=\"og:description\" content=\"A soci\u00f3loga Anna Luiza Salles Souto, coordenadora da \u00e1rea de Democracia e Participa\u00e7\u00e3o do Instituto P\u00f3lis desde 1996, fala nesta S\u00e9rie Especial da Campanha da Fraternidade &#8211;\u00a0que este ano aborda\u00a0 o tema \u201cFraternidade e Pol\u00edticas P\u00fablicas\u201d &#8211; sobre as especificidades das Pol\u00edticas P\u00fablicas para a juventude. \u00a0Em entrevista a Frei Gustavo Medella, Ana Luiza parabenizou [&hellip;]\" \/>\n<meta property=\"og:url\" content=\"https:\/\/franciscanos.org.br\/noticias\/por-mais-politicas-que-promovam-igualdade-de-oportunidades-entre-as-juventudes.html\" \/>\n<meta property=\"og:site_name\" content=\"Not\u00edcias - Franciscanos\" \/>\n<meta property=\"article:published_time\" content=\"2019-04-05T10:53:41+00:00\" \/>\n<meta property=\"article:modified_time\" content=\"2019-10-10T10:43:40+00:00\" \/>\n<meta property=\"og:image\" content=\"https:\/\/franciscanos.org.br\/noticias\/wp-content\/uploads\/2019\/04\/ana_050419-1.jpg\" \/>\n\t<meta property=\"og:image:width\" content=\"273\" \/>\n\t<meta property=\"og:image:height\" content=\"181\" \/>\n\t<meta property=\"og:image:type\" content=\"image\/jpeg\" \/>\n<meta name=\"author\" content=\"moacir\" \/>\n<meta name=\"twitter:card\" content=\"summary_large_image\" \/>\n<meta name=\"twitter:label1\" content=\"Escrito por\" \/>\n\t<meta name=\"twitter:data1\" content=\"moacir\" \/>\n\t<meta name=\"twitter:label2\" content=\"Est. tempo de leitura\" \/>\n\t<meta name=\"twitter:data2\" content=\"10 minutos\" \/>\n<script type=\"application\/ld+json\" class=\"yoast-schema-graph\">{\"@context\":\"https:\/\/schema.org\",\"@graph\":[{\"@type\":\"WebSite\",\"@id\":\"https:\/\/franciscanos.org.br\/noticias\/#website\",\"url\":\"https:\/\/franciscanos.org.br\/noticias\/\",\"name\":\"Not\u00edcias - Franciscanos\",\"description\":\"Prov\u00edncia Franciscana da Imaculada Concei\u00e7\u00e3o do Brasil - Ordem dos Frades Menores - OFM\",\"potentialAction\":[{\"@type\":\"SearchAction\",\"target\":{\"@type\":\"EntryPoint\",\"urlTemplate\":\"https:\/\/franciscanos.org.br\/noticias\/?s={search_term_string}\"},\"query-input\":\"required name=search_term_string\"}],\"inLanguage\":\"pt-BR\"},{\"@type\":\"ImageObject\",\"inLanguage\":\"pt-BR\",\"@id\":\"https:\/\/franciscanos.org.br\/noticias\/por-mais-politicas-que-promovam-igualdade-de-oportunidades-entre-as-juventudes.html#primaryimage\",\"url\":\"https:\/\/franciscanos.org.br\/noticias\/wp-content\/uploads\/2019\/04\/ana_050419-1.jpg\",\"contentUrl\":\"https:\/\/franciscanos.org.br\/noticias\/wp-content\/uploads\/2019\/04\/ana_050419-1.jpg\",\"width\":273,\"height\":181},{\"@type\":\"WebPage\",\"@id\":\"https:\/\/franciscanos.org.br\/noticias\/por-mais-politicas-que-promovam-igualdade-de-oportunidades-entre-as-juventudes.html#webpage\",\"url\":\"https:\/\/franciscanos.org.br\/noticias\/por-mais-politicas-que-promovam-igualdade-de-oportunidades-entre-as-juventudes.html\",\"name\":\"Juventudes: Por mais pol\u00edticas que promovam igualdade de oportunidades - Not\u00edcias - Franciscanos\",\"isPartOf\":{\"@id\":\"https:\/\/franciscanos.org.br\/noticias\/#website\"},\"primaryImageOfPage\":{\"@id\":\"https:\/\/franciscanos.org.br\/noticias\/por-mais-politicas-que-promovam-igualdade-de-oportunidades-entre-as-juventudes.html#primaryimage\"},\"datePublished\":\"2019-04-05T10:53:41+00:00\",\"dateModified\":\"2019-10-10T10:43:40+00:00\",\"author\":{\"@id\":\"https:\/\/franciscanos.org.br\/noticias\/#\/schema\/person\/b5c8cba458c330ccff548b056e95a5d4\"},\"breadcrumb\":{\"@id\":\"https:\/\/franciscanos.org.br\/noticias\/por-mais-politicas-que-promovam-igualdade-de-oportunidades-entre-as-juventudes.html#breadcrumb\"},\"inLanguage\":\"pt-BR\",\"potentialAction\":[{\"@type\":\"ReadAction\",\"target\":[\"https:\/\/franciscanos.org.br\/noticias\/por-mais-politicas-que-promovam-igualdade-de-oportunidades-entre-as-juventudes.html\"]}]},{\"@type\":\"BreadcrumbList\",\"@id\":\"https:\/\/franciscanos.org.br\/noticias\/por-mais-politicas-que-promovam-igualdade-de-oportunidades-entre-as-juventudes.html#breadcrumb\",\"itemListElement\":[{\"@type\":\"ListItem\",\"position\":1,\"name\":\"Home\",\"item\":\"https:\/\/franciscanos.org.br\/noticias\"},{\"@type\":\"ListItem\",\"position\":2,\"name\":\"Juventudes: Por mais pol\u00edticas que promovam igualdade de oportunidades\"}]},{\"@type\":\"Person\",\"@id\":\"https:\/\/franciscanos.org.br\/noticias\/#\/schema\/person\/b5c8cba458c330ccff548b056e95a5d4\",\"name\":\"moacir\",\"image\":{\"@type\":\"ImageObject\",\"inLanguage\":\"pt-BR\",\"@id\":\"https:\/\/franciscanos.org.br\/noticias\/#\/schema\/person\/image\/\",\"url\":\"https:\/\/secure.gravatar.com\/avatar\/d08aa2ce4c8dd416d4479aa8536fcf64?s=96&d=mm&r=g\",\"contentUrl\":\"https:\/\/secure.gravatar.com\/avatar\/d08aa2ce4c8dd416d4479aa8536fcf64?s=96&d=mm&r=g\",\"caption\":\"moacir\"},\"url\":\"https:\/\/franciscanos.org.br\/noticias\/author\/moacir\"}]}<\/script>\n<!-- \/ Yoast SEO plugin. -->","yoast_head_json":{"title":"Juventudes: Por mais pol\u00edticas que promovam igualdade de oportunidades - Not\u00edcias - Franciscanos","robots":{"index":"index","follow":"follow","max-snippet":"max-snippet:-1","max-image-preview":"max-image-preview:large","max-video-preview":"max-video-preview:-1"},"canonical":"https:\/\/franciscanos.org.br\/noticias\/por-mais-politicas-que-promovam-igualdade-de-oportunidades-entre-as-juventudes.html","og_locale":"pt_BR","og_type":"article","og_title":"Juventudes: Por mais pol\u00edticas que promovam igualdade de oportunidades - Not\u00edcias - Franciscanos","og_description":"A soci\u00f3loga Anna Luiza Salles Souto, coordenadora da \u00e1rea de Democracia e Participa\u00e7\u00e3o do Instituto P\u00f3lis desde 1996, fala nesta S\u00e9rie Especial da Campanha da Fraternidade &#8211;\u00a0que este ano aborda\u00a0 o tema \u201cFraternidade e Pol\u00edticas P\u00fablicas\u201d &#8211; sobre as especificidades das Pol\u00edticas P\u00fablicas para a juventude. \u00a0Em entrevista a Frei Gustavo Medella, Ana Luiza parabenizou [&hellip;]","og_url":"https:\/\/franciscanos.org.br\/noticias\/por-mais-politicas-que-promovam-igualdade-de-oportunidades-entre-as-juventudes.html","og_site_name":"Not\u00edcias - Franciscanos","article_published_time":"2019-04-05T10:53:41+00:00","article_modified_time":"2019-10-10T10:43:40+00:00","og_image":[{"width":273,"height":181,"url":"https:\/\/franciscanos.org.br\/noticias\/wp-content\/uploads\/2019\/04\/ana_050419-1.jpg","type":"image\/jpeg"}],"author":"moacir","twitter_card":"summary_large_image","twitter_misc":{"Escrito por":"moacir","Est. tempo de leitura":"10 minutos"},"schema":{"@context":"https:\/\/schema.org","@graph":[{"@type":"WebSite","@id":"https:\/\/franciscanos.org.br\/noticias\/#website","url":"https:\/\/franciscanos.org.br\/noticias\/","name":"Not\u00edcias - Franciscanos","description":"Prov\u00edncia Franciscana da Imaculada Concei\u00e7\u00e3o do Brasil - Ordem dos Frades Menores - OFM","potentialAction":[{"@type":"SearchAction","target":{"@type":"EntryPoint","urlTemplate":"https:\/\/franciscanos.org.br\/noticias\/?s={search_term_string}"},"query-input":"required name=search_term_string"}],"inLanguage":"pt-BR"},{"@type":"ImageObject","inLanguage":"pt-BR","@id":"https:\/\/franciscanos.org.br\/noticias\/por-mais-politicas-que-promovam-igualdade-de-oportunidades-entre-as-juventudes.html#primaryimage","url":"https:\/\/franciscanos.org.br\/noticias\/wp-content\/uploads\/2019\/04\/ana_050419-1.jpg","contentUrl":"https:\/\/franciscanos.org.br\/noticias\/wp-content\/uploads\/2019\/04\/ana_050419-1.jpg","width":273,"height":181},{"@type":"WebPage","@id":"https:\/\/franciscanos.org.br\/noticias\/por-mais-politicas-que-promovam-igualdade-de-oportunidades-entre-as-juventudes.html#webpage","url":"https:\/\/franciscanos.org.br\/noticias\/por-mais-politicas-que-promovam-igualdade-de-oportunidades-entre-as-juventudes.html","name":"Juventudes: Por mais pol\u00edticas que promovam igualdade de oportunidades - Not\u00edcias - Franciscanos","isPartOf":{"@id":"https:\/\/franciscanos.org.br\/noticias\/#website"},"primaryImageOfPage":{"@id":"https:\/\/franciscanos.org.br\/noticias\/por-mais-politicas-que-promovam-igualdade-de-oportunidades-entre-as-juventudes.html#primaryimage"},"datePublished":"2019-04-05T10:53:41+00:00","dateModified":"2019-10-10T10:43:40+00:00","author":{"@id":"https:\/\/franciscanos.org.br\/noticias\/#\/schema\/person\/b5c8cba458c330ccff548b056e95a5d4"},"breadcrumb":{"@id":"https:\/\/franciscanos.org.br\/noticias\/por-mais-politicas-que-promovam-igualdade-de-oportunidades-entre-as-juventudes.html#breadcrumb"},"inLanguage":"pt-BR","potentialAction":[{"@type":"ReadAction","target":["https:\/\/franciscanos.org.br\/noticias\/por-mais-politicas-que-promovam-igualdade-de-oportunidades-entre-as-juventudes.html"]}]},{"@type":"BreadcrumbList","@id":"https:\/\/franciscanos.org.br\/noticias\/por-mais-politicas-que-promovam-igualdade-de-oportunidades-entre-as-juventudes.html#breadcrumb","itemListElement":[{"@type":"ListItem","position":1,"name":"Home","item":"https:\/\/franciscanos.org.br\/noticias"},{"@type":"ListItem","position":2,"name":"Juventudes: Por mais pol\u00edticas que promovam igualdade de oportunidades"}]},{"@type":"Person","@id":"https:\/\/franciscanos.org.br\/noticias\/#\/schema\/person\/b5c8cba458c330ccff548b056e95a5d4","name":"moacir","image":{"@type":"ImageObject","inLanguage":"pt-BR","@id":"https:\/\/franciscanos.org.br\/noticias\/#\/schema\/person\/image\/","url":"https:\/\/secure.gravatar.com\/avatar\/d08aa2ce4c8dd416d4479aa8536fcf64?s=96&d=mm&r=g","contentUrl":"https:\/\/secure.gravatar.com\/avatar\/d08aa2ce4c8dd416d4479aa8536fcf64?s=96&d=mm&r=g","caption":"moacir"},"url":"https:\/\/franciscanos.org.br\/noticias\/author\/moacir"}]}},"_links":{"self":[{"href":"https:\/\/franciscanos.org.br\/noticias\/wp-json\/wp\/v2\/posts\/202283"}],"collection":[{"href":"https:\/\/franciscanos.org.br\/noticias\/wp-json\/wp\/v2\/posts"}],"about":[{"href":"https:\/\/franciscanos.org.br\/noticias\/wp-json\/wp\/v2\/types\/post"}],"author":[{"embeddable":true,"href":"https:\/\/franciscanos.org.br\/noticias\/wp-json\/wp\/v2\/users\/3"}],"replies":[{"embeddable":true,"href":"https:\/\/franciscanos.org.br\/noticias\/wp-json\/wp\/v2\/comments?post=202283"}],"version-history":[{"count":0,"href":"https:\/\/franciscanos.org.br\/noticias\/wp-json\/wp\/v2\/posts\/202283\/revisions"}],"wp:featuredmedia":[{"embeddable":true,"href":"https:\/\/franciscanos.org.br\/noticias\/wp-json\/wp\/v2\/media\/212366"}],"wp:attachment":[{"href":"https:\/\/franciscanos.org.br\/noticias\/wp-json\/wp\/v2\/media?parent=202283"}],"wp:term":[{"taxonomy":"category","embeddable":true,"href":"https:\/\/franciscanos.org.br\/noticias\/wp-json\/wp\/v2\/categories?post=202283"},{"taxonomy":"post_tag","embeddable":true,"href":"https:\/\/franciscanos.org.br\/noticias\/wp-json\/wp\/v2\/tags?post=202283"}],"curies":[{"name":"wp","href":"https:\/\/api.w.org\/{rel}","templated":true}]}}