{"id":202238,"date":"2019-04-04T14:14:12","date_gmt":"2019-04-04T17:14:12","guid":{"rendered":"https:\/\/franciscanos.org.br\/noticias\/?p=202238"},"modified":"2019-04-05T08:32:03","modified_gmt":"2019-04-05T11:32:03","slug":"o-mundo-religioso-novo-livro-de-frei-volney","status":"publish","type":"post","link":"https:\/\/franciscanos.org.br\/noticias\/o-mundo-religioso-novo-livro-de-frei-volney.html","title":{"rendered":"&#8220;O mundo religioso&#8221;, novo livro de Frei Volney"},"content":{"rendered":"<h3><img loading=\"lazy\" class=\"alignnone wp-image-202255 \" src=\"https:\/\/franciscanos.org.br\/noticias\/wp-content\/uploads\/2019\/04\/volney_840.jpg\" alt=\"\" width=\"891\" height=\"530\" srcset=\"https:\/\/franciscanos.org.br\/noticias\/wp-content\/uploads\/2019\/04\/volney_840.jpg 840w, https:\/\/franciscanos.org.br\/noticias\/wp-content\/uploads\/2019\/04\/volney_840-450x268.jpg 450w, https:\/\/franciscanos.org.br\/noticias\/wp-content\/uploads\/2019\/04\/volney_840-768x457.jpg 768w, https:\/\/franciscanos.org.br\/noticias\/wp-content\/uploads\/2019\/04\/volney_840-150x89.jpg 150w\" sizes=\"(max-width: 891px) 100vw, 891px\" \/><\/h3>\n<p>Pesquisador das religi\u00f5es afro-brasileiras, Frei Volney Berkenbrock acaba de lan\u00e7ar, pela Editora Vozes, o seu mais novo trabalho: &#8220;O Mundo Religioso&#8221;.\u00a0\u00a0O prop\u00f3sito desta obra \u00e9 proporcionar aos leitores e leitoras conhecimentos amplos sobre o rico universo das religi\u00f5es. Sem preconceitos, sem a pretens\u00e3o de defender esta ou aquela tradi\u00e7\u00e3o, sem qualquer pretens\u00e3o de destacar alguma religi\u00e3o em detrimento da outra, com a consci\u00eancia de que nenhum tema ser\u00e1 tratado exaustivamente.<\/p>\n<p>Para Frei Volney, a forma de olhar as religi\u00f5es \u00e9 com o maior conjunto existente de ideias a respeito de compreens\u00f5es sobre o ser humano, sobre a exist\u00eancia, sobre a vida individual e comunit\u00e1ria, sobre a origem e o destino, sobre a vida feliz e a infelicidade, sobre ideais e virtudes, sobre limites e mis\u00e9rias humanas. Enfim, em nenhum outro campo do conhecimento humano h\u00e1 tantas compreens\u00f5es quanto as acumuladas pelas tradi\u00e7\u00f5es religiosas.<\/p>\n<p>A estrutura desta obra foi constru\u00edda n\u00e3o a partir dos grupos religiosos, mas a partir do fen\u00f4meno religioso e de como o mundo das religi\u00f5es pode ser visto sob pontos de vista diversificados.<\/p>\n<p><img loading=\"lazy\" class=\"alignleft size-full wp-image-202244\" src=\"https:\/\/franciscanos.org.br\/noticias\/wp-content\/uploads\/2019\/04\/o-mundo-religioso.jpg\" alt=\"\" width=\"200\" height=\"318\" srcset=\"https:\/\/franciscanos.org.br\/noticias\/wp-content\/uploads\/2019\/04\/o-mundo-religioso.jpg 200w, https:\/\/franciscanos.org.br\/noticias\/wp-content\/uploads\/2019\/04\/o-mundo-religioso-150x239.jpg 150w\" sizes=\"(max-width: 200px) 100vw, 200px\" \/>Em entrevista concedida\u00a0 \u00e0\u00a0<strong>IHU On-line<\/strong>, em novembro de 2015,\u00a0Berkenbrock\u00a0falou como come\u00e7ou esse seu olhar de pesquisador a respeito da tem\u00e1tica das religi\u00f5es.\u00a0Al\u00e9m das principais caracter\u00edsticas da experi\u00eancia religiosa do\u00a0Candombl\u00e9, o te\u00f3logo abordou a situa\u00e7\u00e3o da identidade do cat\u00f3lico a partir do di\u00e1logo com as\u00a0religi\u00f5es de matriz africana, n\u00e3o s\u00f3 diante das diferen\u00e7as teol\u00f3gicas, mas tamb\u00e9m perante o contexto social e hist\u00f3rico que cercam as tradi\u00e7\u00f5es religiosas. Ainda, abordou o tema do sincretismo religioso,\u00a0um modo peculiar do brasileiro de se relacionar com o sagrado e transitar pelo cen\u00e1rio multicultural do pa\u00eds, onde as diferentes tradi\u00e7\u00f5es religiosas, como o catolicismo e o\u00a0Candombl\u00e9, se afetam e constroem-se reciprocamente.<\/p>\n<p>\u201cEntendo que o sincretismo \u00e9 um processo permanente de di\u00e1logo, parte da din\u00e2mica cultural. Assim, dentro dele, h\u00e1 elementos que s\u00e3o interessantes numa an\u00e1lise. Um deles \u00e9 justamente esta m\u00fatua influ\u00eancia. Ao falarmos de sincretismo no Brasil, muitas vezes se pensa logo nas religi\u00f5es afro-brasileiras, como se fossem somente elas pass\u00edveis de serem sincretizadas; fazendo uma an\u00e1lise mais apurada se pode perceber que \u2014 mesmo estando em condi\u00e7\u00e3o social muito adversa \u2014 as compreens\u00f5es religiosas de matriz africana tamb\u00e9m deixaram marcas em tradi\u00e7\u00f5es crist\u00e3s\u201d, aponta o frade (<em>veja o link da entrevista abaixo<\/em>).<\/p>\n<p>Frei\u00a0Volney\u00a0 \u00e9 doutor em Teologia pela Rheinische Friedrich-Wilhelms-Universit\u00e4t, Bonn, Alemanha. \u00c9 pesquisador das religi\u00f5es afro-brasileiras, com enfoque especial na experi\u00eancia religiosa do Candombl\u00e9. Professor do Departamento de Ci\u00eancia da Religi\u00e3o da Universidade Federal de Juiz de Fora (MG), pesquisador do Programa de P\u00f3s-Gradua\u00e7\u00e3o do mesmo departamento e membro do Instituto Teol\u00f3gico Franciscano de Petr\u00f3polis (RJ). Linhas de pesquisa de destaque:\u00a0Religi\u00f5es afro-brasileiras (com \u00eanfase para o Candombl\u00e9); Religi\u00f5es e Di\u00e1logo; Hist\u00f3ria das Religi\u00f5es. Autor de diversos livros, cap\u00edtulos de livros e artigos na \u00e1rea de Teologia e Ci\u00eancia da Religi\u00e3o.<\/p>\n<p><strong>LEIA TAMB\u00c9M:<\/strong><\/p>\n<h3><span style=\"color: #3366ff;\"><a style=\"color: #3366ff;\" href=\"https:\/\/franciscanos.org.br\/noticias\/religioes-de-matriz-africana-e-cristianismo-um-dialogo-possivel.html\"><strong>Religi\u00f5es de matriz africana e cristianismo: um di\u00e1logo poss\u00edvel?<\/strong><\/a><\/span><\/h3>\n<h3><span style=\"color: #3366ff;\"><a style=\"color: #3366ff;\" href=\"https:\/\/franciscanos.org.br\/noticias\/espirito-vozes.html\"><strong>Frei Volney Berkenbrock fala do Esp\u00edrito Vozes<\/strong><\/a><\/span><\/h3>\n<p><strong>&#8220;O Mundo Religioso&#8221;, Editora Vozes,\u00a0 R$ 25,00.<\/strong><\/p>\n<hr \/>\n<h3><strong><img loading=\"lazy\" class=\"size-full wp-image-202240 alignleft\" src=\"https:\/\/franciscanos.org.br\/noticias\/wp-content\/uploads\/2019\/04\/abrace-suas-emocoes.jpg\" alt=\"\" width=\"200\" height=\"308\" srcset=\"https:\/\/franciscanos.org.br\/noticias\/wp-content\/uploads\/2019\/04\/abrace-suas-emocoes.jpg 200w, https:\/\/franciscanos.org.br\/noticias\/wp-content\/uploads\/2019\/04\/abrace-suas-emocoes-150x231.jpg 150w\" sizes=\"(max-width: 200px) 100vw, 200px\" \/><\/strong><\/h3>\n<h3><strong>Abrace suas emo\u00e7\u00f5es<br \/>\n<\/strong><strong>Sentimentos negativos como fonte de transforma\u00e7\u00e3o<\/strong><\/h3>\n<p><strong>Anselm Gr\u00fcn<\/strong><\/p>\n<p>As emo\u00e7\u00f5es atuam em todos n\u00f3s, abrem nossos cora\u00e7\u00f5es. Quem se desconecta das emo\u00e7\u00f5es, desconecta-se de uma fonte de vida. As emo\u00e7\u00f5es mexem com a gente, nos d\u00e3o energia e gosto pela vida. Por outro lado, tamb\u00e9m podem tomar conta de n\u00f3s e nos dominar a ponto de nos fazer sofrer. E podem at\u00e9 mesmo tornar-se fontes de conflito e feridas espirituais.<\/p>\n<p>Se as entendermos dessa forma, tamb\u00e9m nossas rela\u00e7\u00f5es podem ser fontes de vida ou de dor, proporcionando-nos crescimento espiritual ou causando conflitos pessoais, familiares e sociais. Porque todos os relacionamentos afetam nossa vida emocional, e a maneira adequada de lidar com as emo\u00e7\u00f5es possibilita uma boa harmonia em nossas rela\u00e7\u00f5es.<\/p>\n<p>O que fazer, portanto, quando acirramos nossas emo\u00e7\u00f5es e nos culpamos mutuamente, quando somos dominados por elas e n\u00e3o conseguimos control\u00e1-las como gostar\u00edamos?<\/p>\n<p>S\u00f3 quando observamos com toda calma as nossas pr\u00f3prias emo\u00e7\u00f5es, mas tamb\u00e9m as daqueles com quem nos relacionamos, sem acusar ningu\u00e9m, \u00e9 que encontramos um modo de entender a n\u00f3s mesmos e aos outros. Assim, podemos nos aproximar dos demais e trabalhar juntos com mais harmonia. S\u00f3 percebendo a n\u00f3s pr\u00f3prios tal como somos, e os demais como realmente s\u00e3o, torna-se poss\u00edvel o bom entendimento. Portanto, a princ\u00edpio, \u00e9 s\u00f3 uma quest\u00e3o de observar e perceber e descobrir como os sentimentos e as paix\u00f5es podem ser transformados para nos levar \u00e0 vida e enriquec\u00ea-la.<\/p>\n<p><strong>PRE\u00c7O: R$ 27,00<\/strong><\/p>\n<hr \/>\n<h3><strong><img loading=\"lazy\" class=\"alignleft size-full wp-image-202243\" src=\"https:\/\/franciscanos.org.br\/noticias\/wp-content\/uploads\/2019\/04\/cuidar-de-si-e-do-outro.jpg\" alt=\"\" width=\"200\" height=\"308\" srcset=\"https:\/\/franciscanos.org.br\/noticias\/wp-content\/uploads\/2019\/04\/cuidar-de-si-e-do-outro.jpg 200w, https:\/\/franciscanos.org.br\/noticias\/wp-content\/uploads\/2019\/04\/cuidar-de-si-e-do-outro-150x231.jpg 150w\" sizes=\"(max-width: 200px) 100vw, 200px\" \/>Cuidar de si e do outro<\/strong><\/h3>\n<p><strong>Anselm Gr\u00fcn<\/strong><\/p>\n<p>O cuidado faz parte da vida humana. Na presente obra, Gr\u00fcn pretende refletir principalmente sobre o significado positivo de <em>cuidado<\/em> e descreve o cuidado como express\u00e3o do amor. Esse amor cuidadoso \u00e9, hoje, mais necess\u00e1rio do que nunca, pois vivemos numa \u00e9poca em que muitas pessoas cuidam apenas de si mesmas e t\u00eam em vista somente o seu pr\u00f3prio bem-estar.<\/p>\n<p>No entanto, Gr\u00fcn tem em vista tamb\u00e9m os perigos que existem quando algu\u00e9m se preocupa demais. Para ele, trata-se de lidar cuidadosamente com o termo <em>cuidado<\/em> e considerar qual \u00e9 a import\u00e2ncia que ele pode ter em nosso conv\u00edvio com outros, bem como na nossa rela\u00e7\u00e3o com o presente e com o futuro.<\/p>\n<p>A obra traz reflex\u00f5es sobre o cuidado em suas v\u00e1rias dimens\u00f5es: o cuidado com o eu, com o outro, com a fam\u00edlia, com as crian\u00e7as e at\u00e9 mesmo com a cria\u00e7\u00e3o. Segundo o autor, todo cuidado \u00e9 manifesta\u00e7\u00e3o do cuidado de Deus para com o ser humano.<\/p>\n<p style=\"padding-left: 30px;\"><strong>Anselm Gr\u00fcn<\/strong><em>, OSB<\/em><em>, doutor em Teologia, nascido em 1945, vive na Abadia de M\u00fcnsterschwarzach e \u00e9 guia de medita\u00e7\u00e3o. Seus livros s\u00e3o divulgados pelo mundo inteiro, chegando a milh\u00f5es de c\u00f3pias vendidas. H\u00e1 d\u00e9cadas vem se dedicando a refletir e escrever sobre as quest\u00f5es fundamentais da vida, das rela\u00e7\u00f5es humanas, dos desafios que nos convidam a amadurecer e abrir nossa alma para encontrar sua verdadeira natureza e perceber Deus nas coisas aparentemente simples. Inspira-se<\/em><em> na tradi\u00e7\u00e3o mon\u00e1stica e crist\u00e3, e recorre tamb\u00e9m \u00e0 psicologia e \u00e0s demais ci\u00eancias para ajudar as pessoas a compreender melhor sua vida e diminuir a complexidade dos problemas que a vida moderna nos imp\u00f5e enfrentar. Tem a habilidade de falar com clareza e expressar aquilo que muitos n\u00e3o conseguem formular em palavras. \u00c9 autor de dezenas de obras publicadas no Brasil pela Editora Vozes.<\/em><\/p>\n<p><strong>PRE\u00c7O: R$ 25,00<\/strong><\/p>\n<hr \/>\n<h3><strong><img loading=\"lazy\" class=\"alignleft size-full wp-image-202241\" src=\"https:\/\/franciscanos.org.br\/noticias\/wp-content\/uploads\/2019\/04\/a-crianca-o-lar-e-a-escola.jpg\" alt=\"\" width=\"200\" height=\"302\" srcset=\"https:\/\/franciscanos.org.br\/noticias\/wp-content\/uploads\/2019\/04\/a-crianca-o-lar-e-a-escola.jpg 200w, https:\/\/franciscanos.org.br\/noticias\/wp-content\/uploads\/2019\/04\/a-crianca-o-lar-e-a-escola-150x227.jpg 150w\" sizes=\"(max-width: 200px) 100vw, 200px\" \/>A crian\u00e7a, o lar e a escola<\/strong><\/h3>\n<p><strong>Pierre Weil<\/strong><\/p>\n<p>O livro <em>Rela\u00e7\u00f5es Humanas na Fam\u00edlia e no Trabalho<\/em>, como indica o t\u00edtulo, visava dar no\u00e7\u00f5es de Psicologia Social no que se refere mais especialmente \u00e0s rela\u00e7\u00f5es interpessoais, a todos os que labutam em empresas p\u00fablicas ou particulares, relacionando no mesmo livro a vida profissional e a vida familiar, pois, conforme o mostramos, h\u00e1 uma intera\u00e7\u00e3o t\u00e3o grande que problemas surgindo na profiss\u00e3o t\u00eam repercuss\u00e3o no lar e vice-versa.<\/p>\n<p>Faltava, no entanto, uma obra que focalizasse outro aspecto da psicologia e das rela\u00e7\u00f5es humanas, no que tange \u00e0s rela\u00e7\u00f5es e intera\u00e7\u00e3o fam\u00edlia e escola.<\/p>\n<p>O presente livro parece preencher esta necessidade; por isso mesmo pode ser considerado como prolongamento indispens\u00e1vel de <em>Rela\u00e7\u00f5es Humanas na Fam\u00edlia e no Trabalho.<\/em><\/p>\n<p>A obra tem uma linguagem simples e acess\u00edvel aos pais, professores, assistentes sociais, normalistas e educadores em geral, traz no\u00e7\u00f5es de psicologia individual e social aplicadas a problemas de educa\u00e7\u00e3o.<\/p>\n<p style=\"padding-left: 30px;\"><strong>Pierre Weil<\/strong><em> nasceu em Estrasburgo, na Fran\u00e7a, em 16 de abril de 1924. Em 18 de julho de 1948 ele chegou ao Brasil, a sua p\u00e1tria de escolha, onde viveu e desenvolveu a sua fecunda obra consagrada \u00e0 Paz, at\u00e9 a sua partida da exist\u00eancia, em 10 de outubro de 2008. Foi co-fundador da UNIPAZ- Universidade Hol\u00edstica Internacional, da qual foi Reitor de 1987 at\u00e9 o momento da sua passagem. Foi tamb\u00e9m Presidente da Funda\u00e7\u00e3o Cidade da Paz, em Bras\u00edlia. Falava e escrevia com \ufb02u\u00eancia em L\u00edngua Portuguesa, e neste idioma publicou quase 50 livros, cujas tem\u00e1ticas s\u00e3o a paz, a transcend\u00eancia e a espiritualidade. Conta com mais de 30 livros editados em v\u00e1rios idiomas. Estudou diversas tradi\u00e7\u00f5es espirituais, recebeu forma\u00e7\u00e3o com mestres do Tibet, em um retiro de 3 anos, 3 meses e 3 dias e foi um grande pioneiro do movimento transpessoal, no Brasil e na Europa. Foi agraciado com o T\u00edtulo de Professor Em\u00e9rito da Universidade Federal de Minas Gerais, em 1994;Cidad\u00e3o Honor\u00e1rio de Bras\u00edlia, em 1998; recebeu o Pr\u00eamio UNESCO de Educa\u00e7\u00e3o para a Paz em 2002 e o Pr\u00eamio VERDE DAS AM\u00c9RICAS em 2002. Em 2003, foi indicado ao Pr\u00eamio NOBEL da PAZ.<\/em><\/p>\n<p><strong>PRE\u00c7O: R$ 46,30<\/strong><\/p>\n<hr \/>\n<h3><strong><img loading=\"lazy\" class=\"alignleft size-full wp-image-202242\" src=\"https:\/\/franciscanos.org.br\/noticias\/wp-content\/uploads\/2019\/04\/antropologia.jpg\" alt=\"\" width=\"200\" height=\"296\" srcset=\"https:\/\/franciscanos.org.br\/noticias\/wp-content\/uploads\/2019\/04\/antropologia.jpg 200w, https:\/\/franciscanos.org.br\/noticias\/wp-content\/uploads\/2019\/04\/antropologia-150x222.jpg 150w\" sizes=\"(max-width: 200px) 100vw, 200px\" \/>Antropologia<br \/>\n<\/strong><strong>Para que serve?<\/strong><\/h3>\n<p><strong>Tim Ingold<\/strong><\/p>\n<p>A humanidade est\u00e1 em uma encruzilhada. Defrontamos a desigualdade crescente, a escalada da viol\u00eancia pol\u00edtica, fundamentalismos beligerantes e uma crise ambiental de propor\u00e7\u00f5es planet\u00e1rias. Como podemos construir, para as futuras gera\u00e7\u00f5es, um mundo onde haja lugar para todos? Em tal mundo, quais s\u00e3o as possibilidades de vida humana coletiva? Essas s\u00e3o quest\u00f5es urgentes e nenhuma disciplina est\u00e1 melhor situada para enfrent\u00e1-las do que a Antropologia. Ela o faz apoiando-se na sabedoria e na experi\u00eancia dos povos de todo o mundo, n\u00e3o importa sua origem e sua voca\u00e7\u00e3o. A verdadeira contribui\u00e7\u00e3o da Antropologia n\u00e3o est\u00e1 em sua literatura, mas em sua capacidade de transformar vidas. \u00c9 por isso que a ideia de \u201cantropologia aplicada\u201d tem t\u00e3o pouca for\u00e7a na disciplina.<\/p>\n<p>Neste livro passional, Tim Ingold narra como um campo de estudo, antes comprometido com os ideais do progresso, colapsou em meio \u00e0s ru\u00ednas da guerra e do colonialismo para renascer como uma disciplina da esperan\u00e7a destinada a assumir o protagonismo no debate das quest\u00f5es intelectuais, \u00e9ticas e pol\u00edticas mais urgentes do nosso tempo. Ele demonstra para que a antropologia serve a todos n\u00f3s.<\/p>\n<p style=\"padding-left: 30px;\"><strong>Tim Ingold<\/strong><em> \u00e9 professor de Antropologia Social na Universidade de Aberdeen. \u00c9 autor de mais de quinze livros e membro da Academia Brit\u00e2nica e da Sociedade Real de Edimburgo. Publicou pela Editora Vozes a obra Estar vivo \u2013 Ensaios sobre movimento, conhecimento e descri\u00e7\u00e3o.<\/em><\/p>\n<p><strong>PRE\u00c7O: R$ 30,00<\/strong><\/p>\n<hr \/>\n<h3><strong><img loading=\"lazy\" class=\"alignleft size-full wp-image-202245\" src=\"https:\/\/franciscanos.org.br\/noticias\/wp-content\/uploads\/2019\/04\/vamos-brincar.jpg\" alt=\"\" width=\"200\" height=\"307\" srcset=\"https:\/\/franciscanos.org.br\/noticias\/wp-content\/uploads\/2019\/04\/vamos-brincar.jpg 200w, https:\/\/franciscanos.org.br\/noticias\/wp-content\/uploads\/2019\/04\/vamos-brincar-150x230.jpg 150w\" sizes=\"(max-width: 200px) 100vw, 200px\" \/>Vamos brincar<\/strong><\/h3>\n<p><strong>Din\u00e2micas e jogos para potencializar a aprendizagem<\/strong><\/p>\n<p><strong>Tiago Aquino<\/strong><em> e <\/em><strong>Cristiano Santos<\/strong><\/p>\n<p>Observando as escolas e as pr\u00e1ticas culturais \u2013 brincadeiras e jogos \u2013 nota-se um distanciamento da efetividade e assertividade do brincar no mundo da crian\u00e7a. Evidentemente, n\u00e3o podemos descartar a import\u00e2ncia do brincar livre e de todo o cen\u00e1rio contagiante que \u00e9 elaborado para que isso aconte\u00e7a com saberes e sabores l\u00fadicos. Entretanto, se o utilizarmos como meio educacional devemos mapear e olhar as condi\u00e7\u00f5es assertivas de aplica\u00e7\u00e3o, como diagnosticar os valores e compet\u00eancias ofertadas por meio dessa pr\u00e1tica.<\/p>\n<p>A obra nasce da <em>inquieta\u00e7\u00e3o <\/em>dos autores em apresentar caminhos para uma <em>educa\u00e7\u00e3o mais l\u00fadica<\/em> e que possa priorizar <em>experi\u00eancias significativas<\/em> para o desenvolvimento daquele que brinca, n\u00e3o importa a faixa et\u00e1ria (de crian\u00e7a a idoso), e \u00e9 uma grande oportunidade para profissionais de educa\u00e7\u00e3o, lazer e recrea\u00e7\u00e3o tomarem contato com o brincar sob o ponto de vista de dois profissionais\u00a0 que, mais do que falar sobre o brincar, vivem e promovem essa atividade t\u00e3o relevante para as crian\u00e7as e os adultos.<\/p>\n<p>O livro traz ainda valiosas sugest\u00f5es de jogos e brincadeiras \u2013 com detalhamento sobre materiais, objetivos e caracter\u00edsticas de jogos e brincadeiras \u2013 que certamente ampliar\u00e3o o repert\u00f3rio l\u00fadico de todos os leitores.<\/p>\n<p style=\"padding-left: 30px;\"><strong>Tiago Aquino da Costa e Silva,<\/strong><em>\u00a0Graduado em Educa\u00e7\u00e3o F\u00edsica (FMU). Membro do LEL \u2013 Laborat\u00f3rio de Estudos do Lazer (LEL\/DEF\/IB\/Unesp Rio Claro\/SP). Memberofthe World LeisureOrganization. Coordenador da P\u00f3s-Gradua\u00e7\u00e3o<\/em><em> em Lazer e Recrea\u00e7\u00e3o (FMU e USCS). Autor de 35 livros sobre Educa\u00e7\u00e3o F\u00edsica, Educa\u00e7\u00e3o e Gest\u00e3o. Diretor da Kids Move Consultoria, Entretenimento SP. P\u00e1gina Brincadeiras e jogos e Lab-Brincar. Consultor e palestrante internacional. <\/em><\/p>\n<p style=\"padding-left: 30px;\"><strong>Cristiano dos Santos Ara\u00fajo<\/strong><em>,\u00a0<\/em><em>Graduado em Educa\u00e7\u00e3o F\u00edsica (Unip). Especialista em Psicopedagogia (UAM). Professor de Educa\u00e7\u00e3o F\u00edsica Infantil \u2013 Col\u00e9gio Magno, M\u00e1gico de Oz. Facilitador em jogos cooperativos. Palestrante. Autor de 8 livros sobre Brincadeiras e jogos, e Educa\u00e7\u00e3o. Diretor da Cia. Nossa Turma. P\u00e1gina Brincadeiras e jogos e Florescer beb\u00eas. <\/em><\/p>\n<p><strong>PRE\u00c7O: R$ 20,00<\/strong><\/p>\n","protected":false},"excerpt":{"rendered":"<p>Lan\u00e7amentos da Editora Vozes<\/p>\n","protected":false},"author":7,"featured_media":202256,"comment_status":"open","ping_status":"open","sticky":false,"template":"","format":"standard","meta":[],"categories":[1],"tags":[238],"acf":[],"yoast_head":"<!-- This site is optimized with the Yoast SEO plugin v19.2 - https:\/\/yoast.com\/wordpress\/plugins\/seo\/ -->\n<title>&quot;O mundo religioso&quot;, novo livro de Frei Volney - Not\u00edcias - Franciscanos<\/title>\n<meta name=\"robots\" content=\"index, follow, max-snippet:-1, max-image-preview:large, max-video-preview:-1\" \/>\n<link rel=\"canonical\" href=\"https:\/\/franciscanos.org.br\/noticias\/o-mundo-religioso-novo-livro-de-frei-volney.html\" \/>\n<meta property=\"og:locale\" content=\"pt_BR\" \/>\n<meta property=\"og:type\" content=\"article\" \/>\n<meta property=\"og:title\" content=\"&quot;O mundo religioso&quot;, novo livro de Frei Volney - Not\u00edcias - Franciscanos\" \/>\n<meta property=\"og:description\" content=\"Lan\u00e7amentos da Editora Vozes\" \/>\n<meta property=\"og:url\" content=\"https:\/\/franciscanos.org.br\/noticias\/o-mundo-religioso-novo-livro-de-frei-volney.html\" \/>\n<meta property=\"og:site_name\" content=\"Not\u00edcias - Franciscanos\" \/>\n<meta property=\"article:published_time\" content=\"2019-04-04T17:14:12+00:00\" \/>\n<meta property=\"article:modified_time\" content=\"2019-04-05T11:32:03+00:00\" \/>\n<meta property=\"og:image\" content=\"https:\/\/franciscanos.org.br\/noticias\/wp-content\/uploads\/2019\/04\/volney_840d.jpg\" \/>\n\t<meta property=\"og:image:width\" content=\"273\" \/>\n\t<meta property=\"og:image:height\" content=\"181\" \/>\n\t<meta property=\"og:image:type\" content=\"image\/jpeg\" \/>\n<meta name=\"author\" content=\"jovenal\" \/>\n<meta name=\"twitter:card\" content=\"summary_large_image\" \/>\n<meta name=\"twitter:label1\" content=\"Escrito por\" \/>\n\t<meta name=\"twitter:data1\" content=\"jovenal\" \/>\n\t<meta name=\"twitter:label2\" content=\"Est. tempo de leitura\" \/>\n\t<meta name=\"twitter:data2\" content=\"11 minutos\" \/>\n<script type=\"application\/ld+json\" class=\"yoast-schema-graph\">{\"@context\":\"https:\/\/schema.org\",\"@graph\":[{\"@type\":\"WebSite\",\"@id\":\"https:\/\/franciscanos.org.br\/noticias\/#website\",\"url\":\"https:\/\/franciscanos.org.br\/noticias\/\",\"name\":\"Not\u00edcias - Franciscanos\",\"description\":\"Prov\u00edncia Franciscana da Imaculada Concei\u00e7\u00e3o do Brasil - Ordem dos Frades Menores - OFM\",\"potentialAction\":[{\"@type\":\"SearchAction\",\"target\":{\"@type\":\"EntryPoint\",\"urlTemplate\":\"https:\/\/franciscanos.org.br\/noticias\/?s={search_term_string}\"},\"query-input\":\"required name=search_term_string\"}],\"inLanguage\":\"pt-BR\"},{\"@type\":\"ImageObject\",\"inLanguage\":\"pt-BR\",\"@id\":\"https:\/\/franciscanos.org.br\/noticias\/o-mundo-religioso-novo-livro-de-frei-volney.html#primaryimage\",\"url\":\"https:\/\/franciscanos.org.br\/noticias\/wp-content\/uploads\/2019\/04\/volney_840d.jpg\",\"contentUrl\":\"https:\/\/franciscanos.org.br\/noticias\/wp-content\/uploads\/2019\/04\/volney_840d.jpg\",\"width\":273,\"height\":181},{\"@type\":\"WebPage\",\"@id\":\"https:\/\/franciscanos.org.br\/noticias\/o-mundo-religioso-novo-livro-de-frei-volney.html#webpage\",\"url\":\"https:\/\/franciscanos.org.br\/noticias\/o-mundo-religioso-novo-livro-de-frei-volney.html\",\"name\":\"\\\"O mundo religioso\\\", novo livro de Frei Volney - Not\u00edcias - Franciscanos\",\"isPartOf\":{\"@id\":\"https:\/\/franciscanos.org.br\/noticias\/#website\"},\"primaryImageOfPage\":{\"@id\":\"https:\/\/franciscanos.org.br\/noticias\/o-mundo-religioso-novo-livro-de-frei-volney.html#primaryimage\"},\"datePublished\":\"2019-04-04T17:14:12+00:00\",\"dateModified\":\"2019-04-05T11:32:03+00:00\",\"author\":{\"@id\":\"https:\/\/franciscanos.org.br\/noticias\/#\/schema\/person\/c3a26b08313dd1772495ce300ab257cc\"},\"breadcrumb\":{\"@id\":\"https:\/\/franciscanos.org.br\/noticias\/o-mundo-religioso-novo-livro-de-frei-volney.html#breadcrumb\"},\"inLanguage\":\"pt-BR\",\"potentialAction\":[{\"@type\":\"ReadAction\",\"target\":[\"https:\/\/franciscanos.org.br\/noticias\/o-mundo-religioso-novo-livro-de-frei-volney.html\"]}]},{\"@type\":\"BreadcrumbList\",\"@id\":\"https:\/\/franciscanos.org.br\/noticias\/o-mundo-religioso-novo-livro-de-frei-volney.html#breadcrumb\",\"itemListElement\":[{\"@type\":\"ListItem\",\"position\":1,\"name\":\"Home\",\"item\":\"https:\/\/franciscanos.org.br\/noticias\"},{\"@type\":\"ListItem\",\"position\":2,\"name\":\"&#8220;O mundo religioso&#8221;, novo livro de Frei Volney\"}]},{\"@type\":\"Person\",\"@id\":\"https:\/\/franciscanos.org.br\/noticias\/#\/schema\/person\/c3a26b08313dd1772495ce300ab257cc\",\"name\":\"jovenal\",\"image\":{\"@type\":\"ImageObject\",\"inLanguage\":\"pt-BR\",\"@id\":\"https:\/\/franciscanos.org.br\/noticias\/#\/schema\/person\/image\/\",\"url\":\"https:\/\/secure.gravatar.com\/avatar\/e94509f531086e2eaf97e72f29ea00f9?s=96&d=mm&r=g\",\"contentUrl\":\"https:\/\/secure.gravatar.com\/avatar\/e94509f531086e2eaf97e72f29ea00f9?s=96&d=mm&r=g\",\"caption\":\"jovenal\"},\"url\":\"https:\/\/franciscanos.org.br\/noticias\/author\/jovenal\"}]}<\/script>\n<!-- \/ Yoast SEO plugin. -->","yoast_head_json":{"title":"\"O mundo religioso\", novo livro de Frei Volney - Not\u00edcias - Franciscanos","robots":{"index":"index","follow":"follow","max-snippet":"max-snippet:-1","max-image-preview":"max-image-preview:large","max-video-preview":"max-video-preview:-1"},"canonical":"https:\/\/franciscanos.org.br\/noticias\/o-mundo-religioso-novo-livro-de-frei-volney.html","og_locale":"pt_BR","og_type":"article","og_title":"\"O mundo religioso\", novo livro de Frei Volney - Not\u00edcias - Franciscanos","og_description":"Lan\u00e7amentos da Editora Vozes","og_url":"https:\/\/franciscanos.org.br\/noticias\/o-mundo-religioso-novo-livro-de-frei-volney.html","og_site_name":"Not\u00edcias - Franciscanos","article_published_time":"2019-04-04T17:14:12+00:00","article_modified_time":"2019-04-05T11:32:03+00:00","og_image":[{"width":273,"height":181,"url":"https:\/\/franciscanos.org.br\/noticias\/wp-content\/uploads\/2019\/04\/volney_840d.jpg","type":"image\/jpeg"}],"author":"jovenal","twitter_card":"summary_large_image","twitter_misc":{"Escrito por":"jovenal","Est. tempo de leitura":"11 minutos"},"schema":{"@context":"https:\/\/schema.org","@graph":[{"@type":"WebSite","@id":"https:\/\/franciscanos.org.br\/noticias\/#website","url":"https:\/\/franciscanos.org.br\/noticias\/","name":"Not\u00edcias - Franciscanos","description":"Prov\u00edncia Franciscana da Imaculada Concei\u00e7\u00e3o do Brasil - Ordem dos Frades Menores - OFM","potentialAction":[{"@type":"SearchAction","target":{"@type":"EntryPoint","urlTemplate":"https:\/\/franciscanos.org.br\/noticias\/?s={search_term_string}"},"query-input":"required name=search_term_string"}],"inLanguage":"pt-BR"},{"@type":"ImageObject","inLanguage":"pt-BR","@id":"https:\/\/franciscanos.org.br\/noticias\/o-mundo-religioso-novo-livro-de-frei-volney.html#primaryimage","url":"https:\/\/franciscanos.org.br\/noticias\/wp-content\/uploads\/2019\/04\/volney_840d.jpg","contentUrl":"https:\/\/franciscanos.org.br\/noticias\/wp-content\/uploads\/2019\/04\/volney_840d.jpg","width":273,"height":181},{"@type":"WebPage","@id":"https:\/\/franciscanos.org.br\/noticias\/o-mundo-religioso-novo-livro-de-frei-volney.html#webpage","url":"https:\/\/franciscanos.org.br\/noticias\/o-mundo-religioso-novo-livro-de-frei-volney.html","name":"\"O mundo religioso\", novo livro de Frei Volney - Not\u00edcias - Franciscanos","isPartOf":{"@id":"https:\/\/franciscanos.org.br\/noticias\/#website"},"primaryImageOfPage":{"@id":"https:\/\/franciscanos.org.br\/noticias\/o-mundo-religioso-novo-livro-de-frei-volney.html#primaryimage"},"datePublished":"2019-04-04T17:14:12+00:00","dateModified":"2019-04-05T11:32:03+00:00","author":{"@id":"https:\/\/franciscanos.org.br\/noticias\/#\/schema\/person\/c3a26b08313dd1772495ce300ab257cc"},"breadcrumb":{"@id":"https:\/\/franciscanos.org.br\/noticias\/o-mundo-religioso-novo-livro-de-frei-volney.html#breadcrumb"},"inLanguage":"pt-BR","potentialAction":[{"@type":"ReadAction","target":["https:\/\/franciscanos.org.br\/noticias\/o-mundo-religioso-novo-livro-de-frei-volney.html"]}]},{"@type":"BreadcrumbList","@id":"https:\/\/franciscanos.org.br\/noticias\/o-mundo-religioso-novo-livro-de-frei-volney.html#breadcrumb","itemListElement":[{"@type":"ListItem","position":1,"name":"Home","item":"https:\/\/franciscanos.org.br\/noticias"},{"@type":"ListItem","position":2,"name":"&#8220;O mundo religioso&#8221;, novo livro de Frei Volney"}]},{"@type":"Person","@id":"https:\/\/franciscanos.org.br\/noticias\/#\/schema\/person\/c3a26b08313dd1772495ce300ab257cc","name":"jovenal","image":{"@type":"ImageObject","inLanguage":"pt-BR","@id":"https:\/\/franciscanos.org.br\/noticias\/#\/schema\/person\/image\/","url":"https:\/\/secure.gravatar.com\/avatar\/e94509f531086e2eaf97e72f29ea00f9?s=96&d=mm&r=g","contentUrl":"https:\/\/secure.gravatar.com\/avatar\/e94509f531086e2eaf97e72f29ea00f9?s=96&d=mm&r=g","caption":"jovenal"},"url":"https:\/\/franciscanos.org.br\/noticias\/author\/jovenal"}]}},"_links":{"self":[{"href":"https:\/\/franciscanos.org.br\/noticias\/wp-json\/wp\/v2\/posts\/202238"}],"collection":[{"href":"https:\/\/franciscanos.org.br\/noticias\/wp-json\/wp\/v2\/posts"}],"about":[{"href":"https:\/\/franciscanos.org.br\/noticias\/wp-json\/wp\/v2\/types\/post"}],"author":[{"embeddable":true,"href":"https:\/\/franciscanos.org.br\/noticias\/wp-json\/wp\/v2\/users\/7"}],"replies":[{"embeddable":true,"href":"https:\/\/franciscanos.org.br\/noticias\/wp-json\/wp\/v2\/comments?post=202238"}],"version-history":[{"count":0,"href":"https:\/\/franciscanos.org.br\/noticias\/wp-json\/wp\/v2\/posts\/202238\/revisions"}],"wp:featuredmedia":[{"embeddable":true,"href":"https:\/\/franciscanos.org.br\/noticias\/wp-json\/wp\/v2\/media\/202256"}],"wp:attachment":[{"href":"https:\/\/franciscanos.org.br\/noticias\/wp-json\/wp\/v2\/media?parent=202238"}],"wp:term":[{"taxonomy":"category","embeddable":true,"href":"https:\/\/franciscanos.org.br\/noticias\/wp-json\/wp\/v2\/categories?post=202238"},{"taxonomy":"post_tag","embeddable":true,"href":"https:\/\/franciscanos.org.br\/noticias\/wp-json\/wp\/v2\/tags?post=202238"}],"curies":[{"name":"wp","href":"https:\/\/api.w.org\/{rel}","templated":true}]}}