{"id":202212,"date":"2019-04-03T09:48:27","date_gmt":"2019-04-03T12:48:27","guid":{"rendered":"https:\/\/franciscanos.org.br\/noticias\/?p=202212"},"modified":"2019-04-03T09:48:27","modified_gmt":"2019-04-03T12:48:27","slug":"frei-patton-comenta-apelo-do-papa-por-jerusalem","status":"publish","type":"post","link":"https:\/\/franciscanos.org.br\/noticias\/frei-patton-comenta-apelo-do-papa-por-jerusalem.html","title":{"rendered":"Frei Patton comenta apelo do Papa por Jerusal\u00e9m"},"content":{"rendered":"<p><img loading=\"lazy\" class=\"alignnone size-full wp-image-202213\" src=\"https:\/\/franciscanos.org.br\/noticias\/wp-content\/uploads\/2019\/04\/patton2.jpg\" alt=\"\" width=\"890\" height=\"409\" srcset=\"https:\/\/franciscanos.org.br\/noticias\/wp-content\/uploads\/2019\/04\/patton2.jpg 890w, https:\/\/franciscanos.org.br\/noticias\/wp-content\/uploads\/2019\/04\/patton2-450x207.jpg 450w, https:\/\/franciscanos.org.br\/noticias\/wp-content\/uploads\/2019\/04\/patton2-768x353.jpg 768w, https:\/\/franciscanos.org.br\/noticias\/wp-content\/uploads\/2019\/04\/patton2-150x69.jpg 150w\" sizes=\"(max-width: 890px) 100vw, 890px\" \/><br \/>\n<em>Unicidade e sacralidade de Jerusal\u00e9m, com uma peculiar voca\u00e7\u00e3o de &#8220;cidade da paz&#8221;. Com estas palavras, o Papa Francisco e o rei do Marrocos Mohammed VI partilharam, no \u00faltimo s\u00e1bado, em Rabat, o apelo para &#8220;preservar&#8221; a Cidade Santa como &#8220;patrim\u00f4nio comum da humanidade e especialmente para os fi\u00e9is das tr\u00eas religi\u00f5es monote\u00edstas&#8221;, portanto judeus, crist\u00e3os e mu\u00e7ulmanos, e como &#8220;lugar de encontro e s\u00edmbolo de conviv\u00eancia pac\u00edfica, onde se cultivam o respeito m\u00fatuo e o di\u00e1logo&#8221;. O desejo do Pont\u00edfice e do soberano marroquino \u00e9 um desejo &#8220;que pode guiar a vontade&#8221;, num mundo em que a pol\u00edtica &#8220;se move como se estivesse sempre em campanha eleitoral&#8221; e numa cidade como Jerusal\u00e9m em que se deve ir al\u00e9m da &#8220;linguagem das reivindica\u00e7\u00f5es exclusivas&#8221;, para aprender uma linguagem de &#8220;gest\u00e3o partilhada&#8221;: esta \u00e9 a reflex\u00e3o do franciscano Frei Francesco Patton, Cust\u00f3dio da Terra Santa, sobre o apelo por Jerusal\u00e9m lan\u00e7ado desde o Pal\u00e1cio Real de Rabat.<\/em><\/p>\n<p><strong>Qual \u00e9 o valor do apelo comum do Papa e do rei Mohamed VI do Marrocos por Jerusal\u00e9m &#8220;Cidade Santa e lugar de encontro&#8221;<\/strong>?<\/p>\n<p><strong>R.<\/strong> &#8211; Eu diria que tem o valor de confirmar a linha que foi reafirmada muitas vezes nos \u00faltimos anos, que \u00e9 precisamente a de recordar o significado que Jerusal\u00e9m tem para as tr\u00eas religi\u00f5es abra\u00e2micas, ou seja, para o juda\u00edsmo, o cristianismo e o islamismo. Faz sentido reiterar o fato de que, quando falamos de Jerusal\u00e9m, devemos ir al\u00e9m das categorias pol\u00edticas e compreender o valor que esta cidade tem: uma cidade s\u00edmbolo para as tr\u00eas religi\u00f5es e depois aqui, em n\u00edvel local, uma cidade s\u00edmbolo para dois povos, o povo judeu e o povo palestino. Isto significa tamb\u00e9m reiterar o fato de que, quando se toca Jerusal\u00e9m, se toca uma realidade que \u00e9 extremamente delicada.<\/p>\n<p>A<strong> refer\u00eancia \u00e9 \u00e0s tr\u00eas religi\u00f5es monote\u00edstas e tamb\u00e9m \u00e0s repercuss\u00f5es sociais e pol\u00edticas no terreno?<\/strong><\/p>\n<p><strong>R.<\/strong> \u2013 Certamente, as repercuss\u00f5es de tipo pol\u00edtico s\u00e3o bem conhecidas. Sabemos que, de um lado, existe de alguma forma a reivindica\u00e7\u00e3o de ter alguma exclusividade sobre a cidade de Jerusal\u00e9m e, de outro, existe tamb\u00e9m uma pretens\u00e3o semelhante. Portanto, temos de aprender a evitar a linguagem das reivindica\u00e7\u00f5es exclusivas, para aprender, ao inv\u00e9s, a utilizar uma linguagem que eu chamaria de proposta, de uma gest\u00e3o partilhada desta cidade que tem precisamente um valor especial e particular. E a refer\u00eancia que \u00e9 constantemente feita tamb\u00e9m pela Santa S\u00e9 \u00e9 a refer\u00eancia a uma cidade partilhada entre dois povos, israelense e palestino, e entre religi\u00f5es: judaica, crist\u00e3 e mu\u00e7ulmana.<br \/>\nO pr\u00f3prio Papa explicou que o apelo comum para Jerusal\u00e9m foi um passo avante dado n\u00e3o por uma autoridade do Marrocos e por uma autoridade do Vaticano, mas por irm\u00e3os crentes que sofrem vendo esta cidade da esperan\u00e7a ainda n\u00e3o ser t\u00e3o universal como todos n\u00f3s gostar\u00edamos que fosse, judeus, mu\u00e7ulmanos e crist\u00e3os.<\/p>\n<p><strong>Este sofrimento que vem de fora \u00e9 percebido na Cidade Santa, ou seja, daqueles que n\u00e3o est\u00e3o fisicamente em Jerusal\u00e9m?<\/strong><\/p>\n<p><strong>R.<\/strong> &#8211; Em Jerusal\u00e9m percebe-se sempre uma certa tens\u00e3o de um lado, e depois tamb\u00e9m um certo desejo, do outro. Vemos neste tempo de Quaresma que milhares e milhares de peregrinos est\u00e3o chegando. Durante o per\u00edodo do Ramad\u00e3, especialmente nas sextas-feiras do Ramad\u00e3, vemos chegar dezenas de milhares de peregrinos mu\u00e7ulmanos. Os judeus fazem o mesmo por ocasi\u00e3o das suas festas religiosas. Agora, este ano, a nossa P\u00e1scoa coincidir\u00e1 substancialmente com a deles, portanto, haver\u00e1 um grande movimento. O que se deseja aqui \u00e9 que cada um dos crentes das tr\u00eas grandes religi\u00f5es, que tamb\u00e9m t\u00eam uma raiz comum, possa vir em paz, possa rezar em paz e possa tamb\u00e9m, ouso dizer, aprender a viver a sua f\u00e9 no respeito pela f\u00e9 dos outros.<\/p>\n<p><strong>Em Jerusal\u00e9m, houve repercuss\u00f5es ao apelo do Papa e do rei do Marrocos?<\/strong><\/p>\n<p><strong>R.<\/strong> &#8211; \u00c9 um apelo muito recente, por isso h\u00e1 repercuss\u00f5es internas, as de acolher com favor a reafirma\u00e7\u00e3o da import\u00e2ncia desta cidade e o fato de ser aberta e partilhada. Parece-me que tanto o mundo crist\u00e3o como o mundo mu\u00e7ulmano sa\u00fadam este tipo de declara\u00e7\u00e3o.<\/p>\n<hr \/>\n<p><em>Entrevista ao Vatican News<\/em><\/p>\n","protected":false},"excerpt":{"rendered":"<p>Entrevista com o Cust\u00f3dia da Terra Santa<\/p>\n","protected":false},"author":3,"featured_media":202214,"comment_status":"open","ping_status":"open","sticky":false,"template":"","format":"standard","meta":[],"categories":[758],"tags":[1429],"acf":[],"yoast_head":"<!-- This site is optimized with the Yoast SEO plugin v19.2 - https:\/\/yoast.com\/wordpress\/plugins\/seo\/ -->\n<title>Frei Patton comenta apelo do Papa por Jerusal\u00e9m - Not\u00edcias - Franciscanos<\/title>\n<meta name=\"robots\" content=\"index, follow, max-snippet:-1, max-image-preview:large, max-video-preview:-1\" \/>\n<link rel=\"canonical\" href=\"https:\/\/franciscanos.org.br\/noticias\/frei-patton-comenta-apelo-do-papa-por-jerusalem.html\" \/>\n<meta property=\"og:locale\" content=\"pt_BR\" \/>\n<meta property=\"og:type\" content=\"article\" \/>\n<meta property=\"og:title\" content=\"Frei Patton comenta apelo do Papa por Jerusal\u00e9m - Not\u00edcias - Franciscanos\" \/>\n<meta property=\"og:description\" content=\"Entrevista com o Cust\u00f3dia da Terra Santa\" \/>\n<meta property=\"og:url\" content=\"https:\/\/franciscanos.org.br\/noticias\/frei-patton-comenta-apelo-do-papa-por-jerusalem.html\" \/>\n<meta property=\"og:site_name\" content=\"Not\u00edcias - Franciscanos\" \/>\n<meta property=\"article:published_time\" content=\"2019-04-03T12:48:27+00:00\" \/>\n<meta property=\"og:image\" content=\"https:\/\/franciscanos.org.br\/noticias\/wp-content\/uploads\/2019\/04\/patton2_d.jpg\" \/>\n\t<meta property=\"og:image:width\" content=\"273\" \/>\n\t<meta property=\"og:image:height\" content=\"181\" \/>\n\t<meta property=\"og:image:type\" content=\"image\/jpeg\" \/>\n<meta name=\"author\" content=\"moacir\" \/>\n<meta name=\"twitter:card\" content=\"summary_large_image\" \/>\n<meta name=\"twitter:label1\" content=\"Escrito por\" \/>\n\t<meta name=\"twitter:data1\" content=\"moacir\" \/>\n\t<meta name=\"twitter:label2\" content=\"Est. tempo de leitura\" \/>\n\t<meta name=\"twitter:data2\" content=\"4 minutos\" \/>\n<script type=\"application\/ld+json\" class=\"yoast-schema-graph\">{\"@context\":\"https:\/\/schema.org\",\"@graph\":[{\"@type\":\"WebSite\",\"@id\":\"https:\/\/franciscanos.org.br\/noticias\/#website\",\"url\":\"https:\/\/franciscanos.org.br\/noticias\/\",\"name\":\"Not\u00edcias - Franciscanos\",\"description\":\"Prov\u00edncia Franciscana da Imaculada Concei\u00e7\u00e3o do Brasil - Ordem dos Frades Menores - OFM\",\"potentialAction\":[{\"@type\":\"SearchAction\",\"target\":{\"@type\":\"EntryPoint\",\"urlTemplate\":\"https:\/\/franciscanos.org.br\/noticias\/?s={search_term_string}\"},\"query-input\":\"required name=search_term_string\"}],\"inLanguage\":\"pt-BR\"},{\"@type\":\"ImageObject\",\"inLanguage\":\"pt-BR\",\"@id\":\"https:\/\/franciscanos.org.br\/noticias\/frei-patton-comenta-apelo-do-papa-por-jerusalem.html#primaryimage\",\"url\":\"https:\/\/franciscanos.org.br\/noticias\/wp-content\/uploads\/2019\/04\/patton2_d.jpg\",\"contentUrl\":\"https:\/\/franciscanos.org.br\/noticias\/wp-content\/uploads\/2019\/04\/patton2_d.jpg\",\"width\":273,\"height\":181},{\"@type\":\"WebPage\",\"@id\":\"https:\/\/franciscanos.org.br\/noticias\/frei-patton-comenta-apelo-do-papa-por-jerusalem.html#webpage\",\"url\":\"https:\/\/franciscanos.org.br\/noticias\/frei-patton-comenta-apelo-do-papa-por-jerusalem.html\",\"name\":\"Frei Patton comenta apelo do Papa por Jerusal\u00e9m - Not\u00edcias - Franciscanos\",\"isPartOf\":{\"@id\":\"https:\/\/franciscanos.org.br\/noticias\/#website\"},\"primaryImageOfPage\":{\"@id\":\"https:\/\/franciscanos.org.br\/noticias\/frei-patton-comenta-apelo-do-papa-por-jerusalem.html#primaryimage\"},\"datePublished\":\"2019-04-03T12:48:27+00:00\",\"dateModified\":\"2019-04-03T12:48:27+00:00\",\"author\":{\"@id\":\"https:\/\/franciscanos.org.br\/noticias\/#\/schema\/person\/b5c8cba458c330ccff548b056e95a5d4\"},\"breadcrumb\":{\"@id\":\"https:\/\/franciscanos.org.br\/noticias\/frei-patton-comenta-apelo-do-papa-por-jerusalem.html#breadcrumb\"},\"inLanguage\":\"pt-BR\",\"potentialAction\":[{\"@type\":\"ReadAction\",\"target\":[\"https:\/\/franciscanos.org.br\/noticias\/frei-patton-comenta-apelo-do-papa-por-jerusalem.html\"]}]},{\"@type\":\"BreadcrumbList\",\"@id\":\"https:\/\/franciscanos.org.br\/noticias\/frei-patton-comenta-apelo-do-papa-por-jerusalem.html#breadcrumb\",\"itemListElement\":[{\"@type\":\"ListItem\",\"position\":1,\"name\":\"Home\",\"item\":\"https:\/\/franciscanos.org.br\/noticias\"},{\"@type\":\"ListItem\",\"position\":2,\"name\":\"Frei Patton comenta apelo do Papa por Jerusal\u00e9m\"}]},{\"@type\":\"Person\",\"@id\":\"https:\/\/franciscanos.org.br\/noticias\/#\/schema\/person\/b5c8cba458c330ccff548b056e95a5d4\",\"name\":\"moacir\",\"image\":{\"@type\":\"ImageObject\",\"inLanguage\":\"pt-BR\",\"@id\":\"https:\/\/franciscanos.org.br\/noticias\/#\/schema\/person\/image\/\",\"url\":\"https:\/\/secure.gravatar.com\/avatar\/d08aa2ce4c8dd416d4479aa8536fcf64?s=96&d=mm&r=g\",\"contentUrl\":\"https:\/\/secure.gravatar.com\/avatar\/d08aa2ce4c8dd416d4479aa8536fcf64?s=96&d=mm&r=g\",\"caption\":\"moacir\"},\"url\":\"https:\/\/franciscanos.org.br\/noticias\/author\/moacir\"}]}<\/script>\n<!-- \/ Yoast SEO plugin. -->","yoast_head_json":{"title":"Frei Patton comenta apelo do Papa por Jerusal\u00e9m - Not\u00edcias - Franciscanos","robots":{"index":"index","follow":"follow","max-snippet":"max-snippet:-1","max-image-preview":"max-image-preview:large","max-video-preview":"max-video-preview:-1"},"canonical":"https:\/\/franciscanos.org.br\/noticias\/frei-patton-comenta-apelo-do-papa-por-jerusalem.html","og_locale":"pt_BR","og_type":"article","og_title":"Frei Patton comenta apelo do Papa por Jerusal\u00e9m - Not\u00edcias - Franciscanos","og_description":"Entrevista com o Cust\u00f3dia da Terra Santa","og_url":"https:\/\/franciscanos.org.br\/noticias\/frei-patton-comenta-apelo-do-papa-por-jerusalem.html","og_site_name":"Not\u00edcias - Franciscanos","article_published_time":"2019-04-03T12:48:27+00:00","og_image":[{"width":273,"height":181,"url":"https:\/\/franciscanos.org.br\/noticias\/wp-content\/uploads\/2019\/04\/patton2_d.jpg","type":"image\/jpeg"}],"author":"moacir","twitter_card":"summary_large_image","twitter_misc":{"Escrito por":"moacir","Est. tempo de leitura":"4 minutos"},"schema":{"@context":"https:\/\/schema.org","@graph":[{"@type":"WebSite","@id":"https:\/\/franciscanos.org.br\/noticias\/#website","url":"https:\/\/franciscanos.org.br\/noticias\/","name":"Not\u00edcias - Franciscanos","description":"Prov\u00edncia Franciscana da Imaculada Concei\u00e7\u00e3o do Brasil - Ordem dos Frades Menores - OFM","potentialAction":[{"@type":"SearchAction","target":{"@type":"EntryPoint","urlTemplate":"https:\/\/franciscanos.org.br\/noticias\/?s={search_term_string}"},"query-input":"required name=search_term_string"}],"inLanguage":"pt-BR"},{"@type":"ImageObject","inLanguage":"pt-BR","@id":"https:\/\/franciscanos.org.br\/noticias\/frei-patton-comenta-apelo-do-papa-por-jerusalem.html#primaryimage","url":"https:\/\/franciscanos.org.br\/noticias\/wp-content\/uploads\/2019\/04\/patton2_d.jpg","contentUrl":"https:\/\/franciscanos.org.br\/noticias\/wp-content\/uploads\/2019\/04\/patton2_d.jpg","width":273,"height":181},{"@type":"WebPage","@id":"https:\/\/franciscanos.org.br\/noticias\/frei-patton-comenta-apelo-do-papa-por-jerusalem.html#webpage","url":"https:\/\/franciscanos.org.br\/noticias\/frei-patton-comenta-apelo-do-papa-por-jerusalem.html","name":"Frei Patton comenta apelo do Papa por Jerusal\u00e9m - Not\u00edcias - Franciscanos","isPartOf":{"@id":"https:\/\/franciscanos.org.br\/noticias\/#website"},"primaryImageOfPage":{"@id":"https:\/\/franciscanos.org.br\/noticias\/frei-patton-comenta-apelo-do-papa-por-jerusalem.html#primaryimage"},"datePublished":"2019-04-03T12:48:27+00:00","dateModified":"2019-04-03T12:48:27+00:00","author":{"@id":"https:\/\/franciscanos.org.br\/noticias\/#\/schema\/person\/b5c8cba458c330ccff548b056e95a5d4"},"breadcrumb":{"@id":"https:\/\/franciscanos.org.br\/noticias\/frei-patton-comenta-apelo-do-papa-por-jerusalem.html#breadcrumb"},"inLanguage":"pt-BR","potentialAction":[{"@type":"ReadAction","target":["https:\/\/franciscanos.org.br\/noticias\/frei-patton-comenta-apelo-do-papa-por-jerusalem.html"]}]},{"@type":"BreadcrumbList","@id":"https:\/\/franciscanos.org.br\/noticias\/frei-patton-comenta-apelo-do-papa-por-jerusalem.html#breadcrumb","itemListElement":[{"@type":"ListItem","position":1,"name":"Home","item":"https:\/\/franciscanos.org.br\/noticias"},{"@type":"ListItem","position":2,"name":"Frei Patton comenta apelo do Papa por Jerusal\u00e9m"}]},{"@type":"Person","@id":"https:\/\/franciscanos.org.br\/noticias\/#\/schema\/person\/b5c8cba458c330ccff548b056e95a5d4","name":"moacir","image":{"@type":"ImageObject","inLanguage":"pt-BR","@id":"https:\/\/franciscanos.org.br\/noticias\/#\/schema\/person\/image\/","url":"https:\/\/secure.gravatar.com\/avatar\/d08aa2ce4c8dd416d4479aa8536fcf64?s=96&d=mm&r=g","contentUrl":"https:\/\/secure.gravatar.com\/avatar\/d08aa2ce4c8dd416d4479aa8536fcf64?s=96&d=mm&r=g","caption":"moacir"},"url":"https:\/\/franciscanos.org.br\/noticias\/author\/moacir"}]}},"_links":{"self":[{"href":"https:\/\/franciscanos.org.br\/noticias\/wp-json\/wp\/v2\/posts\/202212"}],"collection":[{"href":"https:\/\/franciscanos.org.br\/noticias\/wp-json\/wp\/v2\/posts"}],"about":[{"href":"https:\/\/franciscanos.org.br\/noticias\/wp-json\/wp\/v2\/types\/post"}],"author":[{"embeddable":true,"href":"https:\/\/franciscanos.org.br\/noticias\/wp-json\/wp\/v2\/users\/3"}],"replies":[{"embeddable":true,"href":"https:\/\/franciscanos.org.br\/noticias\/wp-json\/wp\/v2\/comments?post=202212"}],"version-history":[{"count":0,"href":"https:\/\/franciscanos.org.br\/noticias\/wp-json\/wp\/v2\/posts\/202212\/revisions"}],"wp:featuredmedia":[{"embeddable":true,"href":"https:\/\/franciscanos.org.br\/noticias\/wp-json\/wp\/v2\/media\/202214"}],"wp:attachment":[{"href":"https:\/\/franciscanos.org.br\/noticias\/wp-json\/wp\/v2\/media?parent=202212"}],"wp:term":[{"taxonomy":"category","embeddable":true,"href":"https:\/\/franciscanos.org.br\/noticias\/wp-json\/wp\/v2\/categories?post=202212"},{"taxonomy":"post_tag","embeddable":true,"href":"https:\/\/franciscanos.org.br\/noticias\/wp-json\/wp\/v2\/tags?post=202212"}],"curies":[{"name":"wp","href":"https:\/\/api.w.org\/{rel}","templated":true}]}}