{"id":202192,"date":"2019-04-02T07:30:09","date_gmt":"2019-04-02T10:30:09","guid":{"rendered":"https:\/\/franciscanos.org.br\/noticias\/?p=202192"},"modified":"2019-04-22T14:43:19","modified_gmt":"2019-04-22T17:43:19","slug":"e-preciso-lutar-para-que-nao-haja-retrocesso-nas-politicas-publicas-em-prol-dos-indigenas","status":"publish","type":"post","link":"https:\/\/franciscanos.org.br\/noticias\/e-preciso-lutar-para-que-nao-haja-retrocesso-nas-politicas-publicas-em-prol-dos-indigenas.html","title":{"rendered":"Heck: &#8220;Os povos ind\u00edgenas t\u00eam uma longa luta pela frente&#8221;"},"content":{"rendered":"<p><img loading=\"lazy\" class=\"alignnone wp-image-202193 size-full\" src=\"https:\/\/franciscanos.org.br\/noticias\/wp-content\/uploads\/2019\/04\/cf_020419.jpg\" alt=\"\" width=\"890\" height=\"439\" srcset=\"https:\/\/franciscanos.org.br\/noticias\/wp-content\/uploads\/2019\/04\/cf_020419.jpg 890w, https:\/\/franciscanos.org.br\/noticias\/wp-content\/uploads\/2019\/04\/cf_020419-450x222.jpg 450w, https:\/\/franciscanos.org.br\/noticias\/wp-content\/uploads\/2019\/04\/cf_020419-768x379.jpg 768w, https:\/\/franciscanos.org.br\/noticias\/wp-content\/uploads\/2019\/04\/cf_020419-150x74.jpg 150w\" sizes=\"(max-width: 890px) 100vw, 890px\" \/><\/p>\n<p><em>Residente no Mato Grosso do Sul, o ga\u00facho <strong>Egon Heck<\/strong> tem uma trajet\u00f3ria que quase 50 anos militando em prol da causa ind\u00edgena. Para ele, que \u00e9 assessor do secretariado do Conselho Indigenista Mission\u00e1rio (CIMI), os povos origin\u00e1rios vivem um per\u00edodo de grande desafio, com retrocessos em importantes conquistas.\u00a0 \u201cNunca aconteceu de um presidente, antes mesmo de tomar posse, dirigir-se de maneira expl\u00edcita contra os direitos dos povos ind\u00edgenas, fazendo prevalecer desta forma os interesses dos setores anti-ind\u00edgenas no governo e na sociedade\u201d, explica, manifestando preocupa\u00e7\u00e3o com o futuro destes povos.<\/em><\/p>\n<p><em>Acompanhe a entrevista concedida a<\/em> <strong>Frei Gustavo Medella<\/strong>, <em>que \u00e9 parte da<\/em> <strong>S\u00e9rie Especial sobre a Campanha da Fraternidad<\/strong>e, <em>que tem como tema \u201cFraternidade e Pol\u00edticas P\u00fablicas\u201d.<\/em><\/p>\n<p><strong>Site Franciscanos &#8211; Qual a import\u00e2ncia das Pol\u00edticas P\u00fablicas para a garantia dos direitos dos povos ind\u00edgenas?<\/strong><\/p>\n<p><strong>Egon Heck &#8211;<\/strong> As Pol\u00edticas P\u00fablicas deveriam ser processos de garantia dos direitos dos povos origin\u00e1rios do nosso pa\u00eds, mas infelizmente o que vemos \u00e9 a hist\u00f3rica omiss\u00e3o do Estado brasileiro com rela\u00e7\u00e3o \u00e0 prote\u00e7\u00e3o dos direitos dos povos origin\u00e1rios, da vida, dos territ\u00f3rios, dos recursos naturais. Tudo isso deveria ser objeto de uma pol\u00edtica coerente para com estes primeiros habitantes do nosso pa\u00eds.<\/p>\n<p><img loading=\"lazy\" class=\"alignnone size-full wp-image-202194\" src=\"https:\/\/franciscanos.org.br\/noticias\/wp-content\/uploads\/2019\/04\/egon_020419.jpg\" alt=\"\" width=\"890\" height=\"606\" srcset=\"https:\/\/franciscanos.org.br\/noticias\/wp-content\/uploads\/2019\/04\/egon_020419.jpg 890w, https:\/\/franciscanos.org.br\/noticias\/wp-content\/uploads\/2019\/04\/egon_020419-450x306.jpg 450w, https:\/\/franciscanos.org.br\/noticias\/wp-content\/uploads\/2019\/04\/egon_020419-768x523.jpg 768w, https:\/\/franciscanos.org.br\/noticias\/wp-content\/uploads\/2019\/04\/egon_020419-150x102.jpg 150w\" sizes=\"(max-width: 890px) 100vw, 890px\" \/><\/p>\n<p><strong>Site Franciscanos &#8211; Quais as principais dificuldades enfrentadas pelos povos origin\u00e1rios atualmente no Brasil?<\/strong><\/p>\n<p><strong>Egon Heck &#8211; <\/strong>Infelizmente s\u00e3o muitos problemas que estes povos enfrentam hoje em dia. Lamentavelmente, estamos num momento da hist\u00f3ria em que, de uma forma meio c\u00edclica, parece que os interesses anti-ind\u00edgenas passam de novo a prevalecer contra o direito destes povos. Uma das quest\u00f5es fundamentais que foi e continua sendo objeto principal da solidariedade, do apoio e da presen\u00e7a do CIMI junto aos ind\u00edgenas \u00e9 a quest\u00e3o dos seus territ\u00f3rios. Apesar de, em alguns momentos, ter-se avan\u00e7ado minimamente na demarca\u00e7\u00e3o dos territ\u00f3rios, principalmente na Amaz\u00f4nia, vemos hoje o an\u00fancio de retrocesso. Nunca aconteceu de um presidente, antes mesmo de tomar posse, dirigir-se de maneira expl\u00edcita contra os direitos dos povos ind\u00edgenas, fazendo prevalecer desta forma os interesses dos setores anti-ind\u00edgenas no governo e na sociedade. Nas \u00faltimas d\u00e9cadas, os povos ind\u00edgenas t\u00eam protagonizado lutas importantes para a conquista dos seus direitos. Uma das quest\u00f5es mais importantes foi a conquista do cap\u00edtulo sete da Constitui\u00e7\u00e3o, nos artigos 231 e 232, onde o Estado brasileiro reconhece aos povos ind\u00edgenas os direitos a seus territ\u00f3rios. Um dos principais motivos da luta dos povos ind\u00edgenas \u00e9 exatamente a garantia destes territ\u00f3rios origin\u00e1rios. Isso, infelizmente, est\u00e1 em retrocesso novamente. Nos tr\u00eas poderes h\u00e1 a\u00e7\u00f5es em curso, que claramente t\u00eam como objeto a nega\u00e7\u00e3o dos direitos constitucionais das terras dos povos ind\u00edgenas. \u00c9 importante frisar que \u00e9 uma obriga\u00e7\u00e3o do Estado brasileiro demarcar as terras e proteg\u00ea-las. Isso era para ter sido feito at\u00e9 cinco anos depois da Constitui\u00e7\u00e3o de 1988. Ou seja, em 1993 era para todas as terras ind\u00edgenas estarem demarcadas. J\u00e1 passamos mais de 30 anos da nova Constitui\u00e7\u00e3o e, infelizmente, temos talvez um ter\u00e7o das terras ind\u00edgenas ainda para serem demarcadas. Isso significa dizer que os povos ind\u00edgenas t\u00eam uma longa luta pela frente. Para n\u00e3o verem seus direitos sendo cerceados, os ind\u00edgenas est\u00e3o quase que diariamente em alguma mobiliza\u00e7\u00e3o regional ou nacional, pedindo aten\u00e7\u00e3o da sociedade nacional e internacional, para que possam viver com dignidade e poderem, depois de 519 anos, viver em paz em seus territ\u00f3rios.<\/p>\n<p><strong>Site Franciscanos &#8211; De que maneira o CIMI trabalha na luta pelo direito dos ind\u00edgenas?<\/strong><\/p>\n<p><strong>Egon Heck &#8211;<\/strong> N\u00f3s, enquanto CIMI, temos quase 50 anos de presen\u00e7a solid\u00e1ria junto aos povos ind\u00edgenas, na certeza de que seus direitos, de uma forma ou de outra, ser\u00e3o conquistados e eles poder\u00e3o fazer parte de nossa sociedade nacional com os seus projetos de bem viver. O que temos feito de maneira mais sistem\u00e1tica \u00e9 apoiar os povos ind\u00edgenas e origin\u00e1rios, e tamb\u00e9m dos povos que vivem no campo, principalmente os quilombolas e ribeirinhos e tantos outros extrativistas que vivem no nosso pa\u00eds e que lutam pelos seus direitos. Este apoio \u00e9 feito atrav\u00e9s do nosso espa\u00e7o, que \u00e9 o Centro de Forma\u00e7\u00e3o Vicente Ca\u00f1as, ou atrav\u00e9s do acompanhamento das assessorias jur\u00eddica, de comunica\u00e7\u00e3o, teol\u00f3gica, para que estes povos possam efetivamente n\u00e3o s\u00f3 ser uma refer\u00eancia para o futuro, mas participarem da constru\u00e7\u00e3o desse pa\u00eds que todos n\u00f3s sonhamos e que, em alguns momentos, quando se esperava um verdadeiro avan\u00e7o na perspectiva dos direitos consolidados, vemos estes direitos novamente sendo amea\u00e7ados. Enquanto CIMI, propomo-nos a estar ao lado deles, seja nos momentos de informa\u00e7\u00e3o, seja nos momentos de forma\u00e7\u00e3o e tamb\u00e9m nos momentos de den\u00fancia das viol\u00eancias, dos sofrimentos, pedindo sempre que aqueles que s\u00e3o solid\u00e1rios com a luta destes povos, tamb\u00e9m estejam ao lado deles se manifestando, denunciando, apoiando, porque s\u00f3 desta forma \u00e9 que se poder\u00e1 avan\u00e7ar na perspectiva da garantia destes direitos.<\/p>\n<p><strong>Site Franciscanos &#8211; Qual deve ser o papel do crist\u00e3o cat\u00f3lico diante da quest\u00e3o ind\u00edgena no Brasil?<\/strong><\/p>\n<p><strong>Egon Heck &#8211;<\/strong> A fun\u00e7\u00e3o de todo crist\u00e3o, de todo cat\u00f3lico, \u00e9 lutar e garantir a vida com dignidade para todos, com justi\u00e7a e paz. Por\u00e9m, como vemos, as Pol\u00edticas P\u00fablicas est\u00e3o em processo de retrocesso, fato que coloca em risco uma pol\u00edtica de sa\u00fade ind\u00edgena, que tinha um sub-sistema pr\u00f3prio para atender a estes povos em suas especificidades, em sua cultura, sua maneira de ver a vida, e agora coloca em risco a sa\u00fade de muitos povos. O mesmo acontece com a Pol\u00edtica de educa\u00e7\u00e3o ind\u00edgena, diferenciada conforme a cultura de cada povo. Infelizmente, vemos recentemente o Minist\u00e9rio da Educa\u00e7\u00e3o em franco retrocesso com rela\u00e7\u00e3o a conquistas hist\u00f3ricas que haviam sido conseguidas pelos povos ind\u00edgenas em in\u00fameros encontros e confer\u00eancias nacionais, em debates regionais. Da mesma forma, a Pol\u00edtica de Seguran\u00e7a. A Funda\u00e7\u00e3o Nacional do \u00cdndio, que deveria ser um \u00f3rg\u00e3o fundamental para desempenhar esta fun\u00e7\u00e3o de garantia dos direitos destes povos, n\u00e3o s\u00f3 foi totalmente esvaziado de suas possibilidades de atua\u00e7\u00e3o, como foi levado ao Minist\u00e9rio da Agricultura, onde est\u00e3o os grandes advers\u00e1rios e negadores dos direitos dos povos ind\u00edgenas. Dessa forma, vemos que como crist\u00e3os, como cat\u00f3licos, resta-nos a nossa solidariedade, partilha, resist\u00eancia destes povos e, principalmente, a constru\u00e7\u00e3o de uma sociedade que reconhece a sua pluralidade e que quer conviver e respeitar as diferentes culturas. S\u00e3o 305 povos, portanto, 305 culturas diferentes que est\u00e3o em nosso pa\u00eds. Devemos nos orgulhar dessa diversidade e apoiar as Pol\u00edticas P\u00fablicas e as pol\u00edticas dos povos, ajud\u00e1-los para que possam dar um passo adiante na conquista dos seus direitos e possam contar com todos os crist\u00e3os e cat\u00f3licos que tenham um cora\u00e7\u00e3o aberto para o outro, um cora\u00e7\u00e3o aberto para as culturas, \u00e0 diversidade religiosa, cultural, social, econ\u00f4mica. Com certeza, hoje, os povos ind\u00edgenas t\u00eam na Igreja Cat\u00f3lica, em sua a\u00e7\u00e3o organizada, seja pelo CIMI, seja pelas dioceses e prelazias, seu maior aliado nos tempos atuais. Isso, sem d\u00favida, foi conquistado a partir de uma a\u00e7\u00e3o coerente, l\u00facida, corajosa, que fez com que v\u00e1rios dos nossos companheiros de trabalho no CIMI, por exemplo, tenham seu sangue derramado por esta causa. Cabe a todos n\u00f3s tamb\u00e9m sermos solid\u00e1rios com os mission\u00e1rios que est\u00e3o na \u00e1rea, com os membros do CIMI, presentes em todo territ\u00f3rio nacional, em apoio aos povos ind\u00edgenas, porque eles assim esperam. Esperam nossa presen\u00e7a solid\u00e1ria, querem nosso compromisso com a causa ind\u00edgena, querem nosso compromisso com a paz e o bem viver destes povos.<\/p>\n<p><a href=\"https:\/\/vidacrista.franciscanos.org.br\/especiais\/especial-campanha-da-fraternidade\/\" target=\"_blank\" rel=\"noopener noreferrer\">ESPECIAL SOBRE A CAMPANHA DA FRATERNIDADE<\/a><\/p>\n<hr \/>\n<p><b><i>Ou\u00e7a a entrevista:<\/i><\/b><\/p>\n<p><iframe loading=\"lazy\" src=\"https:\/\/w.soundcloud.com\/player\/?url=https%3A\/\/api.soundcloud.com\/tracks\/590574300&amp;color=%23ff5500&amp;auto_play=false&amp;hide_related=false&amp;show_comments=true&amp;show_user=true&amp;show_reposts=false&amp;show_teaser=true\" width=\"100%\" height=\"166\" frameborder=\"no\" scrolling=\"no\"><\/iframe><\/p>\n<p><iframe loading=\"lazy\" src=\"https:\/\/w.soundcloud.com\/player\/?url=https%3A\/\/api.soundcloud.com\/tracks\/590574501&amp;color=%23ff5500&amp;auto_play=false&amp;hide_related=false&amp;show_comments=true&amp;show_user=true&amp;show_reposts=false&amp;show_teaser=true\" width=\"100%\" height=\"166\" frameborder=\"no\" scrolling=\"no\"><\/iframe><\/p>\n<hr \/>\n<p><strong>Confira todas as entrevistas: <\/strong><\/p>\n<p><strong>Tema e Lema da CF | Entrevistado:\u00a0 \u00a0 \u00a0<\/strong><strong><a href=\"https:\/\/franciscanos.org.br\/noticias\/d-leonardo-sejamos-ativos-na-construcao-de-politicas-publicas.html\">Dom Leonardo Ulrich Steiner<\/a><\/strong><\/p>\n<p style=\"padding-left: 30px;\">Bispo Auxiliar de Bras\u00edlia e secret\u00e1rio-geral da CNBB.<\/p>\n<p><strong>Conceito de Pol\u00edticas P\u00fablicas | Entrevistado: <a href=\"https:\/\/franciscanos.org.br\/noticias\/o-que-sao-e-como-funcionam-as-politicas-publicas.html\" target=\"_blank\" rel=\"noopener noreferrer\">Robert Soares do Nascimento<\/a><\/strong><\/p>\n<p style=\"padding-left: 30px;\">Agente de Pastoral, comp\u00f5e o N\u00facleo em Educa\u00e7\u00e3o e Direitos Humanos da UNISAL (Centro Universit\u00e1rio Salesiano de S\u00e3o Paulo) e participa do Grupo de Trabalho de Justi\u00e7a Restaurativa da Comarca de Americana (SP).<\/p>\n<p><strong>Pol\u00edtica como exerc\u00edcio do bem comum | Entrevistado: <a href=\"https:\/\/franciscanos.org.br\/noticias\/politica-como-exercicio-da-busca-do-bem-comum.html\" target=\"_blank\" rel=\"noopener noreferrer\">Felix Fernando Siriani<\/a><\/strong><\/p>\n<p style=\"padding-left: 30px;\">Formado em Gest\u00e3o de Pol\u00edticas P\u00fablicas, especialista em Pedagogia Social, Pastoral Escolar e mestrando em Mudan\u00e7a Social e Pol\u00edticas P\u00fablicas.<\/p>\n<p><strong>Doutrina Social da Igreja | Entrevistado: <a href=\"https:\/\/franciscanos.org.br\/noticias\/uma-boa-igreja-tem-que-ter-um-grande-amor-aos-pobres-afirma-fernando-altemeyer.html\" target=\"_blank\" rel=\"noopener noreferrer\">Prof. Dr. Fernando Altemeyer Junior<\/a><\/strong><\/p>\n<p style=\"padding-left: 30px;\">Chefe do Departamento de Ci\u00eancia da Religi\u00e3o da PUC-SP.<\/p>\n<p><strong>As a\u00e7\u00f5es e ensinamentos de Jesus como inspira\u00e7\u00e3o para pol\u00edticas em favor da cidadania |Entrevistado:\u00a0<a href=\"https:\/\/franciscanos.org.br\/noticias\/o-eixo-das-politicas-publicas-justica-paz-e-alegria.html\" target=\"_blank\" rel=\"noopener noreferrer\">Francisco Orofino<\/a><\/strong><\/p>\n<p style=\"padding-left: 30px;\">Leigo, professor de Teologia B\u00edblica em Nova Igua\u00e7u (RJ) e assessor do CEBI (Centro de Estudos B\u00edblicos) e do ISER Assessoria (Instituto de Estudos da Religi\u00e3o).<\/p>\n<p><strong>Os franciscanos e o engajamento pol\u00edtico | Entrevistado: <a href=\"https:\/\/franciscanos.org.br\/noticias\/frei-vitorio-pede-mais-indignacao-profetica.html\" target=\"_blank\" rel=\"noopener noreferrer\">Frei Vitorio Mazzuco<\/a><\/strong><\/p>\n<p style=\"padding-left: 30px;\">Mestre em espiritualidade e coordenador da Pastoral Universit\u00e1ria da USF.<\/p>\n<p><strong>A import\u00e2ncia dos Movimentos Sociais na busca do bem comum | Entrevistado: <a href=\"https:\/\/franciscanos.org.br\/noticias\/dom-guilherme-e-preciso-reanimar-os-movimentos-sociais.html\" target=\"_blank\" rel=\"noopener noreferrer\">Dom Guilherme Werlang<\/a><\/strong><\/p>\n<p style=\"padding-left: 30px;\">Bispo da Diocese de Lages (SC) e presidente da Comiss\u00e3o Episcopal Pastoral para a A\u00e7\u00e3o Social Transformadora da CNBB.<\/p>\n<p><strong>Pol\u00edticas P\u00fablicas na \u00e1rea da sa\u00fade | Entrevistado: <a href=\"https:\/\/franciscanos.org.br\/noticias\/politicas-publicas-em-favor-da-saude.html\" target=\"_blank\" rel=\"noopener noreferrer\">Fernando Pigatto <\/a><\/strong><\/p>\n<p style=\"padding-left: 30px;\">Presidente do Conselho Nacional de Sa\u00fade (CNS) e Representante da Confedera\u00e7\u00e3o Nacional das Associa\u00e7\u00f5es de Moradores (CONAM).<\/p>\n<p><strong>Pol\u00edticas P\u00fablicas na seguran\u00e7a | Entrevistado: <a href=\"https:\/\/franciscanos.org.br\/noticias\/a-seguranca-publica-precisa-da-integracao-das-instituicoes-e-da-comunidade.html\" target=\"_blank\" rel=\"noopener noreferrer\">Ricardo Bedendo<\/a><\/strong><\/p>\n<p style=\"padding-left: 30px;\">Jornalista e Mestre em Ci\u00eancias Sociais, integra o n\u00facleo de Estudos de Viol\u00eancia e Direitos Humanos da P\u00f3s-Gradua\u00e7\u00e3o em Ci\u00eancias Sociais da Universidade Federal de Juiz de Fora (UFJF).<\/p>\n<p><strong>Pol\u00edticas P\u00fablicas e Assist\u00eancia Social | Entrevistada: <a href=\"https:\/\/franciscanos.org.br\/noticias\/olhar-a-assistencia-social-como-um-direito-nao-um-favor.html\" target=\"_blank\" rel=\"noopener noreferrer\">Rosangela Pezoti<\/a><\/strong><\/p>\n<p style=\"padding-left: 30px;\">Doutora em Servi\u00e7o Social, respons\u00e1vel pelas \u00e1reas t\u00e9cnica e de articula\u00e7\u00e3o pol\u00edtica do Sefras &#8211; Servi\u00e7o Franciscano de Solidariedade.<\/p>\n<p><strong>Pol\u00edticas P\u00fablicas em favor dos negros | Entrevistado: <a href=\"https:\/\/franciscanos.org.br\/noticias\/cf-as-politicas-publicas-em-favor-dos-negros-sao-uma-conquista-de-todos.html\" target=\"_blank\" rel=\"noopener noreferrer\">Frei David Raimundo Santos<\/a><\/strong><\/p>\n<p style=\"padding-left: 30px;\">Presidente da Educafro (Educa\u00e7\u00e3o e Cidadania de Afrodescendentes e Carentes).<\/p>\n<p><strong>Import\u00e2ncia da participa\u00e7\u00e3o nos espa\u00e7os de controle social | Entrevistada: <a href=\"https:\/\/franciscanos.org.br\/noticias\/valdenia-o-controle-social-e-responsabilidade-de-toda-sociedade.html\" target=\"_blank\" rel=\"noopener noreferrer\">Vald\u00eania Paulino<\/a><\/strong><\/p>\n<p style=\"padding-left: 30px;\">Advogada, integra o Centro de Direitos Humanos de Sapopemba (SP)<\/p>\n<p><strong>Pol\u00edticas P\u00fablicas em favor dos \u00edndios e dos povos origin\u00e1rios | Entrevistado: <a href=\"https:\/\/franciscanos.org.br\/noticias\/e-preciso-lutar-para-que-nao-haja-retrocesso-nas-politicas-publicas-em-prol-dos-indigenas.html\" target=\"_blank\" rel=\"noopener noreferrer\">Egon Heck<\/a><\/strong><\/p>\n<p style=\"padding-left: 30px;\">Assessor do secretariado do Conselho Indigenista Mission\u00e1rio \u2013 Cimi.<\/p>\n<p><strong>Pol\u00edticas P\u00fablicas e Juventude | Entrevistada: <a href=\"https:\/\/franciscanos.org.br\/noticias\/por-mais-politicas-que-promovam-igualdade-de-oportunidades-entre-as-juventudes.html\" target=\"_blank\" rel=\"noopener noreferrer\">Anna Luiza Salles Souto<\/a><\/strong><\/p>\n<p style=\"padding-left: 30px;\">Coordenadora da \u00e1rea de Democracia e Participa\u00e7\u00e3o do Instituto P\u00f3lis.<\/p>\n<p><strong>Pol\u00edticas P\u00fablicas e na \u00e1rea da educa\u00e7\u00e3o | Entrevistado: <a href=\"https:\/\/franciscanos.org.br\/noticias\/a-educacao-como-um-instrumento-transformador-da-sociedade.html\" target=\"_blank\" rel=\"noopener noreferrer\">Professor Dilnei Lorenzi<\/a><\/strong><\/p>\n<p style=\"padding-left: 30px;\">Pr\u00f3-Reitor de Ensino, Pesquisa e Extens\u00e3o da Universidade S\u00e3o Francisco (USF).<\/p>\n<p><strong>Sa\u00fade e o bem comum | Entrevistado: <a href=\"https:\/\/franciscanos.org.br\/noticias\/o-papel-da-pastoral-da-saude-nas-politicas-publicas.html\" target=\"_blank\" rel=\"noopener noreferrer\">Pe. Christian de Paul de Barchifontaine<\/a><\/strong><\/p>\n<p style=\"padding-left: 30px;\">Assessor Internacional dos Camilianos na \u00c1rea da Sa\u00fade, Rela\u00e7\u00f5es P\u00fablicas das Organiza\u00e7\u00f5es Camilianas.<\/p>\n<p><strong>O exemplo concreto no Rio de Janeiro | Entrevistado: <a href=\"https:\/\/franciscanos.org.br\/noticias\/o-exemplo-concreto-do-forum-grita-baixada-no-exercicio-das-politicas-publicas.html\" target=\"_blank\" rel=\"noopener noreferrer\">Adriano de Ara\u00fajo<\/a><\/strong><\/p>\n<p style=\"padding-left: 30px;\">Soci\u00f3logo, coordenador do F\u00f3rum Grita Baixada.<\/p>\n","protected":false},"excerpt":{"rendered":"<p>S\u00e9rie Especial da Campanha da Fraternidade 2019<\/p>\n","protected":false},"author":3,"featured_media":202200,"comment_status":"open","ping_status":"open","sticky":false,"template":"","format":"standard","meta":[],"categories":[758],"tags":[818],"acf":[],"yoast_head":"<!-- This site is optimized with the Yoast SEO plugin v19.2 - https:\/\/yoast.com\/wordpress\/plugins\/seo\/ -->\n<title>Heck: &quot;Os povos ind\u00edgenas t\u00eam uma longa luta pela frente&quot; - Not\u00edcias - Franciscanos<\/title>\n<meta name=\"robots\" content=\"index, follow, max-snippet:-1, max-image-preview:large, max-video-preview:-1\" \/>\n<link rel=\"canonical\" href=\"https:\/\/franciscanos.org.br\/noticias\/e-preciso-lutar-para-que-nao-haja-retrocesso-nas-politicas-publicas-em-prol-dos-indigenas.html\" \/>\n<meta property=\"og:locale\" content=\"pt_BR\" \/>\n<meta property=\"og:type\" content=\"article\" \/>\n<meta property=\"og:title\" content=\"Heck: &quot;Os povos ind\u00edgenas t\u00eam uma longa luta pela frente&quot; - Not\u00edcias - Franciscanos\" \/>\n<meta property=\"og:description\" content=\"S\u00e9rie Especial da Campanha da Fraternidade 2019\" \/>\n<meta property=\"og:url\" content=\"https:\/\/franciscanos.org.br\/noticias\/e-preciso-lutar-para-que-nao-haja-retrocesso-nas-politicas-publicas-em-prol-dos-indigenas.html\" \/>\n<meta property=\"og:site_name\" content=\"Not\u00edcias - Franciscanos\" \/>\n<meta property=\"article:published_time\" content=\"2019-04-02T10:30:09+00:00\" \/>\n<meta property=\"article:modified_time\" content=\"2019-04-22T17:43:19+00:00\" \/>\n<meta property=\"og:image\" content=\"https:\/\/franciscanos.org.br\/noticias\/wp-content\/uploads\/2019\/04\/egon_020419dd.jpg\" \/>\n\t<meta property=\"og:image:width\" content=\"273\" \/>\n\t<meta property=\"og:image:height\" content=\"181\" \/>\n\t<meta property=\"og:image:type\" content=\"image\/jpeg\" \/>\n<meta name=\"author\" content=\"moacir\" \/>\n<meta name=\"twitter:card\" content=\"summary_large_image\" \/>\n<meta name=\"twitter:label1\" content=\"Escrito por\" \/>\n\t<meta name=\"twitter:data1\" content=\"moacir\" \/>\n\t<meta name=\"twitter:label2\" content=\"Est. tempo de leitura\" \/>\n\t<meta name=\"twitter:data2\" content=\"10 minutos\" \/>\n<script type=\"application\/ld+json\" class=\"yoast-schema-graph\">{\"@context\":\"https:\/\/schema.org\",\"@graph\":[{\"@type\":\"WebSite\",\"@id\":\"https:\/\/franciscanos.org.br\/noticias\/#website\",\"url\":\"https:\/\/franciscanos.org.br\/noticias\/\",\"name\":\"Not\u00edcias - Franciscanos\",\"description\":\"Prov\u00edncia Franciscana da Imaculada Concei\u00e7\u00e3o do Brasil - Ordem dos Frades Menores - OFM\",\"potentialAction\":[{\"@type\":\"SearchAction\",\"target\":{\"@type\":\"EntryPoint\",\"urlTemplate\":\"https:\/\/franciscanos.org.br\/noticias\/?s={search_term_string}\"},\"query-input\":\"required name=search_term_string\"}],\"inLanguage\":\"pt-BR\"},{\"@type\":\"ImageObject\",\"inLanguage\":\"pt-BR\",\"@id\":\"https:\/\/franciscanos.org.br\/noticias\/e-preciso-lutar-para-que-nao-haja-retrocesso-nas-politicas-publicas-em-prol-dos-indigenas.html#primaryimage\",\"url\":\"https:\/\/franciscanos.org.br\/noticias\/wp-content\/uploads\/2019\/04\/egon_020419dd.jpg\",\"contentUrl\":\"https:\/\/franciscanos.org.br\/noticias\/wp-content\/uploads\/2019\/04\/egon_020419dd.jpg\",\"width\":273,\"height\":181},{\"@type\":\"WebPage\",\"@id\":\"https:\/\/franciscanos.org.br\/noticias\/e-preciso-lutar-para-que-nao-haja-retrocesso-nas-politicas-publicas-em-prol-dos-indigenas.html#webpage\",\"url\":\"https:\/\/franciscanos.org.br\/noticias\/e-preciso-lutar-para-que-nao-haja-retrocesso-nas-politicas-publicas-em-prol-dos-indigenas.html\",\"name\":\"Heck: \\\"Os povos ind\u00edgenas t\u00eam uma longa luta pela frente\\\" - Not\u00edcias - Franciscanos\",\"isPartOf\":{\"@id\":\"https:\/\/franciscanos.org.br\/noticias\/#website\"},\"primaryImageOfPage\":{\"@id\":\"https:\/\/franciscanos.org.br\/noticias\/e-preciso-lutar-para-que-nao-haja-retrocesso-nas-politicas-publicas-em-prol-dos-indigenas.html#primaryimage\"},\"datePublished\":\"2019-04-02T10:30:09+00:00\",\"dateModified\":\"2019-04-22T17:43:19+00:00\",\"author\":{\"@id\":\"https:\/\/franciscanos.org.br\/noticias\/#\/schema\/person\/b5c8cba458c330ccff548b056e95a5d4\"},\"breadcrumb\":{\"@id\":\"https:\/\/franciscanos.org.br\/noticias\/e-preciso-lutar-para-que-nao-haja-retrocesso-nas-politicas-publicas-em-prol-dos-indigenas.html#breadcrumb\"},\"inLanguage\":\"pt-BR\",\"potentialAction\":[{\"@type\":\"ReadAction\",\"target\":[\"https:\/\/franciscanos.org.br\/noticias\/e-preciso-lutar-para-que-nao-haja-retrocesso-nas-politicas-publicas-em-prol-dos-indigenas.html\"]}]},{\"@type\":\"BreadcrumbList\",\"@id\":\"https:\/\/franciscanos.org.br\/noticias\/e-preciso-lutar-para-que-nao-haja-retrocesso-nas-politicas-publicas-em-prol-dos-indigenas.html#breadcrumb\",\"itemListElement\":[{\"@type\":\"ListItem\",\"position\":1,\"name\":\"Home\",\"item\":\"https:\/\/franciscanos.org.br\/noticias\"},{\"@type\":\"ListItem\",\"position\":2,\"name\":\"Heck: &#8220;Os povos ind\u00edgenas t\u00eam uma longa luta pela frente&#8221;\"}]},{\"@type\":\"Person\",\"@id\":\"https:\/\/franciscanos.org.br\/noticias\/#\/schema\/person\/b5c8cba458c330ccff548b056e95a5d4\",\"name\":\"moacir\",\"image\":{\"@type\":\"ImageObject\",\"inLanguage\":\"pt-BR\",\"@id\":\"https:\/\/franciscanos.org.br\/noticias\/#\/schema\/person\/image\/\",\"url\":\"https:\/\/secure.gravatar.com\/avatar\/d08aa2ce4c8dd416d4479aa8536fcf64?s=96&d=mm&r=g\",\"contentUrl\":\"https:\/\/secure.gravatar.com\/avatar\/d08aa2ce4c8dd416d4479aa8536fcf64?s=96&d=mm&r=g\",\"caption\":\"moacir\"},\"url\":\"https:\/\/franciscanos.org.br\/noticias\/author\/moacir\"}]}<\/script>\n<!-- \/ Yoast SEO plugin. -->","yoast_head_json":{"title":"Heck: \"Os povos ind\u00edgenas t\u00eam uma longa luta pela frente\" - Not\u00edcias - Franciscanos","robots":{"index":"index","follow":"follow","max-snippet":"max-snippet:-1","max-image-preview":"max-image-preview:large","max-video-preview":"max-video-preview:-1"},"canonical":"https:\/\/franciscanos.org.br\/noticias\/e-preciso-lutar-para-que-nao-haja-retrocesso-nas-politicas-publicas-em-prol-dos-indigenas.html","og_locale":"pt_BR","og_type":"article","og_title":"Heck: \"Os povos ind\u00edgenas t\u00eam uma longa luta pela frente\" - Not\u00edcias - Franciscanos","og_description":"S\u00e9rie Especial da Campanha da Fraternidade 2019","og_url":"https:\/\/franciscanos.org.br\/noticias\/e-preciso-lutar-para-que-nao-haja-retrocesso-nas-politicas-publicas-em-prol-dos-indigenas.html","og_site_name":"Not\u00edcias - Franciscanos","article_published_time":"2019-04-02T10:30:09+00:00","article_modified_time":"2019-04-22T17:43:19+00:00","og_image":[{"width":273,"height":181,"url":"https:\/\/franciscanos.org.br\/noticias\/wp-content\/uploads\/2019\/04\/egon_020419dd.jpg","type":"image\/jpeg"}],"author":"moacir","twitter_card":"summary_large_image","twitter_misc":{"Escrito por":"moacir","Est. tempo de leitura":"10 minutos"},"schema":{"@context":"https:\/\/schema.org","@graph":[{"@type":"WebSite","@id":"https:\/\/franciscanos.org.br\/noticias\/#website","url":"https:\/\/franciscanos.org.br\/noticias\/","name":"Not\u00edcias - Franciscanos","description":"Prov\u00edncia Franciscana da Imaculada Concei\u00e7\u00e3o do Brasil - Ordem dos Frades Menores - OFM","potentialAction":[{"@type":"SearchAction","target":{"@type":"EntryPoint","urlTemplate":"https:\/\/franciscanos.org.br\/noticias\/?s={search_term_string}"},"query-input":"required name=search_term_string"}],"inLanguage":"pt-BR"},{"@type":"ImageObject","inLanguage":"pt-BR","@id":"https:\/\/franciscanos.org.br\/noticias\/e-preciso-lutar-para-que-nao-haja-retrocesso-nas-politicas-publicas-em-prol-dos-indigenas.html#primaryimage","url":"https:\/\/franciscanos.org.br\/noticias\/wp-content\/uploads\/2019\/04\/egon_020419dd.jpg","contentUrl":"https:\/\/franciscanos.org.br\/noticias\/wp-content\/uploads\/2019\/04\/egon_020419dd.jpg","width":273,"height":181},{"@type":"WebPage","@id":"https:\/\/franciscanos.org.br\/noticias\/e-preciso-lutar-para-que-nao-haja-retrocesso-nas-politicas-publicas-em-prol-dos-indigenas.html#webpage","url":"https:\/\/franciscanos.org.br\/noticias\/e-preciso-lutar-para-que-nao-haja-retrocesso-nas-politicas-publicas-em-prol-dos-indigenas.html","name":"Heck: \"Os povos ind\u00edgenas t\u00eam uma longa luta pela frente\" - Not\u00edcias - Franciscanos","isPartOf":{"@id":"https:\/\/franciscanos.org.br\/noticias\/#website"},"primaryImageOfPage":{"@id":"https:\/\/franciscanos.org.br\/noticias\/e-preciso-lutar-para-que-nao-haja-retrocesso-nas-politicas-publicas-em-prol-dos-indigenas.html#primaryimage"},"datePublished":"2019-04-02T10:30:09+00:00","dateModified":"2019-04-22T17:43:19+00:00","author":{"@id":"https:\/\/franciscanos.org.br\/noticias\/#\/schema\/person\/b5c8cba458c330ccff548b056e95a5d4"},"breadcrumb":{"@id":"https:\/\/franciscanos.org.br\/noticias\/e-preciso-lutar-para-que-nao-haja-retrocesso-nas-politicas-publicas-em-prol-dos-indigenas.html#breadcrumb"},"inLanguage":"pt-BR","potentialAction":[{"@type":"ReadAction","target":["https:\/\/franciscanos.org.br\/noticias\/e-preciso-lutar-para-que-nao-haja-retrocesso-nas-politicas-publicas-em-prol-dos-indigenas.html"]}]},{"@type":"BreadcrumbList","@id":"https:\/\/franciscanos.org.br\/noticias\/e-preciso-lutar-para-que-nao-haja-retrocesso-nas-politicas-publicas-em-prol-dos-indigenas.html#breadcrumb","itemListElement":[{"@type":"ListItem","position":1,"name":"Home","item":"https:\/\/franciscanos.org.br\/noticias"},{"@type":"ListItem","position":2,"name":"Heck: &#8220;Os povos ind\u00edgenas t\u00eam uma longa luta pela frente&#8221;"}]},{"@type":"Person","@id":"https:\/\/franciscanos.org.br\/noticias\/#\/schema\/person\/b5c8cba458c330ccff548b056e95a5d4","name":"moacir","image":{"@type":"ImageObject","inLanguage":"pt-BR","@id":"https:\/\/franciscanos.org.br\/noticias\/#\/schema\/person\/image\/","url":"https:\/\/secure.gravatar.com\/avatar\/d08aa2ce4c8dd416d4479aa8536fcf64?s=96&d=mm&r=g","contentUrl":"https:\/\/secure.gravatar.com\/avatar\/d08aa2ce4c8dd416d4479aa8536fcf64?s=96&d=mm&r=g","caption":"moacir"},"url":"https:\/\/franciscanos.org.br\/noticias\/author\/moacir"}]}},"_links":{"self":[{"href":"https:\/\/franciscanos.org.br\/noticias\/wp-json\/wp\/v2\/posts\/202192"}],"collection":[{"href":"https:\/\/franciscanos.org.br\/noticias\/wp-json\/wp\/v2\/posts"}],"about":[{"href":"https:\/\/franciscanos.org.br\/noticias\/wp-json\/wp\/v2\/types\/post"}],"author":[{"embeddable":true,"href":"https:\/\/franciscanos.org.br\/noticias\/wp-json\/wp\/v2\/users\/3"}],"replies":[{"embeddable":true,"href":"https:\/\/franciscanos.org.br\/noticias\/wp-json\/wp\/v2\/comments?post=202192"}],"version-history":[{"count":0,"href":"https:\/\/franciscanos.org.br\/noticias\/wp-json\/wp\/v2\/posts\/202192\/revisions"}],"wp:featuredmedia":[{"embeddable":true,"href":"https:\/\/franciscanos.org.br\/noticias\/wp-json\/wp\/v2\/media\/202200"}],"wp:attachment":[{"href":"https:\/\/franciscanos.org.br\/noticias\/wp-json\/wp\/v2\/media?parent=202192"}],"wp:term":[{"taxonomy":"category","embeddable":true,"href":"https:\/\/franciscanos.org.br\/noticias\/wp-json\/wp\/v2\/categories?post=202192"},{"taxonomy":"post_tag","embeddable":true,"href":"https:\/\/franciscanos.org.br\/noticias\/wp-json\/wp\/v2\/tags?post=202192"}],"curies":[{"name":"wp","href":"https:\/\/api.w.org\/{rel}","templated":true}]}}