{"id":201960,"date":"2019-03-30T23:36:42","date_gmt":"2019-03-31T02:36:42","guid":{"rendered":"https:\/\/franciscanos.org.br\/noticias\/?p=201960"},"modified":"2019-04-01T14:49:41","modified_gmt":"2019-04-01T17:49:41","slug":"d-caetano-a-frei-roberto-o-padre-deve-ser-o-espelho-da-misericordia","status":"publish","type":"post","link":"https:\/\/franciscanos.org.br\/noticias\/d-caetano-a-frei-roberto-o-padre-deve-ser-o-espelho-da-misericordia.html","title":{"rendered":"D. Caetano a Frei Roberto: O padre deve ser o espelho da miseric\u00f3rdia"},"content":{"rendered":"<p><img loading=\"lazy\" class=\"size-full wp-image-201961 aligncenter\" src=\"https:\/\/franciscanos.org.br\/noticias\/wp-content\/uploads\/2019\/03\/roberto_300319_8.jpg\" alt=\"\" width=\"890\" height=\"577\" srcset=\"https:\/\/franciscanos.org.br\/noticias\/wp-content\/uploads\/2019\/03\/roberto_300319_8.jpg 890w, https:\/\/franciscanos.org.br\/noticias\/wp-content\/uploads\/2019\/03\/roberto_300319_8-450x292.jpg 450w, https:\/\/franciscanos.org.br\/noticias\/wp-content\/uploads\/2019\/03\/roberto_300319_8-768x498.jpg 768w, https:\/\/franciscanos.org.br\/noticias\/wp-content\/uploads\/2019\/03\/roberto_300319_8-150x97.jpg 150w\" sizes=\"(max-width: 890px) 100vw, 890px\" \/><\/p>\n<p><strong>Moacir Beggo<\/strong><\/p>\n<p><strong>\u00a0<\/strong><strong>Len\u00e7\u00f3is Paulista (SP)<\/strong> \u2013 O bispo franciscano Dom Caetano Ferrari ensinou como o neopresb\u00edtero Frei Roberto Aparecido Pereira dever\u00e1 exercer o seu minist\u00e9rio presbiteral: sendo o espelho da miseric\u00f3rdia. Foi com esta mensagem que Frei Roberto foi ordenado presb\u00edtero, neste s\u00e1bado, dia 30 de mar\u00e7o, pela imposi\u00e7\u00e3o das m\u00e3os do bispo em\u00e9rito da Diocese de Bauru, durante a Celebra\u00e7\u00e3o Eucar\u00edstica que lotou a Par\u00f3quia Cristo Ressuscitado, em Len\u00e7\u00f3is Paulista (SP), a cidade natural de Or\u00edgenes Lessa, imortal da Academia Brasileira de Letras, que ensinou aos conterr\u00e2neos a import\u00e2ncia da leitura. Desde ent\u00e3o, esta cidade ficou conhecida como a \u201cCidade do Livro\u201d.<\/p>\n<p>Al\u00e9m do povo da cidade e regi\u00e3o, dos familiares, de seus confrades, como o Definidor Frei M\u00e1rio Tagliari e os mission\u00e1rios que participaram intensamente da Semana que antecedeu a esta celebra\u00e7\u00e3o, muitos conhecidos e amigos de Frei Roberto n\u00e3o mediram esfor\u00e7os para encararem longas dist\u00e2ncias, como os de Colatina, onde Frei Roberto reside atualmente, e um \u00f4nibus de Ituporanga, em Santa Catarina, onde o ordenando residiu antes.<\/p>\n<p><img loading=\"lazy\" class=\"size-full wp-image-201962 aligncenter\" src=\"https:\/\/franciscanos.org.br\/noticias\/wp-content\/uploads\/2019\/03\/roberto_300319_6.jpg\" alt=\"\" width=\"890\" height=\"434\" srcset=\"https:\/\/franciscanos.org.br\/noticias\/wp-content\/uploads\/2019\/03\/roberto_300319_6.jpg 890w, https:\/\/franciscanos.org.br\/noticias\/wp-content\/uploads\/2019\/03\/roberto_300319_6-450x219.jpg 450w, https:\/\/franciscanos.org.br\/noticias\/wp-content\/uploads\/2019\/03\/roberto_300319_6-768x375.jpg 768w, https:\/\/franciscanos.org.br\/noticias\/wp-content\/uploads\/2019\/03\/roberto_300319_6-150x73.jpg 150w\" sizes=\"(max-width: 890px) 100vw, 890px\" \/><\/p>\n<p>Ap\u00f3s a proclama\u00e7\u00e3o do Evangelho, a convite do di\u00e1cono Frei Marx Rodrigues, o ordenando se apresentou para o Rito de elei\u00e7\u00e3o e foi confirmado pelo testemunho do Ministro Provincial, Frei C\u00e9sar K\u00fclkamp, e pela acolhida do bispo em nome da Igreja.<\/p>\n<p>Dom Caetano, ex-Ministro Provincial da Prov\u00edncia da Imaculada, fez sua reflex\u00e3o a partir da par\u00e1bola do Filho Pr\u00f3digo, que tem como protagonista um pai com seus dois filhos. Quando o filho mais novo foi embora, o pai nunca perdeu a esperan\u00e7a de rev\u00ea-lo. &#8220;Quando ele volta, o Pai, cheio de miseric\u00f3rdia, acolhe o filho pr\u00f3digo, mesmo diante das reclama\u00e7\u00f5es do filho mais velho&#8221;, lembrou o bispo, citando tamb\u00e9m da par\u00e1bola da ovelha perdida. \u00c9 como se fosse a par\u00e1bola do filho perdido que foi achado.<\/p>\n<p><img loading=\"lazy\" class=\"size-full wp-image-201963 aligncenter\" src=\"https:\/\/franciscanos.org.br\/noticias\/wp-content\/uploads\/2019\/03\/roberto_300319_5.jpg\" alt=\"\" width=\"890\" height=\"593\" srcset=\"https:\/\/franciscanos.org.br\/noticias\/wp-content\/uploads\/2019\/03\/roberto_300319_5.jpg 890w, https:\/\/franciscanos.org.br\/noticias\/wp-content\/uploads\/2019\/03\/roberto_300319_5-450x300.jpg 450w, https:\/\/franciscanos.org.br\/noticias\/wp-content\/uploads\/2019\/03\/roberto_300319_5-768x512.jpg 768w, https:\/\/franciscanos.org.br\/noticias\/wp-content\/uploads\/2019\/03\/roberto_300319_5-150x100.jpg 150w\" sizes=\"(max-width: 890px) 100vw, 890px\" \/><\/p>\n<p>Segundo o bispo, o Pai n\u00e3o condenou, nem rejeitou, somente amou. &#8220;O padre \u00e9 como o pai misericordioso que acolhe o pecador&#8221;, aconselhou Dom Caetano a Frei Roberto, que ao retornar \u00e0 Par\u00f3quia Santa Clara, em Colatina, ser\u00e1 o novo p\u00e1roco. Uma miss\u00e3o, que segundo o bispo, dever\u00e1 ser desempenhada com amor misericordioso.<\/p>\n<p>&#8220;O padre deve ser o espelho da miseric\u00f3rdia, refletir o rosto misericordioso de Cristo para com todos os pecadores&#8221;, refor\u00e7ou. Segundo o bispo, S\u00e3o Francisco deu o maior exemplo desse amor misericordioso, acolhendo a todos.<\/p>\n<p>&#8220;Voc\u00ea, como franciscano, tem o exemplo de S\u00e3o Francisco como homem misericordioso. Seja o homem da paz como S\u00e3o Francisco era&#8221;, pediu.<\/p>\n<p><img loading=\"lazy\" class=\"size-full wp-image-201964 aligncenter\" src=\"https:\/\/franciscanos.org.br\/noticias\/wp-content\/uploads\/2019\/03\/roberto_300319_2.jpg\" alt=\"\" width=\"890\" height=\"484\" srcset=\"https:\/\/franciscanos.org.br\/noticias\/wp-content\/uploads\/2019\/03\/roberto_300319_2.jpg 890w, https:\/\/franciscanos.org.br\/noticias\/wp-content\/uploads\/2019\/03\/roberto_300319_2-450x245.jpg 450w, https:\/\/franciscanos.org.br\/noticias\/wp-content\/uploads\/2019\/03\/roberto_300319_2-768x418.jpg 768w, https:\/\/franciscanos.org.br\/noticias\/wp-content\/uploads\/2019\/03\/roberto_300319_2-150x82.jpg 150w\" sizes=\"(max-width: 890px) 100vw, 890px\" \/><\/p>\n<p>Referindo-se \u00e0 segunda leitura de S\u00e3o Paulo aos Cor\u00edntios (5, 17-21), recordou que \u00e9 Deus que em Cristo reconcilia o mundo consigo, n\u00e3o levando em conta as faltas dos homens e confiando-nos a palavra da reconcilia\u00e7\u00e3o. &#8220;N\u00f3s somos, portanto, embaixadores de Cristo&#8221;, recordou o bispo, frisando que esse \u00e9 o papel de todos os crist\u00e3os.<\/p>\n<p>&#8220;Seja, ent\u00e3o, um bom franciscano para ser um bom sacerdote e seja um bom sacerdote para dar testemunho como um bom franciscano&#8221;, completou.<\/p>\n<p>Ap\u00f3s a homilia, em di\u00e1logo com Dom Caetano, Frei Roberto prometeu desempenhar a miss\u00e3o de presb\u00edtero com fidelidade, sabedoria, devo\u00e7\u00e3o e ora\u00e7\u00e3o, unindo-se cada vez mais ao Cristo, Sumo Sacerdote. Prometeu ainda obedi\u00eancia e respeito aos bispos. Logo em seguida, em sinal de humildade e rever\u00eancia, Frei Roberto prostrou-se por terra e todo o povo entoou a Ladainha de Todos os Santos para que Deus aben\u00e7oasse, santificasse e consagrasse o seu servi\u00e7o ministerial.\u00a0 ( <strong><a href=\"https:\/\/franciscanos.org.br\/vidacrista\/entenda-o-rito-da-ordenacao-presbiteral\/\">ENTENDA O RITO DE ORDENA\u00c7\u00c3O<\/a><\/strong>)<\/p>\n<p><img loading=\"lazy\" class=\"size-full wp-image-201965 aligncenter\" src=\"https:\/\/franciscanos.org.br\/noticias\/wp-content\/uploads\/2019\/03\/roberto_300319_4.jpg\" alt=\"\" width=\"890\" height=\"1335\" srcset=\"https:\/\/franciscanos.org.br\/noticias\/wp-content\/uploads\/2019\/03\/roberto_300319_4.jpg 890w, https:\/\/franciscanos.org.br\/noticias\/wp-content\/uploads\/2019\/03\/roberto_300319_4-300x450.jpg 300w, https:\/\/franciscanos.org.br\/noticias\/wp-content\/uploads\/2019\/03\/roberto_300319_4-768x1152.jpg 768w, https:\/\/franciscanos.org.br\/noticias\/wp-content\/uploads\/2019\/03\/roberto_300319_4-683x1024.jpg 683w, https:\/\/franciscanos.org.br\/noticias\/wp-content\/uploads\/2019\/03\/roberto_300319_4-150x225.jpg 150w\" sizes=\"(max-width: 890px) 100vw, 890px\" \/><\/p>\n<p><strong>PRECE DE ORDENA\u00c7\u00c3O<\/strong><\/p>\n<p>O bispo e todos os presb\u00edteros impuseram as m\u00e3os sobre Frei Roberto, a fim de que o Esp\u00edrito Santo possa iluminar e renovar o seu cora\u00e7\u00e3o no servi\u00e7o a Deus em favor de todo o povo de Deus. Terminada a ora\u00e7\u00e3o consecrat\u00f3ria, Em\u00edlio, Deilsa e F\u00e1bio trouxeram a estola e a casula, vestes que representam o trabalho assumido pelo neo-sacerdote. O p\u00e1roco Pe. Silvano Palmeira e a Irm\u00e3 F\u00e1tima, religiosa das Irm\u00e3s Franciscanas Mission\u00e1rias do Cora\u00e7\u00e3o Imaculado de Maria, ajudaram Frei Roberto a se vestir e ele, imediatamente, p\u00f4s-se de joelhos diante do bispo para que este ungisse suas m\u00e3os com o \u00d3leo do Crisma e atasse suas m\u00e3os com uma fita que foi desamarrada pelo pai Jo\u00e3o Pereira e pela m\u00e3e Santina Aparecida, que tiveram a gra\u00e7a de receber a primeira b\u00ean\u00e7\u00e3o do filho agora presb\u00edtero. Este \u00e9 um dos momentos mais emocionantes de todas as ordena\u00e7\u00f5es presbiterais e n\u00e3o foi diferente com Frei Roberto e sua fam\u00edlia.<\/p>\n<p>As oferendas do P\u00e3o e do Vinho foram trazidas pela irm\u00e3 de Frei Roberto, Luana Pereira, e o cunhado Ricardo. Depois de Frei Roberto apresentar ao povo o P\u00e3o e o Vinho, Dom Caetano o acolheu com a sauda\u00e7\u00e3o da paz e com abra\u00e7o fraterno, gesto com a qual todos os presb\u00edteros, frades e familiares tamb\u00e9m o acolheram e o parabenizaram pelo seu sim.<\/p>\n<p>A celebra\u00e7\u00e3o continuou com o ofert\u00f3rio, a ora\u00e7\u00e3o eucar\u00edstica, com a partilha do P\u00e3o e do Vinho. Logo ap\u00f3s a Ora\u00e7\u00e3o da Comunh\u00e3o, Frei Roberto foi homenageado pelos paroquianos.<img loading=\"lazy\" class=\"size-full wp-image-201966 aligncenter\" src=\"https:\/\/franciscanos.org.br\/noticias\/wp-content\/uploads\/2019\/03\/roberto_300319_10.jpg\" alt=\"\" width=\"890\" height=\"593\" srcset=\"https:\/\/franciscanos.org.br\/noticias\/wp-content\/uploads\/2019\/03\/roberto_300319_10.jpg 890w, https:\/\/franciscanos.org.br\/noticias\/wp-content\/uploads\/2019\/03\/roberto_300319_10-450x300.jpg 450w, https:\/\/franciscanos.org.br\/noticias\/wp-content\/uploads\/2019\/03\/roberto_300319_10-768x512.jpg 768w, https:\/\/franciscanos.org.br\/noticias\/wp-content\/uploads\/2019\/03\/roberto_300319_10-150x100.jpg 150w\" sizes=\"(max-width: 890px) 100vw, 890px\" \/><\/p>\n<p><strong><img loading=\"lazy\" class=\"size-full wp-image-201967 aligncenter\" src=\"https:\/\/franciscanos.org.br\/noticias\/wp-content\/uploads\/2019\/03\/roberto_300319_7.jpg\" alt=\"\" width=\"890\" height=\"593\" srcset=\"https:\/\/franciscanos.org.br\/noticias\/wp-content\/uploads\/2019\/03\/roberto_300319_7.jpg 890w, https:\/\/franciscanos.org.br\/noticias\/wp-content\/uploads\/2019\/03\/roberto_300319_7-450x300.jpg 450w, https:\/\/franciscanos.org.br\/noticias\/wp-content\/uploads\/2019\/03\/roberto_300319_7-768x512.jpg 768w, https:\/\/franciscanos.org.br\/noticias\/wp-content\/uploads\/2019\/03\/roberto_300319_7-150x100.jpg 150w\" sizes=\"(max-width: 890px) 100vw, 890px\" \/>AGRADECIMENTOS<\/strong><\/p>\n<p>Nos agradecimentos, Frei Roberto, emocionado, contou um pouco da sua hist\u00f3ria vocacional para agradecer a Deus pelo dom da vida e da voca\u00e7\u00e3o, agradecer \u00e0 fam\u00edlia, \u00e0 Prov\u00edncia Franciscana e \u00e0 Igreja, que acabara de acolh\u00ea-lo na ordem dos presb\u00edteros. N\u00e3o esqueceu dos paroquianos e de agradecer o Pe. Silvano. Contou que o bispo Dom Caetano prontamente o aceitou orden\u00e1-lo.<\/p>\n<p>Frei Roberto \u00e9 o segundo dos tr\u00eas filhos de Jo\u00e3o Pereira e Santina Aparecida Leite Pereira. A fam\u00edlia de Frei Roberto \u00e9 natural de Len\u00e7\u00f3is Paulista. Seus pais o acompanharam at\u00e9 o altar neste s\u00e1bado. Junto deles, a irm\u00e3 Luana, o irm\u00e3o Leandro e a av\u00f3 Teresinha. Atualmente, ele comp\u00f5e a Fraternidade Franciscana Santo Ant\u00f4nio de Sant&#8217;Ana Galv\u00e3o, em Colatina, onde at\u00e9 hoje foi vig\u00e1rio da casa e administrador paroquial. Agora, ser\u00e1 o p\u00e1roco.<\/p>\n<p><img loading=\"lazy\" class=\"size-full wp-image-201968 aligncenter\" src=\"https:\/\/franciscanos.org.br\/noticias\/wp-content\/uploads\/2019\/03\/roberto_300319.jpg\" alt=\"\" width=\"890\" height=\"593\" srcset=\"https:\/\/franciscanos.org.br\/noticias\/wp-content\/uploads\/2019\/03\/roberto_300319.jpg 890w, https:\/\/franciscanos.org.br\/noticias\/wp-content\/uploads\/2019\/03\/roberto_300319-450x300.jpg 450w, https:\/\/franciscanos.org.br\/noticias\/wp-content\/uploads\/2019\/03\/roberto_300319-768x512.jpg 768w, https:\/\/franciscanos.org.br\/noticias\/wp-content\/uploads\/2019\/03\/roberto_300319-150x100.jpg 150w\" sizes=\"(max-width: 890px) 100vw, 890px\" \/><\/p>\n<p>O Ministro Provincial refor\u00e7ou os agradecimentos e se dirigiu especialmente \u00e0 fam\u00edlia de Frei Roberto. &#8220;Muito obrigado por esse presente t\u00e3o precioso que voc\u00eas nos deram. Ele continua com voc\u00eas. E agora n\u00e3o s\u00f3 ele, mas n\u00f3s, franciscanos, tamb\u00e9m queremos ser fam\u00edlia com voc\u00eas. N\u00f3s sempre dizemos que a m\u00e3e, o pai, os irm\u00e3os fazem parte da fraternidade. Por isso, voc\u00eas t\u00eam aqui presente uma parte dessa fam\u00edlia que ama voc\u00eas de cora\u00e7\u00e3o. Deus aben\u00e7oe muito esta querida fam\u00edlia de voc\u00eas. E uma \u00faltima palavra a Frei Roberto. Obrigado por ter escolhido ser nosso irm\u00e3o, por caminhar conosco nesses 11 anos, por ter assumido essa voca\u00e7\u00e3o franciscana e ter vivido esse tempo com tanta intensidade, como muitas pessoas deram testemunho. Muito obrigado por ser nosso irm\u00e3o! N\u00f3s, todos, seus irm\u00e3os franciscanos, estamos com voc\u00ea! Conte sempre conosco!&#8221;, disse.<\/p>\n<p>Pe. Silvano fechou os agradecimentos e garantiu que a Par\u00f3quia vai continuar sendo franciscana, como foi durante a Semana Mission\u00e1ria, quando todos aprenderam a saudar Paz e Bem. &#8220;Essa uni\u00e3o \u00e9 que vale a pena: Uma Igreja viva!&#8221;, completou, convidando a todos para uma confraterniza\u00e7\u00e3o no Sal\u00e3o Paroquial.<\/p>\n<p>Neste domingo, \u00e0s 9 horas, Frei Roberto celebra a Primeira Missa na Par\u00f3quia Cristo Ressuscitado.<\/p>\n<p><img loading=\"lazy\" class=\"size-full wp-image-201969 aligncenter\" src=\"https:\/\/franciscanos.org.br\/noticias\/wp-content\/uploads\/2019\/03\/roberto_300319_9.jpg\" alt=\"\" width=\"890\" height=\"548\" srcset=\"https:\/\/franciscanos.org.br\/noticias\/wp-content\/uploads\/2019\/03\/roberto_300319_9.jpg 890w, https:\/\/franciscanos.org.br\/noticias\/wp-content\/uploads\/2019\/03\/roberto_300319_9-450x277.jpg 450w, https:\/\/franciscanos.org.br\/noticias\/wp-content\/uploads\/2019\/03\/roberto_300319_9-768x473.jpg 768w, https:\/\/franciscanos.org.br\/noticias\/wp-content\/uploads\/2019\/03\/roberto_300319_9-150x92.jpg 150w\" sizes=\"(max-width: 890px) 100vw, 890px\" \/><\/p>\n<p>VEJA TODAS AS IMAGENS DO RITO DE ORDENA\u00c7\u00c3O E DA CELEBRA\u00c7\u00c3O EUCAR\u00cdSTICA<\/p>\n\n\t\t<style type=\"text\/css\">\n\t\t\t#gallery-1 {\n\t\t\t\tmargin: auto;\n\t\t\t}\n\t\t\t#gallery-1 .gallery-item {\n\t\t\t\tfloat: left;\n\t\t\t\tmargin-top: 10px;\n\t\t\t\ttext-align: center;\n\t\t\t\twidth: 25%;\n\t\t\t}\n\t\t\t#gallery-1 img {\n\t\t\t\tborder: 2px solid #cfcfcf;\n\t\t\t}\n\t\t\t#gallery-1 .gallery-caption {\n\t\t\t\tmargin-left: 0;\n\t\t\t}\n\t\t\t\/* see gallery_shortcode() in wp-includes\/media.php *\/\n\t\t<\/style>\n\t\t<div id='gallery-1' class='gallery galleryid-201960 gallery-columns-4 gallery-size-thumbnail'><dl class='gallery-item'>\n\t\t\t<dt class='gallery-icon landscape'>\n\t\t\t\t<a href='https:\/\/franciscanos.org.br\/noticias\/wp-content\/uploads\/2019\/03\/roberto-1.jpg'><img width=\"300\" height=\"300\" src=\"https:\/\/franciscanos.org.br\/noticias\/wp-content\/uploads\/2019\/03\/roberto-1-300x300.jpg\" class=\"attachment-thumbnail size-thumbnail\" alt=\"\" loading=\"lazy\" srcset=\"https:\/\/franciscanos.org.br\/noticias\/wp-content\/uploads\/2019\/03\/roberto-1-300x300.jpg 300w, https:\/\/franciscanos.org.br\/noticias\/wp-content\/uploads\/2019\/03\/roberto-1-400x400.jpg 400w\" sizes=\"(max-width: 300px) 100vw, 300px\" \/><\/a>\n\t\t\t<\/dt><\/dl><dl class='gallery-item'>\n\t\t\t<dt class='gallery-icon landscape'>\n\t\t\t\t<a href='https:\/\/franciscanos.org.br\/noticias\/wp-content\/uploads\/2019\/03\/roberto-2.jpg'><img width=\"300\" height=\"300\" src=\"https:\/\/franciscanos.org.br\/noticias\/wp-content\/uploads\/2019\/03\/roberto-2-300x300.jpg\" class=\"attachment-thumbnail size-thumbnail\" alt=\"\" loading=\"lazy\" srcset=\"https:\/\/franciscanos.org.br\/noticias\/wp-content\/uploads\/2019\/03\/roberto-2-300x300.jpg 300w, https:\/\/franciscanos.org.br\/noticias\/wp-content\/uploads\/2019\/03\/roberto-2-400x400.jpg 400w\" sizes=\"(max-width: 300px) 100vw, 300px\" \/><\/a>\n\t\t\t<\/dt><\/dl><dl class='gallery-item'>\n\t\t\t<dt class='gallery-icon landscape'>\n\t\t\t\t<a href='https:\/\/franciscanos.org.br\/noticias\/wp-content\/uploads\/2019\/03\/roberto-3.jpg'><img width=\"300\" height=\"300\" src=\"https:\/\/franciscanos.org.br\/noticias\/wp-content\/uploads\/2019\/03\/roberto-3-300x300.jpg\" class=\"attachment-thumbnail size-thumbnail\" alt=\"\" loading=\"lazy\" srcset=\"https:\/\/franciscanos.org.br\/noticias\/wp-content\/uploads\/2019\/03\/roberto-3-300x300.jpg 300w, https:\/\/franciscanos.org.br\/noticias\/wp-content\/uploads\/2019\/03\/roberto-3-400x400.jpg 400w\" sizes=\"(max-width: 300px) 100vw, 300px\" \/><\/a>\n\t\t\t<\/dt><\/dl><dl class='gallery-item'>\n\t\t\t<dt class='gallery-icon landscape'>\n\t\t\t\t<a href='https:\/\/franciscanos.org.br\/noticias\/wp-content\/uploads\/2019\/03\/roberto-4.jpg'><img width=\"300\" height=\"300\" src=\"https:\/\/franciscanos.org.br\/noticias\/wp-content\/uploads\/2019\/03\/roberto-4-300x300.jpg\" class=\"attachment-thumbnail size-thumbnail\" alt=\"\" loading=\"lazy\" srcset=\"https:\/\/franciscanos.org.br\/noticias\/wp-content\/uploads\/2019\/03\/roberto-4-300x300.jpg 300w, https:\/\/franciscanos.org.br\/noticias\/wp-content\/uploads\/2019\/03\/roberto-4-400x400.jpg 400w\" sizes=\"(max-width: 300px) 100vw, 300px\" \/><\/a>\n\t\t\t<\/dt><\/dl><br style=\"clear: both\" \/><dl class='gallery-item'>\n\t\t\t<dt class='gallery-icon landscape'>\n\t\t\t\t<a href='https:\/\/franciscanos.org.br\/noticias\/wp-content\/uploads\/2019\/03\/roberto-5.jpg'><img width=\"300\" height=\"300\" src=\"https:\/\/franciscanos.org.br\/noticias\/wp-content\/uploads\/2019\/03\/roberto-5-300x300.jpg\" class=\"attachment-thumbnail size-thumbnail\" alt=\"\" loading=\"lazy\" srcset=\"https:\/\/franciscanos.org.br\/noticias\/wp-content\/uploads\/2019\/03\/roberto-5-300x300.jpg 300w, https:\/\/franciscanos.org.br\/noticias\/wp-content\/uploads\/2019\/03\/roberto-5-400x400.jpg 400w\" sizes=\"(max-width: 300px) 100vw, 300px\" \/><\/a>\n\t\t\t<\/dt><\/dl><dl class='gallery-item'>\n\t\t\t<dt class='gallery-icon landscape'>\n\t\t\t\t<a href='https:\/\/franciscanos.org.br\/noticias\/wp-content\/uploads\/2019\/03\/roberto-6.jpg'><img width=\"300\" height=\"300\" src=\"https:\/\/franciscanos.org.br\/noticias\/wp-content\/uploads\/2019\/03\/roberto-6-300x300.jpg\" class=\"attachment-thumbnail size-thumbnail\" alt=\"\" loading=\"lazy\" srcset=\"https:\/\/franciscanos.org.br\/noticias\/wp-content\/uploads\/2019\/03\/roberto-6-300x300.jpg 300w, https:\/\/franciscanos.org.br\/noticias\/wp-content\/uploads\/2019\/03\/roberto-6-400x400.jpg 400w\" sizes=\"(max-width: 300px) 100vw, 300px\" \/><\/a>\n\t\t\t<\/dt><\/dl><dl class='gallery-item'>\n\t\t\t<dt class='gallery-icon landscape'>\n\t\t\t\t<a href='https:\/\/franciscanos.org.br\/noticias\/wp-content\/uploads\/2019\/03\/roberto-7.jpg'><img width=\"300\" height=\"300\" src=\"https:\/\/franciscanos.org.br\/noticias\/wp-content\/uploads\/2019\/03\/roberto-7-300x300.jpg\" class=\"attachment-thumbnail size-thumbnail\" alt=\"\" loading=\"lazy\" srcset=\"https:\/\/franciscanos.org.br\/noticias\/wp-content\/uploads\/2019\/03\/roberto-7-300x300.jpg 300w, https:\/\/franciscanos.org.br\/noticias\/wp-content\/uploads\/2019\/03\/roberto-7-400x400.jpg 400w\" sizes=\"(max-width: 300px) 100vw, 300px\" \/><\/a>\n\t\t\t<\/dt><\/dl><dl class='gallery-item'>\n\t\t\t<dt class='gallery-icon landscape'>\n\t\t\t\t<a href='https:\/\/franciscanos.org.br\/noticias\/wp-content\/uploads\/2019\/03\/roberto-8.jpg'><img width=\"300\" height=\"300\" src=\"https:\/\/franciscanos.org.br\/noticias\/wp-content\/uploads\/2019\/03\/roberto-8-300x300.jpg\" class=\"attachment-thumbnail size-thumbnail\" alt=\"\" loading=\"lazy\" srcset=\"https:\/\/franciscanos.org.br\/noticias\/wp-content\/uploads\/2019\/03\/roberto-8-300x300.jpg 300w, https:\/\/franciscanos.org.br\/noticias\/wp-content\/uploads\/2019\/03\/roberto-8-400x400.jpg 400w\" sizes=\"(max-width: 300px) 100vw, 300px\" \/><\/a>\n\t\t\t<\/dt><\/dl><br style=\"clear: both\" \/><dl class='gallery-item'>\n\t\t\t<dt class='gallery-icon landscape'>\n\t\t\t\t<a href='https:\/\/franciscanos.org.br\/noticias\/wp-content\/uploads\/2019\/03\/roberto-9.jpg'><img width=\"300\" height=\"300\" src=\"https:\/\/franciscanos.org.br\/noticias\/wp-content\/uploads\/2019\/03\/roberto-9-300x300.jpg\" class=\"attachment-thumbnail size-thumbnail\" alt=\"\" loading=\"lazy\" srcset=\"https:\/\/franciscanos.org.br\/noticias\/wp-content\/uploads\/2019\/03\/roberto-9-300x300.jpg 300w, https:\/\/franciscanos.org.br\/noticias\/wp-content\/uploads\/2019\/03\/roberto-9-400x400.jpg 400w\" sizes=\"(max-width: 300px) 100vw, 300px\" \/><\/a>\n\t\t\t<\/dt><\/dl><dl class='gallery-item'>\n\t\t\t<dt class='gallery-icon landscape'>\n\t\t\t\t<a href='https:\/\/franciscanos.org.br\/noticias\/wp-content\/uploads\/2019\/03\/roberto-10.jpg'><img width=\"300\" height=\"300\" src=\"https:\/\/franciscanos.org.br\/noticias\/wp-content\/uploads\/2019\/03\/roberto-10-300x300.jpg\" class=\"attachment-thumbnail size-thumbnail\" alt=\"\" loading=\"lazy\" srcset=\"https:\/\/franciscanos.org.br\/noticias\/wp-content\/uploads\/2019\/03\/roberto-10-300x300.jpg 300w, https:\/\/franciscanos.org.br\/noticias\/wp-content\/uploads\/2019\/03\/roberto-10-400x400.jpg 400w\" sizes=\"(max-width: 300px) 100vw, 300px\" \/><\/a>\n\t\t\t<\/dt><\/dl><dl class='gallery-item'>\n\t\t\t<dt class='gallery-icon landscape'>\n\t\t\t\t<a href='https:\/\/franciscanos.org.br\/noticias\/wp-content\/uploads\/2019\/03\/roberto-11.jpg'><img width=\"300\" height=\"300\" src=\"https:\/\/franciscanos.org.br\/noticias\/wp-content\/uploads\/2019\/03\/roberto-11-300x300.jpg\" class=\"attachment-thumbnail size-thumbnail\" alt=\"\" loading=\"lazy\" srcset=\"https:\/\/franciscanos.org.br\/noticias\/wp-content\/uploads\/2019\/03\/roberto-11-300x300.jpg 300w, https:\/\/franciscanos.org.br\/noticias\/wp-content\/uploads\/2019\/03\/roberto-11-400x400.jpg 400w\" sizes=\"(max-width: 300px) 100vw, 300px\" \/><\/a>\n\t\t\t<\/dt><\/dl><dl class='gallery-item'>\n\t\t\t<dt class='gallery-icon landscape'>\n\t\t\t\t<a href='https:\/\/franciscanos.org.br\/noticias\/wp-content\/uploads\/2019\/03\/roberto-12.jpg'><img width=\"300\" height=\"300\" src=\"https:\/\/franciscanos.org.br\/noticias\/wp-content\/uploads\/2019\/03\/roberto-12-300x300.jpg\" class=\"attachment-thumbnail size-thumbnail\" alt=\"\" loading=\"lazy\" srcset=\"https:\/\/franciscanos.org.br\/noticias\/wp-content\/uploads\/2019\/03\/roberto-12-300x300.jpg 300w, https:\/\/franciscanos.org.br\/noticias\/wp-content\/uploads\/2019\/03\/roberto-12-400x400.jpg 400w\" sizes=\"(max-width: 300px) 100vw, 300px\" \/><\/a>\n\t\t\t<\/dt><\/dl><br style=\"clear: both\" \/><dl class='gallery-item'>\n\t\t\t<dt class='gallery-icon landscape'>\n\t\t\t\t<a href='https:\/\/franciscanos.org.br\/noticias\/wp-content\/uploads\/2019\/03\/roberto-13.jpg'><img width=\"300\" height=\"300\" src=\"https:\/\/franciscanos.org.br\/noticias\/wp-content\/uploads\/2019\/03\/roberto-13-300x300.jpg\" class=\"attachment-thumbnail size-thumbnail\" alt=\"\" loading=\"lazy\" srcset=\"https:\/\/franciscanos.org.br\/noticias\/wp-content\/uploads\/2019\/03\/roberto-13-300x300.jpg 300w, https:\/\/franciscanos.org.br\/noticias\/wp-content\/uploads\/2019\/03\/roberto-13-400x400.jpg 400w\" sizes=\"(max-width: 300px) 100vw, 300px\" \/><\/a>\n\t\t\t<\/dt><\/dl><dl class='gallery-item'>\n\t\t\t<dt class='gallery-icon landscape'>\n\t\t\t\t<a href='https:\/\/franciscanos.org.br\/noticias\/wp-content\/uploads\/2019\/03\/roberto-14.jpg'><img width=\"300\" height=\"300\" src=\"https:\/\/franciscanos.org.br\/noticias\/wp-content\/uploads\/2019\/03\/roberto-14-300x300.jpg\" class=\"attachment-thumbnail size-thumbnail\" alt=\"\" loading=\"lazy\" srcset=\"https:\/\/franciscanos.org.br\/noticias\/wp-content\/uploads\/2019\/03\/roberto-14-300x300.jpg 300w, https:\/\/franciscanos.org.br\/noticias\/wp-content\/uploads\/2019\/03\/roberto-14-400x400.jpg 400w\" sizes=\"(max-width: 300px) 100vw, 300px\" \/><\/a>\n\t\t\t<\/dt><\/dl><dl class='gallery-item'>\n\t\t\t<dt class='gallery-icon landscape'>\n\t\t\t\t<a href='https:\/\/franciscanos.org.br\/noticias\/wp-content\/uploads\/2019\/03\/roberto-15.jpg'><img width=\"300\" height=\"300\" src=\"https:\/\/franciscanos.org.br\/noticias\/wp-content\/uploads\/2019\/03\/roberto-15-300x300.jpg\" class=\"attachment-thumbnail size-thumbnail\" alt=\"\" loading=\"lazy\" srcset=\"https:\/\/franciscanos.org.br\/noticias\/wp-content\/uploads\/2019\/03\/roberto-15-300x300.jpg 300w, https:\/\/franciscanos.org.br\/noticias\/wp-content\/uploads\/2019\/03\/roberto-15-400x400.jpg 400w\" sizes=\"(max-width: 300px) 100vw, 300px\" \/><\/a>\n\t\t\t<\/dt><\/dl><dl class='gallery-item'>\n\t\t\t<dt class='gallery-icon landscape'>\n\t\t\t\t<a href='https:\/\/franciscanos.org.br\/noticias\/wp-content\/uploads\/2019\/03\/roberto-16.jpg'><img width=\"300\" height=\"300\" src=\"https:\/\/franciscanos.org.br\/noticias\/wp-content\/uploads\/2019\/03\/roberto-16-300x300.jpg\" class=\"attachment-thumbnail size-thumbnail\" alt=\"\" loading=\"lazy\" srcset=\"https:\/\/franciscanos.org.br\/noticias\/wp-content\/uploads\/2019\/03\/roberto-16-300x300.jpg 300w, https:\/\/franciscanos.org.br\/noticias\/wp-content\/uploads\/2019\/03\/roberto-16-400x400.jpg 400w\" sizes=\"(max-width: 300px) 100vw, 300px\" \/><\/a>\n\t\t\t<\/dt><\/dl><br style=\"clear: both\" \/><dl class='gallery-item'>\n\t\t\t<dt class='gallery-icon landscape'>\n\t\t\t\t<a href='https:\/\/franciscanos.org.br\/noticias\/wp-content\/uploads\/2019\/03\/roberto-17.jpg'><img width=\"300\" height=\"300\" src=\"https:\/\/franciscanos.org.br\/noticias\/wp-content\/uploads\/2019\/03\/roberto-17-300x300.jpg\" class=\"attachment-thumbnail size-thumbnail\" alt=\"\" loading=\"lazy\" srcset=\"https:\/\/franciscanos.org.br\/noticias\/wp-content\/uploads\/2019\/03\/roberto-17-300x300.jpg 300w, https:\/\/franciscanos.org.br\/noticias\/wp-content\/uploads\/2019\/03\/roberto-17-400x400.jpg 400w\" sizes=\"(max-width: 300px) 100vw, 300px\" \/><\/a>\n\t\t\t<\/dt><\/dl><dl class='gallery-item'>\n\t\t\t<dt class='gallery-icon landscape'>\n\t\t\t\t<a href='https:\/\/franciscanos.org.br\/noticias\/wp-content\/uploads\/2019\/03\/roberto-18.jpg'><img width=\"300\" height=\"300\" src=\"https:\/\/franciscanos.org.br\/noticias\/wp-content\/uploads\/2019\/03\/roberto-18-300x300.jpg\" class=\"attachment-thumbnail size-thumbnail\" alt=\"\" loading=\"lazy\" srcset=\"https:\/\/franciscanos.org.br\/noticias\/wp-content\/uploads\/2019\/03\/roberto-18-300x300.jpg 300w, https:\/\/franciscanos.org.br\/noticias\/wp-content\/uploads\/2019\/03\/roberto-18-400x400.jpg 400w\" sizes=\"(max-width: 300px) 100vw, 300px\" \/><\/a>\n\t\t\t<\/dt><\/dl><dl class='gallery-item'>\n\t\t\t<dt class='gallery-icon landscape'>\n\t\t\t\t<a href='https:\/\/franciscanos.org.br\/noticias\/wp-content\/uploads\/2019\/03\/roberto-19.jpg'><img width=\"300\" height=\"300\" src=\"https:\/\/franciscanos.org.br\/noticias\/wp-content\/uploads\/2019\/03\/roberto-19-300x300.jpg\" class=\"attachment-thumbnail size-thumbnail\" alt=\"\" loading=\"lazy\" srcset=\"https:\/\/franciscanos.org.br\/noticias\/wp-content\/uploads\/2019\/03\/roberto-19-300x300.jpg 300w, https:\/\/franciscanos.org.br\/noticias\/wp-content\/uploads\/2019\/03\/roberto-19-400x400.jpg 400w\" sizes=\"(max-width: 300px) 100vw, 300px\" \/><\/a>\n\t\t\t<\/dt><\/dl><dl class='gallery-item'>\n\t\t\t<dt class='gallery-icon landscape'>\n\t\t\t\t<a href='https:\/\/franciscanos.org.br\/noticias\/wp-content\/uploads\/2019\/03\/roberto-20.jpg'><img width=\"300\" height=\"300\" src=\"https:\/\/franciscanos.org.br\/noticias\/wp-content\/uploads\/2019\/03\/roberto-20-300x300.jpg\" class=\"attachment-thumbnail size-thumbnail\" alt=\"\" loading=\"lazy\" srcset=\"https:\/\/franciscanos.org.br\/noticias\/wp-content\/uploads\/2019\/03\/roberto-20-300x300.jpg 300w, https:\/\/franciscanos.org.br\/noticias\/wp-content\/uploads\/2019\/03\/roberto-20-400x400.jpg 400w\" sizes=\"(max-width: 300px) 100vw, 300px\" \/><\/a>\n\t\t\t<\/dt><\/dl><br style=\"clear: both\" \/><dl class='gallery-item'>\n\t\t\t<dt class='gallery-icon landscape'>\n\t\t\t\t<a href='https:\/\/franciscanos.org.br\/noticias\/wp-content\/uploads\/2019\/03\/roberto-21.jpg'><img width=\"300\" height=\"300\" src=\"https:\/\/franciscanos.org.br\/noticias\/wp-content\/uploads\/2019\/03\/roberto-21-300x300.jpg\" class=\"attachment-thumbnail size-thumbnail\" alt=\"\" loading=\"lazy\" srcset=\"https:\/\/franciscanos.org.br\/noticias\/wp-content\/uploads\/2019\/03\/roberto-21-300x300.jpg 300w, https:\/\/franciscanos.org.br\/noticias\/wp-content\/uploads\/2019\/03\/roberto-21-400x400.jpg 400w\" sizes=\"(max-width: 300px) 100vw, 300px\" \/><\/a>\n\t\t\t<\/dt><\/dl><dl class='gallery-item'>\n\t\t\t<dt class='gallery-icon landscape'>\n\t\t\t\t<a href='https:\/\/franciscanos.org.br\/noticias\/wp-content\/uploads\/2019\/03\/roberto-22.jpg'><img width=\"300\" height=\"300\" src=\"https:\/\/franciscanos.org.br\/noticias\/wp-content\/uploads\/2019\/03\/roberto-22-300x300.jpg\" class=\"attachment-thumbnail size-thumbnail\" alt=\"\" loading=\"lazy\" srcset=\"https:\/\/franciscanos.org.br\/noticias\/wp-content\/uploads\/2019\/03\/roberto-22-300x300.jpg 300w, https:\/\/franciscanos.org.br\/noticias\/wp-content\/uploads\/2019\/03\/roberto-22-400x400.jpg 400w\" sizes=\"(max-width: 300px) 100vw, 300px\" \/><\/a>\n\t\t\t<\/dt><\/dl><dl class='gallery-item'>\n\t\t\t<dt class='gallery-icon landscape'>\n\t\t\t\t<a href='https:\/\/franciscanos.org.br\/noticias\/wp-content\/uploads\/2019\/03\/roberto-23.jpg'><img width=\"300\" height=\"300\" src=\"https:\/\/franciscanos.org.br\/noticias\/wp-content\/uploads\/2019\/03\/roberto-23-300x300.jpg\" class=\"attachment-thumbnail size-thumbnail\" alt=\"\" loading=\"lazy\" srcset=\"https:\/\/franciscanos.org.br\/noticias\/wp-content\/uploads\/2019\/03\/roberto-23-300x300.jpg 300w, https:\/\/franciscanos.org.br\/noticias\/wp-content\/uploads\/2019\/03\/roberto-23-400x400.jpg 400w\" sizes=\"(max-width: 300px) 100vw, 300px\" \/><\/a>\n\t\t\t<\/dt><\/dl><dl class='gallery-item'>\n\t\t\t<dt class='gallery-icon landscape'>\n\t\t\t\t<a href='https:\/\/franciscanos.org.br\/noticias\/wp-content\/uploads\/2019\/03\/roberto-24.jpg'><img width=\"300\" height=\"300\" src=\"https:\/\/franciscanos.org.br\/noticias\/wp-content\/uploads\/2019\/03\/roberto-24-300x300.jpg\" class=\"attachment-thumbnail size-thumbnail\" alt=\"\" loading=\"lazy\" srcset=\"https:\/\/franciscanos.org.br\/noticias\/wp-content\/uploads\/2019\/03\/roberto-24-300x300.jpg 300w, https:\/\/franciscanos.org.br\/noticias\/wp-content\/uploads\/2019\/03\/roberto-24-400x400.jpg 400w\" sizes=\"(max-width: 300px) 100vw, 300px\" \/><\/a>\n\t\t\t<\/dt><\/dl><br style=\"clear: both\" \/><dl class='gallery-item'>\n\t\t\t<dt class='gallery-icon landscape'>\n\t\t\t\t<a href='https:\/\/franciscanos.org.br\/noticias\/wp-content\/uploads\/2019\/03\/roberto-25.jpg'><img width=\"300\" height=\"300\" src=\"https:\/\/franciscanos.org.br\/noticias\/wp-content\/uploads\/2019\/03\/roberto-25-300x300.jpg\" class=\"attachment-thumbnail size-thumbnail\" alt=\"\" loading=\"lazy\" srcset=\"https:\/\/franciscanos.org.br\/noticias\/wp-content\/uploads\/2019\/03\/roberto-25-300x300.jpg 300w, https:\/\/franciscanos.org.br\/noticias\/wp-content\/uploads\/2019\/03\/roberto-25-400x400.jpg 400w\" sizes=\"(max-width: 300px) 100vw, 300px\" \/><\/a>\n\t\t\t<\/dt><\/dl><dl class='gallery-item'>\n\t\t\t<dt class='gallery-icon landscape'>\n\t\t\t\t<a href='https:\/\/franciscanos.org.br\/noticias\/wp-content\/uploads\/2019\/03\/roberto-26.jpg'><img width=\"300\" height=\"300\" src=\"https:\/\/franciscanos.org.br\/noticias\/wp-content\/uploads\/2019\/03\/roberto-26-300x300.jpg\" class=\"attachment-thumbnail size-thumbnail\" alt=\"\" loading=\"lazy\" srcset=\"https:\/\/franciscanos.org.br\/noticias\/wp-content\/uploads\/2019\/03\/roberto-26-300x300.jpg 300w, https:\/\/franciscanos.org.br\/noticias\/wp-content\/uploads\/2019\/03\/roberto-26-400x400.jpg 400w\" sizes=\"(max-width: 300px) 100vw, 300px\" \/><\/a>\n\t\t\t<\/dt><\/dl><dl class='gallery-item'>\n\t\t\t<dt class='gallery-icon landscape'>\n\t\t\t\t<a href='https:\/\/franciscanos.org.br\/noticias\/wp-content\/uploads\/2019\/03\/roberto-27.jpg'><img width=\"300\" height=\"300\" src=\"https:\/\/franciscanos.org.br\/noticias\/wp-content\/uploads\/2019\/03\/roberto-27-300x300.jpg\" class=\"attachment-thumbnail size-thumbnail\" alt=\"\" loading=\"lazy\" srcset=\"https:\/\/franciscanos.org.br\/noticias\/wp-content\/uploads\/2019\/03\/roberto-27-300x300.jpg 300w, https:\/\/franciscanos.org.br\/noticias\/wp-content\/uploads\/2019\/03\/roberto-27-400x400.jpg 400w\" sizes=\"(max-width: 300px) 100vw, 300px\" \/><\/a>\n\t\t\t<\/dt><\/dl><dl class='gallery-item'>\n\t\t\t<dt class='gallery-icon landscape'>\n\t\t\t\t<a href='https:\/\/franciscanos.org.br\/noticias\/wp-content\/uploads\/2019\/03\/roberto-28.jpg'><img width=\"300\" height=\"300\" src=\"https:\/\/franciscanos.org.br\/noticias\/wp-content\/uploads\/2019\/03\/roberto-28-300x300.jpg\" class=\"attachment-thumbnail size-thumbnail\" alt=\"\" loading=\"lazy\" srcset=\"https:\/\/franciscanos.org.br\/noticias\/wp-content\/uploads\/2019\/03\/roberto-28-300x300.jpg 300w, https:\/\/franciscanos.org.br\/noticias\/wp-content\/uploads\/2019\/03\/roberto-28-400x400.jpg 400w\" sizes=\"(max-width: 300px) 100vw, 300px\" \/><\/a>\n\t\t\t<\/dt><\/dl><br style=\"clear: both\" \/><dl class='gallery-item'>\n\t\t\t<dt class='gallery-icon landscape'>\n\t\t\t\t<a href='https:\/\/franciscanos.org.br\/noticias\/wp-content\/uploads\/2019\/03\/roberto-29.jpg'><img width=\"300\" height=\"300\" src=\"https:\/\/franciscanos.org.br\/noticias\/wp-content\/uploads\/2019\/03\/roberto-29-300x300.jpg\" class=\"attachment-thumbnail size-thumbnail\" alt=\"\" loading=\"lazy\" srcset=\"https:\/\/franciscanos.org.br\/noticias\/wp-content\/uploads\/2019\/03\/roberto-29-300x300.jpg 300w, https:\/\/franciscanos.org.br\/noticias\/wp-content\/uploads\/2019\/03\/roberto-29-400x400.jpg 400w\" sizes=\"(max-width: 300px) 100vw, 300px\" \/><\/a>\n\t\t\t<\/dt><\/dl><dl class='gallery-item'>\n\t\t\t<dt class='gallery-icon landscape'>\n\t\t\t\t<a href='https:\/\/franciscanos.org.br\/noticias\/wp-content\/uploads\/2019\/03\/roberto-30.jpg'><img width=\"300\" height=\"300\" src=\"https:\/\/franciscanos.org.br\/noticias\/wp-content\/uploads\/2019\/03\/roberto-30-300x300.jpg\" class=\"attachment-thumbnail size-thumbnail\" alt=\"\" loading=\"lazy\" srcset=\"https:\/\/franciscanos.org.br\/noticias\/wp-content\/uploads\/2019\/03\/roberto-30-300x300.jpg 300w, https:\/\/franciscanos.org.br\/noticias\/wp-content\/uploads\/2019\/03\/roberto-30-400x400.jpg 400w\" sizes=\"(max-width: 300px) 100vw, 300px\" \/><\/a>\n\t\t\t<\/dt><\/dl><dl class='gallery-item'>\n\t\t\t<dt class='gallery-icon landscape'>\n\t\t\t\t<a href='https:\/\/franciscanos.org.br\/noticias\/wp-content\/uploads\/2019\/03\/roberto-31.jpg'><img width=\"300\" height=\"300\" src=\"https:\/\/franciscanos.org.br\/noticias\/wp-content\/uploads\/2019\/03\/roberto-31-300x300.jpg\" class=\"attachment-thumbnail size-thumbnail\" alt=\"\" loading=\"lazy\" srcset=\"https:\/\/franciscanos.org.br\/noticias\/wp-content\/uploads\/2019\/03\/roberto-31-300x300.jpg 300w, https:\/\/franciscanos.org.br\/noticias\/wp-content\/uploads\/2019\/03\/roberto-31-400x400.jpg 400w\" sizes=\"(max-width: 300px) 100vw, 300px\" \/><\/a>\n\t\t\t<\/dt><\/dl><dl class='gallery-item'>\n\t\t\t<dt class='gallery-icon landscape'>\n\t\t\t\t<a href='https:\/\/franciscanos.org.br\/noticias\/wp-content\/uploads\/2019\/03\/roberto-32.jpg'><img width=\"300\" height=\"300\" src=\"https:\/\/franciscanos.org.br\/noticias\/wp-content\/uploads\/2019\/03\/roberto-32-300x300.jpg\" class=\"attachment-thumbnail size-thumbnail\" alt=\"\" loading=\"lazy\" srcset=\"https:\/\/franciscanos.org.br\/noticias\/wp-content\/uploads\/2019\/03\/roberto-32-300x300.jpg 300w, https:\/\/franciscanos.org.br\/noticias\/wp-content\/uploads\/2019\/03\/roberto-32-400x400.jpg 400w\" sizes=\"(max-width: 300px) 100vw, 300px\" \/><\/a>\n\t\t\t<\/dt><\/dl><br style=\"clear: both\" \/><dl class='gallery-item'>\n\t\t\t<dt class='gallery-icon landscape'>\n\t\t\t\t<a href='https:\/\/franciscanos.org.br\/noticias\/wp-content\/uploads\/2019\/03\/roberto-33.jpg'><img width=\"300\" height=\"300\" src=\"https:\/\/franciscanos.org.br\/noticias\/wp-content\/uploads\/2019\/03\/roberto-33-300x300.jpg\" class=\"attachment-thumbnail size-thumbnail\" alt=\"\" loading=\"lazy\" srcset=\"https:\/\/franciscanos.org.br\/noticias\/wp-content\/uploads\/2019\/03\/roberto-33-300x300.jpg 300w, https:\/\/franciscanos.org.br\/noticias\/wp-content\/uploads\/2019\/03\/roberto-33-400x400.jpg 400w\" sizes=\"(max-width: 300px) 100vw, 300px\" \/><\/a>\n\t\t\t<\/dt><\/dl><dl class='gallery-item'>\n\t\t\t<dt class='gallery-icon portrait'>\n\t\t\t\t<a href='https:\/\/franciscanos.org.br\/noticias\/wp-content\/uploads\/2019\/03\/roberto-34.jpg'><img width=\"300\" height=\"300\" src=\"https:\/\/franciscanos.org.br\/noticias\/wp-content\/uploads\/2019\/03\/roberto-34-300x300.jpg\" class=\"attachment-thumbnail size-thumbnail\" alt=\"\" loading=\"lazy\" srcset=\"https:\/\/franciscanos.org.br\/noticias\/wp-content\/uploads\/2019\/03\/roberto-34-300x300.jpg 300w, https:\/\/franciscanos.org.br\/noticias\/wp-content\/uploads\/2019\/03\/roberto-34-400x400.jpg 400w\" sizes=\"(max-width: 300px) 100vw, 300px\" \/><\/a>\n\t\t\t<\/dt><\/dl><dl class='gallery-item'>\n\t\t\t<dt class='gallery-icon portrait'>\n\t\t\t\t<a href='https:\/\/franciscanos.org.br\/noticias\/wp-content\/uploads\/2019\/03\/roberto-35.jpg'><img width=\"300\" height=\"300\" src=\"https:\/\/franciscanos.org.br\/noticias\/wp-content\/uploads\/2019\/03\/roberto-35-300x300.jpg\" class=\"attachment-thumbnail size-thumbnail\" alt=\"\" loading=\"lazy\" srcset=\"https:\/\/franciscanos.org.br\/noticias\/wp-content\/uploads\/2019\/03\/roberto-35-300x300.jpg 300w, https:\/\/franciscanos.org.br\/noticias\/wp-content\/uploads\/2019\/03\/roberto-35-400x400.jpg 400w\" sizes=\"(max-width: 300px) 100vw, 300px\" \/><\/a>\n\t\t\t<\/dt><\/dl><dl class='gallery-item'>\n\t\t\t<dt class='gallery-icon portrait'>\n\t\t\t\t<a href='https:\/\/franciscanos.org.br\/noticias\/wp-content\/uploads\/2019\/03\/roberto-36.jpg'><img width=\"300\" height=\"300\" src=\"https:\/\/franciscanos.org.br\/noticias\/wp-content\/uploads\/2019\/03\/roberto-36-300x300.jpg\" class=\"attachment-thumbnail size-thumbnail\" alt=\"\" loading=\"lazy\" srcset=\"https:\/\/franciscanos.org.br\/noticias\/wp-content\/uploads\/2019\/03\/roberto-36-300x300.jpg 300w, https:\/\/franciscanos.org.br\/noticias\/wp-content\/uploads\/2019\/03\/roberto-36-400x400.jpg 400w\" sizes=\"(max-width: 300px) 100vw, 300px\" \/><\/a>\n\t\t\t<\/dt><\/dl><br style=\"clear: both\" \/><dl class='gallery-item'>\n\t\t\t<dt class='gallery-icon landscape'>\n\t\t\t\t<a href='https:\/\/franciscanos.org.br\/noticias\/wp-content\/uploads\/2019\/03\/roberto-37.jpg'><img width=\"300\" height=\"300\" src=\"https:\/\/franciscanos.org.br\/noticias\/wp-content\/uploads\/2019\/03\/roberto-37-300x300.jpg\" class=\"attachment-thumbnail size-thumbnail\" alt=\"\" loading=\"lazy\" srcset=\"https:\/\/franciscanos.org.br\/noticias\/wp-content\/uploads\/2019\/03\/roberto-37-300x300.jpg 300w, https:\/\/franciscanos.org.br\/noticias\/wp-content\/uploads\/2019\/03\/roberto-37-400x400.jpg 400w\" sizes=\"(max-width: 300px) 100vw, 300px\" \/><\/a>\n\t\t\t<\/dt><\/dl><dl class='gallery-item'>\n\t\t\t<dt class='gallery-icon landscape'>\n\t\t\t\t<a href='https:\/\/franciscanos.org.br\/noticias\/wp-content\/uploads\/2019\/03\/roberto-38.jpg'><img width=\"300\" height=\"300\" src=\"https:\/\/franciscanos.org.br\/noticias\/wp-content\/uploads\/2019\/03\/roberto-38-300x300.jpg\" class=\"attachment-thumbnail size-thumbnail\" alt=\"\" loading=\"lazy\" srcset=\"https:\/\/franciscanos.org.br\/noticias\/wp-content\/uploads\/2019\/03\/roberto-38-300x300.jpg 300w, https:\/\/franciscanos.org.br\/noticias\/wp-content\/uploads\/2019\/03\/roberto-38-400x400.jpg 400w\" sizes=\"(max-width: 300px) 100vw, 300px\" \/><\/a>\n\t\t\t<\/dt><\/dl><dl class='gallery-item'>\n\t\t\t<dt class='gallery-icon landscape'>\n\t\t\t\t<a href='https:\/\/franciscanos.org.br\/noticias\/wp-content\/uploads\/2019\/03\/roberto-39.jpg'><img width=\"300\" height=\"300\" src=\"https:\/\/franciscanos.org.br\/noticias\/wp-content\/uploads\/2019\/03\/roberto-39-300x300.jpg\" class=\"attachment-thumbnail size-thumbnail\" alt=\"\" loading=\"lazy\" srcset=\"https:\/\/franciscanos.org.br\/noticias\/wp-content\/uploads\/2019\/03\/roberto-39-300x300.jpg 300w, https:\/\/franciscanos.org.br\/noticias\/wp-content\/uploads\/2019\/03\/roberto-39-400x400.jpg 400w\" sizes=\"(max-width: 300px) 100vw, 300px\" \/><\/a>\n\t\t\t<\/dt><\/dl><dl class='gallery-item'>\n\t\t\t<dt class='gallery-icon landscape'>\n\t\t\t\t<a href='https:\/\/franciscanos.org.br\/noticias\/wp-content\/uploads\/2019\/03\/roberto-40.jpg'><img width=\"300\" height=\"300\" src=\"https:\/\/franciscanos.org.br\/noticias\/wp-content\/uploads\/2019\/03\/roberto-40-300x300.jpg\" class=\"attachment-thumbnail size-thumbnail\" alt=\"\" loading=\"lazy\" srcset=\"https:\/\/franciscanos.org.br\/noticias\/wp-content\/uploads\/2019\/03\/roberto-40-300x300.jpg 300w, https:\/\/franciscanos.org.br\/noticias\/wp-content\/uploads\/2019\/03\/roberto-40-400x400.jpg 400w\" sizes=\"(max-width: 300px) 100vw, 300px\" \/><\/a>\n\t\t\t<\/dt><\/dl><br style=\"clear: both\" \/><dl class='gallery-item'>\n\t\t\t<dt class='gallery-icon landscape'>\n\t\t\t\t<a href='https:\/\/franciscanos.org.br\/noticias\/wp-content\/uploads\/2019\/03\/roberto-41.jpg'><img width=\"300\" height=\"300\" src=\"https:\/\/franciscanos.org.br\/noticias\/wp-content\/uploads\/2019\/03\/roberto-41-300x300.jpg\" class=\"attachment-thumbnail size-thumbnail\" alt=\"\" loading=\"lazy\" srcset=\"https:\/\/franciscanos.org.br\/noticias\/wp-content\/uploads\/2019\/03\/roberto-41-300x300.jpg 300w, https:\/\/franciscanos.org.br\/noticias\/wp-content\/uploads\/2019\/03\/roberto-41-400x400.jpg 400w\" sizes=\"(max-width: 300px) 100vw, 300px\" \/><\/a>\n\t\t\t<\/dt><\/dl><dl class='gallery-item'>\n\t\t\t<dt class='gallery-icon landscape'>\n\t\t\t\t<a href='https:\/\/franciscanos.org.br\/noticias\/wp-content\/uploads\/2019\/03\/roberto-42.jpg'><img width=\"300\" height=\"300\" src=\"https:\/\/franciscanos.org.br\/noticias\/wp-content\/uploads\/2019\/03\/roberto-42-300x300.jpg\" class=\"attachment-thumbnail size-thumbnail\" alt=\"\" loading=\"lazy\" srcset=\"https:\/\/franciscanos.org.br\/noticias\/wp-content\/uploads\/2019\/03\/roberto-42-300x300.jpg 300w, https:\/\/franciscanos.org.br\/noticias\/wp-content\/uploads\/2019\/03\/roberto-42-400x400.jpg 400w\" sizes=\"(max-width: 300px) 100vw, 300px\" \/><\/a>\n\t\t\t<\/dt><\/dl><dl class='gallery-item'>\n\t\t\t<dt class='gallery-icon landscape'>\n\t\t\t\t<a href='https:\/\/franciscanos.org.br\/noticias\/wp-content\/uploads\/2019\/03\/roberto-43.jpg'><img width=\"300\" height=\"300\" src=\"https:\/\/franciscanos.org.br\/noticias\/wp-content\/uploads\/2019\/03\/roberto-43-300x300.jpg\" class=\"attachment-thumbnail size-thumbnail\" alt=\"\" loading=\"lazy\" srcset=\"https:\/\/franciscanos.org.br\/noticias\/wp-content\/uploads\/2019\/03\/roberto-43-300x300.jpg 300w, https:\/\/franciscanos.org.br\/noticias\/wp-content\/uploads\/2019\/03\/roberto-43-400x400.jpg 400w\" sizes=\"(max-width: 300px) 100vw, 300px\" \/><\/a>\n\t\t\t<\/dt><\/dl><dl class='gallery-item'>\n\t\t\t<dt class='gallery-icon landscape'>\n\t\t\t\t<a href='https:\/\/franciscanos.org.br\/noticias\/wp-content\/uploads\/2019\/03\/roberto-44.jpg'><img width=\"300\" height=\"300\" src=\"https:\/\/franciscanos.org.br\/noticias\/wp-content\/uploads\/2019\/03\/roberto-44-300x300.jpg\" class=\"attachment-thumbnail size-thumbnail\" alt=\"\" loading=\"lazy\" srcset=\"https:\/\/franciscanos.org.br\/noticias\/wp-content\/uploads\/2019\/03\/roberto-44-300x300.jpg 300w, https:\/\/franciscanos.org.br\/noticias\/wp-content\/uploads\/2019\/03\/roberto-44-400x400.jpg 400w\" sizes=\"(max-width: 300px) 100vw, 300px\" \/><\/a>\n\t\t\t<\/dt><\/dl><br style=\"clear: both\" \/><dl class='gallery-item'>\n\t\t\t<dt class='gallery-icon landscape'>\n\t\t\t\t<a href='https:\/\/franciscanos.org.br\/noticias\/wp-content\/uploads\/2019\/03\/roberto-45.jpg'><img width=\"300\" height=\"300\" src=\"https:\/\/franciscanos.org.br\/noticias\/wp-content\/uploads\/2019\/03\/roberto-45-300x300.jpg\" class=\"attachment-thumbnail size-thumbnail\" alt=\"\" loading=\"lazy\" srcset=\"https:\/\/franciscanos.org.br\/noticias\/wp-content\/uploads\/2019\/03\/roberto-45-300x300.jpg 300w, https:\/\/franciscanos.org.br\/noticias\/wp-content\/uploads\/2019\/03\/roberto-45-400x400.jpg 400w\" sizes=\"(max-width: 300px) 100vw, 300px\" \/><\/a>\n\t\t\t<\/dt><\/dl><dl class='gallery-item'>\n\t\t\t<dt class='gallery-icon landscape'>\n\t\t\t\t<a href='https:\/\/franciscanos.org.br\/noticias\/wp-content\/uploads\/2019\/03\/roberto-46.jpg'><img width=\"300\" height=\"300\" src=\"https:\/\/franciscanos.org.br\/noticias\/wp-content\/uploads\/2019\/03\/roberto-46-300x300.jpg\" class=\"attachment-thumbnail size-thumbnail\" alt=\"\" loading=\"lazy\" srcset=\"https:\/\/franciscanos.org.br\/noticias\/wp-content\/uploads\/2019\/03\/roberto-46-300x300.jpg 300w, https:\/\/franciscanos.org.br\/noticias\/wp-content\/uploads\/2019\/03\/roberto-46-400x400.jpg 400w\" sizes=\"(max-width: 300px) 100vw, 300px\" \/><\/a>\n\t\t\t<\/dt><\/dl><dl class='gallery-item'>\n\t\t\t<dt class='gallery-icon landscape'>\n\t\t\t\t<a href='https:\/\/franciscanos.org.br\/noticias\/wp-content\/uploads\/2019\/03\/roberto-47.jpg'><img width=\"300\" height=\"300\" src=\"https:\/\/franciscanos.org.br\/noticias\/wp-content\/uploads\/2019\/03\/roberto-47-300x300.jpg\" class=\"attachment-thumbnail size-thumbnail\" alt=\"\" loading=\"lazy\" srcset=\"https:\/\/franciscanos.org.br\/noticias\/wp-content\/uploads\/2019\/03\/roberto-47-300x300.jpg 300w, https:\/\/franciscanos.org.br\/noticias\/wp-content\/uploads\/2019\/03\/roberto-47-400x400.jpg 400w\" sizes=\"(max-width: 300px) 100vw, 300px\" \/><\/a>\n\t\t\t<\/dt><\/dl><dl class='gallery-item'>\n\t\t\t<dt class='gallery-icon landscape'>\n\t\t\t\t<a href='https:\/\/franciscanos.org.br\/noticias\/wp-content\/uploads\/2019\/03\/roberto-48.jpg'><img width=\"300\" height=\"300\" src=\"https:\/\/franciscanos.org.br\/noticias\/wp-content\/uploads\/2019\/03\/roberto-48-300x300.jpg\" class=\"attachment-thumbnail size-thumbnail\" alt=\"\" loading=\"lazy\" srcset=\"https:\/\/franciscanos.org.br\/noticias\/wp-content\/uploads\/2019\/03\/roberto-48-300x300.jpg 300w, https:\/\/franciscanos.org.br\/noticias\/wp-content\/uploads\/2019\/03\/roberto-48-400x400.jpg 400w\" sizes=\"(max-width: 300px) 100vw, 300px\" \/><\/a>\n\t\t\t<\/dt><\/dl><br style=\"clear: both\" \/><dl class='gallery-item'>\n\t\t\t<dt class='gallery-icon landscape'>\n\t\t\t\t<a href='https:\/\/franciscanos.org.br\/noticias\/wp-content\/uploads\/2019\/03\/roberto-49.jpg'><img width=\"300\" height=\"300\" src=\"https:\/\/franciscanos.org.br\/noticias\/wp-content\/uploads\/2019\/03\/roberto-49-300x300.jpg\" class=\"attachment-thumbnail size-thumbnail\" alt=\"\" loading=\"lazy\" srcset=\"https:\/\/franciscanos.org.br\/noticias\/wp-content\/uploads\/2019\/03\/roberto-49-300x300.jpg 300w, https:\/\/franciscanos.org.br\/noticias\/wp-content\/uploads\/2019\/03\/roberto-49-400x400.jpg 400w\" sizes=\"(max-width: 300px) 100vw, 300px\" \/><\/a>\n\t\t\t<\/dt><\/dl><dl class='gallery-item'>\n\t\t\t<dt class='gallery-icon landscape'>\n\t\t\t\t<a href='https:\/\/franciscanos.org.br\/noticias\/wp-content\/uploads\/2019\/03\/roberto-50.jpg'><img width=\"300\" height=\"300\" src=\"https:\/\/franciscanos.org.br\/noticias\/wp-content\/uploads\/2019\/03\/roberto-50-300x300.jpg\" class=\"attachment-thumbnail size-thumbnail\" alt=\"\" loading=\"lazy\" srcset=\"https:\/\/franciscanos.org.br\/noticias\/wp-content\/uploads\/2019\/03\/roberto-50-300x300.jpg 300w, https:\/\/franciscanos.org.br\/noticias\/wp-content\/uploads\/2019\/03\/roberto-50-400x400.jpg 400w\" sizes=\"(max-width: 300px) 100vw, 300px\" \/><\/a>\n\t\t\t<\/dt><\/dl><dl class='gallery-item'>\n\t\t\t<dt class='gallery-icon landscape'>\n\t\t\t\t<a href='https:\/\/franciscanos.org.br\/noticias\/wp-content\/uploads\/2019\/03\/roberto-51.jpg'><img width=\"300\" height=\"300\" src=\"https:\/\/franciscanos.org.br\/noticias\/wp-content\/uploads\/2019\/03\/roberto-51-300x300.jpg\" class=\"attachment-thumbnail size-thumbnail\" alt=\"\" loading=\"lazy\" srcset=\"https:\/\/franciscanos.org.br\/noticias\/wp-content\/uploads\/2019\/03\/roberto-51-300x300.jpg 300w, https:\/\/franciscanos.org.br\/noticias\/wp-content\/uploads\/2019\/03\/roberto-51-400x400.jpg 400w\" sizes=\"(max-width: 300px) 100vw, 300px\" \/><\/a>\n\t\t\t<\/dt><\/dl><dl class='gallery-item'>\n\t\t\t<dt class='gallery-icon landscape'>\n\t\t\t\t<a href='https:\/\/franciscanos.org.br\/noticias\/wp-content\/uploads\/2019\/03\/roberto-52.jpg'><img width=\"300\" height=\"300\" src=\"https:\/\/franciscanos.org.br\/noticias\/wp-content\/uploads\/2019\/03\/roberto-52-300x300.jpg\" class=\"attachment-thumbnail size-thumbnail\" alt=\"\" loading=\"lazy\" srcset=\"https:\/\/franciscanos.org.br\/noticias\/wp-content\/uploads\/2019\/03\/roberto-52-300x300.jpg 300w, https:\/\/franciscanos.org.br\/noticias\/wp-content\/uploads\/2019\/03\/roberto-52-400x400.jpg 400w\" sizes=\"(max-width: 300px) 100vw, 300px\" \/><\/a>\n\t\t\t<\/dt><\/dl><br style=\"clear: both\" \/><dl class='gallery-item'>\n\t\t\t<dt class='gallery-icon landscape'>\n\t\t\t\t<a href='https:\/\/franciscanos.org.br\/noticias\/wp-content\/uploads\/2019\/03\/roberto-53.jpg'><img width=\"300\" height=\"300\" src=\"https:\/\/franciscanos.org.br\/noticias\/wp-content\/uploads\/2019\/03\/roberto-53-300x300.jpg\" class=\"attachment-thumbnail size-thumbnail\" alt=\"\" loading=\"lazy\" srcset=\"https:\/\/franciscanos.org.br\/noticias\/wp-content\/uploads\/2019\/03\/roberto-53-300x300.jpg 300w, https:\/\/franciscanos.org.br\/noticias\/wp-content\/uploads\/2019\/03\/roberto-53-400x400.jpg 400w\" sizes=\"(max-width: 300px) 100vw, 300px\" \/><\/a>\n\t\t\t<\/dt><\/dl><dl class='gallery-item'>\n\t\t\t<dt class='gallery-icon landscape'>\n\t\t\t\t<a href='https:\/\/franciscanos.org.br\/noticias\/wp-content\/uploads\/2019\/03\/roberto-54.jpg'><img width=\"300\" height=\"300\" src=\"https:\/\/franciscanos.org.br\/noticias\/wp-content\/uploads\/2019\/03\/roberto-54-300x300.jpg\" class=\"attachment-thumbnail size-thumbnail\" alt=\"\" loading=\"lazy\" srcset=\"https:\/\/franciscanos.org.br\/noticias\/wp-content\/uploads\/2019\/03\/roberto-54-300x300.jpg 300w, https:\/\/franciscanos.org.br\/noticias\/wp-content\/uploads\/2019\/03\/roberto-54-400x400.jpg 400w\" sizes=\"(max-width: 300px) 100vw, 300px\" \/><\/a>\n\t\t\t<\/dt><\/dl><dl class='gallery-item'>\n\t\t\t<dt class='gallery-icon landscape'>\n\t\t\t\t<a href='https:\/\/franciscanos.org.br\/noticias\/wp-content\/uploads\/2019\/03\/roberto-55.jpg'><img width=\"300\" height=\"300\" src=\"https:\/\/franciscanos.org.br\/noticias\/wp-content\/uploads\/2019\/03\/roberto-55-300x300.jpg\" class=\"attachment-thumbnail size-thumbnail\" alt=\"\" loading=\"lazy\" srcset=\"https:\/\/franciscanos.org.br\/noticias\/wp-content\/uploads\/2019\/03\/roberto-55-300x300.jpg 300w, https:\/\/franciscanos.org.br\/noticias\/wp-content\/uploads\/2019\/03\/roberto-55-400x400.jpg 400w\" sizes=\"(max-width: 300px) 100vw, 300px\" \/><\/a>\n\t\t\t<\/dt><\/dl><dl class='gallery-item'>\n\t\t\t<dt class='gallery-icon landscape'>\n\t\t\t\t<a href='https:\/\/franciscanos.org.br\/noticias\/wp-content\/uploads\/2019\/03\/roberto-56.jpg'><img width=\"300\" height=\"300\" src=\"https:\/\/franciscanos.org.br\/noticias\/wp-content\/uploads\/2019\/03\/roberto-56-300x300.jpg\" class=\"attachment-thumbnail size-thumbnail\" alt=\"\" loading=\"lazy\" srcset=\"https:\/\/franciscanos.org.br\/noticias\/wp-content\/uploads\/2019\/03\/roberto-56-300x300.jpg 300w, https:\/\/franciscanos.org.br\/noticias\/wp-content\/uploads\/2019\/03\/roberto-56-400x400.jpg 400w\" sizes=\"(max-width: 300px) 100vw, 300px\" \/><\/a>\n\t\t\t<\/dt><\/dl><br style=\"clear: both\" \/><dl class='gallery-item'>\n\t\t\t<dt class='gallery-icon landscape'>\n\t\t\t\t<a href='https:\/\/franciscanos.org.br\/noticias\/wp-content\/uploads\/2019\/03\/roberto-57.jpg'><img width=\"300\" height=\"300\" src=\"https:\/\/franciscanos.org.br\/noticias\/wp-content\/uploads\/2019\/03\/roberto-57-300x300.jpg\" class=\"attachment-thumbnail size-thumbnail\" alt=\"\" loading=\"lazy\" srcset=\"https:\/\/franciscanos.org.br\/noticias\/wp-content\/uploads\/2019\/03\/roberto-57-300x300.jpg 300w, https:\/\/franciscanos.org.br\/noticias\/wp-content\/uploads\/2019\/03\/roberto-57-400x400.jpg 400w\" sizes=\"(max-width: 300px) 100vw, 300px\" \/><\/a>\n\t\t\t<\/dt><\/dl><dl class='gallery-item'>\n\t\t\t<dt class='gallery-icon landscape'>\n\t\t\t\t<a href='https:\/\/franciscanos.org.br\/noticias\/wp-content\/uploads\/2019\/03\/roberto-58.jpg'><img width=\"300\" height=\"300\" src=\"https:\/\/franciscanos.org.br\/noticias\/wp-content\/uploads\/2019\/03\/roberto-58-300x300.jpg\" class=\"attachment-thumbnail size-thumbnail\" alt=\"\" loading=\"lazy\" srcset=\"https:\/\/franciscanos.org.br\/noticias\/wp-content\/uploads\/2019\/03\/roberto-58-300x300.jpg 300w, https:\/\/franciscanos.org.br\/noticias\/wp-content\/uploads\/2019\/03\/roberto-58-400x400.jpg 400w\" sizes=\"(max-width: 300px) 100vw, 300px\" \/><\/a>\n\t\t\t<\/dt><\/dl><dl class='gallery-item'>\n\t\t\t<dt class='gallery-icon landscape'>\n\t\t\t\t<a href='https:\/\/franciscanos.org.br\/noticias\/wp-content\/uploads\/2019\/03\/roberto-59.jpg'><img width=\"300\" height=\"300\" src=\"https:\/\/franciscanos.org.br\/noticias\/wp-content\/uploads\/2019\/03\/roberto-59-300x300.jpg\" class=\"attachment-thumbnail size-thumbnail\" alt=\"\" loading=\"lazy\" srcset=\"https:\/\/franciscanos.org.br\/noticias\/wp-content\/uploads\/2019\/03\/roberto-59-300x300.jpg 300w, https:\/\/franciscanos.org.br\/noticias\/wp-content\/uploads\/2019\/03\/roberto-59-400x400.jpg 400w\" sizes=\"(max-width: 300px) 100vw, 300px\" \/><\/a>\n\t\t\t<\/dt><\/dl><dl class='gallery-item'>\n\t\t\t<dt class='gallery-icon landscape'>\n\t\t\t\t<a href='https:\/\/franciscanos.org.br\/noticias\/wp-content\/uploads\/2019\/03\/roberto-60.jpg'><img width=\"300\" height=\"300\" src=\"https:\/\/franciscanos.org.br\/noticias\/wp-content\/uploads\/2019\/03\/roberto-60-300x300.jpg\" class=\"attachment-thumbnail size-thumbnail\" alt=\"\" loading=\"lazy\" srcset=\"https:\/\/franciscanos.org.br\/noticias\/wp-content\/uploads\/2019\/03\/roberto-60-300x300.jpg 300w, https:\/\/franciscanos.org.br\/noticias\/wp-content\/uploads\/2019\/03\/roberto-60-400x400.jpg 400w\" sizes=\"(max-width: 300px) 100vw, 300px\" \/><\/a>\n\t\t\t<\/dt><\/dl><br style=\"clear: both\" \/><dl class='gallery-item'>\n\t\t\t<dt class='gallery-icon landscape'>\n\t\t\t\t<a href='https:\/\/franciscanos.org.br\/noticias\/wp-content\/uploads\/2019\/03\/roberto-61.jpg'><img width=\"300\" height=\"300\" src=\"https:\/\/franciscanos.org.br\/noticias\/wp-content\/uploads\/2019\/03\/roberto-61-300x300.jpg\" class=\"attachment-thumbnail size-thumbnail\" alt=\"\" loading=\"lazy\" srcset=\"https:\/\/franciscanos.org.br\/noticias\/wp-content\/uploads\/2019\/03\/roberto-61-300x300.jpg 300w, https:\/\/franciscanos.org.br\/noticias\/wp-content\/uploads\/2019\/03\/roberto-61-400x400.jpg 400w\" sizes=\"(max-width: 300px) 100vw, 300px\" \/><\/a>\n\t\t\t<\/dt><\/dl><dl class='gallery-item'>\n\t\t\t<dt class='gallery-icon landscape'>\n\t\t\t\t<a href='https:\/\/franciscanos.org.br\/noticias\/wp-content\/uploads\/2019\/03\/roberto-62.jpg'><img width=\"300\" height=\"300\" src=\"https:\/\/franciscanos.org.br\/noticias\/wp-content\/uploads\/2019\/03\/roberto-62-300x300.jpg\" class=\"attachment-thumbnail size-thumbnail\" alt=\"\" loading=\"lazy\" srcset=\"https:\/\/franciscanos.org.br\/noticias\/wp-content\/uploads\/2019\/03\/roberto-62-300x300.jpg 300w, https:\/\/franciscanos.org.br\/noticias\/wp-content\/uploads\/2019\/03\/roberto-62-400x400.jpg 400w\" sizes=\"(max-width: 300px) 100vw, 300px\" \/><\/a>\n\t\t\t<\/dt><\/dl><dl class='gallery-item'>\n\t\t\t<dt class='gallery-icon landscape'>\n\t\t\t\t<a href='https:\/\/franciscanos.org.br\/noticias\/wp-content\/uploads\/2019\/03\/roberto-63.jpg'><img width=\"300\" height=\"300\" src=\"https:\/\/franciscanos.org.br\/noticias\/wp-content\/uploads\/2019\/03\/roberto-63-300x300.jpg\" class=\"attachment-thumbnail size-thumbnail\" alt=\"\" loading=\"lazy\" srcset=\"https:\/\/franciscanos.org.br\/noticias\/wp-content\/uploads\/2019\/03\/roberto-63-300x300.jpg 300w, https:\/\/franciscanos.org.br\/noticias\/wp-content\/uploads\/2019\/03\/roberto-63-400x400.jpg 400w\" sizes=\"(max-width: 300px) 100vw, 300px\" \/><\/a>\n\t\t\t<\/dt><\/dl><dl class='gallery-item'>\n\t\t\t<dt class='gallery-icon landscape'>\n\t\t\t\t<a href='https:\/\/franciscanos.org.br\/noticias\/wp-content\/uploads\/2019\/03\/roberto-64.jpg'><img width=\"300\" height=\"300\" src=\"https:\/\/franciscanos.org.br\/noticias\/wp-content\/uploads\/2019\/03\/roberto-64-300x300.jpg\" class=\"attachment-thumbnail size-thumbnail\" alt=\"\" loading=\"lazy\" srcset=\"https:\/\/franciscanos.org.br\/noticias\/wp-content\/uploads\/2019\/03\/roberto-64-300x300.jpg 300w, https:\/\/franciscanos.org.br\/noticias\/wp-content\/uploads\/2019\/03\/roberto-64-400x400.jpg 400w\" sizes=\"(max-width: 300px) 100vw, 300px\" \/><\/a>\n\t\t\t<\/dt><\/dl><br style=\"clear: both\" \/><dl class='gallery-item'>\n\t\t\t<dt class='gallery-icon landscape'>\n\t\t\t\t<a href='https:\/\/franciscanos.org.br\/noticias\/wp-content\/uploads\/2019\/03\/roberto-65.jpg'><img width=\"300\" height=\"300\" src=\"https:\/\/franciscanos.org.br\/noticias\/wp-content\/uploads\/2019\/03\/roberto-65-300x300.jpg\" class=\"attachment-thumbnail size-thumbnail\" alt=\"\" loading=\"lazy\" srcset=\"https:\/\/franciscanos.org.br\/noticias\/wp-content\/uploads\/2019\/03\/roberto-65-300x300.jpg 300w, https:\/\/franciscanos.org.br\/noticias\/wp-content\/uploads\/2019\/03\/roberto-65-400x400.jpg 400w\" sizes=\"(max-width: 300px) 100vw, 300px\" \/><\/a>\n\t\t\t<\/dt><\/dl><dl class='gallery-item'>\n\t\t\t<dt class='gallery-icon landscape'>\n\t\t\t\t<a href='https:\/\/franciscanos.org.br\/noticias\/wp-content\/uploads\/2019\/03\/roberto-66.jpg'><img width=\"300\" height=\"300\" src=\"https:\/\/franciscanos.org.br\/noticias\/wp-content\/uploads\/2019\/03\/roberto-66-300x300.jpg\" class=\"attachment-thumbnail size-thumbnail\" alt=\"\" loading=\"lazy\" srcset=\"https:\/\/franciscanos.org.br\/noticias\/wp-content\/uploads\/2019\/03\/roberto-66-300x300.jpg 300w, https:\/\/franciscanos.org.br\/noticias\/wp-content\/uploads\/2019\/03\/roberto-66-400x400.jpg 400w\" sizes=\"(max-width: 300px) 100vw, 300px\" \/><\/a>\n\t\t\t<\/dt><\/dl><dl class='gallery-item'>\n\t\t\t<dt class='gallery-icon landscape'>\n\t\t\t\t<a href='https:\/\/franciscanos.org.br\/noticias\/wp-content\/uploads\/2019\/03\/roberto-67.jpg'><img width=\"300\" height=\"300\" src=\"https:\/\/franciscanos.org.br\/noticias\/wp-content\/uploads\/2019\/03\/roberto-67-300x300.jpg\" class=\"attachment-thumbnail size-thumbnail\" alt=\"\" loading=\"lazy\" srcset=\"https:\/\/franciscanos.org.br\/noticias\/wp-content\/uploads\/2019\/03\/roberto-67-300x300.jpg 300w, https:\/\/franciscanos.org.br\/noticias\/wp-content\/uploads\/2019\/03\/roberto-67-400x400.jpg 400w\" sizes=\"(max-width: 300px) 100vw, 300px\" \/><\/a>\n\t\t\t<\/dt><\/dl><dl class='gallery-item'>\n\t\t\t<dt class='gallery-icon landscape'>\n\t\t\t\t<a href='https:\/\/franciscanos.org.br\/noticias\/wp-content\/uploads\/2019\/03\/roberto-68.jpg'><img width=\"300\" height=\"300\" src=\"https:\/\/franciscanos.org.br\/noticias\/wp-content\/uploads\/2019\/03\/roberto-68-300x300.jpg\" class=\"attachment-thumbnail size-thumbnail\" alt=\"\" loading=\"lazy\" srcset=\"https:\/\/franciscanos.org.br\/noticias\/wp-content\/uploads\/2019\/03\/roberto-68-300x300.jpg 300w, https:\/\/franciscanos.org.br\/noticias\/wp-content\/uploads\/2019\/03\/roberto-68-400x400.jpg 400w\" sizes=\"(max-width: 300px) 100vw, 300px\" \/><\/a>\n\t\t\t<\/dt><\/dl><br style=\"clear: both\" \/><dl class='gallery-item'>\n\t\t\t<dt class='gallery-icon landscape'>\n\t\t\t\t<a href='https:\/\/franciscanos.org.br\/noticias\/wp-content\/uploads\/2019\/03\/roberto-69.jpg'><img width=\"300\" height=\"300\" src=\"https:\/\/franciscanos.org.br\/noticias\/wp-content\/uploads\/2019\/03\/roberto-69-300x300.jpg\" class=\"attachment-thumbnail size-thumbnail\" alt=\"\" loading=\"lazy\" srcset=\"https:\/\/franciscanos.org.br\/noticias\/wp-content\/uploads\/2019\/03\/roberto-69-300x300.jpg 300w, https:\/\/franciscanos.org.br\/noticias\/wp-content\/uploads\/2019\/03\/roberto-69-400x400.jpg 400w\" sizes=\"(max-width: 300px) 100vw, 300px\" \/><\/a>\n\t\t\t<\/dt><\/dl><dl class='gallery-item'>\n\t\t\t<dt class='gallery-icon landscape'>\n\t\t\t\t<a href='https:\/\/franciscanos.org.br\/noticias\/wp-content\/uploads\/2019\/03\/roberto-70.jpg'><img width=\"300\" height=\"300\" src=\"https:\/\/franciscanos.org.br\/noticias\/wp-content\/uploads\/2019\/03\/roberto-70-300x300.jpg\" class=\"attachment-thumbnail size-thumbnail\" alt=\"\" loading=\"lazy\" srcset=\"https:\/\/franciscanos.org.br\/noticias\/wp-content\/uploads\/2019\/03\/roberto-70-300x300.jpg 300w, https:\/\/franciscanos.org.br\/noticias\/wp-content\/uploads\/2019\/03\/roberto-70-400x400.jpg 400w\" sizes=\"(max-width: 300px) 100vw, 300px\" \/><\/a>\n\t\t\t<\/dt><\/dl><dl class='gallery-item'>\n\t\t\t<dt class='gallery-icon landscape'>\n\t\t\t\t<a href='https:\/\/franciscanos.org.br\/noticias\/wp-content\/uploads\/2019\/03\/roberto-71.jpg'><img width=\"300\" height=\"300\" src=\"https:\/\/franciscanos.org.br\/noticias\/wp-content\/uploads\/2019\/03\/roberto-71-300x300.jpg\" class=\"attachment-thumbnail size-thumbnail\" alt=\"\" loading=\"lazy\" srcset=\"https:\/\/franciscanos.org.br\/noticias\/wp-content\/uploads\/2019\/03\/roberto-71-300x300.jpg 300w, https:\/\/franciscanos.org.br\/noticias\/wp-content\/uploads\/2019\/03\/roberto-71-400x400.jpg 400w\" sizes=\"(max-width: 300px) 100vw, 300px\" \/><\/a>\n\t\t\t<\/dt><\/dl><dl class='gallery-item'>\n\t\t\t<dt class='gallery-icon landscape'>\n\t\t\t\t<a href='https:\/\/franciscanos.org.br\/noticias\/wp-content\/uploads\/2019\/03\/roberto-72.jpg'><img width=\"300\" height=\"300\" src=\"https:\/\/franciscanos.org.br\/noticias\/wp-content\/uploads\/2019\/03\/roberto-72-300x300.jpg\" class=\"attachment-thumbnail size-thumbnail\" alt=\"\" loading=\"lazy\" srcset=\"https:\/\/franciscanos.org.br\/noticias\/wp-content\/uploads\/2019\/03\/roberto-72-300x300.jpg 300w, https:\/\/franciscanos.org.br\/noticias\/wp-content\/uploads\/2019\/03\/roberto-72-400x400.jpg 400w\" sizes=\"(max-width: 300px) 100vw, 300px\" \/><\/a>\n\t\t\t<\/dt><\/dl><br style=\"clear: both\" \/><dl class='gallery-item'>\n\t\t\t<dt class='gallery-icon landscape'>\n\t\t\t\t<a href='https:\/\/franciscanos.org.br\/noticias\/wp-content\/uploads\/2019\/03\/roberto-73.jpg'><img width=\"300\" height=\"300\" src=\"https:\/\/franciscanos.org.br\/noticias\/wp-content\/uploads\/2019\/03\/roberto-73-300x300.jpg\" class=\"attachment-thumbnail size-thumbnail\" alt=\"\" loading=\"lazy\" srcset=\"https:\/\/franciscanos.org.br\/noticias\/wp-content\/uploads\/2019\/03\/roberto-73-300x300.jpg 300w, https:\/\/franciscanos.org.br\/noticias\/wp-content\/uploads\/2019\/03\/roberto-73-400x400.jpg 400w\" sizes=\"(max-width: 300px) 100vw, 300px\" \/><\/a>\n\t\t\t<\/dt><\/dl><dl class='gallery-item'>\n\t\t\t<dt class='gallery-icon landscape'>\n\t\t\t\t<a href='https:\/\/franciscanos.org.br\/noticias\/wp-content\/uploads\/2019\/03\/roberto-74.jpg'><img width=\"300\" height=\"300\" src=\"https:\/\/franciscanos.org.br\/noticias\/wp-content\/uploads\/2019\/03\/roberto-74-300x300.jpg\" class=\"attachment-thumbnail size-thumbnail\" alt=\"\" loading=\"lazy\" srcset=\"https:\/\/franciscanos.org.br\/noticias\/wp-content\/uploads\/2019\/03\/roberto-74-300x300.jpg 300w, https:\/\/franciscanos.org.br\/noticias\/wp-content\/uploads\/2019\/03\/roberto-74-400x400.jpg 400w\" sizes=\"(max-width: 300px) 100vw, 300px\" \/><\/a>\n\t\t\t<\/dt><\/dl><dl class='gallery-item'>\n\t\t\t<dt class='gallery-icon landscape'>\n\t\t\t\t<a href='https:\/\/franciscanos.org.br\/noticias\/wp-content\/uploads\/2019\/03\/roberto-75.jpg'><img width=\"300\" height=\"300\" src=\"https:\/\/franciscanos.org.br\/noticias\/wp-content\/uploads\/2019\/03\/roberto-75-300x300.jpg\" class=\"attachment-thumbnail size-thumbnail\" alt=\"\" loading=\"lazy\" srcset=\"https:\/\/franciscanos.org.br\/noticias\/wp-content\/uploads\/2019\/03\/roberto-75-300x300.jpg 300w, https:\/\/franciscanos.org.br\/noticias\/wp-content\/uploads\/2019\/03\/roberto-75-400x400.jpg 400w\" sizes=\"(max-width: 300px) 100vw, 300px\" \/><\/a>\n\t\t\t<\/dt><\/dl><dl class='gallery-item'>\n\t\t\t<dt class='gallery-icon landscape'>\n\t\t\t\t<a href='https:\/\/franciscanos.org.br\/noticias\/wp-content\/uploads\/2019\/03\/roberto-76.jpg'><img width=\"300\" height=\"300\" src=\"https:\/\/franciscanos.org.br\/noticias\/wp-content\/uploads\/2019\/03\/roberto-76-300x300.jpg\" class=\"attachment-thumbnail size-thumbnail\" alt=\"\" loading=\"lazy\" srcset=\"https:\/\/franciscanos.org.br\/noticias\/wp-content\/uploads\/2019\/03\/roberto-76-300x300.jpg 300w, https:\/\/franciscanos.org.br\/noticias\/wp-content\/uploads\/2019\/03\/roberto-76-400x400.jpg 400w\" sizes=\"(max-width: 300px) 100vw, 300px\" \/><\/a>\n\t\t\t<\/dt><\/dl><br style=\"clear: both\" \/><dl class='gallery-item'>\n\t\t\t<dt class='gallery-icon landscape'>\n\t\t\t\t<a href='https:\/\/franciscanos.org.br\/noticias\/wp-content\/uploads\/2019\/03\/roberto-77.jpg'><img width=\"300\" height=\"300\" src=\"https:\/\/franciscanos.org.br\/noticias\/wp-content\/uploads\/2019\/03\/roberto-77-300x300.jpg\" class=\"attachment-thumbnail size-thumbnail\" alt=\"\" loading=\"lazy\" srcset=\"https:\/\/franciscanos.org.br\/noticias\/wp-content\/uploads\/2019\/03\/roberto-77-300x300.jpg 300w, https:\/\/franciscanos.org.br\/noticias\/wp-content\/uploads\/2019\/03\/roberto-77-400x400.jpg 400w\" sizes=\"(max-width: 300px) 100vw, 300px\" \/><\/a>\n\t\t\t<\/dt><\/dl><dl class='gallery-item'>\n\t\t\t<dt class='gallery-icon landscape'>\n\t\t\t\t<a href='https:\/\/franciscanos.org.br\/noticias\/wp-content\/uploads\/2019\/03\/roberto-78.jpg'><img width=\"300\" height=\"300\" src=\"https:\/\/franciscanos.org.br\/noticias\/wp-content\/uploads\/2019\/03\/roberto-78-300x300.jpg\" class=\"attachment-thumbnail size-thumbnail\" alt=\"\" loading=\"lazy\" srcset=\"https:\/\/franciscanos.org.br\/noticias\/wp-content\/uploads\/2019\/03\/roberto-78-300x300.jpg 300w, https:\/\/franciscanos.org.br\/noticias\/wp-content\/uploads\/2019\/03\/roberto-78-400x400.jpg 400w\" sizes=\"(max-width: 300px) 100vw, 300px\" \/><\/a>\n\t\t\t<\/dt><\/dl><dl class='gallery-item'>\n\t\t\t<dt class='gallery-icon landscape'>\n\t\t\t\t<a href='https:\/\/franciscanos.org.br\/noticias\/wp-content\/uploads\/2019\/03\/roberto-79.jpg'><img width=\"300\" height=\"300\" src=\"https:\/\/franciscanos.org.br\/noticias\/wp-content\/uploads\/2019\/03\/roberto-79-300x300.jpg\" class=\"attachment-thumbnail size-thumbnail\" alt=\"\" loading=\"lazy\" srcset=\"https:\/\/franciscanos.org.br\/noticias\/wp-content\/uploads\/2019\/03\/roberto-79-300x300.jpg 300w, https:\/\/franciscanos.org.br\/noticias\/wp-content\/uploads\/2019\/03\/roberto-79-400x400.jpg 400w\" sizes=\"(max-width: 300px) 100vw, 300px\" \/><\/a>\n\t\t\t<\/dt><\/dl><dl class='gallery-item'>\n\t\t\t<dt class='gallery-icon landscape'>\n\t\t\t\t<a href='https:\/\/franciscanos.org.br\/noticias\/wp-content\/uploads\/2019\/03\/roberto-80.jpg'><img width=\"300\" height=\"300\" src=\"https:\/\/franciscanos.org.br\/noticias\/wp-content\/uploads\/2019\/03\/roberto-80-300x300.jpg\" class=\"attachment-thumbnail size-thumbnail\" alt=\"\" loading=\"lazy\" srcset=\"https:\/\/franciscanos.org.br\/noticias\/wp-content\/uploads\/2019\/03\/roberto-80-300x300.jpg 300w, https:\/\/franciscanos.org.br\/noticias\/wp-content\/uploads\/2019\/03\/roberto-80-400x400.jpg 400w\" sizes=\"(max-width: 300px) 100vw, 300px\" \/><\/a>\n\t\t\t<\/dt><\/dl><br style=\"clear: both\" \/><dl class='gallery-item'>\n\t\t\t<dt class='gallery-icon landscape'>\n\t\t\t\t<a href='https:\/\/franciscanos.org.br\/noticias\/wp-content\/uploads\/2019\/03\/roberto-81.jpg'><img width=\"300\" height=\"300\" src=\"https:\/\/franciscanos.org.br\/noticias\/wp-content\/uploads\/2019\/03\/roberto-81-300x300.jpg\" class=\"attachment-thumbnail size-thumbnail\" alt=\"\" loading=\"lazy\" srcset=\"https:\/\/franciscanos.org.br\/noticias\/wp-content\/uploads\/2019\/03\/roberto-81-300x300.jpg 300w, https:\/\/franciscanos.org.br\/noticias\/wp-content\/uploads\/2019\/03\/roberto-81-400x400.jpg 400w\" sizes=\"(max-width: 300px) 100vw, 300px\" \/><\/a>\n\t\t\t<\/dt><\/dl><dl class='gallery-item'>\n\t\t\t<dt class='gallery-icon landscape'>\n\t\t\t\t<a href='https:\/\/franciscanos.org.br\/noticias\/wp-content\/uploads\/2019\/03\/roberto-82.jpg'><img width=\"300\" height=\"300\" src=\"https:\/\/franciscanos.org.br\/noticias\/wp-content\/uploads\/2019\/03\/roberto-82-300x300.jpg\" class=\"attachment-thumbnail size-thumbnail\" alt=\"\" loading=\"lazy\" srcset=\"https:\/\/franciscanos.org.br\/noticias\/wp-content\/uploads\/2019\/03\/roberto-82-300x300.jpg 300w, https:\/\/franciscanos.org.br\/noticias\/wp-content\/uploads\/2019\/03\/roberto-82-400x400.jpg 400w\" sizes=\"(max-width: 300px) 100vw, 300px\" \/><\/a>\n\t\t\t<\/dt><\/dl><dl class='gallery-item'>\n\t\t\t<dt class='gallery-icon landscape'>\n\t\t\t\t<a href='https:\/\/franciscanos.org.br\/noticias\/wp-content\/uploads\/2019\/03\/roberto-83.jpg'><img width=\"300\" height=\"300\" src=\"https:\/\/franciscanos.org.br\/noticias\/wp-content\/uploads\/2019\/03\/roberto-83-300x300.jpg\" class=\"attachment-thumbnail size-thumbnail\" alt=\"\" loading=\"lazy\" srcset=\"https:\/\/franciscanos.org.br\/noticias\/wp-content\/uploads\/2019\/03\/roberto-83-300x300.jpg 300w, https:\/\/franciscanos.org.br\/noticias\/wp-content\/uploads\/2019\/03\/roberto-83-400x400.jpg 400w\" sizes=\"(max-width: 300px) 100vw, 300px\" \/><\/a>\n\t\t\t<\/dt><\/dl><dl class='gallery-item'>\n\t\t\t<dt class='gallery-icon landscape'>\n\t\t\t\t<a href='https:\/\/franciscanos.org.br\/noticias\/wp-content\/uploads\/2019\/03\/roberto-84.jpg'><img width=\"300\" height=\"300\" src=\"https:\/\/franciscanos.org.br\/noticias\/wp-content\/uploads\/2019\/03\/roberto-84-300x300.jpg\" class=\"attachment-thumbnail size-thumbnail\" alt=\"\" loading=\"lazy\" srcset=\"https:\/\/franciscanos.org.br\/noticias\/wp-content\/uploads\/2019\/03\/roberto-84-300x300.jpg 300w, https:\/\/franciscanos.org.br\/noticias\/wp-content\/uploads\/2019\/03\/roberto-84-400x400.jpg 400w\" sizes=\"(max-width: 300px) 100vw, 300px\" \/><\/a>\n\t\t\t<\/dt><\/dl><br style=\"clear: both\" \/><dl class='gallery-item'>\n\t\t\t<dt class='gallery-icon landscape'>\n\t\t\t\t<a href='https:\/\/franciscanos.org.br\/noticias\/wp-content\/uploads\/2019\/03\/roberto-85.jpg'><img width=\"300\" height=\"300\" src=\"https:\/\/franciscanos.org.br\/noticias\/wp-content\/uploads\/2019\/03\/roberto-85-300x300.jpg\" class=\"attachment-thumbnail size-thumbnail\" alt=\"\" loading=\"lazy\" srcset=\"https:\/\/franciscanos.org.br\/noticias\/wp-content\/uploads\/2019\/03\/roberto-85-300x300.jpg 300w, https:\/\/franciscanos.org.br\/noticias\/wp-content\/uploads\/2019\/03\/roberto-85-400x400.jpg 400w\" sizes=\"(max-width: 300px) 100vw, 300px\" \/><\/a>\n\t\t\t<\/dt><\/dl><dl class='gallery-item'>\n\t\t\t<dt class='gallery-icon landscape'>\n\t\t\t\t<a href='https:\/\/franciscanos.org.br\/noticias\/wp-content\/uploads\/2019\/03\/roberto-86.jpg'><img width=\"300\" height=\"300\" src=\"https:\/\/franciscanos.org.br\/noticias\/wp-content\/uploads\/2019\/03\/roberto-86-300x300.jpg\" class=\"attachment-thumbnail size-thumbnail\" alt=\"\" loading=\"lazy\" srcset=\"https:\/\/franciscanos.org.br\/noticias\/wp-content\/uploads\/2019\/03\/roberto-86-300x300.jpg 300w, https:\/\/franciscanos.org.br\/noticias\/wp-content\/uploads\/2019\/03\/roberto-86-400x400.jpg 400w\" sizes=\"(max-width: 300px) 100vw, 300px\" \/><\/a>\n\t\t\t<\/dt><\/dl><dl class='gallery-item'>\n\t\t\t<dt class='gallery-icon landscape'>\n\t\t\t\t<a href='https:\/\/franciscanos.org.br\/noticias\/wp-content\/uploads\/2019\/03\/roberto-87.jpg'><img width=\"300\" height=\"300\" src=\"https:\/\/franciscanos.org.br\/noticias\/wp-content\/uploads\/2019\/03\/roberto-87-300x300.jpg\" class=\"attachment-thumbnail size-thumbnail\" alt=\"\" loading=\"lazy\" srcset=\"https:\/\/franciscanos.org.br\/noticias\/wp-content\/uploads\/2019\/03\/roberto-87-300x300.jpg 300w, https:\/\/franciscanos.org.br\/noticias\/wp-content\/uploads\/2019\/03\/roberto-87-400x400.jpg 400w\" sizes=\"(max-width: 300px) 100vw, 300px\" \/><\/a>\n\t\t\t<\/dt><\/dl><dl class='gallery-item'>\n\t\t\t<dt class='gallery-icon landscape'>\n\t\t\t\t<a href='https:\/\/franciscanos.org.br\/noticias\/wp-content\/uploads\/2019\/03\/roberto-88.jpg'><img width=\"300\" height=\"300\" src=\"https:\/\/franciscanos.org.br\/noticias\/wp-content\/uploads\/2019\/03\/roberto-88-300x300.jpg\" class=\"attachment-thumbnail size-thumbnail\" alt=\"\" loading=\"lazy\" srcset=\"https:\/\/franciscanos.org.br\/noticias\/wp-content\/uploads\/2019\/03\/roberto-88-300x300.jpg 300w, https:\/\/franciscanos.org.br\/noticias\/wp-content\/uploads\/2019\/03\/roberto-88-400x400.jpg 400w\" sizes=\"(max-width: 300px) 100vw, 300px\" \/><\/a>\n\t\t\t<\/dt><\/dl><br style=\"clear: both\" \/>\n\t\t<\/div>\n\n","protected":false},"excerpt":{"rendered":"<p>Ordena\u00e7\u00e3o presbiteral de Frei Roberto Aparecido Pereira<\/p>\n","protected":false},"author":3,"featured_media":202058,"comment_status":"open","ping_status":"open","sticky":false,"template":"","format":"standard","meta":[],"categories":[1],"tags":[157],"acf":[],"yoast_head":"<!-- This site is optimized with the Yoast SEO plugin v19.2 - https:\/\/yoast.com\/wordpress\/plugins\/seo\/ -->\n<title>D. Caetano a Frei Roberto: O padre deve ser o espelho da miseric\u00f3rdia - Not\u00edcias - Franciscanos<\/title>\n<meta name=\"robots\" content=\"index, follow, max-snippet:-1, max-image-preview:large, max-video-preview:-1\" \/>\n<link rel=\"canonical\" href=\"https:\/\/franciscanos.org.br\/noticias\/d-caetano-a-frei-roberto-o-padre-deve-ser-o-espelho-da-misericordia.html\" \/>\n<meta property=\"og:locale\" content=\"pt_BR\" \/>\n<meta property=\"og:type\" content=\"article\" \/>\n<meta property=\"og:title\" content=\"D. Caetano a Frei Roberto: O padre deve ser o espelho da miseric\u00f3rdia - Not\u00edcias - Franciscanos\" \/>\n<meta property=\"og:description\" content=\"Ordena\u00e7\u00e3o presbiteral de Frei Roberto Aparecido Pereira\" \/>\n<meta property=\"og:url\" content=\"https:\/\/franciscanos.org.br\/noticias\/d-caetano-a-frei-roberto-o-padre-deve-ser-o-espelho-da-misericordia.html\" \/>\n<meta property=\"og:site_name\" content=\"Not\u00edcias - Franciscanos\" \/>\n<meta property=\"article:published_time\" content=\"2019-03-31T02:36:42+00:00\" \/>\n<meta property=\"article:modified_time\" content=\"2019-04-01T17:49:41+00:00\" \/>\n<meta property=\"og:image\" content=\"https:\/\/franciscanos.org.br\/noticias\/wp-content\/uploads\/2019\/03\/roberto_300319_d.jpg\" \/>\n\t<meta property=\"og:image:width\" content=\"273\" \/>\n\t<meta property=\"og:image:height\" content=\"181\" \/>\n\t<meta property=\"og:image:type\" content=\"image\/jpeg\" \/>\n<meta name=\"author\" content=\"moacir\" \/>\n<meta name=\"twitter:card\" content=\"summary_large_image\" \/>\n<meta name=\"twitter:label1\" content=\"Escrito por\" \/>\n\t<meta name=\"twitter:data1\" content=\"moacir\" \/>\n\t<meta name=\"twitter:label2\" content=\"Est. tempo de leitura\" \/>\n\t<meta name=\"twitter:data2\" content=\"7 minutos\" \/>\n<script type=\"application\/ld+json\" class=\"yoast-schema-graph\">{\"@context\":\"https:\/\/schema.org\",\"@graph\":[{\"@type\":\"WebSite\",\"@id\":\"https:\/\/franciscanos.org.br\/noticias\/#website\",\"url\":\"https:\/\/franciscanos.org.br\/noticias\/\",\"name\":\"Not\u00edcias - Franciscanos\",\"description\":\"Prov\u00edncia Franciscana da Imaculada Concei\u00e7\u00e3o do Brasil - Ordem dos Frades Menores - OFM\",\"potentialAction\":[{\"@type\":\"SearchAction\",\"target\":{\"@type\":\"EntryPoint\",\"urlTemplate\":\"https:\/\/franciscanos.org.br\/noticias\/?s={search_term_string}\"},\"query-input\":\"required name=search_term_string\"}],\"inLanguage\":\"pt-BR\"},{\"@type\":\"ImageObject\",\"inLanguage\":\"pt-BR\",\"@id\":\"https:\/\/franciscanos.org.br\/noticias\/d-caetano-a-frei-roberto-o-padre-deve-ser-o-espelho-da-misericordia.html#primaryimage\",\"url\":\"https:\/\/franciscanos.org.br\/noticias\/wp-content\/uploads\/2019\/03\/roberto_300319_d.jpg\",\"contentUrl\":\"https:\/\/franciscanos.org.br\/noticias\/wp-content\/uploads\/2019\/03\/roberto_300319_d.jpg\",\"width\":273,\"height\":181},{\"@type\":\"WebPage\",\"@id\":\"https:\/\/franciscanos.org.br\/noticias\/d-caetano-a-frei-roberto-o-padre-deve-ser-o-espelho-da-misericordia.html#webpage\",\"url\":\"https:\/\/franciscanos.org.br\/noticias\/d-caetano-a-frei-roberto-o-padre-deve-ser-o-espelho-da-misericordia.html\",\"name\":\"D. Caetano a Frei Roberto: O padre deve ser o espelho da miseric\u00f3rdia - Not\u00edcias - Franciscanos\",\"isPartOf\":{\"@id\":\"https:\/\/franciscanos.org.br\/noticias\/#website\"},\"primaryImageOfPage\":{\"@id\":\"https:\/\/franciscanos.org.br\/noticias\/d-caetano-a-frei-roberto-o-padre-deve-ser-o-espelho-da-misericordia.html#primaryimage\"},\"datePublished\":\"2019-03-31T02:36:42+00:00\",\"dateModified\":\"2019-04-01T17:49:41+00:00\",\"author\":{\"@id\":\"https:\/\/franciscanos.org.br\/noticias\/#\/schema\/person\/b5c8cba458c330ccff548b056e95a5d4\"},\"breadcrumb\":{\"@id\":\"https:\/\/franciscanos.org.br\/noticias\/d-caetano-a-frei-roberto-o-padre-deve-ser-o-espelho-da-misericordia.html#breadcrumb\"},\"inLanguage\":\"pt-BR\",\"potentialAction\":[{\"@type\":\"ReadAction\",\"target\":[\"https:\/\/franciscanos.org.br\/noticias\/d-caetano-a-frei-roberto-o-padre-deve-ser-o-espelho-da-misericordia.html\"]}]},{\"@type\":\"BreadcrumbList\",\"@id\":\"https:\/\/franciscanos.org.br\/noticias\/d-caetano-a-frei-roberto-o-padre-deve-ser-o-espelho-da-misericordia.html#breadcrumb\",\"itemListElement\":[{\"@type\":\"ListItem\",\"position\":1,\"name\":\"Home\",\"item\":\"https:\/\/franciscanos.org.br\/noticias\"},{\"@type\":\"ListItem\",\"position\":2,\"name\":\"D. Caetano a Frei Roberto: O padre deve ser o espelho da miseric\u00f3rdia\"}]},{\"@type\":\"Person\",\"@id\":\"https:\/\/franciscanos.org.br\/noticias\/#\/schema\/person\/b5c8cba458c330ccff548b056e95a5d4\",\"name\":\"moacir\",\"image\":{\"@type\":\"ImageObject\",\"inLanguage\":\"pt-BR\",\"@id\":\"https:\/\/franciscanos.org.br\/noticias\/#\/schema\/person\/image\/\",\"url\":\"https:\/\/secure.gravatar.com\/avatar\/d08aa2ce4c8dd416d4479aa8536fcf64?s=96&d=mm&r=g\",\"contentUrl\":\"https:\/\/secure.gravatar.com\/avatar\/d08aa2ce4c8dd416d4479aa8536fcf64?s=96&d=mm&r=g\",\"caption\":\"moacir\"},\"url\":\"https:\/\/franciscanos.org.br\/noticias\/author\/moacir\"}]}<\/script>\n<!-- \/ Yoast SEO plugin. -->","yoast_head_json":{"title":"D. Caetano a Frei Roberto: O padre deve ser o espelho da miseric\u00f3rdia - Not\u00edcias - Franciscanos","robots":{"index":"index","follow":"follow","max-snippet":"max-snippet:-1","max-image-preview":"max-image-preview:large","max-video-preview":"max-video-preview:-1"},"canonical":"https:\/\/franciscanos.org.br\/noticias\/d-caetano-a-frei-roberto-o-padre-deve-ser-o-espelho-da-misericordia.html","og_locale":"pt_BR","og_type":"article","og_title":"D. Caetano a Frei Roberto: O padre deve ser o espelho da miseric\u00f3rdia - Not\u00edcias - Franciscanos","og_description":"Ordena\u00e7\u00e3o presbiteral de Frei Roberto Aparecido Pereira","og_url":"https:\/\/franciscanos.org.br\/noticias\/d-caetano-a-frei-roberto-o-padre-deve-ser-o-espelho-da-misericordia.html","og_site_name":"Not\u00edcias - Franciscanos","article_published_time":"2019-03-31T02:36:42+00:00","article_modified_time":"2019-04-01T17:49:41+00:00","og_image":[{"width":273,"height":181,"url":"https:\/\/franciscanos.org.br\/noticias\/wp-content\/uploads\/2019\/03\/roberto_300319_d.jpg","type":"image\/jpeg"}],"author":"moacir","twitter_card":"summary_large_image","twitter_misc":{"Escrito por":"moacir","Est. tempo de leitura":"7 minutos"},"schema":{"@context":"https:\/\/schema.org","@graph":[{"@type":"WebSite","@id":"https:\/\/franciscanos.org.br\/noticias\/#website","url":"https:\/\/franciscanos.org.br\/noticias\/","name":"Not\u00edcias - Franciscanos","description":"Prov\u00edncia Franciscana da Imaculada Concei\u00e7\u00e3o do Brasil - Ordem dos Frades Menores - OFM","potentialAction":[{"@type":"SearchAction","target":{"@type":"EntryPoint","urlTemplate":"https:\/\/franciscanos.org.br\/noticias\/?s={search_term_string}"},"query-input":"required name=search_term_string"}],"inLanguage":"pt-BR"},{"@type":"ImageObject","inLanguage":"pt-BR","@id":"https:\/\/franciscanos.org.br\/noticias\/d-caetano-a-frei-roberto-o-padre-deve-ser-o-espelho-da-misericordia.html#primaryimage","url":"https:\/\/franciscanos.org.br\/noticias\/wp-content\/uploads\/2019\/03\/roberto_300319_d.jpg","contentUrl":"https:\/\/franciscanos.org.br\/noticias\/wp-content\/uploads\/2019\/03\/roberto_300319_d.jpg","width":273,"height":181},{"@type":"WebPage","@id":"https:\/\/franciscanos.org.br\/noticias\/d-caetano-a-frei-roberto-o-padre-deve-ser-o-espelho-da-misericordia.html#webpage","url":"https:\/\/franciscanos.org.br\/noticias\/d-caetano-a-frei-roberto-o-padre-deve-ser-o-espelho-da-misericordia.html","name":"D. Caetano a Frei Roberto: O padre deve ser o espelho da miseric\u00f3rdia - Not\u00edcias - Franciscanos","isPartOf":{"@id":"https:\/\/franciscanos.org.br\/noticias\/#website"},"primaryImageOfPage":{"@id":"https:\/\/franciscanos.org.br\/noticias\/d-caetano-a-frei-roberto-o-padre-deve-ser-o-espelho-da-misericordia.html#primaryimage"},"datePublished":"2019-03-31T02:36:42+00:00","dateModified":"2019-04-01T17:49:41+00:00","author":{"@id":"https:\/\/franciscanos.org.br\/noticias\/#\/schema\/person\/b5c8cba458c330ccff548b056e95a5d4"},"breadcrumb":{"@id":"https:\/\/franciscanos.org.br\/noticias\/d-caetano-a-frei-roberto-o-padre-deve-ser-o-espelho-da-misericordia.html#breadcrumb"},"inLanguage":"pt-BR","potentialAction":[{"@type":"ReadAction","target":["https:\/\/franciscanos.org.br\/noticias\/d-caetano-a-frei-roberto-o-padre-deve-ser-o-espelho-da-misericordia.html"]}]},{"@type":"BreadcrumbList","@id":"https:\/\/franciscanos.org.br\/noticias\/d-caetano-a-frei-roberto-o-padre-deve-ser-o-espelho-da-misericordia.html#breadcrumb","itemListElement":[{"@type":"ListItem","position":1,"name":"Home","item":"https:\/\/franciscanos.org.br\/noticias"},{"@type":"ListItem","position":2,"name":"D. Caetano a Frei Roberto: O padre deve ser o espelho da miseric\u00f3rdia"}]},{"@type":"Person","@id":"https:\/\/franciscanos.org.br\/noticias\/#\/schema\/person\/b5c8cba458c330ccff548b056e95a5d4","name":"moacir","image":{"@type":"ImageObject","inLanguage":"pt-BR","@id":"https:\/\/franciscanos.org.br\/noticias\/#\/schema\/person\/image\/","url":"https:\/\/secure.gravatar.com\/avatar\/d08aa2ce4c8dd416d4479aa8536fcf64?s=96&d=mm&r=g","contentUrl":"https:\/\/secure.gravatar.com\/avatar\/d08aa2ce4c8dd416d4479aa8536fcf64?s=96&d=mm&r=g","caption":"moacir"},"url":"https:\/\/franciscanos.org.br\/noticias\/author\/moacir"}]}},"_links":{"self":[{"href":"https:\/\/franciscanos.org.br\/noticias\/wp-json\/wp\/v2\/posts\/201960"}],"collection":[{"href":"https:\/\/franciscanos.org.br\/noticias\/wp-json\/wp\/v2\/posts"}],"about":[{"href":"https:\/\/franciscanos.org.br\/noticias\/wp-json\/wp\/v2\/types\/post"}],"author":[{"embeddable":true,"href":"https:\/\/franciscanos.org.br\/noticias\/wp-json\/wp\/v2\/users\/3"}],"replies":[{"embeddable":true,"href":"https:\/\/franciscanos.org.br\/noticias\/wp-json\/wp\/v2\/comments?post=201960"}],"version-history":[{"count":0,"href":"https:\/\/franciscanos.org.br\/noticias\/wp-json\/wp\/v2\/posts\/201960\/revisions"}],"wp:featuredmedia":[{"embeddable":true,"href":"https:\/\/franciscanos.org.br\/noticias\/wp-json\/wp\/v2\/media\/202058"}],"wp:attachment":[{"href":"https:\/\/franciscanos.org.br\/noticias\/wp-json\/wp\/v2\/media?parent=201960"}],"wp:term":[{"taxonomy":"category","embeddable":true,"href":"https:\/\/franciscanos.org.br\/noticias\/wp-json\/wp\/v2\/categories?post=201960"},{"taxonomy":"post_tag","embeddable":true,"href":"https:\/\/franciscanos.org.br\/noticias\/wp-json\/wp\/v2\/tags?post=201960"}],"curies":[{"name":"wp","href":"https:\/\/api.w.org\/{rel}","templated":true}]}}