{"id":201942,"date":"2019-03-30T12:15:18","date_gmt":"2019-03-30T15:15:18","guid":{"rendered":"https:\/\/franciscanos.org.br\/noticias\/?p=201942"},"modified":"2019-04-01T09:00:41","modified_gmt":"2019-04-01T12:00:41","slug":"frei-carlos-pierezan-falece-no-dia-de-seu-aniversario","status":"publish","type":"post","link":"https:\/\/franciscanos.org.br\/noticias\/frei-carlos-pierezan-falece-no-dia-de-seu-aniversario.html","title":{"rendered":"Frei Carlos Pierezan falece no dia de seu anivers\u00e1rio"},"content":{"rendered":"<p><img loading=\"lazy\" class=\"aligncenter size-full wp-image-201943\" src=\"https:\/\/franciscanos.org.br\/noticias\/wp-content\/uploads\/2019\/03\/pierezan_300319_2.jpg\" alt=\"\" width=\"890\" height=\"506\" srcset=\"https:\/\/franciscanos.org.br\/noticias\/wp-content\/uploads\/2019\/03\/pierezan_300319_2.jpg 890w, https:\/\/franciscanos.org.br\/noticias\/wp-content\/uploads\/2019\/03\/pierezan_300319_2-450x256.jpg 450w, https:\/\/franciscanos.org.br\/noticias\/wp-content\/uploads\/2019\/03\/pierezan_300319_2-768x437.jpg 768w, https:\/\/franciscanos.org.br\/noticias\/wp-content\/uploads\/2019\/03\/pierezan_300319_2-150x85.jpg 150w\" sizes=\"(max-width: 890px) 100vw, 890px\" \/><\/p>\n<p>Faleceu na manh\u00e3 deste s\u00e1bado, 30 de mar\u00e7o de 2019, na Fraternidade S\u00e3o Francisco de Assis, em Bragan\u00e7a Paulista, SP, Frei Carlos Pierezan. Neste dia, o confrade, nascido em Conc\u00f3rdia, no dia 30 de mar\u00e7o de 1936, completava 83 anos. O guardi\u00e3o da fraternidade, Frei Carlos K\u00f6rber relata que, na manh\u00e3 de hoje, foi ao quarto de Frei Pierezan para parabeniz\u00e1-lo pelo dia natal\u00edcio. De acordo com o guardi\u00e3o, o confrade se mostrava bastante confuso e parecia n\u00e3o se dar conta da data. Em seguida, o guardi\u00e3o foi celebrar a missa com a fraternidade, \u00e0s 7h30 e, depois de tomar o caf\u00e9, durante visita aos outros confrades enfermos da casa, encontrou Frei Carlos Pierezan j\u00e1 sem vida sobre a cama. Certamente teria falecido durante o hor\u00e1rio da missa, entre 7h30 e 8h30.<\/p>\n<p><strong><img loading=\"lazy\" class=\"alignleft size-full wp-image-201951\" src=\"https:\/\/franciscanos.org.br\/noticias\/wp-content\/uploads\/2019\/03\/pierezan_300319_4.jpg\" alt=\"\" width=\"300\" height=\"359\" srcset=\"https:\/\/franciscanos.org.br\/noticias\/wp-content\/uploads\/2019\/03\/pierezan_300319_4.jpg 300w, https:\/\/franciscanos.org.br\/noticias\/wp-content\/uploads\/2019\/03\/pierezan_300319_4-150x180.jpg 150w\" sizes=\"(max-width: 300px) 100vw, 300px\" \/>SEPULTAMENTO<\/strong><\/p>\n<p>Neste domingo, \u00e0s 7h30 da manh\u00e3, haver\u00e1 missa de corpo presente na Capela da Fraternidade de Bragan\u00e7a Paulista, SP. Em seguida, o corpo segue para o Cemit\u00e9rio do Sant\u00edssimo Sacramento (Avenida Dr. Arnaldo, 1200, S\u00e3o Paulo, SP), onde \u00e0s 11h ser\u00e1 celebrada uma outra missa, seguida pelo enterro no jazigo dos frades.<\/p>\n<p><strong>A EVOLU\u00c7\u00c3O DA ENFERMIDADE<\/strong><\/p>\n<p>Em 2008, quando estava na Fraternidade S\u00e3o Pedro Ap\u00f3stolo, em Pato Branco, durante exames de rotina, foi constatado que Frei Carlos possu\u00eda um n\u00f3dulo de cerca de 3 cm no f\u00edgado. Buscou tratamento em S\u00e3o Paulo e, depois de sess\u00f5es de quimioterapia e intenso acompanhamento m\u00e9dico, alcan\u00e7ou uma estabilidade que lhe permitiu vida normal. Desde ent\u00e3o tinha acompanhamento peri\u00f3dico em S\u00e3o Paulo. Foi transferido, em 2009 para Bragan\u00e7a, onde serviu como guardi\u00e3o at\u00e9 2016, e depois foi transferido para Agudos, SP, como vig\u00e1rio paroquial.<\/p>\n<p>No in\u00edcio deste ano, Frei Carlos come\u00e7ou a apresentar epis\u00f3dios frequentes de anemia, que demandaram algumas transfus\u00f5es de sangue. Percebia-se ainda um incha\u00e7o no abd\u00f4men. Logo ap\u00f3s a Festa de S\u00e3o Paulo, padroeiro da Par\u00f3quia de Agudos, veio para S\u00e3o Paulo a fim de realizar uma investiga\u00e7\u00e3o mais detalhada no Instituto Brasileiro de Controle do C\u00e2ncer, IBCC. Ali foi constatado um tumor no est\u00f4mago que estava lhe ocasionando frequentes epis\u00f3dios de v\u00f4mito e tamb\u00e9m a perda de sangue. A proposta inicial foi a de realiza\u00e7\u00e3o de radio e quimioterapia. Em rela\u00e7\u00e3o \u00e0 radio, Frei Carlos passou por cinco sess\u00f5es. Quanto \u00e0 quimio, chegou a iniciar, mas sua debilidade crescente dificultou o tratamento que, segundo os m\u00e9dicos, passou a ser paliativo, dada a gravidade do caso.<\/p>\n<p><img loading=\"lazy\" class=\"alignleft size-full wp-image-201945\" src=\"https:\/\/franciscanos.org.br\/noticias\/wp-content\/uploads\/2019\/03\/pierezan_300319.jpg\" alt=\"\" width=\"890\" height=\"668\" srcset=\"https:\/\/franciscanos.org.br\/noticias\/wp-content\/uploads\/2019\/03\/pierezan_300319.jpg 890w, https:\/\/franciscanos.org.br\/noticias\/wp-content\/uploads\/2019\/03\/pierezan_300319-450x338.jpg 450w, https:\/\/franciscanos.org.br\/noticias\/wp-content\/uploads\/2019\/03\/pierezan_300319-768x576.jpg 768w, https:\/\/franciscanos.org.br\/noticias\/wp-content\/uploads\/2019\/03\/pierezan_300319-150x113.jpg 150w\" sizes=\"(max-width: 890px) 100vw, 890px\" \/><\/p>\n<p>Depois da \u00faltima interna\u00e7\u00e3o no IBCC, em di\u00e1logo com o pr\u00f3prio Frei Carlos, foi decidida sua remo\u00e7\u00e3o para Bragan\u00e7a Paulista, onde receberia os acompanhamentos m\u00e9dicos da equipe local e da fraternidade cuidadora que ali existe. A transfer\u00eancia ocorreu na segunda-feira, dia 25 de mar\u00e7o. Durante o per\u00edodo de agravamento da doen\u00e7a, sempre se mostrou sereno, confiante e d\u00f3cil diante dos encaminhamentos m\u00e9dicos. Revelou-se, at\u00e9 o fim, um homem de f\u00e9 consistente na Bondade de Deus e na sua Divina Provid\u00eancia.<\/p>\n<p><strong>O FRADE MENOR<\/strong><\/p>\n<p><img loading=\"lazy\" class=\"alignright size-full wp-image-201946\" src=\"https:\/\/franciscanos.org.br\/noticias\/wp-content\/uploads\/2019\/03\/pierezan_300319_5.jpg\" alt=\"\" width=\"450\" height=\"707\" srcset=\"https:\/\/franciscanos.org.br\/noticias\/wp-content\/uploads\/2019\/03\/pierezan_300319_5.jpg 450w, https:\/\/franciscanos.org.br\/noticias\/wp-content\/uploads\/2019\/03\/pierezan_300319_5-286x450.jpg 286w, https:\/\/franciscanos.org.br\/noticias\/wp-content\/uploads\/2019\/03\/pierezan_300319_5-150x236.jpg 150w\" sizes=\"(max-width: 450px) 100vw, 450px\" \/>Frei Carlos serviu em importantes of\u00edcios na Prov\u00edncia. Foi Definidor, Mestre de Novi\u00e7os (1980-1986), atuou em par\u00f3quias e tamb\u00e9m em outras etapas de forma\u00e7\u00e3o. Mostrou-se sempre apaixonado pela Pastoral. Tinha muito orgulho em dizer que, no per\u00edodo em que esteve em Rodeio como Mestre, acompanhou ao todo 249 jovens. Estes dados ele registou numa tabela manuscrita encontrada junto \u00e0 sua pasta pessoal arquivada no Provincialado.<\/p>\n<p>Num escrito do final da d\u00e9cada de 1980, in\u00edcio dos anos 1990, quando completou 25 anos de minist\u00e9rio sacerdotal Frei Carlos deixou registrada algumas de suas impress\u00f5es sobre diferentes aspectos de sua vida e consagra\u00e7\u00e3o.<\/p>\n<p>Destaco alguns trechos:<\/p>\n<p><strong>Fam\u00edlia<\/strong><\/p>\n<p style=\"padding-left: 30px;\">\u201cDevo muito \u00e0 minha fam\u00edlia. Guardo uma grata recorda\u00e7\u00e3o de meus falecidos pais, de meus familiares e parentes. Foram eles que colocaram a f\u00e9 e o sentido da vida no meu cora\u00e7\u00e3o. Sempre me apoiaram muito em minha voca\u00e7\u00e3o religiosa e sacerdotal. Em nossos encontros, casamentos, festas, missas, bodas, o centen\u00e1rio da imigra\u00e7\u00e3o, celebramos a vida, a tradi\u00e7\u00e3o, a f\u00e9, enfim, celebramos a fam\u00edlia\u201d.<\/p>\n<p><strong>Voca\u00e7\u00e3o<\/strong><\/p>\n<p style=\"padding-left: 30px;\">Na fam\u00edlia nasceu a minha voca\u00e7\u00e3o religiosa e sacerdotal. A comunidade era sempre visitada pelos padres franciscanos. Meu pai ajudava a missa, no tempo do latim. O padre, depois da missa, ia almo\u00e7ar l\u00e1 em casa. Eu tinha um tio padre (Frei Cl\u00e1udio Pierozan). Foi f\u00e1cil, um dia, ir para o semin\u00e1rio. Fui para o semin\u00e1rio para ser padre. Aos poucos descobri a voca\u00e7\u00e3o religiosa Franciscana\u201d.<\/p>\n<p><strong>Vida Religiosa<\/strong><\/p>\n<p style=\"padding-left: 30px;\">\u201cA nossa vida \u00e9 Jesus Cristo. Depois que descobri que Jesus Cristo \u00e9 Deus, todas as outras coisas passaram a ser secund\u00e1rias. Cristo \u00e9 o grande valor da minha vida. [&#8230;] A vida religiosa \u00e9 um projeto bem organizado com o objetivo de seguir Jesus Cristo da melhor maneira poss\u00edvel e com Ele chegar ao Pai\u201d.<\/p>\n<p><img loading=\"lazy\" class=\"alignright wp-image-201947 size-full\" src=\"https:\/\/franciscanos.org.br\/noticias\/wp-content\/uploads\/2019\/03\/pierezan_300319_3.jpg\" alt=\"\" width=\"400\" height=\"395\" srcset=\"https:\/\/franciscanos.org.br\/noticias\/wp-content\/uploads\/2019\/03\/pierezan_300319_3.jpg 400w, https:\/\/franciscanos.org.br\/noticias\/wp-content\/uploads\/2019\/03\/pierezan_300319_3-150x148.jpg 150w\" sizes=\"(max-width: 400px) 100vw, 400px\" \/><\/p>\n<p><strong>Fraternidade<\/strong><\/p>\n<p style=\"padding-left: 30px;\">\u201cDeus \u00e9 nosso Pai e todos somos irm\u00e3os. Fiz a primeira experi\u00eancia de amor e de fraternidade em minha fam\u00edlia e procurei, com S\u00e3o Francisco, aprofundar esta experi\u00eancia na vida religiosa\u201d.<\/p>\n<p><strong>Minoridade e amor aos pobres<\/strong><\/p>\n<p style=\"padding-left: 30px;\">\u201cImpressionante o amor de Francisco para com os pobres, os leprosos e os pecadores. Esta op\u00e7\u00e3o de Francisco me impressiona muito e me torna sens\u00edvel e misericordioso para com os pobres e necessitados. E sobretudo aqui, na Am\u00e9rica Latina e no Brasil, quantos irm\u00e3os nossos doentes, pobres e sofridos! A op\u00e7\u00e3o de Francisco de ser o menor entre todos os irm\u00e3os, a op\u00e7\u00e3o de ser servo de todos, \u00e9 um prop\u00f3sito que compromete\u201d.<\/p>\n<p><strong>Sacerd\u00f3cio<\/strong><\/p>\n<p style=\"padding-left: 30px;\">\u201cDesde pequeno sempre quis ser padre. Nunca mudei de ideia. N\u00e3o foi f\u00e1cil fazer todos os estudos e chegar ao sacerd\u00f3cio. Agrade\u00e7o aos franciscanos que me convidaram, ajudaram e me guiaram at\u00e9 o sacerd\u00f3cio. Agrade\u00e7o \u00e0 Igreja que me acolheu como um de seus sacerdotes. Como sacerdote, fiz e fa\u00e7o a grande experi\u00eancia da miseric\u00f3rdia e do amor de Deus em minha vida e na pessoa dos meus irm\u00e3os\u201d.<\/p>\n<p><img loading=\"lazy\" class=\"alignright size-full wp-image-201955\" src=\"https:\/\/franciscanos.org.br\/noticias\/wp-content\/uploads\/2019\/03\/pierezan_300319_6.jpg\" alt=\"\" width=\"890\" height=\"593\" srcset=\"https:\/\/franciscanos.org.br\/noticias\/wp-content\/uploads\/2019\/03\/pierezan_300319_6.jpg 890w, https:\/\/franciscanos.org.br\/noticias\/wp-content\/uploads\/2019\/03\/pierezan_300319_6-450x300.jpg 450w, https:\/\/franciscanos.org.br\/noticias\/wp-content\/uploads\/2019\/03\/pierezan_300319_6-768x512.jpg 768w, https:\/\/franciscanos.org.br\/noticias\/wp-content\/uploads\/2019\/03\/pierezan_300319_6-150x100.jpg 150w\" sizes=\"(max-width: 890px) 100vw, 890px\" \/><\/p>\n<p><strong>Forma\u00e7\u00e3o franciscana<\/strong><\/p>\n<p style=\"padding-left: 30px;\">Vinte e um anos do meu sacerd\u00f3cio eu os dediquei \u00e0 forma\u00e7\u00e3o dos jovens quem em nossos semin\u00e1rios buscam a vida religiosa franciscana: sete anos no SEVOA, tr\u00eas na Teologia, dez no Noviciado e, por \u00faltimo, um ano novamente no SEVOA. Quantos jovens nestes anos todos tentaram a vida religiosa e quantos tamb\u00e9m desistiram! [&#8230;] O que fica para mim, depois de 21 anos de trabalho na forma\u00e7\u00e3o em nossos semin\u00e1rios, \u00e9 a convic\u00e7\u00e3o de ter procurado servir sempre da melhor forma poss\u00edvel e a alegria de ver com que entusiasmo muitos dos que abra\u00e7aram a voca\u00e7\u00e3o seguem S\u00e3o Francisco e Jesus Cristo\u201d.<\/p>\n<p>Certamente o entusiasmo que Frei Carlos enxergava em seus irm\u00e3os era o mesmo que trazia dentro de si e que manteve \u00edntegro at\u00e9 o \u00faltimo dia de sua vida. Agora, j\u00e1 acolhido no seio do Pai amoroso, Frei Carlos contempla no c\u00e9u, Depois de seus 83 anos completos de vida na terra, o Mist\u00e9rio amoroso da Trindade do qual foi apaixonado propagador.<\/p>\n<p><strong>FRATERNIDADES ONDE ESTEVE FREI CARLOS<\/strong><\/p>\n<p><strong>Nascimento:<\/strong> 30 mar\u00e7o de 1936<br \/>\n<strong>Noviciado:<\/strong> 1959 &#8211; Rodeio<br \/>\n<strong>Primeira Profiss\u00e3o<\/strong>: 20 de dezembro de 1959<br \/>\n<strong>Profiss\u00e3o solene<\/strong>: 02 de fevereiro de 1963<br \/>\n<strong>Ordena\u00e7\u00e3o presbiteral:<\/strong> 15 de dezembro de 1964<\/p>\n<p><strong>1960-1961<\/strong> &#8211; <em>Curitiba<\/em> &#8211; Filosofia<br \/>\n<strong>1962-1965<\/strong> &#8211; <em>Petr\u00f3polis<\/em> &#8211; Teologia<br \/>\n<strong>1966<\/strong> &#8211; <em>Rio de Janeiro<\/em> &#8211; Ano Pastoral<br \/>\n<strong>15.7.1972<\/strong> &#8211; <em>Guaratinguet\u00e1\/Semin\u00e1rio Frei Galv\u00e3o<\/em> &#8211; Vig\u00e1rio da Casa e professor<br \/>\n<strong>13.12.1972<\/strong> &#8211; <em>Guaratinguet\u00e1\/Semin\u00e1rio Frei Galv\u00e3o<\/em> &#8211; Guardi\u00e3o e Reitor<br \/>\n<strong>28.1.1974<\/strong> &#8211; <em>Petr\u00f3polis<\/em> &#8211; Mestre dos estudantes de Teologia<br \/>\n<strong>20.12.1976<\/strong> &#8211; <em>Rodeio<\/em> &#8211; Vig\u00e1rio do Convento e vice-mestre dos Novi\u00e7os<br \/>\n<strong>07.3.1979<\/strong> &#8211; <em>Rodeio<\/em> &#8211; Guardi\u00e3o e vig\u00e1rio paroquial e vice-mestre dos Novi\u00e7os<br \/>\n<strong>1980<\/strong> &#8211; <em>Rodeio<\/em> &#8211; Mestre dos Novi\u00e7os<br \/>\n<strong>Novembro\/1985<\/strong> &#8211; <em>Guaratinguet\u00e1\/Semin\u00e1rio Frei Galv\u00e3o<\/em> &#8211; Professor e atendente conventual<br \/>\n<strong>13.12.1987<\/strong> &#8211; <em>Guaratinguet\u00e1\/Gra\u00e7as<\/em> &#8211; atendente conventual<br \/>\n<strong>18.01.1989<\/strong> &#8211; <em>Guaratinguet\u00e1\/Gra\u00e7as<\/em> &#8211; Guardi\u00e3o<br \/>\n<strong>18.01.1992<\/strong> &#8211;<em>Luzerna\/Semin\u00e1rio<\/em> &#8211; Guardi\u00e3o e P\u00e1roco &#8211; eleito Definidor no Cap\u00edtulo Provincial de novembro de 1991<br \/>\n<strong>1996<\/strong> &#8211; <em>Guaratinguet\u00e1\/Postulantado<\/em> &#8211; Vig\u00e1rio Paroquial e Professor<br \/>\n<strong>01.12.1997<\/strong> &#8211;<em> Guaratinguet\u00e1\/Postulantado<\/em> &#8211; Guardi\u00e3o e Professor<br \/>\n<strong>22.11.2000<\/strong> &#8211; <em>Guaratinguet\u00e1\/Postulantado<\/em> &#8211; Guardi\u00e3o<br \/>\n<strong>09.01.2002<\/strong> &#8211; <em>Guaratinguet\u00e1\/Postulantado<\/em> -Guardi\u00e3o<br \/>\n<strong>20.05.2002<\/strong> &#8211; <em>Conc\u00f3rdia<\/em> &#8211; Guardi\u00e3o e vig\u00e1rio paroquial &#8211; eleito Definidor para mandato at\u00e9 set. 2003, em substitui\u00e7\u00e3o a Frei Augusto Koenig<br \/>\n<strong>07.11.2003<\/strong> &#8211; <em>Conc\u00f3rdia<\/em> &#8211; Confirmado como guardi\u00e3o, vig\u00e1rio paroquial<br \/>\n<strong>24.11.2005<\/strong> &#8211; <em>Agudos<\/em> &#8211; P\u00e1roco Santo Ant\u00f4nio<br \/>\n<strong>02.03.2006<\/strong> &#8211; <em>Agudos<\/em> &#8211; Assistente da OFS &#8211; eleito Definidor para o tri\u00eanio 2007-2009<br \/>\n<strong>20.12.2006<\/strong> &#8211; <em>Pato Branco<\/em> &#8211; Guardi\u00e3o e Vig\u00e1rio Paroquial<br \/>\n<strong>17.12.2009<\/strong> &#8211; <em>Bragan\u00e7a Paulista<\/em> &#8211; Guardi\u00e3o, diretor Administrativo da Casa N. S. Paz<br \/>\n<strong>20.02.2014<\/strong> &#8211; B<em>ragan\u00e7a Paulista<\/em> &#8211; Guardi\u00e3o<br \/>\n<strong>25.02.2016<\/strong> &#8211; <em>Agudos &#8211; Vig\u00e1rio Paroquial e Assistente espiritual da OFS<\/em><\/p>\n<p><em><strong>R.I.P<\/strong><\/em><\/p>\n<p><strong>Frei Gustavo Medella<\/strong><\/p>\n<hr \/>\n<h2>CONDOL\u00caNCIAS<\/h2>\n<div dir=\"auto\">\n<p>Boa tarde, Frei Gustavo.<\/p>\n<p>Solid\u00e1rio com nossa Prov\u00edncia da Imaculada, pelo falecimento de Frei Carlos Pierezan,<br \/>\napresento a todos os confrades minhas sentidas condol\u00eancias.<br \/>\nEdificado com o testemunho do falecido Confrade, rogo ao Deus de miseric\u00f3rdia,<br \/>\nque acolha em Reino esse fiel servidor.<\/p>\n<p>Fraterno abra\u00e7o de Paz e Bem!<\/p>\n<p><strong>+ fr. Diamantino, ofm<\/strong><\/p>\n<hr \/>\n<p>Deus o tenha junto de Si e o recompense pela sua vida de total doa\u00e7\u00e3o<\/p>\n<p>Com gratid\u00e3o<\/p>\n<p><strong>Frei Luiz Cappio<\/strong><\/p>\n<\/div>\n<hr \/>\n<p>Ao Ministro Provincial,<br \/>\nFrei C\u00e9sar k\u00fclkamp, OFM<br \/>\ne toda a Fraternidade da Prov\u00edncia da Imaculada.<\/p>\n<p>\u201cEu garanto a voc\u00eas: se o gr\u00e3o de trigo n\u00e3o cai na terra e n\u00e3o morre, fica sozinho. Mas se morre, produz muito fruto. \u201d Jo 12,24<\/p>\n<p>Em nome da nossa Fraternidade Custodial do Sagrado Cora\u00e7\u00e3o de Jesus, vimos, por meio desta, externar a voc\u00eas nossos sentimentos e nos solidarizar atrav\u00e9s das ora\u00e7\u00f5es na inten\u00e7\u00e3o de Frei Carlos Pirezan, OFM, rogando ao Pai de Miseric\u00f3rdia que o acolha para o festim eterno.<\/p>\n<p>Que ele seja compensado por todo o bem realizado em prol da Prov\u00edncia e do povo de Deus e que o seu legado seja sempre um est\u00edmulo para a vossa caminhada.<br \/>\nRecebam o nosso abra\u00e7o e que a Luz Divina brilhe para o Frei Carlos, que j\u00e1 antecipou a sua P\u00e1scoa.<\/p>\n<p>Com estima fraterna,<br \/>\n<strong>Franca \u2013 SP, 30 de mar\u00e7o de 2019.<\/strong><br \/>\n<strong>Frei Fernando Ap. dos Santos, OFM<\/strong><br \/>\n<strong>Cust\u00f3dio da Cust\u00f3dia do Sagrado Cora\u00e7\u00e3o de Jesus<\/strong><\/p>\n<hr \/>\n<p><strong>Mais condol\u00eancias na P\u00e1gina do Facebook da Prov\u00edncia<\/strong><\/p>\n<p><a href=\"https:\/\/web.facebook.com\/provinciafranciscana?_rdc=1&amp;_rdr\">https:\/\/web.facebook.com\/provinciafranciscana?_rdc=1&amp;_rdr<\/a><\/p>\n","protected":false},"excerpt":{"rendered":"<p>Faleceu na manh\u00e3 deste s\u00e1bado, 30 de mar\u00e7o de 2019, na Fraternidade S\u00e3o Francisco de Assis, em Bragan\u00e7a Paulista, SP, Frei Carlos Pierezan. Neste dia, o confrade, nascido em Conc\u00f3rdia, no dia 30 de mar\u00e7o de 1936, completava 83 anos. O guardi\u00e3o da fraternidade, Frei Carlos K\u00f6rber relata que, na manh\u00e3 de hoje, foi ao [&hellip;]<\/p>\n","protected":false},"author":3,"featured_media":201948,"comment_status":"open","ping_status":"open","sticky":false,"template":"","format":"standard","meta":[],"categories":[1],"tags":[1160],"acf":[],"yoast_head":"<!-- This site is optimized with the Yoast SEO plugin v19.2 - https:\/\/yoast.com\/wordpress\/plugins\/seo\/ -->\n<title>Frei Carlos Pierezan falece no dia de seu anivers\u00e1rio - Not\u00edcias - Franciscanos<\/title>\n<meta name=\"robots\" content=\"index, follow, max-snippet:-1, max-image-preview:large, max-video-preview:-1\" \/>\n<link rel=\"canonical\" href=\"https:\/\/franciscanos.org.br\/noticias\/frei-carlos-pierezan-falece-no-dia-de-seu-aniversario.html\" \/>\n<meta property=\"og:locale\" content=\"pt_BR\" \/>\n<meta property=\"og:type\" content=\"article\" \/>\n<meta property=\"og:title\" content=\"Frei Carlos Pierezan falece no dia de seu anivers\u00e1rio - Not\u00edcias - Franciscanos\" \/>\n<meta property=\"og:description\" content=\"Faleceu na manh\u00e3 deste s\u00e1bado, 30 de mar\u00e7o de 2019, na Fraternidade S\u00e3o Francisco de Assis, em Bragan\u00e7a Paulista, SP, Frei Carlos Pierezan. Neste dia, o confrade, nascido em Conc\u00f3rdia, no dia 30 de mar\u00e7o de 1936, completava 83 anos. O guardi\u00e3o da fraternidade, Frei Carlos K\u00f6rber relata que, na manh\u00e3 de hoje, foi ao [&hellip;]\" \/>\n<meta property=\"og:url\" content=\"https:\/\/franciscanos.org.br\/noticias\/frei-carlos-pierezan-falece-no-dia-de-seu-aniversario.html\" \/>\n<meta property=\"og:site_name\" content=\"Not\u00edcias - Franciscanos\" \/>\n<meta property=\"article:published_time\" content=\"2019-03-30T15:15:18+00:00\" \/>\n<meta property=\"article:modified_time\" content=\"2019-04-01T12:00:41+00:00\" \/>\n<meta property=\"og:image\" content=\"https:\/\/franciscanos.org.br\/noticias\/wp-content\/uploads\/2019\/03\/pierezan_300319_d.jpg\" \/>\n\t<meta property=\"og:image:width\" content=\"273\" \/>\n\t<meta property=\"og:image:height\" content=\"181\" \/>\n\t<meta property=\"og:image:type\" content=\"image\/jpeg\" \/>\n<meta name=\"author\" content=\"moacir\" \/>\n<meta name=\"twitter:card\" content=\"summary_large_image\" \/>\n<meta name=\"twitter:label1\" content=\"Escrito por\" \/>\n\t<meta name=\"twitter:data1\" content=\"moacir\" \/>\n\t<meta name=\"twitter:label2\" content=\"Est. tempo de leitura\" \/>\n\t<meta name=\"twitter:data2\" content=\"9 minutos\" \/>\n<script type=\"application\/ld+json\" class=\"yoast-schema-graph\">{\"@context\":\"https:\/\/schema.org\",\"@graph\":[{\"@type\":\"WebSite\",\"@id\":\"https:\/\/franciscanos.org.br\/noticias\/#website\",\"url\":\"https:\/\/franciscanos.org.br\/noticias\/\",\"name\":\"Not\u00edcias - Franciscanos\",\"description\":\"Prov\u00edncia Franciscana da Imaculada Concei\u00e7\u00e3o do Brasil - Ordem dos Frades Menores - OFM\",\"potentialAction\":[{\"@type\":\"SearchAction\",\"target\":{\"@type\":\"EntryPoint\",\"urlTemplate\":\"https:\/\/franciscanos.org.br\/noticias\/?s={search_term_string}\"},\"query-input\":\"required name=search_term_string\"}],\"inLanguage\":\"pt-BR\"},{\"@type\":\"ImageObject\",\"inLanguage\":\"pt-BR\",\"@id\":\"https:\/\/franciscanos.org.br\/noticias\/frei-carlos-pierezan-falece-no-dia-de-seu-aniversario.html#primaryimage\",\"url\":\"https:\/\/franciscanos.org.br\/noticias\/wp-content\/uploads\/2019\/03\/pierezan_300319_d.jpg\",\"contentUrl\":\"https:\/\/franciscanos.org.br\/noticias\/wp-content\/uploads\/2019\/03\/pierezan_300319_d.jpg\",\"width\":273,\"height\":181},{\"@type\":\"WebPage\",\"@id\":\"https:\/\/franciscanos.org.br\/noticias\/frei-carlos-pierezan-falece-no-dia-de-seu-aniversario.html#webpage\",\"url\":\"https:\/\/franciscanos.org.br\/noticias\/frei-carlos-pierezan-falece-no-dia-de-seu-aniversario.html\",\"name\":\"Frei Carlos Pierezan falece no dia de seu anivers\u00e1rio - Not\u00edcias - Franciscanos\",\"isPartOf\":{\"@id\":\"https:\/\/franciscanos.org.br\/noticias\/#website\"},\"primaryImageOfPage\":{\"@id\":\"https:\/\/franciscanos.org.br\/noticias\/frei-carlos-pierezan-falece-no-dia-de-seu-aniversario.html#primaryimage\"},\"datePublished\":\"2019-03-30T15:15:18+00:00\",\"dateModified\":\"2019-04-01T12:00:41+00:00\",\"author\":{\"@id\":\"https:\/\/franciscanos.org.br\/noticias\/#\/schema\/person\/b5c8cba458c330ccff548b056e95a5d4\"},\"breadcrumb\":{\"@id\":\"https:\/\/franciscanos.org.br\/noticias\/frei-carlos-pierezan-falece-no-dia-de-seu-aniversario.html#breadcrumb\"},\"inLanguage\":\"pt-BR\",\"potentialAction\":[{\"@type\":\"ReadAction\",\"target\":[\"https:\/\/franciscanos.org.br\/noticias\/frei-carlos-pierezan-falece-no-dia-de-seu-aniversario.html\"]}]},{\"@type\":\"BreadcrumbList\",\"@id\":\"https:\/\/franciscanos.org.br\/noticias\/frei-carlos-pierezan-falece-no-dia-de-seu-aniversario.html#breadcrumb\",\"itemListElement\":[{\"@type\":\"ListItem\",\"position\":1,\"name\":\"Home\",\"item\":\"https:\/\/franciscanos.org.br\/noticias\"},{\"@type\":\"ListItem\",\"position\":2,\"name\":\"Frei Carlos Pierezan falece no dia de seu anivers\u00e1rio\"}]},{\"@type\":\"Person\",\"@id\":\"https:\/\/franciscanos.org.br\/noticias\/#\/schema\/person\/b5c8cba458c330ccff548b056e95a5d4\",\"name\":\"moacir\",\"image\":{\"@type\":\"ImageObject\",\"inLanguage\":\"pt-BR\",\"@id\":\"https:\/\/franciscanos.org.br\/noticias\/#\/schema\/person\/image\/\",\"url\":\"https:\/\/secure.gravatar.com\/avatar\/d08aa2ce4c8dd416d4479aa8536fcf64?s=96&d=mm&r=g\",\"contentUrl\":\"https:\/\/secure.gravatar.com\/avatar\/d08aa2ce4c8dd416d4479aa8536fcf64?s=96&d=mm&r=g\",\"caption\":\"moacir\"},\"url\":\"https:\/\/franciscanos.org.br\/noticias\/author\/moacir\"}]}<\/script>\n<!-- \/ Yoast SEO plugin. -->","yoast_head_json":{"title":"Frei Carlos Pierezan falece no dia de seu anivers\u00e1rio - Not\u00edcias - Franciscanos","robots":{"index":"index","follow":"follow","max-snippet":"max-snippet:-1","max-image-preview":"max-image-preview:large","max-video-preview":"max-video-preview:-1"},"canonical":"https:\/\/franciscanos.org.br\/noticias\/frei-carlos-pierezan-falece-no-dia-de-seu-aniversario.html","og_locale":"pt_BR","og_type":"article","og_title":"Frei Carlos Pierezan falece no dia de seu anivers\u00e1rio - Not\u00edcias - Franciscanos","og_description":"Faleceu na manh\u00e3 deste s\u00e1bado, 30 de mar\u00e7o de 2019, na Fraternidade S\u00e3o Francisco de Assis, em Bragan\u00e7a Paulista, SP, Frei Carlos Pierezan. Neste dia, o confrade, nascido em Conc\u00f3rdia, no dia 30 de mar\u00e7o de 1936, completava 83 anos. O guardi\u00e3o da fraternidade, Frei Carlos K\u00f6rber relata que, na manh\u00e3 de hoje, foi ao [&hellip;]","og_url":"https:\/\/franciscanos.org.br\/noticias\/frei-carlos-pierezan-falece-no-dia-de-seu-aniversario.html","og_site_name":"Not\u00edcias - Franciscanos","article_published_time":"2019-03-30T15:15:18+00:00","article_modified_time":"2019-04-01T12:00:41+00:00","og_image":[{"width":273,"height":181,"url":"https:\/\/franciscanos.org.br\/noticias\/wp-content\/uploads\/2019\/03\/pierezan_300319_d.jpg","type":"image\/jpeg"}],"author":"moacir","twitter_card":"summary_large_image","twitter_misc":{"Escrito por":"moacir","Est. tempo de leitura":"9 minutos"},"schema":{"@context":"https:\/\/schema.org","@graph":[{"@type":"WebSite","@id":"https:\/\/franciscanos.org.br\/noticias\/#website","url":"https:\/\/franciscanos.org.br\/noticias\/","name":"Not\u00edcias - Franciscanos","description":"Prov\u00edncia Franciscana da Imaculada Concei\u00e7\u00e3o do Brasil - Ordem dos Frades Menores - OFM","potentialAction":[{"@type":"SearchAction","target":{"@type":"EntryPoint","urlTemplate":"https:\/\/franciscanos.org.br\/noticias\/?s={search_term_string}"},"query-input":"required name=search_term_string"}],"inLanguage":"pt-BR"},{"@type":"ImageObject","inLanguage":"pt-BR","@id":"https:\/\/franciscanos.org.br\/noticias\/frei-carlos-pierezan-falece-no-dia-de-seu-aniversario.html#primaryimage","url":"https:\/\/franciscanos.org.br\/noticias\/wp-content\/uploads\/2019\/03\/pierezan_300319_d.jpg","contentUrl":"https:\/\/franciscanos.org.br\/noticias\/wp-content\/uploads\/2019\/03\/pierezan_300319_d.jpg","width":273,"height":181},{"@type":"WebPage","@id":"https:\/\/franciscanos.org.br\/noticias\/frei-carlos-pierezan-falece-no-dia-de-seu-aniversario.html#webpage","url":"https:\/\/franciscanos.org.br\/noticias\/frei-carlos-pierezan-falece-no-dia-de-seu-aniversario.html","name":"Frei Carlos Pierezan falece no dia de seu anivers\u00e1rio - Not\u00edcias - Franciscanos","isPartOf":{"@id":"https:\/\/franciscanos.org.br\/noticias\/#website"},"primaryImageOfPage":{"@id":"https:\/\/franciscanos.org.br\/noticias\/frei-carlos-pierezan-falece-no-dia-de-seu-aniversario.html#primaryimage"},"datePublished":"2019-03-30T15:15:18+00:00","dateModified":"2019-04-01T12:00:41+00:00","author":{"@id":"https:\/\/franciscanos.org.br\/noticias\/#\/schema\/person\/b5c8cba458c330ccff548b056e95a5d4"},"breadcrumb":{"@id":"https:\/\/franciscanos.org.br\/noticias\/frei-carlos-pierezan-falece-no-dia-de-seu-aniversario.html#breadcrumb"},"inLanguage":"pt-BR","potentialAction":[{"@type":"ReadAction","target":["https:\/\/franciscanos.org.br\/noticias\/frei-carlos-pierezan-falece-no-dia-de-seu-aniversario.html"]}]},{"@type":"BreadcrumbList","@id":"https:\/\/franciscanos.org.br\/noticias\/frei-carlos-pierezan-falece-no-dia-de-seu-aniversario.html#breadcrumb","itemListElement":[{"@type":"ListItem","position":1,"name":"Home","item":"https:\/\/franciscanos.org.br\/noticias"},{"@type":"ListItem","position":2,"name":"Frei Carlos Pierezan falece no dia de seu anivers\u00e1rio"}]},{"@type":"Person","@id":"https:\/\/franciscanos.org.br\/noticias\/#\/schema\/person\/b5c8cba458c330ccff548b056e95a5d4","name":"moacir","image":{"@type":"ImageObject","inLanguage":"pt-BR","@id":"https:\/\/franciscanos.org.br\/noticias\/#\/schema\/person\/image\/","url":"https:\/\/secure.gravatar.com\/avatar\/d08aa2ce4c8dd416d4479aa8536fcf64?s=96&d=mm&r=g","contentUrl":"https:\/\/secure.gravatar.com\/avatar\/d08aa2ce4c8dd416d4479aa8536fcf64?s=96&d=mm&r=g","caption":"moacir"},"url":"https:\/\/franciscanos.org.br\/noticias\/author\/moacir"}]}},"_links":{"self":[{"href":"https:\/\/franciscanos.org.br\/noticias\/wp-json\/wp\/v2\/posts\/201942"}],"collection":[{"href":"https:\/\/franciscanos.org.br\/noticias\/wp-json\/wp\/v2\/posts"}],"about":[{"href":"https:\/\/franciscanos.org.br\/noticias\/wp-json\/wp\/v2\/types\/post"}],"author":[{"embeddable":true,"href":"https:\/\/franciscanos.org.br\/noticias\/wp-json\/wp\/v2\/users\/3"}],"replies":[{"embeddable":true,"href":"https:\/\/franciscanos.org.br\/noticias\/wp-json\/wp\/v2\/comments?post=201942"}],"version-history":[{"count":0,"href":"https:\/\/franciscanos.org.br\/noticias\/wp-json\/wp\/v2\/posts\/201942\/revisions"}],"wp:featuredmedia":[{"embeddable":true,"href":"https:\/\/franciscanos.org.br\/noticias\/wp-json\/wp\/v2\/media\/201948"}],"wp:attachment":[{"href":"https:\/\/franciscanos.org.br\/noticias\/wp-json\/wp\/v2\/media?parent=201942"}],"wp:term":[{"taxonomy":"category","embeddable":true,"href":"https:\/\/franciscanos.org.br\/noticias\/wp-json\/wp\/v2\/categories?post=201942"},{"taxonomy":"post_tag","embeddable":true,"href":"https:\/\/franciscanos.org.br\/noticias\/wp-json\/wp\/v2\/tags?post=201942"}],"curies":[{"name":"wp","href":"https:\/\/api.w.org\/{rel}","templated":true}]}}