{"id":201938,"date":"2019-03-29T13:28:06","date_gmt":"2019-03-29T16:28:06","guid":{"rendered":"https:\/\/franciscanos.org.br\/noticias\/?p=201938"},"modified":"2019-04-22T14:41:33","modified_gmt":"2019-04-22T17:41:33","slug":"valdenia-o-controle-social-e-responsabilidade-de-toda-sociedade","status":"publish","type":"post","link":"https:\/\/franciscanos.org.br\/noticias\/valdenia-o-controle-social-e-responsabilidade-de-toda-sociedade.html","title":{"rendered":"Vald\u00eania: &#8220;O controle social \u00e9 responsabilidade de toda sociedade&#8221;"},"content":{"rendered":"<p><img loading=\"lazy\" class=\"aligncenter size-full wp-image-201940\" src=\"https:\/\/franciscanos.org.br\/noticias\/wp-content\/uploads\/2019\/03\/valdenia-paulino2.png\" alt=\"\" width=\"980\" height=\"500\" srcset=\"https:\/\/franciscanos.org.br\/noticias\/wp-content\/uploads\/2019\/03\/valdenia-paulino2.png 980w, https:\/\/franciscanos.org.br\/noticias\/wp-content\/uploads\/2019\/03\/valdenia-paulino2-450x230.png 450w, https:\/\/franciscanos.org.br\/noticias\/wp-content\/uploads\/2019\/03\/valdenia-paulino2-768x392.png 768w, https:\/\/franciscanos.org.br\/noticias\/wp-content\/uploads\/2019\/03\/valdenia-paulino2-150x77.png 150w\" sizes=\"(max-width: 980px) 100vw, 980px\" \/><\/p>\n<p><strong>S\u00e3o Paulo (SP)<\/strong> &#8211;<em> \u201cCom a efetiva participa\u00e7\u00e3o da sociedade civil e do testemunho dos crist\u00e3os nas inst\u00e2ncias de controle social, vamos avan\u00e7ar com as Pol\u00edticas P\u00fablicas e, consequentemente, com a dignidade humana\u201d, assegura o texto-base da Campanha da Fraternidade deste ano, que tem como tema \u201cFraternidade e Pol\u00edticas P\u00fablicas\u201d.<\/em><\/p>\n<p><em>Para falar da import\u00e2ncia do controle social nos ciclos das Pol\u00edticas P\u00fablicas, entrevistamos a advogada <strong>Vald\u00eania Aparecida Paulino<\/strong>, que integra o Centro de Direitos Humanos de Sapopemba, em S\u00e3o Paulo.<\/em><\/p>\n<p><em>Para ela, \u00e9 necess\u00e1rio que a sociedade se aproprie das Pol\u00edticas P\u00fablicas e este \u00e9 o objetivo da CF. \u201cA Campanha deste ano nos convoca a tomar assento e posi\u00e7\u00e3o na participa\u00e7\u00e3o da pol\u00edtica, mas na pol\u00edtica verdadeira, discutir como nossos irm\u00e3os e irm\u00e3s, inclusive n\u00f3s, podemos ter uma vida mais digna\u201d, assegura.<\/em><\/p>\n<p>Confira a entrevista concedida a <strong>Frei Gustavo Medella<\/strong>:<\/p>\n<p><strong>Site Franciscanos &#8211; O que podemos entender por espa\u00e7os de controle social?<\/strong><\/p>\n<p><strong>Vald\u00eania Paulino \u2013<\/strong> Primeiro precisamos contextualizar. Estamos falando das Pol\u00edticas P\u00fablicas a partir de uma campanha da Igreja Cat\u00f3lica, que \u00e9 um chamado a todos os crist\u00e3os. Isso nos coloca num compromisso religioso, sobretudo \u00e9tico, para com os mais pobres. Essa \u00e9 a chamada da CF. Por isso \u00e9 que ela vem com o lema: &#8220;Ser\u00e1s libertado pelo direito e pela justi\u00e7a&#8221;. O direito \u00e9 uma combina\u00e7\u00e3o que uma sociedade faz e estabelece as regras de conviv\u00eancia.<\/p>\n<p>Quando falamos de Pol\u00edticas P\u00fablicas, desde 1988, com a Constitui\u00e7\u00e3o Federal, ap\u00f3s um longo per\u00edodo de ditadura militar no Brasil, foi constru\u00edda a chamada Constitui\u00e7\u00e3o cidad\u00e3. Ali \u00e9 constante o direito \u00e0 educa\u00e7\u00e3o, sa\u00fade. Mas n\u00e3o est\u00e1 somente o direito, mas tamb\u00e9m como ele deve acontecer. Todas as pessoas precisam ter acesso \u00e0s condi\u00e7\u00f5es m\u00ednimas para ter uma vida justa. Quem vai aplicar esse direito na pr\u00e1tica s\u00e3o os governantes. Como n\u00f3s sabemos, muitas vezes, o poder tira a pessoa de um caminho bom. Ou muitas vezes, inclusive, pretendendo cuidar dos seus interesses, tentam alcan\u00e7ar o poder. Por isso, h\u00e1 o controle social. Diferente de regimes que n\u00e3o s\u00e3o democr\u00e1ticos, no controle social \u00e9 avaliado o que se tem e como deve ser feito e de quem \u00e9 a obriga\u00e7\u00e3o. O controle social \u00e9 responsabilidade de toda sociedade.<\/p>\n<p>Qual \u00e9 or\u00e7amento para a sa\u00fade e educa\u00e7\u00e3o? Est\u00e3o aplicando corretamente este recurso? Ele chega onde deveria? Est\u00e1 sendo bem gasto ou seria melhor aplic\u00e1-lo em outro lugar? Al\u00e9m de controlar, tamb\u00e9m sou propositivo ao informar como esse dinheiro pode ser gasto. O controle social deve ser feito em conjunto com as casas Legislativas (municipal e estadual). Ou seja, como eu percebo que o governador est\u00e1 gastando o dinheiro? Esse \u00e9 um controle obrigat\u00f3rio a ser feito pelos \u00f3rg\u00e3os p\u00fablicos. Mas a CF nos chama, sobretudo a sociedade civil, a nos envolvermos no controle, porque este \u00e9 um ato crist\u00e3o. Por isso, o texto-base da CF \u00e9 feito no m\u00e9todo <strong><em>ver, julgar e agir<\/em><\/strong>. \u00c9 preciso conhecer, saber o que tem de Pol\u00edticas P\u00fablicas, qual recurso para ela e, a partir da\u00ed, vou julgar, ou seja, quem tem que usar bem o recurso est\u00e1 fazendo isso? Esse \u00e9 o julgar. Ent\u00e3o, esta composi\u00e7\u00e3o, de ver o que existe e como est\u00e1 sendo gasto, que \u00e9 o julgar, \u00e9 o que pode ser entendido como a composi\u00e7\u00e3o do controle social.<\/p>\n<p><strong>Site Franciscanos &#8211; De que maneira a Igreja pode incentivar a participa\u00e7\u00e3o dos fi\u00e9is nestes espa\u00e7os?<\/strong><\/p>\n<p><strong>Vald\u00eania Paulino &#8211;<\/strong> O objetivo desta campanha \u00e9 justamente estimular a participa\u00e7\u00e3o das pessoas na elabora\u00e7\u00e3o e no controle das Pol\u00edticas P\u00fablicas, fortalecer a cidadania e o bem comum, porque estes s\u00e3o sinais de fraternidade. N\u00e3o s\u00f3 a Igreja Cat\u00f3lica, mas esta Campanha se estende a todos que se sentirem o desejo de viver o Evangelho de Jesus, atrav\u00e9s do est\u00edmulo das pastorais sociais. Podemos pedir a Deus que nos conceda vida, mas se eu n\u00e3o estimular as pessoas a participarem da Pastoral da sa\u00fade, da crian\u00e7a, minhas ora\u00e7\u00f5es ser\u00e3o em v\u00e3o, porque a ora\u00e7\u00e3o e a obra s\u00e3o conceitos evang\u00e9licos que precisam caminhar juntos.<\/p>\n<p>A forma de participarmos \u00e9 discutir na catequese, no crisma, no grupo de jovens, nas pastorais familiares, e estimular a participa\u00e7\u00e3o nos Conselhos de sa\u00fade, habita\u00e7\u00e3o, Associa\u00e7\u00e3o de amigos de bairro, porque s\u00e3o nestes espa\u00e7os que vamos discutir qual \u00e9 a situa\u00e7\u00e3o dos nossos irm\u00e3os e irm\u00e3s que ainda n\u00e3o t\u00eam casa pra morar. E aqueles que morrem, por exemplo, de pneumonia? N\u00e3o, ele morreu porque faltou acesso \u00e0 sa\u00fade de qualidade, faltou um pronto-socorro bem equipado no local onde essa pessoa mora. Essa \u00e9 a forma de estimular o nosso povo a participar destes espa\u00e7os para discutir a Pol\u00edtica P\u00fablica. \u00c9 muito comum ouvirmos que isso n\u00e3o d\u00e1 em nada. Essa \u00e9 a fala de quem quer o povo longe daquilo que \u00e9 sagrado para o ser humano, que \u00e9 a vida pol\u00edtica, que \u00e9 diferente da vida pol\u00edtica partid\u00e1ria. H\u00e1 discuss\u00f5es sobre o bem comum dentro de casa, quando discutimos na fam\u00edlia quanto temos de dinheiro e como vamos economizar para comprar uma casa. Como guardamos economia prevendo momentos dif\u00edceis, como organizar nossa economia para ajudar algu\u00e9m que est\u00e1 precisando da nossa ajuda. Depois no bairro, na igreja, a Pastoral da Crian\u00e7a diz quantas creches temos e quantas crian\u00e7as precisariam estar l\u00e1 e n\u00e3o est\u00e3o por falta de vagas. O que podemos fazer? Um abaixo-assinado, participar de reuni\u00f5es, saber, por exemplo, quanto de recurso tem para isso, ver quem \u00e9 o vereador ou vereadora que tem compromisso com o povo, convid\u00e1-lo para uma conversa, perguntar qual o or\u00e7amento da cidade dispon\u00edvel para as creches. Essa \u00e9 uma forma de participar.<\/p>\n<p>N\u00f3s, crist\u00e3os, temos o desejo de fazer isso. Porque esses s\u00e3o os ensinamentos de Jesus Cristo. Deus n\u00e3o mandou seu Filho Unig\u00eanito aqui na Terra de forma abstrata. Ele mandou sim, feito ser humano encarnado, para dizer que a vida \u00e9 concreta. Quando Jesus diz \u201cDeixai vir a mim as criancinhas\u201d, \u00e9 a crian\u00e7a mais pobre a que Ele se refere. Quando Paulo se converte, \u00e9 pra dizer quais as pol\u00edticas para esse homem que cometeu um erro e quer outro caminho. N\u00f3s temos muito que aprender com os franciscanos, com os trabalhos realizados junto ao povo de rua, por exemplo. A forma de participar \u00e9 esta: ir ao encontro de quem mais precisa e descobrir como \u00e9 que o Estado, que tem que cuidar dos direitos, entrega os recursos e acompanhar isso, discutir, dar nossas sugest\u00f5es, escutar o outro, descobrir outras experi\u00eancias que deram certo e propor onde vivemos. Essas s\u00e3o algumas pistas para participar deste processo. N\u00e3o \u00e9 poss\u00edvel n\u00f3s, num pa\u00eds que ainda est\u00e1 entre as primeiras pot\u00eancias econ\u00f4micas do mundo, viver numa desigualdade social e econ\u00f4mica e termos ainda uma popula\u00e7\u00e3o, s\u00f3 em S\u00e3o Paulo, de mais de 24 milh\u00f5es de pessoas em situa\u00e7\u00e3o de rua, termos uma popula\u00e7\u00e3o encarcerada de mais de 700 mil pessoas. Alguma coisa est\u00e1 errada na gest\u00e3o das Pol\u00edticas P\u00fablicas e a Campanha deste ano nos convoca a tomar assento e posi\u00e7\u00e3o na participa\u00e7\u00e3o da pol\u00edtica, mas na pol\u00edtica verdadeira, discutir como nossos irm\u00e3os e irm\u00e3s, inclusive n\u00f3s, podemos ter uma vida mais digna.<\/p>\n<p><a href=\"https:\/\/vidacrista.franciscanos.org.br\/especiais\/especial-campanha-da-fraternidade\/\" target=\"_blank\" rel=\"noopener noreferrer\">CONFIRA TAMB\u00c9M O ESPECIAL SOBRE A CAMPANHA DA FRATERNIDADE<\/a><\/p>\n<hr \/>\n<p><strong>Ou\u00e7a a entrevista:<\/strong><\/p>\n<p><iframe loading=\"lazy\" src=\"https:\/\/w.soundcloud.com\/player\/?url=https%3A\/\/api.soundcloud.com\/tracks\/590574216&amp;color=%23ff5500&amp;auto_play=false&amp;hide_related=false&amp;show_comments=true&amp;show_user=true&amp;show_reposts=false&amp;show_teaser=true\" width=\"100%\" height=\"166\" frameborder=\"no\" scrolling=\"no\"><\/iframe><\/p>\n<hr \/>\n<p><strong>Confira todas as entrevistas: <\/strong><\/p>\n<p><strong>Tema e Lema da CF | Entrevistado:\u00a0 \u00a0 \u00a0<\/strong><strong><a href=\"https:\/\/franciscanos.org.br\/noticias\/d-leonardo-sejamos-ativos-na-construcao-de-politicas-publicas.html\">Dom Leonardo Ulrich Steiner<\/a><\/strong><\/p>\n<p style=\"padding-left: 30px;\">Bispo Auxiliar de Bras\u00edlia e secret\u00e1rio-geral da CNBB.<\/p>\n<p><strong>Conceito de Pol\u00edticas P\u00fablicas | Entrevistado: <a href=\"https:\/\/franciscanos.org.br\/noticias\/o-que-sao-e-como-funcionam-as-politicas-publicas.html\" target=\"_blank\" rel=\"noopener noreferrer\">Robert Soares do Nascimento<\/a><\/strong><\/p>\n<p style=\"padding-left: 30px;\">Agente de Pastoral, comp\u00f5e o N\u00facleo em Educa\u00e7\u00e3o e Direitos Humanos da UNISAL (Centro Universit\u00e1rio Salesiano de S\u00e3o Paulo) e participa do Grupo de Trabalho de Justi\u00e7a Restaurativa da Comarca de Americana (SP).<\/p>\n<p><strong>Pol\u00edtica como exerc\u00edcio do bem comum | Entrevistado: <a href=\"https:\/\/franciscanos.org.br\/noticias\/politica-como-exercicio-da-busca-do-bem-comum.html\" target=\"_blank\" rel=\"noopener noreferrer\">Felix Fernando Siriani<\/a><\/strong><\/p>\n<p style=\"padding-left: 30px;\">Formado em Gest\u00e3o de Pol\u00edticas P\u00fablicas, especialista em Pedagogia Social, Pastoral Escolar e mestrando em Mudan\u00e7a Social e Pol\u00edticas P\u00fablicas.<\/p>\n<p><strong>Doutrina Social da Igreja | Entrevistado: <a href=\"https:\/\/franciscanos.org.br\/noticias\/uma-boa-igreja-tem-que-ter-um-grande-amor-aos-pobres-afirma-fernando-altemeyer.html\" target=\"_blank\" rel=\"noopener noreferrer\">Prof. Dr. Fernando Altemeyer Junior<\/a><\/strong><\/p>\n<p style=\"padding-left: 30px;\">Chefe do Departamento de Ci\u00eancia da Religi\u00e3o da PUC-SP.<\/p>\n<p><strong>As a\u00e7\u00f5es e ensinamentos de Jesus como inspira\u00e7\u00e3o para pol\u00edticas em favor da cidadania |Entrevistado:\u00a0<a href=\"https:\/\/franciscanos.org.br\/noticias\/o-eixo-das-politicas-publicas-justica-paz-e-alegria.html\" target=\"_blank\" rel=\"noopener noreferrer\">Francisco Orofino<\/a><\/strong><\/p>\n<p style=\"padding-left: 30px;\">Leigo, professor de Teologia B\u00edblica em Nova Igua\u00e7u (RJ) e assessor do CEBI (Centro de Estudos B\u00edblicos) e do ISER Assessoria (Instituto de Estudos da Religi\u00e3o).<\/p>\n<p><strong>Os franciscanos e o engajamento pol\u00edtico | Entrevistado: <a href=\"https:\/\/franciscanos.org.br\/noticias\/frei-vitorio-pede-mais-indignacao-profetica.html\" target=\"_blank\" rel=\"noopener noreferrer\">Frei Vitorio Mazzuco<\/a><\/strong><\/p>\n<p style=\"padding-left: 30px;\">Mestre em espiritualidade e coordenador da Pastoral Universit\u00e1ria da USF.<\/p>\n<p><strong>A import\u00e2ncia dos Movimentos Sociais na busca do bem comum | Entrevistado: <a href=\"https:\/\/franciscanos.org.br\/noticias\/dom-guilherme-e-preciso-reanimar-os-movimentos-sociais.html\" target=\"_blank\" rel=\"noopener noreferrer\">Dom Guilherme Werlang<\/a><\/strong><\/p>\n<p style=\"padding-left: 30px;\">Bispo da Diocese de Lages (SC) e presidente da Comiss\u00e3o Episcopal Pastoral para a A\u00e7\u00e3o Social Transformadora da CNBB.<\/p>\n<p><strong>Pol\u00edticas P\u00fablicas na \u00e1rea da sa\u00fade | Entrevistado: <a href=\"https:\/\/franciscanos.org.br\/noticias\/politicas-publicas-em-favor-da-saude.html\" target=\"_blank\" rel=\"noopener noreferrer\">Fernando Pigatto <\/a><\/strong><\/p>\n<p style=\"padding-left: 30px;\">Presidente do Conselho Nacional de Sa\u00fade (CNS) e Representante da Confedera\u00e7\u00e3o Nacional das Associa\u00e7\u00f5es de Moradores (CONAM).<\/p>\n<p><strong>Pol\u00edticas P\u00fablicas na seguran\u00e7a | Entrevistado: <a href=\"https:\/\/franciscanos.org.br\/noticias\/a-seguranca-publica-precisa-da-integracao-das-instituicoes-e-da-comunidade.html\" target=\"_blank\" rel=\"noopener noreferrer\">Ricardo Bedendo<\/a><\/strong><\/p>\n<p style=\"padding-left: 30px;\">Jornalista e Mestre em Ci\u00eancias Sociais, integra o n\u00facleo de Estudos de Viol\u00eancia e Direitos Humanos da P\u00f3s-Gradua\u00e7\u00e3o em Ci\u00eancias Sociais da Universidade Federal de Juiz de Fora (UFJF).<\/p>\n<p><strong>Pol\u00edticas P\u00fablicas e Assist\u00eancia Social | Entrevistada: <a href=\"https:\/\/franciscanos.org.br\/noticias\/olhar-a-assistencia-social-como-um-direito-nao-um-favor.html\" target=\"_blank\" rel=\"noopener noreferrer\">Rosangela Pezoti<\/a><\/strong><\/p>\n<p style=\"padding-left: 30px;\">Doutora em Servi\u00e7o Social, respons\u00e1vel pelas \u00e1reas t\u00e9cnica e de articula\u00e7\u00e3o pol\u00edtica do Sefras &#8211; Servi\u00e7o Franciscano de Solidariedade.<\/p>\n<p><strong>Pol\u00edticas P\u00fablicas em favor dos negros | Entrevistado: <a href=\"https:\/\/franciscanos.org.br\/noticias\/cf-as-politicas-publicas-em-favor-dos-negros-sao-uma-conquista-de-todos.html\" target=\"_blank\" rel=\"noopener noreferrer\">Frei David Raimundo Santos<\/a><\/strong><\/p>\n<p style=\"padding-left: 30px;\">Presidente da Educafro (Educa\u00e7\u00e3o e Cidadania de Afrodescendentes e Carentes).<\/p>\n<p><strong>Import\u00e2ncia da participa\u00e7\u00e3o nos espa\u00e7os de controle social | Entrevistada: <a href=\"https:\/\/franciscanos.org.br\/noticias\/valdenia-o-controle-social-e-responsabilidade-de-toda-sociedade.html\" target=\"_blank\" rel=\"noopener noreferrer\">Vald\u00eania Paulino<\/a><\/strong><\/p>\n<p style=\"padding-left: 30px;\">Advogada, integra o Centro de Direitos Humanos de Sapopemba (SP)<\/p>\n<p><strong>Pol\u00edticas P\u00fablicas em favor dos \u00edndios e dos povos origin\u00e1rios | Entrevistado: <a href=\"https:\/\/franciscanos.org.br\/noticias\/e-preciso-lutar-para-que-nao-haja-retrocesso-nas-politicas-publicas-em-prol-dos-indigenas.html\" target=\"_blank\" rel=\"noopener noreferrer\">Egon Heck<\/a><\/strong><\/p>\n<p style=\"padding-left: 30px;\">Assessor do secretariado do Conselho Indigenista Mission\u00e1rio \u2013 Cimi.<\/p>\n<p><strong>Pol\u00edticas P\u00fablicas e Juventude | Entrevistada: <a href=\"https:\/\/franciscanos.org.br\/noticias\/por-mais-politicas-que-promovam-igualdade-de-oportunidades-entre-as-juventudes.html\" target=\"_blank\" rel=\"noopener noreferrer\">Anna Luiza Salles Souto<\/a><\/strong><\/p>\n<p style=\"padding-left: 30px;\">Coordenadora da \u00e1rea de Democracia e Participa\u00e7\u00e3o do Instituto P\u00f3lis.<\/p>\n<p><strong>Pol\u00edticas P\u00fablicas e na \u00e1rea da educa\u00e7\u00e3o | Entrevistado: <a href=\"https:\/\/franciscanos.org.br\/noticias\/a-educacao-como-um-instrumento-transformador-da-sociedade.html\" target=\"_blank\" rel=\"noopener noreferrer\">Professor Dilnei Lorenzi<\/a><\/strong><\/p>\n<p style=\"padding-left: 30px;\">Pr\u00f3-Reitor de Ensino, Pesquisa e Extens\u00e3o da Universidade S\u00e3o Francisco (USF).<\/p>\n<p><strong>Sa\u00fade e o bem comum | Entrevistado: <a href=\"https:\/\/franciscanos.org.br\/noticias\/o-papel-da-pastoral-da-saude-nas-politicas-publicas.html\" target=\"_blank\" rel=\"noopener noreferrer\">Pe. Christian de Paul de Barchifontaine<\/a><\/strong><\/p>\n<p style=\"padding-left: 30px;\">Assessor Internacional dos Camilianos na \u00c1rea da Sa\u00fade, Rela\u00e7\u00f5es P\u00fablicas das Organiza\u00e7\u00f5es Camilianas.<\/p>\n<p><strong>O exemplo concreto no Rio de Janeiro | Entrevistado: <a href=\"https:\/\/franciscanos.org.br\/noticias\/o-exemplo-concreto-do-forum-grita-baixada-no-exercicio-das-politicas-publicas.html\" target=\"_blank\" rel=\"noopener noreferrer\">Adriano de Ara\u00fajo<\/a><\/strong><\/p>\n<p style=\"padding-left: 30px;\">Soci\u00f3logo, coordenador do F\u00f3rum Grita Baixada.<\/p>\n","protected":false},"excerpt":{"rendered":"<p>S\u00e9rie Especial da Campanha da Fraternidade<\/p>\n","protected":false},"author":3,"featured_media":201939,"comment_status":"open","ping_status":"open","sticky":false,"template":"","format":"standard","meta":[],"categories":[758],"tags":[818],"acf":[],"yoast_head":"<!-- This site is optimized with the Yoast SEO plugin v19.2 - https:\/\/yoast.com\/wordpress\/plugins\/seo\/ -->\n<title>Vald\u00eania: &quot;O controle social \u00e9 responsabilidade de toda sociedade&quot; - Not\u00edcias - Franciscanos<\/title>\n<meta name=\"robots\" content=\"index, follow, max-snippet:-1, max-image-preview:large, max-video-preview:-1\" \/>\n<link rel=\"canonical\" href=\"https:\/\/franciscanos.org.br\/noticias\/valdenia-o-controle-social-e-responsabilidade-de-toda-sociedade.html\" \/>\n<meta property=\"og:locale\" content=\"pt_BR\" \/>\n<meta property=\"og:type\" content=\"article\" \/>\n<meta property=\"og:title\" content=\"Vald\u00eania: &quot;O controle social \u00e9 responsabilidade de toda sociedade&quot; - Not\u00edcias - Franciscanos\" \/>\n<meta property=\"og:description\" content=\"S\u00e9rie Especial da Campanha da Fraternidade\" \/>\n<meta property=\"og:url\" content=\"https:\/\/franciscanos.org.br\/noticias\/valdenia-o-controle-social-e-responsabilidade-de-toda-sociedade.html\" \/>\n<meta property=\"og:site_name\" content=\"Not\u00edcias - Franciscanos\" \/>\n<meta property=\"article:published_time\" content=\"2019-03-29T16:28:06+00:00\" \/>\n<meta property=\"article:modified_time\" content=\"2019-04-22T17:41:33+00:00\" \/>\n<meta property=\"og:image\" content=\"https:\/\/franciscanos.org.br\/noticias\/wp-content\/uploads\/2019\/03\/valdenia-paulino-273.jpg\" \/>\n\t<meta property=\"og:image:width\" content=\"273\" \/>\n\t<meta property=\"og:image:height\" content=\"181\" \/>\n\t<meta property=\"og:image:type\" content=\"image\/jpeg\" \/>\n<meta name=\"author\" content=\"moacir\" \/>\n<meta name=\"twitter:card\" content=\"summary_large_image\" \/>\n<meta name=\"twitter:label1\" content=\"Escrito por\" \/>\n\t<meta name=\"twitter:data1\" content=\"moacir\" \/>\n\t<meta name=\"twitter:label2\" content=\"Est. tempo de leitura\" \/>\n\t<meta name=\"twitter:data2\" content=\"9 minutos\" \/>\n<script type=\"application\/ld+json\" class=\"yoast-schema-graph\">{\"@context\":\"https:\/\/schema.org\",\"@graph\":[{\"@type\":\"WebSite\",\"@id\":\"https:\/\/franciscanos.org.br\/noticias\/#website\",\"url\":\"https:\/\/franciscanos.org.br\/noticias\/\",\"name\":\"Not\u00edcias - Franciscanos\",\"description\":\"Prov\u00edncia Franciscana da Imaculada Concei\u00e7\u00e3o do Brasil - Ordem dos Frades Menores - OFM\",\"potentialAction\":[{\"@type\":\"SearchAction\",\"target\":{\"@type\":\"EntryPoint\",\"urlTemplate\":\"https:\/\/franciscanos.org.br\/noticias\/?s={search_term_string}\"},\"query-input\":\"required name=search_term_string\"}],\"inLanguage\":\"pt-BR\"},{\"@type\":\"ImageObject\",\"inLanguage\":\"pt-BR\",\"@id\":\"https:\/\/franciscanos.org.br\/noticias\/valdenia-o-controle-social-e-responsabilidade-de-toda-sociedade.html#primaryimage\",\"url\":\"https:\/\/franciscanos.org.br\/noticias\/wp-content\/uploads\/2019\/03\/valdenia-paulino-273.jpg\",\"contentUrl\":\"https:\/\/franciscanos.org.br\/noticias\/wp-content\/uploads\/2019\/03\/valdenia-paulino-273.jpg\",\"width\":273,\"height\":181},{\"@type\":\"WebPage\",\"@id\":\"https:\/\/franciscanos.org.br\/noticias\/valdenia-o-controle-social-e-responsabilidade-de-toda-sociedade.html#webpage\",\"url\":\"https:\/\/franciscanos.org.br\/noticias\/valdenia-o-controle-social-e-responsabilidade-de-toda-sociedade.html\",\"name\":\"Vald\u00eania: \\\"O controle social \u00e9 responsabilidade de toda sociedade\\\" - Not\u00edcias - Franciscanos\",\"isPartOf\":{\"@id\":\"https:\/\/franciscanos.org.br\/noticias\/#website\"},\"primaryImageOfPage\":{\"@id\":\"https:\/\/franciscanos.org.br\/noticias\/valdenia-o-controle-social-e-responsabilidade-de-toda-sociedade.html#primaryimage\"},\"datePublished\":\"2019-03-29T16:28:06+00:00\",\"dateModified\":\"2019-04-22T17:41:33+00:00\",\"author\":{\"@id\":\"https:\/\/franciscanos.org.br\/noticias\/#\/schema\/person\/b5c8cba458c330ccff548b056e95a5d4\"},\"breadcrumb\":{\"@id\":\"https:\/\/franciscanos.org.br\/noticias\/valdenia-o-controle-social-e-responsabilidade-de-toda-sociedade.html#breadcrumb\"},\"inLanguage\":\"pt-BR\",\"potentialAction\":[{\"@type\":\"ReadAction\",\"target\":[\"https:\/\/franciscanos.org.br\/noticias\/valdenia-o-controle-social-e-responsabilidade-de-toda-sociedade.html\"]}]},{\"@type\":\"BreadcrumbList\",\"@id\":\"https:\/\/franciscanos.org.br\/noticias\/valdenia-o-controle-social-e-responsabilidade-de-toda-sociedade.html#breadcrumb\",\"itemListElement\":[{\"@type\":\"ListItem\",\"position\":1,\"name\":\"Home\",\"item\":\"https:\/\/franciscanos.org.br\/noticias\"},{\"@type\":\"ListItem\",\"position\":2,\"name\":\"Vald\u00eania: &#8220;O controle social \u00e9 responsabilidade de toda sociedade&#8221;\"}]},{\"@type\":\"Person\",\"@id\":\"https:\/\/franciscanos.org.br\/noticias\/#\/schema\/person\/b5c8cba458c330ccff548b056e95a5d4\",\"name\":\"moacir\",\"image\":{\"@type\":\"ImageObject\",\"inLanguage\":\"pt-BR\",\"@id\":\"https:\/\/franciscanos.org.br\/noticias\/#\/schema\/person\/image\/\",\"url\":\"https:\/\/secure.gravatar.com\/avatar\/d08aa2ce4c8dd416d4479aa8536fcf64?s=96&d=mm&r=g\",\"contentUrl\":\"https:\/\/secure.gravatar.com\/avatar\/d08aa2ce4c8dd416d4479aa8536fcf64?s=96&d=mm&r=g\",\"caption\":\"moacir\"},\"url\":\"https:\/\/franciscanos.org.br\/noticias\/author\/moacir\"}]}<\/script>\n<!-- \/ Yoast SEO plugin. -->","yoast_head_json":{"title":"Vald\u00eania: \"O controle social \u00e9 responsabilidade de toda sociedade\" - Not\u00edcias - Franciscanos","robots":{"index":"index","follow":"follow","max-snippet":"max-snippet:-1","max-image-preview":"max-image-preview:large","max-video-preview":"max-video-preview:-1"},"canonical":"https:\/\/franciscanos.org.br\/noticias\/valdenia-o-controle-social-e-responsabilidade-de-toda-sociedade.html","og_locale":"pt_BR","og_type":"article","og_title":"Vald\u00eania: \"O controle social \u00e9 responsabilidade de toda sociedade\" - Not\u00edcias - Franciscanos","og_description":"S\u00e9rie Especial da Campanha da Fraternidade","og_url":"https:\/\/franciscanos.org.br\/noticias\/valdenia-o-controle-social-e-responsabilidade-de-toda-sociedade.html","og_site_name":"Not\u00edcias - Franciscanos","article_published_time":"2019-03-29T16:28:06+00:00","article_modified_time":"2019-04-22T17:41:33+00:00","og_image":[{"width":273,"height":181,"url":"https:\/\/franciscanos.org.br\/noticias\/wp-content\/uploads\/2019\/03\/valdenia-paulino-273.jpg","type":"image\/jpeg"}],"author":"moacir","twitter_card":"summary_large_image","twitter_misc":{"Escrito por":"moacir","Est. tempo de leitura":"9 minutos"},"schema":{"@context":"https:\/\/schema.org","@graph":[{"@type":"WebSite","@id":"https:\/\/franciscanos.org.br\/noticias\/#website","url":"https:\/\/franciscanos.org.br\/noticias\/","name":"Not\u00edcias - Franciscanos","description":"Prov\u00edncia Franciscana da Imaculada Concei\u00e7\u00e3o do Brasil - Ordem dos Frades Menores - OFM","potentialAction":[{"@type":"SearchAction","target":{"@type":"EntryPoint","urlTemplate":"https:\/\/franciscanos.org.br\/noticias\/?s={search_term_string}"},"query-input":"required name=search_term_string"}],"inLanguage":"pt-BR"},{"@type":"ImageObject","inLanguage":"pt-BR","@id":"https:\/\/franciscanos.org.br\/noticias\/valdenia-o-controle-social-e-responsabilidade-de-toda-sociedade.html#primaryimage","url":"https:\/\/franciscanos.org.br\/noticias\/wp-content\/uploads\/2019\/03\/valdenia-paulino-273.jpg","contentUrl":"https:\/\/franciscanos.org.br\/noticias\/wp-content\/uploads\/2019\/03\/valdenia-paulino-273.jpg","width":273,"height":181},{"@type":"WebPage","@id":"https:\/\/franciscanos.org.br\/noticias\/valdenia-o-controle-social-e-responsabilidade-de-toda-sociedade.html#webpage","url":"https:\/\/franciscanos.org.br\/noticias\/valdenia-o-controle-social-e-responsabilidade-de-toda-sociedade.html","name":"Vald\u00eania: \"O controle social \u00e9 responsabilidade de toda sociedade\" - Not\u00edcias - Franciscanos","isPartOf":{"@id":"https:\/\/franciscanos.org.br\/noticias\/#website"},"primaryImageOfPage":{"@id":"https:\/\/franciscanos.org.br\/noticias\/valdenia-o-controle-social-e-responsabilidade-de-toda-sociedade.html#primaryimage"},"datePublished":"2019-03-29T16:28:06+00:00","dateModified":"2019-04-22T17:41:33+00:00","author":{"@id":"https:\/\/franciscanos.org.br\/noticias\/#\/schema\/person\/b5c8cba458c330ccff548b056e95a5d4"},"breadcrumb":{"@id":"https:\/\/franciscanos.org.br\/noticias\/valdenia-o-controle-social-e-responsabilidade-de-toda-sociedade.html#breadcrumb"},"inLanguage":"pt-BR","potentialAction":[{"@type":"ReadAction","target":["https:\/\/franciscanos.org.br\/noticias\/valdenia-o-controle-social-e-responsabilidade-de-toda-sociedade.html"]}]},{"@type":"BreadcrumbList","@id":"https:\/\/franciscanos.org.br\/noticias\/valdenia-o-controle-social-e-responsabilidade-de-toda-sociedade.html#breadcrumb","itemListElement":[{"@type":"ListItem","position":1,"name":"Home","item":"https:\/\/franciscanos.org.br\/noticias"},{"@type":"ListItem","position":2,"name":"Vald\u00eania: &#8220;O controle social \u00e9 responsabilidade de toda sociedade&#8221;"}]},{"@type":"Person","@id":"https:\/\/franciscanos.org.br\/noticias\/#\/schema\/person\/b5c8cba458c330ccff548b056e95a5d4","name":"moacir","image":{"@type":"ImageObject","inLanguage":"pt-BR","@id":"https:\/\/franciscanos.org.br\/noticias\/#\/schema\/person\/image\/","url":"https:\/\/secure.gravatar.com\/avatar\/d08aa2ce4c8dd416d4479aa8536fcf64?s=96&d=mm&r=g","contentUrl":"https:\/\/secure.gravatar.com\/avatar\/d08aa2ce4c8dd416d4479aa8536fcf64?s=96&d=mm&r=g","caption":"moacir"},"url":"https:\/\/franciscanos.org.br\/noticias\/author\/moacir"}]}},"_links":{"self":[{"href":"https:\/\/franciscanos.org.br\/noticias\/wp-json\/wp\/v2\/posts\/201938"}],"collection":[{"href":"https:\/\/franciscanos.org.br\/noticias\/wp-json\/wp\/v2\/posts"}],"about":[{"href":"https:\/\/franciscanos.org.br\/noticias\/wp-json\/wp\/v2\/types\/post"}],"author":[{"embeddable":true,"href":"https:\/\/franciscanos.org.br\/noticias\/wp-json\/wp\/v2\/users\/3"}],"replies":[{"embeddable":true,"href":"https:\/\/franciscanos.org.br\/noticias\/wp-json\/wp\/v2\/comments?post=201938"}],"version-history":[{"count":0,"href":"https:\/\/franciscanos.org.br\/noticias\/wp-json\/wp\/v2\/posts\/201938\/revisions"}],"wp:featuredmedia":[{"embeddable":true,"href":"https:\/\/franciscanos.org.br\/noticias\/wp-json\/wp\/v2\/media\/201939"}],"wp:attachment":[{"href":"https:\/\/franciscanos.org.br\/noticias\/wp-json\/wp\/v2\/media?parent=201938"}],"wp:term":[{"taxonomy":"category","embeddable":true,"href":"https:\/\/franciscanos.org.br\/noticias\/wp-json\/wp\/v2\/categories?post=201938"},{"taxonomy":"post_tag","embeddable":true,"href":"https:\/\/franciscanos.org.br\/noticias\/wp-json\/wp\/v2\/tags?post=201938"}],"curies":[{"name":"wp","href":"https:\/\/api.w.org\/{rel}","templated":true}]}}