{"id":201899,"date":"2019-03-29T08:37:26","date_gmt":"2019-03-29T11:37:26","guid":{"rendered":"https:\/\/franciscanos.org.br\/noticias\/?p=201899"},"modified":"2019-03-29T08:37:26","modified_gmt":"2019-03-29T11:37:26","slug":"convento-da-penha-participa-do-movimento-hora-do-planeta","status":"publish","type":"post","link":"https:\/\/franciscanos.org.br\/noticias\/convento-da-penha-participa-do-movimento-hora-do-planeta.html","title":{"rendered":"Convento da Penha participa do movimento \u201cHora do Planeta\u201d"},"content":{"rendered":"<div><img loading=\"lazy\" class=\"aligncenter size-full wp-image-201900\" src=\"https:\/\/franciscanos.org.br\/noticias\/wp-content\/uploads\/2019\/03\/penha_2903.jpg\" alt=\"\" width=\"890\" height=\"491\" srcset=\"https:\/\/franciscanos.org.br\/noticias\/wp-content\/uploads\/2019\/03\/penha_2903.jpg 890w, https:\/\/franciscanos.org.br\/noticias\/wp-content\/uploads\/2019\/03\/penha_2903-450x248.jpg 450w, https:\/\/franciscanos.org.br\/noticias\/wp-content\/uploads\/2019\/03\/penha_2903-768x424.jpg 768w, https:\/\/franciscanos.org.br\/noticias\/wp-content\/uploads\/2019\/03\/penha_2903-150x83.jpg 150w\" sizes=\"(max-width: 890px) 100vw, 890px\" \/><\/div>\n<div><\/div>\n<div>\n<p>O Convento da Penha, por meio do programa de preserva\u00e7\u00e3o permanente \u201cEcos do Convento\u201d, aderiu e participa do movimento global \u201cHora do Planeta\u201d &#8211; criado como forma de sensibilizar as pessoas para as quest\u00f5es de mudan\u00e7as clim\u00e1ticas e seu impacto na biodiversidade e na humanidade -, que ser\u00e1 realizado neste s\u00e1bado, 30 de mar\u00e7o, em todo o mundo.<\/p>\n<p>O &#8220;Hora do Planeta&#8221; \u00e9 aquele momento em que pessoas, cidades e empresas s\u00e3o convidadas a demonstrar sua preocupa\u00e7\u00e3o com a quest\u00e3o ambiental (e como isso est\u00e1 relacionado com nossas vidas) por meio de um ato simples: apagar as luzes por uma hora, em um dia espec\u00edfico. Por\u00e9m, o significado \u00e9 muito maior!<\/p>\n<p>No Convento da Penha ser\u00e1 uma noite especial de reflex\u00e3o. A programa\u00e7\u00e3o come\u00e7a \u00e0s 18h30, quando os participantes se concentrar\u00e3o no Port\u00e3o do Convento da Penha. \u00c0s 19h30, os participantes sobem o Morro da Penha caminhando at\u00e9 o Campinho, j\u00e1 no topo do Morro, onde ser\u00e3o recebidos pelo guardi\u00e3o Frei Paulo Roberto Pereira. Antes das luzes serem apagadas, \u00e0s 20h30, ser\u00e3o apresentados o O programa &#8220;Ecos do Convento&#8221; e o movimento &#8220;Hora do Planeta&#8221;.<\/p>\n<p>At\u00e9 \u00e0s 21h30, durante uma hora, os participantes refletir\u00e3o sobre este momento com a participa\u00e7\u00e3o do grupo Encanta Conto.<\/p>\n<p>Segundo Frei Paulo, a visibilidade tur\u00edstica, a localiza\u00e7\u00e3o estrat\u00e9gica, a import\u00e2ncia do mais imponente e importante monumento capixaba, e considerando a presen\u00e7a viva da natureza emoldurando o Santu\u00e1rio, credenciam o Convento da Penha como o espa\u00e7o de maior visibilidade do Estado, o que para uma a\u00e7\u00e3o como esta, propicia a reflex\u00e3o e a atitude de cuidado com o planeta. O programa \u201cEcos do Convento\u201d participar\u00e1 apagando as luzes, promovendo uma Eco-Caminhada e intera\u00e7\u00e3o entre os participantes do evento.<\/p>\n<p>O movimento &#8220;Hora do Planeta&#8221; nasceu em 2007, na cidade de Sydney, na Austr\u00e1lia, e, desde ent\u00e3o, vem ganhando o mundo com mais adeptos. Em 2018, o movimento teve a participa\u00e7\u00e3o de cidades em 188 pa\u00edses e territ\u00f3rios, contabilizando mais de 17 mil \u00edcones ou monumentos apagados. O Brasil tem uma grande participa\u00e7\u00e3o nessa hist\u00f3ria, envolvendo mais de cem cidades e 1.500 monumentos!<\/p>\n<p>O guardi\u00e3o pede a cada participante que venha vestido com uma camisa branca e traga 1kg de alimento n\u00e3o perec\u00edvel para doar a uma institui\u00e7\u00e3o filantr\u00f3pica.<\/p>\n<p>O link para inscri\u00e7\u00e3o \u00e9:\u00a0<a href=\"https:\/\/www.e-inscricao.com\/ecosdoconvento-horadoplaneta\/https-www-e-inscricao-com-ecosdoconvento-horadoplaneta\" target=\"_blank\" rel=\"noopener\" data-saferedirecturl=\"https:\/\/www.google.com\/url?q=https:\/\/www.e-inscricao.com\/ecosdoconvento-horadoplaneta\/https-www-e-inscricao-com-ecosdoconvento-horadoplaneta&amp;source=gmail&amp;ust=1553937916966000&amp;usg=AFQjCNHoGCN89g0YUHWTiWCwR46yX1RhKA\">https:\/\/www.e-inscricao.<wbr \/>com\/ecosdoconvento-<wbr \/>horadoplaneta\/https-www-e-<wbr \/>inscricao-com-ecosdoconvento-<wbr \/>horadoplaneta<\/a><\/p>\n<\/div>\n","protected":false},"excerpt":{"rendered":"<p>Convento da Penha participa do movimento &#8220;Hora do Planeta&#8221;<\/p>\n","protected":false},"author":3,"featured_media":201901,"comment_status":"open","ping_status":"open","sticky":false,"template":"","format":"standard","meta":[],"categories":[1],"tags":[248],"acf":[],"yoast_head":"<!-- This site is optimized with the Yoast SEO plugin v19.2 - https:\/\/yoast.com\/wordpress\/plugins\/seo\/ -->\n<title>Convento da Penha participa do movimento \u201cHora do Planeta\u201d - Not\u00edcias - Franciscanos<\/title>\n<meta name=\"robots\" content=\"index, follow, max-snippet:-1, max-image-preview:large, max-video-preview:-1\" \/>\n<link rel=\"canonical\" href=\"https:\/\/franciscanos.org.br\/noticias\/convento-da-penha-participa-do-movimento-hora-do-planeta.html\" \/>\n<meta property=\"og:locale\" content=\"pt_BR\" \/>\n<meta property=\"og:type\" content=\"article\" \/>\n<meta property=\"og:title\" content=\"Convento da Penha participa do movimento \u201cHora do Planeta\u201d - Not\u00edcias - Franciscanos\" \/>\n<meta property=\"og:description\" content=\"Convento da Penha participa do movimento &quot;Hora do Planeta&quot;\" \/>\n<meta property=\"og:url\" content=\"https:\/\/franciscanos.org.br\/noticias\/convento-da-penha-participa-do-movimento-hora-do-planeta.html\" \/>\n<meta property=\"og:site_name\" content=\"Not\u00edcias - Franciscanos\" \/>\n<meta property=\"article:published_time\" content=\"2019-03-29T11:37:26+00:00\" \/>\n<meta property=\"og:image\" content=\"https:\/\/franciscanos.org.br\/noticias\/wp-content\/uploads\/2019\/03\/penha_2903d.jpg\" \/>\n\t<meta property=\"og:image:width\" content=\"273\" \/>\n\t<meta property=\"og:image:height\" content=\"181\" \/>\n\t<meta property=\"og:image:type\" content=\"image\/jpeg\" \/>\n<meta name=\"author\" content=\"moacir\" \/>\n<meta name=\"twitter:card\" content=\"summary_large_image\" \/>\n<meta name=\"twitter:label1\" content=\"Escrito por\" \/>\n\t<meta name=\"twitter:data1\" content=\"moacir\" \/>\n\t<meta name=\"twitter:label2\" content=\"Est. tempo de leitura\" \/>\n\t<meta name=\"twitter:data2\" content=\"2 minutos\" \/>\n<script type=\"application\/ld+json\" class=\"yoast-schema-graph\">{\"@context\":\"https:\/\/schema.org\",\"@graph\":[{\"@type\":\"WebSite\",\"@id\":\"https:\/\/franciscanos.org.br\/noticias\/#website\",\"url\":\"https:\/\/franciscanos.org.br\/noticias\/\",\"name\":\"Not\u00edcias - Franciscanos\",\"description\":\"Prov\u00edncia Franciscana da Imaculada Concei\u00e7\u00e3o do Brasil - Ordem dos Frades Menores - OFM\",\"potentialAction\":[{\"@type\":\"SearchAction\",\"target\":{\"@type\":\"EntryPoint\",\"urlTemplate\":\"https:\/\/franciscanos.org.br\/noticias\/?s={search_term_string}\"},\"query-input\":\"required name=search_term_string\"}],\"inLanguage\":\"pt-BR\"},{\"@type\":\"ImageObject\",\"inLanguage\":\"pt-BR\",\"@id\":\"https:\/\/franciscanos.org.br\/noticias\/convento-da-penha-participa-do-movimento-hora-do-planeta.html#primaryimage\",\"url\":\"https:\/\/franciscanos.org.br\/noticias\/wp-content\/uploads\/2019\/03\/penha_2903d.jpg\",\"contentUrl\":\"https:\/\/franciscanos.org.br\/noticias\/wp-content\/uploads\/2019\/03\/penha_2903d.jpg\",\"width\":273,\"height\":181},{\"@type\":\"WebPage\",\"@id\":\"https:\/\/franciscanos.org.br\/noticias\/convento-da-penha-participa-do-movimento-hora-do-planeta.html#webpage\",\"url\":\"https:\/\/franciscanos.org.br\/noticias\/convento-da-penha-participa-do-movimento-hora-do-planeta.html\",\"name\":\"Convento da Penha participa do movimento \u201cHora do Planeta\u201d - Not\u00edcias - Franciscanos\",\"isPartOf\":{\"@id\":\"https:\/\/franciscanos.org.br\/noticias\/#website\"},\"primaryImageOfPage\":{\"@id\":\"https:\/\/franciscanos.org.br\/noticias\/convento-da-penha-participa-do-movimento-hora-do-planeta.html#primaryimage\"},\"datePublished\":\"2019-03-29T11:37:26+00:00\",\"dateModified\":\"2019-03-29T11:37:26+00:00\",\"author\":{\"@id\":\"https:\/\/franciscanos.org.br\/noticias\/#\/schema\/person\/b5c8cba458c330ccff548b056e95a5d4\"},\"breadcrumb\":{\"@id\":\"https:\/\/franciscanos.org.br\/noticias\/convento-da-penha-participa-do-movimento-hora-do-planeta.html#breadcrumb\"},\"inLanguage\":\"pt-BR\",\"potentialAction\":[{\"@type\":\"ReadAction\",\"target\":[\"https:\/\/franciscanos.org.br\/noticias\/convento-da-penha-participa-do-movimento-hora-do-planeta.html\"]}]},{\"@type\":\"BreadcrumbList\",\"@id\":\"https:\/\/franciscanos.org.br\/noticias\/convento-da-penha-participa-do-movimento-hora-do-planeta.html#breadcrumb\",\"itemListElement\":[{\"@type\":\"ListItem\",\"position\":1,\"name\":\"Home\",\"item\":\"https:\/\/franciscanos.org.br\/noticias\"},{\"@type\":\"ListItem\",\"position\":2,\"name\":\"Convento da Penha participa do movimento \u201cHora do Planeta\u201d\"}]},{\"@type\":\"Person\",\"@id\":\"https:\/\/franciscanos.org.br\/noticias\/#\/schema\/person\/b5c8cba458c330ccff548b056e95a5d4\",\"name\":\"moacir\",\"image\":{\"@type\":\"ImageObject\",\"inLanguage\":\"pt-BR\",\"@id\":\"https:\/\/franciscanos.org.br\/noticias\/#\/schema\/person\/image\/\",\"url\":\"https:\/\/secure.gravatar.com\/avatar\/d08aa2ce4c8dd416d4479aa8536fcf64?s=96&d=mm&r=g\",\"contentUrl\":\"https:\/\/secure.gravatar.com\/avatar\/d08aa2ce4c8dd416d4479aa8536fcf64?s=96&d=mm&r=g\",\"caption\":\"moacir\"},\"url\":\"https:\/\/franciscanos.org.br\/noticias\/author\/moacir\"}]}<\/script>\n<!-- \/ Yoast SEO plugin. -->","yoast_head_json":{"title":"Convento da Penha participa do movimento \u201cHora do Planeta\u201d - Not\u00edcias - Franciscanos","robots":{"index":"index","follow":"follow","max-snippet":"max-snippet:-1","max-image-preview":"max-image-preview:large","max-video-preview":"max-video-preview:-1"},"canonical":"https:\/\/franciscanos.org.br\/noticias\/convento-da-penha-participa-do-movimento-hora-do-planeta.html","og_locale":"pt_BR","og_type":"article","og_title":"Convento da Penha participa do movimento \u201cHora do Planeta\u201d - Not\u00edcias - Franciscanos","og_description":"Convento da Penha participa do movimento \"Hora do Planeta\"","og_url":"https:\/\/franciscanos.org.br\/noticias\/convento-da-penha-participa-do-movimento-hora-do-planeta.html","og_site_name":"Not\u00edcias - Franciscanos","article_published_time":"2019-03-29T11:37:26+00:00","og_image":[{"width":273,"height":181,"url":"https:\/\/franciscanos.org.br\/noticias\/wp-content\/uploads\/2019\/03\/penha_2903d.jpg","type":"image\/jpeg"}],"author":"moacir","twitter_card":"summary_large_image","twitter_misc":{"Escrito por":"moacir","Est. tempo de leitura":"2 minutos"},"schema":{"@context":"https:\/\/schema.org","@graph":[{"@type":"WebSite","@id":"https:\/\/franciscanos.org.br\/noticias\/#website","url":"https:\/\/franciscanos.org.br\/noticias\/","name":"Not\u00edcias - Franciscanos","description":"Prov\u00edncia Franciscana da Imaculada Concei\u00e7\u00e3o do Brasil - Ordem dos Frades Menores - OFM","potentialAction":[{"@type":"SearchAction","target":{"@type":"EntryPoint","urlTemplate":"https:\/\/franciscanos.org.br\/noticias\/?s={search_term_string}"},"query-input":"required name=search_term_string"}],"inLanguage":"pt-BR"},{"@type":"ImageObject","inLanguage":"pt-BR","@id":"https:\/\/franciscanos.org.br\/noticias\/convento-da-penha-participa-do-movimento-hora-do-planeta.html#primaryimage","url":"https:\/\/franciscanos.org.br\/noticias\/wp-content\/uploads\/2019\/03\/penha_2903d.jpg","contentUrl":"https:\/\/franciscanos.org.br\/noticias\/wp-content\/uploads\/2019\/03\/penha_2903d.jpg","width":273,"height":181},{"@type":"WebPage","@id":"https:\/\/franciscanos.org.br\/noticias\/convento-da-penha-participa-do-movimento-hora-do-planeta.html#webpage","url":"https:\/\/franciscanos.org.br\/noticias\/convento-da-penha-participa-do-movimento-hora-do-planeta.html","name":"Convento da Penha participa do movimento \u201cHora do Planeta\u201d - Not\u00edcias - Franciscanos","isPartOf":{"@id":"https:\/\/franciscanos.org.br\/noticias\/#website"},"primaryImageOfPage":{"@id":"https:\/\/franciscanos.org.br\/noticias\/convento-da-penha-participa-do-movimento-hora-do-planeta.html#primaryimage"},"datePublished":"2019-03-29T11:37:26+00:00","dateModified":"2019-03-29T11:37:26+00:00","author":{"@id":"https:\/\/franciscanos.org.br\/noticias\/#\/schema\/person\/b5c8cba458c330ccff548b056e95a5d4"},"breadcrumb":{"@id":"https:\/\/franciscanos.org.br\/noticias\/convento-da-penha-participa-do-movimento-hora-do-planeta.html#breadcrumb"},"inLanguage":"pt-BR","potentialAction":[{"@type":"ReadAction","target":["https:\/\/franciscanos.org.br\/noticias\/convento-da-penha-participa-do-movimento-hora-do-planeta.html"]}]},{"@type":"BreadcrumbList","@id":"https:\/\/franciscanos.org.br\/noticias\/convento-da-penha-participa-do-movimento-hora-do-planeta.html#breadcrumb","itemListElement":[{"@type":"ListItem","position":1,"name":"Home","item":"https:\/\/franciscanos.org.br\/noticias"},{"@type":"ListItem","position":2,"name":"Convento da Penha participa do movimento \u201cHora do Planeta\u201d"}]},{"@type":"Person","@id":"https:\/\/franciscanos.org.br\/noticias\/#\/schema\/person\/b5c8cba458c330ccff548b056e95a5d4","name":"moacir","image":{"@type":"ImageObject","inLanguage":"pt-BR","@id":"https:\/\/franciscanos.org.br\/noticias\/#\/schema\/person\/image\/","url":"https:\/\/secure.gravatar.com\/avatar\/d08aa2ce4c8dd416d4479aa8536fcf64?s=96&d=mm&r=g","contentUrl":"https:\/\/secure.gravatar.com\/avatar\/d08aa2ce4c8dd416d4479aa8536fcf64?s=96&d=mm&r=g","caption":"moacir"},"url":"https:\/\/franciscanos.org.br\/noticias\/author\/moacir"}]}},"_links":{"self":[{"href":"https:\/\/franciscanos.org.br\/noticias\/wp-json\/wp\/v2\/posts\/201899"}],"collection":[{"href":"https:\/\/franciscanos.org.br\/noticias\/wp-json\/wp\/v2\/posts"}],"about":[{"href":"https:\/\/franciscanos.org.br\/noticias\/wp-json\/wp\/v2\/types\/post"}],"author":[{"embeddable":true,"href":"https:\/\/franciscanos.org.br\/noticias\/wp-json\/wp\/v2\/users\/3"}],"replies":[{"embeddable":true,"href":"https:\/\/franciscanos.org.br\/noticias\/wp-json\/wp\/v2\/comments?post=201899"}],"version-history":[{"count":0,"href":"https:\/\/franciscanos.org.br\/noticias\/wp-json\/wp\/v2\/posts\/201899\/revisions"}],"wp:featuredmedia":[{"embeddable":true,"href":"https:\/\/franciscanos.org.br\/noticias\/wp-json\/wp\/v2\/media\/201901"}],"wp:attachment":[{"href":"https:\/\/franciscanos.org.br\/noticias\/wp-json\/wp\/v2\/media?parent=201899"}],"wp:term":[{"taxonomy":"category","embeddable":true,"href":"https:\/\/franciscanos.org.br\/noticias\/wp-json\/wp\/v2\/categories?post=201899"},{"taxonomy":"post_tag","embeddable":true,"href":"https:\/\/franciscanos.org.br\/noticias\/wp-json\/wp\/v2\/tags?post=201899"}],"curies":[{"name":"wp","href":"https:\/\/api.w.org\/{rel}","templated":true}]}}