{"id":201843,"date":"2019-03-27T23:35:38","date_gmt":"2019-03-28T02:35:38","guid":{"rendered":"https:\/\/franciscanos.org.br\/noticias\/?p=201843"},"modified":"2019-04-22T14:34:19","modified_gmt":"2019-04-22T17:34:19","slug":"cf-as-politicas-publicas-em-favor-dos-negros-sao-uma-conquista-de-todos","status":"publish","type":"post","link":"https:\/\/franciscanos.org.br\/noticias\/cf-as-politicas-publicas-em-favor-dos-negros-sao-uma-conquista-de-todos.html","title":{"rendered":"CF: As Pol\u00edticas P\u00fablicas em favor dos negros s\u00e3o uma conquista de todos"},"content":{"rendered":"<p><img loading=\"lazy\" src=\"https:\/\/franciscanos.org.br\/noticias\/wp-content\/uploads\/2019\/03\/Frei_David-980.jpg\" alt=\"\" width=\"980\" height=\"550\" \/><\/p>\n<p><em><strong>S\u00e3o Paulo (SP) &#8211; <\/strong>Para abordar o tema das Pol\u00edticas P\u00fablicas em favor dos negros, entrevistamos <strong>Frei David Raimundo dos Santos<\/strong>, diretor presidente da Educafro (Educa\u00e7\u00e3o e Cidadania de Afrodescendentes e Carentes). Para ele, o tema escolhido para a Campanha da Fraternidade deste ano \u00e9 uma oportunidade para que os crist\u00e3os estejam mais conscientizados e emponderados dos seus direitos.<\/em><\/p>\n<p><em>Uma das grandes conquistas nas Pol\u00edticas P\u00fablicas em favor dos negros s\u00e3o as pol\u00edticas de cotas, que garantiu a presen\u00e7a dos negros em \u00e1reas at\u00e9 ent\u00e3o pouco acessadas por esta parcela da popula\u00e7\u00e3o, como, por exemplo, o Ensino Superior.\u00a0 \u201cSe o cont\u00e1gio, determina\u00e7\u00e3o e convic\u00e7\u00e3o da Educafro pelas Pol\u00edticas P\u00fablicas for o mesmo que todas as comunidades cat\u00f3licas ter\u00e3o, daqui para frente, garanto que o Reino de Deus estar\u00e1 mais pr\u00f3ximo\u201d, assegura o frade.<\/em><\/p>\n<p><em>Confira a entrevista concedida a <strong>Frei Gustavo Medella<\/strong>:<\/em><\/p>\n<p><strong>Site Franciscanos &#8211; Como o sr. v\u00ea a escolha do tema da CF deste ano?<\/strong><\/p>\n<p><strong>Frei David &#8211; <\/strong>Com alegria, pois \u00e9 totalmente importante. Entendemos que neste momento, em que a Igreja define como tema da CF as Pol\u00edticas P\u00fablicas, h\u00e1 uma grande possibilidade de transforma\u00e7\u00e3o, ainda mais inspirados pelo profeta Isa\u00edas no lema: &#8220;Ser\u00e1s libertado pelo direito e pela justi\u00e7a&#8221;. Ser\u00e1s libertado &#8211; o verbo indica um futuro pr\u00f3ximo! Portanto, este futuro depender\u00e1 decisivamente da boa qualidade que n\u00f3s, Igreja, faremos no uso desta ferramenta chamada Pol\u00edticas P\u00fablicas.<\/p>\n<p><strong>Site Franciscanos &#8211; Qual a import\u00e2ncia das Pol\u00edticas P\u00fablicas para a repara\u00e7\u00e3o de toda injusti\u00e7a, agress\u00e3o e desrespeito que o povo negro recebeu no decorrer da hist\u00f3ria do Brasil?<\/strong><\/p>\n<p><strong>Frei David &#8211; <\/strong>Entre todos os oprimidos do mundo, o grupo que mais conquistou Pol\u00edticas P\u00fablicas no mundo \u00e9 o afro-brasileiro. Por exemplo, hoje 95% das Universidades p\u00fablicas e particulares do Brasil j\u00e1 t\u00eam inclus\u00e3o de negros. Hoje, 100% dos concursos p\u00fablicos federais j\u00e1 t\u00eam a inclus\u00e3o da Pol\u00edtica P\u00fablica chamada de a\u00e7\u00f5es afirmativas. Tenho certeza de que tudo isso s\u00f3 foi poss\u00edvel porque a Igreja, atrav\u00e9s do trabalho da Educafro, que conta com um frei liberado junto a um grupo de leigos de v\u00e1rias religi\u00f5es, faz este processo de conquista, com muito amor, com muita op\u00e7\u00e3o franciscana.<\/p>\n<p><strong>Site Franciscanos &#8211; Quais expectativas ficam em rela\u00e7\u00e3o aos poss\u00edveis resultados desta CF?<\/strong><\/p>\n<p><strong>Frei David &#8211; <\/strong>Tenho plena consci\u00eancia que um dos erros da nossa Igreja n\u00e3o conscientizar o povo devidamente. Quando a Igreja define como tema da CF as Pol\u00edticas P\u00fablicas e, inspirada no lema &#8220;Ser\u00e1s libertado pelo direito e pela justi\u00e7a&#8221;, entendemos que teremos um brasileiro, um crist\u00e3o cat\u00f3lico, muito mais conscientizado, muito mais empoderado dos seus direitos e, consequentemente, com mais garra para reivindic\u00e1-los. O povo das par\u00f3quias, comunidades, movimentos de nossa Igreja precisam levar s\u00e9rio a leitura integral do texto-base da CF, pois ele \u00e9 uma grande luz e ensina como se deve lutar por Pol\u00edticas P\u00fablicas. N\u00f3s, negros, atrav\u00e9s da Educafro, temos a consci\u00eancia de estes pr\u00f3ximos quatro anos, tendo a direita no poder, precisamos ter muita garra e muita energia para defender nossas Pol\u00edticas P\u00fablicas j\u00e1 consolidadas como pol\u00edticas de Estado. As cotas para negros nas universidades n\u00e3o foi d\u00e1diva do grupo a, b ou c. Foi uma Pol\u00edtica P\u00fablica de Estado com voto de todos os partidos &#8211; de direita, de centro e de esquerda. As cotas foram uma conquista, levamos mais de dez \u00f4nibus para Bras\u00edlia a fim de negociar com os deputados e senadores a aprova\u00e7\u00e3o das cotas do servi\u00e7o p\u00fablico. Foi muito investimento de tempo, amor e convic\u00e7\u00e3o na for\u00e7a de Deus para realizar esta vit\u00f3ria. Portanto, se o cont\u00e1gio, determina\u00e7\u00e3o e convic\u00e7\u00e3o da Educafro pelas Pol\u00edticas P\u00fablicas for o mesmo que todas as comunidades cat\u00f3licas ter\u00e3o, daqui para frente, garanto que o Reino de Deus estar\u00e1 mais pr\u00f3ximo.<\/p>\n<p><a href=\"https:\/\/vidacrista.franciscanos.org.br\/especiais\/especial-campanha-da-fraternidade\/\" target=\"_blank\" rel=\"noopener noreferrer\">CONFIRA TAMB\u00c9M O ESPECIAL SOBRE A CAMPANHA DA FRATERNIDADE<\/a><\/p>\n<hr \/>\n<p><strong>Ou\u00e7a a entrevista:<\/strong><\/p>\n<p><iframe loading=\"lazy\" src=\"https:\/\/w.soundcloud.com\/player\/?url=https%3A\/\/api.soundcloud.com\/tracks\/590574111&amp;color=%23ff5500&amp;auto_play=false&amp;hide_related=false&amp;show_comments=true&amp;show_user=true&amp;show_reposts=false&amp;show_teaser=true\" width=\"100%\" height=\"166\" frameborder=\"no\" scrolling=\"no\"><\/iframe><\/p>\n<hr \/>\n<p><strong>Confira todas as entrevistas: <\/strong><\/p>\n<p><strong>Tema e Lema da CF | Entrevistado:\u00a0 \u00a0 \u00a0<\/strong><strong><a href=\"https:\/\/franciscanos.org.br\/noticias\/d-leonardo-sejamos-ativos-na-construcao-de-politicas-publicas.html\">Dom Leonardo Ulrich Steiner<\/a><\/strong><\/p>\n<p style=\"padding-left: 30px;\">Bispo Auxiliar de Bras\u00edlia e secret\u00e1rio-geral da CNBB.<\/p>\n<p><strong>Conceito de Pol\u00edticas P\u00fablicas | Entrevistado: <a href=\"https:\/\/franciscanos.org.br\/noticias\/o-que-sao-e-como-funcionam-as-politicas-publicas.html\" target=\"_blank\" rel=\"noopener noreferrer\">Robert Soares do Nascimento<\/a><\/strong><\/p>\n<p style=\"padding-left: 30px;\">Agente de Pastoral, comp\u00f5e o N\u00facleo em Educa\u00e7\u00e3o e Direitos Humanos da UNISAL (Centro Universit\u00e1rio Salesiano de S\u00e3o Paulo) e participa do Grupo de Trabalho de Justi\u00e7a Restaurativa da Comarca de Americana (SP).<\/p>\n<p><strong>Pol\u00edtica como exerc\u00edcio do bem comum | Entrevistado: <a href=\"https:\/\/franciscanos.org.br\/noticias\/politica-como-exercicio-da-busca-do-bem-comum.html\" target=\"_blank\" rel=\"noopener noreferrer\">Felix Fernando Siriani<\/a><\/strong><\/p>\n<p style=\"padding-left: 30px;\">Formado em Gest\u00e3o de Pol\u00edticas P\u00fablicas, especialista em Pedagogia Social, Pastoral Escolar e mestrando em Mudan\u00e7a Social e Pol\u00edticas P\u00fablicas.<\/p>\n<p><strong>Doutrina Social da Igreja | Entrevistado: <a href=\"https:\/\/franciscanos.org.br\/noticias\/uma-boa-igreja-tem-que-ter-um-grande-amor-aos-pobres-afirma-fernando-altemeyer.html\" target=\"_blank\" rel=\"noopener noreferrer\">Prof. Dr. Fernando Altemeyer Junior<\/a><\/strong><\/p>\n<p style=\"padding-left: 30px;\">Chefe do Departamento de Ci\u00eancia da Religi\u00e3o da PUC-SP.<\/p>\n<p><strong>As a\u00e7\u00f5es e ensinamentos de Jesus como inspira\u00e7\u00e3o para pol\u00edticas em favor da cidadania |Entrevistado:\u00a0<a href=\"https:\/\/franciscanos.org.br\/noticias\/o-eixo-das-politicas-publicas-justica-paz-e-alegria.html\" target=\"_blank\" rel=\"noopener noreferrer\">Francisco Orofino<\/a><\/strong><\/p>\n<p style=\"padding-left: 30px;\">Leigo, professor de Teologia B\u00edblica em Nova Igua\u00e7u (RJ) e assessor do CEBI (Centro de Estudos B\u00edblicos) e do ISER Assessoria (Instituto de Estudos da Religi\u00e3o).<\/p>\n<p><strong>Os franciscanos e o engajamento pol\u00edtico | Entrevistado: <a href=\"https:\/\/franciscanos.org.br\/noticias\/frei-vitorio-pede-mais-indignacao-profetica.html\" target=\"_blank\" rel=\"noopener noreferrer\">Frei Vitorio Mazzuco<\/a><\/strong><\/p>\n<p style=\"padding-left: 30px;\">Mestre em espiritualidade e coordenador da Pastoral Universit\u00e1ria da USF.<\/p>\n<p><strong>A import\u00e2ncia dos Movimentos Sociais na busca do bem comum | Entrevistado: <a href=\"https:\/\/franciscanos.org.br\/noticias\/dom-guilherme-e-preciso-reanimar-os-movimentos-sociais.html\" target=\"_blank\" rel=\"noopener noreferrer\">Dom Guilherme Werlang<\/a><\/strong><\/p>\n<p style=\"padding-left: 30px;\">Bispo da Diocese de Lages (SC) e presidente da Comiss\u00e3o Episcopal Pastoral para a A\u00e7\u00e3o Social Transformadora da CNBB.<\/p>\n<p><strong>Pol\u00edticas P\u00fablicas na \u00e1rea da sa\u00fade | Entrevistado: <a href=\"https:\/\/franciscanos.org.br\/noticias\/politicas-publicas-em-favor-da-saude.html\" target=\"_blank\" rel=\"noopener noreferrer\">Fernando Pigatto <\/a><\/strong><\/p>\n<p style=\"padding-left: 30px;\">Presidente do Conselho Nacional de Sa\u00fade (CNS) e Representante da Confedera\u00e7\u00e3o Nacional das Associa\u00e7\u00f5es de Moradores (CONAM).<\/p>\n<p><strong>Pol\u00edticas P\u00fablicas na seguran\u00e7a | Entrevistado: <a href=\"https:\/\/franciscanos.org.br\/noticias\/a-seguranca-publica-precisa-da-integracao-das-instituicoes-e-da-comunidade.html\" target=\"_blank\" rel=\"noopener noreferrer\">Ricardo Bedendo<\/a><\/strong><\/p>\n<p style=\"padding-left: 30px;\">Jornalista e Mestre em Ci\u00eancias Sociais, integra o n\u00facleo de Estudos de Viol\u00eancia e Direitos Humanos da P\u00f3s-Gradua\u00e7\u00e3o em Ci\u00eancias Sociais da Universidade Federal de Juiz de Fora (UFJF).<\/p>\n<p><strong>Pol\u00edticas P\u00fablicas e Assist\u00eancia Social | Entrevistada: <a href=\"https:\/\/franciscanos.org.br\/noticias\/olhar-a-assistencia-social-como-um-direito-nao-um-favor.html\" target=\"_blank\" rel=\"noopener noreferrer\">Rosangela Pezoti<\/a><\/strong><\/p>\n<p style=\"padding-left: 30px;\">Doutora em Servi\u00e7o Social, respons\u00e1vel pelas \u00e1reas t\u00e9cnica e de articula\u00e7\u00e3o pol\u00edtica do Sefras &#8211; Servi\u00e7o Franciscano de Solidariedade.<\/p>\n<p><strong>Pol\u00edticas P\u00fablicas em favor dos negros | Entrevistado: <a href=\"https:\/\/franciscanos.org.br\/noticias\/cf-as-politicas-publicas-em-favor-dos-negros-sao-uma-conquista-de-todos.html\" target=\"_blank\" rel=\"noopener noreferrer\">Frei David Raimundo Santos<\/a><\/strong><\/p>\n<p style=\"padding-left: 30px;\">Presidente da Educafro (Educa\u00e7\u00e3o e Cidadania de Afrodescendentes e Carentes).<\/p>\n<p><strong>Import\u00e2ncia da participa\u00e7\u00e3o nos espa\u00e7os de controle social | Entrevistada: <a href=\"https:\/\/franciscanos.org.br\/noticias\/valdenia-o-controle-social-e-responsabilidade-de-toda-sociedade.html\" target=\"_blank\" rel=\"noopener noreferrer\">Vald\u00eania Paulino<\/a><\/strong><\/p>\n<p style=\"padding-left: 30px;\">Advogada, integra o Centro de Direitos Humanos de Sapopemba (SP)<\/p>\n<p><strong>Pol\u00edticas P\u00fablicas em favor dos \u00edndios e dos povos origin\u00e1rios | Entrevistado: <a href=\"https:\/\/franciscanos.org.br\/noticias\/e-preciso-lutar-para-que-nao-haja-retrocesso-nas-politicas-publicas-em-prol-dos-indigenas.html\" target=\"_blank\" rel=\"noopener noreferrer\">Egon Heck<\/a><\/strong><\/p>\n<p style=\"padding-left: 30px;\">Assessor do secretariado do Conselho Indigenista Mission\u00e1rio \u2013 Cimi.<\/p>\n<p><strong>Pol\u00edticas P\u00fablicas e Juventude | Entrevistada: <a href=\"https:\/\/franciscanos.org.br\/noticias\/por-mais-politicas-que-promovam-igualdade-de-oportunidades-entre-as-juventudes.html\" target=\"_blank\" rel=\"noopener noreferrer\">Anna Luiza Salles Souto<\/a><\/strong><\/p>\n<p style=\"padding-left: 30px;\">Coordenadora da \u00e1rea de Democracia e Participa\u00e7\u00e3o do Instituto P\u00f3lis.<\/p>\n<p><strong>Pol\u00edticas P\u00fablicas e na \u00e1rea da educa\u00e7\u00e3o | Entrevistado: <a href=\"https:\/\/franciscanos.org.br\/noticias\/a-educacao-como-um-instrumento-transformador-da-sociedade.html\" target=\"_blank\" rel=\"noopener noreferrer\">Professor Dilnei Lorenzi<\/a><\/strong><\/p>\n<p style=\"padding-left: 30px;\">Pr\u00f3-Reitor de Ensino, Pesquisa e Extens\u00e3o da Universidade S\u00e3o Francisco (USF).<\/p>\n<p><strong>Sa\u00fade e o bem comum | Entrevistado: <a href=\"https:\/\/franciscanos.org.br\/noticias\/o-papel-da-pastoral-da-saude-nas-politicas-publicas.html\" target=\"_blank\" rel=\"noopener noreferrer\">Pe. Christian de Paul de Barchifontaine<\/a><\/strong><\/p>\n<p style=\"padding-left: 30px;\">Assessor Internacional dos Camilianos na \u00c1rea da Sa\u00fade, Rela\u00e7\u00f5es P\u00fablicas das Organiza\u00e7\u00f5es Camilianas.<\/p>\n<p><strong>O exemplo concreto no Rio de Janeiro | Entrevistado: <a href=\"https:\/\/franciscanos.org.br\/noticias\/o-exemplo-concreto-do-forum-grita-baixada-no-exercicio-das-politicas-publicas.html\" target=\"_blank\" rel=\"noopener noreferrer\">Adriano de Ara\u00fajo<\/a><\/strong><\/p>\n<p style=\"padding-left: 30px;\">Soci\u00f3logo, coordenador do F\u00f3rum Grita Baixada.<\/p>\n","protected":false},"excerpt":{"rendered":"<p>Entrevista com Frei David Raimundo dos Santos<\/p>\n","protected":false},"author":7,"featured_media":201844,"comment_status":"open","ping_status":"open","sticky":false,"template":"","format":"standard","meta":[],"categories":[758],"tags":[818,180,17],"acf":[],"yoast_head":"<!-- This site is optimized with the Yoast SEO plugin v19.2 - https:\/\/yoast.com\/wordpress\/plugins\/seo\/ -->\n<title>CF: As Pol\u00edticas P\u00fablicas em favor dos negros s\u00e3o uma conquista de todos - Not\u00edcias - Franciscanos<\/title>\n<meta name=\"robots\" content=\"index, follow, max-snippet:-1, max-image-preview:large, max-video-preview:-1\" \/>\n<link rel=\"canonical\" href=\"https:\/\/franciscanos.org.br\/noticias\/cf-as-politicas-publicas-em-favor-dos-negros-sao-uma-conquista-de-todos.html\" \/>\n<meta property=\"og:locale\" content=\"pt_BR\" \/>\n<meta property=\"og:type\" content=\"article\" \/>\n<meta property=\"og:title\" content=\"CF: As Pol\u00edticas P\u00fablicas em favor dos negros s\u00e3o uma conquista de todos - Not\u00edcias - Franciscanos\" \/>\n<meta property=\"og:description\" content=\"Entrevista com Frei David Raimundo dos Santos\" \/>\n<meta property=\"og:url\" content=\"https:\/\/franciscanos.org.br\/noticias\/cf-as-politicas-publicas-em-favor-dos-negros-sao-uma-conquista-de-todos.html\" \/>\n<meta property=\"og:site_name\" content=\"Not\u00edcias - Franciscanos\" \/>\n<meta property=\"article:published_time\" content=\"2019-03-28T02:35:38+00:00\" \/>\n<meta property=\"article:modified_time\" content=\"2019-04-22T17:34:19+00:00\" \/>\n<meta property=\"og:image\" content=\"https:\/\/franciscanos.org.br\/noticias\/wp-content\/uploads\/2019\/03\/Frei_David-273.jpg\" \/>\n\t<meta property=\"og:image:width\" content=\"273\" \/>\n\t<meta property=\"og:image:height\" content=\"181\" \/>\n\t<meta property=\"og:image:type\" content=\"image\/jpeg\" \/>\n<meta name=\"author\" content=\"jovenal\" \/>\n<meta name=\"twitter:card\" content=\"summary_large_image\" \/>\n<meta name=\"twitter:label1\" content=\"Escrito por\" \/>\n\t<meta name=\"twitter:data1\" content=\"jovenal\" \/>\n\t<meta name=\"twitter:label2\" content=\"Est. tempo de leitura\" \/>\n\t<meta name=\"twitter:data2\" content=\"6 minutos\" \/>\n<script type=\"application\/ld+json\" class=\"yoast-schema-graph\">{\"@context\":\"https:\/\/schema.org\",\"@graph\":[{\"@type\":\"WebSite\",\"@id\":\"https:\/\/franciscanos.org.br\/noticias\/#website\",\"url\":\"https:\/\/franciscanos.org.br\/noticias\/\",\"name\":\"Not\u00edcias - Franciscanos\",\"description\":\"Prov\u00edncia Franciscana da Imaculada Concei\u00e7\u00e3o do Brasil - Ordem dos Frades Menores - OFM\",\"potentialAction\":[{\"@type\":\"SearchAction\",\"target\":{\"@type\":\"EntryPoint\",\"urlTemplate\":\"https:\/\/franciscanos.org.br\/noticias\/?s={search_term_string}\"},\"query-input\":\"required name=search_term_string\"}],\"inLanguage\":\"pt-BR\"},{\"@type\":\"ImageObject\",\"inLanguage\":\"pt-BR\",\"@id\":\"https:\/\/franciscanos.org.br\/noticias\/cf-as-politicas-publicas-em-favor-dos-negros-sao-uma-conquista-de-todos.html#primaryimage\",\"url\":\"https:\/\/franciscanos.org.br\/noticias\/wp-content\/uploads\/2019\/03\/Frei_David-273.jpg\",\"contentUrl\":\"https:\/\/franciscanos.org.br\/noticias\/wp-content\/uploads\/2019\/03\/Frei_David-273.jpg\",\"width\":273,\"height\":181},{\"@type\":\"WebPage\",\"@id\":\"https:\/\/franciscanos.org.br\/noticias\/cf-as-politicas-publicas-em-favor-dos-negros-sao-uma-conquista-de-todos.html#webpage\",\"url\":\"https:\/\/franciscanos.org.br\/noticias\/cf-as-politicas-publicas-em-favor-dos-negros-sao-uma-conquista-de-todos.html\",\"name\":\"CF: As Pol\u00edticas P\u00fablicas em favor dos negros s\u00e3o uma conquista de todos - Not\u00edcias - Franciscanos\",\"isPartOf\":{\"@id\":\"https:\/\/franciscanos.org.br\/noticias\/#website\"},\"primaryImageOfPage\":{\"@id\":\"https:\/\/franciscanos.org.br\/noticias\/cf-as-politicas-publicas-em-favor-dos-negros-sao-uma-conquista-de-todos.html#primaryimage\"},\"datePublished\":\"2019-03-28T02:35:38+00:00\",\"dateModified\":\"2019-04-22T17:34:19+00:00\",\"author\":{\"@id\":\"https:\/\/franciscanos.org.br\/noticias\/#\/schema\/person\/c3a26b08313dd1772495ce300ab257cc\"},\"breadcrumb\":{\"@id\":\"https:\/\/franciscanos.org.br\/noticias\/cf-as-politicas-publicas-em-favor-dos-negros-sao-uma-conquista-de-todos.html#breadcrumb\"},\"inLanguage\":\"pt-BR\",\"potentialAction\":[{\"@type\":\"ReadAction\",\"target\":[\"https:\/\/franciscanos.org.br\/noticias\/cf-as-politicas-publicas-em-favor-dos-negros-sao-uma-conquista-de-todos.html\"]}]},{\"@type\":\"BreadcrumbList\",\"@id\":\"https:\/\/franciscanos.org.br\/noticias\/cf-as-politicas-publicas-em-favor-dos-negros-sao-uma-conquista-de-todos.html#breadcrumb\",\"itemListElement\":[{\"@type\":\"ListItem\",\"position\":1,\"name\":\"Home\",\"item\":\"https:\/\/franciscanos.org.br\/noticias\"},{\"@type\":\"ListItem\",\"position\":2,\"name\":\"CF: As Pol\u00edticas P\u00fablicas em favor dos negros s\u00e3o uma conquista de todos\"}]},{\"@type\":\"Person\",\"@id\":\"https:\/\/franciscanos.org.br\/noticias\/#\/schema\/person\/c3a26b08313dd1772495ce300ab257cc\",\"name\":\"jovenal\",\"image\":{\"@type\":\"ImageObject\",\"inLanguage\":\"pt-BR\",\"@id\":\"https:\/\/franciscanos.org.br\/noticias\/#\/schema\/person\/image\/\",\"url\":\"https:\/\/secure.gravatar.com\/avatar\/e94509f531086e2eaf97e72f29ea00f9?s=96&d=mm&r=g\",\"contentUrl\":\"https:\/\/secure.gravatar.com\/avatar\/e94509f531086e2eaf97e72f29ea00f9?s=96&d=mm&r=g\",\"caption\":\"jovenal\"},\"url\":\"https:\/\/franciscanos.org.br\/noticias\/author\/jovenal\"}]}<\/script>\n<!-- \/ Yoast SEO plugin. -->","yoast_head_json":{"title":"CF: As Pol\u00edticas P\u00fablicas em favor dos negros s\u00e3o uma conquista de todos - Not\u00edcias - Franciscanos","robots":{"index":"index","follow":"follow","max-snippet":"max-snippet:-1","max-image-preview":"max-image-preview:large","max-video-preview":"max-video-preview:-1"},"canonical":"https:\/\/franciscanos.org.br\/noticias\/cf-as-politicas-publicas-em-favor-dos-negros-sao-uma-conquista-de-todos.html","og_locale":"pt_BR","og_type":"article","og_title":"CF: As Pol\u00edticas P\u00fablicas em favor dos negros s\u00e3o uma conquista de todos - Not\u00edcias - Franciscanos","og_description":"Entrevista com Frei David Raimundo dos Santos","og_url":"https:\/\/franciscanos.org.br\/noticias\/cf-as-politicas-publicas-em-favor-dos-negros-sao-uma-conquista-de-todos.html","og_site_name":"Not\u00edcias - Franciscanos","article_published_time":"2019-03-28T02:35:38+00:00","article_modified_time":"2019-04-22T17:34:19+00:00","og_image":[{"width":273,"height":181,"url":"https:\/\/franciscanos.org.br\/noticias\/wp-content\/uploads\/2019\/03\/Frei_David-273.jpg","type":"image\/jpeg"}],"author":"jovenal","twitter_card":"summary_large_image","twitter_misc":{"Escrito por":"jovenal","Est. tempo de leitura":"6 minutos"},"schema":{"@context":"https:\/\/schema.org","@graph":[{"@type":"WebSite","@id":"https:\/\/franciscanos.org.br\/noticias\/#website","url":"https:\/\/franciscanos.org.br\/noticias\/","name":"Not\u00edcias - Franciscanos","description":"Prov\u00edncia Franciscana da Imaculada Concei\u00e7\u00e3o do Brasil - Ordem dos Frades Menores - OFM","potentialAction":[{"@type":"SearchAction","target":{"@type":"EntryPoint","urlTemplate":"https:\/\/franciscanos.org.br\/noticias\/?s={search_term_string}"},"query-input":"required name=search_term_string"}],"inLanguage":"pt-BR"},{"@type":"ImageObject","inLanguage":"pt-BR","@id":"https:\/\/franciscanos.org.br\/noticias\/cf-as-politicas-publicas-em-favor-dos-negros-sao-uma-conquista-de-todos.html#primaryimage","url":"https:\/\/franciscanos.org.br\/noticias\/wp-content\/uploads\/2019\/03\/Frei_David-273.jpg","contentUrl":"https:\/\/franciscanos.org.br\/noticias\/wp-content\/uploads\/2019\/03\/Frei_David-273.jpg","width":273,"height":181},{"@type":"WebPage","@id":"https:\/\/franciscanos.org.br\/noticias\/cf-as-politicas-publicas-em-favor-dos-negros-sao-uma-conquista-de-todos.html#webpage","url":"https:\/\/franciscanos.org.br\/noticias\/cf-as-politicas-publicas-em-favor-dos-negros-sao-uma-conquista-de-todos.html","name":"CF: As Pol\u00edticas P\u00fablicas em favor dos negros s\u00e3o uma conquista de todos - Not\u00edcias - Franciscanos","isPartOf":{"@id":"https:\/\/franciscanos.org.br\/noticias\/#website"},"primaryImageOfPage":{"@id":"https:\/\/franciscanos.org.br\/noticias\/cf-as-politicas-publicas-em-favor-dos-negros-sao-uma-conquista-de-todos.html#primaryimage"},"datePublished":"2019-03-28T02:35:38+00:00","dateModified":"2019-04-22T17:34:19+00:00","author":{"@id":"https:\/\/franciscanos.org.br\/noticias\/#\/schema\/person\/c3a26b08313dd1772495ce300ab257cc"},"breadcrumb":{"@id":"https:\/\/franciscanos.org.br\/noticias\/cf-as-politicas-publicas-em-favor-dos-negros-sao-uma-conquista-de-todos.html#breadcrumb"},"inLanguage":"pt-BR","potentialAction":[{"@type":"ReadAction","target":["https:\/\/franciscanos.org.br\/noticias\/cf-as-politicas-publicas-em-favor-dos-negros-sao-uma-conquista-de-todos.html"]}]},{"@type":"BreadcrumbList","@id":"https:\/\/franciscanos.org.br\/noticias\/cf-as-politicas-publicas-em-favor-dos-negros-sao-uma-conquista-de-todos.html#breadcrumb","itemListElement":[{"@type":"ListItem","position":1,"name":"Home","item":"https:\/\/franciscanos.org.br\/noticias"},{"@type":"ListItem","position":2,"name":"CF: As Pol\u00edticas P\u00fablicas em favor dos negros s\u00e3o uma conquista de todos"}]},{"@type":"Person","@id":"https:\/\/franciscanos.org.br\/noticias\/#\/schema\/person\/c3a26b08313dd1772495ce300ab257cc","name":"jovenal","image":{"@type":"ImageObject","inLanguage":"pt-BR","@id":"https:\/\/franciscanos.org.br\/noticias\/#\/schema\/person\/image\/","url":"https:\/\/secure.gravatar.com\/avatar\/e94509f531086e2eaf97e72f29ea00f9?s=96&d=mm&r=g","contentUrl":"https:\/\/secure.gravatar.com\/avatar\/e94509f531086e2eaf97e72f29ea00f9?s=96&d=mm&r=g","caption":"jovenal"},"url":"https:\/\/franciscanos.org.br\/noticias\/author\/jovenal"}]}},"_links":{"self":[{"href":"https:\/\/franciscanos.org.br\/noticias\/wp-json\/wp\/v2\/posts\/201843"}],"collection":[{"href":"https:\/\/franciscanos.org.br\/noticias\/wp-json\/wp\/v2\/posts"}],"about":[{"href":"https:\/\/franciscanos.org.br\/noticias\/wp-json\/wp\/v2\/types\/post"}],"author":[{"embeddable":true,"href":"https:\/\/franciscanos.org.br\/noticias\/wp-json\/wp\/v2\/users\/7"}],"replies":[{"embeddable":true,"href":"https:\/\/franciscanos.org.br\/noticias\/wp-json\/wp\/v2\/comments?post=201843"}],"version-history":[{"count":0,"href":"https:\/\/franciscanos.org.br\/noticias\/wp-json\/wp\/v2\/posts\/201843\/revisions"}],"wp:featuredmedia":[{"embeddable":true,"href":"https:\/\/franciscanos.org.br\/noticias\/wp-json\/wp\/v2\/media\/201844"}],"wp:attachment":[{"href":"https:\/\/franciscanos.org.br\/noticias\/wp-json\/wp\/v2\/media?parent=201843"}],"wp:term":[{"taxonomy":"category","embeddable":true,"href":"https:\/\/franciscanos.org.br\/noticias\/wp-json\/wp\/v2\/categories?post=201843"},{"taxonomy":"post_tag","embeddable":true,"href":"https:\/\/franciscanos.org.br\/noticias\/wp-json\/wp\/v2\/tags?post=201843"}],"curies":[{"name":"wp","href":"https:\/\/api.w.org\/{rel}","templated":true}]}}