{"id":201831,"date":"2019-03-25T19:57:51","date_gmt":"2019-03-25T22:57:51","guid":{"rendered":"https:\/\/franciscanos.org.br\/noticias\/?p=201831"},"modified":"2019-06-24T18:22:24","modified_gmt":"2019-06-24T21:22:24","slug":"encontro-reune-frades-com-ate-10-anos-de-profissao-solene","status":"publish","type":"post","link":"https:\/\/franciscanos.org.br\/noticias\/encontro-reune-frades-com-ate-10-anos-de-profissao-solene.html","title":{"rendered":"Encontro re\u00fane frades com at\u00e9 10 anos de profiss\u00e3o solene"},"content":{"rendered":"<p><img loading=\"lazy\" class=\"aligncenter size-full wp-image-201832\" src=\"https:\/\/franciscanos.org.br\/noticias\/wp-content\/uploads\/2019\/03\/under_250319.jpg\" alt=\"\" width=\"890\" height=\"540\" srcset=\"https:\/\/franciscanos.org.br\/noticias\/wp-content\/uploads\/2019\/03\/under_250319.jpg 890w, https:\/\/franciscanos.org.br\/noticias\/wp-content\/uploads\/2019\/03\/under_250319-450x273.jpg 450w, https:\/\/franciscanos.org.br\/noticias\/wp-content\/uploads\/2019\/03\/under_250319-768x466.jpg 768w, https:\/\/franciscanos.org.br\/noticias\/wp-content\/uploads\/2019\/03\/under_250319-150x91.jpg 150w\" sizes=\"(max-width: 890px) 100vw, 890px\" \/><\/p>\n<p><strong>Moacir Beggo<\/strong><\/p>\n<p><strong>S\u00e3o Paulo (SP)<\/strong> &#8211; Com o tema &#8220;Frades em Di\u00e1logo&#8221;, come\u00e7ou nesta segunda-feira, ao meio-dia, o Pr\u00e9-Cap\u00edtulo das Esteiras dos Frades <em>Under Ten<\/em> da Prov\u00edncia da Imaculada Concei\u00e7\u00e3o, no hist\u00f3rico Convento S\u00e3o Francisco no Centro de S\u00e3o Paulo. Como explicou o Ministro Provincial, Frei C\u00e9sar K\u00fclkamp, este encontro visa \u00e0 Forma\u00e7\u00e3o Permanente dos frades que ainda n\u00e3o t\u00eam dez anos de profiss\u00e3o solene na Ordem dos Frades Menores. Com alegria, em nome da Prov\u00edncia, Frei C\u00e9sar acolheu os 29 participantes e agradeceu com carinho a presen\u00e7a do Moderador da Forma\u00e7\u00e3o Permanente na Prov\u00edncia, Frei Fid\u00eancio Vanb\u00f6emmel, que falou sobre o tema aos participantes, entre eles o Vig\u00e1rio Provincial, Frei Gustavo Medella, que tamb\u00e9m est\u00e1 nesta faixa de idade.<\/p>\n<p><img loading=\"lazy\" class=\" wp-image-201834 alignleft\" src=\"https:\/\/franciscanos.org.br\/noticias\/wp-content\/uploads\/2019\/03\/under_250319_6.jpg\" alt=\"\" width=\"330\" height=\"368\" srcset=\"https:\/\/franciscanos.org.br\/noticias\/wp-content\/uploads\/2019\/03\/under_250319_6.jpg 400w, https:\/\/franciscanos.org.br\/noticias\/wp-content\/uploads\/2019\/03\/under_250319_6-150x167.jpg 150w\" sizes=\"(max-width: 330px) 100vw, 330px\" \/>Segundo Frei C\u00e9sar, a Ordem Franciscana olha com muito carinho esta faixa de idade dos frades, por consider\u00e1-la mais vulner\u00e1vel aos abandonos e crises vocacionais. &#8220;Tendo em vista isso, a Ordem passou a orientar a todas as entidades &#8211; prov\u00edncias, cust\u00f3dias e funda\u00e7\u00f5es &#8211; que procurassem dar uma aten\u00e7\u00e3o maior, a partir da Forma\u00e7\u00e3o Permanente, a esta etapa&#8221;, disse o Ministro Provincial, explicando que este Pr\u00e9-Cap\u00edtulo est\u00e1 acontecendo em todas as entidades antes do Cap\u00edtulo das Esteiras, que ser\u00e1 realizado em Taiz\u00e9, de 7 a 14 de julho. As experi\u00eancias desses dois eventos ser\u00e3o partilhadas no P\u00f3s-Cap\u00edtulo, sem local definido ainda.<\/p>\n<p>Da Prov\u00edncia da Imaculada foram indicados como representantes neste Cap\u00edtulo, Frei Rodrigo da Silva Santos e Frei Douglas Paulo Machado, sendo o representante da Funda\u00e7\u00e3o Imaculada M\u00e3e de Deus de Angola, Frei Alisson Zanetti. No total, 16 frades do Brasil estar\u00e3o no evento.<\/p>\n<p>Segundo Frei C\u00e9sar, levantamentos sucessivos da Ordem apontaram a um distanciamento de Deus e depois at\u00e9 a uma dificuldade em lidar com o outro. &#8220;Achei interessante a Carta do Ministro Geral falando dessa disposi\u00e7\u00e3o importante para o di\u00e1logo, que \u00e9 ter um profundo sentido de Deus e ao mesmo tempo ter um servi\u00e7o ao outro. Ent\u00e3o, \u00e9 importante resgatar essa dupla dimens\u00e3o para o di\u00e1logo com o diferente, \u00a0conosco mesmo e tamb\u00e9m com os irm\u00e3os nas pr\u00f3prias fraternidades. Importante ter essa abertura para o di\u00e1logo, que sup\u00f5e esse profundo sentido de Deus e esse compromisso em servir o outro antes que a si mesmo&#8221;, recomendou.<\/p>\n<p>&#8220;\u00c9 importante a gente partilhar isso e somar na vida dessas fraternidades, na vida da pr\u00f3pria Prov\u00edncia. \u00c9 importante ter uma vis\u00e3o para al\u00e9m de n\u00f3s mesmos, sentir parte de uma coisa grande, de uma Igreja, de uma Ordem, de uma Prov\u00edncia. \u00c9 um tempo de conviv\u00eancia, partilha e viv\u00eancias dos ideais, e tamb\u00e9m de ser desafiado ou reencantado na vida de cada um de n\u00f3s&#8221;, acrescentou Frei C\u00e9sar.<\/p>\n<p><img loading=\"lazy\" class=\"aligncenter size-full wp-image-201835\" src=\"https:\/\/franciscanos.org.br\/noticias\/wp-content\/uploads\/2019\/03\/under_250319_3.jpg\" alt=\"\" width=\"890\" height=\"556\" srcset=\"https:\/\/franciscanos.org.br\/noticias\/wp-content\/uploads\/2019\/03\/under_250319_3.jpg 890w, https:\/\/franciscanos.org.br\/noticias\/wp-content\/uploads\/2019\/03\/under_250319_3-450x281.jpg 450w, https:\/\/franciscanos.org.br\/noticias\/wp-content\/uploads\/2019\/03\/under_250319_3-768x480.jpg 768w, https:\/\/franciscanos.org.br\/noticias\/wp-content\/uploads\/2019\/03\/under_250319_3-150x94.jpg 150w\" sizes=\"(max-width: 890px) 100vw, 890px\" \/><\/p>\n<p>Segundo o Ministro Geral, Frei Michael Perry, Taiz\u00e9 \u00e9 um lugar ideal para este encontro, pois h\u00e1 d\u00e9cadas vive e encarna o di\u00e1logo ecum\u00eanico e a reconcilia\u00e7\u00e3o entre os povos. &#8220;Esta jornada representa um &#8216;tempo de gra\u00e7a&#8217; caracterizado pela escuta m\u00fatua entre os frades <em>Under Ten<\/em>, provenientes de diversas entidades da Ordem, da partilha da vida com a comunidade do lugar, do encontro com os milhares de jovens que estar\u00e3o presentes&#8221;, escreveu em carta a todos os jovens frades.<\/p>\n<p><img loading=\"lazy\" class=\"alignright size-full wp-image-201836\" src=\"https:\/\/franciscanos.org.br\/noticias\/wp-content\/uploads\/2019\/03\/under_250319_2.jpg\" alt=\"\" width=\"400\" height=\"359\" srcset=\"https:\/\/franciscanos.org.br\/noticias\/wp-content\/uploads\/2019\/03\/under_250319_2.jpg 400w, https:\/\/franciscanos.org.br\/noticias\/wp-content\/uploads\/2019\/03\/under_250319_2-150x135.jpg 150w\" sizes=\"(max-width: 400px) 100vw, 400px\" \/>&#8220;A necessidade de sermos tecel\u00f5es de di\u00e1logo, construtores de pontes, artes\u00e3os da paz, hoje, mais do que nunca, desafia cada um de n\u00f3s e a vida de nossas fraternidades&#8221;, emendou o Ministro Geral.<\/p>\n<p>Na sua fala, Frei Fid\u00eancio iniciou contextualizando esse encontro de Francisco com o sult\u00e3o dentro de uma proposta que <em>Poverello<\/em> d\u00e1 \u00e0 primitiva Fraternidade, quando separa dois a dois e os envia para todas as partes do mundo, anunciando\u00a0 aos homens a paz e a penit\u00eancia para a remiss\u00e3o dos pecados. Segundo Frei Fid\u00eancio, no envio mission\u00e1rio dos primeiros frades, a palavra-chave \u00e9 exatamente o an\u00fancio da paz.<\/p>\n<p>A partir das Fontes Franciscanas, citou o testemunho do bispo de Acre, Jacques de Vitry, sobre o encontro de Francisco com o sult\u00e3o Al-Malik Al Kamil, desde a chegada a Damieta, no Egito, at\u00e9 a partida. Francisco permaneceu at\u00e9 novembro de 1219 no acampamento, quando Damieta foi tomada.<\/p>\n<p>Essa cultura do di\u00e1logo e da paz \u00e9 vista, segundo as Fontes Franciscanas, na <em>Carta dos Governantes dos Povos<\/em> e na <em>Carta aos Cust\u00f3dios<\/em>, escritos ap\u00f3s a volta de Francisco do Egito, contendo sinais claros do costume isl\u00e2mico.<\/p>\n<p><iframe loading=\"lazy\" src=\"https:\/\/www.youtube.com\/embed\/H6_em5rpM8I\" width=\"100%\" height=\"480\" frameborder=\"0\" allowfullscreen=\"allowfullscreen\"><span data-mce-type=\"bookmark\" style=\"display: inline-block; width: 0px; overflow: hidden; line-height: 0;\" class=\"mce_SELRES_start\">\ufeff<\/span><\/iframe><\/p>\n<p>&#8220;N\u00f3s, como Ordem Franciscana, celebramos os 800 anos do encontro de Francisco com o sult\u00e3o. Ao olharmos um pouco dentro do contexto das Cruzadas, em meio a tanta guerra, a tanta viol\u00eancia, vemos um pouco o universo em que n\u00f3s vivemos hoje, onde somos protagonistas tamb\u00e9m desse mundo de tantas divis\u00f5es, tens\u00f5es, guerras, porque n\u00f3s tamb\u00e9m somos homens do di\u00e1logo. Como franciscanos, como religiosos, como sacerdotes, na nossa miss\u00e3o evangelizadora ou nas diferentes frentes de evangeliza\u00e7\u00e3o, precisamos ter essa consci\u00eancia de que o di\u00e1logo \u00e9 poss\u00edvel&#8221;, disse o ex-Ministro Provincial.<\/p>\n<p>O ex-Ministro Provincial lembrou o 1\u00ba Encontro de Jo\u00e3o Paulo II, em Assis, onde promoveu um encontro inter-religioso pela paz. Desde ent\u00e3o, esse encontro se repetiu com o Papa Bento XVI e com o Papa Francisco em 2016. Neste ano, para celebrar os 800 anos do encontro com o sult\u00e3o, o Francisco de Roma vai aos Emirados \u00c1rabes para uma visita hist\u00f3rica. \u201cSomos irm\u00e3os mesmo sendo diferentes\u201d, afirmou o Papa, saudando em \u00e1rabe a popula\u00e7\u00e3o do pa\u00eds: \u201cAl Salamu Alaikum, a paz esteja convosco\u201d.<\/p>\n<div id=\"attachment_201837\" style=\"width: 900px\" class=\"wp-caption alignnone\"><img aria-describedby=\"caption-attachment-201837\" loading=\"lazy\" class=\"wp-image-201837 size-full\" src=\"https:\/\/franciscanos.org.br\/noticias\/wp-content\/uploads\/2019\/03\/under_250319_5.jpg\" alt=\"\" width=\"890\" height=\"524\" srcset=\"https:\/\/franciscanos.org.br\/noticias\/wp-content\/uploads\/2019\/03\/under_250319_5.jpg 890w, https:\/\/franciscanos.org.br\/noticias\/wp-content\/uploads\/2019\/03\/under_250319_5-450x265.jpg 450w, https:\/\/franciscanos.org.br\/noticias\/wp-content\/uploads\/2019\/03\/under_250319_5-768x452.jpg 768w, https:\/\/franciscanos.org.br\/noticias\/wp-content\/uploads\/2019\/03\/under_250319_5-150x88.jpg 150w\" sizes=\"(max-width: 890px) 100vw, 890px\" \/><p id=\"caption-attachment-201837\" class=\"wp-caption-text\"><em>Da esq. para dir: Frei Rodrigo, Frei Douglas, Frei Alisson e Frei C\u00e9sar <\/em><\/p><\/div>\n<p>Um momento hist\u00f3rico foi com o Xeque Mohammed bin Zayed bin Sultan Al Nahyan, que fez o convite para a participar \u201cdo encontro inter-religioso sobre o tema \u2018Fraternidade humana\u2019\u201d. A viagem teve como lema uma frase extra\u00edda da ora\u00e7\u00e3o atribu\u00edda a S\u00e3o Francisco de Assis: \u201cSenhor, faz de mim um instrumento da sua paz\u201d.<\/p>\n<p>No final da tarde, os participantes trabalharam em grupos o di\u00e1logo em tr\u00eas n\u00edveis: em sua experi\u00eancia pessoal, no contexto s\u00f3cio-pol\u00edtico-econ\u00f4mico-religioso do lugar onde voc\u00ea vive, o di\u00e1logo entre sua fraternidade e o mundo. O dia terminou com a Missa da Solenidade da Anuncia\u00e7\u00e3o e um recreio festivo para o aniversariante do dia, Frei Fid\u00eancio Vanb\u00f6emmel.<\/p>\n<p>A ter\u00e7a-feira come\u00e7a \u00a0com a Celebra\u00e7\u00e3o Eucar\u00edstica, \u00e0s 7h30, e, na sequ\u00eancia, apresenta\u00e7\u00e3o dos grupos em plen\u00e1rio e elabora\u00e7\u00e3o coletiva dos pontos a serem levados pelos delegados ao Cap\u00edtulo das Esteiras. O Encontro termina com sugest\u00f5es e planejamento tendo em vista o P\u00f3s-Cap\u00edtulo, previsto para ser feito em forma de retiro, entre 23 e 26 de setembro.<\/p>\n<p>&nbsp;<\/p>\n<p><img loading=\"lazy\" class=\"aligncenter size-full wp-image-201850\" src=\"https:\/\/franciscanos.org.br\/noticias\/wp-content\/uploads\/2019\/03\/encontro_2603.jpg\" alt=\"\" width=\"890\" height=\"593\" srcset=\"https:\/\/franciscanos.org.br\/noticias\/wp-content\/uploads\/2019\/03\/encontro_2603.jpg 890w, https:\/\/franciscanos.org.br\/noticias\/wp-content\/uploads\/2019\/03\/encontro_2603-450x300.jpg 450w, https:\/\/franciscanos.org.br\/noticias\/wp-content\/uploads\/2019\/03\/encontro_2603-768x512.jpg 768w, https:\/\/franciscanos.org.br\/noticias\/wp-content\/uploads\/2019\/03\/encontro_2603-150x100.jpg 150w\" sizes=\"(max-width: 890px) 100vw, 890px\" \/><\/p>\n","protected":false},"excerpt":{"rendered":"<p>Pr\u00e9-Cap\u00edtulo das Esteiras dos Frades Under Ten<\/p>\n","protected":false},"author":3,"featured_media":201833,"comment_status":"open","ping_status":"open","sticky":false,"template":"","format":"standard","meta":[],"categories":[1],"tags":[128,1422],"acf":[],"yoast_head":"<!-- This site is optimized with the Yoast SEO plugin v19.2 - https:\/\/yoast.com\/wordpress\/plugins\/seo\/ -->\n<title>Encontro re\u00fane frades com at\u00e9 10 anos de profiss\u00e3o solene - Not\u00edcias - Franciscanos<\/title>\n<meta name=\"robots\" content=\"index, follow, max-snippet:-1, max-image-preview:large, max-video-preview:-1\" \/>\n<link rel=\"canonical\" href=\"https:\/\/franciscanos.org.br\/noticias\/encontro-reune-frades-com-ate-10-anos-de-profissao-solene.html\" \/>\n<meta property=\"og:locale\" content=\"pt_BR\" \/>\n<meta property=\"og:type\" content=\"article\" \/>\n<meta property=\"og:title\" content=\"Encontro re\u00fane frades com at\u00e9 10 anos de profiss\u00e3o solene - Not\u00edcias - Franciscanos\" \/>\n<meta property=\"og:description\" content=\"Pr\u00e9-Cap\u00edtulo das Esteiras dos Frades Under Ten\" \/>\n<meta property=\"og:url\" content=\"https:\/\/franciscanos.org.br\/noticias\/encontro-reune-frades-com-ate-10-anos-de-profissao-solene.html\" \/>\n<meta property=\"og:site_name\" content=\"Not\u00edcias - Franciscanos\" \/>\n<meta property=\"article:published_time\" content=\"2019-03-25T22:57:51+00:00\" \/>\n<meta property=\"article:modified_time\" content=\"2019-06-24T21:22:24+00:00\" \/>\n<meta property=\"og:image\" content=\"https:\/\/franciscanos.org.br\/noticias\/wp-content\/uploads\/2019\/03\/under_250319d.jpg\" \/>\n\t<meta property=\"og:image:width\" content=\"273\" \/>\n\t<meta property=\"og:image:height\" content=\"181\" \/>\n\t<meta property=\"og:image:type\" content=\"image\/jpeg\" \/>\n<meta name=\"author\" content=\"moacir\" \/>\n<meta name=\"twitter:card\" content=\"summary_large_image\" \/>\n<meta name=\"twitter:label1\" content=\"Escrito por\" \/>\n\t<meta name=\"twitter:data1\" content=\"moacir\" \/>\n\t<meta name=\"twitter:label2\" content=\"Est. tempo de leitura\" \/>\n\t<meta name=\"twitter:data2\" content=\"6 minutos\" \/>\n<script type=\"application\/ld+json\" class=\"yoast-schema-graph\">{\"@context\":\"https:\/\/schema.org\",\"@graph\":[{\"@type\":\"WebSite\",\"@id\":\"https:\/\/franciscanos.org.br\/noticias\/#website\",\"url\":\"https:\/\/franciscanos.org.br\/noticias\/\",\"name\":\"Not\u00edcias - Franciscanos\",\"description\":\"Prov\u00edncia Franciscana da Imaculada Concei\u00e7\u00e3o do Brasil - Ordem dos Frades Menores - OFM\",\"potentialAction\":[{\"@type\":\"SearchAction\",\"target\":{\"@type\":\"EntryPoint\",\"urlTemplate\":\"https:\/\/franciscanos.org.br\/noticias\/?s={search_term_string}\"},\"query-input\":\"required name=search_term_string\"}],\"inLanguage\":\"pt-BR\"},{\"@type\":\"ImageObject\",\"inLanguage\":\"pt-BR\",\"@id\":\"https:\/\/franciscanos.org.br\/noticias\/encontro-reune-frades-com-ate-10-anos-de-profissao-solene.html#primaryimage\",\"url\":\"https:\/\/franciscanos.org.br\/noticias\/wp-content\/uploads\/2019\/03\/under_250319d.jpg\",\"contentUrl\":\"https:\/\/franciscanos.org.br\/noticias\/wp-content\/uploads\/2019\/03\/under_250319d.jpg\",\"width\":273,\"height\":181},{\"@type\":\"WebPage\",\"@id\":\"https:\/\/franciscanos.org.br\/noticias\/encontro-reune-frades-com-ate-10-anos-de-profissao-solene.html#webpage\",\"url\":\"https:\/\/franciscanos.org.br\/noticias\/encontro-reune-frades-com-ate-10-anos-de-profissao-solene.html\",\"name\":\"Encontro re\u00fane frades com at\u00e9 10 anos de profiss\u00e3o solene - Not\u00edcias - Franciscanos\",\"isPartOf\":{\"@id\":\"https:\/\/franciscanos.org.br\/noticias\/#website\"},\"primaryImageOfPage\":{\"@id\":\"https:\/\/franciscanos.org.br\/noticias\/encontro-reune-frades-com-ate-10-anos-de-profissao-solene.html#primaryimage\"},\"datePublished\":\"2019-03-25T22:57:51+00:00\",\"dateModified\":\"2019-06-24T21:22:24+00:00\",\"author\":{\"@id\":\"https:\/\/franciscanos.org.br\/noticias\/#\/schema\/person\/b5c8cba458c330ccff548b056e95a5d4\"},\"breadcrumb\":{\"@id\":\"https:\/\/franciscanos.org.br\/noticias\/encontro-reune-frades-com-ate-10-anos-de-profissao-solene.html#breadcrumb\"},\"inLanguage\":\"pt-BR\",\"potentialAction\":[{\"@type\":\"ReadAction\",\"target\":[\"https:\/\/franciscanos.org.br\/noticias\/encontro-reune-frades-com-ate-10-anos-de-profissao-solene.html\"]}]},{\"@type\":\"BreadcrumbList\",\"@id\":\"https:\/\/franciscanos.org.br\/noticias\/encontro-reune-frades-com-ate-10-anos-de-profissao-solene.html#breadcrumb\",\"itemListElement\":[{\"@type\":\"ListItem\",\"position\":1,\"name\":\"Home\",\"item\":\"https:\/\/franciscanos.org.br\/noticias\"},{\"@type\":\"ListItem\",\"position\":2,\"name\":\"Encontro re\u00fane frades com at\u00e9 10 anos de profiss\u00e3o solene\"}]},{\"@type\":\"Person\",\"@id\":\"https:\/\/franciscanos.org.br\/noticias\/#\/schema\/person\/b5c8cba458c330ccff548b056e95a5d4\",\"name\":\"moacir\",\"image\":{\"@type\":\"ImageObject\",\"inLanguage\":\"pt-BR\",\"@id\":\"https:\/\/franciscanos.org.br\/noticias\/#\/schema\/person\/image\/\",\"url\":\"https:\/\/secure.gravatar.com\/avatar\/d08aa2ce4c8dd416d4479aa8536fcf64?s=96&d=mm&r=g\",\"contentUrl\":\"https:\/\/secure.gravatar.com\/avatar\/d08aa2ce4c8dd416d4479aa8536fcf64?s=96&d=mm&r=g\",\"caption\":\"moacir\"},\"url\":\"https:\/\/franciscanos.org.br\/noticias\/author\/moacir\"}]}<\/script>\n<!-- \/ Yoast SEO plugin. -->","yoast_head_json":{"title":"Encontro re\u00fane frades com at\u00e9 10 anos de profiss\u00e3o solene - Not\u00edcias - Franciscanos","robots":{"index":"index","follow":"follow","max-snippet":"max-snippet:-1","max-image-preview":"max-image-preview:large","max-video-preview":"max-video-preview:-1"},"canonical":"https:\/\/franciscanos.org.br\/noticias\/encontro-reune-frades-com-ate-10-anos-de-profissao-solene.html","og_locale":"pt_BR","og_type":"article","og_title":"Encontro re\u00fane frades com at\u00e9 10 anos de profiss\u00e3o solene - Not\u00edcias - Franciscanos","og_description":"Pr\u00e9-Cap\u00edtulo das Esteiras dos Frades Under Ten","og_url":"https:\/\/franciscanos.org.br\/noticias\/encontro-reune-frades-com-ate-10-anos-de-profissao-solene.html","og_site_name":"Not\u00edcias - Franciscanos","article_published_time":"2019-03-25T22:57:51+00:00","article_modified_time":"2019-06-24T21:22:24+00:00","og_image":[{"width":273,"height":181,"url":"https:\/\/franciscanos.org.br\/noticias\/wp-content\/uploads\/2019\/03\/under_250319d.jpg","type":"image\/jpeg"}],"author":"moacir","twitter_card":"summary_large_image","twitter_misc":{"Escrito por":"moacir","Est. tempo de leitura":"6 minutos"},"schema":{"@context":"https:\/\/schema.org","@graph":[{"@type":"WebSite","@id":"https:\/\/franciscanos.org.br\/noticias\/#website","url":"https:\/\/franciscanos.org.br\/noticias\/","name":"Not\u00edcias - Franciscanos","description":"Prov\u00edncia Franciscana da Imaculada Concei\u00e7\u00e3o do Brasil - Ordem dos Frades Menores - OFM","potentialAction":[{"@type":"SearchAction","target":{"@type":"EntryPoint","urlTemplate":"https:\/\/franciscanos.org.br\/noticias\/?s={search_term_string}"},"query-input":"required name=search_term_string"}],"inLanguage":"pt-BR"},{"@type":"ImageObject","inLanguage":"pt-BR","@id":"https:\/\/franciscanos.org.br\/noticias\/encontro-reune-frades-com-ate-10-anos-de-profissao-solene.html#primaryimage","url":"https:\/\/franciscanos.org.br\/noticias\/wp-content\/uploads\/2019\/03\/under_250319d.jpg","contentUrl":"https:\/\/franciscanos.org.br\/noticias\/wp-content\/uploads\/2019\/03\/under_250319d.jpg","width":273,"height":181},{"@type":"WebPage","@id":"https:\/\/franciscanos.org.br\/noticias\/encontro-reune-frades-com-ate-10-anos-de-profissao-solene.html#webpage","url":"https:\/\/franciscanos.org.br\/noticias\/encontro-reune-frades-com-ate-10-anos-de-profissao-solene.html","name":"Encontro re\u00fane frades com at\u00e9 10 anos de profiss\u00e3o solene - Not\u00edcias - Franciscanos","isPartOf":{"@id":"https:\/\/franciscanos.org.br\/noticias\/#website"},"primaryImageOfPage":{"@id":"https:\/\/franciscanos.org.br\/noticias\/encontro-reune-frades-com-ate-10-anos-de-profissao-solene.html#primaryimage"},"datePublished":"2019-03-25T22:57:51+00:00","dateModified":"2019-06-24T21:22:24+00:00","author":{"@id":"https:\/\/franciscanos.org.br\/noticias\/#\/schema\/person\/b5c8cba458c330ccff548b056e95a5d4"},"breadcrumb":{"@id":"https:\/\/franciscanos.org.br\/noticias\/encontro-reune-frades-com-ate-10-anos-de-profissao-solene.html#breadcrumb"},"inLanguage":"pt-BR","potentialAction":[{"@type":"ReadAction","target":["https:\/\/franciscanos.org.br\/noticias\/encontro-reune-frades-com-ate-10-anos-de-profissao-solene.html"]}]},{"@type":"BreadcrumbList","@id":"https:\/\/franciscanos.org.br\/noticias\/encontro-reune-frades-com-ate-10-anos-de-profissao-solene.html#breadcrumb","itemListElement":[{"@type":"ListItem","position":1,"name":"Home","item":"https:\/\/franciscanos.org.br\/noticias"},{"@type":"ListItem","position":2,"name":"Encontro re\u00fane frades com at\u00e9 10 anos de profiss\u00e3o solene"}]},{"@type":"Person","@id":"https:\/\/franciscanos.org.br\/noticias\/#\/schema\/person\/b5c8cba458c330ccff548b056e95a5d4","name":"moacir","image":{"@type":"ImageObject","inLanguage":"pt-BR","@id":"https:\/\/franciscanos.org.br\/noticias\/#\/schema\/person\/image\/","url":"https:\/\/secure.gravatar.com\/avatar\/d08aa2ce4c8dd416d4479aa8536fcf64?s=96&d=mm&r=g","contentUrl":"https:\/\/secure.gravatar.com\/avatar\/d08aa2ce4c8dd416d4479aa8536fcf64?s=96&d=mm&r=g","caption":"moacir"},"url":"https:\/\/franciscanos.org.br\/noticias\/author\/moacir"}]}},"_links":{"self":[{"href":"https:\/\/franciscanos.org.br\/noticias\/wp-json\/wp\/v2\/posts\/201831"}],"collection":[{"href":"https:\/\/franciscanos.org.br\/noticias\/wp-json\/wp\/v2\/posts"}],"about":[{"href":"https:\/\/franciscanos.org.br\/noticias\/wp-json\/wp\/v2\/types\/post"}],"author":[{"embeddable":true,"href":"https:\/\/franciscanos.org.br\/noticias\/wp-json\/wp\/v2\/users\/3"}],"replies":[{"embeddable":true,"href":"https:\/\/franciscanos.org.br\/noticias\/wp-json\/wp\/v2\/comments?post=201831"}],"version-history":[{"count":0,"href":"https:\/\/franciscanos.org.br\/noticias\/wp-json\/wp\/v2\/posts\/201831\/revisions"}],"wp:featuredmedia":[{"embeddable":true,"href":"https:\/\/franciscanos.org.br\/noticias\/wp-json\/wp\/v2\/media\/201833"}],"wp:attachment":[{"href":"https:\/\/franciscanos.org.br\/noticias\/wp-json\/wp\/v2\/media?parent=201831"}],"wp:term":[{"taxonomy":"category","embeddable":true,"href":"https:\/\/franciscanos.org.br\/noticias\/wp-json\/wp\/v2\/categories?post=201831"},{"taxonomy":"post_tag","embeddable":true,"href":"https:\/\/franciscanos.org.br\/noticias\/wp-json\/wp\/v2\/tags?post=201831"}],"curies":[{"name":"wp","href":"https:\/\/api.w.org\/{rel}","templated":true}]}}